{"id":1051408,"date":"2026-01-18T11:33:56","date_gmt":"2026-01-18T08:33:56","guid":{"rendered":"https:\/\/darkamazi.info\/?p=1051408"},"modified":"2026-01-18T11:33:56","modified_gmt":"2026-01-18T08:33:56","slug":"ocalan-tiste-ku-li-suriyeye-diqewime-bizavek-e-ji-bo-tekdana-pevajoya-astiye","status":"publish","type":"post","link":"https:\/\/darkamazi.info\/archives\/1051408","title":{"rendered":"Ocalan: Ti\u015ft\u00ea ku li S\u00fbriyey\u00ea diqewime bizavek e ji bo t\u00eakdana p\u00eavajoya a\u015ftiy\u00ea"},"content":{"rendered":"<h3 style=\"text-align: justify\"><span style=\"font-family: 'arial black', sans-serif\">\u015eanda Dem Partiy\u00ea ya \u00cemraliy\u00ea naveroka civ\u00eena xwe ya bi Abdullah Ocalan re belav kir \u00fb ragihand ku, wan duh\u00ee (\u015fem\u00ee, 17.01.2026) serdana \u00cemraliy\u00ea kiriye \u00fb bi Abdullah Ocalan re civ\u00eenek kiriye ku n\u00eaz\u00eek\u00ee du saet \u00fb n\u00eevan dom kiriye.<\/span><\/h3>\n<h3 style=\"text-align: justify\">Di \u00e7ar\u00e7oveya w\u00ea hevd\u00eetin\u00ea de, Ocalan pabendb\u00fbna xwe ya bi p\u00eavajoya a\u015ftiy\u00ea \u00fb civaka demokrat\u00eek \u00fb berdewamb\u00fbna li ser bangewaziya 27\u00ea Sibat\u00ea tekez kir. Di v\u00ea \u00e7ar\u00e7ovey\u00ea de j\u00ee, careke din tekez li ser gir\u00eengiya av\u00eatina p\u00eangav\u00ean p\u00eadiv\u00ee ji bo p\u00ea\u015fxistina w\u00ea p\u00eavajoy\u00ea kir.<\/h3>\n<h3 style=\"text-align: justify\">Di w\u00ea ragihandin\u00ea de hatiye gotin ku, mijara sereke ya w\u00ea civ\u00een\u00ea gir\u00eaday\u00ee p\u00ea\u015fhat\u00ean S\u00fbriyey\u00ea b\u00fb. Ocalan got ku, ew ji ber wan p\u00ea\u015fhatan \u00fb z\u00eadeb\u00fbna aloziyan pir n\u00eegeran e \u00fb wan wek\u00ee bizavek\u00ea ji bo t\u00eakdana p\u00eavajoya a\u015ftiy\u00ea \u00fb civaka demokrat\u00eek dib\u00eene. Ocalan tekez j\u00ee kir ku, hem\u00ee pirsgir\u00eak li S\u00fbriyey\u00ea ten\u00ea bi diyalog, dan\u00fbstandin \u00fb aqilmendiy\u00ea dikarin b\u00ean \u00e7areserkirin \u00fb div\u00ea b\u00ean \u00e7areserkirin j\u00ee.<\/h3>\n<h3 style=\"text-align: justify\">Ocalan herwesa ragihand ku, ew amade ye ku berpirsiyariya xwe ya \u00e7areserkirina v\u00ea pirs\u00ea bi diyalog\u00ea \u00fb d\u00fbrketina ji pev\u00e7\u00fbn\u00ea bi c\u00eeh b\u00eene. Banga xwe j\u00ee tekez kir ku, hem\u00ee al\u00ee rola xwe ya er\u00ean\u00ee bil\u00eezin \u00fb di v\u00ea mijar\u00ea de bi berpirsiyar\u00ee \u00fb bi co\u015f tevbigerin.<\/h3>\n<h3 style=\"text-align: justify\">Ev j\u00ee di demeke\u00ea de ye ku Fermandar\u00ea Gi\u015ft\u00ee y\u00ea H\u00eaz\u00ean S\u00fbriyeya Demokrat\u00eek (HSD) Mezl\u00fbm Ebd\u00ee p\u00ear (\u00cen, 16.01.2026) li ser hesab\u00ea xwe y\u00ea tora civak\u00ee ya X\u00ea niv\u00ees\u00eeb\u00fb: Me biryareka yekal\u00eeker li ser rew\u015fa meydan\u00ee ya rojhilat\u00ea Heleb\u00ea da \u00fb em d\u00ea h\u00eaz\u00ean xwe ber bi Rojhilat\u00ea Firat\u00ea ve veki\u015f\u00eenin.<\/h3>\n<h3 style=\"text-align: justify\">Fermandar\u00ea Gi\u015ft\u00ee y\u00ea HSD\u00ea herwesa gotib\u00fb: Li ser daxwaza welat\u00ean dost \u00fb navbeynkar, herwesa ji bo n\u00ee\u015fandana niyeta ba\u015f a li hember bic\u00eehan\u00eena bend\u00ean peymana 10\u00ea Adar\u00ea, me biryar da ku em h\u00eaz\u00ean xwe veki\u015f\u00eenin.<\/h3>\n<h3 style=\"text-align: justify\">Di v\u00ea navber\u00ea de, p\u00eavajoya veki\u015f\u00een\u00ea ya h\u00eaz\u00ean wan duh\u00ee (\u015eem\u00ee, 17.01.2026) saet 7:00 \u00ea ser\u00ea sibeh\u00ea hat destp\u00eakirin.<\/h3>\n<h3 style=\"text-align: justify\">Navenda Ragihandin\u00ea ya H\u00eaz\u00ean S\u00fbriyeya Demokrat\u00eek (HSD) her duh\u00ee di ragihandinek\u00ea de e\u015fkere kir ku, li devera Debs\u00ee Efnan\u00ea \u015fer \u00e7\u00ea b\u00fbye. HSD\u00ea herwesa got: Ev \u00ear\u00ee\u015feka zordarane b\u00fb ji ber ku li gor\u00ee peyman\u00ea agirbest heb\u00fb \u00fb dest\u00fbra 48 saetan ji bo veki\u015f\u00eena h\u00eaz\u00ean me ji D\u00ear Hafir \u00fb Meskeney\u00ea heb\u00fb.<\/h3>\n<h3 style=\"text-align: justify\">Li gor\u00ee w\u00ea daxuyaniy\u00ea, ber\u00ee ku dema w\u00ea veki\u015f\u00een\u00ea biqede, Hik\u00fbmeta \u015eam\u00ea karwan\u00ean le\u015fker\u00ee \u00fb tank birine w\u00ea dever\u00ea \u00fb \u00ear\u00ee\u015f kiriye ser h\u00eaz\u00ean wan.<\/h3>\n<h3 style=\"text-align: justify\">HSD aliy\u00ean navnetewey\u00ee y\u00ean ku \u00e7avd\u00eariya w\u00ea peyman\u00ea kiriye wek\u00ee berpirsyar\u00ean rijandina w\u00ea xw\u00een\u00ea dib\u00eene, herwesa banga destt\u00eawerdana bilez ji bo rawestandina \u00ear\u00ee\u015f\u00ean \u015eam\u00ea dike, ber\u00ee ku rew\u015f ji kontrol\u00ea derkeve.<\/h3>\n","protected":false},"excerpt":{"rendered":"<p>\u015eanda Dem Partiy\u00ea ya \u00cemraliy\u00ea naveroka civ\u00eena xwe ya bi Abdullah Ocalan re belav kir \u00fb ragihand ku, wan duh\u00ee (\u015fem\u00ee, 17.01.2026) serdana \u00cemraliy\u00ea kiriye \u00fb bi Abdullah Ocalan re civ\u00eenek kiriye ku n\u00eaz\u00eek\u00ee du saet \u00fb n\u00eevan dom kiriye. Di \u00e7ar\u00e7oveya w\u00ea hevd\u00eetin\u00ea de, Ocalan pabendb\u00fbna xwe ya bi p\u00eavajoya a\u015ftiy\u00ea \u00fb civaka demokrat\u00eek [&hellip;]<\/p>\n","protected":false},"author":2,"featured_media":1051409,"comment_status":"closed","ping_status":"closed","sticky":false,"template":"","format":"standard","meta":{"footnotes":""},"categories":[29],"tags":[37],"class_list":["post-1051408","post","type-post","status-publish","format-standard","has-post-thumbnail","hentry","category-kurdistan","tag-sereke"],"blocksy_meta":[],"seo_head":"<!-- This site is optimized with the Yoast SEO plugin v27.5 - https:\/\/yoast.com\/product\/yoast-seo-wordpress\/ -->\n<title>Ocalan: Ti\u015ft\u00ea ku li S\u00fbriyey\u00ea diqewime bizavek e ji bo t\u00eakdana p\u00eavajoya a\u015ftiy\u00ea - Darka Maz\u00ee<\/title>\n<meta name=\"robots\" content=\"index, follow, max-snippet:-1, max-image-preview:large, max-video-preview:-1\" \/>\n<link rel=\"canonical\" href=\"https:\/\/darkamazi.info\/archives\/1051408\" \/>\n<meta property=\"og:locale\" content=\"en_US\" \/>\n<meta property=\"og:type\" content=\"article\" \/>\n<meta property=\"og:title\" content=\"Ocalan: Ti\u015ft\u00ea ku li S\u00fbriyey\u00ea diqewime bizavek e ji bo t\u00eakdana p\u00eavajoya a\u015ftiy\u00ea - Darka Maz\u00ee\" \/>\n<meta property=\"og:description\" content=\"\u015eanda Dem Partiy\u00ea ya \u00cemraliy\u00ea naveroka civ\u00eena xwe ya bi Abdullah Ocalan re belav kir \u00fb ragihand ku, wan duh\u00ee (\u015fem\u00ee, 17.01.2026) serdana \u00cemraliy\u00ea kiriye \u00fb bi Abdullah Ocalan re civ\u00eenek kiriye ku n\u00eaz\u00eek\u00ee du saet \u00fb n\u00eevan dom kiriye. Di \u00e7ar\u00e7oveya w\u00ea hevd\u00eetin\u00ea de, Ocalan pabendb\u00fbna xwe ya bi p\u00eavajoya a\u015ftiy\u00ea \u00fb civaka demokrat\u00eek [&hellip;]\" \/>\n<meta property=\"og:url\" content=\"https:\/\/darkamazi.info\/archives\/1051408\" \/>\n<meta property=\"og:site_name\" content=\"Darka Maz\u00ee\" \/>\n<meta property=\"article:publisher\" content=\"https:\/\/www.facebook.com\/DarMaziKurmanci\" \/>\n<meta property=\"article:published_time\" content=\"2026-01-18T08:33:56+00:00\" \/>\n<meta property=\"og:image\" content=\"https:\/\/darkamazi.info\/file\/2026\/01\/ocalan.jpg\" \/>\n\t<meta property=\"og:image:width\" content=\"1562\" \/>\n\t<meta property=\"og:image:height\" content=\"878\" \/>\n\t<meta property=\"og:image:type\" content=\"image\/jpeg\" \/>\n<meta name=\"author\" content=\"darka mazi\" \/>\n<meta name=\"twitter:card\" content=\"summary_large_image\" \/>\n<meta name=\"twitter:creator\" content=\"@DarkaMaziLatini\" \/>\n<meta name=\"twitter:site\" content=\"@DarkaMaziLatini\" \/>\n<meta name=\"twitter:label1\" content=\"Written by\" \/>\n\t<meta name=\"twitter:data1\" content=\"darka mazi\" \/>\n\t<meta name=\"twitter:label2\" content=\"Est. reading time\" \/>\n\t<meta name=\"twitter:data2\" content=\"2 minutes\" \/>\n<script type=\"application\/ld+json\" class=\"seo-schema-graph\">{\"@context\":\"https:\\\/\\\/schema.org\",\"@graph\":[{\"@type\":\"Article\",\"@id\":\"https:\\\/\\\/darkamazi.info\\\/archives\\\/1051408#article\",\"isPartOf\":{\"@id\":\"https:\\\/\\\/darkamazi.info\\\/archives\\\/1051408\"},\"author\":{\"name\":\"darka mazi\",\"@id\":\"https:\\\/\\\/darkamazi.info\\\/#\\\/schema\\\/person\\\/5ad3e24553a0567993fa8ed4bd0a776c\"},\"headline\":\"Ocalan: Ti\u015ft\u00ea ku li S\u00fbriyey\u00ea diqewime bizavek e ji bo t\u00eakdana p\u00eavajoya a\u015ftiy\u00ea\",\"datePublished\":\"2026-01-18T08:33:56+00:00\",\"mainEntityOfPage\":{\"@id\":\"https:\\\/\\\/darkamazi.info\\\/archives\\\/1051408\"},\"wordCount\":499,\"publisher\":{\"@id\":\"https:\\\/\\\/darkamazi.info\\\/#organization\"},\"image\":{\"@id\":\"https:\\\/\\\/darkamazi.info\\\/archives\\\/1051408#primaryimage\"},\"thumbnailUrl\":\"https:\\\/\\\/darkamazi.info\\\/darka-content\\\/uploads\\\/2026\\\/01\\\/ocalan.jpg\",\"keywords\":[\"sereke\"],\"articleSection\":[\"Kurdistan\"],\"inLanguage\":\"en-US\"},{\"@type\":\"WebPage\",\"@id\":\"https:\\\/\\\/darkamazi.info\\\/archives\\\/1051408\",\"url\":\"https:\\\/\\\/darkamazi.info\\\/archives\\\/1051408\",\"name\":\"Ocalan: Ti\u015ft\u00ea ku li S\u00fbriyey\u00ea diqewime bizavek e ji bo t\u00eakdana p\u00eavajoya a\u015ftiy\u00ea - Darka Maz\u00ee\",\"isPartOf\":{\"@id\":\"https:\\\/\\\/darkamazi.info\\\/#website\"},\"primaryImageOfPage\":{\"@id\":\"https:\\\/\\\/darkamazi.info\\\/archives\\\/1051408#primaryimage\"},\"image\":{\"@id\":\"https:\\\/\\\/darkamazi.info\\\/archives\\\/1051408#primaryimage\"},\"thumbnailUrl\":\"https:\\\/\\\/darkamazi.info\\\/darka-content\\\/uploads\\\/2026\\\/01\\\/ocalan.jpg\",\"datePublished\":\"2026-01-18T08:33:56+00:00\",\"breadcrumb\":{\"@id\":\"https:\\\/\\\/darkamazi.info\\\/archives\\\/1051408#breadcrumb\"},\"inLanguage\":\"en-US\",\"potentialAction\":[{\"@type\":\"ReadAction\",\"target\":[\"https:\\\/\\\/darkamazi.info\\\/archives\\\/1051408\"]}]},{\"@type\":\"ImageObject\",\"inLanguage\":\"en-US\",\"@id\":\"https:\\\/\\\/darkamazi.info\\\/archives\\\/1051408#primaryimage\",\"url\":\"https:\\\/\\\/darkamazi.info\\\/darka-content\\\/uploads\\\/2026\\\/01\\\/ocalan.jpg\",\"contentUrl\":\"https:\\\/\\\/darkamazi.info\\\/darka-content\\\/uploads\\\/2026\\\/01\\\/ocalan.jpg\",\"width\":1562,\"height\":878,\"caption\":\"Ocalan: Ti\u015ft\u00ea ku li S\u00fbriyey\u00ea diqewime bizavek e ji bo t\u00eakdana p\u00eavajoya a\u015ftiy\u00ea\"},{\"@type\":\"BreadcrumbList\",\"@id\":\"https:\\\/\\\/darkamazi.info\\\/archives\\\/1051408#breadcrumb\",\"itemListElement\":[{\"@type\":\"ListItem\",\"position\":1,\"name\":\"Home\",\"item\":\"https:\\\/\\\/darkamazi.info\\\/\"},{\"@type\":\"ListItem\",\"position\":2,\"name\":\"Ocalan: Ti\u015ft\u00ea ku li S\u00fbriyey\u00ea diqewime bizavek e ji bo t\u00eakdana p\u00eavajoya a\u015ftiy\u00ea\"}]},{\"@type\":\"WebSite\",\"@id\":\"https:\\\/\\\/darkamazi.info\\\/#website\",\"url\":\"https:\\\/\\\/darkamazi.info\\\/\",\"name\":\"Darka Maz\u00ee\",\"description\":\"P\u00eageha Zanyariy\u00ean Nebih\u00eest\u00ee\",\"publisher\":{\"@id\":\"https:\\\/\\\/darkamazi.info\\\/#organization\"},\"potentialAction\":[{\"@type\":\"SearchAction\",\"target\":{\"@type\":\"EntryPoint\",\"urlTemplate\":\"https:\\\/\\\/darkamazi.info\\\/?s={search_term_string}\"},\"query-input\":{\"@type\":\"PropertyValueSpecification\",\"valueRequired\":true,\"valueName\":\"search_term_string\"}}],\"inLanguage\":\"en-US\"},{\"@type\":\"Organization\",\"@id\":\"https:\\\/\\\/darkamazi.info\\\/#organization\",\"name\":\"Darka Maz\u00ee\",\"url\":\"https:\\\/\\\/darkamazi.info\\\/\",\"logo\":{\"@type\":\"ImageObject\",\"inLanguage\":\"en-US\",\"@id\":\"https:\\\/\\\/darkamazi.info\\\/#\\\/schema\\\/logo\\\/image\\\/\",\"url\":\"https:\\\/\\\/darkamazi.info\\\/darka-content\\\/uploads\\\/2017\\\/12\\\/darka-mazi-logo.png\",\"contentUrl\":\"https:\\\/\\\/darkamazi.info\\\/darka-content\\\/uploads\\\/2017\\\/12\\\/darka-mazi-logo.png\",\"width\":151,\"height\":75,\"caption\":\"Darka Maz\u00ee\"},\"image\":{\"@id\":\"https:\\\/\\\/darkamazi.info\\\/#\\\/schema\\\/logo\\\/image\\\/\"},\"sameAs\":[\"https:\\\/\\\/www.facebook.com\\\/DarMaziKurmanci\",\"https:\\\/\\\/x.com\\\/DarkaMaziLatini\",\"https:\\\/\\\/www.instagram.com\\\/darkamazi.kurmanci\\\/\",\"https:\\\/\\\/www.youtube.com\\\/channel\\\/UCa5HkTdmI8U1qCUFuTw8B2g\"]},{\"@type\":\"Person\",\"@id\":\"https:\\\/\\\/darkamazi.info\\\/#\\\/schema\\\/person\\\/5ad3e24553a0567993fa8ed4bd0a776c\",\"name\":\"darka mazi\",\"sameAs\":[\"https:\\\/\\\/darkamazi.info\\\/\"],\"url\":\"https:\\\/\\\/darkamazi.info\\\/archives\\\/author\\\/kurdi\"}]}<\/script>\n<!-- \/ Yoast SEO plugin. -->","seo_head_json":{"title":"Ocalan: Ti\u015ft\u00ea ku li S\u00fbriyey\u00ea diqewime bizavek e ji bo t\u00eakdana p\u00eavajoya a\u015ftiy\u00ea - Darka Maz\u00ee","robots":{"index":"index","follow":"follow","max-snippet":"max-snippet:-1","max-image-preview":"max-image-preview:large","max-video-preview":"max-video-preview:-1"},"canonical":"https:\/\/darkamazi.info\/archives\/1051408","og_locale":"en_US","og_type":"article","og_title":"Ocalan: Ti\u015ft\u00ea ku li S\u00fbriyey\u00ea diqewime bizavek e ji bo t\u00eakdana p\u00eavajoya a\u015ftiy\u00ea - Darka Maz\u00ee","og_description":"\u015eanda Dem Partiy\u00ea ya \u00cemraliy\u00ea naveroka civ\u00eena xwe ya bi Abdullah Ocalan re belav kir \u00fb ragihand ku, wan duh\u00ee (\u015fem\u00ee, 17.01.2026) serdana \u00cemraliy\u00ea kiriye \u00fb bi Abdullah Ocalan re civ\u00eenek kiriye ku n\u00eaz\u00eek\u00ee du saet \u00fb n\u00eevan dom kiriye. Di \u00e7ar\u00e7oveya w\u00ea hevd\u00eetin\u00ea de, Ocalan pabendb\u00fbna xwe ya bi p\u00eavajoya a\u015ftiy\u00ea \u00fb civaka demokrat\u00eek [&hellip;]","og_url":"https:\/\/darkamazi.info\/archives\/1051408","og_site_name":"Darka Maz\u00ee","article_publisher":"https:\/\/www.facebook.com\/DarMaziKurmanci","article_published_time":"2026-01-18T08:33:56+00:00","og_image":[{"width":1562,"height":878,"url":"https:\/\/darkamazi.info\/file\/2026\/01\/ocalan.jpg","type":"image\/jpeg"}],"author":"darka mazi","twitter_card":"summary_large_image","twitter_creator":"@DarkaMaziLatini","twitter_site":"@DarkaMaziLatini","twitter_misc":{"Written by":"darka mazi","Est. reading time":"2 minutes"},"schema":{"@context":"https:\/\/schema.org","@graph":[{"@type":"Article","@id":"https:\/\/darkamazi.info\/archives\/1051408#article","isPartOf":{"@id":"https:\/\/darkamazi.info\/archives\/1051408"},"author":{"name":"darka mazi","@id":"https:\/\/darkamazi.info\/#\/schema\/person\/5ad3e24553a0567993fa8ed4bd0a776c"},"headline":"Ocalan: Ti\u015ft\u00ea ku li S\u00fbriyey\u00ea diqewime bizavek e ji bo t\u00eakdana p\u00eavajoya a\u015ftiy\u00ea","datePublished":"2026-01-18T08:33:56+00:00","mainEntityOfPage":{"@id":"https:\/\/darkamazi.info\/archives\/1051408"},"wordCount":499,"publisher":{"@id":"https:\/\/darkamazi.info\/#organization"},"image":{"@id":"https:\/\/darkamazi.info\/archives\/1051408#primaryimage"},"thumbnailUrl":"https:\/\/darkamazi.info\/file\/2026\/01\/ocalan.jpg","keywords":["sereke"],"articleSection":["Kurdistan"],"inLanguage":"en-US"},{"@type":"WebPage","@id":"https:\/\/darkamazi.info\/archives\/1051408","url":"https:\/\/darkamazi.info\/archives\/1051408","name":"Ocalan: Ti\u015ft\u00ea ku li S\u00fbriyey\u00ea diqewime bizavek e ji bo t\u00eakdana p\u00eavajoya a\u015ftiy\u00ea - Darka Maz\u00ee","isPartOf":{"@id":"https:\/\/darkamazi.info\/#website"},"primaryImageOfPage":{"@id":"https:\/\/darkamazi.info\/archives\/1051408#primaryimage"},"image":{"@id":"https:\/\/darkamazi.info\/archives\/1051408#primaryimage"},"thumbnailUrl":"https:\/\/darkamazi.info\/file\/2026\/01\/ocalan.jpg","datePublished":"2026-01-18T08:33:56+00:00","breadcrumb":{"@id":"https:\/\/darkamazi.info\/archives\/1051408#breadcrumb"},"inLanguage":"en-US","potentialAction":[{"@type":"ReadAction","target":["https:\/\/darkamazi.info\/archives\/1051408"]}]},{"@type":"ImageObject","inLanguage":"en-US","@id":"https:\/\/darkamazi.info\/archives\/1051408#primaryimage","url":"https:\/\/darkamazi.info\/file\/2026\/01\/ocalan.jpg","contentUrl":"https:\/\/darkamazi.info\/file\/2026\/01\/ocalan.jpg","width":1562,"height":878,"caption":"Ocalan: Ti\u015ft\u00ea ku li S\u00fbriyey\u00ea diqewime bizavek e ji bo t\u00eakdana p\u00eavajoya a\u015ftiy\u00ea"},{"@type":"BreadcrumbList","@id":"https:\/\/darkamazi.info\/archives\/1051408#breadcrumb","itemListElement":[{"@type":"ListItem","position":1,"name":"Home","item":"https:\/\/darkamazi.info\/"},{"@type":"ListItem","position":2,"name":"Ocalan: Ti\u015ft\u00ea ku li S\u00fbriyey\u00ea diqewime bizavek e ji bo t\u00eakdana p\u00eavajoya a\u015ftiy\u00ea"}]},{"@type":"WebSite","@id":"https:\/\/darkamazi.info\/#website","url":"https:\/\/darkamazi.info\/","name":"Darka Maz\u00ee","description":"P\u00eageha Zanyariy\u00ean Nebih\u00eest\u00ee","publisher":{"@id":"https:\/\/darkamazi.info\/#organization"},"potentialAction":[{"@type":"SearchAction","target":{"@type":"EntryPoint","urlTemplate":"https:\/\/darkamazi.info\/?s={search_term_string}"},"query-input":{"@type":"PropertyValueSpecification","valueRequired":true,"valueName":"search_term_string"}}],"inLanguage":"en-US"},{"@type":"Organization","@id":"https:\/\/darkamazi.info\/#organization","name":"Darka Maz\u00ee","url":"https:\/\/darkamazi.info\/","logo":{"@type":"ImageObject","inLanguage":"en-US","@id":"https:\/\/darkamazi.info\/#\/schema\/logo\/image\/","url":"https:\/\/darkamazi.info\/file\/2017\/12\/darka-mazi-logo.png","contentUrl":"https:\/\/darkamazi.info\/file\/2017\/12\/darka-mazi-logo.png","width":151,"height":75,"caption":"Darka Maz\u00ee"},"image":{"@id":"https:\/\/darkamazi.info\/#\/schema\/logo\/image\/"},"sameAs":["https:\/\/www.facebook.com\/DarMaziKurmanci","https:\/\/x.com\/DarkaMaziLatini","https:\/\/www.instagram.com\/darkamazi.kurmanci\/","https:\/\/www.youtube.com\/channel\/UCa5HkTdmI8U1qCUFuTw8B2g"]},{"@type":"Person","@id":"https:\/\/darkamazi.info\/#\/schema\/person\/5ad3e24553a0567993fa8ed4bd0a776c","name":"darka mazi","sameAs":["https:\/\/darkamazi.info\/"],"url":"https:\/\/darkamazi.info\/archives\/author\/kurdi"}]}},"_links":{"self":[{"href":"https:\/\/darkamazi.info\/funavuv\/wp\/v2\/posts\/1051408","targetHints":{"allow":["GET"]}}],"collection":[{"href":"https:\/\/darkamazi.info\/funavuv\/wp\/v2\/posts"}],"about":[{"href":"https:\/\/darkamazi.info\/funavuv\/wp\/v2\/types\/post"}],"author":[{"embeddable":true,"href":"https:\/\/darkamazi.info\/funavuv\/wp\/v2\/users\/2"}],"replies":[{"embeddable":true,"href":"https:\/\/darkamazi.info\/funavuv\/wp\/v2\/comments?post=1051408"}],"version-history":[{"count":0,"href":"https:\/\/darkamazi.info\/funavuv\/wp\/v2\/posts\/1051408\/revisions"}],"wp:featuredmedia":[{"embeddable":true,"href":"https:\/\/darkamazi.info\/funavuv\/wp\/v2\/media\/1051409"}],"wp:attachment":[{"href":"https:\/\/darkamazi.info\/funavuv\/wp\/v2\/media?parent=1051408"}],"wp:term":[{"taxonomy":"category","embeddable":true,"href":"https:\/\/darkamazi.info\/funavuv\/wp\/v2\/categories?post=1051408"},{"taxonomy":"post_tag","embeddable":true,"href":"https:\/\/darkamazi.info\/funavuv\/wp\/v2\/tags?post=1051408"}],"curies":[{"name":"wp","href":"https:\/\/api.w.org\/{rel}","templated":true}]}}