{"id":1051411,"date":"2026-01-18T12:11:46","date_gmt":"2026-01-18T09:11:46","guid":{"rendered":"https:\/\/darkamazi.info\/?p=1051411"},"modified":"2026-01-18T12:11:46","modified_gmt":"2026-01-18T09:11:46","slug":"reveberiya-xweseriya-demokratik-a-herema-bakur-u-rojhilate-suriyeye-rewsa-neasayi-u-amadebasiye-ragihand","status":"publish","type":"post","link":"https:\/\/darkamazi.info\/archives\/1051411","title":{"rendered":"R\u00eaveberiya Xweseriya Demokrat\u00eek a Her\u00eama Bakur \u00fb Rojhilat\u00ea S\u00fbriyey\u00ea rew\u015fa neasay\u00ee \u00fb amadeba\u015fiy\u00ea ragihand"},"content":{"rendered":"<h3 style=\"text-align: justify\"><span style=\"font-family: 'arial black', sans-serif\">R\u00eaveberiya Xweseriya Demokrat\u00eek a Her\u00eama Bakur \u00fb Rojhilat\u00ea S\u00fbriyey\u00ea \u00eero (Yek\u015fem, 18.01.2026) ji ber gefan rew\u015fa neasay\u00ee \u00fb hilgirtina \u00e7ekan a gi\u015ft\u00ee ragihand.<\/span><\/h3>\n<h3 style=\"text-align: justify\">R\u00eaveberiya Xweser di w\u00ea ragihandin\u00ea de bang li welatiyan kir ku, xasma li dever\u00ean Ciz\u00eer\u00ea \u00fb Kobaniy\u00ea ji bo r\u00fbbir\u00fbb\u00fbna her \u00ear\u00ee\u015fek\u00ea amade bin \u00fb tekez kir: Em li beramber\u00ee \u015ferek\u00ee heb\u00fbn\u00ea ne.<\/h3>\n<h3 style=\"text-align: justify\">R\u00eaveberiya tekez j\u00ee kir: Ji bo parastina destkeftiy\u00ean \u015fore\u015fa me \u00fb nasnameya me, ten\u00ea yek vebijark heye, berxwedana gel. Ji bo v\u00ea j\u00ee em bang li gel\u00ea xwe dikin ku li derdora h\u00eaz\u00ean xwe kom bibin \u00fb bi hev re li hember v\u00ea \u00ear\u00ee\u015fa hovane bisekinin \u00fb her kes bi tevah\u00ee amade be.<\/h3>\n<h3 style=\"text-align: justify\">Ev j\u00ee peyama R\u00eaveberiya Xweser e:<\/h3>\n<h3 style=\"text-align: justify\">Ji raya gi\u015ft\u00ee re<\/h3>\n<h3 style=\"text-align: justify\">Kom\u00ean \u00e7ete y\u00ean gir\u00eaday\u00ee hik\u00fbmeta demk\u00ee ya \u015eam\u00ea ji duh sibeh\u00ea ve \u00fb heta niha peyman binp\u00ea kirine. Tev\u00ee hem\u00fb xebat\u00ean ji bo \u00e7areseriy\u00ean a\u015ftiyane \u00fb daxuyaniy\u00ean niyeta ba\u015f ji bo veki\u015f\u00eena ji hin her\u00eaman, l\u00ea \u015eam h\u00een j\u00ee bi biryar e ku \u015fer bidom\u00eene \u00fb vebijarka le\u015fker\u00ee hildibij\u00eare.<\/h3>\n<h3 style=\"text-align: justify\">Ji ber v\u00ea yek\u00ea em bang li gel\u00ea xwe dikin ku amade be, p\u00eevana parastina xwe weke bingeh bigire, bi h\u00eaz\u00ean xwe y\u00ean le\u015fker\u00ee re bisekine, bajar\u00ean xwe bipar\u00eaze \u00fb tevl\u00ee \u015fer\u00ea parastina r\u00fbmet\u00ea bibe.<\/h3>\n<h3 style=\"text-align: justify\">Armanca van \u00ear\u00ee\u015fan ku biratiya bi xw\u00eena ke\u00e7 \u00fb xort\u00ean me hatiye avakirin t\u00eak bibin, fitne \u00fb tund\u00fbt\u00fbjiy\u00ea di navbera p\u00eakhatey\u00ean Bakur \u00fb Rojhilat\u00ea S\u00fbriy\u00ea de derx\u00eenin, p\u00eakhatey\u00ean resen li S\u00fbriy\u00ea hedef bigirin \u00fb heman \u00eedeolojiy\u00ea li ser hem\u00fbyan ferz bikin.<\/h3>\n<h3 style=\"text-align: justify\">Ji ber v\u00ea yek\u00ea, em bi qonaxek gir\u00eeng re r\u00fb bi r\u00fb ne, yan em \u00ea li ber xwe bidin \u00fb bi r\u00fbmet bij\u00een, an j\u00ee em \u00ea rast\u00ee her c\u00fbre neheq\u00ee \u00fb binp\u00eakirin\u00ea, werin.<\/h3>\n<h3 style=\"text-align: justify\">Ji ber v\u00ea yek\u00ea j\u00ee em bang li gel\u00ea xwe dikin ku biryara seferberiya gi\u015ft\u00ee ya ku ji aliy\u00ea R\u00eaveberiya Xweser ve hatiye ragihandin, bibersiv\u00eenin \u00fb bi QSD`\u00ea \u00fb YPJ`\u00ea re, bisekinin.<\/h3>\n<h3 style=\"text-align: justify\">Her wiha em bang li hem\u00fb be\u015f\u00ean gel\u00ea xwe nexasim ciwan \u00fb ke\u00e7an dikin ku li hember \u00e7i \u00ear\u00ee\u015f\u00ean ku dibe li dij\u00ee her\u00eama Ciz\u00eer\u00ea \u00fb Koban\u00ea \u00e7\u00eabibin, \u00e7ek\u00ea rakin.<\/h3>\n<h3 style=\"text-align: justify\">Div\u00ea em f\u00eam bikin ku em li beramber\u00ee \u015ferek\u00ee heb\u00fbn\u00ea ne. Ji bo parastina destkeftiy\u00ean \u015fore\u015fa me \u00fb nasnameya me, ten\u00ea yek vebijark heye, berxwedana gel. Ji bo v\u00ea j\u00ee em bang li gel\u00ea xwe dikin ku li derdora h\u00eaz\u00ean xwe kom bibin \u00fb bi hev re li hember v\u00ea \u00ear\u00ee\u015fa hovane bisekinin \u00fb her kes bi tevah\u00ee amade be.<\/h3>\n<h3 style=\"text-align: justify\">Silav \u00fb r\u00eaz<\/h3>\n<h3 style=\"text-align: justify\">R\u00eaveberiya Xweseriya Demokrat\u00eek a Bakur \u00fb Rojhilat\u00ea S\u00fbriy\u00ea<\/h3>\n<h3 style=\"text-align: justify\">18`\u00ea \u00c7iley\u00ea 2025`an<\/h3>\n","protected":false},"excerpt":{"rendered":"<p>R\u00eaveberiya Xweseriya Demokrat\u00eek a Her\u00eama Bakur \u00fb Rojhilat\u00ea S\u00fbriyey\u00ea \u00eero (Yek\u015fem, 18.01.2026) ji ber gefan rew\u015fa neasay\u00ee \u00fb hilgirtina \u00e7ekan a gi\u015ft\u00ee ragihand. R\u00eaveberiya Xweser di w\u00ea ragihandin\u00ea de bang li welatiyan kir ku, xasma li dever\u00ean Ciz\u00eer\u00ea \u00fb Kobaniy\u00ea ji bo r\u00fbbir\u00fbb\u00fbna her \u00ear\u00ee\u015fek\u00ea amade bin \u00fb tekez kir: Em li beramber\u00ee \u015ferek\u00ee heb\u00fbn\u00ea [&hellip;]<\/p>\n","protected":false},"author":2,"featured_media":1051378,"comment_status":"closed","ping_status":"closed","sticky":false,"template":"","format":"standard","meta":{"footnotes":""},"categories":[29],"tags":[37],"class_list":["post-1051411","post","type-post","status-publish","format-standard","has-post-thumbnail","hentry","category-kurdistan","tag-sereke"],"blocksy_meta":[],"seo_head":"<!-- This site is optimized with the Yoast SEO plugin v27.5 - https:\/\/yoast.com\/product\/yoast-seo-wordpress\/ -->\n<title>R\u00eaveberiya Xweseriya Demokrat\u00eek a Her\u00eama Bakur \u00fb Rojhilat\u00ea S\u00fbriyey\u00ea rew\u015fa neasay\u00ee \u00fb amadeba\u015fiy\u00ea ragihand - Darka Maz\u00ee<\/title>\n<meta name=\"robots\" content=\"index, follow, max-snippet:-1, max-image-preview:large, max-video-preview:-1\" \/>\n<link rel=\"canonical\" href=\"https:\/\/darkamazi.info\/archives\/1051411\" \/>\n<meta property=\"og:locale\" content=\"en_US\" \/>\n<meta property=\"og:type\" content=\"article\" \/>\n<meta property=\"og:title\" content=\"R\u00eaveberiya Xweseriya Demokrat\u00eek a Her\u00eama Bakur \u00fb Rojhilat\u00ea S\u00fbriyey\u00ea rew\u015fa neasay\u00ee \u00fb amadeba\u015fiy\u00ea ragihand - Darka Maz\u00ee\" \/>\n<meta property=\"og:description\" content=\"R\u00eaveberiya Xweseriya Demokrat\u00eek a Her\u00eama Bakur \u00fb Rojhilat\u00ea S\u00fbriyey\u00ea \u00eero (Yek\u015fem, 18.01.2026) ji ber gefan rew\u015fa neasay\u00ee \u00fb hilgirtina \u00e7ekan a gi\u015ft\u00ee ragihand. R\u00eaveberiya Xweser di w\u00ea ragihandin\u00ea de bang li welatiyan kir ku, xasma li dever\u00ean Ciz\u00eer\u00ea \u00fb Kobaniy\u00ea ji bo r\u00fbbir\u00fbb\u00fbna her \u00ear\u00ee\u015fek\u00ea amade bin \u00fb tekez kir: Em li beramber\u00ee \u015ferek\u00ee heb\u00fbn\u00ea [&hellip;]\" \/>\n<meta property=\"og:url\" content=\"https:\/\/darkamazi.info\/archives\/1051411\" \/>\n<meta property=\"og:site_name\" content=\"Darka Maz\u00ee\" \/>\n<meta property=\"article:publisher\" content=\"https:\/\/www.facebook.com\/DarMaziKurmanci\" \/>\n<meta property=\"article:published_time\" content=\"2026-01-18T09:11:46+00:00\" \/>\n<meta property=\"og:image\" content=\"https:\/\/darkamazi.info\/file\/2026\/01\/Reveberiya-Xweser-info.jpg\" \/>\n\t<meta property=\"og:image:width\" content=\"900\" \/>\n\t<meta property=\"og:image:height\" content=\"500\" \/>\n\t<meta property=\"og:image:type\" content=\"image\/jpeg\" \/>\n<meta name=\"author\" content=\"darka mazi\" \/>\n<meta name=\"twitter:card\" content=\"summary_large_image\" \/>\n<meta name=\"twitter:creator\" content=\"@DarkaMaziLatini\" \/>\n<meta name=\"twitter:site\" content=\"@DarkaMaziLatini\" \/>\n<meta name=\"twitter:label1\" content=\"Written by\" \/>\n\t<meta name=\"twitter:data1\" content=\"darka mazi\" \/>\n\t<meta name=\"twitter:label2\" content=\"Est. reading time\" \/>\n\t<meta name=\"twitter:data2\" content=\"3 minutes\" \/>\n<script type=\"application\/ld+json\" class=\"seo-schema-graph\">{\"@context\":\"https:\\\/\\\/schema.org\",\"@graph\":[{\"@type\":\"Article\",\"@id\":\"https:\\\/\\\/darkamazi.info\\\/archives\\\/1051411#article\",\"isPartOf\":{\"@id\":\"https:\\\/\\\/darkamazi.info\\\/archives\\\/1051411\"},\"author\":{\"name\":\"darka mazi\",\"@id\":\"https:\\\/\\\/darkamazi.info\\\/#\\\/schema\\\/person\\\/5ad3e24553a0567993fa8ed4bd0a776c\"},\"headline\":\"R\u00eaveberiya Xweseriya Demokrat\u00eek a Her\u00eama Bakur \u00fb Rojhilat\u00ea S\u00fbriyey\u00ea rew\u015fa neasay\u00ee \u00fb amadeba\u015fiy\u00ea ragihand\",\"datePublished\":\"2026-01-18T09:11:46+00:00\",\"mainEntityOfPage\":{\"@id\":\"https:\\\/\\\/darkamazi.info\\\/archives\\\/1051411\"},\"wordCount\":486,\"publisher\":{\"@id\":\"https:\\\/\\\/darkamazi.info\\\/#organization\"},\"image\":{\"@id\":\"https:\\\/\\\/darkamazi.info\\\/archives\\\/1051411#primaryimage\"},\"thumbnailUrl\":\"https:\\\/\\\/darkamazi.info\\\/darka-content\\\/uploads\\\/2026\\\/01\\\/Reveberiya-Xweser-info.jpg\",\"keywords\":[\"sereke\"],\"articleSection\":[\"Kurdistan\"],\"inLanguage\":\"en-US\"},{\"@type\":\"WebPage\",\"@id\":\"https:\\\/\\\/darkamazi.info\\\/archives\\\/1051411\",\"url\":\"https:\\\/\\\/darkamazi.info\\\/archives\\\/1051411\",\"name\":\"R\u00eaveberiya Xweseriya Demokrat\u00eek a Her\u00eama Bakur \u00fb Rojhilat\u00ea S\u00fbriyey\u00ea rew\u015fa neasay\u00ee \u00fb amadeba\u015fiy\u00ea ragihand - Darka Maz\u00ee\",\"isPartOf\":{\"@id\":\"https:\\\/\\\/darkamazi.info\\\/#website\"},\"primaryImageOfPage\":{\"@id\":\"https:\\\/\\\/darkamazi.info\\\/archives\\\/1051411#primaryimage\"},\"image\":{\"@id\":\"https:\\\/\\\/darkamazi.info\\\/archives\\\/1051411#primaryimage\"},\"thumbnailUrl\":\"https:\\\/\\\/darkamazi.info\\\/darka-content\\\/uploads\\\/2026\\\/01\\\/Reveberiya-Xweser-info.jpg\",\"datePublished\":\"2026-01-18T09:11:46+00:00\",\"breadcrumb\":{\"@id\":\"https:\\\/\\\/darkamazi.info\\\/archives\\\/1051411#breadcrumb\"},\"inLanguage\":\"en-US\",\"potentialAction\":[{\"@type\":\"ReadAction\",\"target\":[\"https:\\\/\\\/darkamazi.info\\\/archives\\\/1051411\"]}]},{\"@type\":\"ImageObject\",\"inLanguage\":\"en-US\",\"@id\":\"https:\\\/\\\/darkamazi.info\\\/archives\\\/1051411#primaryimage\",\"url\":\"https:\\\/\\\/darkamazi.info\\\/darka-content\\\/uploads\\\/2026\\\/01\\\/Reveberiya-Xweser-info.jpg\",\"contentUrl\":\"https:\\\/\\\/darkamazi.info\\\/darka-content\\\/uploads\\\/2026\\\/01\\\/Reveberiya-Xweser-info.jpg\",\"width\":900,\"height\":500,\"caption\":\"R\u00eaveberiya-Xweser-net\"},{\"@type\":\"BreadcrumbList\",\"@id\":\"https:\\\/\\\/darkamazi.info\\\/archives\\\/1051411#breadcrumb\",\"itemListElement\":[{\"@type\":\"ListItem\",\"position\":1,\"name\":\"Home\",\"item\":\"https:\\\/\\\/darkamazi.info\\\/\"},{\"@type\":\"ListItem\",\"position\":2,\"name\":\"R\u00eaveberiya Xweseriya Demokrat\u00eek a Her\u00eama Bakur \u00fb Rojhilat\u00ea S\u00fbriyey\u00ea rew\u015fa neasay\u00ee \u00fb amadeba\u015fiy\u00ea ragihand\"}]},{\"@type\":\"WebSite\",\"@id\":\"https:\\\/\\\/darkamazi.info\\\/#website\",\"url\":\"https:\\\/\\\/darkamazi.info\\\/\",\"name\":\"Darka Maz\u00ee\",\"description\":\"P\u00eageha Zanyariy\u00ean Nebih\u00eest\u00ee\",\"publisher\":{\"@id\":\"https:\\\/\\\/darkamazi.info\\\/#organization\"},\"potentialAction\":[{\"@type\":\"SearchAction\",\"target\":{\"@type\":\"EntryPoint\",\"urlTemplate\":\"https:\\\/\\\/darkamazi.info\\\/?s={search_term_string}\"},\"query-input\":{\"@type\":\"PropertyValueSpecification\",\"valueRequired\":true,\"valueName\":\"search_term_string\"}}],\"inLanguage\":\"en-US\"},{\"@type\":\"Organization\",\"@id\":\"https:\\\/\\\/darkamazi.info\\\/#organization\",\"name\":\"Darka Maz\u00ee\",\"url\":\"https:\\\/\\\/darkamazi.info\\\/\",\"logo\":{\"@type\":\"ImageObject\",\"inLanguage\":\"en-US\",\"@id\":\"https:\\\/\\\/darkamazi.info\\\/#\\\/schema\\\/logo\\\/image\\\/\",\"url\":\"https:\\\/\\\/darkamazi.info\\\/darka-content\\\/uploads\\\/2017\\\/12\\\/darka-mazi-logo.png\",\"contentUrl\":\"https:\\\/\\\/darkamazi.info\\\/darka-content\\\/uploads\\\/2017\\\/12\\\/darka-mazi-logo.png\",\"width\":151,\"height\":75,\"caption\":\"Darka Maz\u00ee\"},\"image\":{\"@id\":\"https:\\\/\\\/darkamazi.info\\\/#\\\/schema\\\/logo\\\/image\\\/\"},\"sameAs\":[\"https:\\\/\\\/www.facebook.com\\\/DarMaziKurmanci\",\"https:\\\/\\\/x.com\\\/DarkaMaziLatini\",\"https:\\\/\\\/www.instagram.com\\\/darkamazi.kurmanci\\\/\",\"https:\\\/\\\/www.youtube.com\\\/channel\\\/UCa5HkTdmI8U1qCUFuTw8B2g\"]},{\"@type\":\"Person\",\"@id\":\"https:\\\/\\\/darkamazi.info\\\/#\\\/schema\\\/person\\\/5ad3e24553a0567993fa8ed4bd0a776c\",\"name\":\"darka mazi\",\"sameAs\":[\"https:\\\/\\\/darkamazi.info\\\/\"],\"url\":\"https:\\\/\\\/darkamazi.info\\\/archives\\\/author\\\/kurdi\"}]}<\/script>\n<!-- \/ Yoast SEO plugin. -->","seo_head_json":{"title":"R\u00eaveberiya Xweseriya Demokrat\u00eek a Her\u00eama Bakur \u00fb Rojhilat\u00ea S\u00fbriyey\u00ea rew\u015fa neasay\u00ee \u00fb amadeba\u015fiy\u00ea ragihand - Darka Maz\u00ee","robots":{"index":"index","follow":"follow","max-snippet":"max-snippet:-1","max-image-preview":"max-image-preview:large","max-video-preview":"max-video-preview:-1"},"canonical":"https:\/\/darkamazi.info\/archives\/1051411","og_locale":"en_US","og_type":"article","og_title":"R\u00eaveberiya Xweseriya Demokrat\u00eek a Her\u00eama Bakur \u00fb Rojhilat\u00ea S\u00fbriyey\u00ea rew\u015fa neasay\u00ee \u00fb amadeba\u015fiy\u00ea ragihand - Darka Maz\u00ee","og_description":"R\u00eaveberiya Xweseriya Demokrat\u00eek a Her\u00eama Bakur \u00fb Rojhilat\u00ea S\u00fbriyey\u00ea \u00eero (Yek\u015fem, 18.01.2026) ji ber gefan rew\u015fa neasay\u00ee \u00fb hilgirtina \u00e7ekan a gi\u015ft\u00ee ragihand. R\u00eaveberiya Xweser di w\u00ea ragihandin\u00ea de bang li welatiyan kir ku, xasma li dever\u00ean Ciz\u00eer\u00ea \u00fb Kobaniy\u00ea ji bo r\u00fbbir\u00fbb\u00fbna her \u00ear\u00ee\u015fek\u00ea amade bin \u00fb tekez kir: Em li beramber\u00ee \u015ferek\u00ee heb\u00fbn\u00ea [&hellip;]","og_url":"https:\/\/darkamazi.info\/archives\/1051411","og_site_name":"Darka Maz\u00ee","article_publisher":"https:\/\/www.facebook.com\/DarMaziKurmanci","article_published_time":"2026-01-18T09:11:46+00:00","og_image":[{"width":900,"height":500,"url":"https:\/\/darkamazi.info\/file\/2026\/01\/Reveberiya-Xweser-info.jpg","type":"image\/jpeg"}],"author":"darka mazi","twitter_card":"summary_large_image","twitter_creator":"@DarkaMaziLatini","twitter_site":"@DarkaMaziLatini","twitter_misc":{"Written by":"darka mazi","Est. reading time":"3 minutes"},"schema":{"@context":"https:\/\/schema.org","@graph":[{"@type":"Article","@id":"https:\/\/darkamazi.info\/archives\/1051411#article","isPartOf":{"@id":"https:\/\/darkamazi.info\/archives\/1051411"},"author":{"name":"darka mazi","@id":"https:\/\/darkamazi.info\/#\/schema\/person\/5ad3e24553a0567993fa8ed4bd0a776c"},"headline":"R\u00eaveberiya Xweseriya Demokrat\u00eek a Her\u00eama Bakur \u00fb Rojhilat\u00ea S\u00fbriyey\u00ea rew\u015fa neasay\u00ee \u00fb amadeba\u015fiy\u00ea ragihand","datePublished":"2026-01-18T09:11:46+00:00","mainEntityOfPage":{"@id":"https:\/\/darkamazi.info\/archives\/1051411"},"wordCount":486,"publisher":{"@id":"https:\/\/darkamazi.info\/#organization"},"image":{"@id":"https:\/\/darkamazi.info\/archives\/1051411#primaryimage"},"thumbnailUrl":"https:\/\/darkamazi.info\/file\/2026\/01\/Reveberiya-Xweser-info.jpg","keywords":["sereke"],"articleSection":["Kurdistan"],"inLanguage":"en-US"},{"@type":"WebPage","@id":"https:\/\/darkamazi.info\/archives\/1051411","url":"https:\/\/darkamazi.info\/archives\/1051411","name":"R\u00eaveberiya Xweseriya Demokrat\u00eek a Her\u00eama Bakur \u00fb Rojhilat\u00ea S\u00fbriyey\u00ea rew\u015fa neasay\u00ee \u00fb amadeba\u015fiy\u00ea ragihand - Darka Maz\u00ee","isPartOf":{"@id":"https:\/\/darkamazi.info\/#website"},"primaryImageOfPage":{"@id":"https:\/\/darkamazi.info\/archives\/1051411#primaryimage"},"image":{"@id":"https:\/\/darkamazi.info\/archives\/1051411#primaryimage"},"thumbnailUrl":"https:\/\/darkamazi.info\/file\/2026\/01\/Reveberiya-Xweser-info.jpg","datePublished":"2026-01-18T09:11:46+00:00","breadcrumb":{"@id":"https:\/\/darkamazi.info\/archives\/1051411#breadcrumb"},"inLanguage":"en-US","potentialAction":[{"@type":"ReadAction","target":["https:\/\/darkamazi.info\/archives\/1051411"]}]},{"@type":"ImageObject","inLanguage":"en-US","@id":"https:\/\/darkamazi.info\/archives\/1051411#primaryimage","url":"https:\/\/darkamazi.info\/file\/2026\/01\/Reveberiya-Xweser-info.jpg","contentUrl":"https:\/\/darkamazi.info\/file\/2026\/01\/Reveberiya-Xweser-info.jpg","width":900,"height":500,"caption":"R\u00eaveberiya-Xweser-net"},{"@type":"BreadcrumbList","@id":"https:\/\/darkamazi.info\/archives\/1051411#breadcrumb","itemListElement":[{"@type":"ListItem","position":1,"name":"Home","item":"https:\/\/darkamazi.info\/"},{"@type":"ListItem","position":2,"name":"R\u00eaveberiya Xweseriya Demokrat\u00eek a Her\u00eama Bakur \u00fb Rojhilat\u00ea S\u00fbriyey\u00ea rew\u015fa neasay\u00ee \u00fb amadeba\u015fiy\u00ea ragihand"}]},{"@type":"WebSite","@id":"https:\/\/darkamazi.info\/#website","url":"https:\/\/darkamazi.info\/","name":"Darka Maz\u00ee","description":"P\u00eageha Zanyariy\u00ean Nebih\u00eest\u00ee","publisher":{"@id":"https:\/\/darkamazi.info\/#organization"},"potentialAction":[{"@type":"SearchAction","target":{"@type":"EntryPoint","urlTemplate":"https:\/\/darkamazi.info\/?s={search_term_string}"},"query-input":{"@type":"PropertyValueSpecification","valueRequired":true,"valueName":"search_term_string"}}],"inLanguage":"en-US"},{"@type":"Organization","@id":"https:\/\/darkamazi.info\/#organization","name":"Darka Maz\u00ee","url":"https:\/\/darkamazi.info\/","logo":{"@type":"ImageObject","inLanguage":"en-US","@id":"https:\/\/darkamazi.info\/#\/schema\/logo\/image\/","url":"https:\/\/darkamazi.info\/file\/2017\/12\/darka-mazi-logo.png","contentUrl":"https:\/\/darkamazi.info\/file\/2017\/12\/darka-mazi-logo.png","width":151,"height":75,"caption":"Darka Maz\u00ee"},"image":{"@id":"https:\/\/darkamazi.info\/#\/schema\/logo\/image\/"},"sameAs":["https:\/\/www.facebook.com\/DarMaziKurmanci","https:\/\/x.com\/DarkaMaziLatini","https:\/\/www.instagram.com\/darkamazi.kurmanci\/","https:\/\/www.youtube.com\/channel\/UCa5HkTdmI8U1qCUFuTw8B2g"]},{"@type":"Person","@id":"https:\/\/darkamazi.info\/#\/schema\/person\/5ad3e24553a0567993fa8ed4bd0a776c","name":"darka mazi","sameAs":["https:\/\/darkamazi.info\/"],"url":"https:\/\/darkamazi.info\/archives\/author\/kurdi"}]}},"_links":{"self":[{"href":"https:\/\/darkamazi.info\/funavuv\/wp\/v2\/posts\/1051411","targetHints":{"allow":["GET"]}}],"collection":[{"href":"https:\/\/darkamazi.info\/funavuv\/wp\/v2\/posts"}],"about":[{"href":"https:\/\/darkamazi.info\/funavuv\/wp\/v2\/types\/post"}],"author":[{"embeddable":true,"href":"https:\/\/darkamazi.info\/funavuv\/wp\/v2\/users\/2"}],"replies":[{"embeddable":true,"href":"https:\/\/darkamazi.info\/funavuv\/wp\/v2\/comments?post=1051411"}],"version-history":[{"count":0,"href":"https:\/\/darkamazi.info\/funavuv\/wp\/v2\/posts\/1051411\/revisions"}],"wp:featuredmedia":[{"embeddable":true,"href":"https:\/\/darkamazi.info\/funavuv\/wp\/v2\/media\/1051378"}],"wp:attachment":[{"href":"https:\/\/darkamazi.info\/funavuv\/wp\/v2\/media?parent=1051411"}],"wp:term":[{"taxonomy":"category","embeddable":true,"href":"https:\/\/darkamazi.info\/funavuv\/wp\/v2\/categories?post=1051411"},{"taxonomy":"post_tag","embeddable":true,"href":"https:\/\/darkamazi.info\/funavuv\/wp\/v2\/tags?post=1051411"}],"curies":[{"name":"wp","href":"https:\/\/api.w.org\/{rel}","templated":true}]}}