{"id":1051414,"date":"2026-01-18T18:27:42","date_gmt":"2026-01-18T15:27:42","guid":{"rendered":"https:\/\/darkamazi.info\/?p=1051414"},"modified":"2026-01-18T18:27:42","modified_gmt":"2026-01-18T15:27:42","slug":"du-weneyen-cuda-du-hevpeymaniyen-cuda-du-armancen-cuda-du-stratejiyen-cuda-di-heman-roje-de","status":"publish","type":"post","link":"https:\/\/darkamazi.info\/archives\/1051414","title":{"rendered":"Du w\u00eaney\u00ean cuda, du hevpeymaniy\u00ean cuda, du armanc\u00ean cuda, du stratejiy\u00ean cuda di heman roj\u00ea de"},"content":{"rendered":"<h3 style=\"text-align: justify\"><span style=\"font-family: 'arial black', sans-serif\">17 \u00ea \u00c7iley\u00ea d\u00ea rojek be ku di d\u00eeroka n\u00eaz\u00eek a Kurdan de pir caran t\u00ea behs kirin. di 17\u00ea \u00c7iley\u00ea de, du civ\u00een\u00ean siyas\u00ee y\u00ean cuda li Kurdistan\u00ea p\u00eak hatin. Van her du civ\u00een\u00ean cuda bi zelal\u00ee duryana ku siyaseta Kurd l\u00ea ye e\u015fkere kirin. Ev her du civ\u00een, ku di heman roj\u00ea de li heman erdn\u00eegariy\u00ea hatin lidarxistin, di war\u00ea armanc, v\u00eezyon \u00fb tems\u00eeliyet\u00ea de du xet\u00ean dijber tems\u00eel dikin.<\/span><\/h3>\n<ol>\n<li>\n<h3><span style=\"font-family: 'arial black', sans-serif;font-size: 18pt;color: #8c0808\"><strong> W\u00eane: W\u00eaneya Yek\u00eetiya Netewey\u00ee ya Kurd \u00fb P\u00ea\u015feroja Kurdistan\u00ea<\/strong><\/span><\/h3>\n<\/li>\n<\/ol>\n<h3 style=\"text-align: justify\"><span style=\"font-family: arial, helvetica, sans-serif\">W\u00eaneya yekem di 17\u00ea \u00c7iley\u00ea de li Hewler\u00ea p\u00eak hat. Li aliyek\u00ee masey\u00ea \u015fandeya Kurd heb\u00fb. Li \u00e7ep\u00ea Serok Barzan\u00ee Serokwez\u00eer Mesr\u00fbr Barzan\u00ee b\u00fb, \u00fb li rast\u00ea w\u00ee Fermandar\u00ea Gi\u015ft\u00ee y\u00ea HSD \u00ea General Mazl\u00fbm Abd\u00ee heb\u00fb. Serok\u00ea ENKS\u00ea Muhammed Isma\u00eel, \u00fb Ronahi Efr\u00een \u00fb Rohilat Efr\u00een ji \u015fandeya Rojava j\u00ee li aliy\u00ea Kurd y\u00ea masey\u00ea b\u00fbn. Serok Barzan\u00ee bi m\u00eesyona hem m\u00eavandar, hem navbeynkar \u00fb hem j\u00ee wek serok\u00ea merc\u00eey\u00ea Kurd li ser masey\u00ea r\u00fbni\u015ft.<\/span><\/h3>\n<h3 style=\"text-align: justify\"><span style=\"font-family: arial, helvetica, sans-serif\">K\u00ea\u015fey\u00ean h\u00eezb\u00ee, vegotin\u00ean ber\u00ea; her ti\u015ft li al\u00eeyek\u00ea hate dan\u00een. Mijara n\u00eeqa\u015f\u00ea p\u00ea\u015feroja Rojava, \u00e7aren\u00fbsa Kurdan di sedsala 21 an de b\u00fb. Ev civ\u00een beyannameya \u00eeradey\u00ea b\u00fb derbar\u00ea \u00e7aren\u00fbsa hevpar a erdn\u00eegariya par\u00e7ekir\u00ee ya Kurdan de, sembola berxwedana Kurdan li dij\u00ee tunekirin\u00ea neteweya Kurd.<\/span><\/h3>\n<h3 style=\"text-align: justify\"><span style=\"font-family: arial, helvetica, sans-serif\">Ne ten\u00ea Kurd, l\u00ea hem dost \u00fb hem j\u00ee dijminan \u00e7av\u00ean wan li ser v\u00ea civ\u00een\u00ea b\u00fbn. Barzan\u00eeyan hewl didan ku l\u00eestika dij\u00ee-Kurd t\u00eak bibin. Dewleta Iraq\u00ea ji ber ku Hewl\u00ear \u00fb kevne\u015fopiya siyas\u00ee ya Barzan\u00ee di qonaxek wisa d\u00eerok\u00ee ya kr\u00eet\u00eek de berpirsiyariy\u00ea digirin ser xwe, nerehet b\u00fb. Dewleta Tirk j\u00ee ji<\/span><\/h3>\n<h3 style=\"text-align: justify\"><span style=\"font-family: arial, helvetica, sans-serif\">Serok Barzan\u00ee acizb\u00fbn ji ber ku w\u00ee plan\u00ean bermahiy\u00ean DAI\u015e\u00ea t\u00eak dibir. Kurdan nedixwest sedsala 21an m\u00eena sedsala 20an bij\u00een, \u00fb Barzan\u00ee p\u00ea\u015fengiya v\u00ea hewildan\u00ea dikirin, ji ber v\u00ea yek\u00ea ew ji Barzan\u00eeyan aciz b\u00fbn, ji ber ku Kurd li hev diciviyan ew nerehet b\u00fbn.<\/span><\/h3>\n<h3 style=\"text-align: justify\"><span style=\"font-family: arial, helvetica, sans-serif\">Ji aliyek\u00ee din ve, li Sil\u00eamaniy\u00ea, w\u00eaneyek kes\u00ean ku ji Barzan\u00eeyan aciz j\u00ee heb\u00fb.<\/span><\/h3>\n<ol>\n<li>\n<h3><span style=\"font-family: 'arial black', sans-serif;font-size: 18pt;color: #8c0808\"><strong> W\u00eane: Ling\u00ean Hevpeymaniya Dij-Kurd \u00fb W\u00eaneya Xiyanet\u00ea<\/strong><\/span><\/h3>\n<\/li>\n<\/ol>\n<h3 style=\"text-align: justify\"><span style=\"font-family: arial, helvetica, sans-serif\">Cih\u00ea w\u00eaneya duyem, ku di 17\u00ea \u00e7iley\u00ea de hatiye ki\u015fandin, Sil\u00eaman\u00ee b\u00fb. Di w\u00eaney\u00ea de du kes heb\u00fbn. Y\u00ea yekem serok\u00ea YNK\u00ea bi nakok Bafil Talaban\u00ee b\u00fb, \u00fb y\u00ea duyem \u015easiwar Ebdulwah\u00eed, serok\u00ea tevgera Nif\u015f\u00ea N\u00fb b\u00fb. Ev her du kes li hev civiyab\u00fbn da ku ragih\u00eenin ku wan peymanek \u00e7\u00eakiriye ku n\u00fbner\u00ean yek\u00eeti \u00fb \u00eeradeya netewey\u00ee ya Kurd, ango Barzan\u00eeyan dervey\u00ee hik\u00fbmet\u00ea de bih\u00ealin, li hev kirib\u00fbn.<\/span><\/h3>\n<h3 style=\"text-align: justify\"><span style=\"font-family: arial, helvetica, sans-serif\">\u015easiwar Ebdulwah\u00eed bi fermana Bafil Talaban\u00ee ji ber gendel\u00ee \u00fb pirsgir\u00eak\u00ean daray\u00ee ev p\u00eanc mehe hatib\u00fb girtin. \u015easiwar, ku xwed\u00ee fa\u00eelek\u00ee s\u00fbc \u00ean tar\u00ee \u00fb berfireh b\u00fb, di girt\u00eegeh\u00ea de pir ba\u015f l\u00ea dihat xwed\u00eekirin. Dema ku ew hate berdan, por\u00ea w\u00ee boyaxkir\u00ee b\u00fb \u00fb cil\u00ean w\u00ee pir paqij b\u00fbn. \u015easiwar bi gelemper\u00ee kesayetek muxalefet\u00ea \u00fb rexnegirek YNK\u00ea b\u00fb. L\u00eabel\u00ea, ew ber\u00ee hilbijartin\u00ean Cotmeh\u00ea hate girtin, \u00fb partiya w\u00ee di hilbijartin\u00ea de windahiyek gir\u00eeng a dengan d\u00eet. Wisa dixuye ku hem\u00fb fa\u00eel\u00ean t\u00eakildar\u00ee \u00eestismara cins\u00ee, \u015f\u00fb\u015ftina pereyan \u00fb hwd. ji \u00e7avkaniy\u00ean nenas n\u00ee\u015fan\u00ee \u015easiwar Abdulwahid dane \u00fb hem\u00fb rexney\u00ean xwe y\u00ean li ser YNK \u00ea veki\u015fandine \u00fb biryar dane ku di l\u00eestika dij\u00ee-Hewl\u00ear\u00ea ya Bafil Talaban\u00ee de roleke p\u00ea\u015feng bil\u00eeze.<\/span><\/h3>\n<h3 style=\"text-align: justify\"><span style=\"font-family: arial, helvetica, sans-serif\">Ji aliy\u00ea din ve, Bafil Talaban\u00ee kesek e ku ji bo desthilatdariya xwe hem\u00fb kadroy\u00ean kevin \u00ean YNK\u00ea ji hol\u00ea rakiriye \u00fb ser\u00ea dijber\u00ean xwe j\u00ea kiriye.<\/span><\/h3>\n<h3 style=\"text-align: justify\"><span style=\"font-family: arial, helvetica, sans-serif\">Yan\u00ee, kes\u00ean di w\u00eaneya sic\u00eela duyem\u00een de \u015fopa neteweperest\u00ee, \u00eeradeya netewey\u00ee, Kurdistan\u00ee \u00fb Kurd\u00eetiy\u00ea n\u00eenin. Du kesayet\u00ean tar\u00ee, du kesayetiy\u00ean\u00a0 mafyay\u00ee, ji bo parastina qad\u00ean xwe y\u00ean madd\u00ee \u00fb desthilatdariy\u00ea hatine cem hev. Wek\u00ee din, y\u00ean ku pi\u015ftgiriy\u00ea didin v\u00ea hevpeymaniy\u00ea ew in ku dixwazin p\u00ea\u015f\u00ee li xurtb\u00fbna desthilatdariya Kurdan a navenda w\u00ea li Hewler\u00ea bigirin. Ji boy di w\u00ean\u00ea ye de bi rengek\u00ee ve\u015fart \u00ceran, \u00ceraq, Tirkiye u hamu nehez\u00ean Kurdan heb\u00fbn.<\/span><\/h3>\n<h3 style=\"text-align: justify\"><span style=\"font-family: arial, helvetica, sans-serif\">Ji ber v\u00ea yek\u00ea, roja \u015eemiy\u00ea, 17 \u00e7\u00eeley\u00ea, Kurdan \u015fahidiya du rast\u00eey\u00ean di d\u00eeroka Kurdistan\u00ea de kirin. Li Hewler\u00ea, di bin serokatiya Serok Barzan\u00ee de, wan helwesta netewey\u00ee ya Kurd, yek\u00eetiya Kurd \u00fb komb\u00fbna Kurdan ji bo maf\u00ea xwe y\u00ea xwer\u00eaveberiy\u00ea d\u00eetin. Ango, wan berxwedan, h\u00eav\u00ee \u00fb yek\u00eet\u00ee d\u00eetin. Li Sil\u00eamaniy\u00ea, wan rast\u00eeya xiyaneta d\u00eerok\u00ee ya Kurdan d\u00eetin, ya wan kes\u00ean ku ji bo berjewend\u00eey\u00ean dewlet\u00ean her\u00eam\u00ee \u00fb y\u00ean xwe y\u00ean teng, firotina neteweya Kurd d\u00eet.<\/span><\/h3>\n","protected":false},"excerpt":{"rendered":"<p>17 \u00ea \u00c7iley\u00ea d\u00ea rojek be ku di d\u00eeroka n\u00eaz\u00eek a Kurdan de pir caran t\u00ea behs kirin. di 17\u00ea \u00c7iley\u00ea de, du civ\u00een\u00ean siyas\u00ee y\u00ean cuda li Kurdistan\u00ea p\u00eak hatin. Van her du civ\u00een\u00ean cuda bi zelal\u00ee duryana ku siyaseta Kurd l\u00ea ye e\u015fkere kirin. Ev her du civ\u00een, ku di heman roj\u00ea de [&hellip;]<\/p>\n","protected":false},"author":2,"featured_media":1051415,"comment_status":"closed","ping_status":"closed","sticky":false,"template":"","format":"standard","meta":{"footnotes":""},"categories":[68],"tags":[37],"class_list":["post-1051414","post","type-post","status-publish","format-standard","has-post-thumbnail","hentry","category-analiz","tag-sereke"],"blocksy_meta":[],"seo_head":"<!-- This site is optimized with the Yoast SEO plugin v27.5 - https:\/\/yoast.com\/product\/yoast-seo-wordpress\/ -->\n<title>Du w\u00eaney\u00ean cuda, du hevpeymaniy\u00ean cuda, du armanc\u00ean cuda, du stratejiy\u00ean cuda di heman roj\u00ea de - Darka Maz\u00ee<\/title>\n<meta name=\"robots\" content=\"index, follow, max-snippet:-1, max-image-preview:large, max-video-preview:-1\" \/>\n<link rel=\"canonical\" href=\"https:\/\/darkamazi.info\/archives\/1051414\" \/>\n<meta property=\"og:locale\" content=\"en_US\" \/>\n<meta property=\"og:type\" content=\"article\" \/>\n<meta property=\"og:title\" content=\"Du w\u00eaney\u00ean cuda, du hevpeymaniy\u00ean cuda, du armanc\u00ean cuda, du stratejiy\u00ean cuda di heman roj\u00ea de - Darka Maz\u00ee\" \/>\n<meta property=\"og:description\" content=\"17 \u00ea \u00c7iley\u00ea d\u00ea rojek be ku di d\u00eeroka n\u00eaz\u00eek a Kurdan de pir caran t\u00ea behs kirin. di 17\u00ea \u00c7iley\u00ea de, du civ\u00een\u00ean siyas\u00ee y\u00ean cuda li Kurdistan\u00ea p\u00eak hatin. Van her du civ\u00een\u00ean cuda bi zelal\u00ee duryana ku siyaseta Kurd l\u00ea ye e\u015fkere kirin. Ev her du civ\u00een, ku di heman roj\u00ea de [&hellip;]\" \/>\n<meta property=\"og:url\" content=\"https:\/\/darkamazi.info\/archives\/1051414\" \/>\n<meta property=\"og:site_name\" content=\"Darka Maz\u00ee\" \/>\n<meta property=\"article:publisher\" content=\"https:\/\/www.facebook.com\/DarMaziKurmanci\" \/>\n<meta property=\"article:published_time\" content=\"2026-01-18T15:27:42+00:00\" \/>\n<meta property=\"og:image\" content=\"https:\/\/darkamazi.info\/file\/2026\/01\/du_wene.jpg\" \/>\n\t<meta property=\"og:image:width\" content=\"900\" \/>\n\t<meta property=\"og:image:height\" content=\"475\" \/>\n\t<meta property=\"og:image:type\" content=\"image\/jpeg\" \/>\n<meta name=\"author\" content=\"darka mazi\" \/>\n<meta name=\"twitter:card\" content=\"summary_large_image\" \/>\n<meta name=\"twitter:creator\" content=\"@DarkaMaziLatini\" \/>\n<meta name=\"twitter:site\" content=\"@DarkaMaziLatini\" \/>\n<meta name=\"twitter:label1\" content=\"Written by\" \/>\n\t<meta name=\"twitter:data1\" content=\"darka mazi\" \/>\n\t<meta name=\"twitter:label2\" content=\"Est. reading time\" \/>\n\t<meta name=\"twitter:data2\" content=\"4 minutes\" \/>\n<script type=\"application\/ld+json\" class=\"seo-schema-graph\">{\"@context\":\"https:\\\/\\\/schema.org\",\"@graph\":[{\"@type\":\"Article\",\"@id\":\"https:\\\/\\\/darkamazi.info\\\/archives\\\/1051414#article\",\"isPartOf\":{\"@id\":\"https:\\\/\\\/darkamazi.info\\\/archives\\\/1051414\"},\"author\":{\"name\":\"darka mazi\",\"@id\":\"https:\\\/\\\/darkamazi.info\\\/#\\\/schema\\\/person\\\/5ad3e24553a0567993fa8ed4bd0a776c\"},\"headline\":\"Du w\u00eaney\u00ean cuda, du hevpeymaniy\u00ean cuda, du armanc\u00ean cuda, du stratejiy\u00ean cuda di heman roj\u00ea de\",\"datePublished\":\"2026-01-18T15:27:42+00:00\",\"mainEntityOfPage\":{\"@id\":\"https:\\\/\\\/darkamazi.info\\\/archives\\\/1051414\"},\"wordCount\":831,\"publisher\":{\"@id\":\"https:\\\/\\\/darkamazi.info\\\/#organization\"},\"image\":{\"@id\":\"https:\\\/\\\/darkamazi.info\\\/archives\\\/1051414#primaryimage\"},\"thumbnailUrl\":\"https:\\\/\\\/darkamazi.info\\\/darka-content\\\/uploads\\\/2026\\\/01\\\/du_wene.jpg\",\"keywords\":[\"sereke\"],\"articleSection\":[\"Anal\u00eez\"],\"inLanguage\":\"en-US\"},{\"@type\":\"WebPage\",\"@id\":\"https:\\\/\\\/darkamazi.info\\\/archives\\\/1051414\",\"url\":\"https:\\\/\\\/darkamazi.info\\\/archives\\\/1051414\",\"name\":\"Du w\u00eaney\u00ean cuda, du hevpeymaniy\u00ean cuda, du armanc\u00ean cuda, du stratejiy\u00ean cuda di heman roj\u00ea de - Darka Maz\u00ee\",\"isPartOf\":{\"@id\":\"https:\\\/\\\/darkamazi.info\\\/#website\"},\"primaryImageOfPage\":{\"@id\":\"https:\\\/\\\/darkamazi.info\\\/archives\\\/1051414#primaryimage\"},\"image\":{\"@id\":\"https:\\\/\\\/darkamazi.info\\\/archives\\\/1051414#primaryimage\"},\"thumbnailUrl\":\"https:\\\/\\\/darkamazi.info\\\/darka-content\\\/uploads\\\/2026\\\/01\\\/du_wene.jpg\",\"datePublished\":\"2026-01-18T15:27:42+00:00\",\"breadcrumb\":{\"@id\":\"https:\\\/\\\/darkamazi.info\\\/archives\\\/1051414#breadcrumb\"},\"inLanguage\":\"en-US\",\"potentialAction\":[{\"@type\":\"ReadAction\",\"target\":[\"https:\\\/\\\/darkamazi.info\\\/archives\\\/1051414\"]}]},{\"@type\":\"ImageObject\",\"inLanguage\":\"en-US\",\"@id\":\"https:\\\/\\\/darkamazi.info\\\/archives\\\/1051414#primaryimage\",\"url\":\"https:\\\/\\\/darkamazi.info\\\/darka-content\\\/uploads\\\/2026\\\/01\\\/du_wene.jpg\",\"contentUrl\":\"https:\\\/\\\/darkamazi.info\\\/darka-content\\\/uploads\\\/2026\\\/01\\\/du_wene.jpg\",\"width\":900,\"height\":475,\"caption\":\"du_w\u00eane\"},{\"@type\":\"BreadcrumbList\",\"@id\":\"https:\\\/\\\/darkamazi.info\\\/archives\\\/1051414#breadcrumb\",\"itemListElement\":[{\"@type\":\"ListItem\",\"position\":1,\"name\":\"Home\",\"item\":\"https:\\\/\\\/darkamazi.info\\\/\"},{\"@type\":\"ListItem\",\"position\":2,\"name\":\"Du w\u00eaney\u00ean cuda, du hevpeymaniy\u00ean cuda, du armanc\u00ean cuda, du stratejiy\u00ean cuda di heman roj\u00ea de\"}]},{\"@type\":\"WebSite\",\"@id\":\"https:\\\/\\\/darkamazi.info\\\/#website\",\"url\":\"https:\\\/\\\/darkamazi.info\\\/\",\"name\":\"Darka Maz\u00ee\",\"description\":\"P\u00eageha Zanyariy\u00ean Nebih\u00eest\u00ee\",\"publisher\":{\"@id\":\"https:\\\/\\\/darkamazi.info\\\/#organization\"},\"potentialAction\":[{\"@type\":\"SearchAction\",\"target\":{\"@type\":\"EntryPoint\",\"urlTemplate\":\"https:\\\/\\\/darkamazi.info\\\/?s={search_term_string}\"},\"query-input\":{\"@type\":\"PropertyValueSpecification\",\"valueRequired\":true,\"valueName\":\"search_term_string\"}}],\"inLanguage\":\"en-US\"},{\"@type\":\"Organization\",\"@id\":\"https:\\\/\\\/darkamazi.info\\\/#organization\",\"name\":\"Darka Maz\u00ee\",\"url\":\"https:\\\/\\\/darkamazi.info\\\/\",\"logo\":{\"@type\":\"ImageObject\",\"inLanguage\":\"en-US\",\"@id\":\"https:\\\/\\\/darkamazi.info\\\/#\\\/schema\\\/logo\\\/image\\\/\",\"url\":\"https:\\\/\\\/darkamazi.info\\\/darka-content\\\/uploads\\\/2017\\\/12\\\/darka-mazi-logo.png\",\"contentUrl\":\"https:\\\/\\\/darkamazi.info\\\/darka-content\\\/uploads\\\/2017\\\/12\\\/darka-mazi-logo.png\",\"width\":151,\"height\":75,\"caption\":\"Darka Maz\u00ee\"},\"image\":{\"@id\":\"https:\\\/\\\/darkamazi.info\\\/#\\\/schema\\\/logo\\\/image\\\/\"},\"sameAs\":[\"https:\\\/\\\/www.facebook.com\\\/DarMaziKurmanci\",\"https:\\\/\\\/x.com\\\/DarkaMaziLatini\",\"https:\\\/\\\/www.instagram.com\\\/darkamazi.kurmanci\\\/\",\"https:\\\/\\\/www.youtube.com\\\/channel\\\/UCa5HkTdmI8U1qCUFuTw8B2g\"]},{\"@type\":\"Person\",\"@id\":\"https:\\\/\\\/darkamazi.info\\\/#\\\/schema\\\/person\\\/5ad3e24553a0567993fa8ed4bd0a776c\",\"name\":\"darka mazi\",\"sameAs\":[\"https:\\\/\\\/darkamazi.info\\\/\"],\"url\":\"https:\\\/\\\/darkamazi.info\\\/archives\\\/author\\\/kurdi\"}]}<\/script>\n<!-- \/ Yoast SEO plugin. -->","seo_head_json":{"title":"Du w\u00eaney\u00ean cuda, du hevpeymaniy\u00ean cuda, du armanc\u00ean cuda, du stratejiy\u00ean cuda di heman roj\u00ea de - Darka Maz\u00ee","robots":{"index":"index","follow":"follow","max-snippet":"max-snippet:-1","max-image-preview":"max-image-preview:large","max-video-preview":"max-video-preview:-1"},"canonical":"https:\/\/darkamazi.info\/archives\/1051414","og_locale":"en_US","og_type":"article","og_title":"Du w\u00eaney\u00ean cuda, du hevpeymaniy\u00ean cuda, du armanc\u00ean cuda, du stratejiy\u00ean cuda di heman roj\u00ea de - Darka Maz\u00ee","og_description":"17 \u00ea \u00c7iley\u00ea d\u00ea rojek be ku di d\u00eeroka n\u00eaz\u00eek a Kurdan de pir caran t\u00ea behs kirin. di 17\u00ea \u00c7iley\u00ea de, du civ\u00een\u00ean siyas\u00ee y\u00ean cuda li Kurdistan\u00ea p\u00eak hatin. Van her du civ\u00een\u00ean cuda bi zelal\u00ee duryana ku siyaseta Kurd l\u00ea ye e\u015fkere kirin. Ev her du civ\u00een, ku di heman roj\u00ea de [&hellip;]","og_url":"https:\/\/darkamazi.info\/archives\/1051414","og_site_name":"Darka Maz\u00ee","article_publisher":"https:\/\/www.facebook.com\/DarMaziKurmanci","article_published_time":"2026-01-18T15:27:42+00:00","og_image":[{"width":900,"height":475,"url":"https:\/\/darkamazi.info\/file\/2026\/01\/du_wene.jpg","type":"image\/jpeg"}],"author":"darka mazi","twitter_card":"summary_large_image","twitter_creator":"@DarkaMaziLatini","twitter_site":"@DarkaMaziLatini","twitter_misc":{"Written by":"darka mazi","Est. reading time":"4 minutes"},"schema":{"@context":"https:\/\/schema.org","@graph":[{"@type":"Article","@id":"https:\/\/darkamazi.info\/archives\/1051414#article","isPartOf":{"@id":"https:\/\/darkamazi.info\/archives\/1051414"},"author":{"name":"darka mazi","@id":"https:\/\/darkamazi.info\/#\/schema\/person\/5ad3e24553a0567993fa8ed4bd0a776c"},"headline":"Du w\u00eaney\u00ean cuda, du hevpeymaniy\u00ean cuda, du armanc\u00ean cuda, du stratejiy\u00ean cuda di heman roj\u00ea de","datePublished":"2026-01-18T15:27:42+00:00","mainEntityOfPage":{"@id":"https:\/\/darkamazi.info\/archives\/1051414"},"wordCount":831,"publisher":{"@id":"https:\/\/darkamazi.info\/#organization"},"image":{"@id":"https:\/\/darkamazi.info\/archives\/1051414#primaryimage"},"thumbnailUrl":"https:\/\/darkamazi.info\/file\/2026\/01\/du_wene.jpg","keywords":["sereke"],"articleSection":["Anal\u00eez"],"inLanguage":"en-US"},{"@type":"WebPage","@id":"https:\/\/darkamazi.info\/archives\/1051414","url":"https:\/\/darkamazi.info\/archives\/1051414","name":"Du w\u00eaney\u00ean cuda, du hevpeymaniy\u00ean cuda, du armanc\u00ean cuda, du stratejiy\u00ean cuda di heman roj\u00ea de - Darka Maz\u00ee","isPartOf":{"@id":"https:\/\/darkamazi.info\/#website"},"primaryImageOfPage":{"@id":"https:\/\/darkamazi.info\/archives\/1051414#primaryimage"},"image":{"@id":"https:\/\/darkamazi.info\/archives\/1051414#primaryimage"},"thumbnailUrl":"https:\/\/darkamazi.info\/file\/2026\/01\/du_wene.jpg","datePublished":"2026-01-18T15:27:42+00:00","breadcrumb":{"@id":"https:\/\/darkamazi.info\/archives\/1051414#breadcrumb"},"inLanguage":"en-US","potentialAction":[{"@type":"ReadAction","target":["https:\/\/darkamazi.info\/archives\/1051414"]}]},{"@type":"ImageObject","inLanguage":"en-US","@id":"https:\/\/darkamazi.info\/archives\/1051414#primaryimage","url":"https:\/\/darkamazi.info\/file\/2026\/01\/du_wene.jpg","contentUrl":"https:\/\/darkamazi.info\/file\/2026\/01\/du_wene.jpg","width":900,"height":475,"caption":"du_w\u00eane"},{"@type":"BreadcrumbList","@id":"https:\/\/darkamazi.info\/archives\/1051414#breadcrumb","itemListElement":[{"@type":"ListItem","position":1,"name":"Home","item":"https:\/\/darkamazi.info\/"},{"@type":"ListItem","position":2,"name":"Du w\u00eaney\u00ean cuda, du hevpeymaniy\u00ean cuda, du armanc\u00ean cuda, du stratejiy\u00ean cuda di heman roj\u00ea de"}]},{"@type":"WebSite","@id":"https:\/\/darkamazi.info\/#website","url":"https:\/\/darkamazi.info\/","name":"Darka Maz\u00ee","description":"P\u00eageha Zanyariy\u00ean Nebih\u00eest\u00ee","publisher":{"@id":"https:\/\/darkamazi.info\/#organization"},"potentialAction":[{"@type":"SearchAction","target":{"@type":"EntryPoint","urlTemplate":"https:\/\/darkamazi.info\/?s={search_term_string}"},"query-input":{"@type":"PropertyValueSpecification","valueRequired":true,"valueName":"search_term_string"}}],"inLanguage":"en-US"},{"@type":"Organization","@id":"https:\/\/darkamazi.info\/#organization","name":"Darka Maz\u00ee","url":"https:\/\/darkamazi.info\/","logo":{"@type":"ImageObject","inLanguage":"en-US","@id":"https:\/\/darkamazi.info\/#\/schema\/logo\/image\/","url":"https:\/\/darkamazi.info\/file\/2017\/12\/darka-mazi-logo.png","contentUrl":"https:\/\/darkamazi.info\/file\/2017\/12\/darka-mazi-logo.png","width":151,"height":75,"caption":"Darka Maz\u00ee"},"image":{"@id":"https:\/\/darkamazi.info\/#\/schema\/logo\/image\/"},"sameAs":["https:\/\/www.facebook.com\/DarMaziKurmanci","https:\/\/x.com\/DarkaMaziLatini","https:\/\/www.instagram.com\/darkamazi.kurmanci\/","https:\/\/www.youtube.com\/channel\/UCa5HkTdmI8U1qCUFuTw8B2g"]},{"@type":"Person","@id":"https:\/\/darkamazi.info\/#\/schema\/person\/5ad3e24553a0567993fa8ed4bd0a776c","name":"darka mazi","sameAs":["https:\/\/darkamazi.info\/"],"url":"https:\/\/darkamazi.info\/archives\/author\/kurdi"}]}},"_links":{"self":[{"href":"https:\/\/darkamazi.info\/funavuv\/wp\/v2\/posts\/1051414","targetHints":{"allow":["GET"]}}],"collection":[{"href":"https:\/\/darkamazi.info\/funavuv\/wp\/v2\/posts"}],"about":[{"href":"https:\/\/darkamazi.info\/funavuv\/wp\/v2\/types\/post"}],"author":[{"embeddable":true,"href":"https:\/\/darkamazi.info\/funavuv\/wp\/v2\/users\/2"}],"replies":[{"embeddable":true,"href":"https:\/\/darkamazi.info\/funavuv\/wp\/v2\/comments?post=1051414"}],"version-history":[{"count":0,"href":"https:\/\/darkamazi.info\/funavuv\/wp\/v2\/posts\/1051414\/revisions"}],"wp:featuredmedia":[{"embeddable":true,"href":"https:\/\/darkamazi.info\/funavuv\/wp\/v2\/media\/1051415"}],"wp:attachment":[{"href":"https:\/\/darkamazi.info\/funavuv\/wp\/v2\/media?parent=1051414"}],"wp:term":[{"taxonomy":"category","embeddable":true,"href":"https:\/\/darkamazi.info\/funavuv\/wp\/v2\/categories?post=1051414"},{"taxonomy":"post_tag","embeddable":true,"href":"https:\/\/darkamazi.info\/funavuv\/wp\/v2\/tags?post=1051414"}],"curies":[{"name":"wp","href":"https:\/\/api.w.org\/{rel}","templated":true}]}}