{"id":1051427,"date":"2026-01-19T10:45:04","date_gmt":"2026-01-19T07:45:04","guid":{"rendered":"https:\/\/darkamazi.info\/?p=1051427"},"modified":"2026-01-19T10:45:04","modified_gmt":"2026-01-19T07:45:04","slug":"ilham-ehmed-ez-ji-welatiyan-dixwazim-hisyar-bin-u-li-du-gotgotkan-necin","status":"publish","type":"post","link":"https:\/\/darkamazi.info\/archives\/1051427","title":{"rendered":"\u00celham Ehmed: Ez ji welatiyan dixwazim hi\u015fyar bin \u00fb li d\u00fb gotgotkan ne\u00e7in"},"content":{"rendered":"<h3 style=\"text-align: justify\"><span style=\"font-family: 'arial black', sans-serif\">Berpirsa Peywendiy\u00ean Derve ya R\u00eaveberiya Xweseriya Demokrat\u00eek a Her\u00eama Bakur \u00fb Rojhilat\u00ea S\u00fbriyey\u00ea ragihand: Ez ji welatiyan dixwazim ku pir hi\u015fyar bin \u00fb li d\u00fb gotgotkan ne\u00e7in.<\/span><\/h3>\n<h3 style=\"text-align: justify\">Berpirsa Peywendiy\u00ean Derve ya R\u00eaveberiya Xweseriya Demokrat\u00eek a Her\u00eama Bakur \u00fb Rojhilat\u00ea S\u00fbriyey\u00ea \u00celham Ehmed \u00eero (Du\u015fem, 19.01.2026) li ser hesab\u00ea xwe y\u00ea tora civak\u00ee ya X\u00ea niv\u00eesiye: Hem\u00ee ew raport\u00ean ku behsa komkujiy\u00ea li Hesekey\u00ea dikin ne rast in \u00fb bi tevah\u00ee \u00e7\u00eakir\u00ee ne.<\/h3>\n<h3 style=\"text-align: justify\">\u00celham Ehmed amaje j\u00ee da: Ev t\u00eakdan ji h\u00eala kom\u00ean tundr\u00ea y\u00ean h\u00eaz\u00ean Art\u00ea\u015fa Ereb\u00ee ya S\u00fbriyey\u00ea ve t\u00ean belavkirin, bi merema t\u00eakdana agirbest\u00ea, peydakirina aloziy\u00ean e\u015f\u00eer\u00ee \u00fb \u00e7\u00eakirina derfetan ji bo \u00ear\u00ee\u015fkirina li ser Heseke \u00fb Kobaniy\u00ea.<\/h3>\n<h3 style=\"text-align: justify\">Berpirsa navbir\u00ee li dawiy\u00ea tekez j\u00ee kir ku, ew pabend\u00ee agirbest\u00ea ne \u00fb ji bo yekgirtina tevah\u00ee ya h\u00eazan li Hesekey\u00ea dixebitin.<\/h3>\n<h3 style=\"text-align: justify\">Wezareta Berevaniy\u00ea ya S\u00fbriyey\u00ea duh\u00ee (Yek\u015fem, 18.01.2026) wek\u00ee bicihan\u00eena lihevkirina n\u00fb ya di navbera \u015eam \u00fb HSD\u00ea de bi rengek\u00ea ferm\u00ee rawestandina \u015fer \u00fb agirbest\u00ea li hem\u00ee eniyan ragihand, herwesa r\u00eakar dan h\u00eaz\u00ean art\u00ea\u015f\u00ea ku ser \u00fb mal\u00ean welatiyan bipar\u00eazin.<\/h3>\n<h3 style=\"text-align: justify\">Wezareta navbir\u00ee herwesa ragihand: Li ser bingeha w\u00ea peymana ku di navbera Ehmed \u015eera \u00fb Mezl\u00fbm Ebd\u00ee de hatiye kirin, em radigih\u00eenin ku agirbest li hem\u00ee eniyan \u00fb rawestandina gi\u015ft\u00ee ya kiryar\u00ean le\u015fker\u00ee li dever\u00ean cuda cuda y\u00ean pev\u00e7\u00fbn\u00ea hatiye destp\u00eakirin.&#8221;<\/h3>\n<h3 style=\"text-align: justify\">Her w\u00ea wezaret\u00ea amaje j\u00ee da ku, armanca v\u00ea p\u00eangav\u00ea &#8220;amadekirina vekirina kor\u00eedoreka a\u015ftiyane ji bo vegera \u015f\u00eaniyan ji bo dever\u00ean wan e, \u00fb herwesa r\u00ea li ber vegera dezgeh\u00ean dewlet\u00ea vedike da ku erk\u00ean xwe di xizmeta welatiyan de bic\u00eeh b\u00eenin.<\/h3>\n","protected":false},"excerpt":{"rendered":"<p>Berpirsa Peywendiy\u00ean Derve ya R\u00eaveberiya Xweseriya Demokrat\u00eek a Her\u00eama Bakur \u00fb Rojhilat\u00ea S\u00fbriyey\u00ea ragihand: Ez ji welatiyan dixwazim ku pir hi\u015fyar bin \u00fb li d\u00fb gotgotkan ne\u00e7in. Berpirsa Peywendiy\u00ean Derve ya R\u00eaveberiya Xweseriya Demokrat\u00eek a Her\u00eama Bakur \u00fb Rojhilat\u00ea S\u00fbriyey\u00ea \u00celham Ehmed \u00eero (Du\u015fem, 19.01.2026) li ser hesab\u00ea xwe y\u00ea tora civak\u00ee ya X\u00ea niv\u00eesiye: [&hellip;]<\/p>\n","protected":false},"author":2,"featured_media":1051428,"comment_status":"closed","ping_status":"closed","sticky":false,"template":"","format":"standard","meta":{"footnotes":""},"categories":[29],"tags":[37],"class_list":["post-1051427","post","type-post","status-publish","format-standard","has-post-thumbnail","hentry","category-kurdistan","tag-sereke"],"blocksy_meta":[],"seo_head":"<!-- This site is optimized with the Yoast SEO plugin v27.5 - https:\/\/yoast.com\/product\/yoast-seo-wordpress\/ -->\n<title>\u00celham Ehmed: Ez ji welatiyan dixwazim hi\u015fyar bin \u00fb li d\u00fb gotgotkan ne\u00e7in - Darka Maz\u00ee<\/title>\n<meta name=\"robots\" content=\"index, follow, max-snippet:-1, max-image-preview:large, max-video-preview:-1\" \/>\n<link rel=\"canonical\" href=\"https:\/\/darkamazi.info\/archives\/1051427\" \/>\n<meta property=\"og:locale\" content=\"en_US\" \/>\n<meta property=\"og:type\" content=\"article\" \/>\n<meta property=\"og:title\" content=\"\u00celham Ehmed: Ez ji welatiyan dixwazim hi\u015fyar bin \u00fb li d\u00fb gotgotkan ne\u00e7in - Darka Maz\u00ee\" \/>\n<meta property=\"og:description\" content=\"Berpirsa Peywendiy\u00ean Derve ya R\u00eaveberiya Xweseriya Demokrat\u00eek a Her\u00eama Bakur \u00fb Rojhilat\u00ea S\u00fbriyey\u00ea ragihand: Ez ji welatiyan dixwazim ku pir hi\u015fyar bin \u00fb li d\u00fb gotgotkan ne\u00e7in. Berpirsa Peywendiy\u00ean Derve ya R\u00eaveberiya Xweseriya Demokrat\u00eek a Her\u00eama Bakur \u00fb Rojhilat\u00ea S\u00fbriyey\u00ea \u00celham Ehmed \u00eero (Du\u015fem, 19.01.2026) li ser hesab\u00ea xwe y\u00ea tora civak\u00ee ya X\u00ea niv\u00eesiye: [&hellip;]\" \/>\n<meta property=\"og:url\" content=\"https:\/\/darkamazi.info\/archives\/1051427\" \/>\n<meta property=\"og:site_name\" content=\"Darka Maz\u00ee\" \/>\n<meta property=\"article:publisher\" content=\"https:\/\/www.facebook.com\/DarMaziKurmanci\" \/>\n<meta property=\"article:published_time\" content=\"2026-01-19T07:45:04+00:00\" \/>\n<meta property=\"og:image\" content=\"https:\/\/darkamazi.info\/file\/2026\/01\/ILHAM-EHMED-2.jpg\" \/>\n\t<meta property=\"og:image:width\" content=\"900\" \/>\n\t<meta property=\"og:image:height\" content=\"497\" \/>\n\t<meta property=\"og:image:type\" content=\"image\/jpeg\" \/>\n<meta name=\"author\" content=\"darka mazi\" \/>\n<meta name=\"twitter:card\" content=\"summary_large_image\" \/>\n<meta name=\"twitter:creator\" content=\"@DarkaMaziLatini\" \/>\n<meta name=\"twitter:site\" content=\"@DarkaMaziLatini\" \/>\n<meta name=\"twitter:label1\" content=\"Written by\" \/>\n\t<meta name=\"twitter:data1\" content=\"darka mazi\" \/>\n\t<meta name=\"twitter:label2\" content=\"Est. reading time\" \/>\n\t<meta name=\"twitter:data2\" content=\"2 minutes\" \/>\n<script type=\"application\/ld+json\" class=\"seo-schema-graph\">{\"@context\":\"https:\\\/\\\/schema.org\",\"@graph\":[{\"@type\":\"Article\",\"@id\":\"https:\\\/\\\/darkamazi.info\\\/archives\\\/1051427#article\",\"isPartOf\":{\"@id\":\"https:\\\/\\\/darkamazi.info\\\/archives\\\/1051427\"},\"author\":{\"name\":\"darka mazi\",\"@id\":\"https:\\\/\\\/darkamazi.info\\\/#\\\/schema\\\/person\\\/5ad3e24553a0567993fa8ed4bd0a776c\"},\"headline\":\"\u00celham Ehmed: Ez ji welatiyan dixwazim hi\u015fyar bin \u00fb li d\u00fb gotgotkan ne\u00e7in\",\"datePublished\":\"2026-01-19T07:45:04+00:00\",\"mainEntityOfPage\":{\"@id\":\"https:\\\/\\\/darkamazi.info\\\/archives\\\/1051427\"},\"wordCount\":308,\"publisher\":{\"@id\":\"https:\\\/\\\/darkamazi.info\\\/#organization\"},\"image\":{\"@id\":\"https:\\\/\\\/darkamazi.info\\\/archives\\\/1051427#primaryimage\"},\"thumbnailUrl\":\"https:\\\/\\\/darkamazi.info\\\/darka-content\\\/uploads\\\/2026\\\/01\\\/ILHAM-EHMED-2.jpg\",\"keywords\":[\"sereke\"],\"articleSection\":[\"Kurdistan\"],\"inLanguage\":\"en-US\"},{\"@type\":\"WebPage\",\"@id\":\"https:\\\/\\\/darkamazi.info\\\/archives\\\/1051427\",\"url\":\"https:\\\/\\\/darkamazi.info\\\/archives\\\/1051427\",\"name\":\"\u00celham Ehmed: Ez ji welatiyan dixwazim hi\u015fyar bin \u00fb li d\u00fb gotgotkan ne\u00e7in - Darka Maz\u00ee\",\"isPartOf\":{\"@id\":\"https:\\\/\\\/darkamazi.info\\\/#website\"},\"primaryImageOfPage\":{\"@id\":\"https:\\\/\\\/darkamazi.info\\\/archives\\\/1051427#primaryimage\"},\"image\":{\"@id\":\"https:\\\/\\\/darkamazi.info\\\/archives\\\/1051427#primaryimage\"},\"thumbnailUrl\":\"https:\\\/\\\/darkamazi.info\\\/darka-content\\\/uploads\\\/2026\\\/01\\\/ILHAM-EHMED-2.jpg\",\"datePublished\":\"2026-01-19T07:45:04+00:00\",\"breadcrumb\":{\"@id\":\"https:\\\/\\\/darkamazi.info\\\/archives\\\/1051427#breadcrumb\"},\"inLanguage\":\"en-US\",\"potentialAction\":[{\"@type\":\"ReadAction\",\"target\":[\"https:\\\/\\\/darkamazi.info\\\/archives\\\/1051427\"]}]},{\"@type\":\"ImageObject\",\"inLanguage\":\"en-US\",\"@id\":\"https:\\\/\\\/darkamazi.info\\\/archives\\\/1051427#primaryimage\",\"url\":\"https:\\\/\\\/darkamazi.info\\\/darka-content\\\/uploads\\\/2026\\\/01\\\/ILHAM-EHMED-2.jpg\",\"contentUrl\":\"https:\\\/\\\/darkamazi.info\\\/darka-content\\\/uploads\\\/2026\\\/01\\\/ILHAM-EHMED-2.jpg\",\"width\":900,\"height\":497,\"caption\":\"\u00celham Ehmed: Ez ji welatiyan dixwazim hi\u015fyar bin \u00fb li d\u00fb gotgotkan ne\u00e7in\"},{\"@type\":\"BreadcrumbList\",\"@id\":\"https:\\\/\\\/darkamazi.info\\\/archives\\\/1051427#breadcrumb\",\"itemListElement\":[{\"@type\":\"ListItem\",\"position\":1,\"name\":\"Home\",\"item\":\"https:\\\/\\\/darkamazi.info\\\/\"},{\"@type\":\"ListItem\",\"position\":2,\"name\":\"\u00celham Ehmed: Ez ji welatiyan dixwazim hi\u015fyar bin \u00fb li d\u00fb gotgotkan ne\u00e7in\"}]},{\"@type\":\"WebSite\",\"@id\":\"https:\\\/\\\/darkamazi.info\\\/#website\",\"url\":\"https:\\\/\\\/darkamazi.info\\\/\",\"name\":\"Darka Maz\u00ee\",\"description\":\"P\u00eageha Zanyariy\u00ean Nebih\u00eest\u00ee\",\"publisher\":{\"@id\":\"https:\\\/\\\/darkamazi.info\\\/#organization\"},\"potentialAction\":[{\"@type\":\"SearchAction\",\"target\":{\"@type\":\"EntryPoint\",\"urlTemplate\":\"https:\\\/\\\/darkamazi.info\\\/?s={search_term_string}\"},\"query-input\":{\"@type\":\"PropertyValueSpecification\",\"valueRequired\":true,\"valueName\":\"search_term_string\"}}],\"inLanguage\":\"en-US\"},{\"@type\":\"Organization\",\"@id\":\"https:\\\/\\\/darkamazi.info\\\/#organization\",\"name\":\"Darka Maz\u00ee\",\"url\":\"https:\\\/\\\/darkamazi.info\\\/\",\"logo\":{\"@type\":\"ImageObject\",\"inLanguage\":\"en-US\",\"@id\":\"https:\\\/\\\/darkamazi.info\\\/#\\\/schema\\\/logo\\\/image\\\/\",\"url\":\"https:\\\/\\\/darkamazi.info\\\/darka-content\\\/uploads\\\/2017\\\/12\\\/darka-mazi-logo.png\",\"contentUrl\":\"https:\\\/\\\/darkamazi.info\\\/darka-content\\\/uploads\\\/2017\\\/12\\\/darka-mazi-logo.png\",\"width\":151,\"height\":75,\"caption\":\"Darka Maz\u00ee\"},\"image\":{\"@id\":\"https:\\\/\\\/darkamazi.info\\\/#\\\/schema\\\/logo\\\/image\\\/\"},\"sameAs\":[\"https:\\\/\\\/www.facebook.com\\\/DarMaziKurmanci\",\"https:\\\/\\\/x.com\\\/DarkaMaziLatini\",\"https:\\\/\\\/www.instagram.com\\\/darkamazi.kurmanci\\\/\",\"https:\\\/\\\/www.youtube.com\\\/channel\\\/UCa5HkTdmI8U1qCUFuTw8B2g\"]},{\"@type\":\"Person\",\"@id\":\"https:\\\/\\\/darkamazi.info\\\/#\\\/schema\\\/person\\\/5ad3e24553a0567993fa8ed4bd0a776c\",\"name\":\"darka mazi\",\"sameAs\":[\"https:\\\/\\\/darkamazi.info\\\/\"],\"url\":\"https:\\\/\\\/darkamazi.info\\\/archives\\\/author\\\/kurdi\"}]}<\/script>\n<!-- \/ Yoast SEO plugin. -->","seo_head_json":{"title":"\u00celham Ehmed: Ez ji welatiyan dixwazim hi\u015fyar bin \u00fb li d\u00fb gotgotkan ne\u00e7in - Darka Maz\u00ee","robots":{"index":"index","follow":"follow","max-snippet":"max-snippet:-1","max-image-preview":"max-image-preview:large","max-video-preview":"max-video-preview:-1"},"canonical":"https:\/\/darkamazi.info\/archives\/1051427","og_locale":"en_US","og_type":"article","og_title":"\u00celham Ehmed: Ez ji welatiyan dixwazim hi\u015fyar bin \u00fb li d\u00fb gotgotkan ne\u00e7in - Darka Maz\u00ee","og_description":"Berpirsa Peywendiy\u00ean Derve ya R\u00eaveberiya Xweseriya Demokrat\u00eek a Her\u00eama Bakur \u00fb Rojhilat\u00ea S\u00fbriyey\u00ea ragihand: Ez ji welatiyan dixwazim ku pir hi\u015fyar bin \u00fb li d\u00fb gotgotkan ne\u00e7in. Berpirsa Peywendiy\u00ean Derve ya R\u00eaveberiya Xweseriya Demokrat\u00eek a Her\u00eama Bakur \u00fb Rojhilat\u00ea S\u00fbriyey\u00ea \u00celham Ehmed \u00eero (Du\u015fem, 19.01.2026) li ser hesab\u00ea xwe y\u00ea tora civak\u00ee ya X\u00ea niv\u00eesiye: [&hellip;]","og_url":"https:\/\/darkamazi.info\/archives\/1051427","og_site_name":"Darka Maz\u00ee","article_publisher":"https:\/\/www.facebook.com\/DarMaziKurmanci","article_published_time":"2026-01-19T07:45:04+00:00","og_image":[{"width":900,"height":497,"url":"https:\/\/darkamazi.info\/file\/2026\/01\/ILHAM-EHMED-2.jpg","type":"image\/jpeg"}],"author":"darka mazi","twitter_card":"summary_large_image","twitter_creator":"@DarkaMaziLatini","twitter_site":"@DarkaMaziLatini","twitter_misc":{"Written by":"darka mazi","Est. reading time":"2 minutes"},"schema":{"@context":"https:\/\/schema.org","@graph":[{"@type":"Article","@id":"https:\/\/darkamazi.info\/archives\/1051427#article","isPartOf":{"@id":"https:\/\/darkamazi.info\/archives\/1051427"},"author":{"name":"darka mazi","@id":"https:\/\/darkamazi.info\/#\/schema\/person\/5ad3e24553a0567993fa8ed4bd0a776c"},"headline":"\u00celham Ehmed: Ez ji welatiyan dixwazim hi\u015fyar bin \u00fb li d\u00fb gotgotkan ne\u00e7in","datePublished":"2026-01-19T07:45:04+00:00","mainEntityOfPage":{"@id":"https:\/\/darkamazi.info\/archives\/1051427"},"wordCount":308,"publisher":{"@id":"https:\/\/darkamazi.info\/#organization"},"image":{"@id":"https:\/\/darkamazi.info\/archives\/1051427#primaryimage"},"thumbnailUrl":"https:\/\/darkamazi.info\/file\/2026\/01\/ILHAM-EHMED-2.jpg","keywords":["sereke"],"articleSection":["Kurdistan"],"inLanguage":"en-US"},{"@type":"WebPage","@id":"https:\/\/darkamazi.info\/archives\/1051427","url":"https:\/\/darkamazi.info\/archives\/1051427","name":"\u00celham Ehmed: Ez ji welatiyan dixwazim hi\u015fyar bin \u00fb li d\u00fb gotgotkan ne\u00e7in - Darka Maz\u00ee","isPartOf":{"@id":"https:\/\/darkamazi.info\/#website"},"primaryImageOfPage":{"@id":"https:\/\/darkamazi.info\/archives\/1051427#primaryimage"},"image":{"@id":"https:\/\/darkamazi.info\/archives\/1051427#primaryimage"},"thumbnailUrl":"https:\/\/darkamazi.info\/file\/2026\/01\/ILHAM-EHMED-2.jpg","datePublished":"2026-01-19T07:45:04+00:00","breadcrumb":{"@id":"https:\/\/darkamazi.info\/archives\/1051427#breadcrumb"},"inLanguage":"en-US","potentialAction":[{"@type":"ReadAction","target":["https:\/\/darkamazi.info\/archives\/1051427"]}]},{"@type":"ImageObject","inLanguage":"en-US","@id":"https:\/\/darkamazi.info\/archives\/1051427#primaryimage","url":"https:\/\/darkamazi.info\/file\/2026\/01\/ILHAM-EHMED-2.jpg","contentUrl":"https:\/\/darkamazi.info\/file\/2026\/01\/ILHAM-EHMED-2.jpg","width":900,"height":497,"caption":"\u00celham Ehmed: Ez ji welatiyan dixwazim hi\u015fyar bin \u00fb li d\u00fb gotgotkan ne\u00e7in"},{"@type":"BreadcrumbList","@id":"https:\/\/darkamazi.info\/archives\/1051427#breadcrumb","itemListElement":[{"@type":"ListItem","position":1,"name":"Home","item":"https:\/\/darkamazi.info\/"},{"@type":"ListItem","position":2,"name":"\u00celham Ehmed: Ez ji welatiyan dixwazim hi\u015fyar bin \u00fb li d\u00fb gotgotkan ne\u00e7in"}]},{"@type":"WebSite","@id":"https:\/\/darkamazi.info\/#website","url":"https:\/\/darkamazi.info\/","name":"Darka Maz\u00ee","description":"P\u00eageha Zanyariy\u00ean Nebih\u00eest\u00ee","publisher":{"@id":"https:\/\/darkamazi.info\/#organization"},"potentialAction":[{"@type":"SearchAction","target":{"@type":"EntryPoint","urlTemplate":"https:\/\/darkamazi.info\/?s={search_term_string}"},"query-input":{"@type":"PropertyValueSpecification","valueRequired":true,"valueName":"search_term_string"}}],"inLanguage":"en-US"},{"@type":"Organization","@id":"https:\/\/darkamazi.info\/#organization","name":"Darka Maz\u00ee","url":"https:\/\/darkamazi.info\/","logo":{"@type":"ImageObject","inLanguage":"en-US","@id":"https:\/\/darkamazi.info\/#\/schema\/logo\/image\/","url":"https:\/\/darkamazi.info\/file\/2017\/12\/darka-mazi-logo.png","contentUrl":"https:\/\/darkamazi.info\/file\/2017\/12\/darka-mazi-logo.png","width":151,"height":75,"caption":"Darka Maz\u00ee"},"image":{"@id":"https:\/\/darkamazi.info\/#\/schema\/logo\/image\/"},"sameAs":["https:\/\/www.facebook.com\/DarMaziKurmanci","https:\/\/x.com\/DarkaMaziLatini","https:\/\/www.instagram.com\/darkamazi.kurmanci\/","https:\/\/www.youtube.com\/channel\/UCa5HkTdmI8U1qCUFuTw8B2g"]},{"@type":"Person","@id":"https:\/\/darkamazi.info\/#\/schema\/person\/5ad3e24553a0567993fa8ed4bd0a776c","name":"darka mazi","sameAs":["https:\/\/darkamazi.info\/"],"url":"https:\/\/darkamazi.info\/archives\/author\/kurdi"}]}},"_links":{"self":[{"href":"https:\/\/darkamazi.info\/funavuv\/wp\/v2\/posts\/1051427","targetHints":{"allow":["GET"]}}],"collection":[{"href":"https:\/\/darkamazi.info\/funavuv\/wp\/v2\/posts"}],"about":[{"href":"https:\/\/darkamazi.info\/funavuv\/wp\/v2\/types\/post"}],"author":[{"embeddable":true,"href":"https:\/\/darkamazi.info\/funavuv\/wp\/v2\/users\/2"}],"replies":[{"embeddable":true,"href":"https:\/\/darkamazi.info\/funavuv\/wp\/v2\/comments?post=1051427"}],"version-history":[{"count":0,"href":"https:\/\/darkamazi.info\/funavuv\/wp\/v2\/posts\/1051427\/revisions"}],"wp:featuredmedia":[{"embeddable":true,"href":"https:\/\/darkamazi.info\/funavuv\/wp\/v2\/media\/1051428"}],"wp:attachment":[{"href":"https:\/\/darkamazi.info\/funavuv\/wp\/v2\/media?parent=1051427"}],"wp:term":[{"taxonomy":"category","embeddable":true,"href":"https:\/\/darkamazi.info\/funavuv\/wp\/v2\/categories?post=1051427"},{"taxonomy":"post_tag","embeddable":true,"href":"https:\/\/darkamazi.info\/funavuv\/wp\/v2\/tags?post=1051427"}],"curies":[{"name":"wp","href":"https:\/\/api.w.org\/{rel}","templated":true}]}}