{"id":1051433,"date":"2026-01-19T13:42:27","date_gmt":"2026-01-19T10:42:27","guid":{"rendered":"https:\/\/darkamazi.info\/?p=1051433"},"modified":"2026-01-19T13:42:27","modified_gmt":"2026-01-19T10:42:27","slug":"derewa-mezina-ocalan-biratiya-gelan-bi-zelali-li-rojava-xuya-bu","status":"publish","type":"post","link":"https:\/\/darkamazi.info\/archives\/1051433","title":{"rendered":"Derewa mezina Ocalan: &#8220;Biratiya Gelan&#8221; bi zelal\u00ee li Rojava xuya b\u00fb"},"content":{"rendered":"<h3 style=\"text-align: justify\"><span style=\"font-family: 'arial black', sans-serif\">Bi salane ku Abdullah Ocalan hevoka &#8220;Biratiya Gelan&#8221; wek\u00ee alternat\u00eefek p\u00ea\u015fver\u00fb ji bo dewleta netewey\u00ee \u00fb neteweperestiya kilas\u00eek p\u00ea\u015f dixe. Li ser r\u00fby\u00ea erd\u00ea, ev slogan soza jiyana wekhev, redkirina zilma netewey\u00ee \u00fb entegrasyona dilxwaza gelan dide. L\u00eabel\u00ea, ezm\u00fbna pirat\u00eek\u00eeya v\u00ea raman\u00ea, nemaze li S\u00fbriyey\u00ea, valahiyek k\u00fbr di navbera gotin \u00fb kirinan de e\u015fkere kiriye.<\/span><\/h3>\n<h3 style=\"text-align: justify\">Li S\u00fbriyey\u00ea, projeya ku bi nav\u00ea R\u00eaveberiya Xwesera Demokrat\u00eek \u00fb Biratiya Gelan di bin \u00eedolojiya Ocalan de hate destn\u00ee\u015fan kirin, di prat\u00eek\u00ea de b\u00fb sedem ku kurd bi awayek\u00ee gelemper\u00ee werin xapandin \u00fb avahiyeke b\u00ea asas \u00fb xeyal\u00ee li Rojava Kurdistan\u00ea were avakirin.<\/h3>\n<h3 style=\"text-align: justify\">Ji herkes\u00ee z\u00eadetir Ocalan dizane ku projeya Biratiya Gelan projeyeke lawaze \u00fb di v\u00ea projey\u00ea de ti car\u00ee kurd nikarin maf\u00ean xwe bidest bixin, berevaj\u00ee ger hat \u00fb ti\u015ftek di dest\u00ean kurdan de be bi v\u00ea projeya seqet teqez w\u00ea w\u00ee ti\u015ft\u00ee j\u00ee ji dest bidin weke me li Rojava Kurdistan\u00ea bi \u00e7av\u00ea xwe d\u00eet\u00ee. Ji ber ku ti dewr \u00fb dewranan biratiyeke rasteq\u00een di n\u00eavbera kurd \u00fb netewey\u00ean din y\u00ean ku erd\u00ea kurdan dagirkir\u00ee \u00e7\u00eanabe, ji dervey\u00ee kurd\u00ean ku bi \u00eedoloj\u00eeya seqeta Ocalan hatine xapandin ti kurdeke din nikare Ereb, Fars \u00fb Tirkek\u00ee wek biray\u00ea xwe qeb\u00fbl bike, ji ber ku ev gelane dagirker\u00ean Kurdistan\u00ea ne \u00fb tucar\u00ee qeb\u00fbl nakin weke bra bi kurdan re bij\u00een, ew hertim dixwazin serdest bin \u00fb kurd j\u00ee bindest\u00ean wan bin.<\/h3>\n<h3 style=\"text-align: justify\">B\u00fbyer\u00ean daw\u00ee y\u00ean li S\u00fbriyey\u00ea ev heq\u00eeqet bi zelal\u00ee n\u00ee\u015fan da ku v\u00ea projeya Ocalan ne bi ten\u00ea pirsgir\u00eaka kurd ber bi \u00e7areserkirin\u00ea ve nebiriye belku astengiy\u00ean here z\u00eadetir di r\u00eaya \u00e7areserkirina pirsgir\u00eaka kurd de \u00e7\u00eakirine.<\/h3>\n<h3 style=\"text-align: justify\">Derewa mezina Ocalan tam di v\u00ea deye: veguherandina t\u00eageheke xwe\u015fik \u00fb mirov\u00ee bo am\u00fbrek \u00eedeoloj\u00eek da ku serdestiya siyas\u00ee ya partiya xwe p\u00ea rewa bike. &#8220;Biratiya Gelan&#8221; dema ku li ser hilbijartina azad, pirrengiya rast\u00een \u00fb maf\u00ea rexnekirin\u00ea ava bibe, watedare; ne dema ku ew bibe perdeyek ji bo yekdestkirina desthilatdariy\u00ea \u00fb d\u00fbrxistina y\u00ean din. Ezm\u00fbna S\u00fbriyey\u00ea n\u00ee\u015fan daye ku b\u00eay\u00ee heb\u00fbna h\u00eazeke le\u015fker\u00ee ya rast\u00een, ti slogan, hetay\u00ean her\u00ee xwe\u015fik j\u00ee d\u00ea ji bil\u00ee xapandin\u00ea ti\u015ftek nebin.<\/h3>\n<h3 style=\"text-align: justify\">Raste kurdan li Rojava Kurdistan\u00ea ku PKK\u2019\u00ea ji boy raz\u00eekirina Ereban nav\u00ea w\u00ea guherand \u00fb kir &#8220;Bakur Rojhilat\u00ea S\u00fbriyey\u00ea&#8221; di bin seywana v\u00ea derewa mezina Ocalan xwestin Ereban weke biray\u00ea xwe hesab bikin, bi wan re saziy\u00ean Rojava bir\u00eave bibin \u00fb h\u00eazeke hevgirt\u00ee ya le\u015fker\u00ee bi wan re \u00e7\u00eake, l\u00ea bel\u00ea ten\u00ea dema Ereb di tengasiy\u00ea de b\u00fbn xwe b\u00eadeng kir \u00fb wisa n\u00ee\u015fan dan ku birat\u00ee \u00fb Demokrasiya Gelan qeb\u00fbl kiriye, l\u00ea bel\u00ea dema d\u00eet\u00een dikarin serdest bin \u00fb kurdan tepeser bikin, li dij\u00ee kurdan sekin\u00een, erd\u00ea kurdan dagirkirin, mal\u00ea wan talan kir, heqaret li p\u00eerukal, zarok \u00fb ciwan\u00ean kurd kirin, \u00fb li dij\u00ee wan sekin\u00een ber\u00ea l\u00fbl\u00eeya tivenga xwe da s\u00eenga kurdan.<\/h3>\n<h3 style=\"text-align: justify\">Li Tirkiy\u00ea, \u00ceraq\u00ea \u00fb \u00ceran\u00ea j\u00ee heman rew\u015f derbas dibe, ev netewey\u00ean dagirker\u00ean Kurdistan\u00ea bi ten\u00ea w\u00ea dem\u00ea biratiya kurdan qeb\u00fbl dikin ku kurd bindest\u00ean wan bin, dema mijar dibe maf\u00ean kurdan y\u00ean rewan \u00ead\u00ee weke g\u00fbr\u00ean birs\u00ee \u00ear\u00ee\u015f\u00ee kurdan dikin \u00fb wan dikujin, derbeder \u00fb b\u00ea mal \u00fb hal dikin.<\/h3>\n<h3 style=\"text-align: justify\">Y\u00ea ku div\u00ea li ser b\u00fbyer\u00ean li Rojava qewim\u00ee were rexnekirin \u00fb lenet kirin bi ten\u00ea Ocalan ne tu kesek din, ji ber ku Ocalan \u00fb partiya w\u00ee ya hilwe\u015fiyay\u00ee dixwazin kurdan bi hin hevok\u00ean weke Biratiya Gelan \u00fb civaka demokrat\u00eek mehk\u00fbm\u00ee bin dest\u00ea dagirker\u00ean wan bikin, heta ku kurd xwe ji v\u00ea \u00eedoloj\u00eeya p\u00ees \u00fb gemar xelas nekin, nikarin ti mafek\u00ee xwe y\u00ea netew\u00ee bi dest bixin.<\/h3>\n","protected":false},"excerpt":{"rendered":"<p>Bi salane ku Abdullah Ocalan hevoka &#8220;Biratiya Gelan&#8221; wek\u00ee alternat\u00eefek p\u00ea\u015fver\u00fb ji bo dewleta netewey\u00ee \u00fb neteweperestiya kilas\u00eek p\u00ea\u015f dixe. Li ser r\u00fby\u00ea erd\u00ea, ev slogan soza jiyana wekhev, redkirina zilma netewey\u00ee \u00fb entegrasyona dilxwaza gelan dide. L\u00eabel\u00ea, ezm\u00fbna pirat\u00eek\u00eeya v\u00ea raman\u00ea, nemaze li S\u00fbriyey\u00ea, valahiyek k\u00fbr di navbera gotin \u00fb kirinan de e\u015fkere kiriye. [&hellip;]<\/p>\n","protected":false},"author":2,"featured_media":1051434,"comment_status":"closed","ping_status":"closed","sticky":false,"template":"","format":"standard","meta":{"footnotes":""},"categories":[28],"tags":[37],"class_list":["post-1051433","post","type-post","status-publish","format-standard","has-post-thumbnail","hentry","category-nerin","tag-sereke"],"blocksy_meta":[],"seo_head":"<!-- This site is optimized with the Yoast SEO plugin v27.5 - https:\/\/yoast.com\/product\/yoast-seo-wordpress\/ -->\n<title>Derewa mezina Ocalan: &quot;Biratiya Gelan&quot; bi zelal\u00ee li Rojava xuya b\u00fb - Darka Maz\u00ee<\/title>\n<meta name=\"robots\" content=\"index, follow, max-snippet:-1, max-image-preview:large, max-video-preview:-1\" \/>\n<link rel=\"canonical\" href=\"https:\/\/darkamazi.info\/archives\/1051433\" \/>\n<meta property=\"og:locale\" content=\"en_US\" \/>\n<meta property=\"og:type\" content=\"article\" \/>\n<meta property=\"og:title\" content=\"Derewa mezina Ocalan: &quot;Biratiya Gelan&quot; bi zelal\u00ee li Rojava xuya b\u00fb - Darka Maz\u00ee\" \/>\n<meta property=\"og:description\" content=\"Bi salane ku Abdullah Ocalan hevoka &#8220;Biratiya Gelan&#8221; wek\u00ee alternat\u00eefek p\u00ea\u015fver\u00fb ji bo dewleta netewey\u00ee \u00fb neteweperestiya kilas\u00eek p\u00ea\u015f dixe. Li ser r\u00fby\u00ea erd\u00ea, ev slogan soza jiyana wekhev, redkirina zilma netewey\u00ee \u00fb entegrasyona dilxwaza gelan dide. L\u00eabel\u00ea, ezm\u00fbna pirat\u00eek\u00eeya v\u00ea raman\u00ea, nemaze li S\u00fbriyey\u00ea, valahiyek k\u00fbr di navbera gotin \u00fb kirinan de e\u015fkere kiriye. [&hellip;]\" \/>\n<meta property=\"og:url\" content=\"https:\/\/darkamazi.info\/archives\/1051433\" \/>\n<meta property=\"og:site_name\" content=\"Darka Maz\u00ee\" \/>\n<meta property=\"article:publisher\" content=\"https:\/\/www.facebook.com\/DarMaziKurmanci\" \/>\n<meta property=\"article:published_time\" content=\"2026-01-19T10:42:27+00:00\" \/>\n<meta property=\"og:image\" content=\"https:\/\/darkamazi.info\/file\/2026\/01\/Ocalan-Peyam-Net-1.jpg\" \/>\n\t<meta property=\"og:image:width\" content=\"900\" \/>\n\t<meta property=\"og:image:height\" content=\"500\" \/>\n\t<meta property=\"og:image:type\" content=\"image\/jpeg\" \/>\n<meta name=\"author\" content=\"darka mazi\" \/>\n<meta name=\"twitter:card\" content=\"summary_large_image\" \/>\n<meta name=\"twitter:creator\" content=\"@DarkaMaziLatini\" \/>\n<meta name=\"twitter:site\" content=\"@DarkaMaziLatini\" \/>\n<meta name=\"twitter:label1\" content=\"Written by\" \/>\n\t<meta name=\"twitter:data1\" content=\"darka mazi\" \/>\n\t<meta name=\"twitter:label2\" content=\"Est. reading time\" \/>\n\t<meta name=\"twitter:data2\" content=\"3 minutes\" \/>\n<script type=\"application\/ld+json\" class=\"seo-schema-graph\">{\"@context\":\"https:\\\/\\\/schema.org\",\"@graph\":[{\"@type\":\"Article\",\"@id\":\"https:\\\/\\\/darkamazi.info\\\/archives\\\/1051433#article\",\"isPartOf\":{\"@id\":\"https:\\\/\\\/darkamazi.info\\\/archives\\\/1051433\"},\"author\":{\"name\":\"darka mazi\",\"@id\":\"https:\\\/\\\/darkamazi.info\\\/#\\\/schema\\\/person\\\/5ad3e24553a0567993fa8ed4bd0a776c\"},\"headline\":\"Derewa mezina Ocalan: &#8220;Biratiya Gelan&#8221; bi zelal\u00ee li Rojava xuya b\u00fb\",\"datePublished\":\"2026-01-19T10:42:27+00:00\",\"mainEntityOfPage\":{\"@id\":\"https:\\\/\\\/darkamazi.info\\\/archives\\\/1051433\"},\"wordCount\":651,\"publisher\":{\"@id\":\"https:\\\/\\\/darkamazi.info\\\/#organization\"},\"image\":{\"@id\":\"https:\\\/\\\/darkamazi.info\\\/archives\\\/1051433#primaryimage\"},\"thumbnailUrl\":\"https:\\\/\\\/darkamazi.info\\\/darka-content\\\/uploads\\\/2026\\\/01\\\/Ocalan-Peyam-Net-1.jpg\",\"keywords\":[\"sereke\"],\"articleSection\":[\"Ner\u00een\"],\"inLanguage\":\"en-US\"},{\"@type\":\"WebPage\",\"@id\":\"https:\\\/\\\/darkamazi.info\\\/archives\\\/1051433\",\"url\":\"https:\\\/\\\/darkamazi.info\\\/archives\\\/1051433\",\"name\":\"Derewa mezina Ocalan: \\\"Biratiya Gelan\\\" bi zelal\u00ee li Rojava xuya b\u00fb - Darka Maz\u00ee\",\"isPartOf\":{\"@id\":\"https:\\\/\\\/darkamazi.info\\\/#website\"},\"primaryImageOfPage\":{\"@id\":\"https:\\\/\\\/darkamazi.info\\\/archives\\\/1051433#primaryimage\"},\"image\":{\"@id\":\"https:\\\/\\\/darkamazi.info\\\/archives\\\/1051433#primaryimage\"},\"thumbnailUrl\":\"https:\\\/\\\/darkamazi.info\\\/darka-content\\\/uploads\\\/2026\\\/01\\\/Ocalan-Peyam-Net-1.jpg\",\"datePublished\":\"2026-01-19T10:42:27+00:00\",\"breadcrumb\":{\"@id\":\"https:\\\/\\\/darkamazi.info\\\/archives\\\/1051433#breadcrumb\"},\"inLanguage\":\"en-US\",\"potentialAction\":[{\"@type\":\"ReadAction\",\"target\":[\"https:\\\/\\\/darkamazi.info\\\/archives\\\/1051433\"]}]},{\"@type\":\"ImageObject\",\"inLanguage\":\"en-US\",\"@id\":\"https:\\\/\\\/darkamazi.info\\\/archives\\\/1051433#primaryimage\",\"url\":\"https:\\\/\\\/darkamazi.info\\\/darka-content\\\/uploads\\\/2026\\\/01\\\/Ocalan-Peyam-Net-1.jpg\",\"contentUrl\":\"https:\\\/\\\/darkamazi.info\\\/darka-content\\\/uploads\\\/2026\\\/01\\\/Ocalan-Peyam-Net-1.jpg\",\"width\":900,\"height\":500,\"caption\":\"Derewa mezina Ocalan: \\\"Biratiya Gelan\\\" bi zelal\u00ee li Rojava xuya b\u00fb\"},{\"@type\":\"BreadcrumbList\",\"@id\":\"https:\\\/\\\/darkamazi.info\\\/archives\\\/1051433#breadcrumb\",\"itemListElement\":[{\"@type\":\"ListItem\",\"position\":1,\"name\":\"Home\",\"item\":\"https:\\\/\\\/darkamazi.info\\\/\"},{\"@type\":\"ListItem\",\"position\":2,\"name\":\"Derewa mezina Ocalan: &#8220;Biratiya Gelan&#8221; bi zelal\u00ee li Rojava xuya b\u00fb\"}]},{\"@type\":\"WebSite\",\"@id\":\"https:\\\/\\\/darkamazi.info\\\/#website\",\"url\":\"https:\\\/\\\/darkamazi.info\\\/\",\"name\":\"Darka Maz\u00ee\",\"description\":\"P\u00eageha Zanyariy\u00ean Nebih\u00eest\u00ee\",\"publisher\":{\"@id\":\"https:\\\/\\\/darkamazi.info\\\/#organization\"},\"potentialAction\":[{\"@type\":\"SearchAction\",\"target\":{\"@type\":\"EntryPoint\",\"urlTemplate\":\"https:\\\/\\\/darkamazi.info\\\/?s={search_term_string}\"},\"query-input\":{\"@type\":\"PropertyValueSpecification\",\"valueRequired\":true,\"valueName\":\"search_term_string\"}}],\"inLanguage\":\"en-US\"},{\"@type\":\"Organization\",\"@id\":\"https:\\\/\\\/darkamazi.info\\\/#organization\",\"name\":\"Darka Maz\u00ee\",\"url\":\"https:\\\/\\\/darkamazi.info\\\/\",\"logo\":{\"@type\":\"ImageObject\",\"inLanguage\":\"en-US\",\"@id\":\"https:\\\/\\\/darkamazi.info\\\/#\\\/schema\\\/logo\\\/image\\\/\",\"url\":\"https:\\\/\\\/darkamazi.info\\\/darka-content\\\/uploads\\\/2017\\\/12\\\/darka-mazi-logo.png\",\"contentUrl\":\"https:\\\/\\\/darkamazi.info\\\/darka-content\\\/uploads\\\/2017\\\/12\\\/darka-mazi-logo.png\",\"width\":151,\"height\":75,\"caption\":\"Darka Maz\u00ee\"},\"image\":{\"@id\":\"https:\\\/\\\/darkamazi.info\\\/#\\\/schema\\\/logo\\\/image\\\/\"},\"sameAs\":[\"https:\\\/\\\/www.facebook.com\\\/DarMaziKurmanci\",\"https:\\\/\\\/x.com\\\/DarkaMaziLatini\",\"https:\\\/\\\/www.instagram.com\\\/darkamazi.kurmanci\\\/\",\"https:\\\/\\\/www.youtube.com\\\/channel\\\/UCa5HkTdmI8U1qCUFuTw8B2g\"]},{\"@type\":\"Person\",\"@id\":\"https:\\\/\\\/darkamazi.info\\\/#\\\/schema\\\/person\\\/5ad3e24553a0567993fa8ed4bd0a776c\",\"name\":\"darka mazi\",\"sameAs\":[\"https:\\\/\\\/darkamazi.info\\\/\"],\"url\":\"https:\\\/\\\/darkamazi.info\\\/archives\\\/author\\\/kurdi\"}]}<\/script>\n<!-- \/ Yoast SEO plugin. -->","seo_head_json":{"title":"Derewa mezina Ocalan: \"Biratiya Gelan\" bi zelal\u00ee li Rojava xuya b\u00fb - Darka Maz\u00ee","robots":{"index":"index","follow":"follow","max-snippet":"max-snippet:-1","max-image-preview":"max-image-preview:large","max-video-preview":"max-video-preview:-1"},"canonical":"https:\/\/darkamazi.info\/archives\/1051433","og_locale":"en_US","og_type":"article","og_title":"Derewa mezina Ocalan: \"Biratiya Gelan\" bi zelal\u00ee li Rojava xuya b\u00fb - Darka Maz\u00ee","og_description":"Bi salane ku Abdullah Ocalan hevoka &#8220;Biratiya Gelan&#8221; wek\u00ee alternat\u00eefek p\u00ea\u015fver\u00fb ji bo dewleta netewey\u00ee \u00fb neteweperestiya kilas\u00eek p\u00ea\u015f dixe. Li ser r\u00fby\u00ea erd\u00ea, ev slogan soza jiyana wekhev, redkirina zilma netewey\u00ee \u00fb entegrasyona dilxwaza gelan dide. L\u00eabel\u00ea, ezm\u00fbna pirat\u00eek\u00eeya v\u00ea raman\u00ea, nemaze li S\u00fbriyey\u00ea, valahiyek k\u00fbr di navbera gotin \u00fb kirinan de e\u015fkere kiriye. [&hellip;]","og_url":"https:\/\/darkamazi.info\/archives\/1051433","og_site_name":"Darka Maz\u00ee","article_publisher":"https:\/\/www.facebook.com\/DarMaziKurmanci","article_published_time":"2026-01-19T10:42:27+00:00","og_image":[{"width":900,"height":500,"url":"https:\/\/darkamazi.info\/file\/2026\/01\/Ocalan-Peyam-Net-1.jpg","type":"image\/jpeg"}],"author":"darka mazi","twitter_card":"summary_large_image","twitter_creator":"@DarkaMaziLatini","twitter_site":"@DarkaMaziLatini","twitter_misc":{"Written by":"darka mazi","Est. reading time":"3 minutes"},"schema":{"@context":"https:\/\/schema.org","@graph":[{"@type":"Article","@id":"https:\/\/darkamazi.info\/archives\/1051433#article","isPartOf":{"@id":"https:\/\/darkamazi.info\/archives\/1051433"},"author":{"name":"darka mazi","@id":"https:\/\/darkamazi.info\/#\/schema\/person\/5ad3e24553a0567993fa8ed4bd0a776c"},"headline":"Derewa mezina Ocalan: &#8220;Biratiya Gelan&#8221; bi zelal\u00ee li Rojava xuya b\u00fb","datePublished":"2026-01-19T10:42:27+00:00","mainEntityOfPage":{"@id":"https:\/\/darkamazi.info\/archives\/1051433"},"wordCount":651,"publisher":{"@id":"https:\/\/darkamazi.info\/#organization"},"image":{"@id":"https:\/\/darkamazi.info\/archives\/1051433#primaryimage"},"thumbnailUrl":"https:\/\/darkamazi.info\/file\/2026\/01\/Ocalan-Peyam-Net-1.jpg","keywords":["sereke"],"articleSection":["Ner\u00een"],"inLanguage":"en-US"},{"@type":"WebPage","@id":"https:\/\/darkamazi.info\/archives\/1051433","url":"https:\/\/darkamazi.info\/archives\/1051433","name":"Derewa mezina Ocalan: \"Biratiya Gelan\" bi zelal\u00ee li Rojava xuya b\u00fb - Darka Maz\u00ee","isPartOf":{"@id":"https:\/\/darkamazi.info\/#website"},"primaryImageOfPage":{"@id":"https:\/\/darkamazi.info\/archives\/1051433#primaryimage"},"image":{"@id":"https:\/\/darkamazi.info\/archives\/1051433#primaryimage"},"thumbnailUrl":"https:\/\/darkamazi.info\/file\/2026\/01\/Ocalan-Peyam-Net-1.jpg","datePublished":"2026-01-19T10:42:27+00:00","breadcrumb":{"@id":"https:\/\/darkamazi.info\/archives\/1051433#breadcrumb"},"inLanguage":"en-US","potentialAction":[{"@type":"ReadAction","target":["https:\/\/darkamazi.info\/archives\/1051433"]}]},{"@type":"ImageObject","inLanguage":"en-US","@id":"https:\/\/darkamazi.info\/archives\/1051433#primaryimage","url":"https:\/\/darkamazi.info\/file\/2026\/01\/Ocalan-Peyam-Net-1.jpg","contentUrl":"https:\/\/darkamazi.info\/file\/2026\/01\/Ocalan-Peyam-Net-1.jpg","width":900,"height":500,"caption":"Derewa mezina Ocalan: \"Biratiya Gelan\" bi zelal\u00ee li Rojava xuya b\u00fb"},{"@type":"BreadcrumbList","@id":"https:\/\/darkamazi.info\/archives\/1051433#breadcrumb","itemListElement":[{"@type":"ListItem","position":1,"name":"Home","item":"https:\/\/darkamazi.info\/"},{"@type":"ListItem","position":2,"name":"Derewa mezina Ocalan: &#8220;Biratiya Gelan&#8221; bi zelal\u00ee li Rojava xuya b\u00fb"}]},{"@type":"WebSite","@id":"https:\/\/darkamazi.info\/#website","url":"https:\/\/darkamazi.info\/","name":"Darka Maz\u00ee","description":"P\u00eageha Zanyariy\u00ean Nebih\u00eest\u00ee","publisher":{"@id":"https:\/\/darkamazi.info\/#organization"},"potentialAction":[{"@type":"SearchAction","target":{"@type":"EntryPoint","urlTemplate":"https:\/\/darkamazi.info\/?s={search_term_string}"},"query-input":{"@type":"PropertyValueSpecification","valueRequired":true,"valueName":"search_term_string"}}],"inLanguage":"en-US"},{"@type":"Organization","@id":"https:\/\/darkamazi.info\/#organization","name":"Darka Maz\u00ee","url":"https:\/\/darkamazi.info\/","logo":{"@type":"ImageObject","inLanguage":"en-US","@id":"https:\/\/darkamazi.info\/#\/schema\/logo\/image\/","url":"https:\/\/darkamazi.info\/file\/2017\/12\/darka-mazi-logo.png","contentUrl":"https:\/\/darkamazi.info\/file\/2017\/12\/darka-mazi-logo.png","width":151,"height":75,"caption":"Darka Maz\u00ee"},"image":{"@id":"https:\/\/darkamazi.info\/#\/schema\/logo\/image\/"},"sameAs":["https:\/\/www.facebook.com\/DarMaziKurmanci","https:\/\/x.com\/DarkaMaziLatini","https:\/\/www.instagram.com\/darkamazi.kurmanci\/","https:\/\/www.youtube.com\/channel\/UCa5HkTdmI8U1qCUFuTw8B2g"]},{"@type":"Person","@id":"https:\/\/darkamazi.info\/#\/schema\/person\/5ad3e24553a0567993fa8ed4bd0a776c","name":"darka mazi","sameAs":["https:\/\/darkamazi.info\/"],"url":"https:\/\/darkamazi.info\/archives\/author\/kurdi"}]}},"_links":{"self":[{"href":"https:\/\/darkamazi.info\/funavuv\/wp\/v2\/posts\/1051433","targetHints":{"allow":["GET"]}}],"collection":[{"href":"https:\/\/darkamazi.info\/funavuv\/wp\/v2\/posts"}],"about":[{"href":"https:\/\/darkamazi.info\/funavuv\/wp\/v2\/types\/post"}],"author":[{"embeddable":true,"href":"https:\/\/darkamazi.info\/funavuv\/wp\/v2\/users\/2"}],"replies":[{"embeddable":true,"href":"https:\/\/darkamazi.info\/funavuv\/wp\/v2\/comments?post=1051433"}],"version-history":[{"count":0,"href":"https:\/\/darkamazi.info\/funavuv\/wp\/v2\/posts\/1051433\/revisions"}],"wp:featuredmedia":[{"embeddable":true,"href":"https:\/\/darkamazi.info\/funavuv\/wp\/v2\/media\/1051434"}],"wp:attachment":[{"href":"https:\/\/darkamazi.info\/funavuv\/wp\/v2\/media?parent=1051433"}],"wp:term":[{"taxonomy":"category","embeddable":true,"href":"https:\/\/darkamazi.info\/funavuv\/wp\/v2\/categories?post=1051433"},{"taxonomy":"post_tag","embeddable":true,"href":"https:\/\/darkamazi.info\/funavuv\/wp\/v2\/tags?post=1051433"}],"curies":[{"name":"wp","href":"https:\/\/api.w.org\/{rel}","templated":true}]}}