{"id":1051436,"date":"2026-01-19T14:05:57","date_gmt":"2026-01-19T11:05:57","guid":{"rendered":"https:\/\/darkamazi.info\/?p=1051436"},"modified":"2026-01-19T14:05:57","modified_gmt":"2026-01-19T11:05:57","slug":"li-reqaye-komen-cekdar-erisi-girtigeha-eqtane-kir","status":"publish","type":"post","link":"https:\/\/darkamazi.info\/archives\/1051436","title":{"rendered":"Li Reqay\u00ea kom\u00ean \u00e7ekdar \u00ear\u00ee\u015f\u00ee girt\u00eegeha Eqtan\u00ea kir"},"content":{"rendered":"<h3 style=\"text-align: justify\"><span style=\"font-family: 'arial black', sans-serif\">H\u00eaz\u00ean S\u00fbriyeya Demokrat\u00eek (HSD) ragihand ku, kom\u00ean \u00e7ekdar li bajar\u00ea Reqay\u00ea \u00ear\u00ee\u015f\u00ee girt\u00eegeha Eqtan\u00ea kiriye.<\/span><\/h3>\n<h3 style=\"text-align: justify\">H\u00eaz\u00ean S\u00fbriyeya Demokrat\u00eek (HSD) \u00eero (Du\u015fem, 19.01.2026) ragihand ku, kom\u00ean \u00e7ekdar \u00ean gir\u00eaday\u00ee Hik\u00fbmeta S\u00fbriyey\u00ea \u00ear\u00ee\u015f\u00ee girt\u00eegeha Eqtan\u00ea li bajar\u00ea Reqay\u00ea kiriye.<\/h3>\n<h3 style=\"text-align: justify\">HSD\u00ea amaje j\u00ee da: Kom\u00ean \u00e7ekdar di w\u00ea \u00ear\u00ee\u015f\u00ea de dron \u00fb \u00e7ek\u00ean giran bi kar an\u00eene, l\u00ea h\u00eaz\u00ean wan berhingar\u00ee wan b\u00fbne \u00fb kariye ku w\u00ea \u00ear\u00ee\u015f\u00ea bi\u015fk\u00eenin \u00fb r\u00eay\u00ea li wan \u00e7ekdaran bigirin.<\/h3>\n<h3 style=\"text-align: justify\">Ev z\u00eadetir ji hefteyek\u00ea ye ku, Art\u00ea\u015fa Ereb\u00ee ya S\u00fbriyey\u00ea bi fermana Serok\u00ea S\u00fbriyey\u00ea y\u00ea Demk\u00ee Ehmed \u015eera \u00ear\u00ee\u015feka le\u015fker\u00ee li dij\u00ee her du tax\u00ean Kurdan; \u201cE\u015frefiye \u00fb \u015e\u00eax Meqs\u00fbd\u201d li Heleb\u00ea \u00fb \u00e7end dever\u00ean din \u00ean Kurdan daye destp\u00eakirin. Art\u00ea\u015fa Ereb\u00ee ya S\u00fbriyey\u00ea herwesa Reqa, rojavay\u00ea Firat\u00ea \u00fb Bendava Ti\u015fr\u00een\u00ea j\u00ee kontrol kirine.<\/h3>\n<h3 style=\"text-align: justify\">Art\u00ea\u015fa Ereb\u00ee ya S\u00fbriyey\u00ea bi rengek\u00ea tevlihev \u00fb bi \u00e7ek\u00ean giran \u00fb tankan \u015f\u00eaniyan \u00fb xelk\u00ea siv\u00eel dikin armanc, wesa j\u00ee n\u00eaz\u00eek\u00ee 190 hezar welatiyan aware b\u00fbne. Ji ber bombebaran\u00ean berdewam \u00ean art\u00ea\u015fa Ehmed \u015eera, z\u00eadetir ji 25 siv\u00eelan hatine ku\u015ftin \u00fb z\u00eadetir ji 100 kes\u00ean din j\u00ee bir\u00eendar b\u00fbne.<\/h3>\n","protected":false},"excerpt":{"rendered":"<p>H\u00eaz\u00ean S\u00fbriyeya Demokrat\u00eek (HSD) ragihand ku, kom\u00ean \u00e7ekdar li bajar\u00ea Reqay\u00ea \u00ear\u00ee\u015f\u00ee girt\u00eegeha Eqtan\u00ea kiriye. H\u00eaz\u00ean S\u00fbriyeya Demokrat\u00eek (HSD) \u00eero (Du\u015fem, 19.01.2026) ragihand ku, kom\u00ean \u00e7ekdar \u00ean gir\u00eaday\u00ee Hik\u00fbmeta S\u00fbriyey\u00ea \u00ear\u00ee\u015f\u00ee girt\u00eegeha Eqtan\u00ea li bajar\u00ea Reqay\u00ea kiriye. HSD\u00ea amaje j\u00ee da: Kom\u00ean \u00e7ekdar di w\u00ea \u00ear\u00ee\u015f\u00ea de dron \u00fb \u00e7ek\u00ean giran bi kar an\u00eene, l\u00ea [&hellip;]<\/p>\n","protected":false},"author":2,"featured_media":1051396,"comment_status":"closed","ping_status":"closed","sticky":false,"template":"","format":"standard","meta":{"footnotes":""},"categories":[29],"tags":[37],"class_list":["post-1051436","post","type-post","status-publish","format-standard","has-post-thumbnail","hentry","category-kurdistan","tag-sereke"],"blocksy_meta":[],"seo_head":"<!-- This site is optimized with the Yoast SEO plugin v27.5 - https:\/\/yoast.com\/product\/yoast-seo-wordpress\/ -->\n<title>Li Reqay\u00ea kom\u00ean \u00e7ekdar \u00ear\u00ee\u015f\u00ee girt\u00eegeha Eqtan\u00ea kir - Darka Maz\u00ee<\/title>\n<meta name=\"robots\" content=\"index, follow, max-snippet:-1, max-image-preview:large, max-video-preview:-1\" \/>\n<link rel=\"canonical\" href=\"https:\/\/darkamazi.info\/archives\/1051436\" \/>\n<meta property=\"og:locale\" content=\"en_US\" \/>\n<meta property=\"og:type\" content=\"article\" \/>\n<meta property=\"og:title\" content=\"Li Reqay\u00ea kom\u00ean \u00e7ekdar \u00ear\u00ee\u015f\u00ee girt\u00eegeha Eqtan\u00ea kir - Darka Maz\u00ee\" \/>\n<meta property=\"og:description\" content=\"H\u00eaz\u00ean S\u00fbriyeya Demokrat\u00eek (HSD) ragihand ku, kom\u00ean \u00e7ekdar li bajar\u00ea Reqay\u00ea \u00ear\u00ee\u015f\u00ee girt\u00eegeha Eqtan\u00ea kiriye. H\u00eaz\u00ean S\u00fbriyeya Demokrat\u00eek (HSD) \u00eero (Du\u015fem, 19.01.2026) ragihand ku, kom\u00ean \u00e7ekdar \u00ean gir\u00eaday\u00ee Hik\u00fbmeta S\u00fbriyey\u00ea \u00ear\u00ee\u015f\u00ee girt\u00eegeha Eqtan\u00ea li bajar\u00ea Reqay\u00ea kiriye. HSD\u00ea amaje j\u00ee da: Kom\u00ean \u00e7ekdar di w\u00ea \u00ear\u00ee\u015f\u00ea de dron \u00fb \u00e7ek\u00ean giran bi kar an\u00eene, l\u00ea [&hellip;]\" \/>\n<meta property=\"og:url\" content=\"https:\/\/darkamazi.info\/archives\/1051436\" \/>\n<meta property=\"og:site_name\" content=\"Darka Maz\u00ee\" \/>\n<meta property=\"article:publisher\" content=\"https:\/\/www.facebook.com\/DarMaziKurmanci\" \/>\n<meta property=\"article:published_time\" content=\"2026-01-19T11:05:57+00:00\" \/>\n<meta property=\"og:image\" content=\"https:\/\/darkamazi.info\/file\/2026\/01\/hsd-2.jpg\" \/>\n\t<meta property=\"og:image:width\" content=\"900\" \/>\n\t<meta property=\"og:image:height\" content=\"497\" \/>\n\t<meta property=\"og:image:type\" content=\"image\/jpeg\" \/>\n<meta name=\"author\" content=\"darka mazi\" \/>\n<meta name=\"twitter:card\" content=\"summary_large_image\" \/>\n<meta name=\"twitter:creator\" content=\"@DarkaMaziLatini\" \/>\n<meta name=\"twitter:site\" content=\"@DarkaMaziLatini\" \/>\n<meta name=\"twitter:label1\" content=\"Written by\" \/>\n\t<meta name=\"twitter:data1\" content=\"darka mazi\" \/>\n\t<meta name=\"twitter:label2\" content=\"Est. reading time\" \/>\n\t<meta name=\"twitter:data2\" content=\"1 minute\" \/>\n<script type=\"application\/ld+json\" class=\"seo-schema-graph\">{\"@context\":\"https:\\\/\\\/schema.org\",\"@graph\":[{\"@type\":\"Article\",\"@id\":\"https:\\\/\\\/darkamazi.info\\\/archives\\\/1051436#article\",\"isPartOf\":{\"@id\":\"https:\\\/\\\/darkamazi.info\\\/archives\\\/1051436\"},\"author\":{\"name\":\"darka mazi\",\"@id\":\"https:\\\/\\\/darkamazi.info\\\/#\\\/schema\\\/person\\\/5ad3e24553a0567993fa8ed4bd0a776c\"},\"headline\":\"Li Reqay\u00ea kom\u00ean \u00e7ekdar \u00ear\u00ee\u015f\u00ee girt\u00eegeha Eqtan\u00ea kir\",\"datePublished\":\"2026-01-19T11:05:57+00:00\",\"mainEntityOfPage\":{\"@id\":\"https:\\\/\\\/darkamazi.info\\\/archives\\\/1051436\"},\"wordCount\":228,\"publisher\":{\"@id\":\"https:\\\/\\\/darkamazi.info\\\/#organization\"},\"image\":{\"@id\":\"https:\\\/\\\/darkamazi.info\\\/archives\\\/1051436#primaryimage\"},\"thumbnailUrl\":\"https:\\\/\\\/darkamazi.info\\\/darka-content\\\/uploads\\\/2026\\\/01\\\/hsd-2.jpg\",\"keywords\":[\"sereke\"],\"articleSection\":[\"Kurdistan\"],\"inLanguage\":\"en-US\"},{\"@type\":\"WebPage\",\"@id\":\"https:\\\/\\\/darkamazi.info\\\/archives\\\/1051436\",\"url\":\"https:\\\/\\\/darkamazi.info\\\/archives\\\/1051436\",\"name\":\"Li Reqay\u00ea kom\u00ean \u00e7ekdar \u00ear\u00ee\u015f\u00ee girt\u00eegeha Eqtan\u00ea kir - Darka Maz\u00ee\",\"isPartOf\":{\"@id\":\"https:\\\/\\\/darkamazi.info\\\/#website\"},\"primaryImageOfPage\":{\"@id\":\"https:\\\/\\\/darkamazi.info\\\/archives\\\/1051436#primaryimage\"},\"image\":{\"@id\":\"https:\\\/\\\/darkamazi.info\\\/archives\\\/1051436#primaryimage\"},\"thumbnailUrl\":\"https:\\\/\\\/darkamazi.info\\\/darka-content\\\/uploads\\\/2026\\\/01\\\/hsd-2.jpg\",\"datePublished\":\"2026-01-19T11:05:57+00:00\",\"breadcrumb\":{\"@id\":\"https:\\\/\\\/darkamazi.info\\\/archives\\\/1051436#breadcrumb\"},\"inLanguage\":\"en-US\",\"potentialAction\":[{\"@type\":\"ReadAction\",\"target\":[\"https:\\\/\\\/darkamazi.info\\\/archives\\\/1051436\"]}]},{\"@type\":\"ImageObject\",\"inLanguage\":\"en-US\",\"@id\":\"https:\\\/\\\/darkamazi.info\\\/archives\\\/1051436#primaryimage\",\"url\":\"https:\\\/\\\/darkamazi.info\\\/darka-content\\\/uploads\\\/2026\\\/01\\\/hsd-2.jpg\",\"contentUrl\":\"https:\\\/\\\/darkamazi.info\\\/darka-content\\\/uploads\\\/2026\\\/01\\\/hsd-2.jpg\",\"width\":900,\"height\":497,\"caption\":\"HSD bang li aliy\u00ean navnetewey\u00ee kir bilez destt\u00eawerdan\u00ea bikin ji bo rawestandina \u00ear\u00ee\u015f\u00ean \u015eam\u00ea\"},{\"@type\":\"BreadcrumbList\",\"@id\":\"https:\\\/\\\/darkamazi.info\\\/archives\\\/1051436#breadcrumb\",\"itemListElement\":[{\"@type\":\"ListItem\",\"position\":1,\"name\":\"Home\",\"item\":\"https:\\\/\\\/darkamazi.info\\\/\"},{\"@type\":\"ListItem\",\"position\":2,\"name\":\"Li Reqay\u00ea kom\u00ean \u00e7ekdar \u00ear\u00ee\u015f\u00ee girt\u00eegeha Eqtan\u00ea kir\"}]},{\"@type\":\"WebSite\",\"@id\":\"https:\\\/\\\/darkamazi.info\\\/#website\",\"url\":\"https:\\\/\\\/darkamazi.info\\\/\",\"name\":\"Darka Maz\u00ee\",\"description\":\"P\u00eageha Zanyariy\u00ean Nebih\u00eest\u00ee\",\"publisher\":{\"@id\":\"https:\\\/\\\/darkamazi.info\\\/#organization\"},\"potentialAction\":[{\"@type\":\"SearchAction\",\"target\":{\"@type\":\"EntryPoint\",\"urlTemplate\":\"https:\\\/\\\/darkamazi.info\\\/?s={search_term_string}\"},\"query-input\":{\"@type\":\"PropertyValueSpecification\",\"valueRequired\":true,\"valueName\":\"search_term_string\"}}],\"inLanguage\":\"en-US\"},{\"@type\":\"Organization\",\"@id\":\"https:\\\/\\\/darkamazi.info\\\/#organization\",\"name\":\"Darka Maz\u00ee\",\"url\":\"https:\\\/\\\/darkamazi.info\\\/\",\"logo\":{\"@type\":\"ImageObject\",\"inLanguage\":\"en-US\",\"@id\":\"https:\\\/\\\/darkamazi.info\\\/#\\\/schema\\\/logo\\\/image\\\/\",\"url\":\"https:\\\/\\\/darkamazi.info\\\/darka-content\\\/uploads\\\/2017\\\/12\\\/darka-mazi-logo.png\",\"contentUrl\":\"https:\\\/\\\/darkamazi.info\\\/darka-content\\\/uploads\\\/2017\\\/12\\\/darka-mazi-logo.png\",\"width\":151,\"height\":75,\"caption\":\"Darka Maz\u00ee\"},\"image\":{\"@id\":\"https:\\\/\\\/darkamazi.info\\\/#\\\/schema\\\/logo\\\/image\\\/\"},\"sameAs\":[\"https:\\\/\\\/www.facebook.com\\\/DarMaziKurmanci\",\"https:\\\/\\\/x.com\\\/DarkaMaziLatini\",\"https:\\\/\\\/www.instagram.com\\\/darkamazi.kurmanci\\\/\",\"https:\\\/\\\/www.youtube.com\\\/channel\\\/UCa5HkTdmI8U1qCUFuTw8B2g\"]},{\"@type\":\"Person\",\"@id\":\"https:\\\/\\\/darkamazi.info\\\/#\\\/schema\\\/person\\\/5ad3e24553a0567993fa8ed4bd0a776c\",\"name\":\"darka mazi\",\"sameAs\":[\"https:\\\/\\\/darkamazi.info\\\/\"],\"url\":\"https:\\\/\\\/darkamazi.info\\\/archives\\\/author\\\/kurdi\"}]}<\/script>\n<!-- \/ Yoast SEO plugin. -->","seo_head_json":{"title":"Li Reqay\u00ea kom\u00ean \u00e7ekdar \u00ear\u00ee\u015f\u00ee girt\u00eegeha Eqtan\u00ea kir - Darka Maz\u00ee","robots":{"index":"index","follow":"follow","max-snippet":"max-snippet:-1","max-image-preview":"max-image-preview:large","max-video-preview":"max-video-preview:-1"},"canonical":"https:\/\/darkamazi.info\/archives\/1051436","og_locale":"en_US","og_type":"article","og_title":"Li Reqay\u00ea kom\u00ean \u00e7ekdar \u00ear\u00ee\u015f\u00ee girt\u00eegeha Eqtan\u00ea kir - Darka Maz\u00ee","og_description":"H\u00eaz\u00ean S\u00fbriyeya Demokrat\u00eek (HSD) ragihand ku, kom\u00ean \u00e7ekdar li bajar\u00ea Reqay\u00ea \u00ear\u00ee\u015f\u00ee girt\u00eegeha Eqtan\u00ea kiriye. H\u00eaz\u00ean S\u00fbriyeya Demokrat\u00eek (HSD) \u00eero (Du\u015fem, 19.01.2026) ragihand ku, kom\u00ean \u00e7ekdar \u00ean gir\u00eaday\u00ee Hik\u00fbmeta S\u00fbriyey\u00ea \u00ear\u00ee\u015f\u00ee girt\u00eegeha Eqtan\u00ea li bajar\u00ea Reqay\u00ea kiriye. HSD\u00ea amaje j\u00ee da: Kom\u00ean \u00e7ekdar di w\u00ea \u00ear\u00ee\u015f\u00ea de dron \u00fb \u00e7ek\u00ean giran bi kar an\u00eene, l\u00ea [&hellip;]","og_url":"https:\/\/darkamazi.info\/archives\/1051436","og_site_name":"Darka Maz\u00ee","article_publisher":"https:\/\/www.facebook.com\/DarMaziKurmanci","article_published_time":"2026-01-19T11:05:57+00:00","og_image":[{"width":900,"height":497,"url":"https:\/\/darkamazi.info\/file\/2026\/01\/hsd-2.jpg","type":"image\/jpeg"}],"author":"darka mazi","twitter_card":"summary_large_image","twitter_creator":"@DarkaMaziLatini","twitter_site":"@DarkaMaziLatini","twitter_misc":{"Written by":"darka mazi","Est. reading time":"1 minute"},"schema":{"@context":"https:\/\/schema.org","@graph":[{"@type":"Article","@id":"https:\/\/darkamazi.info\/archives\/1051436#article","isPartOf":{"@id":"https:\/\/darkamazi.info\/archives\/1051436"},"author":{"name":"darka mazi","@id":"https:\/\/darkamazi.info\/#\/schema\/person\/5ad3e24553a0567993fa8ed4bd0a776c"},"headline":"Li Reqay\u00ea kom\u00ean \u00e7ekdar \u00ear\u00ee\u015f\u00ee girt\u00eegeha Eqtan\u00ea kir","datePublished":"2026-01-19T11:05:57+00:00","mainEntityOfPage":{"@id":"https:\/\/darkamazi.info\/archives\/1051436"},"wordCount":228,"publisher":{"@id":"https:\/\/darkamazi.info\/#organization"},"image":{"@id":"https:\/\/darkamazi.info\/archives\/1051436#primaryimage"},"thumbnailUrl":"https:\/\/darkamazi.info\/file\/2026\/01\/hsd-2.jpg","keywords":["sereke"],"articleSection":["Kurdistan"],"inLanguage":"en-US"},{"@type":"WebPage","@id":"https:\/\/darkamazi.info\/archives\/1051436","url":"https:\/\/darkamazi.info\/archives\/1051436","name":"Li Reqay\u00ea kom\u00ean \u00e7ekdar \u00ear\u00ee\u015f\u00ee girt\u00eegeha Eqtan\u00ea kir - Darka Maz\u00ee","isPartOf":{"@id":"https:\/\/darkamazi.info\/#website"},"primaryImageOfPage":{"@id":"https:\/\/darkamazi.info\/archives\/1051436#primaryimage"},"image":{"@id":"https:\/\/darkamazi.info\/archives\/1051436#primaryimage"},"thumbnailUrl":"https:\/\/darkamazi.info\/file\/2026\/01\/hsd-2.jpg","datePublished":"2026-01-19T11:05:57+00:00","breadcrumb":{"@id":"https:\/\/darkamazi.info\/archives\/1051436#breadcrumb"},"inLanguage":"en-US","potentialAction":[{"@type":"ReadAction","target":["https:\/\/darkamazi.info\/archives\/1051436"]}]},{"@type":"ImageObject","inLanguage":"en-US","@id":"https:\/\/darkamazi.info\/archives\/1051436#primaryimage","url":"https:\/\/darkamazi.info\/file\/2026\/01\/hsd-2.jpg","contentUrl":"https:\/\/darkamazi.info\/file\/2026\/01\/hsd-2.jpg","width":900,"height":497,"caption":"HSD bang li aliy\u00ean navnetewey\u00ee kir bilez destt\u00eawerdan\u00ea bikin ji bo rawestandina \u00ear\u00ee\u015f\u00ean \u015eam\u00ea"},{"@type":"BreadcrumbList","@id":"https:\/\/darkamazi.info\/archives\/1051436#breadcrumb","itemListElement":[{"@type":"ListItem","position":1,"name":"Home","item":"https:\/\/darkamazi.info\/"},{"@type":"ListItem","position":2,"name":"Li Reqay\u00ea kom\u00ean \u00e7ekdar \u00ear\u00ee\u015f\u00ee girt\u00eegeha Eqtan\u00ea kir"}]},{"@type":"WebSite","@id":"https:\/\/darkamazi.info\/#website","url":"https:\/\/darkamazi.info\/","name":"Darka Maz\u00ee","description":"P\u00eageha Zanyariy\u00ean Nebih\u00eest\u00ee","publisher":{"@id":"https:\/\/darkamazi.info\/#organization"},"potentialAction":[{"@type":"SearchAction","target":{"@type":"EntryPoint","urlTemplate":"https:\/\/darkamazi.info\/?s={search_term_string}"},"query-input":{"@type":"PropertyValueSpecification","valueRequired":true,"valueName":"search_term_string"}}],"inLanguage":"en-US"},{"@type":"Organization","@id":"https:\/\/darkamazi.info\/#organization","name":"Darka Maz\u00ee","url":"https:\/\/darkamazi.info\/","logo":{"@type":"ImageObject","inLanguage":"en-US","@id":"https:\/\/darkamazi.info\/#\/schema\/logo\/image\/","url":"https:\/\/darkamazi.info\/file\/2017\/12\/darka-mazi-logo.png","contentUrl":"https:\/\/darkamazi.info\/file\/2017\/12\/darka-mazi-logo.png","width":151,"height":75,"caption":"Darka Maz\u00ee"},"image":{"@id":"https:\/\/darkamazi.info\/#\/schema\/logo\/image\/"},"sameAs":["https:\/\/www.facebook.com\/DarMaziKurmanci","https:\/\/x.com\/DarkaMaziLatini","https:\/\/www.instagram.com\/darkamazi.kurmanci\/","https:\/\/www.youtube.com\/channel\/UCa5HkTdmI8U1qCUFuTw8B2g"]},{"@type":"Person","@id":"https:\/\/darkamazi.info\/#\/schema\/person\/5ad3e24553a0567993fa8ed4bd0a776c","name":"darka mazi","sameAs":["https:\/\/darkamazi.info\/"],"url":"https:\/\/darkamazi.info\/archives\/author\/kurdi"}]}},"_links":{"self":[{"href":"https:\/\/darkamazi.info\/funavuv\/wp\/v2\/posts\/1051436","targetHints":{"allow":["GET"]}}],"collection":[{"href":"https:\/\/darkamazi.info\/funavuv\/wp\/v2\/posts"}],"about":[{"href":"https:\/\/darkamazi.info\/funavuv\/wp\/v2\/types\/post"}],"author":[{"embeddable":true,"href":"https:\/\/darkamazi.info\/funavuv\/wp\/v2\/users\/2"}],"replies":[{"embeddable":true,"href":"https:\/\/darkamazi.info\/funavuv\/wp\/v2\/comments?post=1051436"}],"version-history":[{"count":0,"href":"https:\/\/darkamazi.info\/funavuv\/wp\/v2\/posts\/1051436\/revisions"}],"wp:featuredmedia":[{"embeddable":true,"href":"https:\/\/darkamazi.info\/funavuv\/wp\/v2\/media\/1051396"}],"wp:attachment":[{"href":"https:\/\/darkamazi.info\/funavuv\/wp\/v2\/media?parent=1051436"}],"wp:term":[{"taxonomy":"category","embeddable":true,"href":"https:\/\/darkamazi.info\/funavuv\/wp\/v2\/categories?post=1051436"},{"taxonomy":"post_tag","embeddable":true,"href":"https:\/\/darkamazi.info\/funavuv\/wp\/v2\/tags?post=1051436"}],"curies":[{"name":"wp","href":"https:\/\/api.w.org\/{rel}","templated":true}]}}