{"id":1051438,"date":"2026-01-19T17:35:11","date_gmt":"2026-01-19T14:35:11","guid":{"rendered":"https:\/\/darkamazi.info\/?p=1051438"},"modified":"2026-01-19T17:35:11","modified_gmt":"2026-01-19T14:35:11","slug":"mesrur-barzani-li-davose-reformen-aburi-yen-kurdistane-nisan-dide","status":"publish","type":"post","link":"https:\/\/darkamazi.info\/archives\/1051438","title":{"rendered":"Mesr\u00fbr Barzan\u00ee li Davos\u00ea reform\u00ean ab\u00fbr\u00ee y\u00ean Kurdistan\u00ea n\u00ee\u015fan dide"},"content":{"rendered":"<h3 style=\"text-align: justify\"><span style=\"font-family: 'arial black', sans-serif\">Serokwez\u00eer Mesr\u00fbr Barzan\u00ee ber bi Davos\u00ea ve bi r\u00ea ketSerok\u00ea Hik\u00fbmeta Her\u00eama Kurdistan\u00ea ji bo tevl\u00eeb\u00fbna di Korbenda Abor\u00ee ya C\u00eehan\u00ee ya Davos\u00ea de ber bi Sw\u00eesray\u00ea ve bi r\u00ea ket.<\/span><\/h3>\n<h3 style=\"text-align: justify\"><span style=\"font-family: arial, helvetica, sans-serif\">Hik\u00fbmeta Her\u00eama Kurdistan\u00ea di ragihandinek\u00ea de amaje da ku, Serok\u00ea Hik\u00fbmeta Her\u00eama Kurdistan\u00ea Mesr\u00fbr Barzan\u00ee \u00eero (Du\u015fem, 19.01.2026) ber bi Sw\u00eesray\u00ea ve bi r\u00ea ket da ku tevl\u00ee Korbenda Abor\u00ee ya C\u00eehan\u00ee ya Davos\u00ea bibe.<\/span><\/h3>\n<h3 style=\"text-align: justify\"><span style=\"font-family: arial, helvetica, sans-serif\">Li gor\u00ee w\u00ea ragihandin\u00ea, Serokwez\u00eer\u00ea Her\u00eama Kurdistan\u00ea d\u00ea hejamreka civ\u00een \u00fb hevd\u00eetinan bi serok, r\u00eaber\u00ean payebilind \u00fb xwediy\u00ean karan \u00ean c\u00eehan\u00ee re bike, da ku guhertin \u00fb p\u00ea\u015fhat\u00ean dawiy\u00ea y\u00ean Her\u00eama Kurdistan\u00ea, Iraq \u00fb dever\u00ea n\u00eeqa\u015f bike.<\/span><\/h3>\n<h3 style=\"text-align: justify\"><span style=\"font-family: arial, helvetica, sans-serif\">Herwesa behsa reform\u00ean Hik\u00fbmeta Her\u00eama Kurdistan\u00ea di sektor\u00ean cuda cuda de bi armanca avakirina j\u00earxaneyeka abor\u00ee ya bih\u00eaz li Her\u00eama Kurdistan\u00ea dike.<\/span><\/h3>\n<h3 style=\"text-align: justify\"><span style=\"font-family: arial, helvetica, sans-serif\">Gera 56\u00ea ya Korbenda Abor\u00ee ya C\u00eehan\u00ea li Davos\u00ea \u00eero (Du\u015fem, 19.01.2026) bi tevl\u00eeb\u00fbna z\u00eadetir ji hezar serok, r\u00eaber \u00fb rayedar\u00ean welatan d\u00ea b\u00ea lidarxistin \u00fb heta roja \u00cen\u00ea (23\u00ea v\u00ea meh\u00ea) d\u00ea berdewam be.<\/span><\/h3>\n<h3 style=\"text-align: justify\"><span style=\"font-family: arial, helvetica, sans-serif\">Kes\u00ean tevl\u00eeb\u00fby\u00ee d\u00ea p\u00ea\u015fniyar \u00fb \u00e7areseriy\u00ean xwe ji bo r\u00fbbir\u00fbb\u00fbna qebxwaziy\u00ean hey\u00ee p\u00ea\u015fk\u00ea\u015f bikin. Ji bil\u00ee v\u00ea yek\u00ea j\u00ee, di \u00e7ar\u00e7oveya w\u00ea korbend\u00ea de bi dehan peyman\u00ean abor\u00ee \u00fb ewlehiy\u00ea di navbera hik\u00fbmet \u00fb \u015f\u00eerketan de d\u00ea b\u00ean \u00eemzekirin.<\/span><\/h3>\n<h3 style=\"text-align: justify\"><span style=\"font-family: arial, helvetica, sans-serif\">Mijar\u00ean korbend\u00ea<\/span><\/h3>\n<h3 style=\"text-align: justify\"><span style=\"font-family: arial, helvetica, sans-serif\">Mijara yek\u00ea ya v\u00ea korbend\u00ea d\u00ea bersiva pirsyara &#8220;Em \u00e7awa dikarin di c\u00eehaneka pir\u00ee p\u00ea\u015fbirk\u00ea de bi hev re bixebitin?&#8221; bide. Di demek\u00ea de ku dewlet\u00ean bih\u00eaz \u00ean c\u00eehan\u00ea di p\u00ea\u015fbirk\u00ea \u00fb hevrikiy\u00ean dijwar \u00fb berdewam de ne da ku senga h\u00eaz\u00ea biguher\u00eenin \u00fb hejmona xwe ferz bikin, ev korbend dixwaze bibe dergehek ji bo xebata bi hev re, \u015f\u00eerket, hik\u00fbmet \u00fb civaka siv\u00eel da ku \u00e7areser\u00ee \u00fb p\u00eangav\u00ean p\u00eadiv\u00ee bib\u00eenin.<\/span><\/h3>\n<h3 style=\"text-align: justify\"><span style=\"font-family: arial, helvetica, sans-serif\">Mijara duy\u00ea d\u00ea li ser &#8220;Em \u00e7awa dikarin \u00e7avkaniy\u00ean n\u00fb y\u00ean berfirehb\u00fbn\u00ea peyda bikin&#8221; biaxive. Ved\u00eetina \u00e7areseriyan ji bo v\u00ea pirsa gir\u00eeng ji bo \u015f\u00eerketan, hik\u00fbmetan \u00fb xelk\u00ee bi gi\u015ft\u00ee, ji ber ku lihevguhertina bazirgan\u00ee ji ber siyaseta nepi\u015ftrast a welatan \u00fb \u015fer\u00ean li gelek dever\u00ean c\u00eehan\u00ea dijwar b\u00fbye. Welat siyaseta abor\u00ee ji bo sepandina cezayan wek\u00ee \u00e7ek ji bo r\u00fbbir\u00fbb\u00fbna dijber\u00ean xwe bi kar t\u00eenin.<\/span><\/h3>\n<h3 style=\"text-align: justify\"><span style=\"font-family: arial, helvetica, sans-serif\">Mijara s\u00eay\u00ea li ser gef\u00ean teknolojiy\u00ea ye, xasma j\u00ee j\u00eeriya bidest\u00e7\u00eakir\u00ee. Di v\u00ea \u00e7ar\u00e7ovey\u00ea de bal li ser v\u00ea yek\u00ea ye; &#8220;Em \u00e7awa bikarin ba\u015ftir veberh\u00ean\u00ea di mirovan de bikin?&#8221; Da ku \u015fiyan \u00fb behrey\u00ean kitekesan p\u00ea\u015f ve bi\u00e7in \u00fb metirsiy\u00ea windakirina kar \u00fb b\u00eakariy\u00ea b\u00ea k\u00eamkirin, ji ber ku li gor\u00ee amar\u00ean w\u00ea korbend\u00ea, di p\u00eanc sal\u00ean b\u00ea de 22% d\u00ea li c\u00eehan\u00ea guhertin di karan de \u00e7\u00ea bibin, bi piran\u00ee ji ber bikaran\u00eena j\u00eeriya bidest\u00e7\u00eakir\u00ee ji h\u00eala \u015f\u00eerket \u00fb hik\u00fbmetan ve.<\/span><\/h3>\n<h3 style=\"text-align: justify\"><span style=\"font-family: arial, helvetica, sans-serif\">Di mijara \u00e7ar\u00ea de, ev korbend d\u00ea bizav\u00ea bike ku bersiva pirsyara &#8220;Em \u00e7awa dikarin dah\u00eanan\u00ea bi qebareyek\u00ea p\u00eadiv\u00ee \u00fb berpirsiyar belav bikin?&#8221; bide. Leza p\u00ea\u015fkeftin\u00ea \u00fb sepandina j\u00eeriya bidest\u00e7\u00eakir\u00ee hind e ku bibe metirs\u00ee li ser jiyana xelk\u00ee, civak\u00ea, guhertina j\u00eengeh\u00ea \u00fb siyaseta karkirina \u015f\u00eerket \u00fb p\u00ee\u015fesaziyan. Piraniya welatan j\u00ee daxwaza s\u00eenordarkirina bidestxistina Zanyaran ji aliy\u00ea j\u00eeriya bidest\u00e7\u00eakir\u00ee ve xasma j\u00ee zanyar\u00ean \u015fexs\u00ee dikin.<\/span><\/h3>\n<h3 style=\"text-align: justify\"><span style=\"font-family: arial, helvetica, sans-serif\">Mijara p\u00eanc\u00ea ya Korbenda Abor\u00ee ya C\u00eehan\u00ea d\u00ea n\u00eeqa\u015fkirina w\u00ea yek\u00ea be ka &#8220;Em \u00e7awa dikarin di \u00e7ar\u00e7oveya ewlehiya Erd\u00ea de jiyarxwe\u015fiy\u00ea bi dest bixin?&#8221;. Guher\u00eena ke\u015f\u00fbheway\u00ea bandoreka rasterast li ser j\u00earxaneya abor\u00ee, s\u00eestema xwarin\u00ea \u00fb ekos\u00eestema xwezay\u00ee \u00e7\u00ea kiriye. V\u00ea yek\u00ea j\u00ee wesa kiriye ku, hewcedariya \u00e7areseriya dost\u00eeniya j\u00eengeh\u00ea z\u00eadetir bike.<\/span><\/h3>\n","protected":false},"excerpt":{"rendered":"<p>Serokwez\u00eer Mesr\u00fbr Barzan\u00ee ber bi Davos\u00ea ve bi r\u00ea ketSerok\u00ea Hik\u00fbmeta Her\u00eama Kurdistan\u00ea ji bo tevl\u00eeb\u00fbna di Korbenda Abor\u00ee ya C\u00eehan\u00ee ya Davos\u00ea de ber bi Sw\u00eesray\u00ea ve bi r\u00ea ket. Hik\u00fbmeta Her\u00eama Kurdistan\u00ea di ragihandinek\u00ea de amaje da ku, Serok\u00ea Hik\u00fbmeta Her\u00eama Kurdistan\u00ea Mesr\u00fbr Barzan\u00ee \u00eero (Du\u015fem, 19.01.2026) ber bi Sw\u00eesray\u00ea ve bi r\u00ea [&hellip;]<\/p>\n","protected":false},"author":2,"featured_media":1051442,"comment_status":"closed","ping_status":"closed","sticky":false,"template":"","format":"standard","meta":{"footnotes":""},"categories":[30],"tags":[37],"class_list":["post-1051438","post","type-post","status-publish","format-standard","has-post-thumbnail","hentry","category-cihan","tag-sereke"],"blocksy_meta":[],"seo_head":"<!-- This site is optimized with the Yoast SEO plugin v27.5 - https:\/\/yoast.com\/product\/yoast-seo-wordpress\/ -->\n<title>Mesr\u00fbr Barzan\u00ee li Davos\u00ea reform\u00ean ab\u00fbr\u00ee y\u00ean Kurdistan\u00ea n\u00ee\u015fan dide - Darka Maz\u00ee<\/title>\n<meta name=\"robots\" content=\"index, follow, max-snippet:-1, max-image-preview:large, max-video-preview:-1\" \/>\n<link rel=\"canonical\" href=\"https:\/\/darkamazi.info\/archives\/1051438\" \/>\n<meta property=\"og:locale\" content=\"en_US\" \/>\n<meta property=\"og:type\" content=\"article\" \/>\n<meta property=\"og:title\" content=\"Mesr\u00fbr Barzan\u00ee li Davos\u00ea reform\u00ean ab\u00fbr\u00ee y\u00ean Kurdistan\u00ea n\u00ee\u015fan dide - Darka Maz\u00ee\" \/>\n<meta property=\"og:description\" content=\"Serokwez\u00eer Mesr\u00fbr Barzan\u00ee ber bi Davos\u00ea ve bi r\u00ea ketSerok\u00ea Hik\u00fbmeta Her\u00eama Kurdistan\u00ea ji bo tevl\u00eeb\u00fbna di Korbenda Abor\u00ee ya C\u00eehan\u00ee ya Davos\u00ea de ber bi Sw\u00eesray\u00ea ve bi r\u00ea ket. Hik\u00fbmeta Her\u00eama Kurdistan\u00ea di ragihandinek\u00ea de amaje da ku, Serok\u00ea Hik\u00fbmeta Her\u00eama Kurdistan\u00ea Mesr\u00fbr Barzan\u00ee \u00eero (Du\u015fem, 19.01.2026) ber bi Sw\u00eesray\u00ea ve bi r\u00ea [&hellip;]\" \/>\n<meta property=\"og:url\" content=\"https:\/\/darkamazi.info\/archives\/1051438\" \/>\n<meta property=\"og:site_name\" content=\"Darka Maz\u00ee\" \/>\n<meta property=\"article:publisher\" content=\"https:\/\/www.facebook.com\/DarMaziKurmanci\" \/>\n<meta property=\"article:published_time\" content=\"2026-01-19T14:35:11+00:00\" \/>\n<meta property=\"og:image\" content=\"https:\/\/darkamazi.info\/file\/2026\/01\/Masrour-Barzani-Davos-2026-Info.jpg\" \/>\n\t<meta property=\"og:image:width\" content=\"900\" \/>\n\t<meta property=\"og:image:height\" content=\"500\" \/>\n\t<meta property=\"og:image:type\" content=\"image\/jpeg\" \/>\n<meta name=\"author\" content=\"darka mazi\" \/>\n<meta name=\"twitter:card\" content=\"summary_large_image\" \/>\n<meta name=\"twitter:creator\" content=\"@DarkaMaziLatini\" \/>\n<meta name=\"twitter:site\" content=\"@DarkaMaziLatini\" \/>\n<meta name=\"twitter:label1\" content=\"Written by\" \/>\n\t<meta name=\"twitter:data1\" content=\"darka mazi\" \/>\n\t<meta name=\"twitter:label2\" content=\"Est. reading time\" \/>\n\t<meta name=\"twitter:data2\" content=\"3 minutes\" \/>\n<script type=\"application\/ld+json\" class=\"seo-schema-graph\">{\"@context\":\"https:\\\/\\\/schema.org\",\"@graph\":[{\"@type\":\"Article\",\"@id\":\"https:\\\/\\\/darkamazi.info\\\/archives\\\/1051438#article\",\"isPartOf\":{\"@id\":\"https:\\\/\\\/darkamazi.info\\\/archives\\\/1051438\"},\"author\":{\"name\":\"darka mazi\",\"@id\":\"https:\\\/\\\/darkamazi.info\\\/#\\\/schema\\\/person\\\/5ad3e24553a0567993fa8ed4bd0a776c\"},\"headline\":\"Mesr\u00fbr Barzan\u00ee li Davos\u00ea reform\u00ean ab\u00fbr\u00ee y\u00ean Kurdistan\u00ea n\u00ee\u015fan dide\",\"datePublished\":\"2026-01-19T14:35:11+00:00\",\"mainEntityOfPage\":{\"@id\":\"https:\\\/\\\/darkamazi.info\\\/archives\\\/1051438\"},\"wordCount\":656,\"publisher\":{\"@id\":\"https:\\\/\\\/darkamazi.info\\\/#organization\"},\"image\":{\"@id\":\"https:\\\/\\\/darkamazi.info\\\/archives\\\/1051438#primaryimage\"},\"thumbnailUrl\":\"https:\\\/\\\/darkamazi.info\\\/darka-content\\\/uploads\\\/2026\\\/01\\\/Masrour-Barzani-Davos-2026-Info.jpg\",\"keywords\":[\"sereke\"],\"articleSection\":[\"C\u00eehan\"],\"inLanguage\":\"en-US\"},{\"@type\":\"WebPage\",\"@id\":\"https:\\\/\\\/darkamazi.info\\\/archives\\\/1051438\",\"url\":\"https:\\\/\\\/darkamazi.info\\\/archives\\\/1051438\",\"name\":\"Mesr\u00fbr Barzan\u00ee li Davos\u00ea reform\u00ean ab\u00fbr\u00ee y\u00ean Kurdistan\u00ea n\u00ee\u015fan dide - Darka Maz\u00ee\",\"isPartOf\":{\"@id\":\"https:\\\/\\\/darkamazi.info\\\/#website\"},\"primaryImageOfPage\":{\"@id\":\"https:\\\/\\\/darkamazi.info\\\/archives\\\/1051438#primaryimage\"},\"image\":{\"@id\":\"https:\\\/\\\/darkamazi.info\\\/archives\\\/1051438#primaryimage\"},\"thumbnailUrl\":\"https:\\\/\\\/darkamazi.info\\\/darka-content\\\/uploads\\\/2026\\\/01\\\/Masrour-Barzani-Davos-2026-Info.jpg\",\"datePublished\":\"2026-01-19T14:35:11+00:00\",\"breadcrumb\":{\"@id\":\"https:\\\/\\\/darkamazi.info\\\/archives\\\/1051438#breadcrumb\"},\"inLanguage\":\"en-US\",\"potentialAction\":[{\"@type\":\"ReadAction\",\"target\":[\"https:\\\/\\\/darkamazi.info\\\/archives\\\/1051438\"]}]},{\"@type\":\"ImageObject\",\"inLanguage\":\"en-US\",\"@id\":\"https:\\\/\\\/darkamazi.info\\\/archives\\\/1051438#primaryimage\",\"url\":\"https:\\\/\\\/darkamazi.info\\\/darka-content\\\/uploads\\\/2026\\\/01\\\/Masrour-Barzani-Davos-2026-Info.jpg\",\"contentUrl\":\"https:\\\/\\\/darkamazi.info\\\/darka-content\\\/uploads\\\/2026\\\/01\\\/Masrour-Barzani-Davos-2026-Info.jpg\",\"width\":900,\"height\":500,\"caption\":\"Masrour-Barzani-Davos-2026-Info\"},{\"@type\":\"BreadcrumbList\",\"@id\":\"https:\\\/\\\/darkamazi.info\\\/archives\\\/1051438#breadcrumb\",\"itemListElement\":[{\"@type\":\"ListItem\",\"position\":1,\"name\":\"Home\",\"item\":\"https:\\\/\\\/darkamazi.info\\\/\"},{\"@type\":\"ListItem\",\"position\":2,\"name\":\"Mesr\u00fbr Barzan\u00ee li Davos\u00ea reform\u00ean ab\u00fbr\u00ee y\u00ean Kurdistan\u00ea n\u00ee\u015fan dide\"}]},{\"@type\":\"WebSite\",\"@id\":\"https:\\\/\\\/darkamazi.info\\\/#website\",\"url\":\"https:\\\/\\\/darkamazi.info\\\/\",\"name\":\"Darka Maz\u00ee\",\"description\":\"P\u00eageha Zanyariy\u00ean Nebih\u00eest\u00ee\",\"publisher\":{\"@id\":\"https:\\\/\\\/darkamazi.info\\\/#organization\"},\"potentialAction\":[{\"@type\":\"SearchAction\",\"target\":{\"@type\":\"EntryPoint\",\"urlTemplate\":\"https:\\\/\\\/darkamazi.info\\\/?s={search_term_string}\"},\"query-input\":{\"@type\":\"PropertyValueSpecification\",\"valueRequired\":true,\"valueName\":\"search_term_string\"}}],\"inLanguage\":\"en-US\"},{\"@type\":\"Organization\",\"@id\":\"https:\\\/\\\/darkamazi.info\\\/#organization\",\"name\":\"Darka Maz\u00ee\",\"url\":\"https:\\\/\\\/darkamazi.info\\\/\",\"logo\":{\"@type\":\"ImageObject\",\"inLanguage\":\"en-US\",\"@id\":\"https:\\\/\\\/darkamazi.info\\\/#\\\/schema\\\/logo\\\/image\\\/\",\"url\":\"https:\\\/\\\/darkamazi.info\\\/darka-content\\\/uploads\\\/2017\\\/12\\\/darka-mazi-logo.png\",\"contentUrl\":\"https:\\\/\\\/darkamazi.info\\\/darka-content\\\/uploads\\\/2017\\\/12\\\/darka-mazi-logo.png\",\"width\":151,\"height\":75,\"caption\":\"Darka Maz\u00ee\"},\"image\":{\"@id\":\"https:\\\/\\\/darkamazi.info\\\/#\\\/schema\\\/logo\\\/image\\\/\"},\"sameAs\":[\"https:\\\/\\\/www.facebook.com\\\/DarMaziKurmanci\",\"https:\\\/\\\/x.com\\\/DarkaMaziLatini\",\"https:\\\/\\\/www.instagram.com\\\/darkamazi.kurmanci\\\/\",\"https:\\\/\\\/www.youtube.com\\\/channel\\\/UCa5HkTdmI8U1qCUFuTw8B2g\"]},{\"@type\":\"Person\",\"@id\":\"https:\\\/\\\/darkamazi.info\\\/#\\\/schema\\\/person\\\/5ad3e24553a0567993fa8ed4bd0a776c\",\"name\":\"darka mazi\",\"sameAs\":[\"https:\\\/\\\/darkamazi.info\\\/\"],\"url\":\"https:\\\/\\\/darkamazi.info\\\/archives\\\/author\\\/kurdi\"}]}<\/script>\n<!-- \/ Yoast SEO plugin. -->","seo_head_json":{"title":"Mesr\u00fbr Barzan\u00ee li Davos\u00ea reform\u00ean ab\u00fbr\u00ee y\u00ean Kurdistan\u00ea n\u00ee\u015fan dide - Darka Maz\u00ee","robots":{"index":"index","follow":"follow","max-snippet":"max-snippet:-1","max-image-preview":"max-image-preview:large","max-video-preview":"max-video-preview:-1"},"canonical":"https:\/\/darkamazi.info\/archives\/1051438","og_locale":"en_US","og_type":"article","og_title":"Mesr\u00fbr Barzan\u00ee li Davos\u00ea reform\u00ean ab\u00fbr\u00ee y\u00ean Kurdistan\u00ea n\u00ee\u015fan dide - Darka Maz\u00ee","og_description":"Serokwez\u00eer Mesr\u00fbr Barzan\u00ee ber bi Davos\u00ea ve bi r\u00ea ketSerok\u00ea Hik\u00fbmeta Her\u00eama Kurdistan\u00ea ji bo tevl\u00eeb\u00fbna di Korbenda Abor\u00ee ya C\u00eehan\u00ee ya Davos\u00ea de ber bi Sw\u00eesray\u00ea ve bi r\u00ea ket. Hik\u00fbmeta Her\u00eama Kurdistan\u00ea di ragihandinek\u00ea de amaje da ku, Serok\u00ea Hik\u00fbmeta Her\u00eama Kurdistan\u00ea Mesr\u00fbr Barzan\u00ee \u00eero (Du\u015fem, 19.01.2026) ber bi Sw\u00eesray\u00ea ve bi r\u00ea [&hellip;]","og_url":"https:\/\/darkamazi.info\/archives\/1051438","og_site_name":"Darka Maz\u00ee","article_publisher":"https:\/\/www.facebook.com\/DarMaziKurmanci","article_published_time":"2026-01-19T14:35:11+00:00","og_image":[{"width":900,"height":500,"url":"https:\/\/darkamazi.info\/file\/2026\/01\/Masrour-Barzani-Davos-2026-Info.jpg","type":"image\/jpeg"}],"author":"darka mazi","twitter_card":"summary_large_image","twitter_creator":"@DarkaMaziLatini","twitter_site":"@DarkaMaziLatini","twitter_misc":{"Written by":"darka mazi","Est. reading time":"3 minutes"},"schema":{"@context":"https:\/\/schema.org","@graph":[{"@type":"Article","@id":"https:\/\/darkamazi.info\/archives\/1051438#article","isPartOf":{"@id":"https:\/\/darkamazi.info\/archives\/1051438"},"author":{"name":"darka mazi","@id":"https:\/\/darkamazi.info\/#\/schema\/person\/5ad3e24553a0567993fa8ed4bd0a776c"},"headline":"Mesr\u00fbr Barzan\u00ee li Davos\u00ea reform\u00ean ab\u00fbr\u00ee y\u00ean Kurdistan\u00ea n\u00ee\u015fan dide","datePublished":"2026-01-19T14:35:11+00:00","mainEntityOfPage":{"@id":"https:\/\/darkamazi.info\/archives\/1051438"},"wordCount":656,"publisher":{"@id":"https:\/\/darkamazi.info\/#organization"},"image":{"@id":"https:\/\/darkamazi.info\/archives\/1051438#primaryimage"},"thumbnailUrl":"https:\/\/darkamazi.info\/file\/2026\/01\/Masrour-Barzani-Davos-2026-Info.jpg","keywords":["sereke"],"articleSection":["C\u00eehan"],"inLanguage":"en-US"},{"@type":"WebPage","@id":"https:\/\/darkamazi.info\/archives\/1051438","url":"https:\/\/darkamazi.info\/archives\/1051438","name":"Mesr\u00fbr Barzan\u00ee li Davos\u00ea reform\u00ean ab\u00fbr\u00ee y\u00ean Kurdistan\u00ea n\u00ee\u015fan dide - Darka Maz\u00ee","isPartOf":{"@id":"https:\/\/darkamazi.info\/#website"},"primaryImageOfPage":{"@id":"https:\/\/darkamazi.info\/archives\/1051438#primaryimage"},"image":{"@id":"https:\/\/darkamazi.info\/archives\/1051438#primaryimage"},"thumbnailUrl":"https:\/\/darkamazi.info\/file\/2026\/01\/Masrour-Barzani-Davos-2026-Info.jpg","datePublished":"2026-01-19T14:35:11+00:00","breadcrumb":{"@id":"https:\/\/darkamazi.info\/archives\/1051438#breadcrumb"},"inLanguage":"en-US","potentialAction":[{"@type":"ReadAction","target":["https:\/\/darkamazi.info\/archives\/1051438"]}]},{"@type":"ImageObject","inLanguage":"en-US","@id":"https:\/\/darkamazi.info\/archives\/1051438#primaryimage","url":"https:\/\/darkamazi.info\/file\/2026\/01\/Masrour-Barzani-Davos-2026-Info.jpg","contentUrl":"https:\/\/darkamazi.info\/file\/2026\/01\/Masrour-Barzani-Davos-2026-Info.jpg","width":900,"height":500,"caption":"Masrour-Barzani-Davos-2026-Info"},{"@type":"BreadcrumbList","@id":"https:\/\/darkamazi.info\/archives\/1051438#breadcrumb","itemListElement":[{"@type":"ListItem","position":1,"name":"Home","item":"https:\/\/darkamazi.info\/"},{"@type":"ListItem","position":2,"name":"Mesr\u00fbr Barzan\u00ee li Davos\u00ea reform\u00ean ab\u00fbr\u00ee y\u00ean Kurdistan\u00ea n\u00ee\u015fan dide"}]},{"@type":"WebSite","@id":"https:\/\/darkamazi.info\/#website","url":"https:\/\/darkamazi.info\/","name":"Darka Maz\u00ee","description":"P\u00eageha Zanyariy\u00ean Nebih\u00eest\u00ee","publisher":{"@id":"https:\/\/darkamazi.info\/#organization"},"potentialAction":[{"@type":"SearchAction","target":{"@type":"EntryPoint","urlTemplate":"https:\/\/darkamazi.info\/?s={search_term_string}"},"query-input":{"@type":"PropertyValueSpecification","valueRequired":true,"valueName":"search_term_string"}}],"inLanguage":"en-US"},{"@type":"Organization","@id":"https:\/\/darkamazi.info\/#organization","name":"Darka Maz\u00ee","url":"https:\/\/darkamazi.info\/","logo":{"@type":"ImageObject","inLanguage":"en-US","@id":"https:\/\/darkamazi.info\/#\/schema\/logo\/image\/","url":"https:\/\/darkamazi.info\/file\/2017\/12\/darka-mazi-logo.png","contentUrl":"https:\/\/darkamazi.info\/file\/2017\/12\/darka-mazi-logo.png","width":151,"height":75,"caption":"Darka Maz\u00ee"},"image":{"@id":"https:\/\/darkamazi.info\/#\/schema\/logo\/image\/"},"sameAs":["https:\/\/www.facebook.com\/DarMaziKurmanci","https:\/\/x.com\/DarkaMaziLatini","https:\/\/www.instagram.com\/darkamazi.kurmanci\/","https:\/\/www.youtube.com\/channel\/UCa5HkTdmI8U1qCUFuTw8B2g"]},{"@type":"Person","@id":"https:\/\/darkamazi.info\/#\/schema\/person\/5ad3e24553a0567993fa8ed4bd0a776c","name":"darka mazi","sameAs":["https:\/\/darkamazi.info\/"],"url":"https:\/\/darkamazi.info\/archives\/author\/kurdi"}]}},"_links":{"self":[{"href":"https:\/\/darkamazi.info\/funavuv\/wp\/v2\/posts\/1051438","targetHints":{"allow":["GET"]}}],"collection":[{"href":"https:\/\/darkamazi.info\/funavuv\/wp\/v2\/posts"}],"about":[{"href":"https:\/\/darkamazi.info\/funavuv\/wp\/v2\/types\/post"}],"author":[{"embeddable":true,"href":"https:\/\/darkamazi.info\/funavuv\/wp\/v2\/users\/2"}],"replies":[{"embeddable":true,"href":"https:\/\/darkamazi.info\/funavuv\/wp\/v2\/comments?post=1051438"}],"version-history":[{"count":0,"href":"https:\/\/darkamazi.info\/funavuv\/wp\/v2\/posts\/1051438\/revisions"}],"wp:featuredmedia":[{"embeddable":true,"href":"https:\/\/darkamazi.info\/funavuv\/wp\/v2\/media\/1051442"}],"wp:attachment":[{"href":"https:\/\/darkamazi.info\/funavuv\/wp\/v2\/media?parent=1051438"}],"wp:term":[{"taxonomy":"category","embeddable":true,"href":"https:\/\/darkamazi.info\/funavuv\/wp\/v2\/categories?post=1051438"},{"taxonomy":"post_tag","embeddable":true,"href":"https:\/\/darkamazi.info\/funavuv\/wp\/v2\/tags?post=1051438"}],"curies":[{"name":"wp","href":"https:\/\/api.w.org\/{rel}","templated":true}]}}