{"id":1051444,"date":"2026-01-19T19:32:11","date_gmt":"2026-01-19T16:32:11","guid":{"rendered":"https:\/\/darkamazi.info\/?p=1051444"},"modified":"2026-01-19T19:32:11","modified_gmt":"2026-01-19T16:32:11","slug":"hsd-li-reqaye-9-servanen-me-cane-xwe-ji-dest-da","status":"publish","type":"post","link":"https:\/\/darkamazi.info\/archives\/1051444","title":{"rendered":"HSD: Li Reqay\u00ea 9 \u015fervan\u00ean me can\u00ea xwe ji dest da"},"content":{"rendered":"<h3 style=\"text-align: justify\"><span style=\"font-family: 'arial black', sans-serif\">Navenda Ragihandin\u00ea ya H\u00eaz\u00ean S\u00fbriyeya Demokrat\u00eek (HSD) derbar\u00ea rew\u015fa daw\u00ee ya girt\u00eegeha &#8220;El Eqtan&#8221; a li bajar\u00ea Reqay\u00ea daxuyaniyek belav kir.<\/span><\/h3>\n<h3 style=\"text-align: justify\"><span style=\"font-family: arial, helvetica, sans-serif\">HSDy\u00ea ragihand ku di pev\u00e7\u00fbn\u00ean li dordora girt\u00eegeh\u00ea de 9 \u015fervanan can\u00ea xwe ji dest da ye<\/span><\/h3>\n<h3 style=\"text-align: justify\"><span style=\"font-family: arial, helvetica, sans-serif\">HSDy\u00ea di daxuyaniy\u00ea de rexne li Hevpeymaniya Navnetewey\u00ee ya li Dij\u00ee DAI\u015e\u00ea (Koal\u00eesyon) girtin \u00fb diyar kir ku ew s\u00ea roj in ji bo veguhastina girtiy\u00ean DAI\u015e\u00ea ya ji bo cih\u00ean ewle bi wan re di nav hevahengiy\u00ea de ne.<\/span><\/h3>\n<h3 style=\"text-align: justify\"><span style=\"font-family: arial, helvetica, sans-serif\">Di daxuyaniy\u00ea de hat diyarkirin ku Koal\u00eesyon\u00ea tev\u00ee soz\u00ean xwe heta niha ti gav\u00ean prat\u00eek neav\u00eatine.<\/span><\/h3>\n<h3 style=\"text-align: justify\"><span style=\"font-family: arial, helvetica, sans-serif\">Di daxuyaniy\u00ea de hate gotin ku kom\u00ean \u00e7ekdar \u00ean \u015eam\u00ea \u00eari\u015f\u00ee girt\u00eegeh\u00ea dikin \u00fb \u015fervan\u00ean wan ji bo parastina girt\u00eegeh\u00ea \u00fb r\u00ealibergirtina aloziyan erka xwe bi cih t\u00eenin.<\/span><\/h3>\n<h3 style=\"text-align: justify\"><span style=\"font-family: arial, helvetica, sans-serif\">HSDy\u00ea e\u015fkere kir ku di encama van pev\u00e7\u00fbnan de heta niha 9 \u015fervanan can\u00ea xwe ji dest da \u00fb 20 \u015fervan\u00ean din j\u00ee bir\u00eendar b\u00fbn.<\/span><\/h3>\n<h3 style=\"text-align: justify\"><span style=\"font-family: arial, helvetica, sans-serif\">Navenda Ragihandin\u00ea ya HSDy\u00ea destn\u00ee\u015fan kir ku di bin \u015fert \u00fb merc\u00ean ewlehiy\u00ea y\u00ean gelek\u00ee metirs\u00eedar de pev\u00e7\u00fbn h\u00een j\u00ee didomin.<\/span><\/h3>\n","protected":false},"excerpt":{"rendered":"<p>Navenda Ragihandin\u00ea ya H\u00eaz\u00ean S\u00fbriyeya Demokrat\u00eek (HSD) derbar\u00ea rew\u015fa daw\u00ee ya girt\u00eegeha &#8220;El Eqtan&#8221; a li bajar\u00ea Reqay\u00ea daxuyaniyek belav kir. HSDy\u00ea ragihand ku di pev\u00e7\u00fbn\u00ean li dordora girt\u00eegeh\u00ea de 9 \u015fervanan can\u00ea xwe ji dest da ye HSDy\u00ea di daxuyaniy\u00ea de rexne li Hevpeymaniya Navnetewey\u00ee ya li Dij\u00ee DAI\u015e\u00ea (Koal\u00eesyon) girtin \u00fb diyar kir [&hellip;]<\/p>\n","protected":false},"author":2,"featured_media":1051445,"comment_status":"closed","ping_status":"closed","sticky":false,"template":"","format":"standard","meta":{"footnotes":""},"categories":[29],"tags":[37],"class_list":["post-1051444","post","type-post","status-publish","format-standard","has-post-thumbnail","hentry","category-kurdistan","tag-sereke"],"blocksy_meta":[],"seo_head":"<!-- This site is optimized with the Yoast SEO plugin v27.5 - https:\/\/yoast.com\/product\/yoast-seo-wordpress\/ -->\n<title>HSD: Li Reqay\u00ea 9 \u015fervan\u00ean me can\u00ea xwe ji dest da - Darka Maz\u00ee<\/title>\n<meta name=\"robots\" content=\"index, follow, max-snippet:-1, max-image-preview:large, max-video-preview:-1\" \/>\n<link rel=\"canonical\" href=\"https:\/\/darkamazi.info\/archives\/1051444\" \/>\n<meta property=\"og:locale\" content=\"en_US\" \/>\n<meta property=\"og:type\" content=\"article\" \/>\n<meta property=\"og:title\" content=\"HSD: Li Reqay\u00ea 9 \u015fervan\u00ean me can\u00ea xwe ji dest da - Darka Maz\u00ee\" \/>\n<meta property=\"og:description\" content=\"Navenda Ragihandin\u00ea ya H\u00eaz\u00ean S\u00fbriyeya Demokrat\u00eek (HSD) derbar\u00ea rew\u015fa daw\u00ee ya girt\u00eegeha &#8220;El Eqtan&#8221; a li bajar\u00ea Reqay\u00ea daxuyaniyek belav kir. HSDy\u00ea ragihand ku di pev\u00e7\u00fbn\u00ean li dordora girt\u00eegeh\u00ea de 9 \u015fervanan can\u00ea xwe ji dest da ye HSDy\u00ea di daxuyaniy\u00ea de rexne li Hevpeymaniya Navnetewey\u00ee ya li Dij\u00ee DAI\u015e\u00ea (Koal\u00eesyon) girtin \u00fb diyar kir [&hellip;]\" \/>\n<meta property=\"og:url\" content=\"https:\/\/darkamazi.info\/archives\/1051444\" \/>\n<meta property=\"og:site_name\" content=\"Darka Maz\u00ee\" \/>\n<meta property=\"article:publisher\" content=\"https:\/\/www.facebook.com\/DarMaziKurmanci\" \/>\n<meta property=\"article:published_time\" content=\"2026-01-19T16:32:11+00:00\" \/>\n<meta property=\"og:image\" content=\"https:\/\/darkamazi.info\/file\/2026\/01\/Reqqa-9.jpg\" \/>\n\t<meta property=\"og:image:width\" content=\"900\" \/>\n\t<meta property=\"og:image:height\" content=\"500\" \/>\n\t<meta property=\"og:image:type\" content=\"image\/jpeg\" \/>\n<meta name=\"author\" content=\"darka mazi\" \/>\n<meta name=\"twitter:card\" content=\"summary_large_image\" \/>\n<meta name=\"twitter:creator\" content=\"@DarkaMaziLatini\" \/>\n<meta name=\"twitter:site\" content=\"@DarkaMaziLatini\" \/>\n<meta name=\"twitter:label1\" content=\"Written by\" \/>\n\t<meta name=\"twitter:data1\" content=\"darka mazi\" \/>\n\t<meta name=\"twitter:label2\" content=\"Est. reading time\" \/>\n\t<meta name=\"twitter:data2\" content=\"1 minute\" \/>\n<script type=\"application\/ld+json\" class=\"seo-schema-graph\">{\"@context\":\"https:\\\/\\\/schema.org\",\"@graph\":[{\"@type\":\"Article\",\"@id\":\"https:\\\/\\\/darkamazi.info\\\/archives\\\/1051444#article\",\"isPartOf\":{\"@id\":\"https:\\\/\\\/darkamazi.info\\\/archives\\\/1051444\"},\"author\":{\"name\":\"darka mazi\",\"@id\":\"https:\\\/\\\/darkamazi.info\\\/#\\\/schema\\\/person\\\/5ad3e24553a0567993fa8ed4bd0a776c\"},\"headline\":\"HSD: Li Reqay\u00ea 9 \u015fervan\u00ean me can\u00ea xwe ji dest da\",\"datePublished\":\"2026-01-19T16:32:11+00:00\",\"mainEntityOfPage\":{\"@id\":\"https:\\\/\\\/darkamazi.info\\\/archives\\\/1051444\"},\"wordCount\":205,\"publisher\":{\"@id\":\"https:\\\/\\\/darkamazi.info\\\/#organization\"},\"image\":{\"@id\":\"https:\\\/\\\/darkamazi.info\\\/archives\\\/1051444#primaryimage\"},\"thumbnailUrl\":\"https:\\\/\\\/darkamazi.info\\\/darka-content\\\/uploads\\\/2026\\\/01\\\/Reqqa-9.jpg\",\"keywords\":[\"sereke\"],\"articleSection\":[\"Kurdistan\"],\"inLanguage\":\"en-US\"},{\"@type\":\"WebPage\",\"@id\":\"https:\\\/\\\/darkamazi.info\\\/archives\\\/1051444\",\"url\":\"https:\\\/\\\/darkamazi.info\\\/archives\\\/1051444\",\"name\":\"HSD: Li Reqay\u00ea 9 \u015fervan\u00ean me can\u00ea xwe ji dest da - Darka Maz\u00ee\",\"isPartOf\":{\"@id\":\"https:\\\/\\\/darkamazi.info\\\/#website\"},\"primaryImageOfPage\":{\"@id\":\"https:\\\/\\\/darkamazi.info\\\/archives\\\/1051444#primaryimage\"},\"image\":{\"@id\":\"https:\\\/\\\/darkamazi.info\\\/archives\\\/1051444#primaryimage\"},\"thumbnailUrl\":\"https:\\\/\\\/darkamazi.info\\\/darka-content\\\/uploads\\\/2026\\\/01\\\/Reqqa-9.jpg\",\"datePublished\":\"2026-01-19T16:32:11+00:00\",\"breadcrumb\":{\"@id\":\"https:\\\/\\\/darkamazi.info\\\/archives\\\/1051444#breadcrumb\"},\"inLanguage\":\"en-US\",\"potentialAction\":[{\"@type\":\"ReadAction\",\"target\":[\"https:\\\/\\\/darkamazi.info\\\/archives\\\/1051444\"]}]},{\"@type\":\"ImageObject\",\"inLanguage\":\"en-US\",\"@id\":\"https:\\\/\\\/darkamazi.info\\\/archives\\\/1051444#primaryimage\",\"url\":\"https:\\\/\\\/darkamazi.info\\\/darka-content\\\/uploads\\\/2026\\\/01\\\/Reqqa-9.jpg\",\"contentUrl\":\"https:\\\/\\\/darkamazi.info\\\/darka-content\\\/uploads\\\/2026\\\/01\\\/Reqqa-9.jpg\",\"width\":900,\"height\":500,\"caption\":\"Reqqa-9\"},{\"@type\":\"BreadcrumbList\",\"@id\":\"https:\\\/\\\/darkamazi.info\\\/archives\\\/1051444#breadcrumb\",\"itemListElement\":[{\"@type\":\"ListItem\",\"position\":1,\"name\":\"Home\",\"item\":\"https:\\\/\\\/darkamazi.info\\\/\"},{\"@type\":\"ListItem\",\"position\":2,\"name\":\"HSD: Li Reqay\u00ea 9 \u015fervan\u00ean me can\u00ea xwe ji dest da\"}]},{\"@type\":\"WebSite\",\"@id\":\"https:\\\/\\\/darkamazi.info\\\/#website\",\"url\":\"https:\\\/\\\/darkamazi.info\\\/\",\"name\":\"Darka Maz\u00ee\",\"description\":\"P\u00eageha Zanyariy\u00ean Nebih\u00eest\u00ee\",\"publisher\":{\"@id\":\"https:\\\/\\\/darkamazi.info\\\/#organization\"},\"potentialAction\":[{\"@type\":\"SearchAction\",\"target\":{\"@type\":\"EntryPoint\",\"urlTemplate\":\"https:\\\/\\\/darkamazi.info\\\/?s={search_term_string}\"},\"query-input\":{\"@type\":\"PropertyValueSpecification\",\"valueRequired\":true,\"valueName\":\"search_term_string\"}}],\"inLanguage\":\"en-US\"},{\"@type\":\"Organization\",\"@id\":\"https:\\\/\\\/darkamazi.info\\\/#organization\",\"name\":\"Darka Maz\u00ee\",\"url\":\"https:\\\/\\\/darkamazi.info\\\/\",\"logo\":{\"@type\":\"ImageObject\",\"inLanguage\":\"en-US\",\"@id\":\"https:\\\/\\\/darkamazi.info\\\/#\\\/schema\\\/logo\\\/image\\\/\",\"url\":\"https:\\\/\\\/darkamazi.info\\\/darka-content\\\/uploads\\\/2017\\\/12\\\/darka-mazi-logo.png\",\"contentUrl\":\"https:\\\/\\\/darkamazi.info\\\/darka-content\\\/uploads\\\/2017\\\/12\\\/darka-mazi-logo.png\",\"width\":151,\"height\":75,\"caption\":\"Darka Maz\u00ee\"},\"image\":{\"@id\":\"https:\\\/\\\/darkamazi.info\\\/#\\\/schema\\\/logo\\\/image\\\/\"},\"sameAs\":[\"https:\\\/\\\/www.facebook.com\\\/DarMaziKurmanci\",\"https:\\\/\\\/x.com\\\/DarkaMaziLatini\",\"https:\\\/\\\/www.instagram.com\\\/darkamazi.kurmanci\\\/\",\"https:\\\/\\\/www.youtube.com\\\/channel\\\/UCa5HkTdmI8U1qCUFuTw8B2g\"]},{\"@type\":\"Person\",\"@id\":\"https:\\\/\\\/darkamazi.info\\\/#\\\/schema\\\/person\\\/5ad3e24553a0567993fa8ed4bd0a776c\",\"name\":\"darka mazi\",\"sameAs\":[\"https:\\\/\\\/darkamazi.info\\\/\"],\"url\":\"https:\\\/\\\/darkamazi.info\\\/archives\\\/author\\\/kurdi\"}]}<\/script>\n<!-- \/ Yoast SEO plugin. -->","seo_head_json":{"title":"HSD: Li Reqay\u00ea 9 \u015fervan\u00ean me can\u00ea xwe ji dest da - Darka Maz\u00ee","robots":{"index":"index","follow":"follow","max-snippet":"max-snippet:-1","max-image-preview":"max-image-preview:large","max-video-preview":"max-video-preview:-1"},"canonical":"https:\/\/darkamazi.info\/archives\/1051444","og_locale":"en_US","og_type":"article","og_title":"HSD: Li Reqay\u00ea 9 \u015fervan\u00ean me can\u00ea xwe ji dest da - Darka Maz\u00ee","og_description":"Navenda Ragihandin\u00ea ya H\u00eaz\u00ean S\u00fbriyeya Demokrat\u00eek (HSD) derbar\u00ea rew\u015fa daw\u00ee ya girt\u00eegeha &#8220;El Eqtan&#8221; a li bajar\u00ea Reqay\u00ea daxuyaniyek belav kir. HSDy\u00ea ragihand ku di pev\u00e7\u00fbn\u00ean li dordora girt\u00eegeh\u00ea de 9 \u015fervanan can\u00ea xwe ji dest da ye HSDy\u00ea di daxuyaniy\u00ea de rexne li Hevpeymaniya Navnetewey\u00ee ya li Dij\u00ee DAI\u015e\u00ea (Koal\u00eesyon) girtin \u00fb diyar kir [&hellip;]","og_url":"https:\/\/darkamazi.info\/archives\/1051444","og_site_name":"Darka Maz\u00ee","article_publisher":"https:\/\/www.facebook.com\/DarMaziKurmanci","article_published_time":"2026-01-19T16:32:11+00:00","og_image":[{"width":900,"height":500,"url":"https:\/\/darkamazi.info\/file\/2026\/01\/Reqqa-9.jpg","type":"image\/jpeg"}],"author":"darka mazi","twitter_card":"summary_large_image","twitter_creator":"@DarkaMaziLatini","twitter_site":"@DarkaMaziLatini","twitter_misc":{"Written by":"darka mazi","Est. reading time":"1 minute"},"schema":{"@context":"https:\/\/schema.org","@graph":[{"@type":"Article","@id":"https:\/\/darkamazi.info\/archives\/1051444#article","isPartOf":{"@id":"https:\/\/darkamazi.info\/archives\/1051444"},"author":{"name":"darka mazi","@id":"https:\/\/darkamazi.info\/#\/schema\/person\/5ad3e24553a0567993fa8ed4bd0a776c"},"headline":"HSD: Li Reqay\u00ea 9 \u015fervan\u00ean me can\u00ea xwe ji dest da","datePublished":"2026-01-19T16:32:11+00:00","mainEntityOfPage":{"@id":"https:\/\/darkamazi.info\/archives\/1051444"},"wordCount":205,"publisher":{"@id":"https:\/\/darkamazi.info\/#organization"},"image":{"@id":"https:\/\/darkamazi.info\/archives\/1051444#primaryimage"},"thumbnailUrl":"https:\/\/darkamazi.info\/file\/2026\/01\/Reqqa-9.jpg","keywords":["sereke"],"articleSection":["Kurdistan"],"inLanguage":"en-US"},{"@type":"WebPage","@id":"https:\/\/darkamazi.info\/archives\/1051444","url":"https:\/\/darkamazi.info\/archives\/1051444","name":"HSD: Li Reqay\u00ea 9 \u015fervan\u00ean me can\u00ea xwe ji dest da - Darka Maz\u00ee","isPartOf":{"@id":"https:\/\/darkamazi.info\/#website"},"primaryImageOfPage":{"@id":"https:\/\/darkamazi.info\/archives\/1051444#primaryimage"},"image":{"@id":"https:\/\/darkamazi.info\/archives\/1051444#primaryimage"},"thumbnailUrl":"https:\/\/darkamazi.info\/file\/2026\/01\/Reqqa-9.jpg","datePublished":"2026-01-19T16:32:11+00:00","breadcrumb":{"@id":"https:\/\/darkamazi.info\/archives\/1051444#breadcrumb"},"inLanguage":"en-US","potentialAction":[{"@type":"ReadAction","target":["https:\/\/darkamazi.info\/archives\/1051444"]}]},{"@type":"ImageObject","inLanguage":"en-US","@id":"https:\/\/darkamazi.info\/archives\/1051444#primaryimage","url":"https:\/\/darkamazi.info\/file\/2026\/01\/Reqqa-9.jpg","contentUrl":"https:\/\/darkamazi.info\/file\/2026\/01\/Reqqa-9.jpg","width":900,"height":500,"caption":"Reqqa-9"},{"@type":"BreadcrumbList","@id":"https:\/\/darkamazi.info\/archives\/1051444#breadcrumb","itemListElement":[{"@type":"ListItem","position":1,"name":"Home","item":"https:\/\/darkamazi.info\/"},{"@type":"ListItem","position":2,"name":"HSD: Li Reqay\u00ea 9 \u015fervan\u00ean me can\u00ea xwe ji dest da"}]},{"@type":"WebSite","@id":"https:\/\/darkamazi.info\/#website","url":"https:\/\/darkamazi.info\/","name":"Darka Maz\u00ee","description":"P\u00eageha Zanyariy\u00ean Nebih\u00eest\u00ee","publisher":{"@id":"https:\/\/darkamazi.info\/#organization"},"potentialAction":[{"@type":"SearchAction","target":{"@type":"EntryPoint","urlTemplate":"https:\/\/darkamazi.info\/?s={search_term_string}"},"query-input":{"@type":"PropertyValueSpecification","valueRequired":true,"valueName":"search_term_string"}}],"inLanguage":"en-US"},{"@type":"Organization","@id":"https:\/\/darkamazi.info\/#organization","name":"Darka Maz\u00ee","url":"https:\/\/darkamazi.info\/","logo":{"@type":"ImageObject","inLanguage":"en-US","@id":"https:\/\/darkamazi.info\/#\/schema\/logo\/image\/","url":"https:\/\/darkamazi.info\/file\/2017\/12\/darka-mazi-logo.png","contentUrl":"https:\/\/darkamazi.info\/file\/2017\/12\/darka-mazi-logo.png","width":151,"height":75,"caption":"Darka Maz\u00ee"},"image":{"@id":"https:\/\/darkamazi.info\/#\/schema\/logo\/image\/"},"sameAs":["https:\/\/www.facebook.com\/DarMaziKurmanci","https:\/\/x.com\/DarkaMaziLatini","https:\/\/www.instagram.com\/darkamazi.kurmanci\/","https:\/\/www.youtube.com\/channel\/UCa5HkTdmI8U1qCUFuTw8B2g"]},{"@type":"Person","@id":"https:\/\/darkamazi.info\/#\/schema\/person\/5ad3e24553a0567993fa8ed4bd0a776c","name":"darka mazi","sameAs":["https:\/\/darkamazi.info\/"],"url":"https:\/\/darkamazi.info\/archives\/author\/kurdi"}]}},"_links":{"self":[{"href":"https:\/\/darkamazi.info\/funavuv\/wp\/v2\/posts\/1051444","targetHints":{"allow":["GET"]}}],"collection":[{"href":"https:\/\/darkamazi.info\/funavuv\/wp\/v2\/posts"}],"about":[{"href":"https:\/\/darkamazi.info\/funavuv\/wp\/v2\/types\/post"}],"author":[{"embeddable":true,"href":"https:\/\/darkamazi.info\/funavuv\/wp\/v2\/users\/2"}],"replies":[{"embeddable":true,"href":"https:\/\/darkamazi.info\/funavuv\/wp\/v2\/comments?post=1051444"}],"version-history":[{"count":0,"href":"https:\/\/darkamazi.info\/funavuv\/wp\/v2\/posts\/1051444\/revisions"}],"wp:featuredmedia":[{"embeddable":true,"href":"https:\/\/darkamazi.info\/funavuv\/wp\/v2\/media\/1051445"}],"wp:attachment":[{"href":"https:\/\/darkamazi.info\/funavuv\/wp\/v2\/media?parent=1051444"}],"wp:term":[{"taxonomy":"category","embeddable":true,"href":"https:\/\/darkamazi.info\/funavuv\/wp\/v2\/categories?post=1051444"},{"taxonomy":"post_tag","embeddable":true,"href":"https:\/\/darkamazi.info\/funavuv\/wp\/v2\/tags?post=1051444"}],"curies":[{"name":"wp","href":"https:\/\/api.w.org\/{rel}","templated":true}]}}