{"id":1051452,"date":"2026-01-20T10:51:24","date_gmt":"2026-01-20T07:51:24","guid":{"rendered":"https:\/\/darkamazi.info\/?p=1051452"},"modified":"2026-01-20T10:51:24","modified_gmt":"2026-01-20T07:51:24","slug":"hikumeta-same-bi-sureya-enfale-li-diji-kurdan-fetih-ilan-kir","status":"publish","type":"post","link":"https:\/\/darkamazi.info\/archives\/1051452","title":{"rendered":"Hik\u00fbmeta \u015eam\u00ea bi S\u00fbreya Enfal\u00ea li dij\u00ee Kurdan &#8216;fetih&#8217; \u00eelan kir"},"content":{"rendered":"<h3 style=\"text-align: justify\"><span style=\"font-family: 'arial black', sans-serif\">Wezareta Ewqaf\u00ea ya S\u00fbriyey\u00ea \u00eari\u015fa li ser Kurdan wek\u00ee &#8220;fetih&#8221; bi nav dike<\/span><\/h3>\n<h3 style=\"text-align: justify\"><span style=\"font-family: arial, helvetica, sans-serif\">Wezareta Ewqaf\u00ea ya S\u00fbriyey\u00ea daxuyaniyeke ferm\u00ee ji bo mela \u00fb xet\u00eeb\u00ean hem\u00fb mizgeft\u00ean \u015fand.<\/span><\/h3>\n<h3 style=\"text-align: justify\"><span style=\"font-family: arial, helvetica, sans-serif\">Wezaret\u00ea ji wan xwest ku di nim\u00eajan de ji bo serkeftina art\u00ea\u015f\u00ea diayan bikin \u00fb bi deng\u00ea bilind tekb\u00eeran b\u00eenin. Ev wek\u00ee n\u00ee\u015faneya k\u00eafxwe\u015fiy\u00ea ya ji bo wan &#8220;serkeftin\u00ean&#8221; ku Art\u00ea\u015fa Ereban a S\u00fbriyey\u00ea li rojhilat\u00ea welat bi dest xistine t\u00ea n\u00ee\u015fandan.<\/span><\/h3>\n<h3 style=\"text-align: justify\"><span style=\"font-family: arial, helvetica, sans-serif\">Li gor\u00ee w\u00ea belgeya ku \u00eemzeya Wez\u00ear\u00ea Ewqaf\u00ea y\u00ea S\u00fbriyey\u00ea Dr. Mihemed Eb\u00fb Xeyr \u015eukr\u00ee li ser e \u00fb roja 18\u00ea Kan\u00fbna Pa\u015f\u00een a 2026an derketiye, ji mizgeftan hatiye xwestin ku van gavan biav\u00eajin:<\/span><\/h3>\n<ol>\n<li>\n<h3><span style=\"font-family: arial, helvetica, sans-serif\">Xwendina nim\u00eaja &#8220;Qin\u00fbt&#8221; di her p\u00eanc nim\u00eaj\u00ean ferz de li seranser\u00ea welat, ji bo serkeftin \u00fb pi\u015ftgir\u00eekirina le\u015fker\u00ean Art\u00ea\u015fa Ereb\u00ee ya S\u00fbriyey\u00ea.<\/span><\/h3>\n<\/li>\n<li>\n<h3><span style=\"font-family: arial, helvetica, sans-serif\">Te\u015fv\u00eeqkirina welatiyan \u00fb gel\u00ea S\u00fbriyey\u00ea ji bo diayan da ku rew\u015f bi temam\u00ee aram bibe.<\/span><\/h3>\n<\/li>\n<li>\n<h3><span style=\"font-family: arial, helvetica, sans-serif\">L\u00eadana tekb\u00eeran li nav mizgeftan wek\u00ee n\u00ee\u015faneya p\u00eerozkirina wan &#8220;feth \u00fb serkeftin\u00ean&#8221; ku Art\u00ea\u015fa Ereban li nav\u00e7ey\u00ean rojhilat tomar kirine.<\/span><\/h3>\n<\/li>\n<\/ol>\n<h3 style=\"text-align: justify\"><span style=\"font-family: arial, helvetica, sans-serif\">Ev fermana Wezareta Ewqaf\u00ea di demek\u00ea de ye ku di 24 saet\u00ean bor\u00ee de Art\u00ea\u015fa Ereban a S\u00fbriyey\u00ea bip\u00ea\u015fketineke mezin li nav\u00e7ey\u00ean Rojhilat\u00ea Ferat\u00ea, Tebqa, Reqa \u00fb D\u00earazor\u00ea kir.<\/span><\/h3>\n<h3 style=\"text-align: justify\"><span style=\"font-family: arial, helvetica, sans-serif\">Ev guher\u00een pi\u015ft\u00ee veki\u015f\u00eena H\u00eaz\u00ean S\u00fbriyeya Demokrat\u00eek (HSD) p\u00eak hat ku di \u00e7ar\u00e7oveya r\u00eakeftineke 14 xal\u00ee ya roja yek\u015fem\u00ea de b\u00fb.<\/span><\/h3>\n","protected":false},"excerpt":{"rendered":"<p>Wezareta Ewqaf\u00ea ya S\u00fbriyey\u00ea \u00eari\u015fa li ser Kurdan wek\u00ee &#8220;fetih&#8221; bi nav dike Wezareta Ewqaf\u00ea ya S\u00fbriyey\u00ea daxuyaniyeke ferm\u00ee ji bo mela \u00fb xet\u00eeb\u00ean hem\u00fb mizgeft\u00ean \u015fand. Wezaret\u00ea ji wan xwest ku di nim\u00eajan de ji bo serkeftina art\u00ea\u015f\u00ea diayan bikin \u00fb bi deng\u00ea bilind tekb\u00eeran b\u00eenin. Ev wek\u00ee n\u00ee\u015faneya k\u00eafxwe\u015fiy\u00ea ya ji bo wan [&hellip;]<\/p>\n","protected":false},"author":2,"featured_media":1051453,"comment_status":"closed","ping_status":"closed","sticky":false,"template":"","format":"standard","meta":{"footnotes":""},"categories":[31],"tags":[37],"class_list":["post-1051452","post","type-post","status-publish","format-standard","has-post-thumbnail","hentry","category-rojhelata-navin","tag-sereke"],"blocksy_meta":[],"seo_head":"<!-- This site is optimized with the Yoast SEO plugin v27.5 - https:\/\/yoast.com\/product\/yoast-seo-wordpress\/ -->\n<title>Hik\u00fbmeta \u015eam\u00ea bi S\u00fbreya Enfal\u00ea li dij\u00ee Kurdan &#039;fetih&#039; \u00eelan kir - Darka Maz\u00ee<\/title>\n<meta name=\"robots\" content=\"index, follow, max-snippet:-1, max-image-preview:large, max-video-preview:-1\" \/>\n<link rel=\"canonical\" href=\"https:\/\/darkamazi.info\/archives\/1051452\" \/>\n<meta property=\"og:locale\" content=\"en_US\" \/>\n<meta property=\"og:type\" content=\"article\" \/>\n<meta property=\"og:title\" content=\"Hik\u00fbmeta \u015eam\u00ea bi S\u00fbreya Enfal\u00ea li dij\u00ee Kurdan &#039;fetih&#039; \u00eelan kir - Darka Maz\u00ee\" \/>\n<meta property=\"og:description\" content=\"Wezareta Ewqaf\u00ea ya S\u00fbriyey\u00ea \u00eari\u015fa li ser Kurdan wek\u00ee &#8220;fetih&#8221; bi nav dike Wezareta Ewqaf\u00ea ya S\u00fbriyey\u00ea daxuyaniyeke ferm\u00ee ji bo mela \u00fb xet\u00eeb\u00ean hem\u00fb mizgeft\u00ean \u015fand. Wezaret\u00ea ji wan xwest ku di nim\u00eajan de ji bo serkeftina art\u00ea\u015f\u00ea diayan bikin \u00fb bi deng\u00ea bilind tekb\u00eeran b\u00eenin. Ev wek\u00ee n\u00ee\u015faneya k\u00eafxwe\u015fiy\u00ea ya ji bo wan [&hellip;]\" \/>\n<meta property=\"og:url\" content=\"https:\/\/darkamazi.info\/archives\/1051452\" \/>\n<meta property=\"og:site_name\" content=\"Darka Maz\u00ee\" \/>\n<meta property=\"article:publisher\" content=\"https:\/\/www.facebook.com\/DarMaziKurmanci\" \/>\n<meta property=\"article:published_time\" content=\"2026-01-20T07:51:24+00:00\" \/>\n<meta property=\"og:image\" content=\"https:\/\/darkamazi.info\/file\/2026\/01\/Enfal-Rojava-info.jpg\" \/>\n\t<meta property=\"og:image:width\" content=\"900\" \/>\n\t<meta property=\"og:image:height\" content=\"500\" \/>\n\t<meta property=\"og:image:type\" content=\"image\/jpeg\" \/>\n<meta name=\"author\" content=\"darka mazi\" \/>\n<meta name=\"twitter:card\" content=\"summary_large_image\" \/>\n<meta name=\"twitter:creator\" content=\"@DarkaMaziLatini\" \/>\n<meta name=\"twitter:site\" content=\"@DarkaMaziLatini\" \/>\n<meta name=\"twitter:label1\" content=\"Written by\" \/>\n\t<meta name=\"twitter:data1\" content=\"darka mazi\" \/>\n\t<meta name=\"twitter:label2\" content=\"Est. reading time\" \/>\n\t<meta name=\"twitter:data2\" content=\"2 minutes\" \/>\n<script type=\"application\/ld+json\" class=\"seo-schema-graph\">{\"@context\":\"https:\\\/\\\/schema.org\",\"@graph\":[{\"@type\":\"Article\",\"@id\":\"https:\\\/\\\/darkamazi.info\\\/archives\\\/1051452#article\",\"isPartOf\":{\"@id\":\"https:\\\/\\\/darkamazi.info\\\/archives\\\/1051452\"},\"author\":{\"name\":\"darka mazi\",\"@id\":\"https:\\\/\\\/darkamazi.info\\\/#\\\/schema\\\/person\\\/5ad3e24553a0567993fa8ed4bd0a776c\"},\"headline\":\"Hik\u00fbmeta \u015eam\u00ea bi S\u00fbreya Enfal\u00ea li dij\u00ee Kurdan &#8216;fetih&#8217; \u00eelan kir\",\"datePublished\":\"2026-01-20T07:51:24+00:00\",\"mainEntityOfPage\":{\"@id\":\"https:\\\/\\\/darkamazi.info\\\/archives\\\/1051452\"},\"wordCount\":274,\"publisher\":{\"@id\":\"https:\\\/\\\/darkamazi.info\\\/#organization\"},\"image\":{\"@id\":\"https:\\\/\\\/darkamazi.info\\\/archives\\\/1051452#primaryimage\"},\"thumbnailUrl\":\"https:\\\/\\\/darkamazi.info\\\/darka-content\\\/uploads\\\/2026\\\/01\\\/Enfal-Rojava-info.jpg\",\"keywords\":[\"sereke\"],\"articleSection\":[\"Rojhelata nav\u00een\"],\"inLanguage\":\"en-US\"},{\"@type\":\"WebPage\",\"@id\":\"https:\\\/\\\/darkamazi.info\\\/archives\\\/1051452\",\"url\":\"https:\\\/\\\/darkamazi.info\\\/archives\\\/1051452\",\"name\":\"Hik\u00fbmeta \u015eam\u00ea bi S\u00fbreya Enfal\u00ea li dij\u00ee Kurdan 'fetih' \u00eelan kir - Darka Maz\u00ee\",\"isPartOf\":{\"@id\":\"https:\\\/\\\/darkamazi.info\\\/#website\"},\"primaryImageOfPage\":{\"@id\":\"https:\\\/\\\/darkamazi.info\\\/archives\\\/1051452#primaryimage\"},\"image\":{\"@id\":\"https:\\\/\\\/darkamazi.info\\\/archives\\\/1051452#primaryimage\"},\"thumbnailUrl\":\"https:\\\/\\\/darkamazi.info\\\/darka-content\\\/uploads\\\/2026\\\/01\\\/Enfal-Rojava-info.jpg\",\"datePublished\":\"2026-01-20T07:51:24+00:00\",\"breadcrumb\":{\"@id\":\"https:\\\/\\\/darkamazi.info\\\/archives\\\/1051452#breadcrumb\"},\"inLanguage\":\"en-US\",\"potentialAction\":[{\"@type\":\"ReadAction\",\"target\":[\"https:\\\/\\\/darkamazi.info\\\/archives\\\/1051452\"]}]},{\"@type\":\"ImageObject\",\"inLanguage\":\"en-US\",\"@id\":\"https:\\\/\\\/darkamazi.info\\\/archives\\\/1051452#primaryimage\",\"url\":\"https:\\\/\\\/darkamazi.info\\\/darka-content\\\/uploads\\\/2026\\\/01\\\/Enfal-Rojava-info.jpg\",\"contentUrl\":\"https:\\\/\\\/darkamazi.info\\\/darka-content\\\/uploads\\\/2026\\\/01\\\/Enfal-Rojava-info.jpg\",\"width\":900,\"height\":500,\"caption\":\"Enfal-Rojava-info\"},{\"@type\":\"BreadcrumbList\",\"@id\":\"https:\\\/\\\/darkamazi.info\\\/archives\\\/1051452#breadcrumb\",\"itemListElement\":[{\"@type\":\"ListItem\",\"position\":1,\"name\":\"Home\",\"item\":\"https:\\\/\\\/darkamazi.info\\\/\"},{\"@type\":\"ListItem\",\"position\":2,\"name\":\"Hik\u00fbmeta \u015eam\u00ea bi S\u00fbreya Enfal\u00ea li dij\u00ee Kurdan &#8216;fetih&#8217; \u00eelan kir\"}]},{\"@type\":\"WebSite\",\"@id\":\"https:\\\/\\\/darkamazi.info\\\/#website\",\"url\":\"https:\\\/\\\/darkamazi.info\\\/\",\"name\":\"Darka Maz\u00ee\",\"description\":\"P\u00eageha Zanyariy\u00ean Nebih\u00eest\u00ee\",\"publisher\":{\"@id\":\"https:\\\/\\\/darkamazi.info\\\/#organization\"},\"potentialAction\":[{\"@type\":\"SearchAction\",\"target\":{\"@type\":\"EntryPoint\",\"urlTemplate\":\"https:\\\/\\\/darkamazi.info\\\/?s={search_term_string}\"},\"query-input\":{\"@type\":\"PropertyValueSpecification\",\"valueRequired\":true,\"valueName\":\"search_term_string\"}}],\"inLanguage\":\"en-US\"},{\"@type\":\"Organization\",\"@id\":\"https:\\\/\\\/darkamazi.info\\\/#organization\",\"name\":\"Darka Maz\u00ee\",\"url\":\"https:\\\/\\\/darkamazi.info\\\/\",\"logo\":{\"@type\":\"ImageObject\",\"inLanguage\":\"en-US\",\"@id\":\"https:\\\/\\\/darkamazi.info\\\/#\\\/schema\\\/logo\\\/image\\\/\",\"url\":\"https:\\\/\\\/darkamazi.info\\\/darka-content\\\/uploads\\\/2017\\\/12\\\/darka-mazi-logo.png\",\"contentUrl\":\"https:\\\/\\\/darkamazi.info\\\/darka-content\\\/uploads\\\/2017\\\/12\\\/darka-mazi-logo.png\",\"width\":151,\"height\":75,\"caption\":\"Darka Maz\u00ee\"},\"image\":{\"@id\":\"https:\\\/\\\/darkamazi.info\\\/#\\\/schema\\\/logo\\\/image\\\/\"},\"sameAs\":[\"https:\\\/\\\/www.facebook.com\\\/DarMaziKurmanci\",\"https:\\\/\\\/x.com\\\/DarkaMaziLatini\",\"https:\\\/\\\/www.instagram.com\\\/darkamazi.kurmanci\\\/\",\"https:\\\/\\\/www.youtube.com\\\/channel\\\/UCa5HkTdmI8U1qCUFuTw8B2g\"]},{\"@type\":\"Person\",\"@id\":\"https:\\\/\\\/darkamazi.info\\\/#\\\/schema\\\/person\\\/5ad3e24553a0567993fa8ed4bd0a776c\",\"name\":\"darka mazi\",\"sameAs\":[\"https:\\\/\\\/darkamazi.info\\\/\"],\"url\":\"https:\\\/\\\/darkamazi.info\\\/archives\\\/author\\\/kurdi\"}]}<\/script>\n<!-- \/ Yoast SEO plugin. -->","seo_head_json":{"title":"Hik\u00fbmeta \u015eam\u00ea bi S\u00fbreya Enfal\u00ea li dij\u00ee Kurdan 'fetih' \u00eelan kir - Darka Maz\u00ee","robots":{"index":"index","follow":"follow","max-snippet":"max-snippet:-1","max-image-preview":"max-image-preview:large","max-video-preview":"max-video-preview:-1"},"canonical":"https:\/\/darkamazi.info\/archives\/1051452","og_locale":"en_US","og_type":"article","og_title":"Hik\u00fbmeta \u015eam\u00ea bi S\u00fbreya Enfal\u00ea li dij\u00ee Kurdan 'fetih' \u00eelan kir - Darka Maz\u00ee","og_description":"Wezareta Ewqaf\u00ea ya S\u00fbriyey\u00ea \u00eari\u015fa li ser Kurdan wek\u00ee &#8220;fetih&#8221; bi nav dike Wezareta Ewqaf\u00ea ya S\u00fbriyey\u00ea daxuyaniyeke ferm\u00ee ji bo mela \u00fb xet\u00eeb\u00ean hem\u00fb mizgeft\u00ean \u015fand. Wezaret\u00ea ji wan xwest ku di nim\u00eajan de ji bo serkeftina art\u00ea\u015f\u00ea diayan bikin \u00fb bi deng\u00ea bilind tekb\u00eeran b\u00eenin. Ev wek\u00ee n\u00ee\u015faneya k\u00eafxwe\u015fiy\u00ea ya ji bo wan [&hellip;]","og_url":"https:\/\/darkamazi.info\/archives\/1051452","og_site_name":"Darka Maz\u00ee","article_publisher":"https:\/\/www.facebook.com\/DarMaziKurmanci","article_published_time":"2026-01-20T07:51:24+00:00","og_image":[{"width":900,"height":500,"url":"https:\/\/darkamazi.info\/file\/2026\/01\/Enfal-Rojava-info.jpg","type":"image\/jpeg"}],"author":"darka mazi","twitter_card":"summary_large_image","twitter_creator":"@DarkaMaziLatini","twitter_site":"@DarkaMaziLatini","twitter_misc":{"Written by":"darka mazi","Est. reading time":"2 minutes"},"schema":{"@context":"https:\/\/schema.org","@graph":[{"@type":"Article","@id":"https:\/\/darkamazi.info\/archives\/1051452#article","isPartOf":{"@id":"https:\/\/darkamazi.info\/archives\/1051452"},"author":{"name":"darka mazi","@id":"https:\/\/darkamazi.info\/#\/schema\/person\/5ad3e24553a0567993fa8ed4bd0a776c"},"headline":"Hik\u00fbmeta \u015eam\u00ea bi S\u00fbreya Enfal\u00ea li dij\u00ee Kurdan &#8216;fetih&#8217; \u00eelan kir","datePublished":"2026-01-20T07:51:24+00:00","mainEntityOfPage":{"@id":"https:\/\/darkamazi.info\/archives\/1051452"},"wordCount":274,"publisher":{"@id":"https:\/\/darkamazi.info\/#organization"},"image":{"@id":"https:\/\/darkamazi.info\/archives\/1051452#primaryimage"},"thumbnailUrl":"https:\/\/darkamazi.info\/file\/2026\/01\/Enfal-Rojava-info.jpg","keywords":["sereke"],"articleSection":["Rojhelata nav\u00een"],"inLanguage":"en-US"},{"@type":"WebPage","@id":"https:\/\/darkamazi.info\/archives\/1051452","url":"https:\/\/darkamazi.info\/archives\/1051452","name":"Hik\u00fbmeta \u015eam\u00ea bi S\u00fbreya Enfal\u00ea li dij\u00ee Kurdan 'fetih' \u00eelan kir - Darka Maz\u00ee","isPartOf":{"@id":"https:\/\/darkamazi.info\/#website"},"primaryImageOfPage":{"@id":"https:\/\/darkamazi.info\/archives\/1051452#primaryimage"},"image":{"@id":"https:\/\/darkamazi.info\/archives\/1051452#primaryimage"},"thumbnailUrl":"https:\/\/darkamazi.info\/file\/2026\/01\/Enfal-Rojava-info.jpg","datePublished":"2026-01-20T07:51:24+00:00","breadcrumb":{"@id":"https:\/\/darkamazi.info\/archives\/1051452#breadcrumb"},"inLanguage":"en-US","potentialAction":[{"@type":"ReadAction","target":["https:\/\/darkamazi.info\/archives\/1051452"]}]},{"@type":"ImageObject","inLanguage":"en-US","@id":"https:\/\/darkamazi.info\/archives\/1051452#primaryimage","url":"https:\/\/darkamazi.info\/file\/2026\/01\/Enfal-Rojava-info.jpg","contentUrl":"https:\/\/darkamazi.info\/file\/2026\/01\/Enfal-Rojava-info.jpg","width":900,"height":500,"caption":"Enfal-Rojava-info"},{"@type":"BreadcrumbList","@id":"https:\/\/darkamazi.info\/archives\/1051452#breadcrumb","itemListElement":[{"@type":"ListItem","position":1,"name":"Home","item":"https:\/\/darkamazi.info\/"},{"@type":"ListItem","position":2,"name":"Hik\u00fbmeta \u015eam\u00ea bi S\u00fbreya Enfal\u00ea li dij\u00ee Kurdan &#8216;fetih&#8217; \u00eelan kir"}]},{"@type":"WebSite","@id":"https:\/\/darkamazi.info\/#website","url":"https:\/\/darkamazi.info\/","name":"Darka Maz\u00ee","description":"P\u00eageha Zanyariy\u00ean Nebih\u00eest\u00ee","publisher":{"@id":"https:\/\/darkamazi.info\/#organization"},"potentialAction":[{"@type":"SearchAction","target":{"@type":"EntryPoint","urlTemplate":"https:\/\/darkamazi.info\/?s={search_term_string}"},"query-input":{"@type":"PropertyValueSpecification","valueRequired":true,"valueName":"search_term_string"}}],"inLanguage":"en-US"},{"@type":"Organization","@id":"https:\/\/darkamazi.info\/#organization","name":"Darka Maz\u00ee","url":"https:\/\/darkamazi.info\/","logo":{"@type":"ImageObject","inLanguage":"en-US","@id":"https:\/\/darkamazi.info\/#\/schema\/logo\/image\/","url":"https:\/\/darkamazi.info\/file\/2017\/12\/darka-mazi-logo.png","contentUrl":"https:\/\/darkamazi.info\/file\/2017\/12\/darka-mazi-logo.png","width":151,"height":75,"caption":"Darka Maz\u00ee"},"image":{"@id":"https:\/\/darkamazi.info\/#\/schema\/logo\/image\/"},"sameAs":["https:\/\/www.facebook.com\/DarMaziKurmanci","https:\/\/x.com\/DarkaMaziLatini","https:\/\/www.instagram.com\/darkamazi.kurmanci\/","https:\/\/www.youtube.com\/channel\/UCa5HkTdmI8U1qCUFuTw8B2g"]},{"@type":"Person","@id":"https:\/\/darkamazi.info\/#\/schema\/person\/5ad3e24553a0567993fa8ed4bd0a776c","name":"darka mazi","sameAs":["https:\/\/darkamazi.info\/"],"url":"https:\/\/darkamazi.info\/archives\/author\/kurdi"}]}},"_links":{"self":[{"href":"https:\/\/darkamazi.info\/funavuv\/wp\/v2\/posts\/1051452","targetHints":{"allow":["GET"]}}],"collection":[{"href":"https:\/\/darkamazi.info\/funavuv\/wp\/v2\/posts"}],"about":[{"href":"https:\/\/darkamazi.info\/funavuv\/wp\/v2\/types\/post"}],"author":[{"embeddable":true,"href":"https:\/\/darkamazi.info\/funavuv\/wp\/v2\/users\/2"}],"replies":[{"embeddable":true,"href":"https:\/\/darkamazi.info\/funavuv\/wp\/v2\/comments?post=1051452"}],"version-history":[{"count":0,"href":"https:\/\/darkamazi.info\/funavuv\/wp\/v2\/posts\/1051452\/revisions"}],"wp:featuredmedia":[{"embeddable":true,"href":"https:\/\/darkamazi.info\/funavuv\/wp\/v2\/media\/1051453"}],"wp:attachment":[{"href":"https:\/\/darkamazi.info\/funavuv\/wp\/v2\/media?parent=1051452"}],"wp:term":[{"taxonomy":"category","embeddable":true,"href":"https:\/\/darkamazi.info\/funavuv\/wp\/v2\/categories?post=1051452"},{"taxonomy":"post_tag","embeddable":true,"href":"https:\/\/darkamazi.info\/funavuv\/wp\/v2\/tags?post=1051452"}],"curies":[{"name":"wp","href":"https:\/\/api.w.org\/{rel}","templated":true}]}}