{"id":1051455,"date":"2026-01-20T11:49:44","date_gmt":"2026-01-20T08:49:44","guid":{"rendered":"https:\/\/darkamazi.info\/?p=1051455"},"modified":"2026-01-20T11:49:44","modified_gmt":"2026-01-20T08:49:44","slug":"murat-karayilan-ji-bo-parastina-rojava-ci-pewist-be-em-e-bikin","status":"publish","type":"post","link":"https:\/\/darkamazi.info\/archives\/1051455","title":{"rendered":"Murat Karayilan: Ji bo parastina Rojava \u00e7i p\u00eaw\u00eest be em \u00ea bikin"},"content":{"rendered":"<h3 style=\"text-align: justify\"><span style=\"font-family: 'arial black', sans-serif\"><strong>Endam\u00ea Kom\u00eeteya Bir\u00eavebir a Partiya Karker\u00ean Kurdistan\u00ea (PKK) Murat Karayilan, li hember\u00ee \u00eari\u015f\u00ean li ser Rojavay\u00ea Kurdistan\u00ea peyameke pi\u015ftgiriy\u00ea we\u015fand \u00fb ragihand, ew \u00ea gel\u00ea Rojava ten\u00ea neh\u00ealin \u00fb &#8220;her \u00e7i p\u00eaw\u00eest be&#8221; d\u00ea p\u00eak b\u00eenin.<\/strong><\/span><\/h3>\n<h3 style=\"text-align: justify\"><span style=\"font-family: arial, helvetica, sans-serif\">Murat Karayilan \u00eero S\u00ea\u015fem\u00ea 20\u2019\u00ea \u00c7iley\u00ea peyameke taybet derbar\u00ea p\u00ea\u015fhat\u00ean daw\u00ee y\u00ean li Rojavay\u00ea Kurdistan\u00ea S\u00fbriyey\u00ea \u00fb \u00eari\u015f\u00ean kom\u00ean \u00e7ekdar \u00ean li ser her\u00eam\u00ean Kurd\u00ee belav kir. Karayilan di peyama xwe de tekez kir, ew bi hem\u00fb \u015f\u00eaweyan pi\u015ftgiriya gel\u00ea Rojava dikin \u00fb amade ne li dij\u00ee van \u00eari\u015fan bisekinin.<\/span><\/h3>\n<h3 style=\"text-align: justify\"><span style=\"font-family: arial, helvetica, sans-serif\">Karayilan destn\u00ee\u015fan kir, ev \u00eari\u015f\u00ean li ser Rojavay\u00ea Kurdistan\u00ea ne \u00eari\u015f\u00ean her\u00eam\u00ee ne \u00fb got: &#8220;Ev \u00eari\u015f ten\u00ea li dij\u00ee Rojavay\u00ea Kurdistan\u00ea n\u00een in, \u00eari\u015f\u00ean li ser tevahiya Kurdistan\u00ea ne. Di heman dem\u00ea de ev hewildanek e ji bo t\u00eakbirina &#8216;p\u00eavajoya a\u015ftiy\u00ea&#8217; ya ku li Tirkiyey\u00ea t\u00ea axaftin.&#8221;<\/span><\/h3>\n<h3 style=\"text-align: justify\"><span style=\"font-family: arial, helvetica, sans-serif\">Fermandar\u00ea PKK\u2019\u00ea e\u015fkere kir, ev \u00eari\u015f ji aliy\u00ea \u00e7ekdar\u00ean &#8220;Heyet Tehr\u00eer \u015eam&#8221; (HTS) ve t\u00ean kirin \u00fb bal ki\u015fand ser w\u00ea yek\u00ea ku &#8220;dewleta Tirk pi\u015ftgiriya van koman dike.&#8221; Herwiha Karayilan hi\u015fyar\u00ee da ku armanca van \u00eari\u015fan tunekirina destkeftiy\u00ean gel\u00ea Kurd e.<\/span><\/h3>\n<h3 style=\"text-align: justify\"><span style=\"font-family: arial, helvetica, sans-serif\">Ev daxuyaniya Karayilan di demek\u00ea de t\u00ea, li \u00e7end\u00een eniy\u00ean wek\u00ee Koban\u00ea \u00fb Hesek\u00ea di navbera H\u00eaz\u00ean S\u00fbriyeya Demokrat\u00eek (HSD) \u00fb kom\u00ean \u00e7ekdar de \u015ferek\u00ee giran heye. HSD ragihand ku wan hem\u00fb \u00eari\u015f\u00ean li ser van bajaran t\u00eak birine.<\/span><\/h3>\n<h3 style=\"text-align: justify\"><span style=\"font-family: arial, helvetica, sans-serif\">Li aliy\u00ea din, xelk\u00ea siv\u00eel \u00ea li Rojavay\u00ea Kurdistan\u00ea ji duh ve daketiye kolanan \u00fb amadehiya xwe ya ji bo \u015fer n\u00ee\u015fan daye. Gelek welatiyan ragihandine ku ew \u00ea mil bi mil\u00ea \u015fervan\u00ean HSD\u2019\u00ea axa xwe bipar\u00eazin.<\/span><\/h3>\n<h3 style=\"text-align: justify\"><span style=\"font-family: arial, helvetica, sans-serif\">Her wiha li bajar\u00ean Ba\u015f\u00fbr\u00ea Kurdistan\u00ea j\u00ee, bi sedan welat\u00ee daketin kolanan \u00fb pi\u015ftgiriya xwe ji bo Rojavay\u00ea Kurdistan\u00ea n\u00ee\u015fan dan. Welatiy\u00ean li Ba\u015f\u00fbr bang li civaka navdewlet\u00ee dikin ku li hember\u00ee \u00eari\u015f\u00ean kom\u00ean \u00e7ekdar \u00ean rad\u00eekal b\u00eadeng nem\u00eenin.<\/span><\/h3>\n","protected":false},"excerpt":{"rendered":"<p>Endam\u00ea Kom\u00eeteya Bir\u00eavebir a Partiya Karker\u00ean Kurdistan\u00ea (PKK) Murat Karayilan, li hember\u00ee \u00eari\u015f\u00ean li ser Rojavay\u00ea Kurdistan\u00ea peyameke pi\u015ftgiriy\u00ea we\u015fand \u00fb ragihand, ew \u00ea gel\u00ea Rojava ten\u00ea neh\u00ealin \u00fb &#8220;her \u00e7i p\u00eaw\u00eest be&#8221; d\u00ea p\u00eak b\u00eenin. Murat Karayilan \u00eero S\u00ea\u015fem\u00ea 20\u2019\u00ea \u00c7iley\u00ea peyameke taybet derbar\u00ea p\u00ea\u015fhat\u00ean daw\u00ee y\u00ean li Rojavay\u00ea Kurdistan\u00ea S\u00fbriyey\u00ea \u00fb \u00eari\u015f\u00ean kom\u00ean [&hellip;]<\/p>\n","protected":false},"author":2,"featured_media":1051456,"comment_status":"closed","ping_status":"closed","sticky":false,"template":"","format":"standard","meta":{"footnotes":""},"categories":[29],"tags":[37],"class_list":["post-1051455","post","type-post","status-publish","format-standard","has-post-thumbnail","hentry","category-kurdistan","tag-sereke"],"blocksy_meta":[],"seo_head":"<!-- This site is optimized with the Yoast SEO plugin v27.5 - https:\/\/yoast.com\/product\/yoast-seo-wordpress\/ -->\n<title>Murat Karayilan: Ji bo parastina Rojava \u00e7i p\u00eaw\u00eest be em \u00ea bikin - Darka Maz\u00ee<\/title>\n<meta name=\"robots\" content=\"index, follow, max-snippet:-1, max-image-preview:large, max-video-preview:-1\" \/>\n<link rel=\"canonical\" href=\"https:\/\/darkamazi.info\/archives\/1051455\" \/>\n<meta property=\"og:locale\" content=\"en_US\" \/>\n<meta property=\"og:type\" content=\"article\" \/>\n<meta property=\"og:title\" content=\"Murat Karayilan: Ji bo parastina Rojava \u00e7i p\u00eaw\u00eest be em \u00ea bikin - Darka Maz\u00ee\" \/>\n<meta property=\"og:description\" content=\"Endam\u00ea Kom\u00eeteya Bir\u00eavebir a Partiya Karker\u00ean Kurdistan\u00ea (PKK) Murat Karayilan, li hember\u00ee \u00eari\u015f\u00ean li ser Rojavay\u00ea Kurdistan\u00ea peyameke pi\u015ftgiriy\u00ea we\u015fand \u00fb ragihand, ew \u00ea gel\u00ea Rojava ten\u00ea neh\u00ealin \u00fb &#8220;her \u00e7i p\u00eaw\u00eest be&#8221; d\u00ea p\u00eak b\u00eenin. Murat Karayilan \u00eero S\u00ea\u015fem\u00ea 20\u2019\u00ea \u00c7iley\u00ea peyameke taybet derbar\u00ea p\u00ea\u015fhat\u00ean daw\u00ee y\u00ean li Rojavay\u00ea Kurdistan\u00ea S\u00fbriyey\u00ea \u00fb \u00eari\u015f\u00ean kom\u00ean [&hellip;]\" \/>\n<meta property=\"og:url\" content=\"https:\/\/darkamazi.info\/archives\/1051455\" \/>\n<meta property=\"og:site_name\" content=\"Darka Maz\u00ee\" \/>\n<meta property=\"article:publisher\" content=\"https:\/\/www.facebook.com\/DarMaziKurmanci\" \/>\n<meta property=\"article:published_time\" content=\"2026-01-20T08:49:44+00:00\" \/>\n<meta property=\"og:image\" content=\"https:\/\/darkamazi.info\/file\/2026\/01\/Karayilan-rojava-peyam-info.jpg\" \/>\n\t<meta property=\"og:image:width\" content=\"900\" \/>\n\t<meta property=\"og:image:height\" content=\"500\" \/>\n\t<meta property=\"og:image:type\" content=\"image\/jpeg\" \/>\n<meta name=\"author\" content=\"darka mazi\" \/>\n<meta name=\"twitter:card\" content=\"summary_large_image\" \/>\n<meta name=\"twitter:creator\" content=\"@DarkaMaziLatini\" \/>\n<meta name=\"twitter:site\" content=\"@DarkaMaziLatini\" \/>\n<meta name=\"twitter:label1\" content=\"Written by\" \/>\n\t<meta name=\"twitter:data1\" content=\"darka mazi\" \/>\n\t<meta name=\"twitter:label2\" content=\"Est. reading time\" \/>\n\t<meta name=\"twitter:data2\" content=\"2 minutes\" \/>\n<script type=\"application\/ld+json\" class=\"seo-schema-graph\">{\"@context\":\"https:\\\/\\\/schema.org\",\"@graph\":[{\"@type\":\"Article\",\"@id\":\"https:\\\/\\\/darkamazi.info\\\/archives\\\/1051455#article\",\"isPartOf\":{\"@id\":\"https:\\\/\\\/darkamazi.info\\\/archives\\\/1051455\"},\"author\":{\"name\":\"darka mazi\",\"@id\":\"https:\\\/\\\/darkamazi.info\\\/#\\\/schema\\\/person\\\/5ad3e24553a0567993fa8ed4bd0a776c\"},\"headline\":\"Murat Karayilan: Ji bo parastina Rojava \u00e7i p\u00eaw\u00eest be em \u00ea bikin\",\"datePublished\":\"2026-01-20T08:49:44+00:00\",\"mainEntityOfPage\":{\"@id\":\"https:\\\/\\\/darkamazi.info\\\/archives\\\/1051455\"},\"wordCount\":354,\"publisher\":{\"@id\":\"https:\\\/\\\/darkamazi.info\\\/#organization\"},\"image\":{\"@id\":\"https:\\\/\\\/darkamazi.info\\\/archives\\\/1051455#primaryimage\"},\"thumbnailUrl\":\"https:\\\/\\\/darkamazi.info\\\/darka-content\\\/uploads\\\/2026\\\/01\\\/Karayilan-rojava-peyam-info.jpg\",\"keywords\":[\"sereke\"],\"articleSection\":[\"Kurdistan\"],\"inLanguage\":\"en-US\"},{\"@type\":\"WebPage\",\"@id\":\"https:\\\/\\\/darkamazi.info\\\/archives\\\/1051455\",\"url\":\"https:\\\/\\\/darkamazi.info\\\/archives\\\/1051455\",\"name\":\"Murat Karayilan: Ji bo parastina Rojava \u00e7i p\u00eaw\u00eest be em \u00ea bikin - Darka Maz\u00ee\",\"isPartOf\":{\"@id\":\"https:\\\/\\\/darkamazi.info\\\/#website\"},\"primaryImageOfPage\":{\"@id\":\"https:\\\/\\\/darkamazi.info\\\/archives\\\/1051455#primaryimage\"},\"image\":{\"@id\":\"https:\\\/\\\/darkamazi.info\\\/archives\\\/1051455#primaryimage\"},\"thumbnailUrl\":\"https:\\\/\\\/darkamazi.info\\\/darka-content\\\/uploads\\\/2026\\\/01\\\/Karayilan-rojava-peyam-info.jpg\",\"datePublished\":\"2026-01-20T08:49:44+00:00\",\"breadcrumb\":{\"@id\":\"https:\\\/\\\/darkamazi.info\\\/archives\\\/1051455#breadcrumb\"},\"inLanguage\":\"en-US\",\"potentialAction\":[{\"@type\":\"ReadAction\",\"target\":[\"https:\\\/\\\/darkamazi.info\\\/archives\\\/1051455\"]}]},{\"@type\":\"ImageObject\",\"inLanguage\":\"en-US\",\"@id\":\"https:\\\/\\\/darkamazi.info\\\/archives\\\/1051455#primaryimage\",\"url\":\"https:\\\/\\\/darkamazi.info\\\/darka-content\\\/uploads\\\/2026\\\/01\\\/Karayilan-rojava-peyam-info.jpg\",\"contentUrl\":\"https:\\\/\\\/darkamazi.info\\\/darka-content\\\/uploads\\\/2026\\\/01\\\/Karayilan-rojava-peyam-info.jpg\",\"width\":900,\"height\":500,\"caption\":\"Karayilan-rojava-peyam-net\"},{\"@type\":\"BreadcrumbList\",\"@id\":\"https:\\\/\\\/darkamazi.info\\\/archives\\\/1051455#breadcrumb\",\"itemListElement\":[{\"@type\":\"ListItem\",\"position\":1,\"name\":\"Home\",\"item\":\"https:\\\/\\\/darkamazi.info\\\/\"},{\"@type\":\"ListItem\",\"position\":2,\"name\":\"Murat Karayilan: Ji bo parastina Rojava \u00e7i p\u00eaw\u00eest be em \u00ea bikin\"}]},{\"@type\":\"WebSite\",\"@id\":\"https:\\\/\\\/darkamazi.info\\\/#website\",\"url\":\"https:\\\/\\\/darkamazi.info\\\/\",\"name\":\"Darka Maz\u00ee\",\"description\":\"P\u00eageha Zanyariy\u00ean Nebih\u00eest\u00ee\",\"publisher\":{\"@id\":\"https:\\\/\\\/darkamazi.info\\\/#organization\"},\"potentialAction\":[{\"@type\":\"SearchAction\",\"target\":{\"@type\":\"EntryPoint\",\"urlTemplate\":\"https:\\\/\\\/darkamazi.info\\\/?s={search_term_string}\"},\"query-input\":{\"@type\":\"PropertyValueSpecification\",\"valueRequired\":true,\"valueName\":\"search_term_string\"}}],\"inLanguage\":\"en-US\"},{\"@type\":\"Organization\",\"@id\":\"https:\\\/\\\/darkamazi.info\\\/#organization\",\"name\":\"Darka Maz\u00ee\",\"url\":\"https:\\\/\\\/darkamazi.info\\\/\",\"logo\":{\"@type\":\"ImageObject\",\"inLanguage\":\"en-US\",\"@id\":\"https:\\\/\\\/darkamazi.info\\\/#\\\/schema\\\/logo\\\/image\\\/\",\"url\":\"https:\\\/\\\/darkamazi.info\\\/darka-content\\\/uploads\\\/2017\\\/12\\\/darka-mazi-logo.png\",\"contentUrl\":\"https:\\\/\\\/darkamazi.info\\\/darka-content\\\/uploads\\\/2017\\\/12\\\/darka-mazi-logo.png\",\"width\":151,\"height\":75,\"caption\":\"Darka Maz\u00ee\"},\"image\":{\"@id\":\"https:\\\/\\\/darkamazi.info\\\/#\\\/schema\\\/logo\\\/image\\\/\"},\"sameAs\":[\"https:\\\/\\\/www.facebook.com\\\/DarMaziKurmanci\",\"https:\\\/\\\/x.com\\\/DarkaMaziLatini\",\"https:\\\/\\\/www.instagram.com\\\/darkamazi.kurmanci\\\/\",\"https:\\\/\\\/www.youtube.com\\\/channel\\\/UCa5HkTdmI8U1qCUFuTw8B2g\"]},{\"@type\":\"Person\",\"@id\":\"https:\\\/\\\/darkamazi.info\\\/#\\\/schema\\\/person\\\/5ad3e24553a0567993fa8ed4bd0a776c\",\"name\":\"darka mazi\",\"sameAs\":[\"https:\\\/\\\/darkamazi.info\\\/\"],\"url\":\"https:\\\/\\\/darkamazi.info\\\/archives\\\/author\\\/kurdi\"}]}<\/script>\n<!-- \/ Yoast SEO plugin. -->","seo_head_json":{"title":"Murat Karayilan: Ji bo parastina Rojava \u00e7i p\u00eaw\u00eest be em \u00ea bikin - Darka Maz\u00ee","robots":{"index":"index","follow":"follow","max-snippet":"max-snippet:-1","max-image-preview":"max-image-preview:large","max-video-preview":"max-video-preview:-1"},"canonical":"https:\/\/darkamazi.info\/archives\/1051455","og_locale":"en_US","og_type":"article","og_title":"Murat Karayilan: Ji bo parastina Rojava \u00e7i p\u00eaw\u00eest be em \u00ea bikin - Darka Maz\u00ee","og_description":"Endam\u00ea Kom\u00eeteya Bir\u00eavebir a Partiya Karker\u00ean Kurdistan\u00ea (PKK) Murat Karayilan, li hember\u00ee \u00eari\u015f\u00ean li ser Rojavay\u00ea Kurdistan\u00ea peyameke pi\u015ftgiriy\u00ea we\u015fand \u00fb ragihand, ew \u00ea gel\u00ea Rojava ten\u00ea neh\u00ealin \u00fb &#8220;her \u00e7i p\u00eaw\u00eest be&#8221; d\u00ea p\u00eak b\u00eenin. Murat Karayilan \u00eero S\u00ea\u015fem\u00ea 20\u2019\u00ea \u00c7iley\u00ea peyameke taybet derbar\u00ea p\u00ea\u015fhat\u00ean daw\u00ee y\u00ean li Rojavay\u00ea Kurdistan\u00ea S\u00fbriyey\u00ea \u00fb \u00eari\u015f\u00ean kom\u00ean [&hellip;]","og_url":"https:\/\/darkamazi.info\/archives\/1051455","og_site_name":"Darka Maz\u00ee","article_publisher":"https:\/\/www.facebook.com\/DarMaziKurmanci","article_published_time":"2026-01-20T08:49:44+00:00","og_image":[{"width":900,"height":500,"url":"https:\/\/darkamazi.info\/file\/2026\/01\/Karayilan-rojava-peyam-info.jpg","type":"image\/jpeg"}],"author":"darka mazi","twitter_card":"summary_large_image","twitter_creator":"@DarkaMaziLatini","twitter_site":"@DarkaMaziLatini","twitter_misc":{"Written by":"darka mazi","Est. reading time":"2 minutes"},"schema":{"@context":"https:\/\/schema.org","@graph":[{"@type":"Article","@id":"https:\/\/darkamazi.info\/archives\/1051455#article","isPartOf":{"@id":"https:\/\/darkamazi.info\/archives\/1051455"},"author":{"name":"darka mazi","@id":"https:\/\/darkamazi.info\/#\/schema\/person\/5ad3e24553a0567993fa8ed4bd0a776c"},"headline":"Murat Karayilan: Ji bo parastina Rojava \u00e7i p\u00eaw\u00eest be em \u00ea bikin","datePublished":"2026-01-20T08:49:44+00:00","mainEntityOfPage":{"@id":"https:\/\/darkamazi.info\/archives\/1051455"},"wordCount":354,"publisher":{"@id":"https:\/\/darkamazi.info\/#organization"},"image":{"@id":"https:\/\/darkamazi.info\/archives\/1051455#primaryimage"},"thumbnailUrl":"https:\/\/darkamazi.info\/file\/2026\/01\/Karayilan-rojava-peyam-info.jpg","keywords":["sereke"],"articleSection":["Kurdistan"],"inLanguage":"en-US"},{"@type":"WebPage","@id":"https:\/\/darkamazi.info\/archives\/1051455","url":"https:\/\/darkamazi.info\/archives\/1051455","name":"Murat Karayilan: Ji bo parastina Rojava \u00e7i p\u00eaw\u00eest be em \u00ea bikin - Darka Maz\u00ee","isPartOf":{"@id":"https:\/\/darkamazi.info\/#website"},"primaryImageOfPage":{"@id":"https:\/\/darkamazi.info\/archives\/1051455#primaryimage"},"image":{"@id":"https:\/\/darkamazi.info\/archives\/1051455#primaryimage"},"thumbnailUrl":"https:\/\/darkamazi.info\/file\/2026\/01\/Karayilan-rojava-peyam-info.jpg","datePublished":"2026-01-20T08:49:44+00:00","breadcrumb":{"@id":"https:\/\/darkamazi.info\/archives\/1051455#breadcrumb"},"inLanguage":"en-US","potentialAction":[{"@type":"ReadAction","target":["https:\/\/darkamazi.info\/archives\/1051455"]}]},{"@type":"ImageObject","inLanguage":"en-US","@id":"https:\/\/darkamazi.info\/archives\/1051455#primaryimage","url":"https:\/\/darkamazi.info\/file\/2026\/01\/Karayilan-rojava-peyam-info.jpg","contentUrl":"https:\/\/darkamazi.info\/file\/2026\/01\/Karayilan-rojava-peyam-info.jpg","width":900,"height":500,"caption":"Karayilan-rojava-peyam-net"},{"@type":"BreadcrumbList","@id":"https:\/\/darkamazi.info\/archives\/1051455#breadcrumb","itemListElement":[{"@type":"ListItem","position":1,"name":"Home","item":"https:\/\/darkamazi.info\/"},{"@type":"ListItem","position":2,"name":"Murat Karayilan: Ji bo parastina Rojava \u00e7i p\u00eaw\u00eest be em \u00ea bikin"}]},{"@type":"WebSite","@id":"https:\/\/darkamazi.info\/#website","url":"https:\/\/darkamazi.info\/","name":"Darka Maz\u00ee","description":"P\u00eageha Zanyariy\u00ean Nebih\u00eest\u00ee","publisher":{"@id":"https:\/\/darkamazi.info\/#organization"},"potentialAction":[{"@type":"SearchAction","target":{"@type":"EntryPoint","urlTemplate":"https:\/\/darkamazi.info\/?s={search_term_string}"},"query-input":{"@type":"PropertyValueSpecification","valueRequired":true,"valueName":"search_term_string"}}],"inLanguage":"en-US"},{"@type":"Organization","@id":"https:\/\/darkamazi.info\/#organization","name":"Darka Maz\u00ee","url":"https:\/\/darkamazi.info\/","logo":{"@type":"ImageObject","inLanguage":"en-US","@id":"https:\/\/darkamazi.info\/#\/schema\/logo\/image\/","url":"https:\/\/darkamazi.info\/file\/2017\/12\/darka-mazi-logo.png","contentUrl":"https:\/\/darkamazi.info\/file\/2017\/12\/darka-mazi-logo.png","width":151,"height":75,"caption":"Darka Maz\u00ee"},"image":{"@id":"https:\/\/darkamazi.info\/#\/schema\/logo\/image\/"},"sameAs":["https:\/\/www.facebook.com\/DarMaziKurmanci","https:\/\/x.com\/DarkaMaziLatini","https:\/\/www.instagram.com\/darkamazi.kurmanci\/","https:\/\/www.youtube.com\/channel\/UCa5HkTdmI8U1qCUFuTw8B2g"]},{"@type":"Person","@id":"https:\/\/darkamazi.info\/#\/schema\/person\/5ad3e24553a0567993fa8ed4bd0a776c","name":"darka mazi","sameAs":["https:\/\/darkamazi.info\/"],"url":"https:\/\/darkamazi.info\/archives\/author\/kurdi"}]}},"_links":{"self":[{"href":"https:\/\/darkamazi.info\/funavuv\/wp\/v2\/posts\/1051455","targetHints":{"allow":["GET"]}}],"collection":[{"href":"https:\/\/darkamazi.info\/funavuv\/wp\/v2\/posts"}],"about":[{"href":"https:\/\/darkamazi.info\/funavuv\/wp\/v2\/types\/post"}],"author":[{"embeddable":true,"href":"https:\/\/darkamazi.info\/funavuv\/wp\/v2\/users\/2"}],"replies":[{"embeddable":true,"href":"https:\/\/darkamazi.info\/funavuv\/wp\/v2\/comments?post=1051455"}],"version-history":[{"count":0,"href":"https:\/\/darkamazi.info\/funavuv\/wp\/v2\/posts\/1051455\/revisions"}],"wp:featuredmedia":[{"embeddable":true,"href":"https:\/\/darkamazi.info\/funavuv\/wp\/v2\/media\/1051456"}],"wp:attachment":[{"href":"https:\/\/darkamazi.info\/funavuv\/wp\/v2\/media?parent=1051455"}],"wp:term":[{"taxonomy":"category","embeddable":true,"href":"https:\/\/darkamazi.info\/funavuv\/wp\/v2\/categories?post=1051455"},{"taxonomy":"post_tag","embeddable":true,"href":"https:\/\/darkamazi.info\/funavuv\/wp\/v2\/tags?post=1051455"}],"curies":[{"name":"wp","href":"https:\/\/api.w.org\/{rel}","templated":true}]}}