{"id":1051460,"date":"2026-01-20T13:08:23","date_gmt":"2026-01-20T10:08:23","guid":{"rendered":"https:\/\/darkamazi.info\/?p=1051460"},"modified":"2026-01-20T13:08:23","modified_gmt":"2026-01-20T10:08:23","slug":"bahceli-hsde-li-diji-ocalan-derket-loma-ev-yek-cebu","status":"publish","type":"post","link":"https:\/\/darkamazi.info\/archives\/1051460","title":{"rendered":"Bah\u00e7el\u00ee: HSDe li dij\u00ee Ocalan derket loma ev y\u00eak \u00e7\u00eab\u00fb"},"content":{"rendered":"<h3 style=\"text-align: justify\"><span style=\"font-family: 'arial black', sans-serif\">Serok\u00ea MHP\u00ea \u00eero ragihand, HSDe li dij\u00ee banga 27\u00ea Sibat\u00ea ya Ocalan tev di gere \u00fb got: Ocalan bi xwe ev hewildan\u00ean HSD\u00ea wek\u00ee hewildan ji bo t\u00eakbirina p\u00eavajoya a\u015ftiy\u00ea dayne diyar kirin.<\/span><\/h3>\n<h3 style=\"text-align: justify\"><span style=\"font-family: arial, helvetica, sans-serif\">Devlet Bah\u00e7el\u00ee di axaftina xwe de bal ki\u015fand ser operasyon\u00ean li S\u00fbriyey\u00ea \u00fb got:<\/span><\/h3>\n<h3 style=\"text-align: justify\"><span style=\"font-family: arial, helvetica, sans-serif\">&#8220;HSD \u00fb YPG ji qad\u00ean ku t\u00ea de bi cih b\u00fbb\u00fbn hatin derxistin \u00fb di dawiy\u00ea de ji rojavay\u00ea Ferat\u00ea hatin av\u00eatin.<\/span><\/h3>\n<h3 style=\"text-align: justify\"><span style=\"font-family: arial, helvetica, sans-serif\">HSDya ku li hember\u00ee 10\u00ea Adar\u00ea li ber xwe dida \u00fb mase \u00fb avhewaya dan \u00fb standinan sabote dikir, bi tevgera paqijikirin\u00ea ji qad\u00ean ku l\u00ea b\u00fbn hat derxistin.&#8221;<\/span><\/h3>\n<h3 style=\"text-align: justify\"><span style=\"font-family: arial, helvetica, sans-serif\">Serok\u00ea MHPy\u00ea diyar kir ku H\u00eaz\u00ean S\u00fbriyeya Demokrat\u00eek (HSD) li dij\u00ee banga 27\u00ea Sibat\u00ea tevgeriyaye \u00fb an\u00ee zim\u00ean:<\/span><\/h3>\n<h3 style=\"text-align: justify\"><span style=\"font-family: arial, helvetica, sans-serif\">&#8220;E\u015fkere ye ku HSD li dij\u00ee banga 27\u00ea Sibat\u00ea tevdigere. Y\u00ea ku provokasyona HSDy\u00ea ya li S\u00fbriyey\u00ea wek\u00ee hewldana t\u00eakbirina p\u00eavajoya a\u015ftiy\u00ea n\u00ee\u015fan dide, bi xwe r\u00eaber\u00ea damezr\u00eener \u00ea PKKy\u00ea ye.&#8221;<\/span><\/h3>\n","protected":false},"excerpt":{"rendered":"<p>Serok\u00ea MHP\u00ea \u00eero ragihand, HSDe li dij\u00ee banga 27\u00ea Sibat\u00ea ya Ocalan tev di gere \u00fb got: Ocalan bi xwe ev hewildan\u00ean HSD\u00ea wek\u00ee hewildan ji bo t\u00eakbirina p\u00eavajoya a\u015ftiy\u00ea dayne diyar kirin. Devlet Bah\u00e7el\u00ee di axaftina xwe de bal ki\u015fand ser operasyon\u00ean li S\u00fbriyey\u00ea \u00fb got: &#8220;HSD \u00fb YPG ji qad\u00ean ku t\u00ea de [&hellip;]<\/p>\n","protected":false},"author":2,"featured_media":1051461,"comment_status":"closed","ping_status":"closed","sticky":false,"template":"","format":"standard","meta":{"footnotes":""},"categories":[31],"tags":[37],"class_list":["post-1051460","post","type-post","status-publish","format-standard","has-post-thumbnail","hentry","category-rojhelata-navin","tag-sereke"],"blocksy_meta":[],"seo_head":"<!-- This site is optimized with the Yoast SEO plugin v27.5 - https:\/\/yoast.com\/product\/yoast-seo-wordpress\/ -->\n<title>Bah\u00e7el\u00ee: HSDe li dij\u00ee Ocalan derket loma ev y\u00eak \u00e7\u00eab\u00fb - Darka Maz\u00ee<\/title>\n<meta name=\"robots\" content=\"index, follow, max-snippet:-1, max-image-preview:large, max-video-preview:-1\" \/>\n<link rel=\"canonical\" href=\"https:\/\/darkamazi.info\/archives\/1051460\" \/>\n<meta property=\"og:locale\" content=\"en_US\" \/>\n<meta property=\"og:type\" content=\"article\" \/>\n<meta property=\"og:title\" content=\"Bah\u00e7el\u00ee: HSDe li dij\u00ee Ocalan derket loma ev y\u00eak \u00e7\u00eab\u00fb - Darka Maz\u00ee\" \/>\n<meta property=\"og:description\" content=\"Serok\u00ea MHP\u00ea \u00eero ragihand, HSDe li dij\u00ee banga 27\u00ea Sibat\u00ea ya Ocalan tev di gere \u00fb got: Ocalan bi xwe ev hewildan\u00ean HSD\u00ea wek\u00ee hewildan ji bo t\u00eakbirina p\u00eavajoya a\u015ftiy\u00ea dayne diyar kirin. Devlet Bah\u00e7el\u00ee di axaftina xwe de bal ki\u015fand ser operasyon\u00ean li S\u00fbriyey\u00ea \u00fb got: &#8220;HSD \u00fb YPG ji qad\u00ean ku t\u00ea de [&hellip;]\" \/>\n<meta property=\"og:url\" content=\"https:\/\/darkamazi.info\/archives\/1051460\" \/>\n<meta property=\"og:site_name\" content=\"Darka Maz\u00ee\" \/>\n<meta property=\"article:publisher\" content=\"https:\/\/www.facebook.com\/DarMaziKurmanci\" \/>\n<meta property=\"article:published_time\" content=\"2026-01-20T10:08:23+00:00\" \/>\n<meta property=\"og:image\" content=\"https:\/\/darkamazi.info\/file\/2026\/01\/Bahceli-HSD-Rojava-info.jpg\" \/>\n\t<meta property=\"og:image:width\" content=\"900\" \/>\n\t<meta property=\"og:image:height\" content=\"500\" \/>\n\t<meta property=\"og:image:type\" content=\"image\/jpeg\" \/>\n<meta name=\"author\" content=\"darka mazi\" \/>\n<meta name=\"twitter:card\" content=\"summary_large_image\" \/>\n<meta name=\"twitter:creator\" content=\"@DarkaMaziLatini\" \/>\n<meta name=\"twitter:site\" content=\"@DarkaMaziLatini\" \/>\n<meta name=\"twitter:label1\" content=\"Written by\" \/>\n\t<meta name=\"twitter:data1\" content=\"darka mazi\" \/>\n\t<meta name=\"twitter:label2\" content=\"Est. reading time\" \/>\n\t<meta name=\"twitter:data2\" content=\"1 minute\" \/>\n<script type=\"application\/ld+json\" class=\"seo-schema-graph\">{\"@context\":\"https:\\\/\\\/schema.org\",\"@graph\":[{\"@type\":\"Article\",\"@id\":\"https:\\\/\\\/darkamazi.info\\\/archives\\\/1051460#article\",\"isPartOf\":{\"@id\":\"https:\\\/\\\/darkamazi.info\\\/archives\\\/1051460\"},\"author\":{\"name\":\"darka mazi\",\"@id\":\"https:\\\/\\\/darkamazi.info\\\/#\\\/schema\\\/person\\\/5ad3e24553a0567993fa8ed4bd0a776c\"},\"headline\":\"Bah\u00e7el\u00ee: HSDe li dij\u00ee Ocalan derket loma ev y\u00eak \u00e7\u00eab\u00fb\",\"datePublished\":\"2026-01-20T10:08:23+00:00\",\"mainEntityOfPage\":{\"@id\":\"https:\\\/\\\/darkamazi.info\\\/archives\\\/1051460\"},\"wordCount\":173,\"publisher\":{\"@id\":\"https:\\\/\\\/darkamazi.info\\\/#organization\"},\"image\":{\"@id\":\"https:\\\/\\\/darkamazi.info\\\/archives\\\/1051460#primaryimage\"},\"thumbnailUrl\":\"https:\\\/\\\/darkamazi.info\\\/darka-content\\\/uploads\\\/2026\\\/01\\\/Bahceli-HSD-Rojava-info.jpg\",\"keywords\":[\"sereke\"],\"articleSection\":[\"Rojhelata nav\u00een\"],\"inLanguage\":\"en-US\"},{\"@type\":\"WebPage\",\"@id\":\"https:\\\/\\\/darkamazi.info\\\/archives\\\/1051460\",\"url\":\"https:\\\/\\\/darkamazi.info\\\/archives\\\/1051460\",\"name\":\"Bah\u00e7el\u00ee: HSDe li dij\u00ee Ocalan derket loma ev y\u00eak \u00e7\u00eab\u00fb - Darka Maz\u00ee\",\"isPartOf\":{\"@id\":\"https:\\\/\\\/darkamazi.info\\\/#website\"},\"primaryImageOfPage\":{\"@id\":\"https:\\\/\\\/darkamazi.info\\\/archives\\\/1051460#primaryimage\"},\"image\":{\"@id\":\"https:\\\/\\\/darkamazi.info\\\/archives\\\/1051460#primaryimage\"},\"thumbnailUrl\":\"https:\\\/\\\/darkamazi.info\\\/darka-content\\\/uploads\\\/2026\\\/01\\\/Bahceli-HSD-Rojava-info.jpg\",\"datePublished\":\"2026-01-20T10:08:23+00:00\",\"breadcrumb\":{\"@id\":\"https:\\\/\\\/darkamazi.info\\\/archives\\\/1051460#breadcrumb\"},\"inLanguage\":\"en-US\",\"potentialAction\":[{\"@type\":\"ReadAction\",\"target\":[\"https:\\\/\\\/darkamazi.info\\\/archives\\\/1051460\"]}]},{\"@type\":\"ImageObject\",\"inLanguage\":\"en-US\",\"@id\":\"https:\\\/\\\/darkamazi.info\\\/archives\\\/1051460#primaryimage\",\"url\":\"https:\\\/\\\/darkamazi.info\\\/darka-content\\\/uploads\\\/2026\\\/01\\\/Bahceli-HSD-Rojava-info.jpg\",\"contentUrl\":\"https:\\\/\\\/darkamazi.info\\\/darka-content\\\/uploads\\\/2026\\\/01\\\/Bahceli-HSD-Rojava-info.jpg\",\"width\":900,\"height\":500,\"caption\":\"Bahceli-HSD-Rojava-net\"},{\"@type\":\"BreadcrumbList\",\"@id\":\"https:\\\/\\\/darkamazi.info\\\/archives\\\/1051460#breadcrumb\",\"itemListElement\":[{\"@type\":\"ListItem\",\"position\":1,\"name\":\"Home\",\"item\":\"https:\\\/\\\/darkamazi.info\\\/\"},{\"@type\":\"ListItem\",\"position\":2,\"name\":\"Bah\u00e7el\u00ee: HSDe li dij\u00ee Ocalan derket loma ev y\u00eak \u00e7\u00eab\u00fb\"}]},{\"@type\":\"WebSite\",\"@id\":\"https:\\\/\\\/darkamazi.info\\\/#website\",\"url\":\"https:\\\/\\\/darkamazi.info\\\/\",\"name\":\"Darka Maz\u00ee\",\"description\":\"P\u00eageha Zanyariy\u00ean Nebih\u00eest\u00ee\",\"publisher\":{\"@id\":\"https:\\\/\\\/darkamazi.info\\\/#organization\"},\"potentialAction\":[{\"@type\":\"SearchAction\",\"target\":{\"@type\":\"EntryPoint\",\"urlTemplate\":\"https:\\\/\\\/darkamazi.info\\\/?s={search_term_string}\"},\"query-input\":{\"@type\":\"PropertyValueSpecification\",\"valueRequired\":true,\"valueName\":\"search_term_string\"}}],\"inLanguage\":\"en-US\"},{\"@type\":\"Organization\",\"@id\":\"https:\\\/\\\/darkamazi.info\\\/#organization\",\"name\":\"Darka Maz\u00ee\",\"url\":\"https:\\\/\\\/darkamazi.info\\\/\",\"logo\":{\"@type\":\"ImageObject\",\"inLanguage\":\"en-US\",\"@id\":\"https:\\\/\\\/darkamazi.info\\\/#\\\/schema\\\/logo\\\/image\\\/\",\"url\":\"https:\\\/\\\/darkamazi.info\\\/darka-content\\\/uploads\\\/2017\\\/12\\\/darka-mazi-logo.png\",\"contentUrl\":\"https:\\\/\\\/darkamazi.info\\\/darka-content\\\/uploads\\\/2017\\\/12\\\/darka-mazi-logo.png\",\"width\":151,\"height\":75,\"caption\":\"Darka Maz\u00ee\"},\"image\":{\"@id\":\"https:\\\/\\\/darkamazi.info\\\/#\\\/schema\\\/logo\\\/image\\\/\"},\"sameAs\":[\"https:\\\/\\\/www.facebook.com\\\/DarMaziKurmanci\",\"https:\\\/\\\/x.com\\\/DarkaMaziLatini\",\"https:\\\/\\\/www.instagram.com\\\/darkamazi.kurmanci\\\/\",\"https:\\\/\\\/www.youtube.com\\\/channel\\\/UCa5HkTdmI8U1qCUFuTw8B2g\"]},{\"@type\":\"Person\",\"@id\":\"https:\\\/\\\/darkamazi.info\\\/#\\\/schema\\\/person\\\/5ad3e24553a0567993fa8ed4bd0a776c\",\"name\":\"darka mazi\",\"sameAs\":[\"https:\\\/\\\/darkamazi.info\\\/\"],\"url\":\"https:\\\/\\\/darkamazi.info\\\/archives\\\/author\\\/kurdi\"}]}<\/script>\n<!-- \/ Yoast SEO plugin. -->","seo_head_json":{"title":"Bah\u00e7el\u00ee: HSDe li dij\u00ee Ocalan derket loma ev y\u00eak \u00e7\u00eab\u00fb - Darka Maz\u00ee","robots":{"index":"index","follow":"follow","max-snippet":"max-snippet:-1","max-image-preview":"max-image-preview:large","max-video-preview":"max-video-preview:-1"},"canonical":"https:\/\/darkamazi.info\/archives\/1051460","og_locale":"en_US","og_type":"article","og_title":"Bah\u00e7el\u00ee: HSDe li dij\u00ee Ocalan derket loma ev y\u00eak \u00e7\u00eab\u00fb - Darka Maz\u00ee","og_description":"Serok\u00ea MHP\u00ea \u00eero ragihand, HSDe li dij\u00ee banga 27\u00ea Sibat\u00ea ya Ocalan tev di gere \u00fb got: Ocalan bi xwe ev hewildan\u00ean HSD\u00ea wek\u00ee hewildan ji bo t\u00eakbirina p\u00eavajoya a\u015ftiy\u00ea dayne diyar kirin. Devlet Bah\u00e7el\u00ee di axaftina xwe de bal ki\u015fand ser operasyon\u00ean li S\u00fbriyey\u00ea \u00fb got: &#8220;HSD \u00fb YPG ji qad\u00ean ku t\u00ea de [&hellip;]","og_url":"https:\/\/darkamazi.info\/archives\/1051460","og_site_name":"Darka Maz\u00ee","article_publisher":"https:\/\/www.facebook.com\/DarMaziKurmanci","article_published_time":"2026-01-20T10:08:23+00:00","og_image":[{"width":900,"height":500,"url":"https:\/\/darkamazi.info\/file\/2026\/01\/Bahceli-HSD-Rojava-info.jpg","type":"image\/jpeg"}],"author":"darka mazi","twitter_card":"summary_large_image","twitter_creator":"@DarkaMaziLatini","twitter_site":"@DarkaMaziLatini","twitter_misc":{"Written by":"darka mazi","Est. reading time":"1 minute"},"schema":{"@context":"https:\/\/schema.org","@graph":[{"@type":"Article","@id":"https:\/\/darkamazi.info\/archives\/1051460#article","isPartOf":{"@id":"https:\/\/darkamazi.info\/archives\/1051460"},"author":{"name":"darka mazi","@id":"https:\/\/darkamazi.info\/#\/schema\/person\/5ad3e24553a0567993fa8ed4bd0a776c"},"headline":"Bah\u00e7el\u00ee: HSDe li dij\u00ee Ocalan derket loma ev y\u00eak \u00e7\u00eab\u00fb","datePublished":"2026-01-20T10:08:23+00:00","mainEntityOfPage":{"@id":"https:\/\/darkamazi.info\/archives\/1051460"},"wordCount":173,"publisher":{"@id":"https:\/\/darkamazi.info\/#organization"},"image":{"@id":"https:\/\/darkamazi.info\/archives\/1051460#primaryimage"},"thumbnailUrl":"https:\/\/darkamazi.info\/file\/2026\/01\/Bahceli-HSD-Rojava-info.jpg","keywords":["sereke"],"articleSection":["Rojhelata nav\u00een"],"inLanguage":"en-US"},{"@type":"WebPage","@id":"https:\/\/darkamazi.info\/archives\/1051460","url":"https:\/\/darkamazi.info\/archives\/1051460","name":"Bah\u00e7el\u00ee: HSDe li dij\u00ee Ocalan derket loma ev y\u00eak \u00e7\u00eab\u00fb - Darka Maz\u00ee","isPartOf":{"@id":"https:\/\/darkamazi.info\/#website"},"primaryImageOfPage":{"@id":"https:\/\/darkamazi.info\/archives\/1051460#primaryimage"},"image":{"@id":"https:\/\/darkamazi.info\/archives\/1051460#primaryimage"},"thumbnailUrl":"https:\/\/darkamazi.info\/file\/2026\/01\/Bahceli-HSD-Rojava-info.jpg","datePublished":"2026-01-20T10:08:23+00:00","breadcrumb":{"@id":"https:\/\/darkamazi.info\/archives\/1051460#breadcrumb"},"inLanguage":"en-US","potentialAction":[{"@type":"ReadAction","target":["https:\/\/darkamazi.info\/archives\/1051460"]}]},{"@type":"ImageObject","inLanguage":"en-US","@id":"https:\/\/darkamazi.info\/archives\/1051460#primaryimage","url":"https:\/\/darkamazi.info\/file\/2026\/01\/Bahceli-HSD-Rojava-info.jpg","contentUrl":"https:\/\/darkamazi.info\/file\/2026\/01\/Bahceli-HSD-Rojava-info.jpg","width":900,"height":500,"caption":"Bahceli-HSD-Rojava-net"},{"@type":"BreadcrumbList","@id":"https:\/\/darkamazi.info\/archives\/1051460#breadcrumb","itemListElement":[{"@type":"ListItem","position":1,"name":"Home","item":"https:\/\/darkamazi.info\/"},{"@type":"ListItem","position":2,"name":"Bah\u00e7el\u00ee: HSDe li dij\u00ee Ocalan derket loma ev y\u00eak \u00e7\u00eab\u00fb"}]},{"@type":"WebSite","@id":"https:\/\/darkamazi.info\/#website","url":"https:\/\/darkamazi.info\/","name":"Darka Maz\u00ee","description":"P\u00eageha Zanyariy\u00ean Nebih\u00eest\u00ee","publisher":{"@id":"https:\/\/darkamazi.info\/#organization"},"potentialAction":[{"@type":"SearchAction","target":{"@type":"EntryPoint","urlTemplate":"https:\/\/darkamazi.info\/?s={search_term_string}"},"query-input":{"@type":"PropertyValueSpecification","valueRequired":true,"valueName":"search_term_string"}}],"inLanguage":"en-US"},{"@type":"Organization","@id":"https:\/\/darkamazi.info\/#organization","name":"Darka Maz\u00ee","url":"https:\/\/darkamazi.info\/","logo":{"@type":"ImageObject","inLanguage":"en-US","@id":"https:\/\/darkamazi.info\/#\/schema\/logo\/image\/","url":"https:\/\/darkamazi.info\/file\/2017\/12\/darka-mazi-logo.png","contentUrl":"https:\/\/darkamazi.info\/file\/2017\/12\/darka-mazi-logo.png","width":151,"height":75,"caption":"Darka Maz\u00ee"},"image":{"@id":"https:\/\/darkamazi.info\/#\/schema\/logo\/image\/"},"sameAs":["https:\/\/www.facebook.com\/DarMaziKurmanci","https:\/\/x.com\/DarkaMaziLatini","https:\/\/www.instagram.com\/darkamazi.kurmanci\/","https:\/\/www.youtube.com\/channel\/UCa5HkTdmI8U1qCUFuTw8B2g"]},{"@type":"Person","@id":"https:\/\/darkamazi.info\/#\/schema\/person\/5ad3e24553a0567993fa8ed4bd0a776c","name":"darka mazi","sameAs":["https:\/\/darkamazi.info\/"],"url":"https:\/\/darkamazi.info\/archives\/author\/kurdi"}]}},"_links":{"self":[{"href":"https:\/\/darkamazi.info\/funavuv\/wp\/v2\/posts\/1051460","targetHints":{"allow":["GET"]}}],"collection":[{"href":"https:\/\/darkamazi.info\/funavuv\/wp\/v2\/posts"}],"about":[{"href":"https:\/\/darkamazi.info\/funavuv\/wp\/v2\/types\/post"}],"author":[{"embeddable":true,"href":"https:\/\/darkamazi.info\/funavuv\/wp\/v2\/users\/2"}],"replies":[{"embeddable":true,"href":"https:\/\/darkamazi.info\/funavuv\/wp\/v2\/comments?post=1051460"}],"version-history":[{"count":0,"href":"https:\/\/darkamazi.info\/funavuv\/wp\/v2\/posts\/1051460\/revisions"}],"wp:featuredmedia":[{"embeddable":true,"href":"https:\/\/darkamazi.info\/funavuv\/wp\/v2\/media\/1051461"}],"wp:attachment":[{"href":"https:\/\/darkamazi.info\/funavuv\/wp\/v2\/media?parent=1051460"}],"wp:term":[{"taxonomy":"category","embeddable":true,"href":"https:\/\/darkamazi.info\/funavuv\/wp\/v2\/categories?post=1051460"},{"taxonomy":"post_tag","embeddable":true,"href":"https:\/\/darkamazi.info\/funavuv\/wp\/v2\/tags?post=1051460"}],"curies":[{"name":"wp","href":"https:\/\/api.w.org\/{rel}","templated":true}]}}