{"id":1051468,"date":"2026-01-20T17:07:02","date_gmt":"2026-01-20T14:07:02","guid":{"rendered":"https:\/\/darkamazi.info\/?p=1051468"},"modified":"2026-01-20T17:07:02","modified_gmt":"2026-01-20T14:07:02","slug":"ferhad-sami-hsd-u-ypje-erisa-li-ser-pira-qerqozake-tek-birin","status":"publish","type":"post","link":"https:\/\/darkamazi.info\/archives\/1051468","title":{"rendered":"Ferhad \u015eam\u00ee: HSD \u00fb YPJ\u2019\u00ea \u00eari\u015fa li ser Pira Qerqozak\u00ea t\u00eak birin"},"content":{"rendered":"<h3 style=\"text-align: justify\"><span style=\"font-family: 'arial black', sans-serif\">Berpirs\u00ea Navenda Ragihandin\u00ea ya H\u00eaz\u00ean S\u00fbriyeya Demokrat\u00eek (HSD) Ferhad \u015eam\u00ee ragihand, \u015fervan\u00ean wan \u00fb Yek\u00eeney\u00ean Parastina Jin (YPJ) \u00eari\u015feke kom\u00ean ser bi \u015eam\u00ea ve li ba\u015f\u00fbr\u00ea Koban\u00ea p\u00fb\u00e7 kirine.<\/span><\/h3>\n<h3 style=\"text-align: justify\">Ferhad \u015eam\u00ee \u00eero 20\u00ea \u00c7iley\u00ea daxuyaniyeke li ser hejmara xwe xwe ya tora civak\u00ee &#8220;X&#8221;, agahiy\u00ean daw\u00ee y\u00ean derbar\u00ea rew\u015fa meydan\u00ee ya li derdora Koban\u00ea parve kirin.<\/h3>\n<h3 style=\"text-align: justify\">Li gor\u00ee daxuyaniy\u00ea, kom\u00ean \u00e7ekdar \u00ean ser bi hik\u00fbmeta \u015eam\u00ea ve \u00eari\u015f birine ser eniya Pira Qerqozak\u00ea ya ku dikeve ba\u015f\u00fbr\u00ea bajar\u00ea Koban\u00ea, l\u00ea \u015fervan\u00ean HSD \u00fb YPJ\u2019\u00ea bi tund\u00ee bersiva v\u00ea \u00eari\u015f\u00ea dane \u00fb got: &#8220;\u00cari\u015fkar ne\u00e7ar man ku pa\u015fve biki\u015fin \u00fb birevin.&#8221;<\/h3>\n<h3 style=\"text-align: justify\">Berpirs\u00ea Ragihandina HSD\u2019\u00ea her wiha e\u015fkere kir, di encama van pev\u00e7\u00fbnan de, derbey\u00ean giran li kom\u00ean \u00eari\u015fkar ketine \u00fb di nava ref\u00ean wan de gelek ku\u015ft\u00ee \u00fb bir\u00eendar hene.<\/h3>\n","protected":false},"excerpt":{"rendered":"<p>Berpirs\u00ea Navenda Ragihandin\u00ea ya H\u00eaz\u00ean S\u00fbriyeya Demokrat\u00eek (HSD) Ferhad \u015eam\u00ee ragihand, \u015fervan\u00ean wan \u00fb Yek\u00eeney\u00ean Parastina Jin (YPJ) \u00eari\u015feke kom\u00ean ser bi \u015eam\u00ea ve li ba\u015f\u00fbr\u00ea Koban\u00ea p\u00fb\u00e7 kirine. Ferhad \u015eam\u00ee \u00eero 20\u00ea \u00c7iley\u00ea daxuyaniyeke li ser hejmara xwe xwe ya tora civak\u00ee &#8220;X&#8221;, agahiy\u00ean daw\u00ee y\u00ean derbar\u00ea rew\u015fa meydan\u00ee ya li derdora Koban\u00ea parve [&hellip;]<\/p>\n","protected":false},"author":2,"featured_media":1051469,"comment_status":"closed","ping_status":"closed","sticky":false,"template":"","format":"standard","meta":{"footnotes":""},"categories":[29],"tags":[37],"class_list":["post-1051468","post","type-post","status-publish","format-standard","has-post-thumbnail","hentry","category-kurdistan","tag-sereke"],"blocksy_meta":[],"seo_head":"<!-- This site is optimized with the Yoast SEO plugin v27.5 - https:\/\/yoast.com\/product\/yoast-seo-wordpress\/ -->\n<title>Ferhad \u015eam\u00ee: HSD \u00fb YPJ\u2019\u00ea \u00eari\u015fa li ser Pira Qerqozak\u00ea t\u00eak birin - Darka Maz\u00ee<\/title>\n<meta name=\"robots\" content=\"index, follow, max-snippet:-1, max-image-preview:large, max-video-preview:-1\" \/>\n<link rel=\"canonical\" href=\"https:\/\/darkamazi.info\/archives\/1051468\" \/>\n<meta property=\"og:locale\" content=\"en_US\" \/>\n<meta property=\"og:type\" content=\"article\" \/>\n<meta property=\"og:title\" content=\"Ferhad \u015eam\u00ee: HSD \u00fb YPJ\u2019\u00ea \u00eari\u015fa li ser Pira Qerqozak\u00ea t\u00eak birin - Darka Maz\u00ee\" \/>\n<meta property=\"og:description\" content=\"Berpirs\u00ea Navenda Ragihandin\u00ea ya H\u00eaz\u00ean S\u00fbriyeya Demokrat\u00eek (HSD) Ferhad \u015eam\u00ee ragihand, \u015fervan\u00ean wan \u00fb Yek\u00eeney\u00ean Parastina Jin (YPJ) \u00eari\u015feke kom\u00ean ser bi \u015eam\u00ea ve li ba\u015f\u00fbr\u00ea Koban\u00ea p\u00fb\u00e7 kirine. Ferhad \u015eam\u00ee \u00eero 20\u00ea \u00c7iley\u00ea daxuyaniyeke li ser hejmara xwe xwe ya tora civak\u00ee &#8220;X&#8221;, agahiy\u00ean daw\u00ee y\u00ean derbar\u00ea rew\u015fa meydan\u00ee ya li derdora Koban\u00ea parve [&hellip;]\" \/>\n<meta property=\"og:url\" content=\"https:\/\/darkamazi.info\/archives\/1051468\" \/>\n<meta property=\"og:site_name\" content=\"Darka Maz\u00ee\" \/>\n<meta property=\"article:publisher\" content=\"https:\/\/www.facebook.com\/DarMaziKurmanci\" \/>\n<meta property=\"article:published_time\" content=\"2026-01-20T14:07:02+00:00\" \/>\n<meta property=\"og:image\" content=\"https:\/\/darkamazi.info\/file\/2026\/01\/ferhad-sami-1.jpg\" \/>\n\t<meta property=\"og:image:width\" content=\"900\" \/>\n\t<meta property=\"og:image:height\" content=\"497\" \/>\n\t<meta property=\"og:image:type\" content=\"image\/jpeg\" \/>\n<meta name=\"author\" content=\"darka mazi\" \/>\n<meta name=\"twitter:card\" content=\"summary_large_image\" \/>\n<meta name=\"twitter:creator\" content=\"@DarkaMaziLatini\" \/>\n<meta name=\"twitter:site\" content=\"@DarkaMaziLatini\" \/>\n<meta name=\"twitter:label1\" content=\"Written by\" \/>\n\t<meta name=\"twitter:data1\" content=\"darka mazi\" \/>\n\t<meta name=\"twitter:label2\" content=\"Est. reading time\" \/>\n\t<meta name=\"twitter:data2\" content=\"1 minute\" \/>\n<script type=\"application\/ld+json\" class=\"seo-schema-graph\">{\"@context\":\"https:\\\/\\\/schema.org\",\"@graph\":[{\"@type\":\"Article\",\"@id\":\"https:\\\/\\\/darkamazi.info\\\/archives\\\/1051468#article\",\"isPartOf\":{\"@id\":\"https:\\\/\\\/darkamazi.info\\\/archives\\\/1051468\"},\"author\":{\"name\":\"darka mazi\",\"@id\":\"https:\\\/\\\/darkamazi.info\\\/#\\\/schema\\\/person\\\/5ad3e24553a0567993fa8ed4bd0a776c\"},\"headline\":\"Ferhad \u015eam\u00ee: HSD \u00fb YPJ\u2019\u00ea \u00eari\u015fa li ser Pira Qerqozak\u00ea t\u00eak birin\",\"datePublished\":\"2026-01-20T14:07:02+00:00\",\"mainEntityOfPage\":{\"@id\":\"https:\\\/\\\/darkamazi.info\\\/archives\\\/1051468\"},\"wordCount\":164,\"publisher\":{\"@id\":\"https:\\\/\\\/darkamazi.info\\\/#organization\"},\"image\":{\"@id\":\"https:\\\/\\\/darkamazi.info\\\/archives\\\/1051468#primaryimage\"},\"thumbnailUrl\":\"https:\\\/\\\/darkamazi.info\\\/darka-content\\\/uploads\\\/2026\\\/01\\\/ferhad-sami-1.jpg\",\"keywords\":[\"sereke\"],\"articleSection\":[\"Kurdistan\"],\"inLanguage\":\"en-US\"},{\"@type\":\"WebPage\",\"@id\":\"https:\\\/\\\/darkamazi.info\\\/archives\\\/1051468\",\"url\":\"https:\\\/\\\/darkamazi.info\\\/archives\\\/1051468\",\"name\":\"Ferhad \u015eam\u00ee: HSD \u00fb YPJ\u2019\u00ea \u00eari\u015fa li ser Pira Qerqozak\u00ea t\u00eak birin - Darka Maz\u00ee\",\"isPartOf\":{\"@id\":\"https:\\\/\\\/darkamazi.info\\\/#website\"},\"primaryImageOfPage\":{\"@id\":\"https:\\\/\\\/darkamazi.info\\\/archives\\\/1051468#primaryimage\"},\"image\":{\"@id\":\"https:\\\/\\\/darkamazi.info\\\/archives\\\/1051468#primaryimage\"},\"thumbnailUrl\":\"https:\\\/\\\/darkamazi.info\\\/darka-content\\\/uploads\\\/2026\\\/01\\\/ferhad-sami-1.jpg\",\"datePublished\":\"2026-01-20T14:07:02+00:00\",\"breadcrumb\":{\"@id\":\"https:\\\/\\\/darkamazi.info\\\/archives\\\/1051468#breadcrumb\"},\"inLanguage\":\"en-US\",\"potentialAction\":[{\"@type\":\"ReadAction\",\"target\":[\"https:\\\/\\\/darkamazi.info\\\/archives\\\/1051468\"]}]},{\"@type\":\"ImageObject\",\"inLanguage\":\"en-US\",\"@id\":\"https:\\\/\\\/darkamazi.info\\\/archives\\\/1051468#primaryimage\",\"url\":\"https:\\\/\\\/darkamazi.info\\\/darka-content\\\/uploads\\\/2026\\\/01\\\/ferhad-sami-1.jpg\",\"contentUrl\":\"https:\\\/\\\/darkamazi.info\\\/darka-content\\\/uploads\\\/2026\\\/01\\\/ferhad-sami-1.jpg\",\"width\":900,\"height\":497,\"caption\":\"Ferhad \u015eam\u00ee: HSD \u00fb YPJ\u2019\u00ea \u00eari\u015fa li ser Pira Qerqozak\u00ea t\u00eak birin\"},{\"@type\":\"BreadcrumbList\",\"@id\":\"https:\\\/\\\/darkamazi.info\\\/archives\\\/1051468#breadcrumb\",\"itemListElement\":[{\"@type\":\"ListItem\",\"position\":1,\"name\":\"Home\",\"item\":\"https:\\\/\\\/darkamazi.info\\\/\"},{\"@type\":\"ListItem\",\"position\":2,\"name\":\"Ferhad \u015eam\u00ee: HSD \u00fb YPJ\u2019\u00ea \u00eari\u015fa li ser Pira Qerqozak\u00ea t\u00eak birin\"}]},{\"@type\":\"WebSite\",\"@id\":\"https:\\\/\\\/darkamazi.info\\\/#website\",\"url\":\"https:\\\/\\\/darkamazi.info\\\/\",\"name\":\"Darka Maz\u00ee\",\"description\":\"P\u00eageha Zanyariy\u00ean Nebih\u00eest\u00ee\",\"publisher\":{\"@id\":\"https:\\\/\\\/darkamazi.info\\\/#organization\"},\"potentialAction\":[{\"@type\":\"SearchAction\",\"target\":{\"@type\":\"EntryPoint\",\"urlTemplate\":\"https:\\\/\\\/darkamazi.info\\\/?s={search_term_string}\"},\"query-input\":{\"@type\":\"PropertyValueSpecification\",\"valueRequired\":true,\"valueName\":\"search_term_string\"}}],\"inLanguage\":\"en-US\"},{\"@type\":\"Organization\",\"@id\":\"https:\\\/\\\/darkamazi.info\\\/#organization\",\"name\":\"Darka Maz\u00ee\",\"url\":\"https:\\\/\\\/darkamazi.info\\\/\",\"logo\":{\"@type\":\"ImageObject\",\"inLanguage\":\"en-US\",\"@id\":\"https:\\\/\\\/darkamazi.info\\\/#\\\/schema\\\/logo\\\/image\\\/\",\"url\":\"https:\\\/\\\/darkamazi.info\\\/darka-content\\\/uploads\\\/2017\\\/12\\\/darka-mazi-logo.png\",\"contentUrl\":\"https:\\\/\\\/darkamazi.info\\\/darka-content\\\/uploads\\\/2017\\\/12\\\/darka-mazi-logo.png\",\"width\":151,\"height\":75,\"caption\":\"Darka Maz\u00ee\"},\"image\":{\"@id\":\"https:\\\/\\\/darkamazi.info\\\/#\\\/schema\\\/logo\\\/image\\\/\"},\"sameAs\":[\"https:\\\/\\\/www.facebook.com\\\/DarMaziKurmanci\",\"https:\\\/\\\/x.com\\\/DarkaMaziLatini\",\"https:\\\/\\\/www.instagram.com\\\/darkamazi.kurmanci\\\/\",\"https:\\\/\\\/www.youtube.com\\\/channel\\\/UCa5HkTdmI8U1qCUFuTw8B2g\"]},{\"@type\":\"Person\",\"@id\":\"https:\\\/\\\/darkamazi.info\\\/#\\\/schema\\\/person\\\/5ad3e24553a0567993fa8ed4bd0a776c\",\"name\":\"darka mazi\",\"sameAs\":[\"https:\\\/\\\/darkamazi.info\\\/\"],\"url\":\"https:\\\/\\\/darkamazi.info\\\/archives\\\/author\\\/kurdi\"}]}<\/script>\n<!-- \/ Yoast SEO plugin. -->","seo_head_json":{"title":"Ferhad \u015eam\u00ee: HSD \u00fb YPJ\u2019\u00ea \u00eari\u015fa li ser Pira Qerqozak\u00ea t\u00eak birin - Darka Maz\u00ee","robots":{"index":"index","follow":"follow","max-snippet":"max-snippet:-1","max-image-preview":"max-image-preview:large","max-video-preview":"max-video-preview:-1"},"canonical":"https:\/\/darkamazi.info\/archives\/1051468","og_locale":"en_US","og_type":"article","og_title":"Ferhad \u015eam\u00ee: HSD \u00fb YPJ\u2019\u00ea \u00eari\u015fa li ser Pira Qerqozak\u00ea t\u00eak birin - Darka Maz\u00ee","og_description":"Berpirs\u00ea Navenda Ragihandin\u00ea ya H\u00eaz\u00ean S\u00fbriyeya Demokrat\u00eek (HSD) Ferhad \u015eam\u00ee ragihand, \u015fervan\u00ean wan \u00fb Yek\u00eeney\u00ean Parastina Jin (YPJ) \u00eari\u015feke kom\u00ean ser bi \u015eam\u00ea ve li ba\u015f\u00fbr\u00ea Koban\u00ea p\u00fb\u00e7 kirine. Ferhad \u015eam\u00ee \u00eero 20\u00ea \u00c7iley\u00ea daxuyaniyeke li ser hejmara xwe xwe ya tora civak\u00ee &#8220;X&#8221;, agahiy\u00ean daw\u00ee y\u00ean derbar\u00ea rew\u015fa meydan\u00ee ya li derdora Koban\u00ea parve [&hellip;]","og_url":"https:\/\/darkamazi.info\/archives\/1051468","og_site_name":"Darka Maz\u00ee","article_publisher":"https:\/\/www.facebook.com\/DarMaziKurmanci","article_published_time":"2026-01-20T14:07:02+00:00","og_image":[{"width":900,"height":497,"url":"https:\/\/darkamazi.info\/file\/2026\/01\/ferhad-sami-1.jpg","type":"image\/jpeg"}],"author":"darka mazi","twitter_card":"summary_large_image","twitter_creator":"@DarkaMaziLatini","twitter_site":"@DarkaMaziLatini","twitter_misc":{"Written by":"darka mazi","Est. reading time":"1 minute"},"schema":{"@context":"https:\/\/schema.org","@graph":[{"@type":"Article","@id":"https:\/\/darkamazi.info\/archives\/1051468#article","isPartOf":{"@id":"https:\/\/darkamazi.info\/archives\/1051468"},"author":{"name":"darka mazi","@id":"https:\/\/darkamazi.info\/#\/schema\/person\/5ad3e24553a0567993fa8ed4bd0a776c"},"headline":"Ferhad \u015eam\u00ee: HSD \u00fb YPJ\u2019\u00ea \u00eari\u015fa li ser Pira Qerqozak\u00ea t\u00eak birin","datePublished":"2026-01-20T14:07:02+00:00","mainEntityOfPage":{"@id":"https:\/\/darkamazi.info\/archives\/1051468"},"wordCount":164,"publisher":{"@id":"https:\/\/darkamazi.info\/#organization"},"image":{"@id":"https:\/\/darkamazi.info\/archives\/1051468#primaryimage"},"thumbnailUrl":"https:\/\/darkamazi.info\/file\/2026\/01\/ferhad-sami-1.jpg","keywords":["sereke"],"articleSection":["Kurdistan"],"inLanguage":"en-US"},{"@type":"WebPage","@id":"https:\/\/darkamazi.info\/archives\/1051468","url":"https:\/\/darkamazi.info\/archives\/1051468","name":"Ferhad \u015eam\u00ee: HSD \u00fb YPJ\u2019\u00ea \u00eari\u015fa li ser Pira Qerqozak\u00ea t\u00eak birin - Darka Maz\u00ee","isPartOf":{"@id":"https:\/\/darkamazi.info\/#website"},"primaryImageOfPage":{"@id":"https:\/\/darkamazi.info\/archives\/1051468#primaryimage"},"image":{"@id":"https:\/\/darkamazi.info\/archives\/1051468#primaryimage"},"thumbnailUrl":"https:\/\/darkamazi.info\/file\/2026\/01\/ferhad-sami-1.jpg","datePublished":"2026-01-20T14:07:02+00:00","breadcrumb":{"@id":"https:\/\/darkamazi.info\/archives\/1051468#breadcrumb"},"inLanguage":"en-US","potentialAction":[{"@type":"ReadAction","target":["https:\/\/darkamazi.info\/archives\/1051468"]}]},{"@type":"ImageObject","inLanguage":"en-US","@id":"https:\/\/darkamazi.info\/archives\/1051468#primaryimage","url":"https:\/\/darkamazi.info\/file\/2026\/01\/ferhad-sami-1.jpg","contentUrl":"https:\/\/darkamazi.info\/file\/2026\/01\/ferhad-sami-1.jpg","width":900,"height":497,"caption":"Ferhad \u015eam\u00ee: HSD \u00fb YPJ\u2019\u00ea \u00eari\u015fa li ser Pira Qerqozak\u00ea t\u00eak birin"},{"@type":"BreadcrumbList","@id":"https:\/\/darkamazi.info\/archives\/1051468#breadcrumb","itemListElement":[{"@type":"ListItem","position":1,"name":"Home","item":"https:\/\/darkamazi.info\/"},{"@type":"ListItem","position":2,"name":"Ferhad \u015eam\u00ee: HSD \u00fb YPJ\u2019\u00ea \u00eari\u015fa li ser Pira Qerqozak\u00ea t\u00eak birin"}]},{"@type":"WebSite","@id":"https:\/\/darkamazi.info\/#website","url":"https:\/\/darkamazi.info\/","name":"Darka Maz\u00ee","description":"P\u00eageha Zanyariy\u00ean Nebih\u00eest\u00ee","publisher":{"@id":"https:\/\/darkamazi.info\/#organization"},"potentialAction":[{"@type":"SearchAction","target":{"@type":"EntryPoint","urlTemplate":"https:\/\/darkamazi.info\/?s={search_term_string}"},"query-input":{"@type":"PropertyValueSpecification","valueRequired":true,"valueName":"search_term_string"}}],"inLanguage":"en-US"},{"@type":"Organization","@id":"https:\/\/darkamazi.info\/#organization","name":"Darka Maz\u00ee","url":"https:\/\/darkamazi.info\/","logo":{"@type":"ImageObject","inLanguage":"en-US","@id":"https:\/\/darkamazi.info\/#\/schema\/logo\/image\/","url":"https:\/\/darkamazi.info\/file\/2017\/12\/darka-mazi-logo.png","contentUrl":"https:\/\/darkamazi.info\/file\/2017\/12\/darka-mazi-logo.png","width":151,"height":75,"caption":"Darka Maz\u00ee"},"image":{"@id":"https:\/\/darkamazi.info\/#\/schema\/logo\/image\/"},"sameAs":["https:\/\/www.facebook.com\/DarMaziKurmanci","https:\/\/x.com\/DarkaMaziLatini","https:\/\/www.instagram.com\/darkamazi.kurmanci\/","https:\/\/www.youtube.com\/channel\/UCa5HkTdmI8U1qCUFuTw8B2g"]},{"@type":"Person","@id":"https:\/\/darkamazi.info\/#\/schema\/person\/5ad3e24553a0567993fa8ed4bd0a776c","name":"darka mazi","sameAs":["https:\/\/darkamazi.info\/"],"url":"https:\/\/darkamazi.info\/archives\/author\/kurdi"}]}},"_links":{"self":[{"href":"https:\/\/darkamazi.info\/funavuv\/wp\/v2\/posts\/1051468","targetHints":{"allow":["GET"]}}],"collection":[{"href":"https:\/\/darkamazi.info\/funavuv\/wp\/v2\/posts"}],"about":[{"href":"https:\/\/darkamazi.info\/funavuv\/wp\/v2\/types\/post"}],"author":[{"embeddable":true,"href":"https:\/\/darkamazi.info\/funavuv\/wp\/v2\/users\/2"}],"replies":[{"embeddable":true,"href":"https:\/\/darkamazi.info\/funavuv\/wp\/v2\/comments?post=1051468"}],"version-history":[{"count":0,"href":"https:\/\/darkamazi.info\/funavuv\/wp\/v2\/posts\/1051468\/revisions"}],"wp:featuredmedia":[{"embeddable":true,"href":"https:\/\/darkamazi.info\/funavuv\/wp\/v2\/media\/1051469"}],"wp:attachment":[{"href":"https:\/\/darkamazi.info\/funavuv\/wp\/v2\/media?parent=1051468"}],"wp:term":[{"taxonomy":"category","embeddable":true,"href":"https:\/\/darkamazi.info\/funavuv\/wp\/v2\/categories?post=1051468"},{"taxonomy":"post_tag","embeddable":true,"href":"https:\/\/darkamazi.info\/funavuv\/wp\/v2\/tags?post=1051468"}],"curies":[{"name":"wp","href":"https:\/\/api.w.org\/{rel}","templated":true}]}}