{"id":1051471,"date":"2026-01-20T17:38:26","date_gmt":"2026-01-20T14:38:26","guid":{"rendered":"https:\/\/darkamazi.info\/?p=1051471"},"modified":"2026-01-20T17:38:26","modified_gmt":"2026-01-20T14:38:26","slug":"li-suriye-peymana-agirbeste-ya-18e-cileya-2026an-pkke-ixaneta-heri-giran-li-milete-kurd-kir","status":"publish","type":"post","link":"https:\/\/darkamazi.info\/archives\/1051471","title":{"rendered":"Li S\u00fbriy\u00ea Peymana Agirbest\u00ea ya 18\u00ea \u00c7ileya 2026\u2019an: PKK\u2019\u00ea \u00cexaneta Her\u00ee Giran li milet\u00ea Kurd Kir!"},"content":{"rendered":"<h3 style=\"text-align: justify\"><span style=\"font-family: 'arial black', sans-serif\">Di <strong>18<\/strong>\u00ea \u00c7ileya <strong>2026<\/strong>an de, peymana <strong>14<\/strong> madd\u00ee ya di navbera Serok\u00ea S\u00fbriyey\u00ea y\u00ea Demk\u00ee Ehmed \u015eara \u00fb Fermandar\u00ea Gi\u015ft\u00ee y\u00ea H\u00eaz\u00ean S\u00fbriya Demokrat\u00eek (HSD) Mezl\u00fbm Ebd\u00ee de hate \u00eemzekirin.<\/span><\/h3>\n<h3 style=\"text-align: justify\">Ev peyman li ser kaxez\u00ea dib\u00eaje <strong><em>\u201ca\u015f\u00eet\u00ee \u00fb yek\u00eet\u00ee\u201d<\/em><\/strong>, l\u00ea di rastiy\u00ea de \u00eexaneta her\u00ee mezin a PKK\u2019\u00ea li milet\u00ea Kurd e: Xewna xweseriya Roava (Kurdistana Roava), bi xw\u00eena bi hezaran ciwan\u00ean Kurd hate feda kirin \u00fb di dawiy\u00ea de radest\u00ee rej\u00eema \u015eam\u00ea ya defakto \u00fb kom\u00ean \u00eeslam\u00ee y\u00ean rad\u00eekal (wek\u00ee DA\u00ce\u015e, El Qa\u00eede, El N\u00fcsra \u00fb HT\u015e) hate kirin.<\/h3>\n<h3 style=\"text-align: justify\"><strong>\u00c7awa PKK\u2019\u00ea Ev Firsenda kurdan radest Kir?<\/strong><br \/>\nJi sala 2011\u2019an ve, Kurd di bin zordestiya rej\u00eema Esed de b\u00fbn \u00fb firsendeke xweseriy\u00ea derket ber wan. L\u00ea PKK\u2019\u00ea v\u00ea firsend\u00ea bi \u00eedeolojiya xwe ya <strong><em>\u201ckonfederal\u00eezma demokrat\u00eek\u201d<\/em><\/strong>\u00ea (ku yek\u00eetiya netewey\u00ee red dike) p\u00ea\u015f\u00ee l\u00eagirt. Dema DYA\u2019y\u00ea got: <strong><em>\u201cYek\u00eetiya xwe ya mil\u00ee ava bikin, em \u00ea pi\u015ftgiriy\u00ea bidin we\u201d<\/em><\/strong>, PKK\u2019\u00ea red kir \u00fb got: <strong><em>\u201cEm ne tevgera netewey\u00ee ne, em tevgera demokrat\u00eek in.\u201d<\/em><\/strong> Bi v\u00ee away\u00ee HSD di sala <strong>2015<\/strong>an de hate avakirin, l\u00ea di bin kontrola kadroy\u00ean PKK\u2019\u00ea de ma. Kurd\u00ean muxal\u00eef y\u00ean wek Mi\u015fel Temo hatin redkirin \u00fb ku\u015ftin, e\u015f\u00eer\u00ean Ereb (hin ji wan bi I\u015e\u00ceD\u2019\u00ea re t\u00eakildar) hatin kirin hevkar \u00fb \u00eeradeya Kurd\u00ean Roavay\u00ea Kurdistan\u00ea hate binp\u00eakirin.<\/h3>\n<h3 style=\"text-align: justify\">Mezl\u00fbm Ebd\u00ee \u00fb kadroy\u00ean din biryar\u00ean xwe li bin portrey\u00ean Abdullah Ocalan digirtin. Cihek\u00ee mecb\u00fbr\u00ee hate ferzkirin, Kurd\u00ean dijber hatin ku\u015ftin, aloziy\u00ean etn\u00eek\u00ee hatin z\u00eadekirin. Di <strong>10<\/strong>\u00ea Adara <strong>2025<\/strong>an de peymana entegrasyon\u00ea hate \u00eemzekirin \u2013 ev j\u00ee bi zora Tirkiy\u00ea b\u00fb \u00fb tu maf\u00ea siyas\u00ee y\u00ea Kurd\u00ee t\u00ea de tune b\u00fb. Di \u00c7ileya <strong>2026<\/strong>an de \u015fer\u00ean giran li <strong>Heleb, Reqqa<\/strong> \u00fb <strong>D\u00earazor\u00ea<\/strong> derketin hol\u00ea; HSD t\u00eak \u00e7\u00fb, siv\u00eel wek\u00ee mertal\u00ea mirov\u00ee hatin bikaran\u00een, zarok\u00ean le\u015fker\u00ee hatin \u015fandin ji bona mirin\u00ea. PKK\u2019\u00ea derewan got <strong>\u201cberxwedan\u201d<\/strong>, l\u00ea di dawiy\u00ea de tesl\u00eem b\u00fb.<\/h3>\n<h3 style=\"text-align: justify\">Hesek\u00ea \u00fb D\u00earezor radest kirin. Bi dehhezaran Kurd carek din ko\u00e7ber b\u00fbn. Bi hezaran bir\u00eerdar, revand\u00ee \u00fb kujt\u00ee. L\u00ea Mazl\u00fbm Abd\u00ee h\u00een j\u00ee dib\u00ea h\u00eaza me a le\u015fker\u00ee heye \u00fb em xurtin. Ba\u015fe eger hebe ew h\u00eazek we, ji bona \u00e7i ye? We hem\u00fb destkevtin b\u00ea \u015fer radest kirin. Ew h\u00eaza we ya pirbi\u00e7ek Ji bona k\u00eejan roj\u00ea ye?<\/h3>\n<h3 style=\"text-align: justify\"><strong>Madey\u00ean Peymana Agirbest\u00ea<\/strong><\/h3>\n<h3 style=\"text-align: justify\">Ate\u015fkes \u00fb ki\u015fandina h\u00eaz\u00ean HSD\u2019\u00ea ji rojhilat\u00ea Firat\u00ea \u00fb<\/h3>\n<h3 style=\"text-align: justify\">Derew\u00ean <strong><em>\u201cqehremaniya\u201d<\/em><\/strong> PKK\u2019\u00ea a sexte d\u00eeyar b\u00fb:<\/h3>\n<ul style=\"text-align: justify\">\n<li>\n<h3>Radestkirina <strong><em>D\u00earazor, Reqqa, Hesek\u00ea<\/em><\/strong> \u00fb bingeh\u00ean neft\u00ea, gaz\u00ea, deriy\u00ean s\u00eenor\u00ee.<\/h3>\n<\/li>\n<li>\n<h3>Ev h\u00eala aboriya Kurd\u00ean Roavay\u00ea Kurdistan\u00ea hate radestkirin ku ber\u00ea ev \u00e7avkan\u00ee ji bo \u00e7ek\u00ean HSD\u2019\u00ea dihatin bikaran\u00een.<\/h3>\n<\/li>\n<li>\n<h3>Entegrasyona kesane, b\u00ea\u00e7ekkirina <strong>Koban\u00ea<\/strong><\/h3>\n<\/li>\n<li>\n<h3>H\u00eaz\u00ea \u00e7ekdar\u00ee t\u00ean belavkirin, kadro t\u00eane tasfiyekirin.<\/h3>\n<\/li>\n<li>\n<h3>Derxistina PKK\u00ea ji Rojava \u00fb bakur\u00ea S\u00fbr\u00eeyey\u00ea. W\u00ea PKK ji her\u00eam\u00ea b\u00eat derxistin, l\u00ea xw\u00eena Kurd maye li ser erd\u00ea.<\/h3>\n<\/li>\n<li>\n<h3><strong>Radestkirina girtiy\u00ean I\u015e\u00ceD\u2019\u00ea, maf\u00ean \u00e7and\u00ee\/ziman\u00ee <\/strong><\/h3>\n<\/li>\n<\/ul>\n<h3 style=\"text-align: justify\"><strong>Ji xweseriy\u00ea ten\u00ea per\u00e7eyek ma; tu stat\u00fbya siyas\u00ee tune ye<\/strong><strong>!<\/strong><\/h3>\n<h3 style=\"text-align: justify\">Ev peyman bedela nexwe\u015fiya \u00eedeoloj\u00eek a PKK\u2019\u00ea ye:<\/h3>\n<h3 style=\"text-align: justify\">Kurd par\u00e7e kirin, serkeftinan asteng kirin \u00fb di dawiy\u00ea de radest\u00ee teror\u00eest\u00ean \u00eeslam\u00ee \u00fb \u015eam\u00ea kirin. Serok\u00ean PKK\u2019\u00ea li Ewropay\u00ea di luks\u00ea de dij\u00een, l\u00ea ciwan\u00ean Kurd di cephey\u00ea de dimirin.<\/h3>\n<h3 style=\"text-align: justify\"><strong>Encam \u00fb Bangewaz\u00ee ji Gel\u00ea Kurd re<br \/>\n<\/strong>Ev peyman ne tesl\u00eemiyet e, l\u00ea firsendeke rizgariy\u00ea ye ji zinc\u00eer\u00ean PKK\u2019\u00ea. PKK\u2019\u00ea red bikin! R\u00eaber\u00ean Kurd \u00ean rast\u00een derxin hol\u00ea \u00fb di S\u00fbriy\u00ea de ji bo wekheviy\u00ea, r\u00fbmet \u00fb maf\u00ean xwe y\u00ean rewa t\u00eabiko\u015fin. \u00cexaneta bi xw\u00eena Kurdan hate kirin, d\u00ea di d\u00eerok\u00ea de were hesabkirin. Ger milet\u00ea Kurd ji van derew\u00ean qehremaniy\u00ea rizgar bibe, serkeftina rast\u00een d\u00ea bi dest bixin.<\/h3>\n","protected":false},"excerpt":{"rendered":"<p>Di 18\u00ea \u00c7ileya 2026an de, peymana 14 madd\u00ee ya di navbera Serok\u00ea S\u00fbriyey\u00ea y\u00ea Demk\u00ee Ehmed \u015eara \u00fb Fermandar\u00ea Gi\u015ft\u00ee y\u00ea H\u00eaz\u00ean S\u00fbriya Demokrat\u00eek (HSD) Mezl\u00fbm Ebd\u00ee de hate \u00eemzekirin. Ev peyman li ser kaxez\u00ea dib\u00eaje \u201ca\u015f\u00eet\u00ee \u00fb yek\u00eet\u00ee\u201d, l\u00ea di rastiy\u00ea de \u00eexaneta her\u00ee mezin a PKK\u2019\u00ea li milet\u00ea Kurd e: Xewna xweseriya Roava [&hellip;]<\/p>\n","protected":false},"author":2,"featured_media":1051472,"comment_status":"closed","ping_status":"closed","sticky":false,"template":"","format":"standard","meta":{"footnotes":""},"categories":[28],"tags":[37],"class_list":["post-1051471","post","type-post","status-publish","format-standard","has-post-thumbnail","hentry","category-nerin","tag-sereke"],"blocksy_meta":[],"seo_head":"<!-- This site is optimized with the Yoast SEO plugin v27.5 - https:\/\/yoast.com\/product\/yoast-seo-wordpress\/ -->\n<title>Li S\u00fbriy\u00ea Peymana Agirbest\u00ea ya 18\u00ea \u00c7ileya 2026\u2019an: PKK\u2019\u00ea \u00cexaneta Her\u00ee Giran li milet\u00ea Kurd Kir! - Darka Maz\u00ee<\/title>\n<meta name=\"robots\" content=\"index, follow, max-snippet:-1, max-image-preview:large, max-video-preview:-1\" \/>\n<link rel=\"canonical\" href=\"https:\/\/darkamazi.info\/archives\/1051471\" \/>\n<meta property=\"og:locale\" content=\"en_US\" \/>\n<meta property=\"og:type\" content=\"article\" \/>\n<meta property=\"og:title\" content=\"Li S\u00fbriy\u00ea Peymana Agirbest\u00ea ya 18\u00ea \u00c7ileya 2026\u2019an: PKK\u2019\u00ea \u00cexaneta Her\u00ee Giran li milet\u00ea Kurd Kir! - Darka Maz\u00ee\" \/>\n<meta property=\"og:description\" content=\"Di 18\u00ea \u00c7ileya 2026an de, peymana 14 madd\u00ee ya di navbera Serok\u00ea S\u00fbriyey\u00ea y\u00ea Demk\u00ee Ehmed \u015eara \u00fb Fermandar\u00ea Gi\u015ft\u00ee y\u00ea H\u00eaz\u00ean S\u00fbriya Demokrat\u00eek (HSD) Mezl\u00fbm Ebd\u00ee de hate \u00eemzekirin. Ev peyman li ser kaxez\u00ea dib\u00eaje \u201ca\u015f\u00eet\u00ee \u00fb yek\u00eet\u00ee\u201d, l\u00ea di rastiy\u00ea de \u00eexaneta her\u00ee mezin a PKK\u2019\u00ea li milet\u00ea Kurd e: Xewna xweseriya Roava [&hellip;]\" \/>\n<meta property=\"og:url\" content=\"https:\/\/darkamazi.info\/archives\/1051471\" \/>\n<meta property=\"og:site_name\" content=\"Darka Maz\u00ee\" \/>\n<meta property=\"article:publisher\" content=\"https:\/\/www.facebook.com\/DarMaziKurmanci\" \/>\n<meta property=\"article:published_time\" content=\"2026-01-20T14:38:26+00:00\" \/>\n<meta property=\"og:image\" content=\"https:\/\/darkamazi.info\/file\/2026\/01\/sheyhmus-ozengin.jpg\" \/>\n\t<meta property=\"og:image:width\" content=\"900\" \/>\n\t<meta property=\"og:image:height\" content=\"475\" \/>\n\t<meta property=\"og:image:type\" content=\"image\/jpeg\" \/>\n<meta name=\"author\" content=\"darka mazi\" \/>\n<meta name=\"twitter:card\" content=\"summary_large_image\" \/>\n<meta name=\"twitter:creator\" content=\"@DarkaMaziLatini\" \/>\n<meta name=\"twitter:site\" content=\"@DarkaMaziLatini\" \/>\n<meta name=\"twitter:label1\" content=\"Written by\" \/>\n\t<meta name=\"twitter:data1\" content=\"darka mazi\" \/>\n\t<meta name=\"twitter:label2\" content=\"Est. reading time\" \/>\n\t<meta name=\"twitter:data2\" content=\"3 minutes\" \/>\n<script type=\"application\/ld+json\" class=\"seo-schema-graph\">{\"@context\":\"https:\\\/\\\/schema.org\",\"@graph\":[{\"@type\":\"Article\",\"@id\":\"https:\\\/\\\/darkamazi.info\\\/archives\\\/1051471#article\",\"isPartOf\":{\"@id\":\"https:\\\/\\\/darkamazi.info\\\/archives\\\/1051471\"},\"author\":{\"name\":\"darka mazi\",\"@id\":\"https:\\\/\\\/darkamazi.info\\\/#\\\/schema\\\/person\\\/5ad3e24553a0567993fa8ed4bd0a776c\"},\"headline\":\"Li S\u00fbriy\u00ea Peymana Agirbest\u00ea ya 18\u00ea \u00c7ileya 2026\u2019an: PKK\u2019\u00ea \u00cexaneta Her\u00ee Giran li milet\u00ea Kurd Kir!\",\"datePublished\":\"2026-01-20T14:38:26+00:00\",\"mainEntityOfPage\":{\"@id\":\"https:\\\/\\\/darkamazi.info\\\/archives\\\/1051471\"},\"wordCount\":668,\"publisher\":{\"@id\":\"https:\\\/\\\/darkamazi.info\\\/#organization\"},\"image\":{\"@id\":\"https:\\\/\\\/darkamazi.info\\\/archives\\\/1051471#primaryimage\"},\"thumbnailUrl\":\"https:\\\/\\\/darkamazi.info\\\/darka-content\\\/uploads\\\/2026\\\/01\\\/sheyhmus-ozengin.jpg\",\"keywords\":[\"sereke\"],\"articleSection\":[\"Ner\u00een\"],\"inLanguage\":\"en-US\"},{\"@type\":\"WebPage\",\"@id\":\"https:\\\/\\\/darkamazi.info\\\/archives\\\/1051471\",\"url\":\"https:\\\/\\\/darkamazi.info\\\/archives\\\/1051471\",\"name\":\"Li S\u00fbriy\u00ea Peymana Agirbest\u00ea ya 18\u00ea \u00c7ileya 2026\u2019an: PKK\u2019\u00ea \u00cexaneta Her\u00ee Giran li milet\u00ea Kurd Kir! - Darka Maz\u00ee\",\"isPartOf\":{\"@id\":\"https:\\\/\\\/darkamazi.info\\\/#website\"},\"primaryImageOfPage\":{\"@id\":\"https:\\\/\\\/darkamazi.info\\\/archives\\\/1051471#primaryimage\"},\"image\":{\"@id\":\"https:\\\/\\\/darkamazi.info\\\/archives\\\/1051471#primaryimage\"},\"thumbnailUrl\":\"https:\\\/\\\/darkamazi.info\\\/darka-content\\\/uploads\\\/2026\\\/01\\\/sheyhmus-ozengin.jpg\",\"datePublished\":\"2026-01-20T14:38:26+00:00\",\"breadcrumb\":{\"@id\":\"https:\\\/\\\/darkamazi.info\\\/archives\\\/1051471#breadcrumb\"},\"inLanguage\":\"en-US\",\"potentialAction\":[{\"@type\":\"ReadAction\",\"target\":[\"https:\\\/\\\/darkamazi.info\\\/archives\\\/1051471\"]}]},{\"@type\":\"ImageObject\",\"inLanguage\":\"en-US\",\"@id\":\"https:\\\/\\\/darkamazi.info\\\/archives\\\/1051471#primaryimage\",\"url\":\"https:\\\/\\\/darkamazi.info\\\/darka-content\\\/uploads\\\/2026\\\/01\\\/sheyhmus-ozengin.jpg\",\"contentUrl\":\"https:\\\/\\\/darkamazi.info\\\/darka-content\\\/uploads\\\/2026\\\/01\\\/sheyhmus-ozengin.jpg\",\"width\":900,\"height\":475,\"caption\":\"Li S\u00fbriy\u00ea Peymana Agirbest\u00ea yaQedera Roavay\u00ea Kurdistan\u00ea Ji Dest\u00ea Kurdan Derdikeve!18\u00ea \u00c7ileya 2026\u2019an: PKK\u2019\u00ea \u00cexaneta Her\u00ee Giran li milet\u00ea Kurd Kir!\"},{\"@type\":\"BreadcrumbList\",\"@id\":\"https:\\\/\\\/darkamazi.info\\\/archives\\\/1051471#breadcrumb\",\"itemListElement\":[{\"@type\":\"ListItem\",\"position\":1,\"name\":\"Home\",\"item\":\"https:\\\/\\\/darkamazi.info\\\/\"},{\"@type\":\"ListItem\",\"position\":2,\"name\":\"Li S\u00fbriy\u00ea Peymana Agirbest\u00ea ya 18\u00ea \u00c7ileya 2026\u2019an: PKK\u2019\u00ea \u00cexaneta Her\u00ee Giran li milet\u00ea Kurd Kir!\"}]},{\"@type\":\"WebSite\",\"@id\":\"https:\\\/\\\/darkamazi.info\\\/#website\",\"url\":\"https:\\\/\\\/darkamazi.info\\\/\",\"name\":\"Darka Maz\u00ee\",\"description\":\"P\u00eageha Zanyariy\u00ean Nebih\u00eest\u00ee\",\"publisher\":{\"@id\":\"https:\\\/\\\/darkamazi.info\\\/#organization\"},\"potentialAction\":[{\"@type\":\"SearchAction\",\"target\":{\"@type\":\"EntryPoint\",\"urlTemplate\":\"https:\\\/\\\/darkamazi.info\\\/?s={search_term_string}\"},\"query-input\":{\"@type\":\"PropertyValueSpecification\",\"valueRequired\":true,\"valueName\":\"search_term_string\"}}],\"inLanguage\":\"en-US\"},{\"@type\":\"Organization\",\"@id\":\"https:\\\/\\\/darkamazi.info\\\/#organization\",\"name\":\"Darka Maz\u00ee\",\"url\":\"https:\\\/\\\/darkamazi.info\\\/\",\"logo\":{\"@type\":\"ImageObject\",\"inLanguage\":\"en-US\",\"@id\":\"https:\\\/\\\/darkamazi.info\\\/#\\\/schema\\\/logo\\\/image\\\/\",\"url\":\"https:\\\/\\\/darkamazi.info\\\/darka-content\\\/uploads\\\/2017\\\/12\\\/darka-mazi-logo.png\",\"contentUrl\":\"https:\\\/\\\/darkamazi.info\\\/darka-content\\\/uploads\\\/2017\\\/12\\\/darka-mazi-logo.png\",\"width\":151,\"height\":75,\"caption\":\"Darka Maz\u00ee\"},\"image\":{\"@id\":\"https:\\\/\\\/darkamazi.info\\\/#\\\/schema\\\/logo\\\/image\\\/\"},\"sameAs\":[\"https:\\\/\\\/www.facebook.com\\\/DarMaziKurmanci\",\"https:\\\/\\\/x.com\\\/DarkaMaziLatini\",\"https:\\\/\\\/www.instagram.com\\\/darkamazi.kurmanci\\\/\",\"https:\\\/\\\/www.youtube.com\\\/channel\\\/UCa5HkTdmI8U1qCUFuTw8B2g\"]},{\"@type\":\"Person\",\"@id\":\"https:\\\/\\\/darkamazi.info\\\/#\\\/schema\\\/person\\\/5ad3e24553a0567993fa8ed4bd0a776c\",\"name\":\"darka mazi\",\"sameAs\":[\"https:\\\/\\\/darkamazi.info\\\/\"],\"url\":\"https:\\\/\\\/darkamazi.info\\\/archives\\\/author\\\/kurdi\"}]}<\/script>\n<!-- \/ Yoast SEO plugin. -->","seo_head_json":{"title":"Li S\u00fbriy\u00ea Peymana Agirbest\u00ea ya 18\u00ea \u00c7ileya 2026\u2019an: PKK\u2019\u00ea \u00cexaneta Her\u00ee Giran li milet\u00ea Kurd Kir! - Darka Maz\u00ee","robots":{"index":"index","follow":"follow","max-snippet":"max-snippet:-1","max-image-preview":"max-image-preview:large","max-video-preview":"max-video-preview:-1"},"canonical":"https:\/\/darkamazi.info\/archives\/1051471","og_locale":"en_US","og_type":"article","og_title":"Li S\u00fbriy\u00ea Peymana Agirbest\u00ea ya 18\u00ea \u00c7ileya 2026\u2019an: PKK\u2019\u00ea \u00cexaneta Her\u00ee Giran li milet\u00ea Kurd Kir! - Darka Maz\u00ee","og_description":"Di 18\u00ea \u00c7ileya 2026an de, peymana 14 madd\u00ee ya di navbera Serok\u00ea S\u00fbriyey\u00ea y\u00ea Demk\u00ee Ehmed \u015eara \u00fb Fermandar\u00ea Gi\u015ft\u00ee y\u00ea H\u00eaz\u00ean S\u00fbriya Demokrat\u00eek (HSD) Mezl\u00fbm Ebd\u00ee de hate \u00eemzekirin. Ev peyman li ser kaxez\u00ea dib\u00eaje \u201ca\u015f\u00eet\u00ee \u00fb yek\u00eet\u00ee\u201d, l\u00ea di rastiy\u00ea de \u00eexaneta her\u00ee mezin a PKK\u2019\u00ea li milet\u00ea Kurd e: Xewna xweseriya Roava [&hellip;]","og_url":"https:\/\/darkamazi.info\/archives\/1051471","og_site_name":"Darka Maz\u00ee","article_publisher":"https:\/\/www.facebook.com\/DarMaziKurmanci","article_published_time":"2026-01-20T14:38:26+00:00","og_image":[{"width":900,"height":475,"url":"https:\/\/darkamazi.info\/file\/2026\/01\/sheyhmus-ozengin.jpg","type":"image\/jpeg"}],"author":"darka mazi","twitter_card":"summary_large_image","twitter_creator":"@DarkaMaziLatini","twitter_site":"@DarkaMaziLatini","twitter_misc":{"Written by":"darka mazi","Est. reading time":"3 minutes"},"schema":{"@context":"https:\/\/schema.org","@graph":[{"@type":"Article","@id":"https:\/\/darkamazi.info\/archives\/1051471#article","isPartOf":{"@id":"https:\/\/darkamazi.info\/archives\/1051471"},"author":{"name":"darka mazi","@id":"https:\/\/darkamazi.info\/#\/schema\/person\/5ad3e24553a0567993fa8ed4bd0a776c"},"headline":"Li S\u00fbriy\u00ea Peymana Agirbest\u00ea ya 18\u00ea \u00c7ileya 2026\u2019an: PKK\u2019\u00ea \u00cexaneta Her\u00ee Giran li milet\u00ea Kurd Kir!","datePublished":"2026-01-20T14:38:26+00:00","mainEntityOfPage":{"@id":"https:\/\/darkamazi.info\/archives\/1051471"},"wordCount":668,"publisher":{"@id":"https:\/\/darkamazi.info\/#organization"},"image":{"@id":"https:\/\/darkamazi.info\/archives\/1051471#primaryimage"},"thumbnailUrl":"https:\/\/darkamazi.info\/file\/2026\/01\/sheyhmus-ozengin.jpg","keywords":["sereke"],"articleSection":["Ner\u00een"],"inLanguage":"en-US"},{"@type":"WebPage","@id":"https:\/\/darkamazi.info\/archives\/1051471","url":"https:\/\/darkamazi.info\/archives\/1051471","name":"Li S\u00fbriy\u00ea Peymana Agirbest\u00ea ya 18\u00ea \u00c7ileya 2026\u2019an: PKK\u2019\u00ea \u00cexaneta Her\u00ee Giran li milet\u00ea Kurd Kir! - Darka Maz\u00ee","isPartOf":{"@id":"https:\/\/darkamazi.info\/#website"},"primaryImageOfPage":{"@id":"https:\/\/darkamazi.info\/archives\/1051471#primaryimage"},"image":{"@id":"https:\/\/darkamazi.info\/archives\/1051471#primaryimage"},"thumbnailUrl":"https:\/\/darkamazi.info\/file\/2026\/01\/sheyhmus-ozengin.jpg","datePublished":"2026-01-20T14:38:26+00:00","breadcrumb":{"@id":"https:\/\/darkamazi.info\/archives\/1051471#breadcrumb"},"inLanguage":"en-US","potentialAction":[{"@type":"ReadAction","target":["https:\/\/darkamazi.info\/archives\/1051471"]}]},{"@type":"ImageObject","inLanguage":"en-US","@id":"https:\/\/darkamazi.info\/archives\/1051471#primaryimage","url":"https:\/\/darkamazi.info\/file\/2026\/01\/sheyhmus-ozengin.jpg","contentUrl":"https:\/\/darkamazi.info\/file\/2026\/01\/sheyhmus-ozengin.jpg","width":900,"height":475,"caption":"Li S\u00fbriy\u00ea Peymana Agirbest\u00ea yaQedera Roavay\u00ea Kurdistan\u00ea Ji Dest\u00ea Kurdan Derdikeve!18\u00ea \u00c7ileya 2026\u2019an: PKK\u2019\u00ea \u00cexaneta Her\u00ee Giran li milet\u00ea Kurd Kir!"},{"@type":"BreadcrumbList","@id":"https:\/\/darkamazi.info\/archives\/1051471#breadcrumb","itemListElement":[{"@type":"ListItem","position":1,"name":"Home","item":"https:\/\/darkamazi.info\/"},{"@type":"ListItem","position":2,"name":"Li S\u00fbriy\u00ea Peymana Agirbest\u00ea ya 18\u00ea \u00c7ileya 2026\u2019an: PKK\u2019\u00ea \u00cexaneta Her\u00ee Giran li milet\u00ea Kurd Kir!"}]},{"@type":"WebSite","@id":"https:\/\/darkamazi.info\/#website","url":"https:\/\/darkamazi.info\/","name":"Darka Maz\u00ee","description":"P\u00eageha Zanyariy\u00ean Nebih\u00eest\u00ee","publisher":{"@id":"https:\/\/darkamazi.info\/#organization"},"potentialAction":[{"@type":"SearchAction","target":{"@type":"EntryPoint","urlTemplate":"https:\/\/darkamazi.info\/?s={search_term_string}"},"query-input":{"@type":"PropertyValueSpecification","valueRequired":true,"valueName":"search_term_string"}}],"inLanguage":"en-US"},{"@type":"Organization","@id":"https:\/\/darkamazi.info\/#organization","name":"Darka Maz\u00ee","url":"https:\/\/darkamazi.info\/","logo":{"@type":"ImageObject","inLanguage":"en-US","@id":"https:\/\/darkamazi.info\/#\/schema\/logo\/image\/","url":"https:\/\/darkamazi.info\/file\/2017\/12\/darka-mazi-logo.png","contentUrl":"https:\/\/darkamazi.info\/file\/2017\/12\/darka-mazi-logo.png","width":151,"height":75,"caption":"Darka Maz\u00ee"},"image":{"@id":"https:\/\/darkamazi.info\/#\/schema\/logo\/image\/"},"sameAs":["https:\/\/www.facebook.com\/DarMaziKurmanci","https:\/\/x.com\/DarkaMaziLatini","https:\/\/www.instagram.com\/darkamazi.kurmanci\/","https:\/\/www.youtube.com\/channel\/UCa5HkTdmI8U1qCUFuTw8B2g"]},{"@type":"Person","@id":"https:\/\/darkamazi.info\/#\/schema\/person\/5ad3e24553a0567993fa8ed4bd0a776c","name":"darka mazi","sameAs":["https:\/\/darkamazi.info\/"],"url":"https:\/\/darkamazi.info\/archives\/author\/kurdi"}]}},"_links":{"self":[{"href":"https:\/\/darkamazi.info\/funavuv\/wp\/v2\/posts\/1051471","targetHints":{"allow":["GET"]}}],"collection":[{"href":"https:\/\/darkamazi.info\/funavuv\/wp\/v2\/posts"}],"about":[{"href":"https:\/\/darkamazi.info\/funavuv\/wp\/v2\/types\/post"}],"author":[{"embeddable":true,"href":"https:\/\/darkamazi.info\/funavuv\/wp\/v2\/users\/2"}],"replies":[{"embeddable":true,"href":"https:\/\/darkamazi.info\/funavuv\/wp\/v2\/comments?post=1051471"}],"version-history":[{"count":0,"href":"https:\/\/darkamazi.info\/funavuv\/wp\/v2\/posts\/1051471\/revisions"}],"wp:featuredmedia":[{"embeddable":true,"href":"https:\/\/darkamazi.info\/funavuv\/wp\/v2\/media\/1051472"}],"wp:attachment":[{"href":"https:\/\/darkamazi.info\/funavuv\/wp\/v2\/media?parent=1051471"}],"wp:term":[{"taxonomy":"category","embeddable":true,"href":"https:\/\/darkamazi.info\/funavuv\/wp\/v2\/categories?post=1051471"},{"taxonomy":"post_tag","embeddable":true,"href":"https:\/\/darkamazi.info\/funavuv\/wp\/v2\/tags?post=1051471"}],"curies":[{"name":"wp","href":"https:\/\/api.w.org\/{rel}","templated":true}]}}