{"id":1051474,"date":"2026-01-20T19:18:04","date_gmt":"2026-01-20T16:18:04","guid":{"rendered":"https:\/\/darkamazi.info\/?p=1051474"},"modified":"2026-01-20T19:18:04","modified_gmt":"2026-01-20T16:18:04","slug":"wezareta-berevaniye-ya-suriyeye-hezen-me-en-leskeri-bi-tu-rengan-nacin-nav-deveren-xwecihbune-ye-kurdi","status":"publish","type":"post","link":"https:\/\/darkamazi.info\/archives\/1051474","title":{"rendered":"Wezareta Berevaniy\u00ea ya S\u00fbriyey\u00ea: H\u00eaz\u00ean me \u00ean le\u015fker\u00ee bi tu rengan na\u00e7in nav dever\u00ean xwecihb\u00fbn\u00ea y\u00ea Kurd\u00ee"},"content":{"rendered":"<h3 style=\"text-align: justify\"><span style=\"font-family: 'arial black', sans-serif\">Wezareta Berevaniy\u00ea ya Hik\u00fbmeta S\u00fbriyey\u00ea di ragihandina xwe ya her\u00ee n\u00fb de peyamek arastey\u00ee Kurd\u00ean bakur-rojhilat\u00ea S\u00fbriyey\u00ea kiriye \u00fb bi rengek\u00ea ferm\u00ee ragihandiye ku, h\u00eaz\u00ean wan \u00ean le\u015fker\u00ee bi tu rengan na\u00e7in nav dever\u00ean xwecihb\u00fbn\u00ea y\u00ea Kurd\u00ee.<\/span><\/h3>\n<h3 style=\"text-align: justify\">Wezareta navbir\u00ee di w\u00ea ragihandin\u00ea de tekez j\u00ee kir: Em pabendb\u00fbna xwe ya temam bi parastina gel\u00ea Kurd \u00fb ewlehiya wan tekez dikin, \u00fb em careka din soz\u00ea didin ku h\u00eaz\u00ean me ne\u00e7in nav gund \u00fb bajark\u00ean Kurdan.<\/h3>\n<h3 style=\"text-align: justify\">Wezareta Berevaniy\u00ea ya Hik\u00fbmeta S\u00fbriyey\u00ea amaje j\u00ee da ku, armanca Art\u00ea\u015fa S\u00fbriyey\u00ea vegerandina tenahiy\u00ea ye.<\/h3>\n<h3 style=\"text-align: justify\">\u015eam\u00ea di pareka din a w\u00ea ragihandin\u00ea de amadeb\u00fbna xwe ya temam ji bo wergirtina berpirsiyariya Kampa Hol\u00ea \u00fb hem\u00ee zindaniy\u00ean DAI\u015e\u00ea li dever\u00ea n\u00ee\u015fan daye \u00fb ragihandiye ku, serpi\u015fka kar\u00ean wan \u015fer\u00ea li dij\u00ee teror\u00ea ye.<\/h3>\n<h3 style=\"text-align: justify\">Wezareta Berevaniy\u00ea ya S\u00fbriyey\u00ea daxwaz j\u00ee kiriye ku, pabend\u00ee peymana 18\u00ea \u00c7iley\u00ea bin \u00fb bi cih b\u00eenin.<\/h3>\n<h3 style=\"text-align: justify\">Ev j\u00ee di demek\u00ea de ye ku, Bir\u00eavebir\u00ea Rewangeha S\u00fbriyey\u00ee ya Maf\u00ean Mirovan Ram\u00ee Ebdirehman hi\u015fyariyeka tund li ser rew\u015fa Rojavay\u00ea Kurdistan\u00ea da \u00fb ragihand: \u00car\u00ee\u015f\u00ean niha ne ten\u00ea li dij\u00ee H\u00eaz\u00ean S\u00fbriyeya Demokrat\u00eek (HSD) ne, belk\u00ee merem j\u00ea qirkirina etn\u00eek\u00ee ya gel\u00ea Kurd e.<\/h3>\n<h3 style=\"text-align: justify\">Ev haydariy\u00ean Rewangeha S\u00fbriyey\u00ee ya Maf\u00ean Mirovan di demek\u00ea de ne ku, aloziy\u00ean le\u015fker\u00ee li bakur \u00fb rojhilat\u00ea S\u00fbriyey\u00ea gih\u00ee\u015ftine asta her\u00ee bilind \u00fb xetereka cid\u00ee li ser \u00e7areniv\u00eesa bi m\u00eelyonan welatiy\u00ean Kurd li dever\u00ean cuda cuda y\u00ean Rojavay\u00ea Kurdistan\u00ea \u00e7\u00ea b\u00fbye, ku r\u00fbbir\u00fby\u00ee \u00ear\u00ee\u015f\u00ean \u00e7ekdar\u00ee y\u00ean cuda cuda \u00fb mil\u00ees\u00ean biyan\u00ee b\u00fbne.<\/h3>\n","protected":false},"excerpt":{"rendered":"<p>Wezareta Berevaniy\u00ea ya Hik\u00fbmeta S\u00fbriyey\u00ea di ragihandina xwe ya her\u00ee n\u00fb de peyamek arastey\u00ee Kurd\u00ean bakur-rojhilat\u00ea S\u00fbriyey\u00ea kiriye \u00fb bi rengek\u00ea ferm\u00ee ragihandiye ku, h\u00eaz\u00ean wan \u00ean le\u015fker\u00ee bi tu rengan na\u00e7in nav dever\u00ean xwecihb\u00fbn\u00ea y\u00ea Kurd\u00ee. Wezareta navbir\u00ee di w\u00ea ragihandin\u00ea de tekez j\u00ee kir: Em pabendb\u00fbna xwe ya temam bi parastina gel\u00ea Kurd [&hellip;]<\/p>\n","protected":false},"author":2,"featured_media":1051475,"comment_status":"closed","ping_status":"closed","sticky":false,"template":"","format":"standard","meta":{"footnotes":""},"categories":[29],"tags":[37],"class_list":["post-1051474","post","type-post","status-publish","format-standard","has-post-thumbnail","hentry","category-kurdistan","tag-sereke"],"blocksy_meta":[],"seo_head":"<!-- This site is optimized with the Yoast SEO plugin v27.5 - https:\/\/yoast.com\/product\/yoast-seo-wordpress\/ -->\n<title>Wezareta Berevaniy\u00ea ya S\u00fbriyey\u00ea: H\u00eaz\u00ean me \u00ean le\u015fker\u00ee bi tu rengan na\u00e7in nav dever\u00ean xwecihb\u00fbn\u00ea y\u00ea Kurd\u00ee - Darka Maz\u00ee<\/title>\n<meta name=\"robots\" content=\"index, follow, max-snippet:-1, max-image-preview:large, max-video-preview:-1\" \/>\n<link rel=\"canonical\" href=\"https:\/\/darkamazi.info\/archives\/1051474\" \/>\n<meta property=\"og:locale\" content=\"en_US\" \/>\n<meta property=\"og:type\" content=\"article\" \/>\n<meta property=\"og:title\" content=\"Wezareta Berevaniy\u00ea ya S\u00fbriyey\u00ea: H\u00eaz\u00ean me \u00ean le\u015fker\u00ee bi tu rengan na\u00e7in nav dever\u00ean xwecihb\u00fbn\u00ea y\u00ea Kurd\u00ee - Darka Maz\u00ee\" \/>\n<meta property=\"og:description\" content=\"Wezareta Berevaniy\u00ea ya Hik\u00fbmeta S\u00fbriyey\u00ea di ragihandina xwe ya her\u00ee n\u00fb de peyamek arastey\u00ee Kurd\u00ean bakur-rojhilat\u00ea S\u00fbriyey\u00ea kiriye \u00fb bi rengek\u00ea ferm\u00ee ragihandiye ku, h\u00eaz\u00ean wan \u00ean le\u015fker\u00ee bi tu rengan na\u00e7in nav dever\u00ean xwecihb\u00fbn\u00ea y\u00ea Kurd\u00ee. Wezareta navbir\u00ee di w\u00ea ragihandin\u00ea de tekez j\u00ee kir: Em pabendb\u00fbna xwe ya temam bi parastina gel\u00ea Kurd [&hellip;]\" \/>\n<meta property=\"og:url\" content=\"https:\/\/darkamazi.info\/archives\/1051474\" \/>\n<meta property=\"og:site_name\" content=\"Darka Maz\u00ee\" \/>\n<meta property=\"article:publisher\" content=\"https:\/\/www.facebook.com\/DarMaziKurmanci\" \/>\n<meta property=\"article:published_time\" content=\"2026-01-20T16:18:04+00:00\" \/>\n<meta property=\"og:image\" content=\"https:\/\/darkamazi.info\/file\/2026\/01\/Wezareta-Berevaniye-ya-Suriye.jpg\" \/>\n\t<meta property=\"og:image:width\" content=\"900\" \/>\n\t<meta property=\"og:image:height\" content=\"497\" \/>\n\t<meta property=\"og:image:type\" content=\"image\/jpeg\" \/>\n<meta name=\"author\" content=\"darka mazi\" \/>\n<meta name=\"twitter:card\" content=\"summary_large_image\" \/>\n<meta name=\"twitter:creator\" content=\"@DarkaMaziLatini\" \/>\n<meta name=\"twitter:site\" content=\"@DarkaMaziLatini\" \/>\n<meta name=\"twitter:label1\" content=\"Written by\" \/>\n\t<meta name=\"twitter:data1\" content=\"darka mazi\" \/>\n\t<meta name=\"twitter:label2\" content=\"Est. reading time\" \/>\n\t<meta name=\"twitter:data2\" content=\"2 minutes\" \/>\n<script type=\"application\/ld+json\" class=\"seo-schema-graph\">{\"@context\":\"https:\\\/\\\/schema.org\",\"@graph\":[{\"@type\":\"Article\",\"@id\":\"https:\\\/\\\/darkamazi.info\\\/archives\\\/1051474#article\",\"isPartOf\":{\"@id\":\"https:\\\/\\\/darkamazi.info\\\/archives\\\/1051474\"},\"author\":{\"name\":\"darka mazi\",\"@id\":\"https:\\\/\\\/darkamazi.info\\\/#\\\/schema\\\/person\\\/5ad3e24553a0567993fa8ed4bd0a776c\"},\"headline\":\"Wezareta Berevaniy\u00ea ya S\u00fbriyey\u00ea: H\u00eaz\u00ean me \u00ean le\u015fker\u00ee bi tu rengan na\u00e7in nav dever\u00ean xwecihb\u00fbn\u00ea y\u00ea Kurd\u00ee\",\"datePublished\":\"2026-01-20T16:18:04+00:00\",\"mainEntityOfPage\":{\"@id\":\"https:\\\/\\\/darkamazi.info\\\/archives\\\/1051474\"},\"wordCount\":310,\"publisher\":{\"@id\":\"https:\\\/\\\/darkamazi.info\\\/#organization\"},\"image\":{\"@id\":\"https:\\\/\\\/darkamazi.info\\\/archives\\\/1051474#primaryimage\"},\"thumbnailUrl\":\"https:\\\/\\\/darkamazi.info\\\/darka-content\\\/uploads\\\/2026\\\/01\\\/Wezareta-Berevaniye-ya-Suriye.jpg\",\"keywords\":[\"sereke\"],\"articleSection\":[\"Kurdistan\"],\"inLanguage\":\"en-US\"},{\"@type\":\"WebPage\",\"@id\":\"https:\\\/\\\/darkamazi.info\\\/archives\\\/1051474\",\"url\":\"https:\\\/\\\/darkamazi.info\\\/archives\\\/1051474\",\"name\":\"Wezareta Berevaniy\u00ea ya S\u00fbriyey\u00ea: H\u00eaz\u00ean me \u00ean le\u015fker\u00ee bi tu rengan na\u00e7in nav dever\u00ean xwecihb\u00fbn\u00ea y\u00ea Kurd\u00ee - Darka Maz\u00ee\",\"isPartOf\":{\"@id\":\"https:\\\/\\\/darkamazi.info\\\/#website\"},\"primaryImageOfPage\":{\"@id\":\"https:\\\/\\\/darkamazi.info\\\/archives\\\/1051474#primaryimage\"},\"image\":{\"@id\":\"https:\\\/\\\/darkamazi.info\\\/archives\\\/1051474#primaryimage\"},\"thumbnailUrl\":\"https:\\\/\\\/darkamazi.info\\\/darka-content\\\/uploads\\\/2026\\\/01\\\/Wezareta-Berevaniye-ya-Suriye.jpg\",\"datePublished\":\"2026-01-20T16:18:04+00:00\",\"breadcrumb\":{\"@id\":\"https:\\\/\\\/darkamazi.info\\\/archives\\\/1051474#breadcrumb\"},\"inLanguage\":\"en-US\",\"potentialAction\":[{\"@type\":\"ReadAction\",\"target\":[\"https:\\\/\\\/darkamazi.info\\\/archives\\\/1051474\"]}]},{\"@type\":\"ImageObject\",\"inLanguage\":\"en-US\",\"@id\":\"https:\\\/\\\/darkamazi.info\\\/archives\\\/1051474#primaryimage\",\"url\":\"https:\\\/\\\/darkamazi.info\\\/darka-content\\\/uploads\\\/2026\\\/01\\\/Wezareta-Berevaniye-ya-Suriye.jpg\",\"contentUrl\":\"https:\\\/\\\/darkamazi.info\\\/darka-content\\\/uploads\\\/2026\\\/01\\\/Wezareta-Berevaniye-ya-Suriye.jpg\",\"width\":900,\"height\":497,\"caption\":\"Wezareta Berevaniy\u00ea ya S\u00fbriyey\u00ea: H\u00eaz\u00ean me \u00ean le\u015fker\u00ee bi tu rengan na\u00e7in nav dever\u00ean xwecihb\u00fbn\u00ea y\u00ea Kurd\u00ee\"},{\"@type\":\"BreadcrumbList\",\"@id\":\"https:\\\/\\\/darkamazi.info\\\/archives\\\/1051474#breadcrumb\",\"itemListElement\":[{\"@type\":\"ListItem\",\"position\":1,\"name\":\"Home\",\"item\":\"https:\\\/\\\/darkamazi.info\\\/\"},{\"@type\":\"ListItem\",\"position\":2,\"name\":\"Wezareta Berevaniy\u00ea ya S\u00fbriyey\u00ea: H\u00eaz\u00ean me \u00ean le\u015fker\u00ee bi tu rengan na\u00e7in nav dever\u00ean xwecihb\u00fbn\u00ea y\u00ea Kurd\u00ee\"}]},{\"@type\":\"WebSite\",\"@id\":\"https:\\\/\\\/darkamazi.info\\\/#website\",\"url\":\"https:\\\/\\\/darkamazi.info\\\/\",\"name\":\"Darka Maz\u00ee\",\"description\":\"P\u00eageha Zanyariy\u00ean Nebih\u00eest\u00ee\",\"publisher\":{\"@id\":\"https:\\\/\\\/darkamazi.info\\\/#organization\"},\"potentialAction\":[{\"@type\":\"SearchAction\",\"target\":{\"@type\":\"EntryPoint\",\"urlTemplate\":\"https:\\\/\\\/darkamazi.info\\\/?s={search_term_string}\"},\"query-input\":{\"@type\":\"PropertyValueSpecification\",\"valueRequired\":true,\"valueName\":\"search_term_string\"}}],\"inLanguage\":\"en-US\"},{\"@type\":\"Organization\",\"@id\":\"https:\\\/\\\/darkamazi.info\\\/#organization\",\"name\":\"Darka Maz\u00ee\",\"url\":\"https:\\\/\\\/darkamazi.info\\\/\",\"logo\":{\"@type\":\"ImageObject\",\"inLanguage\":\"en-US\",\"@id\":\"https:\\\/\\\/darkamazi.info\\\/#\\\/schema\\\/logo\\\/image\\\/\",\"url\":\"https:\\\/\\\/darkamazi.info\\\/darka-content\\\/uploads\\\/2017\\\/12\\\/darka-mazi-logo.png\",\"contentUrl\":\"https:\\\/\\\/darkamazi.info\\\/darka-content\\\/uploads\\\/2017\\\/12\\\/darka-mazi-logo.png\",\"width\":151,\"height\":75,\"caption\":\"Darka Maz\u00ee\"},\"image\":{\"@id\":\"https:\\\/\\\/darkamazi.info\\\/#\\\/schema\\\/logo\\\/image\\\/\"},\"sameAs\":[\"https:\\\/\\\/www.facebook.com\\\/DarMaziKurmanci\",\"https:\\\/\\\/x.com\\\/DarkaMaziLatini\",\"https:\\\/\\\/www.instagram.com\\\/darkamazi.kurmanci\\\/\",\"https:\\\/\\\/www.youtube.com\\\/channel\\\/UCa5HkTdmI8U1qCUFuTw8B2g\"]},{\"@type\":\"Person\",\"@id\":\"https:\\\/\\\/darkamazi.info\\\/#\\\/schema\\\/person\\\/5ad3e24553a0567993fa8ed4bd0a776c\",\"name\":\"darka mazi\",\"sameAs\":[\"https:\\\/\\\/darkamazi.info\\\/\"],\"url\":\"https:\\\/\\\/darkamazi.info\\\/archives\\\/author\\\/kurdi\"}]}<\/script>\n<!-- \/ Yoast SEO plugin. -->","seo_head_json":{"title":"Wezareta Berevaniy\u00ea ya S\u00fbriyey\u00ea: H\u00eaz\u00ean me \u00ean le\u015fker\u00ee bi tu rengan na\u00e7in nav dever\u00ean xwecihb\u00fbn\u00ea y\u00ea Kurd\u00ee - Darka Maz\u00ee","robots":{"index":"index","follow":"follow","max-snippet":"max-snippet:-1","max-image-preview":"max-image-preview:large","max-video-preview":"max-video-preview:-1"},"canonical":"https:\/\/darkamazi.info\/archives\/1051474","og_locale":"en_US","og_type":"article","og_title":"Wezareta Berevaniy\u00ea ya S\u00fbriyey\u00ea: H\u00eaz\u00ean me \u00ean le\u015fker\u00ee bi tu rengan na\u00e7in nav dever\u00ean xwecihb\u00fbn\u00ea y\u00ea Kurd\u00ee - Darka Maz\u00ee","og_description":"Wezareta Berevaniy\u00ea ya Hik\u00fbmeta S\u00fbriyey\u00ea di ragihandina xwe ya her\u00ee n\u00fb de peyamek arastey\u00ee Kurd\u00ean bakur-rojhilat\u00ea S\u00fbriyey\u00ea kiriye \u00fb bi rengek\u00ea ferm\u00ee ragihandiye ku, h\u00eaz\u00ean wan \u00ean le\u015fker\u00ee bi tu rengan na\u00e7in nav dever\u00ean xwecihb\u00fbn\u00ea y\u00ea Kurd\u00ee. Wezareta navbir\u00ee di w\u00ea ragihandin\u00ea de tekez j\u00ee kir: Em pabendb\u00fbna xwe ya temam bi parastina gel\u00ea Kurd [&hellip;]","og_url":"https:\/\/darkamazi.info\/archives\/1051474","og_site_name":"Darka Maz\u00ee","article_publisher":"https:\/\/www.facebook.com\/DarMaziKurmanci","article_published_time":"2026-01-20T16:18:04+00:00","og_image":[{"width":900,"height":497,"url":"https:\/\/darkamazi.info\/file\/2026\/01\/Wezareta-Berevaniye-ya-Suriye.jpg","type":"image\/jpeg"}],"author":"darka mazi","twitter_card":"summary_large_image","twitter_creator":"@DarkaMaziLatini","twitter_site":"@DarkaMaziLatini","twitter_misc":{"Written by":"darka mazi","Est. reading time":"2 minutes"},"schema":{"@context":"https:\/\/schema.org","@graph":[{"@type":"Article","@id":"https:\/\/darkamazi.info\/archives\/1051474#article","isPartOf":{"@id":"https:\/\/darkamazi.info\/archives\/1051474"},"author":{"name":"darka mazi","@id":"https:\/\/darkamazi.info\/#\/schema\/person\/5ad3e24553a0567993fa8ed4bd0a776c"},"headline":"Wezareta Berevaniy\u00ea ya S\u00fbriyey\u00ea: H\u00eaz\u00ean me \u00ean le\u015fker\u00ee bi tu rengan na\u00e7in nav dever\u00ean xwecihb\u00fbn\u00ea y\u00ea Kurd\u00ee","datePublished":"2026-01-20T16:18:04+00:00","mainEntityOfPage":{"@id":"https:\/\/darkamazi.info\/archives\/1051474"},"wordCount":310,"publisher":{"@id":"https:\/\/darkamazi.info\/#organization"},"image":{"@id":"https:\/\/darkamazi.info\/archives\/1051474#primaryimage"},"thumbnailUrl":"https:\/\/darkamazi.info\/file\/2026\/01\/Wezareta-Berevaniye-ya-Suriye.jpg","keywords":["sereke"],"articleSection":["Kurdistan"],"inLanguage":"en-US"},{"@type":"WebPage","@id":"https:\/\/darkamazi.info\/archives\/1051474","url":"https:\/\/darkamazi.info\/archives\/1051474","name":"Wezareta Berevaniy\u00ea ya S\u00fbriyey\u00ea: H\u00eaz\u00ean me \u00ean le\u015fker\u00ee bi tu rengan na\u00e7in nav dever\u00ean xwecihb\u00fbn\u00ea y\u00ea Kurd\u00ee - Darka Maz\u00ee","isPartOf":{"@id":"https:\/\/darkamazi.info\/#website"},"primaryImageOfPage":{"@id":"https:\/\/darkamazi.info\/archives\/1051474#primaryimage"},"image":{"@id":"https:\/\/darkamazi.info\/archives\/1051474#primaryimage"},"thumbnailUrl":"https:\/\/darkamazi.info\/file\/2026\/01\/Wezareta-Berevaniye-ya-Suriye.jpg","datePublished":"2026-01-20T16:18:04+00:00","breadcrumb":{"@id":"https:\/\/darkamazi.info\/archives\/1051474#breadcrumb"},"inLanguage":"en-US","potentialAction":[{"@type":"ReadAction","target":["https:\/\/darkamazi.info\/archives\/1051474"]}]},{"@type":"ImageObject","inLanguage":"en-US","@id":"https:\/\/darkamazi.info\/archives\/1051474#primaryimage","url":"https:\/\/darkamazi.info\/file\/2026\/01\/Wezareta-Berevaniye-ya-Suriye.jpg","contentUrl":"https:\/\/darkamazi.info\/file\/2026\/01\/Wezareta-Berevaniye-ya-Suriye.jpg","width":900,"height":497,"caption":"Wezareta Berevaniy\u00ea ya S\u00fbriyey\u00ea: H\u00eaz\u00ean me \u00ean le\u015fker\u00ee bi tu rengan na\u00e7in nav dever\u00ean xwecihb\u00fbn\u00ea y\u00ea Kurd\u00ee"},{"@type":"BreadcrumbList","@id":"https:\/\/darkamazi.info\/archives\/1051474#breadcrumb","itemListElement":[{"@type":"ListItem","position":1,"name":"Home","item":"https:\/\/darkamazi.info\/"},{"@type":"ListItem","position":2,"name":"Wezareta Berevaniy\u00ea ya S\u00fbriyey\u00ea: H\u00eaz\u00ean me \u00ean le\u015fker\u00ee bi tu rengan na\u00e7in nav dever\u00ean xwecihb\u00fbn\u00ea y\u00ea Kurd\u00ee"}]},{"@type":"WebSite","@id":"https:\/\/darkamazi.info\/#website","url":"https:\/\/darkamazi.info\/","name":"Darka Maz\u00ee","description":"P\u00eageha Zanyariy\u00ean Nebih\u00eest\u00ee","publisher":{"@id":"https:\/\/darkamazi.info\/#organization"},"potentialAction":[{"@type":"SearchAction","target":{"@type":"EntryPoint","urlTemplate":"https:\/\/darkamazi.info\/?s={search_term_string}"},"query-input":{"@type":"PropertyValueSpecification","valueRequired":true,"valueName":"search_term_string"}}],"inLanguage":"en-US"},{"@type":"Organization","@id":"https:\/\/darkamazi.info\/#organization","name":"Darka Maz\u00ee","url":"https:\/\/darkamazi.info\/","logo":{"@type":"ImageObject","inLanguage":"en-US","@id":"https:\/\/darkamazi.info\/#\/schema\/logo\/image\/","url":"https:\/\/darkamazi.info\/file\/2017\/12\/darka-mazi-logo.png","contentUrl":"https:\/\/darkamazi.info\/file\/2017\/12\/darka-mazi-logo.png","width":151,"height":75,"caption":"Darka Maz\u00ee"},"image":{"@id":"https:\/\/darkamazi.info\/#\/schema\/logo\/image\/"},"sameAs":["https:\/\/www.facebook.com\/DarMaziKurmanci","https:\/\/x.com\/DarkaMaziLatini","https:\/\/www.instagram.com\/darkamazi.kurmanci\/","https:\/\/www.youtube.com\/channel\/UCa5HkTdmI8U1qCUFuTw8B2g"]},{"@type":"Person","@id":"https:\/\/darkamazi.info\/#\/schema\/person\/5ad3e24553a0567993fa8ed4bd0a776c","name":"darka mazi","sameAs":["https:\/\/darkamazi.info\/"],"url":"https:\/\/darkamazi.info\/archives\/author\/kurdi"}]}},"_links":{"self":[{"href":"https:\/\/darkamazi.info\/funavuv\/wp\/v2\/posts\/1051474","targetHints":{"allow":["GET"]}}],"collection":[{"href":"https:\/\/darkamazi.info\/funavuv\/wp\/v2\/posts"}],"about":[{"href":"https:\/\/darkamazi.info\/funavuv\/wp\/v2\/types\/post"}],"author":[{"embeddable":true,"href":"https:\/\/darkamazi.info\/funavuv\/wp\/v2\/users\/2"}],"replies":[{"embeddable":true,"href":"https:\/\/darkamazi.info\/funavuv\/wp\/v2\/comments?post=1051474"}],"version-history":[{"count":0,"href":"https:\/\/darkamazi.info\/funavuv\/wp\/v2\/posts\/1051474\/revisions"}],"wp:featuredmedia":[{"embeddable":true,"href":"https:\/\/darkamazi.info\/funavuv\/wp\/v2\/media\/1051475"}],"wp:attachment":[{"href":"https:\/\/darkamazi.info\/funavuv\/wp\/v2\/media?parent=1051474"}],"wp:term":[{"taxonomy":"category","embeddable":true,"href":"https:\/\/darkamazi.info\/funavuv\/wp\/v2\/categories?post=1051474"},{"taxonomy":"post_tag","embeddable":true,"href":"https:\/\/darkamazi.info\/funavuv\/wp\/v2\/tags?post=1051474"}],"curies":[{"name":"wp","href":"https:\/\/api.w.org\/{rel}","templated":true}]}}