{"id":1051477,"date":"2026-01-20T19:38:14","date_gmt":"2026-01-20T16:38:14","guid":{"rendered":"https:\/\/darkamazi.info\/?p=1051477"},"modified":"2026-01-20T19:38:29","modified_gmt":"2026-01-20T16:38:29","slug":"1051477","status":"publish","type":"post","link":"https:\/\/darkamazi.info\/archives\/1051477","title":{"rendered":"Serok Barzan\u00ee: Em qeb\u00fbl nakin zirar bigih\u00eeje x\u00fb\u015fk \u00fb biray\u00ean me li Rojava"},"content":{"rendered":"<h3 style=\"text-align: justify\"><span style=\"font-family: 'arial black', sans-serif\">Serok Barzan\u00ee peyamek ji raya gi\u015ft\u00ee re we\u015fand ku t\u00ea de dib\u00eaje: Me hem\u00ee bizav\u00ean xwe xistine kar \u00fb em berdewam in ku x\u00fb\u015fk \u00fb biray\u00ean me li Rojava t\u00fb\u015f\u00ee karesat \u00fb nexwe\u015fiyan nebin.<\/span><\/h3>\n<h3 style=\"text-align: justify\">Serok Barzan\u00ee di peyama xwe de dib\u00eaje: Div\u00ea hem\u00ee al\u00ee bi berpirsiyar\u00ee \u00fb d\u00fbr\u00ee hestan tevbigerin \u00fb wesa \u00e7\u00ea nebe ku zirar bigih\u00eeje x\u00fb\u015fk \u00fb biray\u00ean me li Rojava, ku bi tu rengan nay\u00ea qeb\u00fblkirin.<\/h3>\n<h3 style=\"text-align: justify\"><span style=\"font-family: 'arial black', sans-serif\">Peyama Serok Barzan\u00ee:<\/span><\/h3>\n<h3 style=\"text-align: justify\">Bi nav\u00ea Xuday\u00ea Mezin \u00fb Dilovan<\/h3>\n<h3 style=\"text-align: justify\">Em bi n\u00eegeraniyeka mezin \u00fb bi h\u00fbr\u00ee p\u00ea\u015fketin \u00fb r\u00fbdan\u00ean dawiy\u00ea y\u00ean S\u00fbriye \u00fb Rojava di\u015fop\u00eenin. Di v\u00ea rew\u015fa hesas de, div\u00ea hem\u00ee al\u00ee bi berpirsiyar\u00ee \u00fb d\u00fbr\u00ee hestan tevbigerin \u00fb wesa \u00e7\u00ea nebe ku zirar bigih\u00eeje x\u00fb\u015fk \u00fb biray\u00ean me li Rojava, ku ev bi tu rengan nay\u00ea qeb\u00fblkirin.<\/h3>\n<h3 style=\"text-align: justify\">Me hem\u00ee bizav\u00ean xwe xistine kar \u00fb em berdewam in ku x\u00fb\u015fk \u00fb biray\u00ean me li Rojava t\u00fb\u015f\u00ee karesat \u00fb nexwe\u015fiyan nebin.<\/h3>\n<h3 style=\"text-align: justify\">Ji aliyek\u00ee din ve di w\u00ea rew\u015fa aloz a ku \u00e7\u00ea b\u00fbye de, metirsiya serhildana DAI\u015e\u00ea \u00fb teror\u00ea j\u00ee heye ku ew bi xwe li ser tenah\u00ee \u00fb ewlehiya dever\u00ea gefekeka pir cid\u00ee ye. Em li v\u00ea der\u00ea bang li civaka navnetewey\u00ee \u00fb hevpeymanan dikin ku bi berpirsiyariya xwe rabin \u00fb tavil\u00ea aloz\u00ee \u00fb \u015fer \u00fb pev\u00e7\u00fbnan rawest\u00eenin, agirbesteka seranser\u00ee ragih\u00eenin \u00fb pirsgir\u00eak bi awayek\u00ea a\u015ftiyane \u00fb bi r\u00eaya diyalog\u00ea b\u00ean \u00e7areserkirin.<\/h3>\n<h3 style=\"text-align: justify\"><span style=\"font-family: 'arial black', sans-serif\">Mes\u00fbd Barzan\u00ee<\/span><\/h3>\n<h3 style=\"text-align: justify\"><span style=\"font-family: 'arial black', sans-serif\">20\u00ea \u00c7ileya 2026\u00ea<\/span><\/h3>\n","protected":false},"excerpt":{"rendered":"<p>Serok Barzan\u00ee peyamek ji raya gi\u015ft\u00ee re we\u015fand ku t\u00ea de dib\u00eaje: Me hem\u00ee bizav\u00ean xwe xistine kar \u00fb em berdewam in ku x\u00fb\u015fk \u00fb biray\u00ean me li Rojava t\u00fb\u015f\u00ee karesat \u00fb nexwe\u015fiyan nebin. Serok Barzan\u00ee di peyama xwe de dib\u00eaje: Div\u00ea hem\u00ee al\u00ee bi berpirsiyar\u00ee \u00fb d\u00fbr\u00ee hestan tevbigerin \u00fb wesa \u00e7\u00ea nebe ku [&hellip;]<\/p>\n","protected":false},"author":2,"featured_media":1051478,"comment_status":"closed","ping_status":"closed","sticky":false,"template":"","format":"standard","meta":{"footnotes":""},"categories":[29],"tags":[37],"class_list":["post-1051477","post","type-post","status-publish","format-standard","has-post-thumbnail","hentry","category-kurdistan","tag-sereke"],"blocksy_meta":[],"seo_head":"<!-- This site is optimized with the Yoast SEO plugin v27.5 - https:\/\/yoast.com\/product\/yoast-seo-wordpress\/ -->\n<title>Serok Barzan\u00ee: Em qeb\u00fbl nakin zirar bigih\u00eeje x\u00fb\u015fk \u00fb biray\u00ean me li Rojava - Darka Maz\u00ee<\/title>\n<meta name=\"robots\" content=\"index, follow, max-snippet:-1, max-image-preview:large, max-video-preview:-1\" \/>\n<link rel=\"canonical\" href=\"https:\/\/darkamazi.info\/archives\/1051477\" \/>\n<meta property=\"og:locale\" content=\"en_US\" \/>\n<meta property=\"og:type\" content=\"article\" \/>\n<meta property=\"og:title\" content=\"Serok Barzan\u00ee: Em qeb\u00fbl nakin zirar bigih\u00eeje x\u00fb\u015fk \u00fb biray\u00ean me li Rojava - Darka Maz\u00ee\" \/>\n<meta property=\"og:description\" content=\"Serok Barzan\u00ee peyamek ji raya gi\u015ft\u00ee re we\u015fand ku t\u00ea de dib\u00eaje: Me hem\u00ee bizav\u00ean xwe xistine kar \u00fb em berdewam in ku x\u00fb\u015fk \u00fb biray\u00ean me li Rojava t\u00fb\u015f\u00ee karesat \u00fb nexwe\u015fiyan nebin. Serok Barzan\u00ee di peyama xwe de dib\u00eaje: Div\u00ea hem\u00ee al\u00ee bi berpirsiyar\u00ee \u00fb d\u00fbr\u00ee hestan tevbigerin \u00fb wesa \u00e7\u00ea nebe ku [&hellip;]\" \/>\n<meta property=\"og:url\" content=\"https:\/\/darkamazi.info\/archives\/1051477\" \/>\n<meta property=\"og:site_name\" content=\"Darka Maz\u00ee\" \/>\n<meta property=\"article:publisher\" content=\"https:\/\/www.facebook.com\/DarMaziKurmanci\" \/>\n<meta property=\"article:published_time\" content=\"2026-01-20T16:38:14+00:00\" \/>\n<meta property=\"article:modified_time\" content=\"2026-01-20T16:38:29+00:00\" \/>\n<meta property=\"og:image\" content=\"https:\/\/darkamazi.info\/file\/2026\/01\/serok-barzani.jpg\" \/>\n\t<meta property=\"og:image:width\" content=\"900\" \/>\n\t<meta property=\"og:image:height\" content=\"497\" \/>\n\t<meta property=\"og:image:type\" content=\"image\/jpeg\" \/>\n<meta name=\"author\" content=\"darka mazi\" \/>\n<meta name=\"twitter:card\" content=\"summary_large_image\" \/>\n<meta name=\"twitter:creator\" content=\"@DarkaMaziLatini\" \/>\n<meta name=\"twitter:site\" content=\"@DarkaMaziLatini\" \/>\n<meta name=\"twitter:label1\" content=\"Written by\" \/>\n\t<meta name=\"twitter:data1\" content=\"darka mazi\" \/>\n\t<meta name=\"twitter:label2\" content=\"Est. reading time\" \/>\n\t<meta name=\"twitter:data2\" content=\"2 minutes\" \/>\n<script type=\"application\/ld+json\" class=\"seo-schema-graph\">{\"@context\":\"https:\\\/\\\/schema.org\",\"@graph\":[{\"@type\":\"Article\",\"@id\":\"https:\\\/\\\/darkamazi.info\\\/archives\\\/1051477#article\",\"isPartOf\":{\"@id\":\"https:\\\/\\\/darkamazi.info\\\/archives\\\/1051477\"},\"author\":{\"name\":\"darka mazi\",\"@id\":\"https:\\\/\\\/darkamazi.info\\\/#\\\/schema\\\/person\\\/5ad3e24553a0567993fa8ed4bd0a776c\"},\"headline\":\"Serok Barzan\u00ee: Em qeb\u00fbl nakin zirar bigih\u00eeje x\u00fb\u015fk \u00fb biray\u00ean me li Rojava\",\"datePublished\":\"2026-01-20T16:38:14+00:00\",\"dateModified\":\"2026-01-20T16:38:29+00:00\",\"mainEntityOfPage\":{\"@id\":\"https:\\\/\\\/darkamazi.info\\\/archives\\\/1051477\"},\"wordCount\":256,\"publisher\":{\"@id\":\"https:\\\/\\\/darkamazi.info\\\/#organization\"},\"image\":{\"@id\":\"https:\\\/\\\/darkamazi.info\\\/archives\\\/1051477#primaryimage\"},\"thumbnailUrl\":\"https:\\\/\\\/darkamazi.info\\\/darka-content\\\/uploads\\\/2026\\\/01\\\/serok-barzani.jpg\",\"keywords\":[\"sereke\"],\"articleSection\":[\"Kurdistan\"],\"inLanguage\":\"en-US\"},{\"@type\":\"WebPage\",\"@id\":\"https:\\\/\\\/darkamazi.info\\\/archives\\\/1051477\",\"url\":\"https:\\\/\\\/darkamazi.info\\\/archives\\\/1051477\",\"name\":\"Serok Barzan\u00ee: Em qeb\u00fbl nakin zirar bigih\u00eeje x\u00fb\u015fk \u00fb biray\u00ean me li Rojava - Darka Maz\u00ee\",\"isPartOf\":{\"@id\":\"https:\\\/\\\/darkamazi.info\\\/#website\"},\"primaryImageOfPage\":{\"@id\":\"https:\\\/\\\/darkamazi.info\\\/archives\\\/1051477#primaryimage\"},\"image\":{\"@id\":\"https:\\\/\\\/darkamazi.info\\\/archives\\\/1051477#primaryimage\"},\"thumbnailUrl\":\"https:\\\/\\\/darkamazi.info\\\/darka-content\\\/uploads\\\/2026\\\/01\\\/serok-barzani.jpg\",\"datePublished\":\"2026-01-20T16:38:14+00:00\",\"dateModified\":\"2026-01-20T16:38:29+00:00\",\"breadcrumb\":{\"@id\":\"https:\\\/\\\/darkamazi.info\\\/archives\\\/1051477#breadcrumb\"},\"inLanguage\":\"en-US\",\"potentialAction\":[{\"@type\":\"ReadAction\",\"target\":[\"https:\\\/\\\/darkamazi.info\\\/archives\\\/1051477\"]}]},{\"@type\":\"ImageObject\",\"inLanguage\":\"en-US\",\"@id\":\"https:\\\/\\\/darkamazi.info\\\/archives\\\/1051477#primaryimage\",\"url\":\"https:\\\/\\\/darkamazi.info\\\/darka-content\\\/uploads\\\/2026\\\/01\\\/serok-barzani.jpg\",\"contentUrl\":\"https:\\\/\\\/darkamazi.info\\\/darka-content\\\/uploads\\\/2026\\\/01\\\/serok-barzani.jpg\",\"width\":900,\"height\":497,\"caption\":\"Serok Barzan\u00ee: Em qeb\u00fbl nakin zirar bigih\u00eeje x\u00fb\u015fk \u00fb biray\u00ean me li Rojava\"},{\"@type\":\"BreadcrumbList\",\"@id\":\"https:\\\/\\\/darkamazi.info\\\/archives\\\/1051477#breadcrumb\",\"itemListElement\":[{\"@type\":\"ListItem\",\"position\":1,\"name\":\"Home\",\"item\":\"https:\\\/\\\/darkamazi.info\\\/\"},{\"@type\":\"ListItem\",\"position\":2,\"name\":\"Serok Barzan\u00ee: Em qeb\u00fbl nakin zirar bigih\u00eeje x\u00fb\u015fk \u00fb biray\u00ean me li Rojava\"}]},{\"@type\":\"WebSite\",\"@id\":\"https:\\\/\\\/darkamazi.info\\\/#website\",\"url\":\"https:\\\/\\\/darkamazi.info\\\/\",\"name\":\"Darka Maz\u00ee\",\"description\":\"P\u00eageha Zanyariy\u00ean Nebih\u00eest\u00ee\",\"publisher\":{\"@id\":\"https:\\\/\\\/darkamazi.info\\\/#organization\"},\"potentialAction\":[{\"@type\":\"SearchAction\",\"target\":{\"@type\":\"EntryPoint\",\"urlTemplate\":\"https:\\\/\\\/darkamazi.info\\\/?s={search_term_string}\"},\"query-input\":{\"@type\":\"PropertyValueSpecification\",\"valueRequired\":true,\"valueName\":\"search_term_string\"}}],\"inLanguage\":\"en-US\"},{\"@type\":\"Organization\",\"@id\":\"https:\\\/\\\/darkamazi.info\\\/#organization\",\"name\":\"Darka Maz\u00ee\",\"url\":\"https:\\\/\\\/darkamazi.info\\\/\",\"logo\":{\"@type\":\"ImageObject\",\"inLanguage\":\"en-US\",\"@id\":\"https:\\\/\\\/darkamazi.info\\\/#\\\/schema\\\/logo\\\/image\\\/\",\"url\":\"https:\\\/\\\/darkamazi.info\\\/darka-content\\\/uploads\\\/2017\\\/12\\\/darka-mazi-logo.png\",\"contentUrl\":\"https:\\\/\\\/darkamazi.info\\\/darka-content\\\/uploads\\\/2017\\\/12\\\/darka-mazi-logo.png\",\"width\":151,\"height\":75,\"caption\":\"Darka Maz\u00ee\"},\"image\":{\"@id\":\"https:\\\/\\\/darkamazi.info\\\/#\\\/schema\\\/logo\\\/image\\\/\"},\"sameAs\":[\"https:\\\/\\\/www.facebook.com\\\/DarMaziKurmanci\",\"https:\\\/\\\/x.com\\\/DarkaMaziLatini\",\"https:\\\/\\\/www.instagram.com\\\/darkamazi.kurmanci\\\/\",\"https:\\\/\\\/www.youtube.com\\\/channel\\\/UCa5HkTdmI8U1qCUFuTw8B2g\"]},{\"@type\":\"Person\",\"@id\":\"https:\\\/\\\/darkamazi.info\\\/#\\\/schema\\\/person\\\/5ad3e24553a0567993fa8ed4bd0a776c\",\"name\":\"darka mazi\",\"sameAs\":[\"https:\\\/\\\/darkamazi.info\\\/\"],\"url\":\"https:\\\/\\\/darkamazi.info\\\/archives\\\/author\\\/kurdi\"}]}<\/script>\n<!-- \/ Yoast SEO plugin. -->","seo_head_json":{"title":"Serok Barzan\u00ee: Em qeb\u00fbl nakin zirar bigih\u00eeje x\u00fb\u015fk \u00fb biray\u00ean me li Rojava - Darka Maz\u00ee","robots":{"index":"index","follow":"follow","max-snippet":"max-snippet:-1","max-image-preview":"max-image-preview:large","max-video-preview":"max-video-preview:-1"},"canonical":"https:\/\/darkamazi.info\/archives\/1051477","og_locale":"en_US","og_type":"article","og_title":"Serok Barzan\u00ee: Em qeb\u00fbl nakin zirar bigih\u00eeje x\u00fb\u015fk \u00fb biray\u00ean me li Rojava - Darka Maz\u00ee","og_description":"Serok Barzan\u00ee peyamek ji raya gi\u015ft\u00ee re we\u015fand ku t\u00ea de dib\u00eaje: Me hem\u00ee bizav\u00ean xwe xistine kar \u00fb em berdewam in ku x\u00fb\u015fk \u00fb biray\u00ean me li Rojava t\u00fb\u015f\u00ee karesat \u00fb nexwe\u015fiyan nebin. Serok Barzan\u00ee di peyama xwe de dib\u00eaje: Div\u00ea hem\u00ee al\u00ee bi berpirsiyar\u00ee \u00fb d\u00fbr\u00ee hestan tevbigerin \u00fb wesa \u00e7\u00ea nebe ku [&hellip;]","og_url":"https:\/\/darkamazi.info\/archives\/1051477","og_site_name":"Darka Maz\u00ee","article_publisher":"https:\/\/www.facebook.com\/DarMaziKurmanci","article_published_time":"2026-01-20T16:38:14+00:00","article_modified_time":"2026-01-20T16:38:29+00:00","og_image":[{"width":900,"height":497,"url":"https:\/\/darkamazi.info\/file\/2026\/01\/serok-barzani.jpg","type":"image\/jpeg"}],"author":"darka mazi","twitter_card":"summary_large_image","twitter_creator":"@DarkaMaziLatini","twitter_site":"@DarkaMaziLatini","twitter_misc":{"Written by":"darka mazi","Est. reading time":"2 minutes"},"schema":{"@context":"https:\/\/schema.org","@graph":[{"@type":"Article","@id":"https:\/\/darkamazi.info\/archives\/1051477#article","isPartOf":{"@id":"https:\/\/darkamazi.info\/archives\/1051477"},"author":{"name":"darka mazi","@id":"https:\/\/darkamazi.info\/#\/schema\/person\/5ad3e24553a0567993fa8ed4bd0a776c"},"headline":"Serok Barzan\u00ee: Em qeb\u00fbl nakin zirar bigih\u00eeje x\u00fb\u015fk \u00fb biray\u00ean me li Rojava","datePublished":"2026-01-20T16:38:14+00:00","dateModified":"2026-01-20T16:38:29+00:00","mainEntityOfPage":{"@id":"https:\/\/darkamazi.info\/archives\/1051477"},"wordCount":256,"publisher":{"@id":"https:\/\/darkamazi.info\/#organization"},"image":{"@id":"https:\/\/darkamazi.info\/archives\/1051477#primaryimage"},"thumbnailUrl":"https:\/\/darkamazi.info\/file\/2026\/01\/serok-barzani.jpg","keywords":["sereke"],"articleSection":["Kurdistan"],"inLanguage":"en-US"},{"@type":"WebPage","@id":"https:\/\/darkamazi.info\/archives\/1051477","url":"https:\/\/darkamazi.info\/archives\/1051477","name":"Serok Barzan\u00ee: Em qeb\u00fbl nakin zirar bigih\u00eeje x\u00fb\u015fk \u00fb biray\u00ean me li Rojava - Darka Maz\u00ee","isPartOf":{"@id":"https:\/\/darkamazi.info\/#website"},"primaryImageOfPage":{"@id":"https:\/\/darkamazi.info\/archives\/1051477#primaryimage"},"image":{"@id":"https:\/\/darkamazi.info\/archives\/1051477#primaryimage"},"thumbnailUrl":"https:\/\/darkamazi.info\/file\/2026\/01\/serok-barzani.jpg","datePublished":"2026-01-20T16:38:14+00:00","dateModified":"2026-01-20T16:38:29+00:00","breadcrumb":{"@id":"https:\/\/darkamazi.info\/archives\/1051477#breadcrumb"},"inLanguage":"en-US","potentialAction":[{"@type":"ReadAction","target":["https:\/\/darkamazi.info\/archives\/1051477"]}]},{"@type":"ImageObject","inLanguage":"en-US","@id":"https:\/\/darkamazi.info\/archives\/1051477#primaryimage","url":"https:\/\/darkamazi.info\/file\/2026\/01\/serok-barzani.jpg","contentUrl":"https:\/\/darkamazi.info\/file\/2026\/01\/serok-barzani.jpg","width":900,"height":497,"caption":"Serok Barzan\u00ee: Em qeb\u00fbl nakin zirar bigih\u00eeje x\u00fb\u015fk \u00fb biray\u00ean me li Rojava"},{"@type":"BreadcrumbList","@id":"https:\/\/darkamazi.info\/archives\/1051477#breadcrumb","itemListElement":[{"@type":"ListItem","position":1,"name":"Home","item":"https:\/\/darkamazi.info\/"},{"@type":"ListItem","position":2,"name":"Serok Barzan\u00ee: Em qeb\u00fbl nakin zirar bigih\u00eeje x\u00fb\u015fk \u00fb biray\u00ean me li Rojava"}]},{"@type":"WebSite","@id":"https:\/\/darkamazi.info\/#website","url":"https:\/\/darkamazi.info\/","name":"Darka Maz\u00ee","description":"P\u00eageha Zanyariy\u00ean Nebih\u00eest\u00ee","publisher":{"@id":"https:\/\/darkamazi.info\/#organization"},"potentialAction":[{"@type":"SearchAction","target":{"@type":"EntryPoint","urlTemplate":"https:\/\/darkamazi.info\/?s={search_term_string}"},"query-input":{"@type":"PropertyValueSpecification","valueRequired":true,"valueName":"search_term_string"}}],"inLanguage":"en-US"},{"@type":"Organization","@id":"https:\/\/darkamazi.info\/#organization","name":"Darka Maz\u00ee","url":"https:\/\/darkamazi.info\/","logo":{"@type":"ImageObject","inLanguage":"en-US","@id":"https:\/\/darkamazi.info\/#\/schema\/logo\/image\/","url":"https:\/\/darkamazi.info\/file\/2017\/12\/darka-mazi-logo.png","contentUrl":"https:\/\/darkamazi.info\/file\/2017\/12\/darka-mazi-logo.png","width":151,"height":75,"caption":"Darka Maz\u00ee"},"image":{"@id":"https:\/\/darkamazi.info\/#\/schema\/logo\/image\/"},"sameAs":["https:\/\/www.facebook.com\/DarMaziKurmanci","https:\/\/x.com\/DarkaMaziLatini","https:\/\/www.instagram.com\/darkamazi.kurmanci\/","https:\/\/www.youtube.com\/channel\/UCa5HkTdmI8U1qCUFuTw8B2g"]},{"@type":"Person","@id":"https:\/\/darkamazi.info\/#\/schema\/person\/5ad3e24553a0567993fa8ed4bd0a776c","name":"darka mazi","sameAs":["https:\/\/darkamazi.info\/"],"url":"https:\/\/darkamazi.info\/archives\/author\/kurdi"}]}},"_links":{"self":[{"href":"https:\/\/darkamazi.info\/funavuv\/wp\/v2\/posts\/1051477","targetHints":{"allow":["GET"]}}],"collection":[{"href":"https:\/\/darkamazi.info\/funavuv\/wp\/v2\/posts"}],"about":[{"href":"https:\/\/darkamazi.info\/funavuv\/wp\/v2\/types\/post"}],"author":[{"embeddable":true,"href":"https:\/\/darkamazi.info\/funavuv\/wp\/v2\/users\/2"}],"replies":[{"embeddable":true,"href":"https:\/\/darkamazi.info\/funavuv\/wp\/v2\/comments?post=1051477"}],"version-history":[{"count":0,"href":"https:\/\/darkamazi.info\/funavuv\/wp\/v2\/posts\/1051477\/revisions"}],"wp:featuredmedia":[{"embeddable":true,"href":"https:\/\/darkamazi.info\/funavuv\/wp\/v2\/media\/1051478"}],"wp:attachment":[{"href":"https:\/\/darkamazi.info\/funavuv\/wp\/v2\/media?parent=1051477"}],"wp:term":[{"taxonomy":"category","embeddable":true,"href":"https:\/\/darkamazi.info\/funavuv\/wp\/v2\/categories?post=1051477"},{"taxonomy":"post_tag","embeddable":true,"href":"https:\/\/darkamazi.info\/funavuv\/wp\/v2\/tags?post=1051477"}],"curies":[{"name":"wp","href":"https:\/\/api.w.org\/{rel}","templated":true}]}}