{"id":1051481,"date":"2026-01-20T20:26:26","date_gmt":"2026-01-20T17:26:26","guid":{"rendered":"https:\/\/darkamazi.info\/?p=1051481"},"modified":"2026-01-20T20:26:26","modified_gmt":"2026-01-20T17:26:26","slug":"hsde-pabendbuna-xwe-ya-temam-bi-agirbesta-bi-same-re-ragihand","status":"publish","type":"post","link":"https:\/\/darkamazi.info\/archives\/1051481","title":{"rendered":"HSD\u00ea pabendb\u00fbna xwe ya temam bi agirbesta bi \u015eam\u00ea re ragihand"},"content":{"rendered":"<h3 style=\"text-align: justify\"><span style=\"font-family: 'arial black', sans-serif\">Fermandariya Gi\u015ft\u00ee ya H\u00eaz\u00ean S\u00fbriyeya Demokrat\u00eek (HSD) di ragihandinek\u00ea de bi rengek\u00ea ferm\u00ee pabendb\u00fbna xwe ya temam bi w\u00ea agirbest\u00ea tekez kir, ya ku bi Hik\u00fbmeta \u015eam\u00ea re hevf\u00eamkirin li ser hatiye kirin. Herwesa ragihand ku, heta ku \u00ear\u00ee\u015f li ser wan ney\u00ea kirin, ew d\u00ea p\u00ea\u015fengiy\u00ea ji bo tu kiryareka le\u015fker\u00ee nekin \u00fb ji bo bicihan\u00eena peymana 18\u00ea v\u00ea meh\u00ea amade ne.<\/span><\/h3>\n<h3 style=\"text-align: justify\">Fermandariya Gi\u015ft\u00ee ya H\u00eaz\u00ean S\u00fbriyeya Demokrat\u00eek (HSD) \u00eero (S\u00ea\u015fem, 20.01.2026) ragihandinek li ser rew\u015fa meydan\u00ee \u00fb agirbesta 18\u00ea \u00c7iley\u00ea ya ku di navbera w\u00ea \u00fb Hik\u00fbmeta \u015eam\u00ea de hatiye \u00eemzekirin belav kir.<\/h3>\n<h3 style=\"text-align: justify\">Di w\u00ea ragihandin\u00ea de hatiye gotin: Em pabendb\u00fbna bi tevah\u00ee ya h\u00eaz\u00ean xwe bi w\u00ea agirbest\u00ea radigih\u00eenin a ku bi Hik\u00fbmeta \u015eam\u00ea re hevf\u00eamkirin li ser hatiye kirin.<\/h3>\n<h3 style=\"text-align: justify\">HSD\u00ea tekez li ser w\u00ea yek\u00ea j\u00ee kiriye ku, ew p\u00ea\u015fengiy\u00ea ji bo tu karek\u00ea le\u015fker\u00ee nakin, ji bil\u00ee ku heke li pa\u015feroj\u00ea h\u00eaz\u00ean wan r\u00fbbir\u00fby\u00ee \u00ear\u00ee\u015f\u00ea bibin.<\/h3>\n<h3 style=\"text-align: justify\">Fermandariya Gi\u015ft\u00ee ya HSD\u00ea di pareka din a w\u00ea ragihandin\u00ea de amadeb\u00fbna xwe ji bo \u00e7areseriya a\u015ftiyane n\u00ee\u015fan da \u00fb ragihand: Em tekez dikin ku em ji bo r\u00eay\u00ean siyas\u00ee \u00fb \u00e7areseriyan bi r\u00eaya dan\u00fbstandinan \u00fb diyalog\u00ea vekir\u00ee ne.<\/h3>\n<h3 style=\"text-align: justify\">HSD\u00ea di dawiya ragihandina xwe de j\u00ee amaje da: Em ji bo bicihan\u00eena peymana 18\u00ea \u00c7iley\u00ea amade ne, bi w\u00ee away\u00ee ku xizmeta aramkirina rew\u015f\u00ea \u00fb tenahiy\u00ea dike.<\/h3>\n","protected":false},"excerpt":{"rendered":"<p>Fermandariya Gi\u015ft\u00ee ya H\u00eaz\u00ean S\u00fbriyeya Demokrat\u00eek (HSD) di ragihandinek\u00ea de bi rengek\u00ea ferm\u00ee pabendb\u00fbna xwe ya temam bi w\u00ea agirbest\u00ea tekez kir, ya ku bi Hik\u00fbmeta \u015eam\u00ea re hevf\u00eamkirin li ser hatiye kirin. Herwesa ragihand ku, heta ku \u00ear\u00ee\u015f li ser wan ney\u00ea kirin, ew d\u00ea p\u00ea\u015fengiy\u00ea ji bo tu kiryareka le\u015fker\u00ee nekin \u00fb ji [&hellip;]<\/p>\n","protected":false},"author":2,"featured_media":1051396,"comment_status":"closed","ping_status":"closed","sticky":false,"template":"","format":"standard","meta":{"footnotes":""},"categories":[29],"tags":[37],"class_list":["post-1051481","post","type-post","status-publish","format-standard","has-post-thumbnail","hentry","category-kurdistan","tag-sereke"],"blocksy_meta":[],"seo_head":"<!-- This site is optimized with the Yoast SEO plugin v27.5 - https:\/\/yoast.com\/product\/yoast-seo-wordpress\/ -->\n<title>HSD\u00ea pabendb\u00fbna xwe ya temam bi agirbesta bi \u015eam\u00ea re ragihand - Darka Maz\u00ee<\/title>\n<meta name=\"robots\" content=\"index, follow, max-snippet:-1, max-image-preview:large, max-video-preview:-1\" \/>\n<link rel=\"canonical\" href=\"https:\/\/darkamazi.info\/archives\/1051481\" \/>\n<meta property=\"og:locale\" content=\"en_US\" \/>\n<meta property=\"og:type\" content=\"article\" \/>\n<meta property=\"og:title\" content=\"HSD\u00ea pabendb\u00fbna xwe ya temam bi agirbesta bi \u015eam\u00ea re ragihand - Darka Maz\u00ee\" \/>\n<meta property=\"og:description\" content=\"Fermandariya Gi\u015ft\u00ee ya H\u00eaz\u00ean S\u00fbriyeya Demokrat\u00eek (HSD) di ragihandinek\u00ea de bi rengek\u00ea ferm\u00ee pabendb\u00fbna xwe ya temam bi w\u00ea agirbest\u00ea tekez kir, ya ku bi Hik\u00fbmeta \u015eam\u00ea re hevf\u00eamkirin li ser hatiye kirin. Herwesa ragihand ku, heta ku \u00ear\u00ee\u015f li ser wan ney\u00ea kirin, ew d\u00ea p\u00ea\u015fengiy\u00ea ji bo tu kiryareka le\u015fker\u00ee nekin \u00fb ji [&hellip;]\" \/>\n<meta property=\"og:url\" content=\"https:\/\/darkamazi.info\/archives\/1051481\" \/>\n<meta property=\"og:site_name\" content=\"Darka Maz\u00ee\" \/>\n<meta property=\"article:publisher\" content=\"https:\/\/www.facebook.com\/DarMaziKurmanci\" \/>\n<meta property=\"article:published_time\" content=\"2026-01-20T17:26:26+00:00\" \/>\n<meta property=\"og:image\" content=\"https:\/\/darkamazi.info\/file\/2026\/01\/hsd-2.jpg\" \/>\n\t<meta property=\"og:image:width\" content=\"900\" \/>\n\t<meta property=\"og:image:height\" content=\"497\" \/>\n\t<meta property=\"og:image:type\" content=\"image\/jpeg\" \/>\n<meta name=\"author\" content=\"darka mazi\" \/>\n<meta name=\"twitter:card\" content=\"summary_large_image\" \/>\n<meta name=\"twitter:creator\" content=\"@DarkaMaziLatini\" \/>\n<meta name=\"twitter:site\" content=\"@DarkaMaziLatini\" \/>\n<meta name=\"twitter:label1\" content=\"Written by\" \/>\n\t<meta name=\"twitter:data1\" content=\"darka mazi\" \/>\n\t<meta name=\"twitter:label2\" content=\"Est. reading time\" \/>\n\t<meta name=\"twitter:data2\" content=\"2 minutes\" \/>\n<script type=\"application\/ld+json\" class=\"seo-schema-graph\">{\"@context\":\"https:\\\/\\\/schema.org\",\"@graph\":[{\"@type\":\"Article\",\"@id\":\"https:\\\/\\\/darkamazi.info\\\/archives\\\/1051481#article\",\"isPartOf\":{\"@id\":\"https:\\\/\\\/darkamazi.info\\\/archives\\\/1051481\"},\"author\":{\"name\":\"darka mazi\",\"@id\":\"https:\\\/\\\/darkamazi.info\\\/#\\\/schema\\\/person\\\/5ad3e24553a0567993fa8ed4bd0a776c\"},\"headline\":\"HSD\u00ea pabendb\u00fbna xwe ya temam bi agirbesta bi \u015eam\u00ea re ragihand\",\"datePublished\":\"2026-01-20T17:26:26+00:00\",\"mainEntityOfPage\":{\"@id\":\"https:\\\/\\\/darkamazi.info\\\/archives\\\/1051481\"},\"wordCount\":260,\"publisher\":{\"@id\":\"https:\\\/\\\/darkamazi.info\\\/#organization\"},\"image\":{\"@id\":\"https:\\\/\\\/darkamazi.info\\\/archives\\\/1051481#primaryimage\"},\"thumbnailUrl\":\"https:\\\/\\\/darkamazi.info\\\/darka-content\\\/uploads\\\/2026\\\/01\\\/hsd-2.jpg\",\"keywords\":[\"sereke\"],\"articleSection\":[\"Kurdistan\"],\"inLanguage\":\"en-US\"},{\"@type\":\"WebPage\",\"@id\":\"https:\\\/\\\/darkamazi.info\\\/archives\\\/1051481\",\"url\":\"https:\\\/\\\/darkamazi.info\\\/archives\\\/1051481\",\"name\":\"HSD\u00ea pabendb\u00fbna xwe ya temam bi agirbesta bi \u015eam\u00ea re ragihand - Darka Maz\u00ee\",\"isPartOf\":{\"@id\":\"https:\\\/\\\/darkamazi.info\\\/#website\"},\"primaryImageOfPage\":{\"@id\":\"https:\\\/\\\/darkamazi.info\\\/archives\\\/1051481#primaryimage\"},\"image\":{\"@id\":\"https:\\\/\\\/darkamazi.info\\\/archives\\\/1051481#primaryimage\"},\"thumbnailUrl\":\"https:\\\/\\\/darkamazi.info\\\/darka-content\\\/uploads\\\/2026\\\/01\\\/hsd-2.jpg\",\"datePublished\":\"2026-01-20T17:26:26+00:00\",\"breadcrumb\":{\"@id\":\"https:\\\/\\\/darkamazi.info\\\/archives\\\/1051481#breadcrumb\"},\"inLanguage\":\"en-US\",\"potentialAction\":[{\"@type\":\"ReadAction\",\"target\":[\"https:\\\/\\\/darkamazi.info\\\/archives\\\/1051481\"]}]},{\"@type\":\"ImageObject\",\"inLanguage\":\"en-US\",\"@id\":\"https:\\\/\\\/darkamazi.info\\\/archives\\\/1051481#primaryimage\",\"url\":\"https:\\\/\\\/darkamazi.info\\\/darka-content\\\/uploads\\\/2026\\\/01\\\/hsd-2.jpg\",\"contentUrl\":\"https:\\\/\\\/darkamazi.info\\\/darka-content\\\/uploads\\\/2026\\\/01\\\/hsd-2.jpg\",\"width\":900,\"height\":497,\"caption\":\"HSD bang li aliy\u00ean navnetewey\u00ee kir bilez destt\u00eawerdan\u00ea bikin ji bo rawestandina \u00ear\u00ee\u015f\u00ean \u015eam\u00ea\"},{\"@type\":\"BreadcrumbList\",\"@id\":\"https:\\\/\\\/darkamazi.info\\\/archives\\\/1051481#breadcrumb\",\"itemListElement\":[{\"@type\":\"ListItem\",\"position\":1,\"name\":\"Home\",\"item\":\"https:\\\/\\\/darkamazi.info\\\/\"},{\"@type\":\"ListItem\",\"position\":2,\"name\":\"HSD\u00ea pabendb\u00fbna xwe ya temam bi agirbesta bi \u015eam\u00ea re ragihand\"}]},{\"@type\":\"WebSite\",\"@id\":\"https:\\\/\\\/darkamazi.info\\\/#website\",\"url\":\"https:\\\/\\\/darkamazi.info\\\/\",\"name\":\"Darka Maz\u00ee\",\"description\":\"P\u00eageha Zanyariy\u00ean Nebih\u00eest\u00ee\",\"publisher\":{\"@id\":\"https:\\\/\\\/darkamazi.info\\\/#organization\"},\"potentialAction\":[{\"@type\":\"SearchAction\",\"target\":{\"@type\":\"EntryPoint\",\"urlTemplate\":\"https:\\\/\\\/darkamazi.info\\\/?s={search_term_string}\"},\"query-input\":{\"@type\":\"PropertyValueSpecification\",\"valueRequired\":true,\"valueName\":\"search_term_string\"}}],\"inLanguage\":\"en-US\"},{\"@type\":\"Organization\",\"@id\":\"https:\\\/\\\/darkamazi.info\\\/#organization\",\"name\":\"Darka Maz\u00ee\",\"url\":\"https:\\\/\\\/darkamazi.info\\\/\",\"logo\":{\"@type\":\"ImageObject\",\"inLanguage\":\"en-US\",\"@id\":\"https:\\\/\\\/darkamazi.info\\\/#\\\/schema\\\/logo\\\/image\\\/\",\"url\":\"https:\\\/\\\/darkamazi.info\\\/darka-content\\\/uploads\\\/2017\\\/12\\\/darka-mazi-logo.png\",\"contentUrl\":\"https:\\\/\\\/darkamazi.info\\\/darka-content\\\/uploads\\\/2017\\\/12\\\/darka-mazi-logo.png\",\"width\":151,\"height\":75,\"caption\":\"Darka Maz\u00ee\"},\"image\":{\"@id\":\"https:\\\/\\\/darkamazi.info\\\/#\\\/schema\\\/logo\\\/image\\\/\"},\"sameAs\":[\"https:\\\/\\\/www.facebook.com\\\/DarMaziKurmanci\",\"https:\\\/\\\/x.com\\\/DarkaMaziLatini\",\"https:\\\/\\\/www.instagram.com\\\/darkamazi.kurmanci\\\/\",\"https:\\\/\\\/www.youtube.com\\\/channel\\\/UCa5HkTdmI8U1qCUFuTw8B2g\"]},{\"@type\":\"Person\",\"@id\":\"https:\\\/\\\/darkamazi.info\\\/#\\\/schema\\\/person\\\/5ad3e24553a0567993fa8ed4bd0a776c\",\"name\":\"darka mazi\",\"sameAs\":[\"https:\\\/\\\/darkamazi.info\\\/\"],\"url\":\"https:\\\/\\\/darkamazi.info\\\/archives\\\/author\\\/kurdi\"}]}<\/script>\n<!-- \/ Yoast SEO plugin. -->","seo_head_json":{"title":"HSD\u00ea pabendb\u00fbna xwe ya temam bi agirbesta bi \u015eam\u00ea re ragihand - Darka Maz\u00ee","robots":{"index":"index","follow":"follow","max-snippet":"max-snippet:-1","max-image-preview":"max-image-preview:large","max-video-preview":"max-video-preview:-1"},"canonical":"https:\/\/darkamazi.info\/archives\/1051481","og_locale":"en_US","og_type":"article","og_title":"HSD\u00ea pabendb\u00fbna xwe ya temam bi agirbesta bi \u015eam\u00ea re ragihand - Darka Maz\u00ee","og_description":"Fermandariya Gi\u015ft\u00ee ya H\u00eaz\u00ean S\u00fbriyeya Demokrat\u00eek (HSD) di ragihandinek\u00ea de bi rengek\u00ea ferm\u00ee pabendb\u00fbna xwe ya temam bi w\u00ea agirbest\u00ea tekez kir, ya ku bi Hik\u00fbmeta \u015eam\u00ea re hevf\u00eamkirin li ser hatiye kirin. Herwesa ragihand ku, heta ku \u00ear\u00ee\u015f li ser wan ney\u00ea kirin, ew d\u00ea p\u00ea\u015fengiy\u00ea ji bo tu kiryareka le\u015fker\u00ee nekin \u00fb ji [&hellip;]","og_url":"https:\/\/darkamazi.info\/archives\/1051481","og_site_name":"Darka Maz\u00ee","article_publisher":"https:\/\/www.facebook.com\/DarMaziKurmanci","article_published_time":"2026-01-20T17:26:26+00:00","og_image":[{"width":900,"height":497,"url":"https:\/\/darkamazi.info\/file\/2026\/01\/hsd-2.jpg","type":"image\/jpeg"}],"author":"darka mazi","twitter_card":"summary_large_image","twitter_creator":"@DarkaMaziLatini","twitter_site":"@DarkaMaziLatini","twitter_misc":{"Written by":"darka mazi","Est. reading time":"2 minutes"},"schema":{"@context":"https:\/\/schema.org","@graph":[{"@type":"Article","@id":"https:\/\/darkamazi.info\/archives\/1051481#article","isPartOf":{"@id":"https:\/\/darkamazi.info\/archives\/1051481"},"author":{"name":"darka mazi","@id":"https:\/\/darkamazi.info\/#\/schema\/person\/5ad3e24553a0567993fa8ed4bd0a776c"},"headline":"HSD\u00ea pabendb\u00fbna xwe ya temam bi agirbesta bi \u015eam\u00ea re ragihand","datePublished":"2026-01-20T17:26:26+00:00","mainEntityOfPage":{"@id":"https:\/\/darkamazi.info\/archives\/1051481"},"wordCount":260,"publisher":{"@id":"https:\/\/darkamazi.info\/#organization"},"image":{"@id":"https:\/\/darkamazi.info\/archives\/1051481#primaryimage"},"thumbnailUrl":"https:\/\/darkamazi.info\/file\/2026\/01\/hsd-2.jpg","keywords":["sereke"],"articleSection":["Kurdistan"],"inLanguage":"en-US"},{"@type":"WebPage","@id":"https:\/\/darkamazi.info\/archives\/1051481","url":"https:\/\/darkamazi.info\/archives\/1051481","name":"HSD\u00ea pabendb\u00fbna xwe ya temam bi agirbesta bi \u015eam\u00ea re ragihand - Darka Maz\u00ee","isPartOf":{"@id":"https:\/\/darkamazi.info\/#website"},"primaryImageOfPage":{"@id":"https:\/\/darkamazi.info\/archives\/1051481#primaryimage"},"image":{"@id":"https:\/\/darkamazi.info\/archives\/1051481#primaryimage"},"thumbnailUrl":"https:\/\/darkamazi.info\/file\/2026\/01\/hsd-2.jpg","datePublished":"2026-01-20T17:26:26+00:00","breadcrumb":{"@id":"https:\/\/darkamazi.info\/archives\/1051481#breadcrumb"},"inLanguage":"en-US","potentialAction":[{"@type":"ReadAction","target":["https:\/\/darkamazi.info\/archives\/1051481"]}]},{"@type":"ImageObject","inLanguage":"en-US","@id":"https:\/\/darkamazi.info\/archives\/1051481#primaryimage","url":"https:\/\/darkamazi.info\/file\/2026\/01\/hsd-2.jpg","contentUrl":"https:\/\/darkamazi.info\/file\/2026\/01\/hsd-2.jpg","width":900,"height":497,"caption":"HSD bang li aliy\u00ean navnetewey\u00ee kir bilez destt\u00eawerdan\u00ea bikin ji bo rawestandina \u00ear\u00ee\u015f\u00ean \u015eam\u00ea"},{"@type":"BreadcrumbList","@id":"https:\/\/darkamazi.info\/archives\/1051481#breadcrumb","itemListElement":[{"@type":"ListItem","position":1,"name":"Home","item":"https:\/\/darkamazi.info\/"},{"@type":"ListItem","position":2,"name":"HSD\u00ea pabendb\u00fbna xwe ya temam bi agirbesta bi \u015eam\u00ea re ragihand"}]},{"@type":"WebSite","@id":"https:\/\/darkamazi.info\/#website","url":"https:\/\/darkamazi.info\/","name":"Darka Maz\u00ee","description":"P\u00eageha Zanyariy\u00ean Nebih\u00eest\u00ee","publisher":{"@id":"https:\/\/darkamazi.info\/#organization"},"potentialAction":[{"@type":"SearchAction","target":{"@type":"EntryPoint","urlTemplate":"https:\/\/darkamazi.info\/?s={search_term_string}"},"query-input":{"@type":"PropertyValueSpecification","valueRequired":true,"valueName":"search_term_string"}}],"inLanguage":"en-US"},{"@type":"Organization","@id":"https:\/\/darkamazi.info\/#organization","name":"Darka Maz\u00ee","url":"https:\/\/darkamazi.info\/","logo":{"@type":"ImageObject","inLanguage":"en-US","@id":"https:\/\/darkamazi.info\/#\/schema\/logo\/image\/","url":"https:\/\/darkamazi.info\/file\/2017\/12\/darka-mazi-logo.png","contentUrl":"https:\/\/darkamazi.info\/file\/2017\/12\/darka-mazi-logo.png","width":151,"height":75,"caption":"Darka Maz\u00ee"},"image":{"@id":"https:\/\/darkamazi.info\/#\/schema\/logo\/image\/"},"sameAs":["https:\/\/www.facebook.com\/DarMaziKurmanci","https:\/\/x.com\/DarkaMaziLatini","https:\/\/www.instagram.com\/darkamazi.kurmanci\/","https:\/\/www.youtube.com\/channel\/UCa5HkTdmI8U1qCUFuTw8B2g"]},{"@type":"Person","@id":"https:\/\/darkamazi.info\/#\/schema\/person\/5ad3e24553a0567993fa8ed4bd0a776c","name":"darka mazi","sameAs":["https:\/\/darkamazi.info\/"],"url":"https:\/\/darkamazi.info\/archives\/author\/kurdi"}]}},"_links":{"self":[{"href":"https:\/\/darkamazi.info\/funavuv\/wp\/v2\/posts\/1051481","targetHints":{"allow":["GET"]}}],"collection":[{"href":"https:\/\/darkamazi.info\/funavuv\/wp\/v2\/posts"}],"about":[{"href":"https:\/\/darkamazi.info\/funavuv\/wp\/v2\/types\/post"}],"author":[{"embeddable":true,"href":"https:\/\/darkamazi.info\/funavuv\/wp\/v2\/users\/2"}],"replies":[{"embeddable":true,"href":"https:\/\/darkamazi.info\/funavuv\/wp\/v2\/comments?post=1051481"}],"version-history":[{"count":0,"href":"https:\/\/darkamazi.info\/funavuv\/wp\/v2\/posts\/1051481\/revisions"}],"wp:featuredmedia":[{"embeddable":true,"href":"https:\/\/darkamazi.info\/funavuv\/wp\/v2\/media\/1051396"}],"wp:attachment":[{"href":"https:\/\/darkamazi.info\/funavuv\/wp\/v2\/media?parent=1051481"}],"wp:term":[{"taxonomy":"category","embeddable":true,"href":"https:\/\/darkamazi.info\/funavuv\/wp\/v2\/categories?post=1051481"},{"taxonomy":"post_tag","embeddable":true,"href":"https:\/\/darkamazi.info\/funavuv\/wp\/v2\/tags?post=1051481"}],"curies":[{"name":"wp","href":"https:\/\/api.w.org\/{rel}","templated":true}]}}