{"id":1051483,"date":"2026-01-21T10:46:06","date_gmt":"2026-01-21T07:46:06","guid":{"rendered":"https:\/\/darkamazi.info\/?p=1051483"},"modified":"2026-01-21T10:46:06","modified_gmt":"2026-01-21T07:46:06","slug":"serok-barzani-ji-ehmed-sera-re-pewist-e-maf-u-rumeta-gele-kurd-parasti-be","status":"publish","type":"post","link":"https:\/\/darkamazi.info\/archives\/1051483","title":{"rendered":"Serok Barzan\u00ee ji Ehmed \u015eera re: P\u00eaw\u00eest e maf \u00fb r\u00fbmeta gel\u00ea Kurd parast\u00ee be"},"content":{"rendered":"<h3 style=\"text-align: justify\"><span style=\"font-family: 'arial black', sans-serif\">Serok Mes\u00fbd Barzan\u00ee \u00fb Serok\u00ea S\u00fbriyey\u00ea Ehmed \u015eera bi t\u00ealefon\u00ea peywendiyek encam dan. Di peywendiy\u00ea de rew\u015fa daw\u00ee ya S\u00fbriyey\u00ea \u00fb maf\u00ean Kurdan hatin gotub\u00eajkirin.<\/span><\/h3>\n<h3 style=\"text-align: justify\"><span style=\"font-family: arial, helvetica, sans-serif\">Li gor\u00ee zanyariyan, Serok\u00ea S\u00fbriyey\u00ea Ehmed \u015eera p\u00eawend\u00ee bi Serok Mes\u00fbd Barzan\u00ee kiriye \u00fb agahiy\u00ean daw\u00ee y\u00ean derbar\u00ea rew\u015fa S\u00fbriyey\u00ea de j\u00ea re parve kirine.\u00a0<\/span><\/h3>\n<h3 style=\"text-align: justify\"><span style=\"font-family: arial, helvetica, sans-serif\">Serok Mes\u00fbd Barzan\u00ee di v\u00ea peywendiya t\u00ealefon\u00ee de helwesta xwe ya ji bo a\u015ftiy\u00ea n\u00ee\u015fan da \u00fb destn\u00ee\u015fan kir ku ew her tim pi\u015ftgiriy\u00ea didin \u00e7areseriyeke a\u015ftiyane. Serok Barzan\u00ee tekez\u00ee li ser w\u00ea yek\u00ea kir ku &#8220;div\u00ea maf \u00fb r\u00fbmeta gel\u00ea Kurd li S\u00fbriyey\u00ea bi tevah\u00ee were parastin.&#8221;<\/span><\/h3>\n<h3 style=\"text-align: justify\"><span style=\"font-family: arial, helvetica, sans-serif\">Ehmed \u015eera: Maf\u00ean netewey\u00ee \u00fb siyas\u00ee y\u00ean Kurdan garant\u00ee ne<\/span><\/h3>\n<h3 style=\"text-align: justify\"><span style=\"font-family: arial, helvetica, sans-serif\">Serokatiya Komara S\u00fbriyey\u00ea \u015feva bor\u00ee derbar\u00ea naveroka peywendiy\u00ea de daxuyaniyek belav kir. Li gor\u00ee daxuyaniy\u00ea, Ehmed \u015eera ji Serok Barzan\u00ee re ragihandiye ku &#8220;li S\u00fbriyey\u00ea hem\u00fb maf\u00ean netewey\u00ee, siyas\u00ee \u00fb meden\u00ee y\u00ean Kurdan parast\u00ee ne.&#8221;<\/span><\/h3>\n<h3 style=\"text-align: justify\"><span style=\"font-family: arial, helvetica, sans-serif\">Herwiha hat diyarkirin ku her du aliyan li ser hevahengiya berdewam ji bo \u00e7espandina a\u015ft\u00ee \u00fb ewlehiy\u00ea li her\u00eam\u00ea \u00fb d\u00eetina r\u00eay\u00ean guncaw ji bo \u00e7areserkirina pirsgir\u00eakan, li hev kirine.<\/span><\/h3>\n<h3 style=\"text-align: justify\">\u00a0<\/h3>\n","protected":false},"excerpt":{"rendered":"<p>Serok Mes\u00fbd Barzan\u00ee \u00fb Serok\u00ea S\u00fbriyey\u00ea Ehmed \u015eera bi t\u00ealefon\u00ea peywendiyek encam dan. Di peywendiy\u00ea de rew\u015fa daw\u00ee ya S\u00fbriyey\u00ea \u00fb maf\u00ean Kurdan hatin gotub\u00eajkirin. Li gor\u00ee zanyariyan, Serok\u00ea S\u00fbriyey\u00ea Ehmed \u015eera p\u00eawend\u00ee bi Serok Mes\u00fbd Barzan\u00ee kiriye \u00fb agahiy\u00ean daw\u00ee y\u00ean derbar\u00ea rew\u015fa S\u00fbriyey\u00ea de j\u00ea re parve kirine.\u00a0 Serok Mes\u00fbd Barzan\u00ee di v\u00ea [&hellip;]<\/p>\n","protected":false},"author":2,"featured_media":1051484,"comment_status":"closed","ping_status":"closed","sticky":false,"template":"","format":"standard","meta":{"footnotes":""},"categories":[29],"tags":[37],"class_list":["post-1051483","post","type-post","status-publish","format-standard","has-post-thumbnail","hentry","category-kurdistan","tag-sereke"],"blocksy_meta":[],"seo_head":"<!-- This site is optimized with the Yoast SEO plugin v27.5 - https:\/\/yoast.com\/product\/yoast-seo-wordpress\/ -->\n<title>Serok Barzan\u00ee ji Ehmed \u015eera re: P\u00eaw\u00eest e maf \u00fb r\u00fbmeta gel\u00ea Kurd parast\u00ee be - Darka Maz\u00ee<\/title>\n<meta name=\"robots\" content=\"index, follow, max-snippet:-1, max-image-preview:large, max-video-preview:-1\" \/>\n<link rel=\"canonical\" href=\"https:\/\/darkamazi.info\/archives\/1051483\" \/>\n<meta property=\"og:locale\" content=\"en_US\" \/>\n<meta property=\"og:type\" content=\"article\" \/>\n<meta property=\"og:title\" content=\"Serok Barzan\u00ee ji Ehmed \u015eera re: P\u00eaw\u00eest e maf \u00fb r\u00fbmeta gel\u00ea Kurd parast\u00ee be - Darka Maz\u00ee\" \/>\n<meta property=\"og:description\" content=\"Serok Mes\u00fbd Barzan\u00ee \u00fb Serok\u00ea S\u00fbriyey\u00ea Ehmed \u015eera bi t\u00ealefon\u00ea peywendiyek encam dan. Di peywendiy\u00ea de rew\u015fa daw\u00ee ya S\u00fbriyey\u00ea \u00fb maf\u00ean Kurdan hatin gotub\u00eajkirin. Li gor\u00ee zanyariyan, Serok\u00ea S\u00fbriyey\u00ea Ehmed \u015eera p\u00eawend\u00ee bi Serok Mes\u00fbd Barzan\u00ee kiriye \u00fb agahiy\u00ean daw\u00ee y\u00ean derbar\u00ea rew\u015fa S\u00fbriyey\u00ea de j\u00ea re parve kirine.\u00a0 Serok Mes\u00fbd Barzan\u00ee di v\u00ea [&hellip;]\" \/>\n<meta property=\"og:url\" content=\"https:\/\/darkamazi.info\/archives\/1051483\" \/>\n<meta property=\"og:site_name\" content=\"Darka Maz\u00ee\" \/>\n<meta property=\"article:publisher\" content=\"https:\/\/www.facebook.com\/DarMaziKurmanci\" \/>\n<meta property=\"article:published_time\" content=\"2026-01-21T07:46:06+00:00\" \/>\n<meta property=\"og:image\" content=\"https:\/\/darkamazi.info\/file\/2026\/01\/Serok-Shara-info.jpg\" \/>\n\t<meta property=\"og:image:width\" content=\"900\" \/>\n\t<meta property=\"og:image:height\" content=\"500\" \/>\n\t<meta property=\"og:image:type\" content=\"image\/jpeg\" \/>\n<meta name=\"author\" content=\"darka mazi\" \/>\n<meta name=\"twitter:card\" content=\"summary_large_image\" \/>\n<meta name=\"twitter:creator\" content=\"@DarkaMaziLatini\" \/>\n<meta name=\"twitter:site\" content=\"@DarkaMaziLatini\" \/>\n<meta name=\"twitter:label1\" content=\"Written by\" \/>\n\t<meta name=\"twitter:data1\" content=\"darka mazi\" \/>\n\t<meta name=\"twitter:label2\" content=\"Est. reading time\" \/>\n\t<meta name=\"twitter:data2\" content=\"1 minute\" \/>\n<script type=\"application\/ld+json\" class=\"seo-schema-graph\">{\"@context\":\"https:\\\/\\\/schema.org\",\"@graph\":[{\"@type\":\"Article\",\"@id\":\"https:\\\/\\\/darkamazi.info\\\/archives\\\/1051483#article\",\"isPartOf\":{\"@id\":\"https:\\\/\\\/darkamazi.info\\\/archives\\\/1051483\"},\"author\":{\"name\":\"darka mazi\",\"@id\":\"https:\\\/\\\/darkamazi.info\\\/#\\\/schema\\\/person\\\/5ad3e24553a0567993fa8ed4bd0a776c\"},\"headline\":\"Serok Barzan\u00ee ji Ehmed \u015eera re: P\u00eaw\u00eest e maf \u00fb r\u00fbmeta gel\u00ea Kurd parast\u00ee be\",\"datePublished\":\"2026-01-21T07:46:06+00:00\",\"mainEntityOfPage\":{\"@id\":\"https:\\\/\\\/darkamazi.info\\\/archives\\\/1051483\"},\"wordCount\":216,\"publisher\":{\"@id\":\"https:\\\/\\\/darkamazi.info\\\/#organization\"},\"image\":{\"@id\":\"https:\\\/\\\/darkamazi.info\\\/archives\\\/1051483#primaryimage\"},\"thumbnailUrl\":\"https:\\\/\\\/darkamazi.info\\\/darka-content\\\/uploads\\\/2026\\\/01\\\/Serok-Shara-info.jpg\",\"keywords\":[\"sereke\"],\"articleSection\":[\"Kurdistan\"],\"inLanguage\":\"en-US\"},{\"@type\":\"WebPage\",\"@id\":\"https:\\\/\\\/darkamazi.info\\\/archives\\\/1051483\",\"url\":\"https:\\\/\\\/darkamazi.info\\\/archives\\\/1051483\",\"name\":\"Serok Barzan\u00ee ji Ehmed \u015eera re: P\u00eaw\u00eest e maf \u00fb r\u00fbmeta gel\u00ea Kurd parast\u00ee be - Darka Maz\u00ee\",\"isPartOf\":{\"@id\":\"https:\\\/\\\/darkamazi.info\\\/#website\"},\"primaryImageOfPage\":{\"@id\":\"https:\\\/\\\/darkamazi.info\\\/archives\\\/1051483#primaryimage\"},\"image\":{\"@id\":\"https:\\\/\\\/darkamazi.info\\\/archives\\\/1051483#primaryimage\"},\"thumbnailUrl\":\"https:\\\/\\\/darkamazi.info\\\/darka-content\\\/uploads\\\/2026\\\/01\\\/Serok-Shara-info.jpg\",\"datePublished\":\"2026-01-21T07:46:06+00:00\",\"breadcrumb\":{\"@id\":\"https:\\\/\\\/darkamazi.info\\\/archives\\\/1051483#breadcrumb\"},\"inLanguage\":\"en-US\",\"potentialAction\":[{\"@type\":\"ReadAction\",\"target\":[\"https:\\\/\\\/darkamazi.info\\\/archives\\\/1051483\"]}]},{\"@type\":\"ImageObject\",\"inLanguage\":\"en-US\",\"@id\":\"https:\\\/\\\/darkamazi.info\\\/archives\\\/1051483#primaryimage\",\"url\":\"https:\\\/\\\/darkamazi.info\\\/darka-content\\\/uploads\\\/2026\\\/01\\\/Serok-Shara-info.jpg\",\"contentUrl\":\"https:\\\/\\\/darkamazi.info\\\/darka-content\\\/uploads\\\/2026\\\/01\\\/Serok-Shara-info.jpg\",\"width\":900,\"height\":500,\"caption\":\"Serok-Shara-net\"},{\"@type\":\"BreadcrumbList\",\"@id\":\"https:\\\/\\\/darkamazi.info\\\/archives\\\/1051483#breadcrumb\",\"itemListElement\":[{\"@type\":\"ListItem\",\"position\":1,\"name\":\"Home\",\"item\":\"https:\\\/\\\/darkamazi.info\\\/\"},{\"@type\":\"ListItem\",\"position\":2,\"name\":\"Serok Barzan\u00ee ji Ehmed \u015eera re: P\u00eaw\u00eest e maf \u00fb r\u00fbmeta gel\u00ea Kurd parast\u00ee be\"}]},{\"@type\":\"WebSite\",\"@id\":\"https:\\\/\\\/darkamazi.info\\\/#website\",\"url\":\"https:\\\/\\\/darkamazi.info\\\/\",\"name\":\"Darka Maz\u00ee\",\"description\":\"P\u00eageha Zanyariy\u00ean Nebih\u00eest\u00ee\",\"publisher\":{\"@id\":\"https:\\\/\\\/darkamazi.info\\\/#organization\"},\"potentialAction\":[{\"@type\":\"SearchAction\",\"target\":{\"@type\":\"EntryPoint\",\"urlTemplate\":\"https:\\\/\\\/darkamazi.info\\\/?s={search_term_string}\"},\"query-input\":{\"@type\":\"PropertyValueSpecification\",\"valueRequired\":true,\"valueName\":\"search_term_string\"}}],\"inLanguage\":\"en-US\"},{\"@type\":\"Organization\",\"@id\":\"https:\\\/\\\/darkamazi.info\\\/#organization\",\"name\":\"Darka Maz\u00ee\",\"url\":\"https:\\\/\\\/darkamazi.info\\\/\",\"logo\":{\"@type\":\"ImageObject\",\"inLanguage\":\"en-US\",\"@id\":\"https:\\\/\\\/darkamazi.info\\\/#\\\/schema\\\/logo\\\/image\\\/\",\"url\":\"https:\\\/\\\/darkamazi.info\\\/darka-content\\\/uploads\\\/2017\\\/12\\\/darka-mazi-logo.png\",\"contentUrl\":\"https:\\\/\\\/darkamazi.info\\\/darka-content\\\/uploads\\\/2017\\\/12\\\/darka-mazi-logo.png\",\"width\":151,\"height\":75,\"caption\":\"Darka Maz\u00ee\"},\"image\":{\"@id\":\"https:\\\/\\\/darkamazi.info\\\/#\\\/schema\\\/logo\\\/image\\\/\"},\"sameAs\":[\"https:\\\/\\\/www.facebook.com\\\/DarMaziKurmanci\",\"https:\\\/\\\/x.com\\\/DarkaMaziLatini\",\"https:\\\/\\\/www.instagram.com\\\/darkamazi.kurmanci\\\/\",\"https:\\\/\\\/www.youtube.com\\\/channel\\\/UCa5HkTdmI8U1qCUFuTw8B2g\"]},{\"@type\":\"Person\",\"@id\":\"https:\\\/\\\/darkamazi.info\\\/#\\\/schema\\\/person\\\/5ad3e24553a0567993fa8ed4bd0a776c\",\"name\":\"darka mazi\",\"sameAs\":[\"https:\\\/\\\/darkamazi.info\\\/\"],\"url\":\"https:\\\/\\\/darkamazi.info\\\/archives\\\/author\\\/kurdi\"}]}<\/script>\n<!-- \/ Yoast SEO plugin. -->","seo_head_json":{"title":"Serok Barzan\u00ee ji Ehmed \u015eera re: P\u00eaw\u00eest e maf \u00fb r\u00fbmeta gel\u00ea Kurd parast\u00ee be - Darka Maz\u00ee","robots":{"index":"index","follow":"follow","max-snippet":"max-snippet:-1","max-image-preview":"max-image-preview:large","max-video-preview":"max-video-preview:-1"},"canonical":"https:\/\/darkamazi.info\/archives\/1051483","og_locale":"en_US","og_type":"article","og_title":"Serok Barzan\u00ee ji Ehmed \u015eera re: P\u00eaw\u00eest e maf \u00fb r\u00fbmeta gel\u00ea Kurd parast\u00ee be - Darka Maz\u00ee","og_description":"Serok Mes\u00fbd Barzan\u00ee \u00fb Serok\u00ea S\u00fbriyey\u00ea Ehmed \u015eera bi t\u00ealefon\u00ea peywendiyek encam dan. Di peywendiy\u00ea de rew\u015fa daw\u00ee ya S\u00fbriyey\u00ea \u00fb maf\u00ean Kurdan hatin gotub\u00eajkirin. Li gor\u00ee zanyariyan, Serok\u00ea S\u00fbriyey\u00ea Ehmed \u015eera p\u00eawend\u00ee bi Serok Mes\u00fbd Barzan\u00ee kiriye \u00fb agahiy\u00ean daw\u00ee y\u00ean derbar\u00ea rew\u015fa S\u00fbriyey\u00ea de j\u00ea re parve kirine.\u00a0 Serok Mes\u00fbd Barzan\u00ee di v\u00ea [&hellip;]","og_url":"https:\/\/darkamazi.info\/archives\/1051483","og_site_name":"Darka Maz\u00ee","article_publisher":"https:\/\/www.facebook.com\/DarMaziKurmanci","article_published_time":"2026-01-21T07:46:06+00:00","og_image":[{"width":900,"height":500,"url":"https:\/\/darkamazi.info\/file\/2026\/01\/Serok-Shara-info.jpg","type":"image\/jpeg"}],"author":"darka mazi","twitter_card":"summary_large_image","twitter_creator":"@DarkaMaziLatini","twitter_site":"@DarkaMaziLatini","twitter_misc":{"Written by":"darka mazi","Est. reading time":"1 minute"},"schema":{"@context":"https:\/\/schema.org","@graph":[{"@type":"Article","@id":"https:\/\/darkamazi.info\/archives\/1051483#article","isPartOf":{"@id":"https:\/\/darkamazi.info\/archives\/1051483"},"author":{"name":"darka mazi","@id":"https:\/\/darkamazi.info\/#\/schema\/person\/5ad3e24553a0567993fa8ed4bd0a776c"},"headline":"Serok Barzan\u00ee ji Ehmed \u015eera re: P\u00eaw\u00eest e maf \u00fb r\u00fbmeta gel\u00ea Kurd parast\u00ee be","datePublished":"2026-01-21T07:46:06+00:00","mainEntityOfPage":{"@id":"https:\/\/darkamazi.info\/archives\/1051483"},"wordCount":216,"publisher":{"@id":"https:\/\/darkamazi.info\/#organization"},"image":{"@id":"https:\/\/darkamazi.info\/archives\/1051483#primaryimage"},"thumbnailUrl":"https:\/\/darkamazi.info\/file\/2026\/01\/Serok-Shara-info.jpg","keywords":["sereke"],"articleSection":["Kurdistan"],"inLanguage":"en-US"},{"@type":"WebPage","@id":"https:\/\/darkamazi.info\/archives\/1051483","url":"https:\/\/darkamazi.info\/archives\/1051483","name":"Serok Barzan\u00ee ji Ehmed \u015eera re: P\u00eaw\u00eest e maf \u00fb r\u00fbmeta gel\u00ea Kurd parast\u00ee be - Darka Maz\u00ee","isPartOf":{"@id":"https:\/\/darkamazi.info\/#website"},"primaryImageOfPage":{"@id":"https:\/\/darkamazi.info\/archives\/1051483#primaryimage"},"image":{"@id":"https:\/\/darkamazi.info\/archives\/1051483#primaryimage"},"thumbnailUrl":"https:\/\/darkamazi.info\/file\/2026\/01\/Serok-Shara-info.jpg","datePublished":"2026-01-21T07:46:06+00:00","breadcrumb":{"@id":"https:\/\/darkamazi.info\/archives\/1051483#breadcrumb"},"inLanguage":"en-US","potentialAction":[{"@type":"ReadAction","target":["https:\/\/darkamazi.info\/archives\/1051483"]}]},{"@type":"ImageObject","inLanguage":"en-US","@id":"https:\/\/darkamazi.info\/archives\/1051483#primaryimage","url":"https:\/\/darkamazi.info\/file\/2026\/01\/Serok-Shara-info.jpg","contentUrl":"https:\/\/darkamazi.info\/file\/2026\/01\/Serok-Shara-info.jpg","width":900,"height":500,"caption":"Serok-Shara-net"},{"@type":"BreadcrumbList","@id":"https:\/\/darkamazi.info\/archives\/1051483#breadcrumb","itemListElement":[{"@type":"ListItem","position":1,"name":"Home","item":"https:\/\/darkamazi.info\/"},{"@type":"ListItem","position":2,"name":"Serok Barzan\u00ee ji Ehmed \u015eera re: P\u00eaw\u00eest e maf \u00fb r\u00fbmeta gel\u00ea Kurd parast\u00ee be"}]},{"@type":"WebSite","@id":"https:\/\/darkamazi.info\/#website","url":"https:\/\/darkamazi.info\/","name":"Darka Maz\u00ee","description":"P\u00eageha Zanyariy\u00ean Nebih\u00eest\u00ee","publisher":{"@id":"https:\/\/darkamazi.info\/#organization"},"potentialAction":[{"@type":"SearchAction","target":{"@type":"EntryPoint","urlTemplate":"https:\/\/darkamazi.info\/?s={search_term_string}"},"query-input":{"@type":"PropertyValueSpecification","valueRequired":true,"valueName":"search_term_string"}}],"inLanguage":"en-US"},{"@type":"Organization","@id":"https:\/\/darkamazi.info\/#organization","name":"Darka Maz\u00ee","url":"https:\/\/darkamazi.info\/","logo":{"@type":"ImageObject","inLanguage":"en-US","@id":"https:\/\/darkamazi.info\/#\/schema\/logo\/image\/","url":"https:\/\/darkamazi.info\/file\/2017\/12\/darka-mazi-logo.png","contentUrl":"https:\/\/darkamazi.info\/file\/2017\/12\/darka-mazi-logo.png","width":151,"height":75,"caption":"Darka Maz\u00ee"},"image":{"@id":"https:\/\/darkamazi.info\/#\/schema\/logo\/image\/"},"sameAs":["https:\/\/www.facebook.com\/DarMaziKurmanci","https:\/\/x.com\/DarkaMaziLatini","https:\/\/www.instagram.com\/darkamazi.kurmanci\/","https:\/\/www.youtube.com\/channel\/UCa5HkTdmI8U1qCUFuTw8B2g"]},{"@type":"Person","@id":"https:\/\/darkamazi.info\/#\/schema\/person\/5ad3e24553a0567993fa8ed4bd0a776c","name":"darka mazi","sameAs":["https:\/\/darkamazi.info\/"],"url":"https:\/\/darkamazi.info\/archives\/author\/kurdi"}]}},"_links":{"self":[{"href":"https:\/\/darkamazi.info\/funavuv\/wp\/v2\/posts\/1051483","targetHints":{"allow":["GET"]}}],"collection":[{"href":"https:\/\/darkamazi.info\/funavuv\/wp\/v2\/posts"}],"about":[{"href":"https:\/\/darkamazi.info\/funavuv\/wp\/v2\/types\/post"}],"author":[{"embeddable":true,"href":"https:\/\/darkamazi.info\/funavuv\/wp\/v2\/users\/2"}],"replies":[{"embeddable":true,"href":"https:\/\/darkamazi.info\/funavuv\/wp\/v2\/comments?post=1051483"}],"version-history":[{"count":0,"href":"https:\/\/darkamazi.info\/funavuv\/wp\/v2\/posts\/1051483\/revisions"}],"wp:featuredmedia":[{"embeddable":true,"href":"https:\/\/darkamazi.info\/funavuv\/wp\/v2\/media\/1051484"}],"wp:attachment":[{"href":"https:\/\/darkamazi.info\/funavuv\/wp\/v2\/media?parent=1051483"}],"wp:term":[{"taxonomy":"category","embeddable":true,"href":"https:\/\/darkamazi.info\/funavuv\/wp\/v2\/categories?post=1051483"},{"taxonomy":"post_tag","embeddable":true,"href":"https:\/\/darkamazi.info\/funavuv\/wp\/v2\/tags?post=1051483"}],"curies":[{"name":"wp","href":"https:\/\/api.w.org\/{rel}","templated":true}]}}