{"id":1051487,"date":"2026-01-21T17:00:16","date_gmt":"2026-01-21T14:00:16","guid":{"rendered":"https:\/\/darkamazi.info\/?p=1051487"},"modified":"2026-01-21T17:00:16","modified_gmt":"2026-01-21T14:00:16","slug":"serok-barzani-u-papa-leo-li-vatikane-civiyan","status":"publish","type":"post","link":"https:\/\/darkamazi.info\/archives\/1051487","title":{"rendered":"Serok Barzan\u00ee \u00fb Papa Leo li Vat\u00eekan\u00ea civiyan"},"content":{"rendered":"<h3 style=\"text-align: justify\"><span style=\"font-family: 'arial black', sans-serif\">Serok Mes\u00fbd Barzan\u00ee li Vat\u00eekan\u00ea bi Papa Leo 14em\u00een re civiya \u00fb di hevd\u00eetin\u00ea de tekez\u00ee li ser a\u015ft\u00ee \u00fb aramiya c\u00eehan\u00ee hat kirin.<\/span><\/h3>\n<h3 style=\"text-align: justify\">Serok Mes\u00fbd Barzan\u00ee \u00eero li Vat\u00eekan\u00ea ji aliy\u00ea Papa Leo XIVem\u00een ve hat p\u00ea\u015fwaz\u00eekirin.<\/h3>\n<h3 style=\"text-align: justify\">Li gor\u00ee daxuyaniya Baregeha Barzan\u00ee, di hevd\u00eetin\u00ea de Papa Leo bi germ\u00ee bix\u00earhatina Serok Barzan\u00ee kir.<\/h3>\n<h3 style=\"text-align: justify\">Her du aliyan k\u00eafxwe\u015fiya xwe ya ji bo v\u00ea hevd\u00eetin\u00ea an\u00ee zim\u00ean \u00fb ew wek\u00ee derfetek ji bo bihevguhertina b\u00eer \u00fb ramanan a li ser mijar\u00ean gir\u00eeng \u00ean her\u00eam\u00ea \u00fb c\u00eehan\u00ea nirxand.<\/h3>\n<h3 style=\"text-align: justify\">\u201cDaw\u00eean\u00eena li \u00ea\u015fan\u201d<\/h3>\n<h3 style=\"text-align: justify\">Di civ\u00een\u00ea de her wiha her du aliyan h\u00eav\u00ee kir ku &#8220;a\u015ft\u00ee \u00fb aram\u00ee&#8221; li c\u00eehan\u00ea serdest bibe \u00fb daw\u00ee li \u00ea\u015f \u00fb azar\u00ean gelan were an\u00een.&#8221;<\/h3>\n<h3 style=\"text-align: justify\">Pi\u015ft\u00ee civ\u00een\u00ea, Papa Leo XIV\u00eam\u00een \u00fb Serok Mes\u00fbd Barzan\u00ee diyar\u00ee p\u00ea\u015fk\u00ea\u015f\u00ee hevd\u00fb kirin.<\/h3>\n","protected":false},"excerpt":{"rendered":"<p>Serok Mes\u00fbd Barzan\u00ee li Vat\u00eekan\u00ea bi Papa Leo 14em\u00een re civiya \u00fb di hevd\u00eetin\u00ea de tekez\u00ee li ser a\u015ft\u00ee \u00fb aramiya c\u00eehan\u00ee hat kirin. Serok Mes\u00fbd Barzan\u00ee \u00eero li Vat\u00eekan\u00ea ji aliy\u00ea Papa Leo XIVem\u00een ve hat p\u00ea\u015fwaz\u00eekirin. Li gor\u00ee daxuyaniya Baregeha Barzan\u00ee, di hevd\u00eetin\u00ea de Papa Leo bi germ\u00ee bix\u00earhatina Serok Barzan\u00ee kir. Her [&hellip;]<\/p>\n","protected":false},"author":2,"featured_media":1051488,"comment_status":"closed","ping_status":"closed","sticky":false,"template":"","format":"standard","meta":{"footnotes":""},"categories":[29],"tags":[37],"class_list":["post-1051487","post","type-post","status-publish","format-standard","has-post-thumbnail","hentry","category-kurdistan","tag-sereke"],"blocksy_meta":[],"seo_head":"<!-- This site is optimized with the Yoast SEO plugin v27.5 - https:\/\/yoast.com\/product\/yoast-seo-wordpress\/ -->\n<title>Serok Barzan\u00ee \u00fb Papa Leo li Vat\u00eekan\u00ea civiyan - Darka Maz\u00ee<\/title>\n<meta name=\"robots\" content=\"index, follow, max-snippet:-1, max-image-preview:large, max-video-preview:-1\" \/>\n<link rel=\"canonical\" href=\"https:\/\/darkamazi.info\/archives\/1051487\" \/>\n<meta property=\"og:locale\" content=\"en_US\" \/>\n<meta property=\"og:type\" content=\"article\" \/>\n<meta property=\"og:title\" content=\"Serok Barzan\u00ee \u00fb Papa Leo li Vat\u00eekan\u00ea civiyan - Darka Maz\u00ee\" \/>\n<meta property=\"og:description\" content=\"Serok Mes\u00fbd Barzan\u00ee li Vat\u00eekan\u00ea bi Papa Leo 14em\u00een re civiya \u00fb di hevd\u00eetin\u00ea de tekez\u00ee li ser a\u015ft\u00ee \u00fb aramiya c\u00eehan\u00ee hat kirin. Serok Mes\u00fbd Barzan\u00ee \u00eero li Vat\u00eekan\u00ea ji aliy\u00ea Papa Leo XIVem\u00een ve hat p\u00ea\u015fwaz\u00eekirin. Li gor\u00ee daxuyaniya Baregeha Barzan\u00ee, di hevd\u00eetin\u00ea de Papa Leo bi germ\u00ee bix\u00earhatina Serok Barzan\u00ee kir. Her [&hellip;]\" \/>\n<meta property=\"og:url\" content=\"https:\/\/darkamazi.info\/archives\/1051487\" \/>\n<meta property=\"og:site_name\" content=\"Darka Maz\u00ee\" \/>\n<meta property=\"article:publisher\" content=\"https:\/\/www.facebook.com\/DarMaziKurmanci\" \/>\n<meta property=\"article:published_time\" content=\"2026-01-21T14:00:16+00:00\" \/>\n<meta property=\"og:image\" content=\"https:\/\/darkamazi.info\/file\/2026\/01\/Serok-Papa-Info.jpg\" \/>\n\t<meta property=\"og:image:width\" content=\"900\" \/>\n\t<meta property=\"og:image:height\" content=\"500\" \/>\n\t<meta property=\"og:image:type\" content=\"image\/jpeg\" \/>\n<meta name=\"author\" content=\"darka mazi\" \/>\n<meta name=\"twitter:card\" content=\"summary_large_image\" \/>\n<meta name=\"twitter:creator\" content=\"@DarkaMaziLatini\" \/>\n<meta name=\"twitter:site\" content=\"@DarkaMaziLatini\" \/>\n<meta name=\"twitter:label1\" content=\"Written by\" \/>\n\t<meta name=\"twitter:data1\" content=\"darka mazi\" \/>\n\t<meta name=\"twitter:label2\" content=\"Est. reading time\" \/>\n\t<meta name=\"twitter:data2\" content=\"1 minute\" \/>\n<script type=\"application\/ld+json\" class=\"seo-schema-graph\">{\"@context\":\"https:\\\/\\\/schema.org\",\"@graph\":[{\"@type\":\"Article\",\"@id\":\"https:\\\/\\\/darkamazi.info\\\/archives\\\/1051487#article\",\"isPartOf\":{\"@id\":\"https:\\\/\\\/darkamazi.info\\\/archives\\\/1051487\"},\"author\":{\"name\":\"darka mazi\",\"@id\":\"https:\\\/\\\/darkamazi.info\\\/#\\\/schema\\\/person\\\/5ad3e24553a0567993fa8ed4bd0a776c\"},\"headline\":\"Serok Barzan\u00ee \u00fb Papa Leo li Vat\u00eekan\u00ea civiyan\",\"datePublished\":\"2026-01-21T14:00:16+00:00\",\"mainEntityOfPage\":{\"@id\":\"https:\\\/\\\/darkamazi.info\\\/archives\\\/1051487\"},\"wordCount\":163,\"publisher\":{\"@id\":\"https:\\\/\\\/darkamazi.info\\\/#organization\"},\"image\":{\"@id\":\"https:\\\/\\\/darkamazi.info\\\/archives\\\/1051487#primaryimage\"},\"thumbnailUrl\":\"https:\\\/\\\/darkamazi.info\\\/darka-content\\\/uploads\\\/2026\\\/01\\\/Serok-Papa-Info.jpg\",\"keywords\":[\"sereke\"],\"articleSection\":[\"Kurdistan\"],\"inLanguage\":\"en-US\"},{\"@type\":\"WebPage\",\"@id\":\"https:\\\/\\\/darkamazi.info\\\/archives\\\/1051487\",\"url\":\"https:\\\/\\\/darkamazi.info\\\/archives\\\/1051487\",\"name\":\"Serok Barzan\u00ee \u00fb Papa Leo li Vat\u00eekan\u00ea civiyan - Darka Maz\u00ee\",\"isPartOf\":{\"@id\":\"https:\\\/\\\/darkamazi.info\\\/#website\"},\"primaryImageOfPage\":{\"@id\":\"https:\\\/\\\/darkamazi.info\\\/archives\\\/1051487#primaryimage\"},\"image\":{\"@id\":\"https:\\\/\\\/darkamazi.info\\\/archives\\\/1051487#primaryimage\"},\"thumbnailUrl\":\"https:\\\/\\\/darkamazi.info\\\/darka-content\\\/uploads\\\/2026\\\/01\\\/Serok-Papa-Info.jpg\",\"datePublished\":\"2026-01-21T14:00:16+00:00\",\"breadcrumb\":{\"@id\":\"https:\\\/\\\/darkamazi.info\\\/archives\\\/1051487#breadcrumb\"},\"inLanguage\":\"en-US\",\"potentialAction\":[{\"@type\":\"ReadAction\",\"target\":[\"https:\\\/\\\/darkamazi.info\\\/archives\\\/1051487\"]}]},{\"@type\":\"ImageObject\",\"inLanguage\":\"en-US\",\"@id\":\"https:\\\/\\\/darkamazi.info\\\/archives\\\/1051487#primaryimage\",\"url\":\"https:\\\/\\\/darkamazi.info\\\/darka-content\\\/uploads\\\/2026\\\/01\\\/Serok-Papa-Info.jpg\",\"contentUrl\":\"https:\\\/\\\/darkamazi.info\\\/darka-content\\\/uploads\\\/2026\\\/01\\\/Serok-Papa-Info.jpg\",\"width\":900,\"height\":500,\"caption\":\"Serok Barzan\u00ee \u00fb Papa Leo li Vat\u00eekan\u00ea civiyan\"},{\"@type\":\"BreadcrumbList\",\"@id\":\"https:\\\/\\\/darkamazi.info\\\/archives\\\/1051487#breadcrumb\",\"itemListElement\":[{\"@type\":\"ListItem\",\"position\":1,\"name\":\"Home\",\"item\":\"https:\\\/\\\/darkamazi.info\\\/\"},{\"@type\":\"ListItem\",\"position\":2,\"name\":\"Serok Barzan\u00ee \u00fb Papa Leo li Vat\u00eekan\u00ea civiyan\"}]},{\"@type\":\"WebSite\",\"@id\":\"https:\\\/\\\/darkamazi.info\\\/#website\",\"url\":\"https:\\\/\\\/darkamazi.info\\\/\",\"name\":\"Darka Maz\u00ee\",\"description\":\"P\u00eageha Zanyariy\u00ean Nebih\u00eest\u00ee\",\"publisher\":{\"@id\":\"https:\\\/\\\/darkamazi.info\\\/#organization\"},\"potentialAction\":[{\"@type\":\"SearchAction\",\"target\":{\"@type\":\"EntryPoint\",\"urlTemplate\":\"https:\\\/\\\/darkamazi.info\\\/?s={search_term_string}\"},\"query-input\":{\"@type\":\"PropertyValueSpecification\",\"valueRequired\":true,\"valueName\":\"search_term_string\"}}],\"inLanguage\":\"en-US\"},{\"@type\":\"Organization\",\"@id\":\"https:\\\/\\\/darkamazi.info\\\/#organization\",\"name\":\"Darka Maz\u00ee\",\"url\":\"https:\\\/\\\/darkamazi.info\\\/\",\"logo\":{\"@type\":\"ImageObject\",\"inLanguage\":\"en-US\",\"@id\":\"https:\\\/\\\/darkamazi.info\\\/#\\\/schema\\\/logo\\\/image\\\/\",\"url\":\"https:\\\/\\\/darkamazi.info\\\/darka-content\\\/uploads\\\/2017\\\/12\\\/darka-mazi-logo.png\",\"contentUrl\":\"https:\\\/\\\/darkamazi.info\\\/darka-content\\\/uploads\\\/2017\\\/12\\\/darka-mazi-logo.png\",\"width\":151,\"height\":75,\"caption\":\"Darka Maz\u00ee\"},\"image\":{\"@id\":\"https:\\\/\\\/darkamazi.info\\\/#\\\/schema\\\/logo\\\/image\\\/\"},\"sameAs\":[\"https:\\\/\\\/www.facebook.com\\\/DarMaziKurmanci\",\"https:\\\/\\\/x.com\\\/DarkaMaziLatini\",\"https:\\\/\\\/www.instagram.com\\\/darkamazi.kurmanci\\\/\",\"https:\\\/\\\/www.youtube.com\\\/channel\\\/UCa5HkTdmI8U1qCUFuTw8B2g\"]},{\"@type\":\"Person\",\"@id\":\"https:\\\/\\\/darkamazi.info\\\/#\\\/schema\\\/person\\\/5ad3e24553a0567993fa8ed4bd0a776c\",\"name\":\"darka mazi\",\"sameAs\":[\"https:\\\/\\\/darkamazi.info\\\/\"],\"url\":\"https:\\\/\\\/darkamazi.info\\\/archives\\\/author\\\/kurdi\"}]}<\/script>\n<!-- \/ Yoast SEO plugin. -->","seo_head_json":{"title":"Serok Barzan\u00ee \u00fb Papa Leo li Vat\u00eekan\u00ea civiyan - Darka Maz\u00ee","robots":{"index":"index","follow":"follow","max-snippet":"max-snippet:-1","max-image-preview":"max-image-preview:large","max-video-preview":"max-video-preview:-1"},"canonical":"https:\/\/darkamazi.info\/archives\/1051487","og_locale":"en_US","og_type":"article","og_title":"Serok Barzan\u00ee \u00fb Papa Leo li Vat\u00eekan\u00ea civiyan - Darka Maz\u00ee","og_description":"Serok Mes\u00fbd Barzan\u00ee li Vat\u00eekan\u00ea bi Papa Leo 14em\u00een re civiya \u00fb di hevd\u00eetin\u00ea de tekez\u00ee li ser a\u015ft\u00ee \u00fb aramiya c\u00eehan\u00ee hat kirin. Serok Mes\u00fbd Barzan\u00ee \u00eero li Vat\u00eekan\u00ea ji aliy\u00ea Papa Leo XIVem\u00een ve hat p\u00ea\u015fwaz\u00eekirin. Li gor\u00ee daxuyaniya Baregeha Barzan\u00ee, di hevd\u00eetin\u00ea de Papa Leo bi germ\u00ee bix\u00earhatina Serok Barzan\u00ee kir. Her [&hellip;]","og_url":"https:\/\/darkamazi.info\/archives\/1051487","og_site_name":"Darka Maz\u00ee","article_publisher":"https:\/\/www.facebook.com\/DarMaziKurmanci","article_published_time":"2026-01-21T14:00:16+00:00","og_image":[{"width":900,"height":500,"url":"https:\/\/darkamazi.info\/file\/2026\/01\/Serok-Papa-Info.jpg","type":"image\/jpeg"}],"author":"darka mazi","twitter_card":"summary_large_image","twitter_creator":"@DarkaMaziLatini","twitter_site":"@DarkaMaziLatini","twitter_misc":{"Written by":"darka mazi","Est. reading time":"1 minute"},"schema":{"@context":"https:\/\/schema.org","@graph":[{"@type":"Article","@id":"https:\/\/darkamazi.info\/archives\/1051487#article","isPartOf":{"@id":"https:\/\/darkamazi.info\/archives\/1051487"},"author":{"name":"darka mazi","@id":"https:\/\/darkamazi.info\/#\/schema\/person\/5ad3e24553a0567993fa8ed4bd0a776c"},"headline":"Serok Barzan\u00ee \u00fb Papa Leo li Vat\u00eekan\u00ea civiyan","datePublished":"2026-01-21T14:00:16+00:00","mainEntityOfPage":{"@id":"https:\/\/darkamazi.info\/archives\/1051487"},"wordCount":163,"publisher":{"@id":"https:\/\/darkamazi.info\/#organization"},"image":{"@id":"https:\/\/darkamazi.info\/archives\/1051487#primaryimage"},"thumbnailUrl":"https:\/\/darkamazi.info\/file\/2026\/01\/Serok-Papa-Info.jpg","keywords":["sereke"],"articleSection":["Kurdistan"],"inLanguage":"en-US"},{"@type":"WebPage","@id":"https:\/\/darkamazi.info\/archives\/1051487","url":"https:\/\/darkamazi.info\/archives\/1051487","name":"Serok Barzan\u00ee \u00fb Papa Leo li Vat\u00eekan\u00ea civiyan - Darka Maz\u00ee","isPartOf":{"@id":"https:\/\/darkamazi.info\/#website"},"primaryImageOfPage":{"@id":"https:\/\/darkamazi.info\/archives\/1051487#primaryimage"},"image":{"@id":"https:\/\/darkamazi.info\/archives\/1051487#primaryimage"},"thumbnailUrl":"https:\/\/darkamazi.info\/file\/2026\/01\/Serok-Papa-Info.jpg","datePublished":"2026-01-21T14:00:16+00:00","breadcrumb":{"@id":"https:\/\/darkamazi.info\/archives\/1051487#breadcrumb"},"inLanguage":"en-US","potentialAction":[{"@type":"ReadAction","target":["https:\/\/darkamazi.info\/archives\/1051487"]}]},{"@type":"ImageObject","inLanguage":"en-US","@id":"https:\/\/darkamazi.info\/archives\/1051487#primaryimage","url":"https:\/\/darkamazi.info\/file\/2026\/01\/Serok-Papa-Info.jpg","contentUrl":"https:\/\/darkamazi.info\/file\/2026\/01\/Serok-Papa-Info.jpg","width":900,"height":500,"caption":"Serok Barzan\u00ee \u00fb Papa Leo li Vat\u00eekan\u00ea civiyan"},{"@type":"BreadcrumbList","@id":"https:\/\/darkamazi.info\/archives\/1051487#breadcrumb","itemListElement":[{"@type":"ListItem","position":1,"name":"Home","item":"https:\/\/darkamazi.info\/"},{"@type":"ListItem","position":2,"name":"Serok Barzan\u00ee \u00fb Papa Leo li Vat\u00eekan\u00ea civiyan"}]},{"@type":"WebSite","@id":"https:\/\/darkamazi.info\/#website","url":"https:\/\/darkamazi.info\/","name":"Darka Maz\u00ee","description":"P\u00eageha Zanyariy\u00ean Nebih\u00eest\u00ee","publisher":{"@id":"https:\/\/darkamazi.info\/#organization"},"potentialAction":[{"@type":"SearchAction","target":{"@type":"EntryPoint","urlTemplate":"https:\/\/darkamazi.info\/?s={search_term_string}"},"query-input":{"@type":"PropertyValueSpecification","valueRequired":true,"valueName":"search_term_string"}}],"inLanguage":"en-US"},{"@type":"Organization","@id":"https:\/\/darkamazi.info\/#organization","name":"Darka Maz\u00ee","url":"https:\/\/darkamazi.info\/","logo":{"@type":"ImageObject","inLanguage":"en-US","@id":"https:\/\/darkamazi.info\/#\/schema\/logo\/image\/","url":"https:\/\/darkamazi.info\/file\/2017\/12\/darka-mazi-logo.png","contentUrl":"https:\/\/darkamazi.info\/file\/2017\/12\/darka-mazi-logo.png","width":151,"height":75,"caption":"Darka Maz\u00ee"},"image":{"@id":"https:\/\/darkamazi.info\/#\/schema\/logo\/image\/"},"sameAs":["https:\/\/www.facebook.com\/DarMaziKurmanci","https:\/\/x.com\/DarkaMaziLatini","https:\/\/www.instagram.com\/darkamazi.kurmanci\/","https:\/\/www.youtube.com\/channel\/UCa5HkTdmI8U1qCUFuTw8B2g"]},{"@type":"Person","@id":"https:\/\/darkamazi.info\/#\/schema\/person\/5ad3e24553a0567993fa8ed4bd0a776c","name":"darka mazi","sameAs":["https:\/\/darkamazi.info\/"],"url":"https:\/\/darkamazi.info\/archives\/author\/kurdi"}]}},"_links":{"self":[{"href":"https:\/\/darkamazi.info\/funavuv\/wp\/v2\/posts\/1051487","targetHints":{"allow":["GET"]}}],"collection":[{"href":"https:\/\/darkamazi.info\/funavuv\/wp\/v2\/posts"}],"about":[{"href":"https:\/\/darkamazi.info\/funavuv\/wp\/v2\/types\/post"}],"author":[{"embeddable":true,"href":"https:\/\/darkamazi.info\/funavuv\/wp\/v2\/users\/2"}],"replies":[{"embeddable":true,"href":"https:\/\/darkamazi.info\/funavuv\/wp\/v2\/comments?post=1051487"}],"version-history":[{"count":0,"href":"https:\/\/darkamazi.info\/funavuv\/wp\/v2\/posts\/1051487\/revisions"}],"wp:featuredmedia":[{"embeddable":true,"href":"https:\/\/darkamazi.info\/funavuv\/wp\/v2\/media\/1051488"}],"wp:attachment":[{"href":"https:\/\/darkamazi.info\/funavuv\/wp\/v2\/media?parent=1051487"}],"wp:term":[{"taxonomy":"category","embeddable":true,"href":"https:\/\/darkamazi.info\/funavuv\/wp\/v2\/categories?post=1051487"},{"taxonomy":"post_tag","embeddable":true,"href":"https:\/\/darkamazi.info\/funavuv\/wp\/v2\/tags?post=1051487"}],"curies":[{"name":"wp","href":"https:\/\/api.w.org\/{rel}","templated":true}]}}