{"id":1051490,"date":"2026-01-21T19:15:36","date_gmt":"2026-01-21T16:15:36","guid":{"rendered":"https:\/\/darkamazi.info\/?p=1051490"},"modified":"2026-01-21T19:15:36","modified_gmt":"2026-01-21T16:15:36","slug":"pevajoya-nu-li-suriye","status":"publish","type":"post","link":"https:\/\/darkamazi.info\/archives\/1051490","title":{"rendered":"P\u00eavajoya N\u00fb li S\u00fbriy\u00ea!"},"content":{"rendered":"<h3 style=\"text-align: justify\"><span style=\"font-family: 'arial black', sans-serif\">Kurteya Rew\u015fa Gi\u015ft\u00ee (Dawiya \u00c7ile 2026)<\/span><br \/>\n<span style=\"font-family: 'arial black', sans-serif\">\u00a0Pi\u015ft\u00ee hilwe\u015f\u00eena rej\u00eema Esed di Kan\u00fbna 2024&#8217;an de, li S\u00fbriy\u00ea hik\u00fbmeta demk\u00ee ya serdest bi serokatiya Ahmed al-Sharaa (ku ber\u00ea bi nav\u00ea Ebu Muhammed el-Colan\u00ee t\u00ea naskirin) \u00fb bi serweriya HT\u015e&#8217;y\u00ea (Heyet Tahrir el-\u015eam) hate avakirin. HT\u015e saziyeke bi kok\u00ean El-Qa\u00eedey\u00ea ye (dewama El-Nusra&#8217;y\u00ea) \u00fb t\u00eakil\u00eey\u00ean w\u00ea y\u00ean \u00eedeoloj\u00eek \u00fb r\u00eaxistin\u00ee bi \u00ceS\u00ceS&#8217;\u00ea re j\u00ee t\u00eakiliy\u00ean d\u00eeyar hene.<\/span><\/h3>\n<h3 style=\"text-align: justify\">\u201c<em>Art\u00ea\u015fa S\u00fbriy\u00ea\u201d<\/em> niha bi piran\u00ee ji uns\u00fbr\u00ean HT\u015e\/SNA&#8217;y\u00ea (Art\u00ea\u015fa Netewey\u00ee ya S\u00fbriy\u00ea) p\u00eak t\u00ea \u00fb bi pi\u015ftgiriya xurt a Tirkiyey\u00ea tevdiger e.<\/h3>\n<h3 style=\"text-align: justify\">Her\u00eam\u00ean di bin kontrola Kurdan de y\u00ean <strong><em>\u201cBakur \u00fb Rojhilat\u00ea S\u00fbriy\u00ea\u201d<\/em><\/strong> (Rojavay\u00ea Kurdistan\u00ea\/DAANES) (Hesek\u00ea, Reqqa, D\u00earazor \u00fb hwd.) di heftey\u00ean daw\u00ee de rast\u00ee \u00ear\u00ee\u015f\u00ean h\u00eaz\u00ean hik\u00fbmeta demk\u00ee ya S\u00fbr\u00eeyey\u00ea hatin. Pev\u00e7\u00fbn z\u00eade b\u00fbn, H\u00eaz\u00ean S\u00fbriya Demokrat\u00eek (HSD) r\u00fbbir\u00fby\u00ee windahiy\u00ean erdn\u00eegar\u00ee y\u00ean gir\u00eeng b\u00fbn <strong>(Tebq\u00ea, Reqqa, piraniya D\u00earazor\u00ea<\/strong> hatin girtin). Di 18&#8217;\u00ea \u00c7ile de, bi navbeynkariya <strong>DYA<\/strong>y\u00ea (bi be\u015fdariya <strong>Tom Barrack<\/strong>) agirbest \u00fb <strong><em>\u201cpeymana entegrasyon\u00ea\u201d <\/em><\/strong>hate \u00eemzekirin, l\u00ea li qad\u00ea ji milet\u00ea Kurd re tehl\u00fbke, pev\u00e7\u00fbn berdewam in \u00fb peyman bi awayek\u00ee prat\u00eek hilwe\u015fiya ye.<\/h3>\n<h3 style=\"text-align: justify\"><strong>Helwesta Daw\u00ee ya Tom Barrack \u00fb DYA\/Koal\u00eesyon\u00ea<br \/>\n<\/strong>N\u00fbner\u00ea Taybet \u00ea <strong>DYA<\/strong>y\u00ea y\u00ea S\u00fbriyey\u00ea (di heman dem\u00ea de Balyoz\u00ea li Enqer\u00ea y\u00ea) <strong>Tom Barrack<\/strong>, di daxuyaniya xwe ya li ser X&#8217;\u00ea (ber\u00ea Twitter) di 20&#8217;\u00ea \u00c7ile 2026&#8217;an de van gotinan bikar an\u00ee:<br \/>\n\u00a0\u201c<strong><em>HSD\u00ea armanca sereke ya h\u00eaza dij-\u00ceS\u00ceS&#8217;\u00ea li qad\u00ea bi piran\u00ee bi daw\u00ee b\u00fbye.\u201d<\/em><\/strong>(!)<\/h3>\n<h3 style=\"text-align: justify\"><strong>Sedem<\/strong>:<\/h3>\n<h3 style=\"text-align: justify\">-Hik\u00fbmeta S\u00fbriy\u00ea (hikumeta zordar a \u015eam\u00ea ya de facto), b\u00fbye endam\u00ea <strong>90<\/strong>yem\u00een y\u00ea <strong>Koal\u00eesyona C\u00eehan\u00ee<\/strong> ya li dij\u00ee <strong>\u00ceS\u00ceS<\/strong>\u00ea. Niha ew <strong><em>\u201camade \u00fb dilxwaz\u201d<\/em><\/strong> e ku berpirsiyariy\u00ean ewlehiy\u00ea (girtiy\u00ean \u00ceS\u00ceS&#8217;\u00ea \u00fb kampan j\u00ee t\u00ea de) bigire ser xwe.<\/h3>\n<h3 style=\"text-align: justify\">-Ji bo Kurdan <strong><em>\u201cfirsenda her\u00ee mezin\u201d<\/em><\/strong>, entegrasyona tam di hik\u00fbmeta Ahmed al-Sharaa de \u00fb pejirandina hemwelatiya S\u00fbriy\u00ea ye (maf\u00ean hemwelatiy\u00ea, parastina ziman\u00ea Kurd\u00ee \u00fb hwd.).<\/h3>\n<h3 style=\"text-align: justify\"><strong>P\u00ea\u015f\u00eeniya DYAy\u00ea:<\/strong><\/h3>\n<h3 style=\"text-align: justify\">-H\u00easankirina dan\u00fbstandin\u00ean di navbera \u015eam \u00fb HSD de ji bo ewlehiya girtiy\u00ean <strong>DA\u00ce\u015e<\/strong>&#8216;\u00ea \u00fb entegrasyona siyas\u00ee ya Kurdan.<\/h3>\n<h3 style=\"text-align: justify\">&#8211;<strong>Ev daxuyan\u00ee guher\u00eena stratej\u00eek a DYAy\u00ea zelal dike:<\/strong><\/h3>\n<h3 style=\"text-align: justify\"><strong>DYA<\/strong>, \u00ead\u00ee Kurdan <strong>(HSD)<\/strong> wek\u00ee hevalbend\u00ea sereke nab\u00eenin. Di bin r\u00eaveberiya Trump de, <strong>DYA<\/strong> dixwaze Tirkiy\u00ea raz\u00ee bike, heb\u00fbna le\u015fker\u00ee k\u00eam bike \u00fb S\u00fbriyeke <strong><em>\u201cyekgirt\u00ee\u201d<\/em><\/strong> (di bin kontrola HT\u015e\u00ea de) pi\u015ftgir\u00ee bike. Gotin\u00ean Barrack fikar\u00ean Tirkiyey\u00ea y\u00ean li ser PKK\/YPG\u00ea digire ber \u00e7avan \u00fb xweseriya HSD&#8217;y\u00ea wek\u00ee <strong><em>\u201ccudaxwaz\u00ee\u201d<\/em><\/strong> bi nav dike.<\/h3>\n<h3 style=\"text-align: justify\"><strong>\u00c7ima Ev Guher\u00een?<br \/>\n<\/strong>\u00a0<strong>(Hesab\u00ean DYA \u00fb Koal\u00eesyon\u00ea) Sedem\u00ean sereke y\u00ean veguher\u00eena DYAy\u00ea bo v\u00ea siyaseta n\u00fb:<\/strong><\/h3>\n<h3 style=\"text-align: justify\">-Daxuyaniya ku t\u00eako\u015f\u00eena li dij\u00ee DA\u00ce\u015e\u00ea bi daw\u00ee b\u00fbye. Ji sala 2019&#8217;an vir ve di dest\u00ea DA\u00ce\u015e\u00ea de kontrola ax\u00ea tune ye. -Koal\u00eesyon niha dixwaze bawer\u00ee bi aktor\u00ean her\u00eam\u00ee (\u015eam) b\u00eene.<\/h3>\n<h3 style=\"text-align: justify\">&#8211;<strong>Zexta Tirkiy\u00ea<\/strong>:<\/h3>\n<h3 style=\"text-align: justify\">Tirk\u00eeye, hevpeymana <strong>NATO<\/strong>ye. <strong>HSD<\/strong>y\u00ea wek\u00ee dir\u00eajkirina PKKy\u00ea dib\u00eene. Serdema <strong>Trump<\/strong> Enqerey\u00ea p\u00ea\u015f\u00een dike; pi\u015ftgiriya ne rasterast ji bo HT\u015ey\u00ea (\u00e7ek, loj\u00eest\u00eek) bi r\u00eaya Tirkiy\u00ea t\u00ean dan.<\/h3>\n<h3 style=\"text-align: justify\"><strong>Veki\u015f\u00eena le\u015fker\u00ee \u00fb k\u00eamkirina l\u00ea\u00e7\u00fbn\u00ea:<\/strong><\/h3>\n<h3 style=\"text-align: justify\"><strong>-DYA<\/strong> dixwaze 900-2000 le\u015fker\u00ean xwe li S\u00fbriy\u00ea veki\u015f\u00eene. Bi entegrasyona <strong>HSD<\/strong>y\u00ea \u201c<strong>\u00e7areseriya her\u00eam\u00ee\u201d<\/strong> w\u00ea were peydakirin.<\/h3>\n<h3 style=\"text-align: justify\">-Hevkariya pragmat\u00eek bi HT\u015e\u00ea re, Al-Sharaa w\u00eaney\u00ea <strong><em>\u201cnerm\u201d<\/em><\/strong> n\u00ee\u015fan dide, cezay\u00ean abor\u00ee hatin rakirin, li Qesra Sp\u00ee hate p\u00ea\u015fwaz\u00eekirin. DYA, HT\u015ee wek\u00ee <strong><em>\u201chevkariya n\u00fb\u201d<\/em><\/strong> li dij\u00ee DA\u00ce\u015e\u00ea dib\u00eene.<\/h3>\n<h3 style=\"text-align: justify\">-Li dij\u00ee xweseriya Kurdan; Federal\u00eezm an cudaxwaz\u00ee nay\u00ea pi\u015ftgir\u00eekirin, t\u00eat redkirin; bal diki\u015f\u00eene ser <strong><em>\u201cart\u00ea\u015feke yek, dewleteke yek\u201d.<\/em><\/strong><\/h3>\n<h3 style=\"text-align: justify\"><strong>Metirsiya li Zindan \u00fb Kamp\u00ean DA\u00ce\u015e\u00ea<br \/>\n<\/strong>-Di 2-3 roj\u00ean daw\u00ee de (18-21&#8217;\u00ea \u00c7ile) li <strong>El-\u015eeddad\u00ee, Hesek\u00ea <\/strong>\u00fb zindan\/kamp\u00ean din (<strong>El-Hol, Roj<\/strong>) rev\u00een\u00ean mezin \u00e7\u00eab\u00fbn:<\/h3>\n<h3 style=\"text-align: justify\">-Bi hezaran endam\u00ean DA\u00ce\u015e\u00ea \u00fb endam\u00ean malbat\u00ean wan hatin berdan an j\u00ee ji aliy\u00ea h\u00eaz\u00ean HT\u015ey\u00ea ve <strong><em>\u201cdi bin kontrol\u00ea de hatin girtin\u201d<\/em><\/strong>. Rev\u00een\u00ean DA\u00ce\u015e\u00ea bi endam\u00ean razay\u00ee y\u00ean DA\u00ce\u015e\u00ea y\u00ean her\u00eam\u00ea re ketine t\u00eakil\u00eey\u00ea \u00fb dicivin.<\/h3>\n<h3 style=\"text-align: justify\">-Wezareta Navxwey\u00ee ya S\u00fbriy\u00ea HSDy\u00ea tawanbar dike (<strong><em>\u201cji bo \u015fantaja siyas\u00ee berdan\u201d).<\/em><\/strong><\/h3>\n<h3 style=\"text-align: justify\">&#8211;<strong>HSD<\/strong> j\u00ee h\u00eaz\u00ean hik\u00fbmet\u00ea \u00fb HT\u015ey\u00ea tawanbar dike <strong><em>(\u201cdi dema \u00ear\u00ee\u015f\u00ea de rev\u00een\u201d)<\/em><\/strong>.<\/h3>\n<h3 style=\"text-align: justify\">-Hin rapor: N\u00eaz\u00ee <strong>1500<\/strong> endam\u00ean \u00ceS\u00ceS&#8217;\u00ea rev\u00een, <strong>130<\/strong> hatin girtin l\u00ea metirs\u00ee berdewam e.<\/h3>\n<h3 style=\"text-align: justify\">-Ji ber t\u00eakiliy\u00ean d\u00eerok\u00ee y\u00ean <strong>HT\u015e<\/strong>y\u00ea bi DA\u00ce\u015e\u00ea re (uns\u00fbr\u00ean ber\u00ea y\u00ean Nusra\/El-Qa\u00eedey\u00ea), \u00eed\u00eea hene ku ew\u00ean rev\u00eeyane w\u00ea tevl\u00ee ref\u00ean <strong>HT\u015e<\/strong>y\u00ea b\u00fbne.<\/h3>\n<h3 style=\"text-align: justify\">(li gor agah\u00eey\u00ean liber dest, ev tesp\u00eet\u00ean min \u00ean \u201cbi hezaran \u015fervan\u00ean <strong>DA\u00ce\u015e<\/strong>\u00ea tevl\u00ee <strong>HT\u015e<\/strong>&#8216;y\u00ea b\u00fbne\u201d pi\u015ftrast dikin.)<\/h3>\n<h3 style=\"text-align: justify\">Ev rew\u015f metirsiya avakirina hucrey\u00ean n\u00fb y\u00ean DA\u00ce\u015e\u00ea \u00fb xurtb\u00fbna wan li her\u00eam\u00ea z\u00eade dike. <strong>DYA<\/strong> dib\u00eaje <strong><em>\u201cewleh\u00ee\u201d<\/em><\/strong> l\u00ea li n\u00eaz\u00ee baregeh\u00ean koal\u00eesyon\u00ea j\u00ee mudaxele nake.<\/h3>\n<h3 style=\"text-align: justify\"><strong>Metirsiya ji bo Kurdan \u00fb Metirsiya Jenos\u00eed\u00ea<br \/>\n<\/strong>Kurd bi awayek\u00ee berbi\u00e7av, ten\u00ea hatine hi\u015ftin. Piraniya axa ku di dest\u00ea <strong>HSD<\/strong>y\u00ea de b\u00fb, winda b\u00fbye, peymana entegrasyon\u00ea m\u00eena <strong><em>\u201ctesl\u00eemiyet\u00ea\u201d<\/em><\/strong> xuya dike.<br \/>\nH\u00eaz\u00ean HT\u015e\/SNAy\u00ea (bi pi\u015ftgiriya Tirkiy\u00ea) dikevin her\u00eam\u00ean Kurdan; rapor\u00ean tund\u00fbt\u00fbjiya li dij\u00ee siv\u00eelan z\u00eade dibin, n\u00fb\u00e7ey\u00ean qetl\u00eeaman belav dibin.<br \/>\nJi \u00e7ar per\u00e7ey\u00ean Kurdistan\u00ea derbasb\u00fbn\u00ean s\u00eenor\u00ee ji bo pi\u015ftgiriy\u00ea diqewimin (protesto li Nis\u00eab\u00een\u00ea, hewldan\u00ean derbaskirina d\u00eewaran).<br \/>\n\u00a0<strong>Metirsiya Qetl\u00eeam\u00ean N\u00fb Li Ser Kurdan Bilind e:<\/strong><\/h3>\n<h3 style=\"text-align: justify\">Dema \u00eedeolojiya <strong>HT\u015e<\/strong>y\u00ea (\u00ceslam\u00ee) \u00fb helwesta dij-Kurd a Tirkiy\u00ea em t\u00eenin cem hev, tirs ji <strong><em>\u201coperasyona komkuj\u00eeyan\u201d<\/em><\/strong> heye.<br \/>\n\u00a0Hin kes v\u00ea wek\u00ee <strong><em>\u201cpaqijkirina Kurdan ji her\u00eam\u00ea, ya bi plankir\u00ee\u201d<\/em><\/strong> dib\u00eenin: <strong>DYA\/Trump<\/strong> bi taw\u00eez day\u00eena Tirkiy\u00ea Kurdan feda dike.<\/h3>\n<h3 style=\"text-align: justify\">Ev siyaseta <strong>DYA<\/strong>y\u00ea terkkirina hevalbend\u00ean ber\u00ea (Kurdan) \u00fb ber bi komeke n\u00eeqa\u015fbar wek\u00ee HT\u015e\u00ea ve di\u00e7e. Xelet\u00ee: K\u00eam nirxandina metirsiya DA\u00ce\u015e\u00ea (ger rev\u00een z\u00eade bibin, p\u00ealek n\u00fb a DA\u00ce\u015e\u00ea dikare were).<br \/>\nRew\u015fa Kurdan di xeterey\u00ea de (soza entegrasyon\u00ea di prat\u00eek\u00ea de dibe teslimkirina kurdan).<br \/>\n<strong>Xurtkirina hegemonyaya her\u00eam\u00ee ya Tirkiy\u00ea.<\/strong><\/h3>\n<h3 style=\"text-align: justify\">Her\u00eam li ber kaosek mezin e. Berxwedana Kurdan berdewam e, l\u00ea ten\u00eatiya wan k\u00fbr b\u00fbye. Ji bo p\u00ea\u015f\u00eel\u00eagirtina li jenos\u00eed\u00ea, zexta navnetewey\u00ee (<strong>NY<\/strong>, r\u00eaxistin\u00ean maf\u00ean mirovan), \u00e7alakiy\u00ean d\u00eeasporay\u00ea \u00fb belge kirina rast-dem gir\u00eeng e.<\/h3>\n<h3 style=\"text-align: justify\">\u015eeyhmus Ozzengin\/21.01.2026<\/h3>\n","protected":false},"excerpt":{"rendered":"<p>Kurteya Rew\u015fa Gi\u015ft\u00ee (Dawiya \u00c7ile 2026) \u00a0Pi\u015ft\u00ee hilwe\u015f\u00eena rej\u00eema Esed di Kan\u00fbna 2024&#8217;an de, li S\u00fbriy\u00ea hik\u00fbmeta demk\u00ee ya serdest bi serokatiya Ahmed al-Sharaa (ku ber\u00ea bi nav\u00ea Ebu Muhammed el-Colan\u00ee t\u00ea naskirin) \u00fb bi serweriya HT\u015e&#8217;y\u00ea (Heyet Tahrir el-\u015eam) hate avakirin. HT\u015e saziyeke bi kok\u00ean El-Qa\u00eedey\u00ea ye (dewama El-Nusra&#8217;y\u00ea) \u00fb t\u00eakil\u00eey\u00ean w\u00ea y\u00ean \u00eedeoloj\u00eek [&hellip;]<\/p>\n","protected":false},"author":2,"featured_media":1051472,"comment_status":"closed","ping_status":"closed","sticky":false,"template":"","format":"standard","meta":{"footnotes":""},"categories":[28],"tags":[37],"class_list":["post-1051490","post","type-post","status-publish","format-standard","has-post-thumbnail","hentry","category-nerin","tag-sereke"],"blocksy_meta":[],"seo_head":"<!-- This site is optimized with the Yoast SEO plugin v27.5 - https:\/\/yoast.com\/product\/yoast-seo-wordpress\/ -->\n<title>P\u00eavajoya N\u00fb li S\u00fbriy\u00ea! - Darka Maz\u00ee<\/title>\n<meta name=\"robots\" content=\"index, follow, max-snippet:-1, max-image-preview:large, max-video-preview:-1\" \/>\n<link rel=\"canonical\" href=\"https:\/\/darkamazi.info\/archives\/1051490\" \/>\n<meta property=\"og:locale\" content=\"en_US\" \/>\n<meta property=\"og:type\" content=\"article\" \/>\n<meta property=\"og:title\" content=\"P\u00eavajoya N\u00fb li S\u00fbriy\u00ea! - Darka Maz\u00ee\" \/>\n<meta property=\"og:description\" content=\"Kurteya Rew\u015fa Gi\u015ft\u00ee (Dawiya \u00c7ile 2026) \u00a0Pi\u015ft\u00ee hilwe\u015f\u00eena rej\u00eema Esed di Kan\u00fbna 2024&#8217;an de, li S\u00fbriy\u00ea hik\u00fbmeta demk\u00ee ya serdest bi serokatiya Ahmed al-Sharaa (ku ber\u00ea bi nav\u00ea Ebu Muhammed el-Colan\u00ee t\u00ea naskirin) \u00fb bi serweriya HT\u015e&#8217;y\u00ea (Heyet Tahrir el-\u015eam) hate avakirin. HT\u015e saziyeke bi kok\u00ean El-Qa\u00eedey\u00ea ye (dewama El-Nusra&#8217;y\u00ea) \u00fb t\u00eakil\u00eey\u00ean w\u00ea y\u00ean \u00eedeoloj\u00eek [&hellip;]\" \/>\n<meta property=\"og:url\" content=\"https:\/\/darkamazi.info\/archives\/1051490\" \/>\n<meta property=\"og:site_name\" content=\"Darka Maz\u00ee\" \/>\n<meta property=\"article:publisher\" content=\"https:\/\/www.facebook.com\/DarMaziKurmanci\" \/>\n<meta property=\"article:published_time\" content=\"2026-01-21T16:15:36+00:00\" \/>\n<meta property=\"og:image\" content=\"https:\/\/darkamazi.info\/file\/2026\/01\/sheyhmus-ozengin.jpg\" \/>\n\t<meta property=\"og:image:width\" content=\"900\" \/>\n\t<meta property=\"og:image:height\" content=\"475\" \/>\n\t<meta property=\"og:image:type\" content=\"image\/jpeg\" \/>\n<meta name=\"author\" content=\"darka mazi\" \/>\n<meta name=\"twitter:card\" content=\"summary_large_image\" \/>\n<meta name=\"twitter:creator\" content=\"@DarkaMaziLatini\" \/>\n<meta name=\"twitter:site\" content=\"@DarkaMaziLatini\" \/>\n<meta name=\"twitter:label1\" content=\"Written by\" \/>\n\t<meta name=\"twitter:data1\" content=\"darka mazi\" \/>\n\t<meta name=\"twitter:label2\" content=\"Est. reading time\" \/>\n\t<meta name=\"twitter:data2\" content=\"5 minutes\" \/>\n<script type=\"application\/ld+json\" class=\"seo-schema-graph\">{\"@context\":\"https:\\\/\\\/schema.org\",\"@graph\":[{\"@type\":\"Article\",\"@id\":\"https:\\\/\\\/darkamazi.info\\\/archives\\\/1051490#article\",\"isPartOf\":{\"@id\":\"https:\\\/\\\/darkamazi.info\\\/archives\\\/1051490\"},\"author\":{\"name\":\"darka mazi\",\"@id\":\"https:\\\/\\\/darkamazi.info\\\/#\\\/schema\\\/person\\\/5ad3e24553a0567993fa8ed4bd0a776c\"},\"headline\":\"P\u00eavajoya N\u00fb li S\u00fbriy\u00ea!\",\"datePublished\":\"2026-01-21T16:15:36+00:00\",\"mainEntityOfPage\":{\"@id\":\"https:\\\/\\\/darkamazi.info\\\/archives\\\/1051490\"},\"wordCount\":1124,\"publisher\":{\"@id\":\"https:\\\/\\\/darkamazi.info\\\/#organization\"},\"image\":{\"@id\":\"https:\\\/\\\/darkamazi.info\\\/archives\\\/1051490#primaryimage\"},\"thumbnailUrl\":\"https:\\\/\\\/darkamazi.info\\\/darka-content\\\/uploads\\\/2026\\\/01\\\/sheyhmus-ozengin.jpg\",\"keywords\":[\"sereke\"],\"articleSection\":[\"Ner\u00een\"],\"inLanguage\":\"en-US\"},{\"@type\":\"WebPage\",\"@id\":\"https:\\\/\\\/darkamazi.info\\\/archives\\\/1051490\",\"url\":\"https:\\\/\\\/darkamazi.info\\\/archives\\\/1051490\",\"name\":\"P\u00eavajoya N\u00fb li S\u00fbriy\u00ea! - Darka Maz\u00ee\",\"isPartOf\":{\"@id\":\"https:\\\/\\\/darkamazi.info\\\/#website\"},\"primaryImageOfPage\":{\"@id\":\"https:\\\/\\\/darkamazi.info\\\/archives\\\/1051490#primaryimage\"},\"image\":{\"@id\":\"https:\\\/\\\/darkamazi.info\\\/archives\\\/1051490#primaryimage\"},\"thumbnailUrl\":\"https:\\\/\\\/darkamazi.info\\\/darka-content\\\/uploads\\\/2026\\\/01\\\/sheyhmus-ozengin.jpg\",\"datePublished\":\"2026-01-21T16:15:36+00:00\",\"breadcrumb\":{\"@id\":\"https:\\\/\\\/darkamazi.info\\\/archives\\\/1051490#breadcrumb\"},\"inLanguage\":\"en-US\",\"potentialAction\":[{\"@type\":\"ReadAction\",\"target\":[\"https:\\\/\\\/darkamazi.info\\\/archives\\\/1051490\"]}]},{\"@type\":\"ImageObject\",\"inLanguage\":\"en-US\",\"@id\":\"https:\\\/\\\/darkamazi.info\\\/archives\\\/1051490#primaryimage\",\"url\":\"https:\\\/\\\/darkamazi.info\\\/darka-content\\\/uploads\\\/2026\\\/01\\\/sheyhmus-ozengin.jpg\",\"contentUrl\":\"https:\\\/\\\/darkamazi.info\\\/darka-content\\\/uploads\\\/2026\\\/01\\\/sheyhmus-ozengin.jpg\",\"width\":900,\"height\":475,\"caption\":\"Li S\u00fbriy\u00ea Peymana Agirbest\u00ea yaQedera Roavay\u00ea Kurdistan\u00ea Ji Dest\u00ea Kurdan Derdikeve!18\u00ea \u00c7ileya 2026\u2019an: PKK\u2019\u00ea \u00cexaneta Her\u00ee Giran li milet\u00ea Kurd Kir!\"},{\"@type\":\"BreadcrumbList\",\"@id\":\"https:\\\/\\\/darkamazi.info\\\/archives\\\/1051490#breadcrumb\",\"itemListElement\":[{\"@type\":\"ListItem\",\"position\":1,\"name\":\"Home\",\"item\":\"https:\\\/\\\/darkamazi.info\\\/\"},{\"@type\":\"ListItem\",\"position\":2,\"name\":\"P\u00eavajoya N\u00fb li S\u00fbriy\u00ea!\"}]},{\"@type\":\"WebSite\",\"@id\":\"https:\\\/\\\/darkamazi.info\\\/#website\",\"url\":\"https:\\\/\\\/darkamazi.info\\\/\",\"name\":\"Darka Maz\u00ee\",\"description\":\"P\u00eageha Zanyariy\u00ean Nebih\u00eest\u00ee\",\"publisher\":{\"@id\":\"https:\\\/\\\/darkamazi.info\\\/#organization\"},\"potentialAction\":[{\"@type\":\"SearchAction\",\"target\":{\"@type\":\"EntryPoint\",\"urlTemplate\":\"https:\\\/\\\/darkamazi.info\\\/?s={search_term_string}\"},\"query-input\":{\"@type\":\"PropertyValueSpecification\",\"valueRequired\":true,\"valueName\":\"search_term_string\"}}],\"inLanguage\":\"en-US\"},{\"@type\":\"Organization\",\"@id\":\"https:\\\/\\\/darkamazi.info\\\/#organization\",\"name\":\"Darka Maz\u00ee\",\"url\":\"https:\\\/\\\/darkamazi.info\\\/\",\"logo\":{\"@type\":\"ImageObject\",\"inLanguage\":\"en-US\",\"@id\":\"https:\\\/\\\/darkamazi.info\\\/#\\\/schema\\\/logo\\\/image\\\/\",\"url\":\"https:\\\/\\\/darkamazi.info\\\/darka-content\\\/uploads\\\/2017\\\/12\\\/darka-mazi-logo.png\",\"contentUrl\":\"https:\\\/\\\/darkamazi.info\\\/darka-content\\\/uploads\\\/2017\\\/12\\\/darka-mazi-logo.png\",\"width\":151,\"height\":75,\"caption\":\"Darka Maz\u00ee\"},\"image\":{\"@id\":\"https:\\\/\\\/darkamazi.info\\\/#\\\/schema\\\/logo\\\/image\\\/\"},\"sameAs\":[\"https:\\\/\\\/www.facebook.com\\\/DarMaziKurmanci\",\"https:\\\/\\\/x.com\\\/DarkaMaziLatini\",\"https:\\\/\\\/www.instagram.com\\\/darkamazi.kurmanci\\\/\",\"https:\\\/\\\/www.youtube.com\\\/channel\\\/UCa5HkTdmI8U1qCUFuTw8B2g\"]},{\"@type\":\"Person\",\"@id\":\"https:\\\/\\\/darkamazi.info\\\/#\\\/schema\\\/person\\\/5ad3e24553a0567993fa8ed4bd0a776c\",\"name\":\"darka mazi\",\"sameAs\":[\"https:\\\/\\\/darkamazi.info\\\/\"],\"url\":\"https:\\\/\\\/darkamazi.info\\\/archives\\\/author\\\/kurdi\"}]}<\/script>\n<!-- \/ Yoast SEO plugin. -->","seo_head_json":{"title":"P\u00eavajoya N\u00fb li S\u00fbriy\u00ea! - Darka Maz\u00ee","robots":{"index":"index","follow":"follow","max-snippet":"max-snippet:-1","max-image-preview":"max-image-preview:large","max-video-preview":"max-video-preview:-1"},"canonical":"https:\/\/darkamazi.info\/archives\/1051490","og_locale":"en_US","og_type":"article","og_title":"P\u00eavajoya N\u00fb li S\u00fbriy\u00ea! - Darka Maz\u00ee","og_description":"Kurteya Rew\u015fa Gi\u015ft\u00ee (Dawiya \u00c7ile 2026) \u00a0Pi\u015ft\u00ee hilwe\u015f\u00eena rej\u00eema Esed di Kan\u00fbna 2024&#8217;an de, li S\u00fbriy\u00ea hik\u00fbmeta demk\u00ee ya serdest bi serokatiya Ahmed al-Sharaa (ku ber\u00ea bi nav\u00ea Ebu Muhammed el-Colan\u00ee t\u00ea naskirin) \u00fb bi serweriya HT\u015e&#8217;y\u00ea (Heyet Tahrir el-\u015eam) hate avakirin. HT\u015e saziyeke bi kok\u00ean El-Qa\u00eedey\u00ea ye (dewama El-Nusra&#8217;y\u00ea) \u00fb t\u00eakil\u00eey\u00ean w\u00ea y\u00ean \u00eedeoloj\u00eek [&hellip;]","og_url":"https:\/\/darkamazi.info\/archives\/1051490","og_site_name":"Darka Maz\u00ee","article_publisher":"https:\/\/www.facebook.com\/DarMaziKurmanci","article_published_time":"2026-01-21T16:15:36+00:00","og_image":[{"width":900,"height":475,"url":"https:\/\/darkamazi.info\/file\/2026\/01\/sheyhmus-ozengin.jpg","type":"image\/jpeg"}],"author":"darka mazi","twitter_card":"summary_large_image","twitter_creator":"@DarkaMaziLatini","twitter_site":"@DarkaMaziLatini","twitter_misc":{"Written by":"darka mazi","Est. reading time":"5 minutes"},"schema":{"@context":"https:\/\/schema.org","@graph":[{"@type":"Article","@id":"https:\/\/darkamazi.info\/archives\/1051490#article","isPartOf":{"@id":"https:\/\/darkamazi.info\/archives\/1051490"},"author":{"name":"darka mazi","@id":"https:\/\/darkamazi.info\/#\/schema\/person\/5ad3e24553a0567993fa8ed4bd0a776c"},"headline":"P\u00eavajoya N\u00fb li S\u00fbriy\u00ea!","datePublished":"2026-01-21T16:15:36+00:00","mainEntityOfPage":{"@id":"https:\/\/darkamazi.info\/archives\/1051490"},"wordCount":1124,"publisher":{"@id":"https:\/\/darkamazi.info\/#organization"},"image":{"@id":"https:\/\/darkamazi.info\/archives\/1051490#primaryimage"},"thumbnailUrl":"https:\/\/darkamazi.info\/file\/2026\/01\/sheyhmus-ozengin.jpg","keywords":["sereke"],"articleSection":["Ner\u00een"],"inLanguage":"en-US"},{"@type":"WebPage","@id":"https:\/\/darkamazi.info\/archives\/1051490","url":"https:\/\/darkamazi.info\/archives\/1051490","name":"P\u00eavajoya N\u00fb li S\u00fbriy\u00ea! - Darka Maz\u00ee","isPartOf":{"@id":"https:\/\/darkamazi.info\/#website"},"primaryImageOfPage":{"@id":"https:\/\/darkamazi.info\/archives\/1051490#primaryimage"},"image":{"@id":"https:\/\/darkamazi.info\/archives\/1051490#primaryimage"},"thumbnailUrl":"https:\/\/darkamazi.info\/file\/2026\/01\/sheyhmus-ozengin.jpg","datePublished":"2026-01-21T16:15:36+00:00","breadcrumb":{"@id":"https:\/\/darkamazi.info\/archives\/1051490#breadcrumb"},"inLanguage":"en-US","potentialAction":[{"@type":"ReadAction","target":["https:\/\/darkamazi.info\/archives\/1051490"]}]},{"@type":"ImageObject","inLanguage":"en-US","@id":"https:\/\/darkamazi.info\/archives\/1051490#primaryimage","url":"https:\/\/darkamazi.info\/file\/2026\/01\/sheyhmus-ozengin.jpg","contentUrl":"https:\/\/darkamazi.info\/file\/2026\/01\/sheyhmus-ozengin.jpg","width":900,"height":475,"caption":"Li S\u00fbriy\u00ea Peymana Agirbest\u00ea yaQedera Roavay\u00ea Kurdistan\u00ea Ji Dest\u00ea Kurdan Derdikeve!18\u00ea \u00c7ileya 2026\u2019an: PKK\u2019\u00ea \u00cexaneta Her\u00ee Giran li milet\u00ea Kurd Kir!"},{"@type":"BreadcrumbList","@id":"https:\/\/darkamazi.info\/archives\/1051490#breadcrumb","itemListElement":[{"@type":"ListItem","position":1,"name":"Home","item":"https:\/\/darkamazi.info\/"},{"@type":"ListItem","position":2,"name":"P\u00eavajoya N\u00fb li S\u00fbriy\u00ea!"}]},{"@type":"WebSite","@id":"https:\/\/darkamazi.info\/#website","url":"https:\/\/darkamazi.info\/","name":"Darka Maz\u00ee","description":"P\u00eageha Zanyariy\u00ean Nebih\u00eest\u00ee","publisher":{"@id":"https:\/\/darkamazi.info\/#organization"},"potentialAction":[{"@type":"SearchAction","target":{"@type":"EntryPoint","urlTemplate":"https:\/\/darkamazi.info\/?s={search_term_string}"},"query-input":{"@type":"PropertyValueSpecification","valueRequired":true,"valueName":"search_term_string"}}],"inLanguage":"en-US"},{"@type":"Organization","@id":"https:\/\/darkamazi.info\/#organization","name":"Darka Maz\u00ee","url":"https:\/\/darkamazi.info\/","logo":{"@type":"ImageObject","inLanguage":"en-US","@id":"https:\/\/darkamazi.info\/#\/schema\/logo\/image\/","url":"https:\/\/darkamazi.info\/file\/2017\/12\/darka-mazi-logo.png","contentUrl":"https:\/\/darkamazi.info\/file\/2017\/12\/darka-mazi-logo.png","width":151,"height":75,"caption":"Darka Maz\u00ee"},"image":{"@id":"https:\/\/darkamazi.info\/#\/schema\/logo\/image\/"},"sameAs":["https:\/\/www.facebook.com\/DarMaziKurmanci","https:\/\/x.com\/DarkaMaziLatini","https:\/\/www.instagram.com\/darkamazi.kurmanci\/","https:\/\/www.youtube.com\/channel\/UCa5HkTdmI8U1qCUFuTw8B2g"]},{"@type":"Person","@id":"https:\/\/darkamazi.info\/#\/schema\/person\/5ad3e24553a0567993fa8ed4bd0a776c","name":"darka mazi","sameAs":["https:\/\/darkamazi.info\/"],"url":"https:\/\/darkamazi.info\/archives\/author\/kurdi"}]}},"_links":{"self":[{"href":"https:\/\/darkamazi.info\/funavuv\/wp\/v2\/posts\/1051490","targetHints":{"allow":["GET"]}}],"collection":[{"href":"https:\/\/darkamazi.info\/funavuv\/wp\/v2\/posts"}],"about":[{"href":"https:\/\/darkamazi.info\/funavuv\/wp\/v2\/types\/post"}],"author":[{"embeddable":true,"href":"https:\/\/darkamazi.info\/funavuv\/wp\/v2\/users\/2"}],"replies":[{"embeddable":true,"href":"https:\/\/darkamazi.info\/funavuv\/wp\/v2\/comments?post=1051490"}],"version-history":[{"count":0,"href":"https:\/\/darkamazi.info\/funavuv\/wp\/v2\/posts\/1051490\/revisions"}],"wp:featuredmedia":[{"embeddable":true,"href":"https:\/\/darkamazi.info\/funavuv\/wp\/v2\/media\/1051472"}],"wp:attachment":[{"href":"https:\/\/darkamazi.info\/funavuv\/wp\/v2\/media?parent=1051490"}],"wp:term":[{"taxonomy":"category","embeddable":true,"href":"https:\/\/darkamazi.info\/funavuv\/wp\/v2\/categories?post=1051490"},{"taxonomy":"post_tag","embeddable":true,"href":"https:\/\/darkamazi.info\/funavuv\/wp\/v2\/tags?post=1051490"}],"curies":[{"name":"wp","href":"https:\/\/api.w.org\/{rel}","templated":true}]}}