{"id":1051492,"date":"2026-01-22T10:41:26","date_gmt":"2026-01-22T07:41:26","guid":{"rendered":"https:\/\/darkamazi.info\/?p=1051492"},"modified":"2026-01-22T10:41:26","modified_gmt":"2026-01-22T07:41:26","slug":"italya-rola-serok-barzani-di-parastina-kurden-suriyeye-de-heji-rezgirtine-ye","status":"publish","type":"post","link":"https:\/\/darkamazi.info\/archives\/1051492","title":{"rendered":"\u00cetalya: Rola Serok Barzan\u00ee di parastina Kurd\u00ean S\u00fbriyey\u00ea de hej\u00ee r\u00eazgirtin\u00ea ye"},"content":{"rendered":"<h3 style=\"text-align: justify\"><span style=\"font-family: 'arial black', sans-serif\">Serok Mes\u00fbd Barzan\u00ee duh (\u00c7ar\u015fem, 21.01.2026) li bajar\u00ea Romay\u00ea, di \u00e7ar\u00e7oveya serdana xwe ya ferm\u00ee ji bo \u00cetalyay\u00ea de, bi C\u00eegir\u00ea Serokwez\u00eer \u00fb Wez\u00eer\u00ea Derve y\u00ea \u00cetalyay\u00ea Antonio Tajani re civiya.<\/span><\/h3>\n<h3 style=\"text-align: justify\"><span style=\"font-family: arial, helvetica, sans-serif\">Mijara sereke ya w\u00ea civ\u00een\u00ea ji bo n\u00eeqa\u015fkirina rew\u015fa siyas\u00ee \u00fb ewlehiy\u00ea ya dever\u00ea, bi taybet\u00ee j\u00ee p\u00ea\u015fhat\u00ean dawiy\u00ea y\u00ean S\u00fbriyey\u00ea hatib\u00fb terxankirin. Her du al\u00ee bi berfireh\u00ee li ser xeteriy\u00ean serhildana teror\u00eest\u00ean DAI\u015e\u00ea di v\u00ea rew\u015f\u00ea de axiv\u00een \u00fb tekez kir ku, div\u00ea pirsgir\u00eak \u00fb aloz\u00ee bi r\u00eaya diyalog \u00fb hevf\u00eamkirina a\u015ftiyane, d\u00fbr\u00ee ziman\u00ea zivir \u00fb tund\u00fbt\u00fbjiya le\u015fker\u00ee, b\u00ean \u00e7areserkirin.<\/span><\/h3>\n<h3 style=\"text-align: justify\"><span style=\"font-family: arial, helvetica, sans-serif\">Antonio Tajani di pareka din a w\u00ea civ\u00een\u00ea li ser nav\u00ea hik\u00fbmeta welat\u00ea xwe pesna rola j\u00eerane \u00fb bibandor a Serok Barzan\u00ee di \u00e7espandina \u00e7anda p\u00eakvejiyan\u00ea \u00fb parastina tenahiy\u00ea li Iraq \u00fb Her\u00eama Kurdistan\u00ea da.<\/span><\/h3>\n<h3 style=\"text-align: justify\"><span style=\"font-family: arial, helvetica, sans-serif\">Navbir\u00ee r\u00eazeka taybet\u00ee li bizav\u00ean berdewam \u00ean Serok Barzan\u00ee ji bo bidestxistina a\u015ftiy\u00ea li S\u00fbriyey\u00ea girt, bi taybet\u00ee j\u00ee bizav\u00ean w\u00ee ji bo parastina gel\u00ea Kurd li w\u00ee welat\u00ee ji her \u00eeht\u00eemaleka nexwest\u00ee \u00fb d\u00fbrxistina wan ji nexwe\u015f\u00ee \u00fb w\u00earankariyan.<\/span><\/h3>\n<h3 style=\"text-align: justify\"><span style=\"font-family: arial, helvetica, sans-serif\">T\u00eakiliy\u00ean dual\u00ee y\u00ean di navbera Hewl\u00ear \u00fb Romay\u00ea de mijareka din a n\u00eeqa\u015fan b\u00fb; her du al\u00ee li ser gir\u00eengiya berdewamkirina t\u00eakiliyan \u00fb p\u00ea\u015fxistina wan di hem\u00ee war\u00ean cuda cuda de hevner\u00een b\u00fbn.<\/span><\/h3>\n<h3 style=\"text-align: justify\"><span style=\"font-family: arial, helvetica, sans-serif\">Li dawiy\u00ea j\u00ee, Wez\u00eer\u00ea Derve y\u00ea \u00cetalyay\u00ea pabendb\u00fbn \u00fb pi\u015ftgiriya welat\u00ea xwe ji bo Hik\u00fbmeta Her\u00eama Kurdistan\u00ea \u00fb gel\u00ea Kurd tekez kir.<\/span><\/h3>\n","protected":false},"excerpt":{"rendered":"<p>Serok Mes\u00fbd Barzan\u00ee duh (\u00c7ar\u015fem, 21.01.2026) li bajar\u00ea Romay\u00ea, di \u00e7ar\u00e7oveya serdana xwe ya ferm\u00ee ji bo \u00cetalyay\u00ea de, bi C\u00eegir\u00ea Serokwez\u00eer \u00fb Wez\u00eer\u00ea Derve y\u00ea \u00cetalyay\u00ea Antonio Tajani re civiya. Mijara sereke ya w\u00ea civ\u00een\u00ea ji bo n\u00eeqa\u015fkirina rew\u015fa siyas\u00ee \u00fb ewlehiy\u00ea ya dever\u00ea, bi taybet\u00ee j\u00ee p\u00ea\u015fhat\u00ean dawiy\u00ea y\u00ean S\u00fbriyey\u00ea hatib\u00fb terxankirin. Her [&hellip;]<\/p>\n","protected":false},"author":2,"featured_media":1051493,"comment_status":"closed","ping_status":"closed","sticky":false,"template":"","format":"standard","meta":{"footnotes":""},"categories":[29],"tags":[37],"class_list":["post-1051492","post","type-post","status-publish","format-standard","has-post-thumbnail","hentry","category-kurdistan","tag-sereke"],"blocksy_meta":[],"seo_head":"<!-- This site is optimized with the Yoast SEO plugin v27.5 - https:\/\/yoast.com\/product\/yoast-seo-wordpress\/ -->\n<title>\u00cetalya: Rola Serok Barzan\u00ee di parastina Kurd\u00ean S\u00fbriyey\u00ea de hej\u00ee r\u00eazgirtin\u00ea ye - Darka Maz\u00ee<\/title>\n<meta name=\"robots\" content=\"index, follow, max-snippet:-1, max-image-preview:large, max-video-preview:-1\" \/>\n<link rel=\"canonical\" href=\"https:\/\/darkamazi.info\/archives\/1051492\" \/>\n<meta property=\"og:locale\" content=\"en_US\" \/>\n<meta property=\"og:type\" content=\"article\" \/>\n<meta property=\"og:title\" content=\"\u00cetalya: Rola Serok Barzan\u00ee di parastina Kurd\u00ean S\u00fbriyey\u00ea de hej\u00ee r\u00eazgirtin\u00ea ye - Darka Maz\u00ee\" \/>\n<meta property=\"og:description\" content=\"Serok Mes\u00fbd Barzan\u00ee duh (\u00c7ar\u015fem, 21.01.2026) li bajar\u00ea Romay\u00ea, di \u00e7ar\u00e7oveya serdana xwe ya ferm\u00ee ji bo \u00cetalyay\u00ea de, bi C\u00eegir\u00ea Serokwez\u00eer \u00fb Wez\u00eer\u00ea Derve y\u00ea \u00cetalyay\u00ea Antonio Tajani re civiya. Mijara sereke ya w\u00ea civ\u00een\u00ea ji bo n\u00eeqa\u015fkirina rew\u015fa siyas\u00ee \u00fb ewlehiy\u00ea ya dever\u00ea, bi taybet\u00ee j\u00ee p\u00ea\u015fhat\u00ean dawiy\u00ea y\u00ean S\u00fbriyey\u00ea hatib\u00fb terxankirin. Her [&hellip;]\" \/>\n<meta property=\"og:url\" content=\"https:\/\/darkamazi.info\/archives\/1051492\" \/>\n<meta property=\"og:site_name\" content=\"Darka Maz\u00ee\" \/>\n<meta property=\"article:publisher\" content=\"https:\/\/www.facebook.com\/DarMaziKurmanci\" \/>\n<meta property=\"article:published_time\" content=\"2026-01-22T07:41:26+00:00\" \/>\n<meta property=\"og:image\" content=\"https:\/\/darkamazi.info\/file\/2026\/01\/Serok-italya-info.jpg\" \/>\n\t<meta property=\"og:image:width\" content=\"900\" \/>\n\t<meta property=\"og:image:height\" content=\"500\" \/>\n\t<meta property=\"og:image:type\" content=\"image\/jpeg\" \/>\n<meta name=\"author\" content=\"darka mazi\" \/>\n<meta name=\"twitter:card\" content=\"summary_large_image\" \/>\n<meta name=\"twitter:creator\" content=\"@DarkaMaziLatini\" \/>\n<meta name=\"twitter:site\" content=\"@DarkaMaziLatini\" \/>\n<meta name=\"twitter:label1\" content=\"Written by\" \/>\n\t<meta name=\"twitter:data1\" content=\"darka mazi\" \/>\n\t<meta name=\"twitter:label2\" content=\"Est. reading time\" \/>\n\t<meta name=\"twitter:data2\" content=\"2 minutes\" \/>\n<script type=\"application\/ld+json\" class=\"seo-schema-graph\">{\"@context\":\"https:\\\/\\\/schema.org\",\"@graph\":[{\"@type\":\"Article\",\"@id\":\"https:\\\/\\\/darkamazi.info\\\/archives\\\/1051492#article\",\"isPartOf\":{\"@id\":\"https:\\\/\\\/darkamazi.info\\\/archives\\\/1051492\"},\"author\":{\"name\":\"darka mazi\",\"@id\":\"https:\\\/\\\/darkamazi.info\\\/#\\\/schema\\\/person\\\/5ad3e24553a0567993fa8ed4bd0a776c\"},\"headline\":\"\u00cetalya: Rola Serok Barzan\u00ee di parastina Kurd\u00ean S\u00fbriyey\u00ea de hej\u00ee r\u00eazgirtin\u00ea ye\",\"datePublished\":\"2026-01-22T07:41:26+00:00\",\"mainEntityOfPage\":{\"@id\":\"https:\\\/\\\/darkamazi.info\\\/archives\\\/1051492\"},\"wordCount\":278,\"publisher\":{\"@id\":\"https:\\\/\\\/darkamazi.info\\\/#organization\"},\"image\":{\"@id\":\"https:\\\/\\\/darkamazi.info\\\/archives\\\/1051492#primaryimage\"},\"thumbnailUrl\":\"https:\\\/\\\/darkamazi.info\\\/darka-content\\\/uploads\\\/2026\\\/01\\\/Serok-italya-info.jpg\",\"keywords\":[\"sereke\"],\"articleSection\":[\"Kurdistan\"],\"inLanguage\":\"en-US\"},{\"@type\":\"WebPage\",\"@id\":\"https:\\\/\\\/darkamazi.info\\\/archives\\\/1051492\",\"url\":\"https:\\\/\\\/darkamazi.info\\\/archives\\\/1051492\",\"name\":\"\u00cetalya: Rola Serok Barzan\u00ee di parastina Kurd\u00ean S\u00fbriyey\u00ea de hej\u00ee r\u00eazgirtin\u00ea ye - Darka Maz\u00ee\",\"isPartOf\":{\"@id\":\"https:\\\/\\\/darkamazi.info\\\/#website\"},\"primaryImageOfPage\":{\"@id\":\"https:\\\/\\\/darkamazi.info\\\/archives\\\/1051492#primaryimage\"},\"image\":{\"@id\":\"https:\\\/\\\/darkamazi.info\\\/archives\\\/1051492#primaryimage\"},\"thumbnailUrl\":\"https:\\\/\\\/darkamazi.info\\\/darka-content\\\/uploads\\\/2026\\\/01\\\/Serok-italya-info.jpg\",\"datePublished\":\"2026-01-22T07:41:26+00:00\",\"breadcrumb\":{\"@id\":\"https:\\\/\\\/darkamazi.info\\\/archives\\\/1051492#breadcrumb\"},\"inLanguage\":\"en-US\",\"potentialAction\":[{\"@type\":\"ReadAction\",\"target\":[\"https:\\\/\\\/darkamazi.info\\\/archives\\\/1051492\"]}]},{\"@type\":\"ImageObject\",\"inLanguage\":\"en-US\",\"@id\":\"https:\\\/\\\/darkamazi.info\\\/archives\\\/1051492#primaryimage\",\"url\":\"https:\\\/\\\/darkamazi.info\\\/darka-content\\\/uploads\\\/2026\\\/01\\\/Serok-italya-info.jpg\",\"contentUrl\":\"https:\\\/\\\/darkamazi.info\\\/darka-content\\\/uploads\\\/2026\\\/01\\\/Serok-italya-info.jpg\",\"width\":900,\"height\":500,\"caption\":\"Serok-italya-info\"},{\"@type\":\"BreadcrumbList\",\"@id\":\"https:\\\/\\\/darkamazi.info\\\/archives\\\/1051492#breadcrumb\",\"itemListElement\":[{\"@type\":\"ListItem\",\"position\":1,\"name\":\"Home\",\"item\":\"https:\\\/\\\/darkamazi.info\\\/\"},{\"@type\":\"ListItem\",\"position\":2,\"name\":\"\u00cetalya: Rola Serok Barzan\u00ee di parastina Kurd\u00ean S\u00fbriyey\u00ea de hej\u00ee r\u00eazgirtin\u00ea ye\"}]},{\"@type\":\"WebSite\",\"@id\":\"https:\\\/\\\/darkamazi.info\\\/#website\",\"url\":\"https:\\\/\\\/darkamazi.info\\\/\",\"name\":\"Darka Maz\u00ee\",\"description\":\"P\u00eageha Zanyariy\u00ean Nebih\u00eest\u00ee\",\"publisher\":{\"@id\":\"https:\\\/\\\/darkamazi.info\\\/#organization\"},\"potentialAction\":[{\"@type\":\"SearchAction\",\"target\":{\"@type\":\"EntryPoint\",\"urlTemplate\":\"https:\\\/\\\/darkamazi.info\\\/?s={search_term_string}\"},\"query-input\":{\"@type\":\"PropertyValueSpecification\",\"valueRequired\":true,\"valueName\":\"search_term_string\"}}],\"inLanguage\":\"en-US\"},{\"@type\":\"Organization\",\"@id\":\"https:\\\/\\\/darkamazi.info\\\/#organization\",\"name\":\"Darka Maz\u00ee\",\"url\":\"https:\\\/\\\/darkamazi.info\\\/\",\"logo\":{\"@type\":\"ImageObject\",\"inLanguage\":\"en-US\",\"@id\":\"https:\\\/\\\/darkamazi.info\\\/#\\\/schema\\\/logo\\\/image\\\/\",\"url\":\"https:\\\/\\\/darkamazi.info\\\/darka-content\\\/uploads\\\/2017\\\/12\\\/darka-mazi-logo.png\",\"contentUrl\":\"https:\\\/\\\/darkamazi.info\\\/darka-content\\\/uploads\\\/2017\\\/12\\\/darka-mazi-logo.png\",\"width\":151,\"height\":75,\"caption\":\"Darka Maz\u00ee\"},\"image\":{\"@id\":\"https:\\\/\\\/darkamazi.info\\\/#\\\/schema\\\/logo\\\/image\\\/\"},\"sameAs\":[\"https:\\\/\\\/www.facebook.com\\\/DarMaziKurmanci\",\"https:\\\/\\\/x.com\\\/DarkaMaziLatini\",\"https:\\\/\\\/www.instagram.com\\\/darkamazi.kurmanci\\\/\",\"https:\\\/\\\/www.youtube.com\\\/channel\\\/UCa5HkTdmI8U1qCUFuTw8B2g\"]},{\"@type\":\"Person\",\"@id\":\"https:\\\/\\\/darkamazi.info\\\/#\\\/schema\\\/person\\\/5ad3e24553a0567993fa8ed4bd0a776c\",\"name\":\"darka mazi\",\"sameAs\":[\"https:\\\/\\\/darkamazi.info\\\/\"],\"url\":\"https:\\\/\\\/darkamazi.info\\\/archives\\\/author\\\/kurdi\"}]}<\/script>\n<!-- \/ Yoast SEO plugin. -->","seo_head_json":{"title":"\u00cetalya: Rola Serok Barzan\u00ee di parastina Kurd\u00ean S\u00fbriyey\u00ea de hej\u00ee r\u00eazgirtin\u00ea ye - Darka Maz\u00ee","robots":{"index":"index","follow":"follow","max-snippet":"max-snippet:-1","max-image-preview":"max-image-preview:large","max-video-preview":"max-video-preview:-1"},"canonical":"https:\/\/darkamazi.info\/archives\/1051492","og_locale":"en_US","og_type":"article","og_title":"\u00cetalya: Rola Serok Barzan\u00ee di parastina Kurd\u00ean S\u00fbriyey\u00ea de hej\u00ee r\u00eazgirtin\u00ea ye - Darka Maz\u00ee","og_description":"Serok Mes\u00fbd Barzan\u00ee duh (\u00c7ar\u015fem, 21.01.2026) li bajar\u00ea Romay\u00ea, di \u00e7ar\u00e7oveya serdana xwe ya ferm\u00ee ji bo \u00cetalyay\u00ea de, bi C\u00eegir\u00ea Serokwez\u00eer \u00fb Wez\u00eer\u00ea Derve y\u00ea \u00cetalyay\u00ea Antonio Tajani re civiya. Mijara sereke ya w\u00ea civ\u00een\u00ea ji bo n\u00eeqa\u015fkirina rew\u015fa siyas\u00ee \u00fb ewlehiy\u00ea ya dever\u00ea, bi taybet\u00ee j\u00ee p\u00ea\u015fhat\u00ean dawiy\u00ea y\u00ean S\u00fbriyey\u00ea hatib\u00fb terxankirin. Her [&hellip;]","og_url":"https:\/\/darkamazi.info\/archives\/1051492","og_site_name":"Darka Maz\u00ee","article_publisher":"https:\/\/www.facebook.com\/DarMaziKurmanci","article_published_time":"2026-01-22T07:41:26+00:00","og_image":[{"width":900,"height":500,"url":"https:\/\/darkamazi.info\/file\/2026\/01\/Serok-italya-info.jpg","type":"image\/jpeg"}],"author":"darka mazi","twitter_card":"summary_large_image","twitter_creator":"@DarkaMaziLatini","twitter_site":"@DarkaMaziLatini","twitter_misc":{"Written by":"darka mazi","Est. reading time":"2 minutes"},"schema":{"@context":"https:\/\/schema.org","@graph":[{"@type":"Article","@id":"https:\/\/darkamazi.info\/archives\/1051492#article","isPartOf":{"@id":"https:\/\/darkamazi.info\/archives\/1051492"},"author":{"name":"darka mazi","@id":"https:\/\/darkamazi.info\/#\/schema\/person\/5ad3e24553a0567993fa8ed4bd0a776c"},"headline":"\u00cetalya: Rola Serok Barzan\u00ee di parastina Kurd\u00ean S\u00fbriyey\u00ea de hej\u00ee r\u00eazgirtin\u00ea ye","datePublished":"2026-01-22T07:41:26+00:00","mainEntityOfPage":{"@id":"https:\/\/darkamazi.info\/archives\/1051492"},"wordCount":278,"publisher":{"@id":"https:\/\/darkamazi.info\/#organization"},"image":{"@id":"https:\/\/darkamazi.info\/archives\/1051492#primaryimage"},"thumbnailUrl":"https:\/\/darkamazi.info\/file\/2026\/01\/Serok-italya-info.jpg","keywords":["sereke"],"articleSection":["Kurdistan"],"inLanguage":"en-US"},{"@type":"WebPage","@id":"https:\/\/darkamazi.info\/archives\/1051492","url":"https:\/\/darkamazi.info\/archives\/1051492","name":"\u00cetalya: Rola Serok Barzan\u00ee di parastina Kurd\u00ean S\u00fbriyey\u00ea de hej\u00ee r\u00eazgirtin\u00ea ye - Darka Maz\u00ee","isPartOf":{"@id":"https:\/\/darkamazi.info\/#website"},"primaryImageOfPage":{"@id":"https:\/\/darkamazi.info\/archives\/1051492#primaryimage"},"image":{"@id":"https:\/\/darkamazi.info\/archives\/1051492#primaryimage"},"thumbnailUrl":"https:\/\/darkamazi.info\/file\/2026\/01\/Serok-italya-info.jpg","datePublished":"2026-01-22T07:41:26+00:00","breadcrumb":{"@id":"https:\/\/darkamazi.info\/archives\/1051492#breadcrumb"},"inLanguage":"en-US","potentialAction":[{"@type":"ReadAction","target":["https:\/\/darkamazi.info\/archives\/1051492"]}]},{"@type":"ImageObject","inLanguage":"en-US","@id":"https:\/\/darkamazi.info\/archives\/1051492#primaryimage","url":"https:\/\/darkamazi.info\/file\/2026\/01\/Serok-italya-info.jpg","contentUrl":"https:\/\/darkamazi.info\/file\/2026\/01\/Serok-italya-info.jpg","width":900,"height":500,"caption":"Serok-italya-info"},{"@type":"BreadcrumbList","@id":"https:\/\/darkamazi.info\/archives\/1051492#breadcrumb","itemListElement":[{"@type":"ListItem","position":1,"name":"Home","item":"https:\/\/darkamazi.info\/"},{"@type":"ListItem","position":2,"name":"\u00cetalya: Rola Serok Barzan\u00ee di parastina Kurd\u00ean S\u00fbriyey\u00ea de hej\u00ee r\u00eazgirtin\u00ea ye"}]},{"@type":"WebSite","@id":"https:\/\/darkamazi.info\/#website","url":"https:\/\/darkamazi.info\/","name":"Darka Maz\u00ee","description":"P\u00eageha Zanyariy\u00ean Nebih\u00eest\u00ee","publisher":{"@id":"https:\/\/darkamazi.info\/#organization"},"potentialAction":[{"@type":"SearchAction","target":{"@type":"EntryPoint","urlTemplate":"https:\/\/darkamazi.info\/?s={search_term_string}"},"query-input":{"@type":"PropertyValueSpecification","valueRequired":true,"valueName":"search_term_string"}}],"inLanguage":"en-US"},{"@type":"Organization","@id":"https:\/\/darkamazi.info\/#organization","name":"Darka Maz\u00ee","url":"https:\/\/darkamazi.info\/","logo":{"@type":"ImageObject","inLanguage":"en-US","@id":"https:\/\/darkamazi.info\/#\/schema\/logo\/image\/","url":"https:\/\/darkamazi.info\/file\/2017\/12\/darka-mazi-logo.png","contentUrl":"https:\/\/darkamazi.info\/file\/2017\/12\/darka-mazi-logo.png","width":151,"height":75,"caption":"Darka Maz\u00ee"},"image":{"@id":"https:\/\/darkamazi.info\/#\/schema\/logo\/image\/"},"sameAs":["https:\/\/www.facebook.com\/DarMaziKurmanci","https:\/\/x.com\/DarkaMaziLatini","https:\/\/www.instagram.com\/darkamazi.kurmanci\/","https:\/\/www.youtube.com\/channel\/UCa5HkTdmI8U1qCUFuTw8B2g"]},{"@type":"Person","@id":"https:\/\/darkamazi.info\/#\/schema\/person\/5ad3e24553a0567993fa8ed4bd0a776c","name":"darka mazi","sameAs":["https:\/\/darkamazi.info\/"],"url":"https:\/\/darkamazi.info\/archives\/author\/kurdi"}]}},"_links":{"self":[{"href":"https:\/\/darkamazi.info\/funavuv\/wp\/v2\/posts\/1051492","targetHints":{"allow":["GET"]}}],"collection":[{"href":"https:\/\/darkamazi.info\/funavuv\/wp\/v2\/posts"}],"about":[{"href":"https:\/\/darkamazi.info\/funavuv\/wp\/v2\/types\/post"}],"author":[{"embeddable":true,"href":"https:\/\/darkamazi.info\/funavuv\/wp\/v2\/users\/2"}],"replies":[{"embeddable":true,"href":"https:\/\/darkamazi.info\/funavuv\/wp\/v2\/comments?post=1051492"}],"version-history":[{"count":0,"href":"https:\/\/darkamazi.info\/funavuv\/wp\/v2\/posts\/1051492\/revisions"}],"wp:featuredmedia":[{"embeddable":true,"href":"https:\/\/darkamazi.info\/funavuv\/wp\/v2\/media\/1051493"}],"wp:attachment":[{"href":"https:\/\/darkamazi.info\/funavuv\/wp\/v2\/media?parent=1051492"}],"wp:term":[{"taxonomy":"category","embeddable":true,"href":"https:\/\/darkamazi.info\/funavuv\/wp\/v2\/categories?post=1051492"},{"taxonomy":"post_tag","embeddable":true,"href":"https:\/\/darkamazi.info\/funavuv\/wp\/v2\/tags?post=1051492"}],"curies":[{"name":"wp","href":"https:\/\/api.w.org\/{rel}","templated":true}]}}