{"id":1051496,"date":"2026-01-22T16:17:51","date_gmt":"2026-01-22T13:17:51","guid":{"rendered":"https:\/\/darkamazi.info\/?p=1051496"},"modified":"2026-01-22T16:17:51","modified_gmt":"2026-01-22T13:17:51","slug":"necirvan-barzani-u-mezlum-ebdi-li-hewlere-civiyan","status":"publish","type":"post","link":"https:\/\/darkamazi.info\/archives\/1051496","title":{"rendered":"N\u00ea\u00e7\u00eervan Barzan\u00ee \u00fb Mezl\u00fbm Ebd\u00ee li Hewl\u00ear\u00ea civiyan"},"content":{"rendered":"<h3 style=\"text-align: justify\"><span style=\"font-family: 'arial black', sans-serif\">Serok\u00ea Her\u00eama Kurdistan\u00ea N\u00ea\u00e7\u00eervan Barzan\u00ee, \u00eero 22\u00ea \u00c7ileya 2026an li Hewl\u00ear\u00ea, p\u00ea\u015fwaz\u00ee li Fermandar\u00ea Gi\u015ft\u00ee y\u00ea H\u00eaz\u00ean S\u00fbriyeya Demokrat\u00eek (HSD) Mezl\u00fbm Ebd\u00ee kir.<\/span><\/h3>\n<h3 style=\"text-align: justify\"><span style=\"font-family: arial, helvetica, sans-serif\">Li gor\u00ee agahiyan, di v\u00ea hevd\u00eetin\u00ea de rew\u015fa daw\u00ee ya Rojavay\u00ea Kurdistan\u00ea, rew\u015fa aloz a S\u00fbriy\u00ea \u00fb ge\u015fedan\u00ean le\u015fker\u00ee \u00fb siyas\u00ee y\u00ean li her\u00eam\u00ea bi h\u00fbrgil\u00ee hatin gotub\u00eajkirin. Her du aliyan li ser giringiya parastina aramiy\u00ea \u00fb r\u00fbbir\u00fbb\u00fbna gef\u00ean ewlehiy\u00ea b\u00eer \u00fb ray\u00ean xwe pevguhertin.<\/span><\/h3>\n<h3 style=\"text-align: justify\"><span style=\"font-family: arial, helvetica, sans-serif\">Ev duyem civ\u00eena \u00a0Serok\u00ea Her\u00eam\u00ea N\u00ea\u00e7\u00eervan Barzan\u00ee bi Fermandar\u00ea Gi\u015ft\u00ee y\u00ea HSD\u2019\u00ea Mezl\u00fbm Ebd\u00ee re ye di heyama hefteyek\u00ea de, p\u00ea\u015ftir Ebd\u00ee roja 17\u00ea v\u00ea meh\u00ea gih\u00ee\u015ftib\u00fb Hewl\u00ear\u00ea \u00fb ligel Serok Mes\u00fbd Barzan\u00ee \u00fb Serok\u00ea Her\u00eam\u00ea N\u00ea\u00e7\u00eervan Barzan\u00ee civiyab\u00fb.<\/span><\/h3>\n","protected":false},"excerpt":{"rendered":"<p>Serok\u00ea Her\u00eama Kurdistan\u00ea N\u00ea\u00e7\u00eervan Barzan\u00ee, \u00eero 22\u00ea \u00c7ileya 2026an li Hewl\u00ear\u00ea, p\u00ea\u015fwaz\u00ee li Fermandar\u00ea Gi\u015ft\u00ee y\u00ea H\u00eaz\u00ean S\u00fbriyeya Demokrat\u00eek (HSD) Mezl\u00fbm Ebd\u00ee kir. Li gor\u00ee agahiyan, di v\u00ea hevd\u00eetin\u00ea de rew\u015fa daw\u00ee ya Rojavay\u00ea Kurdistan\u00ea, rew\u015fa aloz a S\u00fbriy\u00ea \u00fb ge\u015fedan\u00ean le\u015fker\u00ee \u00fb siyas\u00ee y\u00ean li her\u00eam\u00ea bi h\u00fbrgil\u00ee hatin gotub\u00eajkirin. Her du aliyan li [&hellip;]<\/p>\n","protected":false},"author":2,"featured_media":1051497,"comment_status":"closed","ping_status":"closed","sticky":false,"template":"","format":"standard","meta":{"footnotes":""},"categories":[29],"tags":[37],"class_list":["post-1051496","post","type-post","status-publish","format-standard","has-post-thumbnail","hentry","category-kurdistan","tag-sereke"],"blocksy_meta":[],"seo_head":"<!-- This site is optimized with the Yoast SEO plugin v27.5 - https:\/\/yoast.com\/product\/yoast-seo-wordpress\/ -->\n<title>N\u00ea\u00e7\u00eervan Barzan\u00ee \u00fb Mezl\u00fbm Ebd\u00ee li Hewl\u00ear\u00ea civiyan - Darka Maz\u00ee<\/title>\n<meta name=\"robots\" content=\"index, follow, max-snippet:-1, max-image-preview:large, max-video-preview:-1\" \/>\n<link rel=\"canonical\" href=\"https:\/\/darkamazi.info\/archives\/1051496\" \/>\n<meta property=\"og:locale\" content=\"en_US\" \/>\n<meta property=\"og:type\" content=\"article\" \/>\n<meta property=\"og:title\" content=\"N\u00ea\u00e7\u00eervan Barzan\u00ee \u00fb Mezl\u00fbm Ebd\u00ee li Hewl\u00ear\u00ea civiyan - Darka Maz\u00ee\" \/>\n<meta property=\"og:description\" content=\"Serok\u00ea Her\u00eama Kurdistan\u00ea N\u00ea\u00e7\u00eervan Barzan\u00ee, \u00eero 22\u00ea \u00c7ileya 2026an li Hewl\u00ear\u00ea, p\u00ea\u015fwaz\u00ee li Fermandar\u00ea Gi\u015ft\u00ee y\u00ea H\u00eaz\u00ean S\u00fbriyeya Demokrat\u00eek (HSD) Mezl\u00fbm Ebd\u00ee kir. Li gor\u00ee agahiyan, di v\u00ea hevd\u00eetin\u00ea de rew\u015fa daw\u00ee ya Rojavay\u00ea Kurdistan\u00ea, rew\u015fa aloz a S\u00fbriy\u00ea \u00fb ge\u015fedan\u00ean le\u015fker\u00ee \u00fb siyas\u00ee y\u00ean li her\u00eam\u00ea bi h\u00fbrgil\u00ee hatin gotub\u00eajkirin. Her du aliyan li [&hellip;]\" \/>\n<meta property=\"og:url\" content=\"https:\/\/darkamazi.info\/archives\/1051496\" \/>\n<meta property=\"og:site_name\" content=\"Darka Maz\u00ee\" \/>\n<meta property=\"article:publisher\" content=\"https:\/\/www.facebook.com\/DarMaziKurmanci\" \/>\n<meta property=\"article:published_time\" content=\"2026-01-22T13:17:51+00:00\" \/>\n<meta property=\"og:image\" content=\"https:\/\/darkamazi.info\/file\/2026\/01\/Nechirvan-Barzani-Mazloum-Abdi.jpg\" \/>\n\t<meta property=\"og:image:width\" content=\"900\" \/>\n\t<meta property=\"og:image:height\" content=\"500\" \/>\n\t<meta property=\"og:image:type\" content=\"image\/jpeg\" \/>\n<meta name=\"author\" content=\"darka mazi\" \/>\n<meta name=\"twitter:card\" content=\"summary_large_image\" \/>\n<meta name=\"twitter:creator\" content=\"@DarkaMaziLatini\" \/>\n<meta name=\"twitter:site\" content=\"@DarkaMaziLatini\" \/>\n<meta name=\"twitter:label1\" content=\"Written by\" \/>\n\t<meta name=\"twitter:data1\" content=\"darka mazi\" \/>\n\t<meta name=\"twitter:label2\" content=\"Est. reading time\" \/>\n\t<meta name=\"twitter:data2\" content=\"1 minute\" \/>\n<script type=\"application\/ld+json\" class=\"seo-schema-graph\">{\"@context\":\"https:\\\/\\\/schema.org\",\"@graph\":[{\"@type\":\"Article\",\"@id\":\"https:\\\/\\\/darkamazi.info\\\/archives\\\/1051496#article\",\"isPartOf\":{\"@id\":\"https:\\\/\\\/darkamazi.info\\\/archives\\\/1051496\"},\"author\":{\"name\":\"darka mazi\",\"@id\":\"https:\\\/\\\/darkamazi.info\\\/#\\\/schema\\\/person\\\/5ad3e24553a0567993fa8ed4bd0a776c\"},\"headline\":\"N\u00ea\u00e7\u00eervan Barzan\u00ee \u00fb Mezl\u00fbm Ebd\u00ee li Hewl\u00ear\u00ea civiyan\",\"datePublished\":\"2026-01-22T13:17:51+00:00\",\"mainEntityOfPage\":{\"@id\":\"https:\\\/\\\/darkamazi.info\\\/archives\\\/1051496\"},\"wordCount\":147,\"publisher\":{\"@id\":\"https:\\\/\\\/darkamazi.info\\\/#organization\"},\"image\":{\"@id\":\"https:\\\/\\\/darkamazi.info\\\/archives\\\/1051496#primaryimage\"},\"thumbnailUrl\":\"https:\\\/\\\/darkamazi.info\\\/darka-content\\\/uploads\\\/2026\\\/01\\\/Nechirvan-Barzani-Mazloum-Abdi.jpg\",\"keywords\":[\"sereke\"],\"articleSection\":[\"Kurdistan\"],\"inLanguage\":\"en-US\"},{\"@type\":\"WebPage\",\"@id\":\"https:\\\/\\\/darkamazi.info\\\/archives\\\/1051496\",\"url\":\"https:\\\/\\\/darkamazi.info\\\/archives\\\/1051496\",\"name\":\"N\u00ea\u00e7\u00eervan Barzan\u00ee \u00fb Mezl\u00fbm Ebd\u00ee li Hewl\u00ear\u00ea civiyan - Darka Maz\u00ee\",\"isPartOf\":{\"@id\":\"https:\\\/\\\/darkamazi.info\\\/#website\"},\"primaryImageOfPage\":{\"@id\":\"https:\\\/\\\/darkamazi.info\\\/archives\\\/1051496#primaryimage\"},\"image\":{\"@id\":\"https:\\\/\\\/darkamazi.info\\\/archives\\\/1051496#primaryimage\"},\"thumbnailUrl\":\"https:\\\/\\\/darkamazi.info\\\/darka-content\\\/uploads\\\/2026\\\/01\\\/Nechirvan-Barzani-Mazloum-Abdi.jpg\",\"datePublished\":\"2026-01-22T13:17:51+00:00\",\"breadcrumb\":{\"@id\":\"https:\\\/\\\/darkamazi.info\\\/archives\\\/1051496#breadcrumb\"},\"inLanguage\":\"en-US\",\"potentialAction\":[{\"@type\":\"ReadAction\",\"target\":[\"https:\\\/\\\/darkamazi.info\\\/archives\\\/1051496\"]}]},{\"@type\":\"ImageObject\",\"inLanguage\":\"en-US\",\"@id\":\"https:\\\/\\\/darkamazi.info\\\/archives\\\/1051496#primaryimage\",\"url\":\"https:\\\/\\\/darkamazi.info\\\/darka-content\\\/uploads\\\/2026\\\/01\\\/Nechirvan-Barzani-Mazloum-Abdi.jpg\",\"contentUrl\":\"https:\\\/\\\/darkamazi.info\\\/darka-content\\\/uploads\\\/2026\\\/01\\\/Nechirvan-Barzani-Mazloum-Abdi.jpg\",\"width\":900,\"height\":500,\"caption\":\"Nechirvan Barzani-Mazloum Abdi\"},{\"@type\":\"BreadcrumbList\",\"@id\":\"https:\\\/\\\/darkamazi.info\\\/archives\\\/1051496#breadcrumb\",\"itemListElement\":[{\"@type\":\"ListItem\",\"position\":1,\"name\":\"Home\",\"item\":\"https:\\\/\\\/darkamazi.info\\\/\"},{\"@type\":\"ListItem\",\"position\":2,\"name\":\"N\u00ea\u00e7\u00eervan Barzan\u00ee \u00fb Mezl\u00fbm Ebd\u00ee li Hewl\u00ear\u00ea civiyan\"}]},{\"@type\":\"WebSite\",\"@id\":\"https:\\\/\\\/darkamazi.info\\\/#website\",\"url\":\"https:\\\/\\\/darkamazi.info\\\/\",\"name\":\"Darka Maz\u00ee\",\"description\":\"P\u00eageha Zanyariy\u00ean Nebih\u00eest\u00ee\",\"publisher\":{\"@id\":\"https:\\\/\\\/darkamazi.info\\\/#organization\"},\"potentialAction\":[{\"@type\":\"SearchAction\",\"target\":{\"@type\":\"EntryPoint\",\"urlTemplate\":\"https:\\\/\\\/darkamazi.info\\\/?s={search_term_string}\"},\"query-input\":{\"@type\":\"PropertyValueSpecification\",\"valueRequired\":true,\"valueName\":\"search_term_string\"}}],\"inLanguage\":\"en-US\"},{\"@type\":\"Organization\",\"@id\":\"https:\\\/\\\/darkamazi.info\\\/#organization\",\"name\":\"Darka Maz\u00ee\",\"url\":\"https:\\\/\\\/darkamazi.info\\\/\",\"logo\":{\"@type\":\"ImageObject\",\"inLanguage\":\"en-US\",\"@id\":\"https:\\\/\\\/darkamazi.info\\\/#\\\/schema\\\/logo\\\/image\\\/\",\"url\":\"https:\\\/\\\/darkamazi.info\\\/darka-content\\\/uploads\\\/2017\\\/12\\\/darka-mazi-logo.png\",\"contentUrl\":\"https:\\\/\\\/darkamazi.info\\\/darka-content\\\/uploads\\\/2017\\\/12\\\/darka-mazi-logo.png\",\"width\":151,\"height\":75,\"caption\":\"Darka Maz\u00ee\"},\"image\":{\"@id\":\"https:\\\/\\\/darkamazi.info\\\/#\\\/schema\\\/logo\\\/image\\\/\"},\"sameAs\":[\"https:\\\/\\\/www.facebook.com\\\/DarMaziKurmanci\",\"https:\\\/\\\/x.com\\\/DarkaMaziLatini\",\"https:\\\/\\\/www.instagram.com\\\/darkamazi.kurmanci\\\/\",\"https:\\\/\\\/www.youtube.com\\\/channel\\\/UCa5HkTdmI8U1qCUFuTw8B2g\"]},{\"@type\":\"Person\",\"@id\":\"https:\\\/\\\/darkamazi.info\\\/#\\\/schema\\\/person\\\/5ad3e24553a0567993fa8ed4bd0a776c\",\"name\":\"darka mazi\",\"sameAs\":[\"https:\\\/\\\/darkamazi.info\\\/\"],\"url\":\"https:\\\/\\\/darkamazi.info\\\/archives\\\/author\\\/kurdi\"}]}<\/script>\n<!-- \/ Yoast SEO plugin. -->","seo_head_json":{"title":"N\u00ea\u00e7\u00eervan Barzan\u00ee \u00fb Mezl\u00fbm Ebd\u00ee li Hewl\u00ear\u00ea civiyan - Darka Maz\u00ee","robots":{"index":"index","follow":"follow","max-snippet":"max-snippet:-1","max-image-preview":"max-image-preview:large","max-video-preview":"max-video-preview:-1"},"canonical":"https:\/\/darkamazi.info\/archives\/1051496","og_locale":"en_US","og_type":"article","og_title":"N\u00ea\u00e7\u00eervan Barzan\u00ee \u00fb Mezl\u00fbm Ebd\u00ee li Hewl\u00ear\u00ea civiyan - Darka Maz\u00ee","og_description":"Serok\u00ea Her\u00eama Kurdistan\u00ea N\u00ea\u00e7\u00eervan Barzan\u00ee, \u00eero 22\u00ea \u00c7ileya 2026an li Hewl\u00ear\u00ea, p\u00ea\u015fwaz\u00ee li Fermandar\u00ea Gi\u015ft\u00ee y\u00ea H\u00eaz\u00ean S\u00fbriyeya Demokrat\u00eek (HSD) Mezl\u00fbm Ebd\u00ee kir. Li gor\u00ee agahiyan, di v\u00ea hevd\u00eetin\u00ea de rew\u015fa daw\u00ee ya Rojavay\u00ea Kurdistan\u00ea, rew\u015fa aloz a S\u00fbriy\u00ea \u00fb ge\u015fedan\u00ean le\u015fker\u00ee \u00fb siyas\u00ee y\u00ean li her\u00eam\u00ea bi h\u00fbrgil\u00ee hatin gotub\u00eajkirin. Her du aliyan li [&hellip;]","og_url":"https:\/\/darkamazi.info\/archives\/1051496","og_site_name":"Darka Maz\u00ee","article_publisher":"https:\/\/www.facebook.com\/DarMaziKurmanci","article_published_time":"2026-01-22T13:17:51+00:00","og_image":[{"width":900,"height":500,"url":"https:\/\/darkamazi.info\/file\/2026\/01\/Nechirvan-Barzani-Mazloum-Abdi.jpg","type":"image\/jpeg"}],"author":"darka mazi","twitter_card":"summary_large_image","twitter_creator":"@DarkaMaziLatini","twitter_site":"@DarkaMaziLatini","twitter_misc":{"Written by":"darka mazi","Est. reading time":"1 minute"},"schema":{"@context":"https:\/\/schema.org","@graph":[{"@type":"Article","@id":"https:\/\/darkamazi.info\/archives\/1051496#article","isPartOf":{"@id":"https:\/\/darkamazi.info\/archives\/1051496"},"author":{"name":"darka mazi","@id":"https:\/\/darkamazi.info\/#\/schema\/person\/5ad3e24553a0567993fa8ed4bd0a776c"},"headline":"N\u00ea\u00e7\u00eervan Barzan\u00ee \u00fb Mezl\u00fbm Ebd\u00ee li Hewl\u00ear\u00ea civiyan","datePublished":"2026-01-22T13:17:51+00:00","mainEntityOfPage":{"@id":"https:\/\/darkamazi.info\/archives\/1051496"},"wordCount":147,"publisher":{"@id":"https:\/\/darkamazi.info\/#organization"},"image":{"@id":"https:\/\/darkamazi.info\/archives\/1051496#primaryimage"},"thumbnailUrl":"https:\/\/darkamazi.info\/file\/2026\/01\/Nechirvan-Barzani-Mazloum-Abdi.jpg","keywords":["sereke"],"articleSection":["Kurdistan"],"inLanguage":"en-US"},{"@type":"WebPage","@id":"https:\/\/darkamazi.info\/archives\/1051496","url":"https:\/\/darkamazi.info\/archives\/1051496","name":"N\u00ea\u00e7\u00eervan Barzan\u00ee \u00fb Mezl\u00fbm Ebd\u00ee li Hewl\u00ear\u00ea civiyan - Darka Maz\u00ee","isPartOf":{"@id":"https:\/\/darkamazi.info\/#website"},"primaryImageOfPage":{"@id":"https:\/\/darkamazi.info\/archives\/1051496#primaryimage"},"image":{"@id":"https:\/\/darkamazi.info\/archives\/1051496#primaryimage"},"thumbnailUrl":"https:\/\/darkamazi.info\/file\/2026\/01\/Nechirvan-Barzani-Mazloum-Abdi.jpg","datePublished":"2026-01-22T13:17:51+00:00","breadcrumb":{"@id":"https:\/\/darkamazi.info\/archives\/1051496#breadcrumb"},"inLanguage":"en-US","potentialAction":[{"@type":"ReadAction","target":["https:\/\/darkamazi.info\/archives\/1051496"]}]},{"@type":"ImageObject","inLanguage":"en-US","@id":"https:\/\/darkamazi.info\/archives\/1051496#primaryimage","url":"https:\/\/darkamazi.info\/file\/2026\/01\/Nechirvan-Barzani-Mazloum-Abdi.jpg","contentUrl":"https:\/\/darkamazi.info\/file\/2026\/01\/Nechirvan-Barzani-Mazloum-Abdi.jpg","width":900,"height":500,"caption":"Nechirvan Barzani-Mazloum Abdi"},{"@type":"BreadcrumbList","@id":"https:\/\/darkamazi.info\/archives\/1051496#breadcrumb","itemListElement":[{"@type":"ListItem","position":1,"name":"Home","item":"https:\/\/darkamazi.info\/"},{"@type":"ListItem","position":2,"name":"N\u00ea\u00e7\u00eervan Barzan\u00ee \u00fb Mezl\u00fbm Ebd\u00ee li Hewl\u00ear\u00ea civiyan"}]},{"@type":"WebSite","@id":"https:\/\/darkamazi.info\/#website","url":"https:\/\/darkamazi.info\/","name":"Darka Maz\u00ee","description":"P\u00eageha Zanyariy\u00ean Nebih\u00eest\u00ee","publisher":{"@id":"https:\/\/darkamazi.info\/#organization"},"potentialAction":[{"@type":"SearchAction","target":{"@type":"EntryPoint","urlTemplate":"https:\/\/darkamazi.info\/?s={search_term_string}"},"query-input":{"@type":"PropertyValueSpecification","valueRequired":true,"valueName":"search_term_string"}}],"inLanguage":"en-US"},{"@type":"Organization","@id":"https:\/\/darkamazi.info\/#organization","name":"Darka Maz\u00ee","url":"https:\/\/darkamazi.info\/","logo":{"@type":"ImageObject","inLanguage":"en-US","@id":"https:\/\/darkamazi.info\/#\/schema\/logo\/image\/","url":"https:\/\/darkamazi.info\/file\/2017\/12\/darka-mazi-logo.png","contentUrl":"https:\/\/darkamazi.info\/file\/2017\/12\/darka-mazi-logo.png","width":151,"height":75,"caption":"Darka Maz\u00ee"},"image":{"@id":"https:\/\/darkamazi.info\/#\/schema\/logo\/image\/"},"sameAs":["https:\/\/www.facebook.com\/DarMaziKurmanci","https:\/\/x.com\/DarkaMaziLatini","https:\/\/www.instagram.com\/darkamazi.kurmanci\/","https:\/\/www.youtube.com\/channel\/UCa5HkTdmI8U1qCUFuTw8B2g"]},{"@type":"Person","@id":"https:\/\/darkamazi.info\/#\/schema\/person\/5ad3e24553a0567993fa8ed4bd0a776c","name":"darka mazi","sameAs":["https:\/\/darkamazi.info\/"],"url":"https:\/\/darkamazi.info\/archives\/author\/kurdi"}]}},"_links":{"self":[{"href":"https:\/\/darkamazi.info\/funavuv\/wp\/v2\/posts\/1051496","targetHints":{"allow":["GET"]}}],"collection":[{"href":"https:\/\/darkamazi.info\/funavuv\/wp\/v2\/posts"}],"about":[{"href":"https:\/\/darkamazi.info\/funavuv\/wp\/v2\/types\/post"}],"author":[{"embeddable":true,"href":"https:\/\/darkamazi.info\/funavuv\/wp\/v2\/users\/2"}],"replies":[{"embeddable":true,"href":"https:\/\/darkamazi.info\/funavuv\/wp\/v2\/comments?post=1051496"}],"version-history":[{"count":0,"href":"https:\/\/darkamazi.info\/funavuv\/wp\/v2\/posts\/1051496\/revisions"}],"wp:featuredmedia":[{"embeddable":true,"href":"https:\/\/darkamazi.info\/funavuv\/wp\/v2\/media\/1051497"}],"wp:attachment":[{"href":"https:\/\/darkamazi.info\/funavuv\/wp\/v2\/media?parent=1051496"}],"wp:term":[{"taxonomy":"category","embeddable":true,"href":"https:\/\/darkamazi.info\/funavuv\/wp\/v2\/categories?post=1051496"},{"taxonomy":"post_tag","embeddable":true,"href":"https:\/\/darkamazi.info\/funavuv\/wp\/v2\/tags?post=1051496"}],"curies":[{"name":"wp","href":"https:\/\/api.w.org\/{rel}","templated":true}]}}