{"id":1051502,"date":"2026-01-22T17:21:25","date_gmt":"2026-01-22T14:21:25","guid":{"rendered":"https:\/\/darkamazi.info\/?p=1051502"},"modified":"2026-01-22T17:21:25","modified_gmt":"2026-01-22T14:21:25","slug":"serok-barzani-ti-kes-u-ali-nikarin-destdirejiye-li-ser-herema-kurdistane-bikin","status":"publish","type":"post","link":"https:\/\/darkamazi.info\/archives\/1051502","title":{"rendered":"Serok Barzan\u00ee: Ti kes \u00fb al\u00ee nikarin destdir\u00eajiy\u00ea li ser Her\u00eama Kurdistan\u00ea bikin"},"content":{"rendered":"<h3 style=\"text-align: justify\"><span style=\"font-family: 'arial black', sans-serif\">Serok Mes\u00fbd Barzan\u00ee li paytexta \u00cetalyay\u00ea serdana Balyozxaneya Iraq\u00ea kir \u00fb di daxuyaniyeke ragihand, &#8220;Her\u00eama Kurdistan\u00ea bi h\u00eaza P\u00ea\u015fmergeyan parast\u00ee ye, ti kes \u00fb al\u00ee nikarin destdir\u00eajiy\u00ea li ser Her\u00eama Kurdistan\u00ea bikin.&#8221;<\/span><\/h3>\n<h3 style=\"text-align: justify\"><span style=\"font-family: arial, helvetica, sans-serif\">Serok Mes\u00fbd Barzan\u00ee \u00eero 22\u00ea \u00c7ileya 2026an, di \u00e7ar\u00e7oveya serdana xwe ya ferm\u00ee ya bo \u00cetalyay\u00ea de, serdana Balyozxaneya Iraq\u00ea ya li Romay\u00ea kir. Serok Barzan\u00ee di konferanseke rojnamevaniy\u00ea de li ser rew\u015fa ewlehiya Kurdistan\u00ea, pi\u015ftgiriya ji bo Rojava \u00fb metirsiya DAI\u015e\u2019\u00ea daxuyaniy\u00ean giring dan.<\/span><\/h3>\n<h3 style=\"text-align: justify\"><span style=\"font-family: arial, helvetica, sans-serif\">Serok Barzan\u00ee bal ki\u015fand ser rew\u015fa aloz a her\u00eam\u00ea \u00fb got: &#8220;Em di her\u00eamek\u00ea de dij\u00een ku tije k\u00ea\u015fe, \u015fer \u00fb aloz\u00ee ye. L\u00ea ez dikarim v\u00ea soz\u00ea bidim ku Kurdistan xwed\u00ee P\u00ea\u015fmerge ye \u00fb bi daxwaza Xwed\u00ea ti kes nikare destdir\u00eajiy\u00ea bike ser Her\u00eama Kurdistan\u00ea.&#8221;<\/span><\/h3>\n<h3 style=\"text-align: justify\"><span style=\"font-family: arial, helvetica, sans-serif\">Mijareke din a konferans\u00ea, xwep\u00ea\u015fandan\u00ean Kurdan \u00ean li Ewropa \u00fb par\u00e7ey\u00ean din \u00ean Kurdistan\u00ea b\u00fbn ku ji bo pi\u015ftgiriya Rojavay\u00ea Kurdistan\u00ea t\u00ean kirin. Serok Barzan\u00ee spasiya xwep\u00ea\u015fanderan kir \u00fb got: &#8220;Cih\u00ea dilxwe\u015fiy\u00ea ye ku gel\u00ea Kurd li her der\u00ea pi\u015ftgiriya hevdu dike. Ev yek\u00eetiya netewey\u00ee, ti\u015ft\u00ea her\u00ee ba\u015f \u00fb giring e.&#8221;<\/span><\/h3>\n<h3 style=\"text-align: justify\"><span style=\"font-family: arial, helvetica, sans-serif\">Der bar\u00ea mijara germ a veguhastina girtiy\u00ean DAI\u015e\u2019\u00ea ji S\u00fbriy\u00ea bo Iraq\u00ea de, Serok Barzan\u00ee diyar kir ku h\u00een hejmara wan bi h\u00fbrgul\u00ee ne diyar e, l\u00ea destn\u00ee\u015fan kir ku Iraq ji bo van girtiyan c\u00eehek\u00ee ewletir e. Serok Barzan\u00ee got: &#8220;Ji bo ewlehiy\u00ea \u00e7\u00eatir e ku zindaniy\u00ean DAI\u015e\u2019\u00ea di girt\u00eegeh\u00ean Iraq\u00ea de bin, ne ku li S\u00fbriy\u00ea serbest \u00fb berday\u00ee bin.&#8221;<\/span><\/h3>\n","protected":false},"excerpt":{"rendered":"<p>Serok Mes\u00fbd Barzan\u00ee li paytexta \u00cetalyay\u00ea serdana Balyozxaneya Iraq\u00ea kir \u00fb di daxuyaniyeke ragihand, &#8220;Her\u00eama Kurdistan\u00ea bi h\u00eaza P\u00ea\u015fmergeyan parast\u00ee ye, ti kes \u00fb al\u00ee nikarin destdir\u00eajiy\u00ea li ser Her\u00eama Kurdistan\u00ea bikin.&#8221; Serok Mes\u00fbd Barzan\u00ee \u00eero 22\u00ea \u00c7ileya 2026an, di \u00e7ar\u00e7oveya serdana xwe ya ferm\u00ee ya bo \u00cetalyay\u00ea de, serdana Balyozxaneya Iraq\u00ea ya li Romay\u00ea [&hellip;]<\/p>\n","protected":false},"author":2,"featured_media":1051503,"comment_status":"closed","ping_status":"closed","sticky":false,"template":"","format":"standard","meta":{"footnotes":""},"categories":[29],"tags":[37],"class_list":["post-1051502","post","type-post","status-publish","format-standard","has-post-thumbnail","hentry","category-kurdistan","tag-sereke"],"blocksy_meta":[],"seo_head":"<!-- This site is optimized with the Yoast SEO plugin v27.5 - https:\/\/yoast.com\/product\/yoast-seo-wordpress\/ -->\n<title>Serok Barzan\u00ee: Ti kes \u00fb al\u00ee nikarin destdir\u00eajiy\u00ea li ser Her\u00eama Kurdistan\u00ea bikin - Darka Maz\u00ee<\/title>\n<meta name=\"robots\" content=\"index, follow, max-snippet:-1, max-image-preview:large, max-video-preview:-1\" \/>\n<link rel=\"canonical\" href=\"https:\/\/darkamazi.info\/archives\/1051502\" \/>\n<meta property=\"og:locale\" content=\"en_US\" \/>\n<meta property=\"og:type\" content=\"article\" \/>\n<meta property=\"og:title\" content=\"Serok Barzan\u00ee: Ti kes \u00fb al\u00ee nikarin destdir\u00eajiy\u00ea li ser Her\u00eama Kurdistan\u00ea bikin - Darka Maz\u00ee\" \/>\n<meta property=\"og:description\" content=\"Serok Mes\u00fbd Barzan\u00ee li paytexta \u00cetalyay\u00ea serdana Balyozxaneya Iraq\u00ea kir \u00fb di daxuyaniyeke ragihand, &#8220;Her\u00eama Kurdistan\u00ea bi h\u00eaza P\u00ea\u015fmergeyan parast\u00ee ye, ti kes \u00fb al\u00ee nikarin destdir\u00eajiy\u00ea li ser Her\u00eama Kurdistan\u00ea bikin.&#8221; Serok Mes\u00fbd Barzan\u00ee \u00eero 22\u00ea \u00c7ileya 2026an, di \u00e7ar\u00e7oveya serdana xwe ya ferm\u00ee ya bo \u00cetalyay\u00ea de, serdana Balyozxaneya Iraq\u00ea ya li Romay\u00ea [&hellip;]\" \/>\n<meta property=\"og:url\" content=\"https:\/\/darkamazi.info\/archives\/1051502\" \/>\n<meta property=\"og:site_name\" content=\"Darka Maz\u00ee\" \/>\n<meta property=\"article:publisher\" content=\"https:\/\/www.facebook.com\/DarMaziKurmanci\" \/>\n<meta property=\"article:published_time\" content=\"2026-01-22T14:21:25+00:00\" \/>\n<meta property=\"og:image\" content=\"https:\/\/darkamazi.info\/file\/2026\/01\/Serok-Kurdistan-info.jpg\" \/>\n\t<meta property=\"og:image:width\" content=\"900\" \/>\n\t<meta property=\"og:image:height\" content=\"500\" \/>\n\t<meta property=\"og:image:type\" content=\"image\/jpeg\" \/>\n<meta name=\"author\" content=\"darka mazi\" \/>\n<meta name=\"twitter:card\" content=\"summary_large_image\" \/>\n<meta name=\"twitter:creator\" content=\"@DarkaMaziLatini\" \/>\n<meta name=\"twitter:site\" content=\"@DarkaMaziLatini\" \/>\n<meta name=\"twitter:label1\" content=\"Written by\" \/>\n\t<meta name=\"twitter:data1\" content=\"darka mazi\" \/>\n\t<meta name=\"twitter:label2\" content=\"Est. reading time\" \/>\n\t<meta name=\"twitter:data2\" content=\"2 minutes\" \/>\n<script type=\"application\/ld+json\" class=\"seo-schema-graph\">{\"@context\":\"https:\\\/\\\/schema.org\",\"@graph\":[{\"@type\":\"Article\",\"@id\":\"https:\\\/\\\/darkamazi.info\\\/archives\\\/1051502#article\",\"isPartOf\":{\"@id\":\"https:\\\/\\\/darkamazi.info\\\/archives\\\/1051502\"},\"author\":{\"name\":\"darka mazi\",\"@id\":\"https:\\\/\\\/darkamazi.info\\\/#\\\/schema\\\/person\\\/5ad3e24553a0567993fa8ed4bd0a776c\"},\"headline\":\"Serok Barzan\u00ee: Ti kes \u00fb al\u00ee nikarin destdir\u00eajiy\u00ea li ser Her\u00eama Kurdistan\u00ea bikin\",\"datePublished\":\"2026-01-22T14:21:25+00:00\",\"mainEntityOfPage\":{\"@id\":\"https:\\\/\\\/darkamazi.info\\\/archives\\\/1051502\"},\"wordCount\":281,\"publisher\":{\"@id\":\"https:\\\/\\\/darkamazi.info\\\/#organization\"},\"image\":{\"@id\":\"https:\\\/\\\/darkamazi.info\\\/archives\\\/1051502#primaryimage\"},\"thumbnailUrl\":\"https:\\\/\\\/darkamazi.info\\\/darka-content\\\/uploads\\\/2026\\\/01\\\/Serok-Kurdistan-info.jpg\",\"keywords\":[\"sereke\"],\"articleSection\":[\"Kurdistan\"],\"inLanguage\":\"en-US\"},{\"@type\":\"WebPage\",\"@id\":\"https:\\\/\\\/darkamazi.info\\\/archives\\\/1051502\",\"url\":\"https:\\\/\\\/darkamazi.info\\\/archives\\\/1051502\",\"name\":\"Serok Barzan\u00ee: Ti kes \u00fb al\u00ee nikarin destdir\u00eajiy\u00ea li ser Her\u00eama Kurdistan\u00ea bikin - Darka Maz\u00ee\",\"isPartOf\":{\"@id\":\"https:\\\/\\\/darkamazi.info\\\/#website\"},\"primaryImageOfPage\":{\"@id\":\"https:\\\/\\\/darkamazi.info\\\/archives\\\/1051502#primaryimage\"},\"image\":{\"@id\":\"https:\\\/\\\/darkamazi.info\\\/archives\\\/1051502#primaryimage\"},\"thumbnailUrl\":\"https:\\\/\\\/darkamazi.info\\\/darka-content\\\/uploads\\\/2026\\\/01\\\/Serok-Kurdistan-info.jpg\",\"datePublished\":\"2026-01-22T14:21:25+00:00\",\"breadcrumb\":{\"@id\":\"https:\\\/\\\/darkamazi.info\\\/archives\\\/1051502#breadcrumb\"},\"inLanguage\":\"en-US\",\"potentialAction\":[{\"@type\":\"ReadAction\",\"target\":[\"https:\\\/\\\/darkamazi.info\\\/archives\\\/1051502\"]}]},{\"@type\":\"ImageObject\",\"inLanguage\":\"en-US\",\"@id\":\"https:\\\/\\\/darkamazi.info\\\/archives\\\/1051502#primaryimage\",\"url\":\"https:\\\/\\\/darkamazi.info\\\/darka-content\\\/uploads\\\/2026\\\/01\\\/Serok-Kurdistan-info.jpg\",\"contentUrl\":\"https:\\\/\\\/darkamazi.info\\\/darka-content\\\/uploads\\\/2026\\\/01\\\/Serok-Kurdistan-info.jpg\",\"width\":900,\"height\":500,\"caption\":\"Serok-Kurdistan-info\"},{\"@type\":\"BreadcrumbList\",\"@id\":\"https:\\\/\\\/darkamazi.info\\\/archives\\\/1051502#breadcrumb\",\"itemListElement\":[{\"@type\":\"ListItem\",\"position\":1,\"name\":\"Home\",\"item\":\"https:\\\/\\\/darkamazi.info\\\/\"},{\"@type\":\"ListItem\",\"position\":2,\"name\":\"Serok Barzan\u00ee: Ti kes \u00fb al\u00ee nikarin destdir\u00eajiy\u00ea li ser Her\u00eama Kurdistan\u00ea bikin\"}]},{\"@type\":\"WebSite\",\"@id\":\"https:\\\/\\\/darkamazi.info\\\/#website\",\"url\":\"https:\\\/\\\/darkamazi.info\\\/\",\"name\":\"Darka Maz\u00ee\",\"description\":\"P\u00eageha Zanyariy\u00ean Nebih\u00eest\u00ee\",\"publisher\":{\"@id\":\"https:\\\/\\\/darkamazi.info\\\/#organization\"},\"potentialAction\":[{\"@type\":\"SearchAction\",\"target\":{\"@type\":\"EntryPoint\",\"urlTemplate\":\"https:\\\/\\\/darkamazi.info\\\/?s={search_term_string}\"},\"query-input\":{\"@type\":\"PropertyValueSpecification\",\"valueRequired\":true,\"valueName\":\"search_term_string\"}}],\"inLanguage\":\"en-US\"},{\"@type\":\"Organization\",\"@id\":\"https:\\\/\\\/darkamazi.info\\\/#organization\",\"name\":\"Darka Maz\u00ee\",\"url\":\"https:\\\/\\\/darkamazi.info\\\/\",\"logo\":{\"@type\":\"ImageObject\",\"inLanguage\":\"en-US\",\"@id\":\"https:\\\/\\\/darkamazi.info\\\/#\\\/schema\\\/logo\\\/image\\\/\",\"url\":\"https:\\\/\\\/darkamazi.info\\\/darka-content\\\/uploads\\\/2017\\\/12\\\/darka-mazi-logo.png\",\"contentUrl\":\"https:\\\/\\\/darkamazi.info\\\/darka-content\\\/uploads\\\/2017\\\/12\\\/darka-mazi-logo.png\",\"width\":151,\"height\":75,\"caption\":\"Darka Maz\u00ee\"},\"image\":{\"@id\":\"https:\\\/\\\/darkamazi.info\\\/#\\\/schema\\\/logo\\\/image\\\/\"},\"sameAs\":[\"https:\\\/\\\/www.facebook.com\\\/DarMaziKurmanci\",\"https:\\\/\\\/x.com\\\/DarkaMaziLatini\",\"https:\\\/\\\/www.instagram.com\\\/darkamazi.kurmanci\\\/\",\"https:\\\/\\\/www.youtube.com\\\/channel\\\/UCa5HkTdmI8U1qCUFuTw8B2g\"]},{\"@type\":\"Person\",\"@id\":\"https:\\\/\\\/darkamazi.info\\\/#\\\/schema\\\/person\\\/5ad3e24553a0567993fa8ed4bd0a776c\",\"name\":\"darka mazi\",\"sameAs\":[\"https:\\\/\\\/darkamazi.info\\\/\"],\"url\":\"https:\\\/\\\/darkamazi.info\\\/archives\\\/author\\\/kurdi\"}]}<\/script>\n<!-- \/ Yoast SEO plugin. -->","seo_head_json":{"title":"Serok Barzan\u00ee: Ti kes \u00fb al\u00ee nikarin destdir\u00eajiy\u00ea li ser Her\u00eama Kurdistan\u00ea bikin - Darka Maz\u00ee","robots":{"index":"index","follow":"follow","max-snippet":"max-snippet:-1","max-image-preview":"max-image-preview:large","max-video-preview":"max-video-preview:-1"},"canonical":"https:\/\/darkamazi.info\/archives\/1051502","og_locale":"en_US","og_type":"article","og_title":"Serok Barzan\u00ee: Ti kes \u00fb al\u00ee nikarin destdir\u00eajiy\u00ea li ser Her\u00eama Kurdistan\u00ea bikin - Darka Maz\u00ee","og_description":"Serok Mes\u00fbd Barzan\u00ee li paytexta \u00cetalyay\u00ea serdana Balyozxaneya Iraq\u00ea kir \u00fb di daxuyaniyeke ragihand, &#8220;Her\u00eama Kurdistan\u00ea bi h\u00eaza P\u00ea\u015fmergeyan parast\u00ee ye, ti kes \u00fb al\u00ee nikarin destdir\u00eajiy\u00ea li ser Her\u00eama Kurdistan\u00ea bikin.&#8221; Serok Mes\u00fbd Barzan\u00ee \u00eero 22\u00ea \u00c7ileya 2026an, di \u00e7ar\u00e7oveya serdana xwe ya ferm\u00ee ya bo \u00cetalyay\u00ea de, serdana Balyozxaneya Iraq\u00ea ya li Romay\u00ea [&hellip;]","og_url":"https:\/\/darkamazi.info\/archives\/1051502","og_site_name":"Darka Maz\u00ee","article_publisher":"https:\/\/www.facebook.com\/DarMaziKurmanci","article_published_time":"2026-01-22T14:21:25+00:00","og_image":[{"width":900,"height":500,"url":"https:\/\/darkamazi.info\/file\/2026\/01\/Serok-Kurdistan-info.jpg","type":"image\/jpeg"}],"author":"darka mazi","twitter_card":"summary_large_image","twitter_creator":"@DarkaMaziLatini","twitter_site":"@DarkaMaziLatini","twitter_misc":{"Written by":"darka mazi","Est. reading time":"2 minutes"},"schema":{"@context":"https:\/\/schema.org","@graph":[{"@type":"Article","@id":"https:\/\/darkamazi.info\/archives\/1051502#article","isPartOf":{"@id":"https:\/\/darkamazi.info\/archives\/1051502"},"author":{"name":"darka mazi","@id":"https:\/\/darkamazi.info\/#\/schema\/person\/5ad3e24553a0567993fa8ed4bd0a776c"},"headline":"Serok Barzan\u00ee: Ti kes \u00fb al\u00ee nikarin destdir\u00eajiy\u00ea li ser Her\u00eama Kurdistan\u00ea bikin","datePublished":"2026-01-22T14:21:25+00:00","mainEntityOfPage":{"@id":"https:\/\/darkamazi.info\/archives\/1051502"},"wordCount":281,"publisher":{"@id":"https:\/\/darkamazi.info\/#organization"},"image":{"@id":"https:\/\/darkamazi.info\/archives\/1051502#primaryimage"},"thumbnailUrl":"https:\/\/darkamazi.info\/file\/2026\/01\/Serok-Kurdistan-info.jpg","keywords":["sereke"],"articleSection":["Kurdistan"],"inLanguage":"en-US"},{"@type":"WebPage","@id":"https:\/\/darkamazi.info\/archives\/1051502","url":"https:\/\/darkamazi.info\/archives\/1051502","name":"Serok Barzan\u00ee: Ti kes \u00fb al\u00ee nikarin destdir\u00eajiy\u00ea li ser Her\u00eama Kurdistan\u00ea bikin - Darka Maz\u00ee","isPartOf":{"@id":"https:\/\/darkamazi.info\/#website"},"primaryImageOfPage":{"@id":"https:\/\/darkamazi.info\/archives\/1051502#primaryimage"},"image":{"@id":"https:\/\/darkamazi.info\/archives\/1051502#primaryimage"},"thumbnailUrl":"https:\/\/darkamazi.info\/file\/2026\/01\/Serok-Kurdistan-info.jpg","datePublished":"2026-01-22T14:21:25+00:00","breadcrumb":{"@id":"https:\/\/darkamazi.info\/archives\/1051502#breadcrumb"},"inLanguage":"en-US","potentialAction":[{"@type":"ReadAction","target":["https:\/\/darkamazi.info\/archives\/1051502"]}]},{"@type":"ImageObject","inLanguage":"en-US","@id":"https:\/\/darkamazi.info\/archives\/1051502#primaryimage","url":"https:\/\/darkamazi.info\/file\/2026\/01\/Serok-Kurdistan-info.jpg","contentUrl":"https:\/\/darkamazi.info\/file\/2026\/01\/Serok-Kurdistan-info.jpg","width":900,"height":500,"caption":"Serok-Kurdistan-info"},{"@type":"BreadcrumbList","@id":"https:\/\/darkamazi.info\/archives\/1051502#breadcrumb","itemListElement":[{"@type":"ListItem","position":1,"name":"Home","item":"https:\/\/darkamazi.info\/"},{"@type":"ListItem","position":2,"name":"Serok Barzan\u00ee: Ti kes \u00fb al\u00ee nikarin destdir\u00eajiy\u00ea li ser Her\u00eama Kurdistan\u00ea bikin"}]},{"@type":"WebSite","@id":"https:\/\/darkamazi.info\/#website","url":"https:\/\/darkamazi.info\/","name":"Darka Maz\u00ee","description":"P\u00eageha Zanyariy\u00ean Nebih\u00eest\u00ee","publisher":{"@id":"https:\/\/darkamazi.info\/#organization"},"potentialAction":[{"@type":"SearchAction","target":{"@type":"EntryPoint","urlTemplate":"https:\/\/darkamazi.info\/?s={search_term_string}"},"query-input":{"@type":"PropertyValueSpecification","valueRequired":true,"valueName":"search_term_string"}}],"inLanguage":"en-US"},{"@type":"Organization","@id":"https:\/\/darkamazi.info\/#organization","name":"Darka Maz\u00ee","url":"https:\/\/darkamazi.info\/","logo":{"@type":"ImageObject","inLanguage":"en-US","@id":"https:\/\/darkamazi.info\/#\/schema\/logo\/image\/","url":"https:\/\/darkamazi.info\/file\/2017\/12\/darka-mazi-logo.png","contentUrl":"https:\/\/darkamazi.info\/file\/2017\/12\/darka-mazi-logo.png","width":151,"height":75,"caption":"Darka Maz\u00ee"},"image":{"@id":"https:\/\/darkamazi.info\/#\/schema\/logo\/image\/"},"sameAs":["https:\/\/www.facebook.com\/DarMaziKurmanci","https:\/\/x.com\/DarkaMaziLatini","https:\/\/www.instagram.com\/darkamazi.kurmanci\/","https:\/\/www.youtube.com\/channel\/UCa5HkTdmI8U1qCUFuTw8B2g"]},{"@type":"Person","@id":"https:\/\/darkamazi.info\/#\/schema\/person\/5ad3e24553a0567993fa8ed4bd0a776c","name":"darka mazi","sameAs":["https:\/\/darkamazi.info\/"],"url":"https:\/\/darkamazi.info\/archives\/author\/kurdi"}]}},"_links":{"self":[{"href":"https:\/\/darkamazi.info\/funavuv\/wp\/v2\/posts\/1051502","targetHints":{"allow":["GET"]}}],"collection":[{"href":"https:\/\/darkamazi.info\/funavuv\/wp\/v2\/posts"}],"about":[{"href":"https:\/\/darkamazi.info\/funavuv\/wp\/v2\/types\/post"}],"author":[{"embeddable":true,"href":"https:\/\/darkamazi.info\/funavuv\/wp\/v2\/users\/2"}],"replies":[{"embeddable":true,"href":"https:\/\/darkamazi.info\/funavuv\/wp\/v2\/comments?post=1051502"}],"version-history":[{"count":0,"href":"https:\/\/darkamazi.info\/funavuv\/wp\/v2\/posts\/1051502\/revisions"}],"wp:featuredmedia":[{"embeddable":true,"href":"https:\/\/darkamazi.info\/funavuv\/wp\/v2\/media\/1051503"}],"wp:attachment":[{"href":"https:\/\/darkamazi.info\/funavuv\/wp\/v2\/media?parent=1051502"}],"wp:term":[{"taxonomy":"category","embeddable":true,"href":"https:\/\/darkamazi.info\/funavuv\/wp\/v2\/categories?post=1051502"},{"taxonomy":"post_tag","embeddable":true,"href":"https:\/\/darkamazi.info\/funavuv\/wp\/v2\/tags?post=1051502"}],"curies":[{"name":"wp","href":"https:\/\/api.w.org\/{rel}","templated":true}]}}