{"id":1051505,"date":"2026-01-22T19:27:25","date_gmt":"2026-01-22T16:27:25","guid":{"rendered":"https:\/\/darkamazi.info\/?p=1051505"},"modified":"2026-01-22T19:27:25","modified_gmt":"2026-01-22T16:27:25","slug":"gelo-li-rojava-xiyanet-li-kurdan-hatiye-kirin","status":"publish","type":"post","link":"https:\/\/darkamazi.info\/archives\/1051505","title":{"rendered":"Gelo li Rojava xiyanet li Kurdan hat\u00eeye kirin?"},"content":{"rendered":"<div class=\"wpb-content-wrapper\"><p>[darkamazi_row][darkamazi_column][darkamazi_video link=&#8221;https:\/\/www.youtube.com\/watch?v=RV50BQGuS-I&#8221; align=&#8221;center&#8221; css=&#8221;&#8221;][darkamazi_column_text]<\/p>\n<h3 style=\"text-align: justify;\"><span style=\"font-family: 'arial black', sans-serif;\">\u00car\u00ee\u015feke mezin li dij\u00ee destkeft\u00ee, maf, erdn\u00eegar\u00ee \u00fb heta heb\u00fbna f\u00eez\u00eek\u00ee ya Kurdan li Rojava heye. D\u00eerok\u00ea em an\u00eene astek\u00ea ku div\u00ea her Kurdek\u00ee bi \u015feref \u00fb r\u00fbmet ji bo Rojava tevbigere \u00fb her ti\u015ft\u00ea ku ji dest\u00ea w\u00ee t\u00ea bike., Kurdan li her der\u00ea c\u00eehan\u00ea \u00fb Kurdistan\u00ea, ji Hewler\u00ea heta Bochum\u00ea, ji Duhok\u00ea heta Nis\u00eab\u00een\u00ea, ji Akr\u00ea heta Stockholm\u00ea, n\u00ee\u015fan dane ku ew milletek\u00ee serbilind in \u00fb bi dir\u00fb\u015fmeya &#8220;Rojava ne bi ten\u00ea ye&#8221; derketine kolanan. Kurd xemg\u00een \u00fb h\u00ears in\u2026 \u00db Kurd bawer dikin ku d\u00eerok xwe dubare dike \u00fb d\u00eesa x\u00eeyanet li wan hatine kirin.<\/span><\/h3>\n<h3 style=\"text-align: justify;\"><span style=\"font-family: 'arial black', sans-serif; font-size: 18pt; color: #8c0808;\">\u00db bi rast\u00ee j\u00ee, x\u00eeyanet li Kurdan hate kirin.<\/span><\/h3>\n<h3 style=\"text-align: justify;\"><span style=\"font-family: 'arial black', sans-serif; font-size: 18pt; color: #8c0808;\">K\u00ee b\u00fbn y\u00ean x\u00eeyanet kir\u00ee?<\/span><\/h3>\n<h3 style=\"text-align: justify;\"><span style=\"font-family: arial, helvetica, sans-serif;\">Xiyanetkar\u00ean yekem h\u00eaz\u00ean Rojavay\u00ee b\u00fbn ku bi salan \u00eed\u00eea dikirin ku li cem Rojava ne. Pi\u015ft\u00ee 25 salan, Dewlet\u00ean Yekb\u00fby\u00ee y\u00ean Amer\u00eekay\u00ea bi ferm\u00ee \u015eam radest\u00ee El Qa\u00eedey\u00ea kir, ku 2001 \u00ea \u00ear\u00ee\u015f\u00ee her du bircan kirib\u00fb. Br\u00eetanya plansaz\u00ea v\u00ea xiyanet\u00ea b\u00fb. Di v\u00ea navber\u00ea de, Fransa bi tirs xwe tevl\u00ee s\u00eestema dij\u00ee-kurd a ku hatib\u00fb damezrandin kir. N\u00fbner\u00ea Amer\u00eek\u00ee Tom Barrak b\u00ea\u015ferm\u00ee ragihand \u00fb got, &#8220;Serdema HSD bi daw\u00ee b\u00fbye.&#8221;<\/span><\/h3>\n<h3 style=\"text-align: justify;\"><span style=\"font-family: arial, helvetica, sans-serif;\">Gr\u00fbpa duyem\u00een a x\u00eeyanetkar h\u00eaz\u00ean Ereb b\u00fbn. Ji ber ku bi salan di bin dir\u00fb\u015fmey\u00ean wek\u00ee &#8220;s\u00eestema gelan&#8221;, &#8220;biratiya gelan&#8221; \u00fb hwd.. de di nav pergal\u00ea HSD \u00ea de b\u00fbn, Ereban ne ten\u00ea di rojek\u00ea de HSD terikandin, di heman dem\u00ea de hevsenger\u00ean xwe anku \u015fervan\u00ean Kurd ji pi\u015ftve xen\u00e7erkirin.<\/span><\/h3>\n<h3 style=\"text-align: justify;\"><span style=\"font-family: 'arial black', sans-serif; color: #8c0808; font-size: 18pt;\">Kurd v\u00ea xiyanet\u00ea dib\u00eenin \u00fb bih\u00ears in.<\/span><\/h3>\n<h3 style=\"text-align: justify;\"><span style=\"font-family: arial, helvetica, sans-serif;\">L\u00ea mixabin, ji aliy\u00ea Kurdan bi xwe ve j\u00ee xiyanetek li Rojava hat kirin. Ev xay\u00een\u00ean navxwey\u00ee Ocalan \u00fb partiya w\u00ee ya hilwe\u015f\u00eeay\u00ee PKK\u2019e b\u00fbn ku gel\u00ea Rojava ew sere 45 salan b\u00fb PKK li ser pi\u015fta xwe dig\u00earand.<\/span><\/h3>\n<h3 style=\"text-align: justify;\"><span style=\"font-family: arial, helvetica, sans-serif;\">PKK ji sala 1980an vir ve ji gel\u00ea Rojava s\u00fbd werdigirt. Zarok\u00ean wan kirin \u015fervan, pere wergirtin \u00fb kamp\u00ean perwerdey\u00ea dinava wan da ava kirin. Di sala 2012an de, bi r\u00eakeftinek bi \u00ceran\u00ea re, li Rojava dewr wergirtin \u00fb ji bo xwe kirin R\u00fbbar\u00ea jiyan\u00ea. Wan bi her kes\u00ee re bazar\u00ee bo Rojava kirin, hem ji \u00ceran \u00fb hem j\u00ee ji dewlet\u00ean Rojava pi\u015ftgir\u00ee wergirtin. Bi ton \u00e7ek, perwerdehiya le\u015fker\u00ee, t\u00eakiliy\u00ean d\u00eeplomat\u00eek, pasaport, n\u00fbnert\u00ee, qa\u00e7ax\u00e7\u00eetiya \u00e7ekan \u00fb perey\u00ean ji petrol\u00ea \u00fb hwd.. Bi r\u00eeya Rojava wergirtin. Gotin Rojava ya me ye \u00fb ji bo Kurdan \u00fb T\u00eako\u015f\u00eena Netewey\u00ee ya Kurd qepatkirin. Wan bi zor\u00ea raman\u00ean anar\u015f\u00eest\u00ee \u00ean Murray Bookchin li ser fikr\u00eeyata Rojava ferz kirin.<\/span><\/h3>\n<h3 style=\"text-align: justify;\"><span style=\"font-family: arial, helvetica, sans-serif;\">\u00db pi\u015ft\u00ee ku PKK her ti\u015ft\u00ea ku bi nav\u00ea Rojava dikarib\u00fb girt, tam di w\u00ea dem\u00ea de ku destkeftiy\u00ean li Rojava hewcey\u00ee desthilatb\u00fbn\u00ea b\u00fb, p\u00eavajoya bi nav\u00ea &#8220;entegrasyona demokrat\u00eek&#8221; ji h\u00eala Bex\u00e7el\u00ee, kesayetiya fa\u015fist a her\u00ee rastgir a dewleta Tirkiy\u00ea, Erdogan xwediy\u00ea niha y\u00ea dewleta Tirkiy\u00ea \u00fb Ocalan ve hate destp\u00eakirin. Di rastiy\u00ea de, ev p\u00eavajo &#8220;p\u00eavajoya xeniqandina Rojava&#8221; b\u00fb. Ocalan pi\u015fta Rojava \u015fikand. Ocalan ji h\u00eaza Rojava re digot He\u015fd\u00ee \u015eab\u00ee ya \u00cesra\u00eel\u00ea. W\u00ee r\u00ea li ber Rojava bo p\u00ea\u015fxistina t\u00eakiliy\u00ean derve girt. Bi daxuyaniy\u00ean wek\u00ee &#8220;Daxwaza federasyon\u00ea nekin&#8221;, &#8220;Daxwaza Otonomiy\u00ea nekin&#8221; \u00fb hwd Rojava di derbar\u00ea daxwaz\u00ean s\u00eeyas\u00ee-\u00eedar\u00eede de di rew\u015fek b\u00eaarman\u00e7 de hi\u015ft.<\/span><\/h3>\n<h3 style=\"text-align: justify;\"><span style=\"font-family: arial, helvetica, sans-serif;\">Wan bask\u00ean Rojava \u015fikandin. Niha, r\u00eaber\u00ean PKK b\u00eadeng in&#8230; Ne diyar e ka d\u00ea Partiya DEM \u00e7i bib\u00eaje. Niha her kes li benda Serok Mes\u00fbd Barzan\u00ee ye ku ti\u015ftek bike. Di 14 salan, wan hem\u00ee p\u00ea\u015fniyar\u00ean serok Barzan\u00ee red kirin, li sernav\u00ea Rojava \u00ear\u00ee\u015f\u00ee tevgera Barzan\u00ee kirin. Wan Rojava z\u00fbha \u00fb w\u00earan kirin. wan niha hem\u00ee bar li ser kadroy\u00ean Rojava, xelk\u00ea Rojava \u00fb Barzaniyan hi\u015ftin.<\/span><\/h3>\n<h3 style=\"text-align: justify;\"><span style=\"font-family: arial, helvetica, sans-serif;\">Niha, Kurd ne bi hemaseta \u00eedeoloj\u00ee \u00fb peyvan, bi r\u00fbhek\u00ee netewey\u00ee \u00fb Kurdewar\u00ee, mil bi mil ji bo Rojava \u015fer dikin \u00fb hem\u00fb c\u00eehan\u00ea t\u00eadiko\u015fin. Kurdan dervey\u00ee Kurdan dost n\u00eenin. Dervey\u00ee mil bi mil\u00ea hevd\u00fb teko\u015f\u00een kirin\u00ea \u00e7i \u015fans\u00ea me n\u00eene.<\/span><\/h3>\n<p>[\/darkamazi_column_text][\/darkamazi_column][\/darkamazi_row]<\/p>\n<\/div>","protected":false},"excerpt":{"rendered":"<p>[darkamazi_row][darkamazi_column][darkamazi_video link=&#8221;https:\/\/www.youtube.com\/watch?v=RV50BQGuS-I&#8221; align=&#8221;center&#8221; css=&#8221;&#8221;][darkamazi_column_text] \u00car\u00ee\u015feke mezin li dij\u00ee destkeft\u00ee, maf, erdn\u00eegar\u00ee \u00fb heta heb\u00fbna f\u00eez\u00eek\u00ee ya Kurdan li Rojava heye. D\u00eerok\u00ea em an\u00eene astek\u00ea ku div\u00ea her Kurdek\u00ee bi \u015feref \u00fb r\u00fbmet ji bo Rojava tevbigere \u00fb her ti\u015ft\u00ea ku ji dest\u00ea w\u00ee t\u00ea bike., Kurdan li her der\u00ea c\u00eehan\u00ea \u00fb Kurdistan\u00ea, ji Hewler\u00ea heta [&hellip;]<\/p>\n","protected":false},"author":2,"featured_media":1051511,"comment_status":"closed","ping_status":"closed","sticky":false,"template":"epic_custom_post_template-1006382","format":"standard","meta":{"footnotes":""},"categories":[68,65],"tags":[37],"class_list":["post-1051505","post","type-post","status-publish","format-standard","has-post-thumbnail","hentry","category-analiz","category-vidiyo","tag-sereke"],"blocksy_meta":[],"seo_head":"<!-- This site is optimized with the Yoast SEO plugin v27.5 - https:\/\/yoast.com\/product\/yoast-seo-wordpress\/ -->\n<title>Gelo li Rojava xiyanet li Kurdan hat\u00eeye kirin? - Darka Maz\u00ee<\/title>\n<meta name=\"robots\" content=\"index, follow, max-snippet:-1, max-image-preview:large, max-video-preview:-1\" \/>\n<link rel=\"canonical\" href=\"https:\/\/darkamazi.info\/archives\/1051505\" \/>\n<meta property=\"og:locale\" content=\"en_US\" \/>\n<meta property=\"og:type\" content=\"article\" \/>\n<meta property=\"og:title\" content=\"Gelo li Rojava xiyanet li Kurdan hat\u00eeye kirin? - Darka Maz\u00ee\" \/>\n<meta property=\"og:description\" content=\"[darkamazi_row][darkamazi_column][darkamazi_video link=&#8221;https:\/\/www.youtube.com\/watch?v=RV50BQGuS-I&#8221; align=&#8221;center&#8221; css=&#8221;&#8221;][darkamazi_column_text] \u00car\u00ee\u015feke mezin li dij\u00ee destkeft\u00ee, maf, erdn\u00eegar\u00ee \u00fb heta heb\u00fbna f\u00eez\u00eek\u00ee ya Kurdan li Rojava heye. D\u00eerok\u00ea em an\u00eene astek\u00ea ku div\u00ea her Kurdek\u00ee bi \u015feref \u00fb r\u00fbmet ji bo Rojava tevbigere \u00fb her ti\u015ft\u00ea ku ji dest\u00ea w\u00ee t\u00ea bike., Kurdan li her der\u00ea c\u00eehan\u00ea \u00fb Kurdistan\u00ea, ji Hewler\u00ea heta [&hellip;]\" \/>\n<meta property=\"og:url\" content=\"https:\/\/darkamazi.info\/archives\/1051505\" \/>\n<meta property=\"og:site_name\" content=\"Darka Maz\u00ee\" \/>\n<meta property=\"article:publisher\" content=\"https:\/\/www.facebook.com\/DarMaziKurmanci\" \/>\n<meta property=\"article:published_time\" content=\"2026-01-22T16:27:25+00:00\" \/>\n<meta property=\"og:image\" content=\"https:\/\/darkamazi.info\/file\/2026\/01\/rojava.jpg\" \/>\n\t<meta property=\"og:image:width\" content=\"900\" \/>\n\t<meta property=\"og:image:height\" content=\"497\" \/>\n\t<meta property=\"og:image:type\" content=\"image\/jpeg\" \/>\n<meta name=\"author\" content=\"darka mazi\" \/>\n<meta name=\"twitter:card\" content=\"summary_large_image\" \/>\n<meta name=\"twitter:creator\" content=\"@DarkaMaziLatini\" \/>\n<meta name=\"twitter:site\" content=\"@DarkaMaziLatini\" \/>\n<meta name=\"twitter:label1\" content=\"Written by\" \/>\n\t<meta name=\"twitter:data1\" content=\"darka mazi\" \/>\n\t<meta name=\"twitter:label2\" content=\"Est. reading time\" \/>\n\t<meta name=\"twitter:data2\" content=\"3 minutes\" \/>\n<script type=\"application\/ld+json\" class=\"seo-schema-graph\">{\"@context\":\"https:\\\/\\\/schema.org\",\"@graph\":[{\"@type\":\"Article\",\"@id\":\"https:\\\/\\\/darkamazi.info\\\/archives\\\/1051505#article\",\"isPartOf\":{\"@id\":\"https:\\\/\\\/darkamazi.info\\\/archives\\\/1051505\"},\"author\":{\"name\":\"darka mazi\",\"@id\":\"https:\\\/\\\/darkamazi.info\\\/#\\\/schema\\\/person\\\/5ad3e24553a0567993fa8ed4bd0a776c\"},\"headline\":\"Gelo li Rojava xiyanet li Kurdan hat\u00eeye kirin?\",\"datePublished\":\"2026-01-22T16:27:25+00:00\",\"mainEntityOfPage\":{\"@id\":\"https:\\\/\\\/darkamazi.info\\\/archives\\\/1051505\"},\"wordCount\":744,\"publisher\":{\"@id\":\"https:\\\/\\\/darkamazi.info\\\/#organization\"},\"image\":{\"@id\":\"https:\\\/\\\/darkamazi.info\\\/archives\\\/1051505#primaryimage\"},\"thumbnailUrl\":\"https:\\\/\\\/darkamazi.info\\\/darka-content\\\/uploads\\\/2026\\\/01\\\/rojava.jpg\",\"keywords\":[\"sereke\"],\"articleSection\":[\"Anal\u00eez\",\"V\u00eed\u00eeyo\"],\"inLanguage\":\"en-US\"},{\"@type\":\"WebPage\",\"@id\":\"https:\\\/\\\/darkamazi.info\\\/archives\\\/1051505\",\"url\":\"https:\\\/\\\/darkamazi.info\\\/archives\\\/1051505\",\"name\":\"Gelo li Rojava xiyanet li Kurdan hat\u00eeye kirin? - Darka Maz\u00ee\",\"isPartOf\":{\"@id\":\"https:\\\/\\\/darkamazi.info\\\/#website\"},\"primaryImageOfPage\":{\"@id\":\"https:\\\/\\\/darkamazi.info\\\/archives\\\/1051505#primaryimage\"},\"image\":{\"@id\":\"https:\\\/\\\/darkamazi.info\\\/archives\\\/1051505#primaryimage\"},\"thumbnailUrl\":\"https:\\\/\\\/darkamazi.info\\\/darka-content\\\/uploads\\\/2026\\\/01\\\/rojava.jpg\",\"datePublished\":\"2026-01-22T16:27:25+00:00\",\"breadcrumb\":{\"@id\":\"https:\\\/\\\/darkamazi.info\\\/archives\\\/1051505#breadcrumb\"},\"inLanguage\":\"en-US\",\"potentialAction\":[{\"@type\":\"ReadAction\",\"target\":[\"https:\\\/\\\/darkamazi.info\\\/archives\\\/1051505\"]}]},{\"@type\":\"ImageObject\",\"inLanguage\":\"en-US\",\"@id\":\"https:\\\/\\\/darkamazi.info\\\/archives\\\/1051505#primaryimage\",\"url\":\"https:\\\/\\\/darkamazi.info\\\/darka-content\\\/uploads\\\/2026\\\/01\\\/rojava.jpg\",\"contentUrl\":\"https:\\\/\\\/darkamazi.info\\\/darka-content\\\/uploads\\\/2026\\\/01\\\/rojava.jpg\",\"width\":900,\"height\":497,\"caption\":\"Gelo li Rojava xiyanet li Kurdan hat\u00eeye kirin?\"},{\"@type\":\"BreadcrumbList\",\"@id\":\"https:\\\/\\\/darkamazi.info\\\/archives\\\/1051505#breadcrumb\",\"itemListElement\":[{\"@type\":\"ListItem\",\"position\":1,\"name\":\"Home\",\"item\":\"https:\\\/\\\/darkamazi.info\\\/\"},{\"@type\":\"ListItem\",\"position\":2,\"name\":\"Gelo li Rojava xiyanet li Kurdan hat\u00eeye kirin?\"}]},{\"@type\":\"WebSite\",\"@id\":\"https:\\\/\\\/darkamazi.info\\\/#website\",\"url\":\"https:\\\/\\\/darkamazi.info\\\/\",\"name\":\"Darka Maz\u00ee\",\"description\":\"P\u00eageha Zanyariy\u00ean Nebih\u00eest\u00ee\",\"publisher\":{\"@id\":\"https:\\\/\\\/darkamazi.info\\\/#organization\"},\"potentialAction\":[{\"@type\":\"SearchAction\",\"target\":{\"@type\":\"EntryPoint\",\"urlTemplate\":\"https:\\\/\\\/darkamazi.info\\\/?s={search_term_string}\"},\"query-input\":{\"@type\":\"PropertyValueSpecification\",\"valueRequired\":true,\"valueName\":\"search_term_string\"}}],\"inLanguage\":\"en-US\"},{\"@type\":\"Organization\",\"@id\":\"https:\\\/\\\/darkamazi.info\\\/#organization\",\"name\":\"Darka Maz\u00ee\",\"url\":\"https:\\\/\\\/darkamazi.info\\\/\",\"logo\":{\"@type\":\"ImageObject\",\"inLanguage\":\"en-US\",\"@id\":\"https:\\\/\\\/darkamazi.info\\\/#\\\/schema\\\/logo\\\/image\\\/\",\"url\":\"https:\\\/\\\/darkamazi.info\\\/darka-content\\\/uploads\\\/2017\\\/12\\\/darka-mazi-logo.png\",\"contentUrl\":\"https:\\\/\\\/darkamazi.info\\\/darka-content\\\/uploads\\\/2017\\\/12\\\/darka-mazi-logo.png\",\"width\":151,\"height\":75,\"caption\":\"Darka Maz\u00ee\"},\"image\":{\"@id\":\"https:\\\/\\\/darkamazi.info\\\/#\\\/schema\\\/logo\\\/image\\\/\"},\"sameAs\":[\"https:\\\/\\\/www.facebook.com\\\/DarMaziKurmanci\",\"https:\\\/\\\/x.com\\\/DarkaMaziLatini\",\"https:\\\/\\\/www.instagram.com\\\/darkamazi.kurmanci\\\/\",\"https:\\\/\\\/www.youtube.com\\\/channel\\\/UCa5HkTdmI8U1qCUFuTw8B2g\"]},{\"@type\":\"Person\",\"@id\":\"https:\\\/\\\/darkamazi.info\\\/#\\\/schema\\\/person\\\/5ad3e24553a0567993fa8ed4bd0a776c\",\"name\":\"darka mazi\",\"sameAs\":[\"https:\\\/\\\/darkamazi.info\\\/\"],\"url\":\"https:\\\/\\\/darkamazi.info\\\/archives\\\/author\\\/kurdi\"}]}<\/script>\n<!-- \/ Yoast SEO plugin. -->","seo_head_json":{"title":"Gelo li Rojava xiyanet li Kurdan hat\u00eeye kirin? - Darka Maz\u00ee","robots":{"index":"index","follow":"follow","max-snippet":"max-snippet:-1","max-image-preview":"max-image-preview:large","max-video-preview":"max-video-preview:-1"},"canonical":"https:\/\/darkamazi.info\/archives\/1051505","og_locale":"en_US","og_type":"article","og_title":"Gelo li Rojava xiyanet li Kurdan hat\u00eeye kirin? - Darka Maz\u00ee","og_description":"[darkamazi_row][darkamazi_column][darkamazi_video link=&#8221;https:\/\/www.youtube.com\/watch?v=RV50BQGuS-I&#8221; align=&#8221;center&#8221; css=&#8221;&#8221;][darkamazi_column_text] \u00car\u00ee\u015feke mezin li dij\u00ee destkeft\u00ee, maf, erdn\u00eegar\u00ee \u00fb heta heb\u00fbna f\u00eez\u00eek\u00ee ya Kurdan li Rojava heye. D\u00eerok\u00ea em an\u00eene astek\u00ea ku div\u00ea her Kurdek\u00ee bi \u015feref \u00fb r\u00fbmet ji bo Rojava tevbigere \u00fb her ti\u015ft\u00ea ku ji dest\u00ea w\u00ee t\u00ea bike., Kurdan li her der\u00ea c\u00eehan\u00ea \u00fb Kurdistan\u00ea, ji Hewler\u00ea heta [&hellip;]","og_url":"https:\/\/darkamazi.info\/archives\/1051505","og_site_name":"Darka Maz\u00ee","article_publisher":"https:\/\/www.facebook.com\/DarMaziKurmanci","article_published_time":"2026-01-22T16:27:25+00:00","og_image":[{"width":900,"height":497,"url":"https:\/\/darkamazi.info\/file\/2026\/01\/rojava.jpg","type":"image\/jpeg"}],"author":"darka mazi","twitter_card":"summary_large_image","twitter_creator":"@DarkaMaziLatini","twitter_site":"@DarkaMaziLatini","twitter_misc":{"Written by":"darka mazi","Est. reading time":"3 minutes"},"schema":{"@context":"https:\/\/schema.org","@graph":[{"@type":"Article","@id":"https:\/\/darkamazi.info\/archives\/1051505#article","isPartOf":{"@id":"https:\/\/darkamazi.info\/archives\/1051505"},"author":{"name":"darka mazi","@id":"https:\/\/darkamazi.info\/#\/schema\/person\/5ad3e24553a0567993fa8ed4bd0a776c"},"headline":"Gelo li Rojava xiyanet li Kurdan hat\u00eeye kirin?","datePublished":"2026-01-22T16:27:25+00:00","mainEntityOfPage":{"@id":"https:\/\/darkamazi.info\/archives\/1051505"},"wordCount":744,"publisher":{"@id":"https:\/\/darkamazi.info\/#organization"},"image":{"@id":"https:\/\/darkamazi.info\/archives\/1051505#primaryimage"},"thumbnailUrl":"https:\/\/darkamazi.info\/file\/2026\/01\/rojava.jpg","keywords":["sereke"],"articleSection":["Anal\u00eez","V\u00eed\u00eeyo"],"inLanguage":"en-US"},{"@type":"WebPage","@id":"https:\/\/darkamazi.info\/archives\/1051505","url":"https:\/\/darkamazi.info\/archives\/1051505","name":"Gelo li Rojava xiyanet li Kurdan hat\u00eeye kirin? - Darka Maz\u00ee","isPartOf":{"@id":"https:\/\/darkamazi.info\/#website"},"primaryImageOfPage":{"@id":"https:\/\/darkamazi.info\/archives\/1051505#primaryimage"},"image":{"@id":"https:\/\/darkamazi.info\/archives\/1051505#primaryimage"},"thumbnailUrl":"https:\/\/darkamazi.info\/file\/2026\/01\/rojava.jpg","datePublished":"2026-01-22T16:27:25+00:00","breadcrumb":{"@id":"https:\/\/darkamazi.info\/archives\/1051505#breadcrumb"},"inLanguage":"en-US","potentialAction":[{"@type":"ReadAction","target":["https:\/\/darkamazi.info\/archives\/1051505"]}]},{"@type":"ImageObject","inLanguage":"en-US","@id":"https:\/\/darkamazi.info\/archives\/1051505#primaryimage","url":"https:\/\/darkamazi.info\/file\/2026\/01\/rojava.jpg","contentUrl":"https:\/\/darkamazi.info\/file\/2026\/01\/rojava.jpg","width":900,"height":497,"caption":"Gelo li Rojava xiyanet li Kurdan hat\u00eeye kirin?"},{"@type":"BreadcrumbList","@id":"https:\/\/darkamazi.info\/archives\/1051505#breadcrumb","itemListElement":[{"@type":"ListItem","position":1,"name":"Home","item":"https:\/\/darkamazi.info\/"},{"@type":"ListItem","position":2,"name":"Gelo li Rojava xiyanet li Kurdan hat\u00eeye kirin?"}]},{"@type":"WebSite","@id":"https:\/\/darkamazi.info\/#website","url":"https:\/\/darkamazi.info\/","name":"Darka Maz\u00ee","description":"P\u00eageha Zanyariy\u00ean Nebih\u00eest\u00ee","publisher":{"@id":"https:\/\/darkamazi.info\/#organization"},"potentialAction":[{"@type":"SearchAction","target":{"@type":"EntryPoint","urlTemplate":"https:\/\/darkamazi.info\/?s={search_term_string}"},"query-input":{"@type":"PropertyValueSpecification","valueRequired":true,"valueName":"search_term_string"}}],"inLanguage":"en-US"},{"@type":"Organization","@id":"https:\/\/darkamazi.info\/#organization","name":"Darka Maz\u00ee","url":"https:\/\/darkamazi.info\/","logo":{"@type":"ImageObject","inLanguage":"en-US","@id":"https:\/\/darkamazi.info\/#\/schema\/logo\/image\/","url":"https:\/\/darkamazi.info\/file\/2017\/12\/darka-mazi-logo.png","contentUrl":"https:\/\/darkamazi.info\/file\/2017\/12\/darka-mazi-logo.png","width":151,"height":75,"caption":"Darka Maz\u00ee"},"image":{"@id":"https:\/\/darkamazi.info\/#\/schema\/logo\/image\/"},"sameAs":["https:\/\/www.facebook.com\/DarMaziKurmanci","https:\/\/x.com\/DarkaMaziLatini","https:\/\/www.instagram.com\/darkamazi.kurmanci\/","https:\/\/www.youtube.com\/channel\/UCa5HkTdmI8U1qCUFuTw8B2g"]},{"@type":"Person","@id":"https:\/\/darkamazi.info\/#\/schema\/person\/5ad3e24553a0567993fa8ed4bd0a776c","name":"darka mazi","sameAs":["https:\/\/darkamazi.info\/"],"url":"https:\/\/darkamazi.info\/archives\/author\/kurdi"}]}},"_links":{"self":[{"href":"https:\/\/darkamazi.info\/funavuv\/wp\/v2\/posts\/1051505","targetHints":{"allow":["GET"]}}],"collection":[{"href":"https:\/\/darkamazi.info\/funavuv\/wp\/v2\/posts"}],"about":[{"href":"https:\/\/darkamazi.info\/funavuv\/wp\/v2\/types\/post"}],"author":[{"embeddable":true,"href":"https:\/\/darkamazi.info\/funavuv\/wp\/v2\/users\/2"}],"replies":[{"embeddable":true,"href":"https:\/\/darkamazi.info\/funavuv\/wp\/v2\/comments?post=1051505"}],"version-history":[{"count":0,"href":"https:\/\/darkamazi.info\/funavuv\/wp\/v2\/posts\/1051505\/revisions"}],"wp:featuredmedia":[{"embeddable":true,"href":"https:\/\/darkamazi.info\/funavuv\/wp\/v2\/media\/1051511"}],"wp:attachment":[{"href":"https:\/\/darkamazi.info\/funavuv\/wp\/v2\/media?parent=1051505"}],"wp:term":[{"taxonomy":"category","embeddable":true,"href":"https:\/\/darkamazi.info\/funavuv\/wp\/v2\/categories?post=1051505"},{"taxonomy":"post_tag","embeddable":true,"href":"https:\/\/darkamazi.info\/funavuv\/wp\/v2\/tags?post=1051505"}],"curies":[{"name":"wp","href":"https:\/\/api.w.org\/{rel}","templated":true}]}}