{"id":1051507,"date":"2026-01-22T19:19:48","date_gmt":"2026-01-22T16:19:48","guid":{"rendered":"https:\/\/darkamazi.info\/?p=1051507"},"modified":"2026-01-22T19:19:48","modified_gmt":"2026-01-22T16:19:48","slug":"mesrur-barzani-me-kari-rastiyen-rojavaye-kurdistane-bigihinin-serkirdeyen-cihane","status":"publish","type":"post","link":"https:\/\/darkamazi.info\/archives\/1051507","title":{"rendered":"Mesr\u00fbr Barzan\u00ee: Me kar\u00ee rastiy\u00ean Rojavay\u00ea Kurdistan\u00ea bigih\u00eenin serkirdey\u00ean c\u00eehan\u00ea"},"content":{"rendered":"<h3 style=\"text-align: justify\"><span style=\"font-family: 'arial black', sans-serif\">Serok\u00ea Hik\u00fbmeta Her\u00eama Kurdistan\u00ea Mesr\u00fbr Barzan\u00ee li Davos\u00ea konferanseka rojnamevan\u00ee li dar xist.<\/span><\/h3>\n<h3 style=\"text-align: justify\"><span style=\"font-family: arial, helvetica, sans-serif\">Serok\u00ea Hik\u00fbmeta Her\u00eama Kurdistan\u00ea Mesr\u00fbr Barzan\u00ee \u00eero (P\u00eanc\u015fem, 22.01.2026) li Davos\u00ea di konferanseka rojnamevan\u00ee de got: Li Davos\u00ea \u00e7end mijar heb\u00fbn ku em li ser wanbiaxivin. A yek\u00ea, div\u00ea em t\u00eakiliy\u00ean bazirgan\u00ee bi welat \u00fb \u015f\u00eerket\u00ean c\u00eehan\u00ea re ba\u015ftir bikin \u00fb z\u00eadetir deriyan ji bo veberh\u00eanan\u00ea li Her\u00eama Kurdistan\u00ea vekin.<\/span><\/h3>\n<h3 style=\"text-align: justify\"><span style=\"font-family: arial, helvetica, sans-serif\">Mesr\u00fbr Barzan\u00ee amaje j\u00ee da: Rew\u015fa Rojavay\u00ea Kurdistan\u00ea j\u00ee mijareka din a hevd\u00eetin\u00ean me b\u00fb. Me bal ki\u015fand ser bidestxistina pi\u015ftgiriya navnetewey\u00ee ji bo bidaw\u00eekirina \u015fer \u00fb rawestandina \u00ear\u00ee\u015f\u00ean nerewa y\u00ean li ser Kurd\u00ean Rojavay\u00ea Kurdistan\u00ea. Me ev mijar bi rengek\u00ea cid\u00ee bi serkirdey\u00ean c\u00eehan\u00ea re n\u00eeqa\u015f kir \u00fb ez h\u00eav\u00ee dikim ku encam hebe \u00fb tenah\u00ee li dever\u00ea peyda bibe.<\/span><\/h3>\n<h3 style=\"text-align: justify\"><span style=\"font-family: arial, helvetica, sans-serif\">Ron j\u00ee kir: Em kar\u00ee di civ\u00een\u00ean xwe de li Davos\u00ea rew\u015fa Rojavay\u00ea Kurdistan\u00ea ber\u00e7av bikin \u00fb ji aliyek\u00ea din bizav\u00ean cid\u00ee bikin ji bo avakirina a\u015ftiy\u00ea \u00fb bidaw\u00eekirina \u015fer. Ez h\u00eav\u00ee dikim ku ew tirs di nav xelk\u00ee de nem\u00eene \u00fb a\u015ft\u00ee b\u00ea bicihan\u00een. Her \u00e7end em ji bo mijar\u00ean abor\u00ee hatine Davos\u00ea j\u00ee, l\u00ea rew\u015fa Rojavay\u00ea Kurdistan\u00ea \u00fb rawestandina \u015fer li w\u00ea dever\u00ea b\u00fbye mijara sereke ya n\u00eeqa\u015f \u00fb hevd\u00eetin\u00ean me bi serok\u00ean \u00fb serkirdet\u00ean c\u00eehan\u00ea re.<\/span><\/h3>\n<h3 style=\"text-align: justify\"><span style=\"font-family: arial, helvetica, sans-serif\">Amaje j\u00ee da: \u00cero li Hewl\u00ear\u00ea di navbera Mezl\u00fbm Ebd\u00ee \u00fb Tom Barrack de civ\u00eenek hatiye kirin. Ti\u015ft\u00ea ku ez dizanim ev e ku, her du al\u00ee hema bib\u00eaje gih\u00ee\u015ftine w\u00ea lihevkirin\u00ea ku agirbesta li Rojava berdewam be. Derfetek b\u00ea dan ku, ew bigih\u00eejin hevf\u00eamkirineka dual\u00ee da ku a\u015ft\u00ee \u00fb tenah\u00ee peyda bibe. Ez h\u00eav\u00ee dikim ku \u015fer careka din dernekeve.<\/span><\/h3>\n<h3 style=\"text-align: justify\"><span style=\"font-family: arial, helvetica, sans-serif\">Mesr\u00fbr Barzan\u00ee herwesa ragihand: Tu kesek bi \u015fer \u00fb aloziyan re n\u00eene. Her kes\u00ea ku me p\u00ea re hevd\u00eetin kir digot ku, div\u00ea \u015fer z\u00fb bi daw\u00ee bibe. Ya gir\u00eeng niha ew e ku, div\u00ea agirbest berdewam bike da ku ew zexta der\u00fbn\u00ee li ser gel\u00ea Kurdistan\u00ea nem\u00eene.<\/span><\/h3>\n","protected":false},"excerpt":{"rendered":"<p>Serok\u00ea Hik\u00fbmeta Her\u00eama Kurdistan\u00ea Mesr\u00fbr Barzan\u00ee li Davos\u00ea konferanseka rojnamevan\u00ee li dar xist. Serok\u00ea Hik\u00fbmeta Her\u00eama Kurdistan\u00ea Mesr\u00fbr Barzan\u00ee \u00eero (P\u00eanc\u015fem, 22.01.2026) li Davos\u00ea di konferanseka rojnamevan\u00ee de got: Li Davos\u00ea \u00e7end mijar heb\u00fbn ku em li ser wanbiaxivin. A yek\u00ea, div\u00ea em t\u00eakiliy\u00ean bazirgan\u00ee bi welat \u00fb \u015f\u00eerket\u00ean c\u00eehan\u00ea re ba\u015ftir bikin \u00fb z\u00eadetir [&hellip;]<\/p>\n","protected":false},"author":2,"featured_media":1051508,"comment_status":"closed","ping_status":"closed","sticky":false,"template":"","format":"standard","meta":{"footnotes":""},"categories":[29],"tags":[37],"class_list":["post-1051507","post","type-post","status-publish","format-standard","has-post-thumbnail","hentry","category-kurdistan","tag-sereke"],"blocksy_meta":[],"seo_head":"<!-- This site is optimized with the Yoast SEO plugin v27.5 - https:\/\/yoast.com\/product\/yoast-seo-wordpress\/ -->\n<title>Mesr\u00fbr Barzan\u00ee: Me kar\u00ee rastiy\u00ean Rojavay\u00ea Kurdistan\u00ea bigih\u00eenin serkirdey\u00ean c\u00eehan\u00ea - Darka Maz\u00ee<\/title>\n<meta name=\"robots\" content=\"index, follow, max-snippet:-1, max-image-preview:large, max-video-preview:-1\" \/>\n<link rel=\"canonical\" href=\"https:\/\/darkamazi.info\/archives\/1051507\" \/>\n<meta property=\"og:locale\" content=\"en_US\" \/>\n<meta property=\"og:type\" content=\"article\" \/>\n<meta property=\"og:title\" content=\"Mesr\u00fbr Barzan\u00ee: Me kar\u00ee rastiy\u00ean Rojavay\u00ea Kurdistan\u00ea bigih\u00eenin serkirdey\u00ean c\u00eehan\u00ea - Darka Maz\u00ee\" \/>\n<meta property=\"og:description\" content=\"Serok\u00ea Hik\u00fbmeta Her\u00eama Kurdistan\u00ea Mesr\u00fbr Barzan\u00ee li Davos\u00ea konferanseka rojnamevan\u00ee li dar xist. Serok\u00ea Hik\u00fbmeta Her\u00eama Kurdistan\u00ea Mesr\u00fbr Barzan\u00ee \u00eero (P\u00eanc\u015fem, 22.01.2026) li Davos\u00ea di konferanseka rojnamevan\u00ee de got: Li Davos\u00ea \u00e7end mijar heb\u00fbn ku em li ser wanbiaxivin. A yek\u00ea, div\u00ea em t\u00eakiliy\u00ean bazirgan\u00ee bi welat \u00fb \u015f\u00eerket\u00ean c\u00eehan\u00ea re ba\u015ftir bikin \u00fb z\u00eadetir [&hellip;]\" \/>\n<meta property=\"og:url\" content=\"https:\/\/darkamazi.info\/archives\/1051507\" \/>\n<meta property=\"og:site_name\" content=\"Darka Maz\u00ee\" \/>\n<meta property=\"article:publisher\" content=\"https:\/\/www.facebook.com\/DarMaziKurmanci\" \/>\n<meta property=\"article:published_time\" content=\"2026-01-22T16:19:48+00:00\" \/>\n<meta property=\"og:image\" content=\"https:\/\/darkamazi.info\/file\/2026\/01\/Masrour-Barzani-Rojava-Davos-info.jpg\" \/>\n\t<meta property=\"og:image:width\" content=\"900\" \/>\n\t<meta property=\"og:image:height\" content=\"500\" \/>\n\t<meta property=\"og:image:type\" content=\"image\/jpeg\" \/>\n<meta name=\"author\" content=\"darka mazi\" \/>\n<meta name=\"twitter:card\" content=\"summary_large_image\" \/>\n<meta name=\"twitter:creator\" content=\"@DarkaMaziLatini\" \/>\n<meta name=\"twitter:site\" content=\"@DarkaMaziLatini\" \/>\n<meta name=\"twitter:label1\" content=\"Written by\" \/>\n\t<meta name=\"twitter:data1\" content=\"darka mazi\" \/>\n\t<meta name=\"twitter:label2\" content=\"Est. reading time\" \/>\n\t<meta name=\"twitter:data2\" content=\"2 minutes\" \/>\n<script type=\"application\/ld+json\" class=\"seo-schema-graph\">{\"@context\":\"https:\\\/\\\/schema.org\",\"@graph\":[{\"@type\":\"Article\",\"@id\":\"https:\\\/\\\/darkamazi.info\\\/archives\\\/1051507#article\",\"isPartOf\":{\"@id\":\"https:\\\/\\\/darkamazi.info\\\/archives\\\/1051507\"},\"author\":{\"name\":\"darka mazi\",\"@id\":\"https:\\\/\\\/darkamazi.info\\\/#\\\/schema\\\/person\\\/5ad3e24553a0567993fa8ed4bd0a776c\"},\"headline\":\"Mesr\u00fbr Barzan\u00ee: Me kar\u00ee rastiy\u00ean Rojavay\u00ea Kurdistan\u00ea bigih\u00eenin serkirdey\u00ean c\u00eehan\u00ea\",\"datePublished\":\"2026-01-22T16:19:48+00:00\",\"mainEntityOfPage\":{\"@id\":\"https:\\\/\\\/darkamazi.info\\\/archives\\\/1051507\"},\"wordCount\":379,\"publisher\":{\"@id\":\"https:\\\/\\\/darkamazi.info\\\/#organization\"},\"image\":{\"@id\":\"https:\\\/\\\/darkamazi.info\\\/archives\\\/1051507#primaryimage\"},\"thumbnailUrl\":\"https:\\\/\\\/darkamazi.info\\\/darka-content\\\/uploads\\\/2026\\\/01\\\/Masrour-Barzani-Rojava-Davos-info.jpg\",\"keywords\":[\"sereke\"],\"articleSection\":[\"Kurdistan\"],\"inLanguage\":\"en-US\"},{\"@type\":\"WebPage\",\"@id\":\"https:\\\/\\\/darkamazi.info\\\/archives\\\/1051507\",\"url\":\"https:\\\/\\\/darkamazi.info\\\/archives\\\/1051507\",\"name\":\"Mesr\u00fbr Barzan\u00ee: Me kar\u00ee rastiy\u00ean Rojavay\u00ea Kurdistan\u00ea bigih\u00eenin serkirdey\u00ean c\u00eehan\u00ea - Darka Maz\u00ee\",\"isPartOf\":{\"@id\":\"https:\\\/\\\/darkamazi.info\\\/#website\"},\"primaryImageOfPage\":{\"@id\":\"https:\\\/\\\/darkamazi.info\\\/archives\\\/1051507#primaryimage\"},\"image\":{\"@id\":\"https:\\\/\\\/darkamazi.info\\\/archives\\\/1051507#primaryimage\"},\"thumbnailUrl\":\"https:\\\/\\\/darkamazi.info\\\/darka-content\\\/uploads\\\/2026\\\/01\\\/Masrour-Barzani-Rojava-Davos-info.jpg\",\"datePublished\":\"2026-01-22T16:19:48+00:00\",\"breadcrumb\":{\"@id\":\"https:\\\/\\\/darkamazi.info\\\/archives\\\/1051507#breadcrumb\"},\"inLanguage\":\"en-US\",\"potentialAction\":[{\"@type\":\"ReadAction\",\"target\":[\"https:\\\/\\\/darkamazi.info\\\/archives\\\/1051507\"]}]},{\"@type\":\"ImageObject\",\"inLanguage\":\"en-US\",\"@id\":\"https:\\\/\\\/darkamazi.info\\\/archives\\\/1051507#primaryimage\",\"url\":\"https:\\\/\\\/darkamazi.info\\\/darka-content\\\/uploads\\\/2026\\\/01\\\/Masrour-Barzani-Rojava-Davos-info.jpg\",\"contentUrl\":\"https:\\\/\\\/darkamazi.info\\\/darka-content\\\/uploads\\\/2026\\\/01\\\/Masrour-Barzani-Rojava-Davos-info.jpg\",\"width\":900,\"height\":500,\"caption\":\"Masrour-Barzani-Rojava-Davos-Net\"},{\"@type\":\"BreadcrumbList\",\"@id\":\"https:\\\/\\\/darkamazi.info\\\/archives\\\/1051507#breadcrumb\",\"itemListElement\":[{\"@type\":\"ListItem\",\"position\":1,\"name\":\"Home\",\"item\":\"https:\\\/\\\/darkamazi.info\\\/\"},{\"@type\":\"ListItem\",\"position\":2,\"name\":\"Mesr\u00fbr Barzan\u00ee: Me kar\u00ee rastiy\u00ean Rojavay\u00ea Kurdistan\u00ea bigih\u00eenin serkirdey\u00ean c\u00eehan\u00ea\"}]},{\"@type\":\"WebSite\",\"@id\":\"https:\\\/\\\/darkamazi.info\\\/#website\",\"url\":\"https:\\\/\\\/darkamazi.info\\\/\",\"name\":\"Darka Maz\u00ee\",\"description\":\"P\u00eageha Zanyariy\u00ean Nebih\u00eest\u00ee\",\"publisher\":{\"@id\":\"https:\\\/\\\/darkamazi.info\\\/#organization\"},\"potentialAction\":[{\"@type\":\"SearchAction\",\"target\":{\"@type\":\"EntryPoint\",\"urlTemplate\":\"https:\\\/\\\/darkamazi.info\\\/?s={search_term_string}\"},\"query-input\":{\"@type\":\"PropertyValueSpecification\",\"valueRequired\":true,\"valueName\":\"search_term_string\"}}],\"inLanguage\":\"en-US\"},{\"@type\":\"Organization\",\"@id\":\"https:\\\/\\\/darkamazi.info\\\/#organization\",\"name\":\"Darka Maz\u00ee\",\"url\":\"https:\\\/\\\/darkamazi.info\\\/\",\"logo\":{\"@type\":\"ImageObject\",\"inLanguage\":\"en-US\",\"@id\":\"https:\\\/\\\/darkamazi.info\\\/#\\\/schema\\\/logo\\\/image\\\/\",\"url\":\"https:\\\/\\\/darkamazi.info\\\/darka-content\\\/uploads\\\/2017\\\/12\\\/darka-mazi-logo.png\",\"contentUrl\":\"https:\\\/\\\/darkamazi.info\\\/darka-content\\\/uploads\\\/2017\\\/12\\\/darka-mazi-logo.png\",\"width\":151,\"height\":75,\"caption\":\"Darka Maz\u00ee\"},\"image\":{\"@id\":\"https:\\\/\\\/darkamazi.info\\\/#\\\/schema\\\/logo\\\/image\\\/\"},\"sameAs\":[\"https:\\\/\\\/www.facebook.com\\\/DarMaziKurmanci\",\"https:\\\/\\\/x.com\\\/DarkaMaziLatini\",\"https:\\\/\\\/www.instagram.com\\\/darkamazi.kurmanci\\\/\",\"https:\\\/\\\/www.youtube.com\\\/channel\\\/UCa5HkTdmI8U1qCUFuTw8B2g\"]},{\"@type\":\"Person\",\"@id\":\"https:\\\/\\\/darkamazi.info\\\/#\\\/schema\\\/person\\\/5ad3e24553a0567993fa8ed4bd0a776c\",\"name\":\"darka mazi\",\"sameAs\":[\"https:\\\/\\\/darkamazi.info\\\/\"],\"url\":\"https:\\\/\\\/darkamazi.info\\\/archives\\\/author\\\/kurdi\"}]}<\/script>\n<!-- \/ Yoast SEO plugin. -->","seo_head_json":{"title":"Mesr\u00fbr Barzan\u00ee: Me kar\u00ee rastiy\u00ean Rojavay\u00ea Kurdistan\u00ea bigih\u00eenin serkirdey\u00ean c\u00eehan\u00ea - Darka Maz\u00ee","robots":{"index":"index","follow":"follow","max-snippet":"max-snippet:-1","max-image-preview":"max-image-preview:large","max-video-preview":"max-video-preview:-1"},"canonical":"https:\/\/darkamazi.info\/archives\/1051507","og_locale":"en_US","og_type":"article","og_title":"Mesr\u00fbr Barzan\u00ee: Me kar\u00ee rastiy\u00ean Rojavay\u00ea Kurdistan\u00ea bigih\u00eenin serkirdey\u00ean c\u00eehan\u00ea - Darka Maz\u00ee","og_description":"Serok\u00ea Hik\u00fbmeta Her\u00eama Kurdistan\u00ea Mesr\u00fbr Barzan\u00ee li Davos\u00ea konferanseka rojnamevan\u00ee li dar xist. Serok\u00ea Hik\u00fbmeta Her\u00eama Kurdistan\u00ea Mesr\u00fbr Barzan\u00ee \u00eero (P\u00eanc\u015fem, 22.01.2026) li Davos\u00ea di konferanseka rojnamevan\u00ee de got: Li Davos\u00ea \u00e7end mijar heb\u00fbn ku em li ser wanbiaxivin. A yek\u00ea, div\u00ea em t\u00eakiliy\u00ean bazirgan\u00ee bi welat \u00fb \u015f\u00eerket\u00ean c\u00eehan\u00ea re ba\u015ftir bikin \u00fb z\u00eadetir [&hellip;]","og_url":"https:\/\/darkamazi.info\/archives\/1051507","og_site_name":"Darka Maz\u00ee","article_publisher":"https:\/\/www.facebook.com\/DarMaziKurmanci","article_published_time":"2026-01-22T16:19:48+00:00","og_image":[{"width":900,"height":500,"url":"https:\/\/darkamazi.info\/file\/2026\/01\/Masrour-Barzani-Rojava-Davos-info.jpg","type":"image\/jpeg"}],"author":"darka mazi","twitter_card":"summary_large_image","twitter_creator":"@DarkaMaziLatini","twitter_site":"@DarkaMaziLatini","twitter_misc":{"Written by":"darka mazi","Est. reading time":"2 minutes"},"schema":{"@context":"https:\/\/schema.org","@graph":[{"@type":"Article","@id":"https:\/\/darkamazi.info\/archives\/1051507#article","isPartOf":{"@id":"https:\/\/darkamazi.info\/archives\/1051507"},"author":{"name":"darka mazi","@id":"https:\/\/darkamazi.info\/#\/schema\/person\/5ad3e24553a0567993fa8ed4bd0a776c"},"headline":"Mesr\u00fbr Barzan\u00ee: Me kar\u00ee rastiy\u00ean Rojavay\u00ea Kurdistan\u00ea bigih\u00eenin serkirdey\u00ean c\u00eehan\u00ea","datePublished":"2026-01-22T16:19:48+00:00","mainEntityOfPage":{"@id":"https:\/\/darkamazi.info\/archives\/1051507"},"wordCount":379,"publisher":{"@id":"https:\/\/darkamazi.info\/#organization"},"image":{"@id":"https:\/\/darkamazi.info\/archives\/1051507#primaryimage"},"thumbnailUrl":"https:\/\/darkamazi.info\/file\/2026\/01\/Masrour-Barzani-Rojava-Davos-info.jpg","keywords":["sereke"],"articleSection":["Kurdistan"],"inLanguage":"en-US"},{"@type":"WebPage","@id":"https:\/\/darkamazi.info\/archives\/1051507","url":"https:\/\/darkamazi.info\/archives\/1051507","name":"Mesr\u00fbr Barzan\u00ee: Me kar\u00ee rastiy\u00ean Rojavay\u00ea Kurdistan\u00ea bigih\u00eenin serkirdey\u00ean c\u00eehan\u00ea - Darka Maz\u00ee","isPartOf":{"@id":"https:\/\/darkamazi.info\/#website"},"primaryImageOfPage":{"@id":"https:\/\/darkamazi.info\/archives\/1051507#primaryimage"},"image":{"@id":"https:\/\/darkamazi.info\/archives\/1051507#primaryimage"},"thumbnailUrl":"https:\/\/darkamazi.info\/file\/2026\/01\/Masrour-Barzani-Rojava-Davos-info.jpg","datePublished":"2026-01-22T16:19:48+00:00","breadcrumb":{"@id":"https:\/\/darkamazi.info\/archives\/1051507#breadcrumb"},"inLanguage":"en-US","potentialAction":[{"@type":"ReadAction","target":["https:\/\/darkamazi.info\/archives\/1051507"]}]},{"@type":"ImageObject","inLanguage":"en-US","@id":"https:\/\/darkamazi.info\/archives\/1051507#primaryimage","url":"https:\/\/darkamazi.info\/file\/2026\/01\/Masrour-Barzani-Rojava-Davos-info.jpg","contentUrl":"https:\/\/darkamazi.info\/file\/2026\/01\/Masrour-Barzani-Rojava-Davos-info.jpg","width":900,"height":500,"caption":"Masrour-Barzani-Rojava-Davos-Net"},{"@type":"BreadcrumbList","@id":"https:\/\/darkamazi.info\/archives\/1051507#breadcrumb","itemListElement":[{"@type":"ListItem","position":1,"name":"Home","item":"https:\/\/darkamazi.info\/"},{"@type":"ListItem","position":2,"name":"Mesr\u00fbr Barzan\u00ee: Me kar\u00ee rastiy\u00ean Rojavay\u00ea Kurdistan\u00ea bigih\u00eenin serkirdey\u00ean c\u00eehan\u00ea"}]},{"@type":"WebSite","@id":"https:\/\/darkamazi.info\/#website","url":"https:\/\/darkamazi.info\/","name":"Darka Maz\u00ee","description":"P\u00eageha Zanyariy\u00ean Nebih\u00eest\u00ee","publisher":{"@id":"https:\/\/darkamazi.info\/#organization"},"potentialAction":[{"@type":"SearchAction","target":{"@type":"EntryPoint","urlTemplate":"https:\/\/darkamazi.info\/?s={search_term_string}"},"query-input":{"@type":"PropertyValueSpecification","valueRequired":true,"valueName":"search_term_string"}}],"inLanguage":"en-US"},{"@type":"Organization","@id":"https:\/\/darkamazi.info\/#organization","name":"Darka Maz\u00ee","url":"https:\/\/darkamazi.info\/","logo":{"@type":"ImageObject","inLanguage":"en-US","@id":"https:\/\/darkamazi.info\/#\/schema\/logo\/image\/","url":"https:\/\/darkamazi.info\/file\/2017\/12\/darka-mazi-logo.png","contentUrl":"https:\/\/darkamazi.info\/file\/2017\/12\/darka-mazi-logo.png","width":151,"height":75,"caption":"Darka Maz\u00ee"},"image":{"@id":"https:\/\/darkamazi.info\/#\/schema\/logo\/image\/"},"sameAs":["https:\/\/www.facebook.com\/DarMaziKurmanci","https:\/\/x.com\/DarkaMaziLatini","https:\/\/www.instagram.com\/darkamazi.kurmanci\/","https:\/\/www.youtube.com\/channel\/UCa5HkTdmI8U1qCUFuTw8B2g"]},{"@type":"Person","@id":"https:\/\/darkamazi.info\/#\/schema\/person\/5ad3e24553a0567993fa8ed4bd0a776c","name":"darka mazi","sameAs":["https:\/\/darkamazi.info\/"],"url":"https:\/\/darkamazi.info\/archives\/author\/kurdi"}]}},"_links":{"self":[{"href":"https:\/\/darkamazi.info\/funavuv\/wp\/v2\/posts\/1051507","targetHints":{"allow":["GET"]}}],"collection":[{"href":"https:\/\/darkamazi.info\/funavuv\/wp\/v2\/posts"}],"about":[{"href":"https:\/\/darkamazi.info\/funavuv\/wp\/v2\/types\/post"}],"author":[{"embeddable":true,"href":"https:\/\/darkamazi.info\/funavuv\/wp\/v2\/users\/2"}],"replies":[{"embeddable":true,"href":"https:\/\/darkamazi.info\/funavuv\/wp\/v2\/comments?post=1051507"}],"version-history":[{"count":0,"href":"https:\/\/darkamazi.info\/funavuv\/wp\/v2\/posts\/1051507\/revisions"}],"wp:featuredmedia":[{"embeddable":true,"href":"https:\/\/darkamazi.info\/funavuv\/wp\/v2\/media\/1051508"}],"wp:attachment":[{"href":"https:\/\/darkamazi.info\/funavuv\/wp\/v2\/media?parent=1051507"}],"wp:term":[{"taxonomy":"category","embeddable":true,"href":"https:\/\/darkamazi.info\/funavuv\/wp\/v2\/categories?post=1051507"},{"taxonomy":"post_tag","embeddable":true,"href":"https:\/\/darkamazi.info\/funavuv\/wp\/v2\/tags?post=1051507"}],"curies":[{"name":"wp","href":"https:\/\/api.w.org\/{rel}","templated":true}]}}