{"id":1051513,"date":"2026-01-24T11:48:53","date_gmt":"2026-01-24T08:48:53","guid":{"rendered":"https:\/\/darkamazi.info\/?p=1051513"},"modified":"2026-01-24T11:48:53","modified_gmt":"2026-01-24T08:48:53","slug":"ny-me-bo-gihandina-aliariyan-bo-kobaniye-daxwaza-hesankariyan-kiriye","status":"publish","type":"post","link":"https:\/\/darkamazi.info\/archives\/1051513","title":{"rendered":"NY: Me bo gihandina al\u00eeariyan bo Kobaniy\u00ea daxwaza h\u00easankariyan kiriye"},"content":{"rendered":"<h3 style=\"text-align: justify\"><span style=\"font-family: 'arial black', sans-serif\">Netewey\u00ean Yekgirt\u00ee ji beer rew\u015fa Kobaniy\u00ea n\u00eegeran e \u00fb dib\u00eaje ku, dorp\u00ea\u00e7kirin\u00ea jiyana welatiyan xistiye xeter\u00ea.<\/span><\/h3>\n<h3 style=\"text-align: justify\">C\u00eegir\u00ea Sekreter\u00ea Gi\u015ft\u00ee y\u00ea Netewey\u00ean Yekgirt\u00ee Ferhan Heq n\u00eegeraniya xwe li ser rew\u015fa mirov\u00ee ya bajar\u00ea Kobaniy\u00ea y\u00ea Rojavay\u00ea Kurdistan\u00ea ragihand \u00fb got: Em n\u00eegeran in ku hem\u00ee r\u00eay\u00ean ber bi Kobaniy\u00ea ve hatine girtin \u00fb rew\u015fa mirov\u00ee her ku di\u00e7e xirabtir dibe.<\/h3>\n<h3 style=\"text-align: justify\">Ferhan Heq herwesa amaje j\u00ee da: Elektr\u00eek tune ye, av xirab e \u00fb xelk nikare xizmet\u00ean bingeh\u00een bi dest bixe. Navend\u00ean tenduristiy\u00ea berdewam in, l\u00ea derman \u00fb p\u00eadiv\u00eetiy\u00ean bij\u00ee\u015fk\u00ee gelek k\u00eam b\u00fbne.<\/h3>\n<h3 style=\"text-align: justify\">Netewey\u00ean Yekgirt\u00ee bi rayedar\u00ean Heleb\u00ea re di dan\u00fbstandinan de ne da ku r\u00eayek\u00ea bib\u00eenin ku al\u00eekariyan bi lez bigih\u00eenin Kobaniy\u00ea. Ferhan Heq herwesa got: Me al\u00eekar\u00ee gihandiye Heseke, Reqa \u00fb D\u00earazor\u00ea \u00fb me daxwaza h\u00easankariyan ji bo gihandina al\u00eekariyan kiriye.<\/h3>\n<h3 style=\"text-align: justify\">Herwesa T\u00eema Heyva Sor a Kurd li bajar\u00ea Kobaniy\u00ea j\u00ee haydar\u00ee li ser r\u00fbdana karesateka mirov\u00ee ya mezin li w\u00ee bajar\u00ee da. Herwesa di peyameka lezg\u00een de j\u00ee ji bo r\u00eaxistin\u00ean navnetewey\u00ee \u00fb Kom\u00eesyona Bilind a Penaberan a gir\u00eaday\u00ee Netewey\u00ean Yekgirt\u00ee, w\u00ea daxwaza al\u00eekariy\u00ean bilez \u00ean mirov\u00ee ji bo rew\u015fa mirov\u00ee ya w\u00ee bajar\u00ee j\u00ee kir.<\/h3>\n<h3 style=\"text-align: justify\">Li gor\u00ee ragihandineka w\u00ea t\u00eem\u00ea, ev \u00e7end roj in ku bajar\u00ea Kobaniy\u00ea \u00fb gund\u00ean derdora w\u00ea r\u00fbbir\u00fby\u00ee kampanyayeka le\u015fker\u00ee ya hovane \u00fb dorp\u00ea\u00e7eka giran b\u00fbne. Tev\u00ee ragihandina agirbest\u00ea j\u00ee, ew dorp\u00ea\u00e7 berdewam e \u00fb nah\u00eale p\u00eadiviy\u00ean bingeh\u00een \u00ean jiyan\u00ea bigih\u00eejin nav w\u00ee bajar\u00ee.<\/h3>\n<h3 style=\"text-align: justify\">Rew\u015fa Kobaniy\u00ea pi\u015ft\u00ee \u00e7end rojan ji dorp\u00ea\u00e7 \u00fb pev\u00e7\u00fbnan gih\u00ee\u015ftiye asteka xeter. Li gor\u00ee zanyaran, n\u00eaz\u00eek\u00ee 150 hezar siv\u00eelan li nav w\u00ee bajar\u00ee as\u00ea b\u00fbne \u00fb di rew\u015feka xirab de ne. Bir\u00eena av, elektr\u00eek, sotemen\u00ee, xwarin \u00fb xet\u00ean \u00eenternet\u00ea jiyana rojane ya welatiyan asteng kiriye \u00fb b\u00fbye sedema awareb\u00fbna hejmareka mezin a malbatan ji bo navenda w\u00ee bajar\u00ee.<\/h3>\n<h3 style=\"text-align: justify\">Gelek ji awareyan ji ber sermay\u00ea ne\u00e7ar in ku li derve an j\u00ee di nav timb\u00eal\u00ean xwe de bim\u00eenin. Heyva Sor a Kurd ragihandiye ku, hejmareka zarokan ji ber sermay\u00ea miriye.<\/h3>\n","protected":false},"excerpt":{"rendered":"<p>Netewey\u00ean Yekgirt\u00ee ji beer rew\u015fa Kobaniy\u00ea n\u00eegeran e \u00fb dib\u00eaje ku, dorp\u00ea\u00e7kirin\u00ea jiyana welatiyan xistiye xeter\u00ea. C\u00eegir\u00ea Sekreter\u00ea Gi\u015ft\u00ee y\u00ea Netewey\u00ean Yekgirt\u00ee Ferhan Heq n\u00eegeraniya xwe li ser rew\u015fa mirov\u00ee ya bajar\u00ea Kobaniy\u00ea y\u00ea Rojavay\u00ea Kurdistan\u00ea ragihand \u00fb got: Em n\u00eegeran in ku hem\u00ee r\u00eay\u00ean ber bi Kobaniy\u00ea ve hatine girtin \u00fb rew\u015fa mirov\u00ee her [&hellip;]<\/p>\n","protected":false},"author":2,"featured_media":1051514,"comment_status":"closed","ping_status":"closed","sticky":false,"template":"","format":"standard","meta":{"footnotes":""},"categories":[29],"tags":[37],"class_list":["post-1051513","post","type-post","status-publish","format-standard","has-post-thumbnail","hentry","category-kurdistan","tag-sereke"],"blocksy_meta":[],"seo_head":"<!-- This site is optimized with the Yoast SEO plugin v27.5 - https:\/\/yoast.com\/product\/yoast-seo-wordpress\/ -->\n<title>NY: Me bo gihandina al\u00eeariyan bo Kobaniy\u00ea daxwaza h\u00easankariyan kiriye - Darka Maz\u00ee<\/title>\n<meta name=\"robots\" content=\"index, follow, max-snippet:-1, max-image-preview:large, max-video-preview:-1\" \/>\n<link rel=\"canonical\" href=\"https:\/\/darkamazi.info\/archives\/1051513\" \/>\n<meta property=\"og:locale\" content=\"en_US\" \/>\n<meta property=\"og:type\" content=\"article\" \/>\n<meta property=\"og:title\" content=\"NY: Me bo gihandina al\u00eeariyan bo Kobaniy\u00ea daxwaza h\u00easankariyan kiriye - Darka Maz\u00ee\" \/>\n<meta property=\"og:description\" content=\"Netewey\u00ean Yekgirt\u00ee ji beer rew\u015fa Kobaniy\u00ea n\u00eegeran e \u00fb dib\u00eaje ku, dorp\u00ea\u00e7kirin\u00ea jiyana welatiyan xistiye xeter\u00ea. C\u00eegir\u00ea Sekreter\u00ea Gi\u015ft\u00ee y\u00ea Netewey\u00ean Yekgirt\u00ee Ferhan Heq n\u00eegeraniya xwe li ser rew\u015fa mirov\u00ee ya bajar\u00ea Kobaniy\u00ea y\u00ea Rojavay\u00ea Kurdistan\u00ea ragihand \u00fb got: Em n\u00eegeran in ku hem\u00ee r\u00eay\u00ean ber bi Kobaniy\u00ea ve hatine girtin \u00fb rew\u015fa mirov\u00ee her [&hellip;]\" \/>\n<meta property=\"og:url\" content=\"https:\/\/darkamazi.info\/archives\/1051513\" \/>\n<meta property=\"og:site_name\" content=\"Darka Maz\u00ee\" \/>\n<meta property=\"article:publisher\" content=\"https:\/\/www.facebook.com\/DarMaziKurmanci\" \/>\n<meta property=\"article:published_time\" content=\"2026-01-24T08:48:53+00:00\" \/>\n<meta property=\"og:image\" content=\"https:\/\/darkamazi.info\/file\/2026\/01\/kobani.jpg\" \/>\n\t<meta property=\"og:image:width\" content=\"900\" \/>\n\t<meta property=\"og:image:height\" content=\"497\" \/>\n\t<meta property=\"og:image:type\" content=\"image\/jpeg\" \/>\n<meta name=\"author\" content=\"darka mazi\" \/>\n<meta name=\"twitter:card\" content=\"summary_large_image\" \/>\n<meta name=\"twitter:creator\" content=\"@DarkaMaziLatini\" \/>\n<meta name=\"twitter:site\" content=\"@DarkaMaziLatini\" \/>\n<meta name=\"twitter:label1\" content=\"Written by\" \/>\n\t<meta name=\"twitter:data1\" content=\"darka mazi\" \/>\n\t<meta name=\"twitter:label2\" content=\"Est. reading time\" \/>\n\t<meta name=\"twitter:data2\" content=\"2 minutes\" \/>\n<script type=\"application\/ld+json\" class=\"seo-schema-graph\">{\"@context\":\"https:\\\/\\\/schema.org\",\"@graph\":[{\"@type\":\"Article\",\"@id\":\"https:\\\/\\\/darkamazi.info\\\/archives\\\/1051513#article\",\"isPartOf\":{\"@id\":\"https:\\\/\\\/darkamazi.info\\\/archives\\\/1051513\"},\"author\":{\"name\":\"darka mazi\",\"@id\":\"https:\\\/\\\/darkamazi.info\\\/#\\\/schema\\\/person\\\/5ad3e24553a0567993fa8ed4bd0a776c\"},\"headline\":\"NY: Me bo gihandina al\u00eeariyan bo Kobaniy\u00ea daxwaza h\u00easankariyan kiriye\",\"datePublished\":\"2026-01-24T08:48:53+00:00\",\"mainEntityOfPage\":{\"@id\":\"https:\\\/\\\/darkamazi.info\\\/archives\\\/1051513\"},\"wordCount\":392,\"publisher\":{\"@id\":\"https:\\\/\\\/darkamazi.info\\\/#organization\"},\"image\":{\"@id\":\"https:\\\/\\\/darkamazi.info\\\/archives\\\/1051513#primaryimage\"},\"thumbnailUrl\":\"https:\\\/\\\/darkamazi.info\\\/darka-content\\\/uploads\\\/2026\\\/01\\\/kobani.jpg\",\"keywords\":[\"sereke\"],\"articleSection\":[\"Kurdistan\"],\"inLanguage\":\"en-US\"},{\"@type\":\"WebPage\",\"@id\":\"https:\\\/\\\/darkamazi.info\\\/archives\\\/1051513\",\"url\":\"https:\\\/\\\/darkamazi.info\\\/archives\\\/1051513\",\"name\":\"NY: Me bo gihandina al\u00eeariyan bo Kobaniy\u00ea daxwaza h\u00easankariyan kiriye - Darka Maz\u00ee\",\"isPartOf\":{\"@id\":\"https:\\\/\\\/darkamazi.info\\\/#website\"},\"primaryImageOfPage\":{\"@id\":\"https:\\\/\\\/darkamazi.info\\\/archives\\\/1051513#primaryimage\"},\"image\":{\"@id\":\"https:\\\/\\\/darkamazi.info\\\/archives\\\/1051513#primaryimage\"},\"thumbnailUrl\":\"https:\\\/\\\/darkamazi.info\\\/darka-content\\\/uploads\\\/2026\\\/01\\\/kobani.jpg\",\"datePublished\":\"2026-01-24T08:48:53+00:00\",\"breadcrumb\":{\"@id\":\"https:\\\/\\\/darkamazi.info\\\/archives\\\/1051513#breadcrumb\"},\"inLanguage\":\"en-US\",\"potentialAction\":[{\"@type\":\"ReadAction\",\"target\":[\"https:\\\/\\\/darkamazi.info\\\/archives\\\/1051513\"]}]},{\"@type\":\"ImageObject\",\"inLanguage\":\"en-US\",\"@id\":\"https:\\\/\\\/darkamazi.info\\\/archives\\\/1051513#primaryimage\",\"url\":\"https:\\\/\\\/darkamazi.info\\\/darka-content\\\/uploads\\\/2026\\\/01\\\/kobani.jpg\",\"contentUrl\":\"https:\\\/\\\/darkamazi.info\\\/darka-content\\\/uploads\\\/2026\\\/01\\\/kobani.jpg\",\"width\":900,\"height\":497,\"caption\":\"NY: Me bo gihandina al\u00eeariyan bo Kobaniy\u00ea daxwaza h\u00easankariyan kiriye\"},{\"@type\":\"BreadcrumbList\",\"@id\":\"https:\\\/\\\/darkamazi.info\\\/archives\\\/1051513#breadcrumb\",\"itemListElement\":[{\"@type\":\"ListItem\",\"position\":1,\"name\":\"Home\",\"item\":\"https:\\\/\\\/darkamazi.info\\\/\"},{\"@type\":\"ListItem\",\"position\":2,\"name\":\"NY: Me bo gihandina al\u00eeariyan bo Kobaniy\u00ea daxwaza h\u00easankariyan kiriye\"}]},{\"@type\":\"WebSite\",\"@id\":\"https:\\\/\\\/darkamazi.info\\\/#website\",\"url\":\"https:\\\/\\\/darkamazi.info\\\/\",\"name\":\"Darka Maz\u00ee\",\"description\":\"P\u00eageha Zanyariy\u00ean Nebih\u00eest\u00ee\",\"publisher\":{\"@id\":\"https:\\\/\\\/darkamazi.info\\\/#organization\"},\"potentialAction\":[{\"@type\":\"SearchAction\",\"target\":{\"@type\":\"EntryPoint\",\"urlTemplate\":\"https:\\\/\\\/darkamazi.info\\\/?s={search_term_string}\"},\"query-input\":{\"@type\":\"PropertyValueSpecification\",\"valueRequired\":true,\"valueName\":\"search_term_string\"}}],\"inLanguage\":\"en-US\"},{\"@type\":\"Organization\",\"@id\":\"https:\\\/\\\/darkamazi.info\\\/#organization\",\"name\":\"Darka Maz\u00ee\",\"url\":\"https:\\\/\\\/darkamazi.info\\\/\",\"logo\":{\"@type\":\"ImageObject\",\"inLanguage\":\"en-US\",\"@id\":\"https:\\\/\\\/darkamazi.info\\\/#\\\/schema\\\/logo\\\/image\\\/\",\"url\":\"https:\\\/\\\/darkamazi.info\\\/darka-content\\\/uploads\\\/2017\\\/12\\\/darka-mazi-logo.png\",\"contentUrl\":\"https:\\\/\\\/darkamazi.info\\\/darka-content\\\/uploads\\\/2017\\\/12\\\/darka-mazi-logo.png\",\"width\":151,\"height\":75,\"caption\":\"Darka Maz\u00ee\"},\"image\":{\"@id\":\"https:\\\/\\\/darkamazi.info\\\/#\\\/schema\\\/logo\\\/image\\\/\"},\"sameAs\":[\"https:\\\/\\\/www.facebook.com\\\/DarMaziKurmanci\",\"https:\\\/\\\/x.com\\\/DarkaMaziLatini\",\"https:\\\/\\\/www.instagram.com\\\/darkamazi.kurmanci\\\/\",\"https:\\\/\\\/www.youtube.com\\\/channel\\\/UCa5HkTdmI8U1qCUFuTw8B2g\"]},{\"@type\":\"Person\",\"@id\":\"https:\\\/\\\/darkamazi.info\\\/#\\\/schema\\\/person\\\/5ad3e24553a0567993fa8ed4bd0a776c\",\"name\":\"darka mazi\",\"sameAs\":[\"https:\\\/\\\/darkamazi.info\\\/\"],\"url\":\"https:\\\/\\\/darkamazi.info\\\/archives\\\/author\\\/kurdi\"}]}<\/script>\n<!-- \/ Yoast SEO plugin. -->","seo_head_json":{"title":"NY: Me bo gihandina al\u00eeariyan bo Kobaniy\u00ea daxwaza h\u00easankariyan kiriye - Darka Maz\u00ee","robots":{"index":"index","follow":"follow","max-snippet":"max-snippet:-1","max-image-preview":"max-image-preview:large","max-video-preview":"max-video-preview:-1"},"canonical":"https:\/\/darkamazi.info\/archives\/1051513","og_locale":"en_US","og_type":"article","og_title":"NY: Me bo gihandina al\u00eeariyan bo Kobaniy\u00ea daxwaza h\u00easankariyan kiriye - Darka Maz\u00ee","og_description":"Netewey\u00ean Yekgirt\u00ee ji beer rew\u015fa Kobaniy\u00ea n\u00eegeran e \u00fb dib\u00eaje ku, dorp\u00ea\u00e7kirin\u00ea jiyana welatiyan xistiye xeter\u00ea. C\u00eegir\u00ea Sekreter\u00ea Gi\u015ft\u00ee y\u00ea Netewey\u00ean Yekgirt\u00ee Ferhan Heq n\u00eegeraniya xwe li ser rew\u015fa mirov\u00ee ya bajar\u00ea Kobaniy\u00ea y\u00ea Rojavay\u00ea Kurdistan\u00ea ragihand \u00fb got: Em n\u00eegeran in ku hem\u00ee r\u00eay\u00ean ber bi Kobaniy\u00ea ve hatine girtin \u00fb rew\u015fa mirov\u00ee her [&hellip;]","og_url":"https:\/\/darkamazi.info\/archives\/1051513","og_site_name":"Darka Maz\u00ee","article_publisher":"https:\/\/www.facebook.com\/DarMaziKurmanci","article_published_time":"2026-01-24T08:48:53+00:00","og_image":[{"width":900,"height":497,"url":"https:\/\/darkamazi.info\/file\/2026\/01\/kobani.jpg","type":"image\/jpeg"}],"author":"darka mazi","twitter_card":"summary_large_image","twitter_creator":"@DarkaMaziLatini","twitter_site":"@DarkaMaziLatini","twitter_misc":{"Written by":"darka mazi","Est. reading time":"2 minutes"},"schema":{"@context":"https:\/\/schema.org","@graph":[{"@type":"Article","@id":"https:\/\/darkamazi.info\/archives\/1051513#article","isPartOf":{"@id":"https:\/\/darkamazi.info\/archives\/1051513"},"author":{"name":"darka mazi","@id":"https:\/\/darkamazi.info\/#\/schema\/person\/5ad3e24553a0567993fa8ed4bd0a776c"},"headline":"NY: Me bo gihandina al\u00eeariyan bo Kobaniy\u00ea daxwaza h\u00easankariyan kiriye","datePublished":"2026-01-24T08:48:53+00:00","mainEntityOfPage":{"@id":"https:\/\/darkamazi.info\/archives\/1051513"},"wordCount":392,"publisher":{"@id":"https:\/\/darkamazi.info\/#organization"},"image":{"@id":"https:\/\/darkamazi.info\/archives\/1051513#primaryimage"},"thumbnailUrl":"https:\/\/darkamazi.info\/file\/2026\/01\/kobani.jpg","keywords":["sereke"],"articleSection":["Kurdistan"],"inLanguage":"en-US"},{"@type":"WebPage","@id":"https:\/\/darkamazi.info\/archives\/1051513","url":"https:\/\/darkamazi.info\/archives\/1051513","name":"NY: Me bo gihandina al\u00eeariyan bo Kobaniy\u00ea daxwaza h\u00easankariyan kiriye - Darka Maz\u00ee","isPartOf":{"@id":"https:\/\/darkamazi.info\/#website"},"primaryImageOfPage":{"@id":"https:\/\/darkamazi.info\/archives\/1051513#primaryimage"},"image":{"@id":"https:\/\/darkamazi.info\/archives\/1051513#primaryimage"},"thumbnailUrl":"https:\/\/darkamazi.info\/file\/2026\/01\/kobani.jpg","datePublished":"2026-01-24T08:48:53+00:00","breadcrumb":{"@id":"https:\/\/darkamazi.info\/archives\/1051513#breadcrumb"},"inLanguage":"en-US","potentialAction":[{"@type":"ReadAction","target":["https:\/\/darkamazi.info\/archives\/1051513"]}]},{"@type":"ImageObject","inLanguage":"en-US","@id":"https:\/\/darkamazi.info\/archives\/1051513#primaryimage","url":"https:\/\/darkamazi.info\/file\/2026\/01\/kobani.jpg","contentUrl":"https:\/\/darkamazi.info\/file\/2026\/01\/kobani.jpg","width":900,"height":497,"caption":"NY: Me bo gihandina al\u00eeariyan bo Kobaniy\u00ea daxwaza h\u00easankariyan kiriye"},{"@type":"BreadcrumbList","@id":"https:\/\/darkamazi.info\/archives\/1051513#breadcrumb","itemListElement":[{"@type":"ListItem","position":1,"name":"Home","item":"https:\/\/darkamazi.info\/"},{"@type":"ListItem","position":2,"name":"NY: Me bo gihandina al\u00eeariyan bo Kobaniy\u00ea daxwaza h\u00easankariyan kiriye"}]},{"@type":"WebSite","@id":"https:\/\/darkamazi.info\/#website","url":"https:\/\/darkamazi.info\/","name":"Darka Maz\u00ee","description":"P\u00eageha Zanyariy\u00ean Nebih\u00eest\u00ee","publisher":{"@id":"https:\/\/darkamazi.info\/#organization"},"potentialAction":[{"@type":"SearchAction","target":{"@type":"EntryPoint","urlTemplate":"https:\/\/darkamazi.info\/?s={search_term_string}"},"query-input":{"@type":"PropertyValueSpecification","valueRequired":true,"valueName":"search_term_string"}}],"inLanguage":"en-US"},{"@type":"Organization","@id":"https:\/\/darkamazi.info\/#organization","name":"Darka Maz\u00ee","url":"https:\/\/darkamazi.info\/","logo":{"@type":"ImageObject","inLanguage":"en-US","@id":"https:\/\/darkamazi.info\/#\/schema\/logo\/image\/","url":"https:\/\/darkamazi.info\/file\/2017\/12\/darka-mazi-logo.png","contentUrl":"https:\/\/darkamazi.info\/file\/2017\/12\/darka-mazi-logo.png","width":151,"height":75,"caption":"Darka Maz\u00ee"},"image":{"@id":"https:\/\/darkamazi.info\/#\/schema\/logo\/image\/"},"sameAs":["https:\/\/www.facebook.com\/DarMaziKurmanci","https:\/\/x.com\/DarkaMaziLatini","https:\/\/www.instagram.com\/darkamazi.kurmanci\/","https:\/\/www.youtube.com\/channel\/UCa5HkTdmI8U1qCUFuTw8B2g"]},{"@type":"Person","@id":"https:\/\/darkamazi.info\/#\/schema\/person\/5ad3e24553a0567993fa8ed4bd0a776c","name":"darka mazi","sameAs":["https:\/\/darkamazi.info\/"],"url":"https:\/\/darkamazi.info\/archives\/author\/kurdi"}]}},"_links":{"self":[{"href":"https:\/\/darkamazi.info\/funavuv\/wp\/v2\/posts\/1051513","targetHints":{"allow":["GET"]}}],"collection":[{"href":"https:\/\/darkamazi.info\/funavuv\/wp\/v2\/posts"}],"about":[{"href":"https:\/\/darkamazi.info\/funavuv\/wp\/v2\/types\/post"}],"author":[{"embeddable":true,"href":"https:\/\/darkamazi.info\/funavuv\/wp\/v2\/users\/2"}],"replies":[{"embeddable":true,"href":"https:\/\/darkamazi.info\/funavuv\/wp\/v2\/comments?post=1051513"}],"version-history":[{"count":0,"href":"https:\/\/darkamazi.info\/funavuv\/wp\/v2\/posts\/1051513\/revisions"}],"wp:featuredmedia":[{"embeddable":true,"href":"https:\/\/darkamazi.info\/funavuv\/wp\/v2\/media\/1051514"}],"wp:attachment":[{"href":"https:\/\/darkamazi.info\/funavuv\/wp\/v2\/media?parent=1051513"}],"wp:term":[{"taxonomy":"category","embeddable":true,"href":"https:\/\/darkamazi.info\/funavuv\/wp\/v2\/categories?post=1051513"},{"taxonomy":"post_tag","embeddable":true,"href":"https:\/\/darkamazi.info\/funavuv\/wp\/v2\/tags?post=1051513"}],"curies":[{"name":"wp","href":"https:\/\/api.w.org\/{rel}","templated":true}]}}