{"id":1051516,"date":"2026-01-24T15:12:00","date_gmt":"2026-01-24T12:12:00","guid":{"rendered":"https:\/\/darkamazi.info\/?p=1051516"},"modified":"2026-01-24T15:12:00","modified_gmt":"2026-01-24T12:12:00","slug":"girteken-hevditina-abdullah-ocalana-bi-komisyona-parlamentoya-tirkiye-re-hatin-wesandin","status":"publish","type":"post","link":"https:\/\/darkamazi.info\/archives\/1051516","title":{"rendered":"Girtek\u00ean hevd\u00eetina Abdullah Ocalana bi Kom\u00eesyona Parlamentoya Tirkiy\u00ea re hatin we\u015fandin"},"content":{"rendered":"<h3 style=\"text-align: justify\"><span style=\"font-family: 'arial black', sans-serif\">Pi\u015ft\u00ee derbasb\u00fbna du mehan liser hevd\u00eetina di n\u00eavbera serok\u00ea PKK\u2019\u00ea Evdilla Ocalan bi \u015fanda Kom\u00eesyona parlamentoya Tirk\u00eey\u00ea Kom\u00eesyona Hevgirtina Netewey\u00ee, Birat\u00ee \u00fb Demokrasiy\u00ea&#8221;, Kom\u00eesyon\u00ea hem\u00fb girtek\u00ean v\u00ea hevd\u00eetin\u00ea parve kirin.<\/span><\/h3>\n<h3 style=\"text-align: justify\">Hevd\u00eetina di navbera Ocalan \u00fb Kom\u00eesyona Parlamantoya Tirkiyey\u00ea de di 24\u00ea \u00c7iriya p\u00ea\u015f\u00een ya sala 2025an de li girava \u00cemraliy\u00ea hatib\u00fb encamdan, duh derengiya \u015fev kom\u00eesyon\u00ea naveroka v\u00ea hevd\u00eetin\u00ea li ser malpera ferm\u00eeya parlamentoya Tirkiyey\u00ea bi sernav\u00ea &#8220;girtenameya hevd\u00eetina girt\u00eegeha ewlehiya bilinda \u00cemraliy\u00ea&#8221; parve kirin.<\/h3>\n<h3 style=\"text-align: justify\">Di van Girtekan de axaftin\u00ean pir balk\u00ea\u015f hene ku nabe kurd bi h\u00easan\u00ee \u00fb sade bi ser wan re derbas bin, di her cumleyeke Ocalan de b\u00eahna \u00eexaneteke mezin li kurd \u00fb Kurdistan\u00ea t\u00ea, Ocalan m\u00eena sala 1999an dema \u00e7\u00fbye Tirkiyey\u00ea careke din dib\u00eaje, &#8220;ez ji boy xizmetkirina dewleta xwe &#8216;Tirkiyey\u00ea&#8217; amademe&#8221;, her wiha dib\u00eaje, &#8220;\u00cesra\u00eel ji bo hegemoniya xweya li her\u00eam\u00ea &#8216;dewletb\u00fbna kurdan&#8217; dixwaze l\u00ea ez li dij\u00ee v\u00ea yek\u00ea me. Ez di nav yekpar\u00e7etiya axa S\u00fbriyey\u00ea de s\u00eestema &#8216;Demokras\u00eeya her\u00eam\u00ee \u00fb &#8216;Komun\u00ea&#8217; dipar\u00eazim.&#8221;<\/h3>\n<h3 style=\"text-align: justify\">Di v\u00ea hevd\u00eetin\u00ea de, Abdullah Ocalan behsa destp\u00eaka jiyana xweya siyas\u00ee kiriye \u00fb diyar kiriye ku gava w\u00eeya her\u00ee p\u00ea\u015fiy\u00ea ya di nav siyaset\u00ea de di nav komeleya neteweperest\u00ean Tirkiyey\u00ea (Ulku Ocaklar) de b\u00fbye \u00fb destn\u00ee\u015fan kiriye ku pirsa kurd pirsgir\u00eakeke hezar sal\u00eeye \u00fb ji s\u00ea qonaxan p\u00eak t\u00ea.<\/h3>\n<h3 style=\"text-align: justify\">Ocalan di derbar\u00ea rew\u015fa Rojava j\u00ee gotiye, &#8220;div\u00ea li gel bir\u00eavebiriya S\u00fbriyey\u00ea \u00fb Ehmed \u015fer diyalog were dan\u00een \u00fb heger derfet\u00ea bidin min, ez dikarim mijara HSD\u2019\u00ea bi awayek\u00ee &#8220;birat\u00ee&#8221; \u00e7areser bikim \u00fb S\u00fbriyey\u00ea nexim bin bandora \u00cesra\u00eel\u00ea.&#8221;<\/h3>\n<h3 style=\"text-align: justify\">Di derbara banga Devlet Bah\u00e7el\u00ee ya ji boy &#8220;maf\u00ea h\u00eaviy\u00ea&#8221; Ocalan dib\u00eaje: &#8220;Bah\u00e7el\u00ee ev \u00eefade ne ji ber xwe de bi kar aniye. Ez nikarim di \u015fert \u00fb merc\u00ean tecr\u00eed\u00ea de kar bikim. Eger derfet\u00ean pirat\u00eek \u00fb teor\u00eek b\u00ean dab\u00eenkirin \u00fb maf\u00ea h\u00eaviy\u00ea b\u00ea day\u00een ez amade me xizmeta dewlet\u00ea bikim. Eger ev derfet werin day\u00een \u00fb serkeft\u00ee nebim, ez qeb\u00fbl dikim ku werim darizandin.&#8221;<\/h3>\n<h3 style=\"text-align: justify\">Derbar\u00ea PKK\u00ea de j\u00ee Ocalan tekez kiriye ku pi\u015ft\u00ee bang\u00ean w\u00ee, Qend\u00eel\u00ea guh daye bangewaziya 27\u00ea Sibat\u00ea \u00fb PKK\u00ea &#8220;bi awayek\u00ee kiryar\u00ee xwe fesix kiriye.&#8221;<\/h3>\n<h3 style=\"text-align: justify\">Ocalan gotiye p\u00eavajoya dev ji \u00e7ek berdan\u00ea ji sed\u00ee 70 temam b\u00fbye \u00fb her wiha xemg\u00eeniya xwe ji bo \u00eari\u015fa Tusa\u015f\u00ea aniye ziman.<\/h3>\n<h3 style=\"text-align: justify\">Abdullah Ocalan di dawiya girtenameyan de v\u00eezyona xweya \u00e7aresery\u00ea j\u00ee wiha p\u00eanase dike:<\/h3>\n<h3 style=\"text-align: justify\">&#8220;l\u00eager\u00eena me ne ji bo dewleteke cuda yan j\u00ee federasyon\u00ea ye. Dewleta ku em l\u00ea digerin, komara Tirkiyey\u00eaye. Modela ez p\u00ea\u015fniyar dikim &#8216;komara demokrat\u00eek&#8217; \u00fb &#8216;demokras\u00eeya her\u00eam\u00ee&#8217;ye. Kurd\u00ea b\u00ea Tirk, Tirk\u00ea b\u00ea Kurd nabe. Ez \u00ea\u015fa malbat\u00ean \u015feh\u00eedan dizanim, windakirina her le\u015fkerek\u00ee ji bo min tirajediyeke.&#8221;<\/h3>\n<h3 style=\"text-align: justify\"><span style=\"font-family: 'arial black', sans-serif\">Temamiya girtenamey\u00ean hevd\u00eetina li gel Ocalan wiha ye:<\/span><\/h3>\n<h3 style=\"text-align: justify\">&#8220;Mijar: Daxuyaniy\u00ean Abdullah Ocalan \u00ean di hevd\u00eetina ku di 24\/11\/2025an de bi endam\u00ean Kom\u00eesyon\u00ea re p\u00eak an\u00ee de.<\/h3>\n<h3 style=\"text-align: justify\">Abdullah Ocalan:<\/h3>\n<h3 style=\"text-align: justify\">Ber\u00ee har ti\u015ft\u00ee diyar kir ku pirsgir\u00eaka Kurdan pirsgir\u00eakeke hezar sal\u00ee ye, 3 qonax\u00ean v\u00ea pirsgir\u00eak\u00ea hene \u00fb di v\u00ea \u00e7ar\u00e7ovey\u00ea de div\u00ea p\u00eavajoya konjonktur\u00ea were liber\u00e7avgirtin, dixwaze xeletiya mezin a di d\u00eerok\u00ea de bi ber\u00e7avgirtina \u00eedeolojiya Bir\u00eaz Fet\u00ee (Yildiz) veb\u00eaje.<\/h3>\n<h3 style=\"text-align: justify\">Diyar kir ku komeleya yekem a ku ew (Abdullah Ocalan) li Enqerey\u00ea \u00e7\u00fby\u00ea &#8216;Ulku Ocaklari&#8217; (Komeleya Neteweperest\u00ean Tirk) b\u00fbye \u00fb w\u00ee li wir dest bi siyaset\u00ea kiriye.<\/h3>\n<h3 style=\"text-align: justify\">Got ku pirsgir\u00eaka Kurdan ji qada dewlet\u00ea derbas\u00ee qada siyas\u00ee b\u00fbye, ew d\u00ea niha v\u00ea pirsgir\u00eaka cid\u00ee bi siyasetmedaran re n\u00eeqa\u015f bike \u00fb ew v\u00ea yek\u00ea pir gir\u00eeng dib\u00eene.<\/h3>\n<h3 style=\"text-align: justify\">Diyar kir ku ew di ser\u00ee de dixwaze spasiya Bir\u00eaz Serokkomar \u00fb Bir\u00eaz Devlet Bah\u00e7el\u00ee bike, bi taybet\u00ee Bir\u00eaz Devlet Bah\u00e7el\u00ee w\u00earekiyeke ku di d\u00eeroka Komar\u00ea de k\u00eam t\u00ea d\u00eetin n\u00ee\u015fan daye \u00fb ji ber v\u00ea yek\u00ea spasdar\u00ea w\u00ee ye.<\/h3>\n<h3 style=\"text-align: justify\">Got ku ew li pi\u015ft hem\u00fb gotin\u00ean xwe ye, eger \u015fert \u00fb merc guncav bin, derfet\u00ean w\u00ee y\u00ean teor\u00eek \u00fb prat\u00eek ji bo p\u00eakan\u00eena v\u00ea yek\u00ea amade ne.<\/h3>\n<h3 style=\"text-align: justify\">Diyar kir ku Bir\u00eaz Bah\u00e7el\u00ee (Devlet Bah\u00e7el\u00ee) bi gotin\u00ean xwe s\u00fbdeke mezin li s\u00eestemat\u00eeka t\u00eakiliy\u00ean Tirk-Kurd a sed sal\u00ee kiriye.<\/h3>\n<h3 style=\"text-align: justify\">Got ku wan (Abdullah Ocalan \u00fb PKK) ji serdema Turgut Ozal, wate ji sala 1992yan ve, bi dor\u00ea di serdem\u00ean Erdal \u00cenonu \u00fb Suleyman Dem\u00eerel de bi dewlet\u00ea re t\u00eakil\u00ee \u00fb diyalog dan\u00eene.<\/h3>\n<h3 style=\"text-align: justify\">Diyar kir ku destek di hundir\u00ea dewlet\u00ea de naxwaze pirsgir\u00eaka Kurdan bi wan (Abdullah Ocalan \u00fb PKK) re were \u00e7areserkirin \u00fb her car\u00ea mekan\u00eezmaya darbey\u00ea ketiye dewr\u00ea.<\/h3>\n<h3 style=\"text-align: justify\">(Li ser gotina Husey\u00een Yayman ku gotib\u00fb &#8216;Em bi hestiyariya malbat\u00ean \u015feh\u00eedan hatine&#8217;) Ocalan got ku her windakirina le\u015fkerek\u00ee ji bo w\u00ee trajed\u00ee ye, ew ti car\u00ee p\u00ea \u015fa neb\u00fbye \u00fb div\u00ea ev ciwan bi v\u00ee reng\u00ee nemirin.<\/h3>\n<h3 style=\"text-align: justify\">Diyar kir ku eger ew li Tirkiye \u00fb her\u00eam\u00ea bi rast\u00ee bigih\u00eejin \u00e7areseriy\u00ea \u00fb karibin der\u00ee ji cih\u00ea rast vekin, d\u00ea deriyek\u00ee mezin \u00ea derfet\u00ea vebe \u00fb ev d\u00ea her\u00eam\u00ea ji n\u00fb ve diyar bike.<\/h3>\n<h3 style=\"text-align: justify\">Got ku eger ew bi ser nekevin, dibe ku mekan\u00eezmaya darbey\u00ea li dij\u00ee Bir\u00eaz Devlet Bah\u00e7el\u00ee \u00fb Bir\u00eaz Serokkomar bixebite \u00fb Bir\u00eaz Devlet Bah\u00e7el\u00ee j\u00ee di axaftin\u00ean xwe de behsa v\u00ea yek\u00ea kiriye.<\/h3>\n<h3 style=\"text-align: justify\">Diyar kir ku Mehmet Al\u00ee B\u00eerand di sala 1988an de b\u00eay\u00ee dest\u00fbr bi w\u00ee (Abdullah Ocalan) re hevpeyv\u00een kiriye, Ozal telefon kiriye \u00fb gotiye &#8216;Te \u00e7i kir Mehmet Al\u00ee, te ez \u015fewitandim&#8217;; dema vegeriyaye Enqerey\u00ea tam dema ku bi hem\u00fb h\u00eaza xwe dixwest ji bo \u00e7areserkirina v\u00ea mesel\u00ea bixebite, 4 roj pi\u015ft\u00ee we\u015fandina v\u00ea hevpeyv\u00een\u00ea di rojnameya Milliyet\u00ea de su\u00eeqast hatiye kirin; di 17\u00ea N\u00eesan\u00ea de dema ku w\u00ee d\u00ea bi Mid\u00fbr\u00ea Qelem\u00ea y\u00ea Taybet \u00ea Ozal, Kaya Toper\u00ee re hevd\u00eetinek bikira, Ozal ji ni\u015fka ve miriye \u00fb ev su\u00eeqast hatiye ve\u015fartin, ew guman\u00ea ji mirina w\u00ee dike; eger serkeftin p\u00eak ney\u00ea, ew d\u00ea ne ten\u00ea \u00eari\u015f\u00ee Bir\u00eaz Devlet Bah\u00e7el\u00ee bikin, d\u00ea \u00eari\u015f\u00ee hem\u00fb MHPy\u00ea bikin, ew dizane ku \u00e7awa \u00eari\u015f\u00ee Erdogan kirine.<\/h3>\n<h3 style=\"text-align: justify\">Got ku mixatab\u00ean w\u00ee haydar in ku ew (Abdullah Ocalan) \u00e7awa kirine &#8216;bizina gunehan&#8217;, \u00eari\u015f\u00ean ku li dij\u00ee w\u00ee t\u00eane kirin \u00eari\u015f\u00ean li dij\u00ee a\u015ft\u00ee \u00fb hiq\u00fbqa biratiy\u00ea ne, hinek kes &#8216;ajan\u00ean bandor\u00ea&#8217; ne \u00fb van ti\u015ftan bi zaneb\u00fbn dikin.<\/h3>\n<h3 style=\"text-align: justify\">Diyar kir ku Bir\u00eaz Devlet Bah\u00e7el\u00ee gotiye &#8216;Eger ev pirsgir\u00eak ney\u00ea \u00e7areserkirin, ne ji Anatoliyay\u00ea \u00fb ne j\u00ee ji Tirkiyey\u00ea ti\u015ftek nam\u00eene&#8217;.<\/h3>\n<h3 style=\"text-align: justify\">Got ku Mustafa Kemal (Ataturk) li \u00c7anakkaley\u00ea \u015ferek\u00ee mezin daye, ji Anzakan re gotiye &#8216;\u015feh\u00eed\u00ean we \u015feh\u00eed\u00ean me ne j\u00ee&#8217;; w\u00ee xwest ku malbat\u00ean \u015feh\u00eedan w\u00ee (Abdullah Ocalan) j\u00ee bi v\u00ee reng\u00ee p\u00eanase bikin, ew bi r\u00eaz li malbat\u00ean \u015feh\u00eedan din\u00eare \u00fb dizane ku \u00ea\u015fa wan \u00e7i qas\u00ee mezin e.<\/h3>\n<h3 style=\"text-align: justify\">Diyar kir ku w\u00ee di serdema bor\u00ee de ji Serok\u00ea J\u00ceTEM\u00ea re gotiye &#8216;we ev pirsgir\u00eak an\u00ee v\u00ea ast\u00ea \u00fb av\u00eat hem\u00eaza min, hem\u00fb guneh ne y\u00ea min e&#8217;; 4 fermandar\u00ean h\u00eazan diyar kirine ku eger encameke er\u00ean\u00ee dernekeve d\u00ea cezay\u00ea bidarvekirina w\u00ee were pejirandin, w\u00ee j\u00ee (Abdullah Ocalan) gotiye &#8216;ji bo min ji bil\u00ee \u00e7areseriya demokrat\u00eek tu \u00e7areseriya din ne p\u00eakan e&#8217;.<\/h3>\n<h3 style=\"text-align: justify\">Got ku ji s\u00eestemat\u00eeka peyman\u00ean n\u00fb y\u00ean Amer\u00eeka \u00fb Binyamin Netanyahu re &#8216;Peyman\u00ean \u00cebrah\u00eem&#8217; t\u00ea gotin, projeyeke wiha di dewr\u00ea de ye; projeya \u015ei\u00eetiy\u00ea ya \u00ceran\u00ea heye, niha hinek\u00ee bi pa\u015f ve ki\u015fiyaye l\u00ea \u00eediay\u00ean wan berdewam dikin.<\/h3>\n<h3 style=\"text-align: justify\">Diyar kir ku p\u00eavajoya \u00e7areseriy\u00ea her \u00e7i qas\u00ee aloz be \u00fb bi \u00eemt\u00eehaneke mezin re r\u00fb bi r\u00fb be j\u00ee, bi k\u00eaman\u00ee di asta ku gih\u00ee\u015ftine de &#8216;ne ten\u00ea ji bo niyeta ba\u015f, ew d\u00ea deriyek\u00ee vekin ku ne 100 sal\u00ean p\u00ea\u015f, 1000 salan te\u015fe dide&#8217;; ew d\u00ea deriyek\u00ee birat\u00ee \u00fb \u00e7areseriy\u00ea y\u00ea 1000 sal\u00ee vekin.<\/h3>\n<h3 style=\"text-align: justify\">Got ku tev\u00ee gotin\u00ean ne maq\u00fbl \u00ean di medyay\u00ea de, meseleyeke wiha ya Tirkiyey\u00ea heye \u00fb di rew\u015feke wisa de ye ku nay\u00ea bipa\u015fxistin, ew bixwe j\u00ee \u00e7areseriya teqez dixwazin.<\/h3>\n<h3 style=\"text-align: justify\">Diyar kir ku Bir\u00eaz (Devlet) Bah\u00e7el\u00ee ev dest\u00ea xwe dir\u00eaj kiriye, Bir\u00eaz Serokkomar j\u00ee li Milazgir\u00ea axaftinek li ser xurtkirina eniya navxwe kiriye, li ser w\u00ea Bir\u00eaz (Devlet) Bah\u00e7el\u00ee wek\u00ee s\u00fbdek\u00ea gotiye &#8216;Ez dest\u00ea xwe dir\u00eaj dikim&#8217;; l\u00ea r\u00eaxistin\u00ea li Qend\u00eel\u00ea deng\u00ean cuda derxistine, heta \u00e7alak\u00ee p\u00eak an\u00eene, ew ji \u00e7alakiya TUSA\u015e\u00ea pir xemg\u00een b\u00fbye.<\/h3>\n<h3 style=\"text-align: justify\">Got ku bi b\u00eeran\u00eena gotina Bir\u00eaz (Devlet) Bah\u00e7el\u00ee ya &#8216;Eger derfet werin day\u00een ez amade me xizmeta dewlet\u00ea bikim&#8217; \u00fb gotina &#8216;kerem bikin&#8217;, heta di civ\u00eena koma DEM Partiy\u00ea de axaftina w\u00ee bixwaze -di nav de maf\u00ea h\u00eaviy\u00ea j\u00ee- &#8216;d\u00eerok\u00ee&#8217; ye.<\/h3>\n<h3 style=\"text-align: justify\">Got ku ew li pi\u015ft gotina xwe ye, eger \u015fert \u00fb merc guncav bin, derfet\u00ean w\u00ee y\u00ean teor\u00eek \u00fb prat\u00eek ji bo p\u00eakan\u00eena v\u00ea yek\u00ea amade ne.<\/h3>\n<h3 style=\"text-align: justify\">Diyar kir ku di nav r\u00eaxistin\u00ea de Tirk j\u00ee hene, serk\u00ea\u015fiya wan j\u00ee kesek\u00ee bi nav\u00ea Duran Kalkan ku Tirk e dike, di nav r\u00eaxistin\u00ea de komeke wiha ya bi esl\u00ea xwe Tirk her tim heb\u00fbye, ji ser\u00ee de kevne\u015fopiyek wiha heye; dema ramana w\u00ee gih\u00ee\u015ftiye Qend\u00eel\u00ea, wan agirbesteke yekal\u00ee ragihandiye \u00fb bi w\u00ea ve gir\u00eaday\u00ee mane.<\/h3>\n<h3 style=\"text-align: justify\">Diyar kir ku ew ber\u00ea xwe dide Deklarasyona 27\u00ea Sibat\u00ea, div\u00ea ew v\u00ea yek\u00ea b\u00eene b\u00eera mirovan \u00fb bi taybet\u00ee dixwaze destn\u00ee\u015fan bike ku her hevok xwed\u00ee taybetmendiyeke programat\u00eek e, her hevok programek e (li ser v\u00ea yek\u00ea Fet\u00ee Yildiz bersiv daye \u00fb gotiye &#8217;em p\u00ea haydar in&#8217;).<\/h3>\n<h3 style=\"text-align: justify\">Got ku w\u00ee di banga xwe de aniye ziman ku pirsgir\u00eaka Kurd \u00e7awa dikare were \u00e7areserkirin, Qend\u00eel j\u00ee tam li gor\u00ee v\u00ea deklarasyon\u00ea tevgeriyaye \u00fb (PKK) xwe fesix kiriye, pi\u015ft\u00ee v\u00ea yek\u00ea di bin r\u00eaberiya Bes\u00ea (Hulya Oran) de \u00e7alakiya \u015fewitandina \u00e7ekan p\u00eak hatiye, di v\u00ea \u00e7ar\u00e7ovey\u00ea de w\u00ea (Bes\u00ea) berpirsiyar\u00ee n\u00ee\u015fan daye; bi p\u00eakan\u00eena v\u00ea re ji sed\u00ee 70\u00ea ti\u015ft\u00ean ku li ser mil\u00ea w\u00ee (Abdullah Ocalan) b\u00fbn hatine kirin, pi\u015ft\u00ee v\u00ea ge\u015fedan\u00ea di bin r\u00eaberiya Sabr\u00ee (Ok) de endam\u00ean r\u00eaxistin\u00ea y\u00ean li Tirkiyey\u00ea ji Tirkiyey\u00ea veki\u015fiyane.<\/h3>\n<h3 style=\"text-align: justify\">Diyar kir ku ew sala derbasb\u00fby\u00ee serkeft\u00ee dib\u00eene, di v\u00ea heyam\u00ea de tu \u015feh\u00eed nehatine day\u00een \u00fb tu \u015fer derneketiye, her wiha bi v\u00ee reng\u00ee veb\u00fbneke siyas\u00ee ya mezin p\u00eak hatiye, di v\u00ea \u00e7ar\u00e7ovey\u00ea de pi\u015ftgiriya raya gi\u015ft\u00ee z\u00eade b\u00fbye; bawer dike ku di p\u00eavajoya p\u00ea\u015f de hinek n\u00ee\u015fan\u00ean pirs\u00ea y\u00ean di hi\u015f\u00ea raya gi\u015ft\u00ee de ne j\u00ee d\u00ea ji hol\u00ea werin rakirin.<\/h3>\n<h3 style=\"text-align: justify\">Got ku wek\u00ee Bir\u00eaz Devlet Bah\u00e7el\u00ee j\u00ee gotiye, div\u00ea ji bo w\u00ee (Abdullah Ocalan) kanal\u00ean ragihandin\u00ea werin vekirin.<\/h3>\n<h3 style=\"text-align: justify\">Diyar kir ku di dema bor\u00ee de Suleyman Dem\u00eerel li M\u00eard\u00een\u00ea gotiye &#8216;Ez real\u00eeteya Kurd nas dikim&#8217;, her wiha di v\u00ea heyam\u00ea de Ahmet Turk \u00fb Sirri Sakik \u015fandine cem w\u00ee (Abdullah Ocalan) li Heleb\u00ea, ji wan re gotiye &#8216;Em nasnameya Kurdan nas bikin, h\u00fbn j\u00ee \u00e7ekan berdin&#8217;; w\u00ea dem\u00ea ev derfet hatiye windakirin l\u00ea Suleyman Dem\u00eerel ji bo \u00e7areserkirina v\u00ea pirsgir\u00eak\u00ea pir xebitiye.<\/h3>\n<h3 style=\"text-align: justify\">Got ku di sala 1997an de hewldaneke (Necmettin) Erbakan j\u00ee heb\u00fbye, Hafiz Esed \u00fb Abdulhal\u00eem Xedam gaz\u00ee w\u00ee (Abdullah Ocalan) kiriye \u00fb 3 name n\u00ee\u015fan\u00ee w\u00ee dane, pi\u015ft\u00ee w\u00ea 28\u00ea Sibat\u00ea p\u00eak hatiye; name kurteya mijar\u00ean wek\u00ee 5 sal muafiyet, b\u00eaparb\u00fbna ji maf\u00ean siyas\u00ee b\u00fbn l\u00ea derfet nehatiye day\u00een.<\/h3>\n<h3 style=\"text-align: justify\">Diyar kir ku Lijneya Ewlehiya Netewey\u00ee (MGK) bi Sabr\u00ee (Ok) \u00fb y\u00ean din re ketiye t\u00eakiliy\u00ea \u00fb di sala 1997an de nav\u00ea w\u00ea kirine &#8216;t\u00eakiliy\u00ean bi civak\u00ea re&#8217; l\u00ea pi\u015ft\u00ee w\u00ea hatiye astengkirin, ew bawer dike ku mudaxaleyeke ji derve \u00e7\u00eab\u00fbye.<\/h3>\n<h3 style=\"text-align: justify\">Got ku li Kil\u00ees\u00ea Fermandar\u00ea H\u00eaz\u00ean Bejah\u00ee Atilla Ate\u015f daxuyaniya &#8216;Eger dernekeve em d\u00ea di nava 2 rojan de S\u00fbriyey\u00ea dagir bikin&#8217; daye, ragihandineke pir xurt heb\u00fbye ku ew pir ba\u015f dizane bi ser MOSSAD\u00ea re b\u00fbye; weke r\u00eaya ku Arafat xistine nav\u00ea, j\u00ea re gotine &#8216;ya Stockholm a Bakur\u00ea \u00ceraq\u00ea, \u00ead\u00ee cih\u00ea ku tu li v\u00ea dinyay\u00ea p\u00ea l\u00ea bik\u00ee nemaye&#8217;; ji bo ku v\u00ea yek\u00ea p\u00fb\u00e7 bike dema li Bakur\u00ea \u00ceraq\u00ea li bend\u00ea b\u00fb, bi rengek\u00ee sosret ji At\u00eenay\u00ea derketiye, li wir Berpirs\u00ea Gi\u015ft\u00ee y\u00ea \u00cest\u00eexbarata Yewnan\u00ea Stavrakis gotiye &#8216;ji xeyn\u00ee Osloy\u00ea tu nikar\u00ee ji vir derkeve, em d\u00ea neh\u00ealin tu her\u00ee ti der\u00ee, heta welat\u00ea xwe j\u00ee&#8217;; ew (Abdullah Ocalan) di nav \u015fa\u015fb\u00fbn\u00ea de maye, bi rengek\u00ee ku qet di hesab\u00ea de neb\u00fb \u00e7\u00fbye Moskow\u00ea, kesek\u00ee Cih\u00fb bi nav\u00ea Jirinovski (Vladimir) ew p\u00ea\u015fwaz\u00ee kiriye, gotine &#8216;Em dikarin te di malek\u00ea de ve\u015f\u00earin ji bil\u00ee v\u00ea ti derfetek n\u00eene&#8217;; w\u00ee j\u00ee (Abdullah Ocalan) gotiye &#8216;Ev partiyeke ferm\u00ee ye, ew d\u00ea \u00e7awa min li Moskow\u00ea ve\u015f\u00earin&#8217; \u00fb aqil\u00ea w\u00ee ev ti\u015ft negirtiye, pi\u015ft\u00ee w\u00ea peyama &#8216;li ser r\u00fby\u00ea dinyay\u00ea ji bil\u00ee MOSSAD\u00ea ti cih\u00ea te y\u00ea stargeh\u00ea n\u00een e&#8217; hatiye day\u00een.<\/h3>\n<h3 style=\"text-align: justify\">Diyar kir ku heta Du\u015fanbey\u00ea hatiye birin \u00fb di hewaya sar de 3-4 saetan hatiye sekinandin, aqil\u00ea mirov nagire ku Moskowa Sosyal\u00eest-Komun\u00eest \u00e7awa hatiye v\u00ea rew\u015f\u00ea; pi\u015ft re \u00e7\u00fbye Romay\u00ea, v\u00ea car\u00ea j\u00ee gotine &#8216;CIA \u00fb MOSSAD \u00e7iv\u00eek\u00ea nafiro\u015fin&#8217;; d\u00eesa At\u00eenay\u00ea ceribandine \u00fb v\u00ea car\u00ea li Balafirgeha M\u00eensk\u00ea gotine &#8216;tu dikar\u00ee wek\u00ee b\u00eawelat bim\u00een\u00ee&#8217;; gelo tevgereke wiha nizm dibe, pi\u015ft re birine Nairobiy\u00ea \u00fb li wir \u00e7\u00eerok bi temam\u00ee ji kontrola wan derketiye, balyoz\u00ea ku ew bawer dike ajanek\u00ee \u00cengil\u00eez e deman\u00e7eyek daye w\u00ee, gotine ten\u00ea parastina w\u00ee ew e \u00fb div\u00ea li cem w\u00ee be; pi\u015ft re J\u00ceTEM\u00ea ji w\u00ee (Abdullah Ocalan) re gotiye &#8216;Eger te ew \u00e7ek bi kar bianiya me d\u00ea tu teqez li wir biku\u015fta&#8217;; got ku ew van ti\u015ftan ji ber ku Bir\u00eaz Bah\u00e7el\u00ee (Devlet Bah\u00e7el\u00ee) ji n\u00eaz ve eleqedar dikin vedib\u00eaje.<\/h3>\n<h3 style=\"text-align: justify\">Got ku eger ew nebe par\u00e7eyek ji \u00e7areseriy\u00ea, \u015fer\u00ea Tirk \u00fb Kurd \u00ea 100 sal\u00ee ne\u00e7ar e \u00fb ev pir gir\u00eeng e.<\/h3>\n<h3 style=\"text-align: justify\">Diyar kir ku &#8216;Tirk\u00ea b\u00ea Kurd, Kurd\u00ea b\u00ea Tirk&#8217; nabe, Bir\u00eaz (Devlet) Bah\u00e7el\u00ee pir bi v\u00ea ve gir\u00eaday\u00ee ye, ev \u00eedeolojiya Komar\u00ea ye, bi poz\u00eet\u00eev\u00eezm\u00ea re t\u00eakildar e, tesfiyeya Kurdan hewce dike, Tirkmen j\u00ee di nav de ne, ew j\u00ee hatine helandin; got ku ew van ti\u015ftan vedib\u00eaje da ku diyar bike &#8216;bir\u00een \u00e7awa \u00e7\u00eab\u00fbn, \u00e7i b\u00fb sedema serhildan\u00ea&#8217;.<\/h3>\n<h3 style=\"text-align: justify\">Ji ber v\u00ea yek\u00ea got ku ev \u00eedeoloj\u00ee li Tirkiyey\u00ea hinek\u00ee bi bandor e, (mixatab\u00ean w\u00ee) v\u00ea pir ba\u015f dizanin, sedema her cure serhildan\u00ea j\u00ee ev e.<\/h3>\n<h3 style=\"text-align: justify\">Got ku dema dora serhildana \u015e\u00eax Se\u00eed hat, \u00eedeolojiya \u015eer\u00ea Rizgariy\u00ea bi t\u00eagih\u00ee\u015ftina umeta \u00ceslam\u00ee p\u00eak hat, pi\u015ft re dema ji v\u00ea t\u00eagih\u00ee\u015ftin\u00ea d\u00fbr ketin ev b\u00fb sedema bertekan, ew bertek j\u00ee b\u00fb sedema serhildan\u00ea (Fet\u00ee Yildiz li vir gotiye: &#8216;Ji hem\u00fbyan re serhildan t\u00ea gotin l\u00ea serhildan n\u00eenin,&#8217; \u00fb diyar kiriye ku piraniya wan tevger\u00ean tedh\u00ee\u015f\u00ea ne).<\/h3>\n<h3 style=\"text-align: justify\">Diyar kir ku nav\u00ea serhildan\u00ean Kurdan serhildana Kurdb\u00fbn\u00ea ye, ya w\u00ee j\u00ee bi rast\u00ee serhildanek e; her \u00e7i qas\u00ee j\u00ea re &#8216;\u015eer\u00ea rizgariy\u00ea y\u00ea modern, ger\u00eela&#8217; gotibin j\u00ee, ev ji serhildaneke Kurd\u00ee w\u00eadetir ne\u00e7\u00fbye \u00fb ev nehatiye derbaskirin, dest bi rew\u015feke traj\u00eek kiriye; di sala 1993yan de xwestiye encam bigire, Ozal di ser Taleban\u00ee re ji wan re peyam \u015fandiye.<\/h3>\n<h3 style=\"text-align: justify\">Ozal ji wan re gotiye &#8216;Her ti\u015ft\u00ea ku te kiriye ne xelet e, te di naskirina nasnameya Kurdan de rola xwe l\u00eest, heke tu \u015fer\u00ea \u00e7ekdar\u00ee bidom\u00een\u00ee d\u00ea hem\u00fb hewldan\u00ean te badilhewa bi\u00e7in&#8217;; w\u00ee j\u00ee fikir\u00ee ye l\u00ea dereng maye, wan heq heb\u00fbye, w\u00ea dem\u00ea ew &#8216;xam&#8217; (negihi\u015ft\u00ee\/xame) b\u00fbye, di k\u00ealiyeke d\u00eerok\u00ee de Ozal miriye.<\/h3>\n<h3 style=\"text-align: justify\">Diyar kir ku \u015fahidiya wan (Endam\u00ean Kom\u00eesyon\u00ea) gir\u00eeng dib\u00eene, ew \u015fahid\u00ean zanist\u00ee ne, div\u00ea b\u00eajin &#8216;Zanist li derve v\u00ea dib\u00eaje&#8217;, saptandin (\u015f\u00eawirandin\/bereday\u00eekirin) pir tirsnak in.<\/h3>\n<h3 style=\"text-align: justify\">Got ku di nameyeke ji girt\u00eegeh\u00ea hat\u00ee de wiha hatiye gotin: &#8216;P\u00eavajoya hilwe\u015f\u00eena \u00cemparatoriya Osman\u00ee bi destp\u00eakirina serhildan\u00ean Kurdan re b\u00fbye&#8217;; Abdulham\u00eed tedb\u00eer girtiye \u00fb Mekteb\u00ean Hem\u00eediye daye avakirin, ev tedb\u00eer pir cid\u00ee b\u00fbye; Abdulham\u00eed f\u00eam kiriye ku serhildan\u00ean Kurdan dibin sedema r\u00fbx\u00eena Osman\u00ee.<\/h3>\n<h3 style=\"text-align: justify\">Diyar kir ku Siltan Abdulmec\u00eed hewl daye bi M\u00eerektiy\u00ean Kurd re \u00e7areseriyeke dostane bi p\u00ea\u015f bixe, di w\u00ea dem\u00ea de \u00c7ariya R\u00fbs \u00fb Fransa ji bo li S\u00fbriyey\u00ea dewleteke Suryan\u00ee \u00fb li Bakur (Rojhilata Anatoliyay\u00ea) dewleteke Ermen\u00ee ava bikin xebit\u00eene.<\/h3>\n<h3 style=\"text-align: justify\">Got ku derketin\u00ean Bir\u00eaz Bah\u00e7el\u00ee (Bir\u00eaz Devlet Bah\u00e7el\u00ee) y\u00ean li ser Qudis \u00fb Selahed\u00een\u00ea Ey\u00fbb\u00ee pir gir\u00eeng dib\u00eene, bawer dike ku di fethkirina Qudis\u00ea ya Selahed\u00een\u00ea Ey\u00fbb\u00ee de dab\u00eenkirina Yek\u00eetiya Tirk \u00fb Kurd pir bi bandor b\u00fbye.<\/h3>\n<h3 style=\"text-align: justify\">Diyar kir ku dap\u00eera w\u00ee bi esl\u00ea xwe Tirkmen e, Siltan\u00ea Sel\u00e7\u00fbkiyan Sancar ji bo xwe paytexta ber\u00ea ya dewleta Med\u00ea, Hemedan hilbijartiye; di v\u00ea cografyay\u00ea de f\u00eam kiriye ku &#8216;Kurd\u00ea b\u00ea Tirk, Tirk\u00ea b\u00ea Kurd naj\u00ee&#8217;.<\/h3>\n<h3 style=\"text-align: justify\">Got ku di serkeftina Siltan Alparslan a li Milazgir\u00ea de peymana bi M\u00eerektiya Merwaniyan a li Farq\u00een\u00ea \u00fb M\u00eerektiya Kurd a li Xelat\u00ea re \u00fb pi\u015ftgiriya wan gir\u00eeng b\u00fbye, ev j\u00ee di pirt\u00fbka ku Osman TURAN niv\u00eesandiye de xwendiye.<\/h3>\n<h3 style=\"text-align: justify\">Diyar kir ku Milazgir serkeftinek e ku Kurdan j\u00ee bi berfireh\u00ee t\u00ea de \u015fer kiriye, t\u00ea gotin ku deriy\u00ea Anatoliyay\u00ea ji Tirkan re veb\u00fbye l\u00ea heta Firat\u00ea, Riha, Meletiy\u00ea fireh b\u00fbye \u00fb v\u00ea yek\u00ea hi\u015ftiye ku Kurd nefes\u00ea bist\u00eenin.<\/h3>\n<h3 style=\"text-align: justify\">Got ku ATATURK ji beg\u00ea e\u015f\u00eer\u00ea y\u00ea li Beyazit\u00ea re gotiye &#8216;Heke em di v\u00ea \u015fer\u00ee de bi hev re \u015fer bikin ne Kurdistan dim\u00eene ne Tirkiye, her du j\u00ee winda dikin&#8217;; ji xeyn\u00ee yek\u00eetiy\u00ea tu r\u00eaya rizgariy\u00ea n\u00eene, pi\u015ft re \u015fer hatiye qezenckirin \u00fb keda Kurdan nay\u00ea pa\u015fguhkirin.<\/h3>\n<h3 style=\"text-align: justify\">Diyar kir ku roj\u00ean derbasb\u00fby\u00ee li Hewl\u00ear\u00ea kongreyek \u00fb li Almanyay\u00ea Kongreya Cih\u00fb-Kurd hatiye kirin, ev pir gir\u00eeng in, gelo mixatab\u00ean w\u00ee hay ji v\u00ea hene (F. Yildiz gotiye ku dizane).<\/h3>\n<h3 style=\"text-align: justify\">Got ku ew v\u00ea vedib\u00eaje da ku h\u00eaza MOSSAD\u00ea f\u00eam bikin, di bor\u00ee de gotine balafira ku ew t\u00ea de ye d\u00ea li tu bajar\u00ean Ewropay\u00ea y\u00ean NATOy\u00ea daneyne, kontroleke b\u00eabawer heb\u00fbye; ya gir\u00eeng ev e ku ew bi dest\u00ea Tirkek\u00ee hatibe l\u00eadan, bi v\u00ee reng\u00ee r\u00eaxistin d\u00ea bikeve bin fermana wan, su\u00eeqast \u00fb ku\u015ftin\u00ean b\u00eabawer m\u00eena ya li Xezey\u00ea d\u00ea dest p\u00ea bikira; w\u00ea dem\u00ea y\u00ean ku xwe \u015fewitandin heb\u00fbn, qiyamet rab\u00fb, \u00eero j\u00ee div\u00ea muxatab\u00ean w\u00ee v\u00ea veb\u00eajin, \u00eero h\u00een j\u00ee gir\u00eengiya xwe dipar\u00eaze, d\u00eerok wiha p\u00ea\u015f ketiye, w\u00ee p\u00eangav\u00ean b\u00eatered\u00fbt av\u00eatine.<\/h3>\n<h3 style=\"text-align: justify\">Got ku ji bo \u015f\u00eerovekirina \u00eero div\u00ea ev agah\u00ee werin zan\u00een, ji ber v\u00ea yek\u00ea e\u015fkere kiriye.<\/h3>\n<h3 style=\"text-align: justify\">Diyar kir ku ew \u00ea (mixatab\u00ean w\u00ee) qedera Rojhilata Nav\u00een biguher\u00eenin, ew d\u00ea gog\u00ea (top\u00ea) bav\u00eaje wan.<\/h3>\n<h3 style=\"text-align: justify\">Got ku w\u00ee sedema serhildana PKKy\u00ea aniye ziman, \u00e7ima w\u00ee daw\u00ee l\u00ea aniye \u00fb dixwaze mekan\u00eezmaya r\u00eeska mezin e\u015fkere bike, dibe ku her ti\u015ft ne wek\u00ee ku ew dizanin be, div\u00ea ew w\u00ee xelet f\u00eam nekin.<\/h3>\n<h3 style=\"text-align: justify\">Diyar kir ku (Bir\u00eaz Devlet) Bah\u00e7el\u00ee Dewlet\u00ea bi qas\u00ee w\u00ee dizane, dibe ku ew (Ocalan) mezin bike l\u00ea div\u00ea her \u00eeht\u00eemal were hesibandin, ezm\u00fbna w\u00ee pir mezin e.<\/h3>\n<h3 style=\"text-align: justify\">(T\u00ea nirxandin ku ew kes\u00ean dixwazin p\u00eavajoy\u00ea xera bikin pir bi h\u00eaz dib\u00eene.)<\/h3>\n<h3 style=\"text-align: justify\">Got ku ew MHPy\u00ea pir ba\u015f nas dike, heke MHPy\u00ee Bah\u00e7el\u00ee (Bir\u00eaz Devlet Bah\u00e7el\u00ee) rast ned\u00eeta d\u00ea li pey w\u00ee nesekiniya \u00fb pi\u015ftgir\u00ee nedana w\u00ee, ew v\u00ea dizane.<\/h3>\n<h3 style=\"text-align: justify\">Diyar kir ku biryara daw\u00ee ya CHP\u00ea (di Kom\u00eesyona Mecl\u00ees\u00ea de) pir baldar e l\u00ea ew v\u00ea ji bo dervey\u00eekirina CHP\u00ea nab\u00eaje.<\/h3>\n<h3 style=\"text-align: justify\">Got ku niha li S\u00fbriyey\u00ea ti\u015ft\u00ean din diqewimin, ew (Abdullah Ocalan) S\u00fbriyey\u00ea pir ba\u015f nas dike ji ber ku 20 salan li wir jiyaye.<\/h3>\n<h3 style=\"text-align: justify\">Diyar kir ku endam\u00ean Kom\u00eesyona Mecl\u00ees\u00ea di hin mijaran de ji w\u00ee (Abdullah Ocalan) p\u00ea\u015fdetir in l\u00ea di hin mijaran de ew (Abdullah Ocalan) ji wan p\u00ea\u015fdetir e.<\/h3>\n<h3 style=\"text-align: justify\">Got ku ew d\u00ea behsa p\u00eangav\u00ean gir\u00eengtir \u00ean ji bo civak\u00ea bike, di rew\u015fa asay\u00ee de bawer dike ku div\u00ea PKK di sala 1993yan de bihata fesixkirin, t\u00eakiliya Tirk-Kurd t\u00eakiliyeke s\u00eembyot\u00eek e, di v\u00ea \u00e7ar\u00e7ovey\u00ea de m\u00eenaka Ziya Gokalp ne m\u00eenakeke b\u00easedem e.<\/h3>\n<h3 style=\"text-align: justify\">Diyar kir ku Tirktiya Anatoliyay\u00ea bi Kurdb\u00fbn\u00ea ve, Kurdb\u00fbna Mezopotamyay\u00ea j\u00ee bi Anatoliyay\u00ea ve gir\u00eaday\u00ee ye.<\/h3>\n<h3 style=\"text-align: justify\">Got ku div\u00ea ne ten\u00ea PKK \u00e7ekan berde l\u00ea bi zihn\u00ee j\u00ee (dijminat\u00ee) bi daw\u00ee bibe, di navbera her du neteweyan de t\u00eakiliya biratiy\u00ea heye, di navbera wan de serhildan, \u015fer \u00fb pev\u00e7\u00fbn \u00e7\u00eab\u00fbye (li ser v\u00ea yek\u00ea F. Yildiz; &#8216;di dema ku n\u00fb\u00e7ey\u00ean \u015feh\u00eedan dihatin de j\u00ee ti kes ne\u00e7\u00fbye cam\u00ea c\u00eeranek\u00ee xwe y\u00ea Kurd ne\u015fikandiye, tev\u00ee van hem\u00fb b\u00fbyeran tu car\u00ee dijminatiya Kurd \u00fb Tirk \u00e7\u00eaneb\u00fbye&#8217; aniye ziman).<\/h3>\n<h3 style=\"text-align: justify\">Diyar kir ku (Tirk \u00fb Kurd) hezar sal in bi hev re dij\u00een, Tirkmen\u00ean Karake\u00e7\u00eel\u00ee y\u00ean li Rihay\u00ea ji w\u00ee Kurdtir in, Germiyanogullari j\u00ee di esl\u00ea xwe de Kurd b\u00fbn l\u00ea bi dem\u00ea re b\u00fbne Tirk, div\u00ea ev rastiya d\u00eerok\u00ee ney\u00ea pa\u015fguhkirin, div\u00ea her du nasname j\u00ee r\u00eaz\u00ea li hev bigirin, hewldan\u00ean tunekirina hev xefikek e.<\/h3>\n<h3 style=\"text-align: justify\">Got ku w\u00ee ramana sosyal\u00eezma reel ji sala 1995an ve terk kiriye, veguher\u00eena zihn\u00ee p\u00eavajoyeke bi \u00ea\u015f e, ew p\u00eavajo hatiye berdan \u00fb div\u00ea mirov bi zihn\u00ee \u00e7ekan berde, di prat\u00eek\u00ea de d\u00ea wext bigire, div\u00ea ew endam\u00ean r\u00eaxistin\u00ea amade bike, Duran Kalkan ji w\u00ee (Abdullah Ocalan) b\u00eatir dib\u00eaje &#8217;em \u00ea tu car\u00ee \u00e7ekan bi kar neynin&#8217;.<\/h3>\n<h3 style=\"text-align: justify\">Diyar kir ku mesela S\u00fbriyey\u00ea bi qas\u00ee ya Tirkiyey\u00ea gir\u00eeng e, bi malbata Esed re gelek t\u00eakiliy\u00ean w\u00ee heb\u00fbne, ji xwe bi parastin \u00fb pi\u015ftgiriya wan a n\u00eaz jiyaye.<\/h3>\n<h3 style=\"text-align: justify\">Got ku HSD bi pi\u015ftgiriya Amer\u00eeka \u00fb \u00cesra\u00eel\u00ea xwed\u00ee h\u00eazeke \u00e7ekdar\u00ee ya her\u00ee k\u00eam 100 hezar kes\u00ee ye \u00fb ji ya ku t\u00ea zan\u00een b\u00eatir belav b\u00fbye, her\u00eam\u00ean din j\u00ee dikarin di nav de werin hesibandin; belgey\u00ean kongrey\u00ea negih\u00ee\u015ftine w\u00ee l\u00ea wateya kongreya li Ewropay\u00ea (Kurd-Cih\u00fb) \u00fb ya li Hewl\u00ear\u00ea (6em\u00een Foruma Ewlehiy\u00ea ya Rojhilata Nav\u00een) ev e ku &#8216;dema em li vir (\u00cemral\u00ee) ber bi \u00e7areseriy\u00ea ve di\u00e7in, ew j\u00ee li wir ber bi \u00e7areseriy\u00ea ve di\u00e7in&#8217;.<\/h3>\n<h3 style=\"text-align: justify\">Diyar kir ku Ferhat Ebd\u00ee \u015eah\u00een (Mezl\u00fbm Ebd\u00ee) yek ji kes\u00ean her\u00ee n\u00eaz\u00ee w\u00ee ye \u00fb bi w\u00ee ve gir\u00eaday\u00ee ye.<\/h3>\n<h3 style=\"text-align: justify\">Got ku civ\u00eena li Hewl\u00ear\u00ea \u00fb kongreya li Ewropay\u00ea di bin ban\u00ea Almanan de hatiye kirin, dib\u00eajin &#8216;tam dema ku Kurd gih\u00ee\u015ftine asta avakirina dewlet\u00ea, astengiya her\u00ee mezin niha Apo ye&#8217;; ti\u015ft\u00ea ku ew (Abdullah Ocalan) wek\u00ee r\u00eabaz p\u00ea\u015fniyar dike Civaka Demokrat\u00eek e.<\/h3>\n<h3 style=\"text-align: justify\">Diyar kir ku ew ji bo Civaka Demokrat\u00eek \u00fb ew j\u00ee ji bo dewletb\u00fbna Kurd \u015fer dikin.<\/h3>\n<h3 style=\"text-align: justify\">Got ku ji bo \u00cesra\u00eel\u00ea Kurd pir p\u00eaw\u00eest in ji ber ku t\u00eak\u00e7\u00fbna hevsengiy\u00ean Rojhilata Nav\u00een bi jeopol\u00eet\u00eeka Kurdan ve gir\u00eaday\u00ee ye, b\u00eay\u00ee jeopol\u00eet\u00eeka Kurd \u00cesra\u00eel nikare hegemoniya xwe ya li Rojhilata Nav\u00een p\u00eak b\u00eene.<\/h3>\n<h3 style=\"text-align: justify\">Diyar kir ku ew (Abdullah Ocalan) Komara Tirkiyey\u00ea wek\u00ee proto-\u00cesra\u00eel, dewletb\u00fbna Kurd j\u00ee wek\u00ee post-\u00cesra\u00eel dib\u00eene; \u00e7awa ku ber\u00ea ji bo avakirina \u00cesra\u00eel\u00ea Komar hewce b\u00fb, niha j\u00ee ji bo hegemoniya li Rojhilata Nav\u00een ji \u00cesra\u00eel\u00ea re dewletb\u00fbna Kurdan hewce ye, nexwe nikare li ser piyan bim\u00eene \u00fb hegemonya ava bike.<\/h3>\n<h3 style=\"text-align: justify\">Got ku li gor\u00ee agahiy\u00ean daw\u00ee wergirtine, &#8216;Propagandayeke berfireh heye ku dib\u00eajin \u015fans\u00ea we y\u00ea dewletb\u00fbn\u00ea ji aliy\u00ea Apo ve t\u00ea sabotekirin&#8217;; ev tesp\u00eeteke pir gir\u00eeng e.<\/h3>\n<h3 style=\"text-align: justify\">Diyar kir ku ew d\u00ea ji bo sernekeftina wan her ti\u015ft\u00ee bikin l\u00ea avantajeke wan heye; giraniya w\u00ee di nav tevgera Kurd de heye, giraniya Bir\u00eaz (Devlet) Bah\u00e7el\u00ee di nav neteweperestan de \u00e7i be, ya w\u00ee j\u00ee di nav tevgera Kurd de wisa ye, ev ji bo \u00ceran, Iraq \u00fb S\u00fbriyey\u00ea j\u00ee derbasdar e.<\/h3>\n<h3 style=\"text-align: justify\">Got ku ne Peymana \u00cebrah\u00eem a ku \u00cesra\u00eel p\u00ea\u015fniyar dike \u00fb ne j\u00ee projeya \u015ei\u00eetiy\u00ea ya ku \u00ceran p\u00ea\u015fniyar dike ji bo berjewendiya welat\u00ea me ne guncav in, li \u015f\u00fbna v\u00ea entegrasyona demokrat\u00eek gir\u00eeng e.<\/h3>\n<h3 style=\"text-align: justify\">Diyar kir ku div\u00ea bal\u00ea biki\u015f\u00eenin ser p\u00eakhateya Kurd a demokrat\u00eek, ew nab\u00eaje dewlet; mixatab\u00ea w\u00ee \u00e7i qas\u00ee Neteweperestiya Demokrat\u00eek be, ya w\u00ee j\u00ee ew qas\u00ee Civakpar\u00eaziya Demokrat\u00eek e.<\/h3>\n<h3 style=\"text-align: justify\">Got ku ew behsa par\u00e7eyek\u00ee bi dewlet\u00ea re t\u00eakildar nake, Bir\u00eaz (Devlet) Bah\u00e7el\u00ee v\u00ea pir ba\u015f dizane (li ser v\u00ea yek\u00ea Fet\u00ee Yildiz gotiye: &#8216;W\u00ee e\u015fkere kiriye ku dewletb\u00fbn n\u00eene, avahiyeke federat\u00eev n\u00eene, otonom\u00ee n\u00eene,&#8217; \u00fb Abdullah Ocalan j\u00ee ev yek pejirandiye).<\/h3>\n<h3 style=\"text-align: justify\">Weke encam, got ku dewleta ku ew l\u00ea digerin Komara Tirkiyey\u00ea ye, w\u00ee ev bi zelal\u00ee gotiye; Kurd d\u00ea bi v\u00ea dewlet\u00ea re li Rojhilata Nav\u00een cih bigirin, ew \u00ea xwe bi rengek\u00ee Demokrat\u00eek organ\u00eeze bikin, eleqeya w\u00ea bi otonomiya federal re n\u00eene, ev ne \u00eecada w\u00ee ye, ev sosyal\u00eezma rast e, w\u00ee bi v\u00ee reng\u00ee ji \u00e7epgiran re gotiye; ya ku sosyal\u00eezma 200 sal\u00ee r\u00fbxandiye t\u00eagih\u00ee\u015ftina wan a sosyal\u00eezm\u00ea ye.<\/h3>\n<h3 style=\"text-align: justify\">Weke encam, got ku Civaka Demokrat\u00eek \u00fb Komar div\u00ea bi hev re entegre bibin.<\/h3>\n<h3 style=\"text-align: justify\">Diyar kir ku koka peyva &#8216;Komun&#8217; bi Kurd\u00ee ye, t\u00ea wateya civak, kom b\u00fbn; di Serdema Nav\u00een de \u015earedar\u00ee b\u00fbye, \u015faredar\u00eeb\u00fbna gel, \u015f\u00eerketb\u00fbna gel, demokrasiya her\u00eam\u00ee ye; w\u00ee ev ji bo Tirkiyey\u00ea j\u00ee p\u00ea\u015fniyar kiriye.<\/h3>\n<h3 style=\"text-align: justify\">Got ku ti\u015ft\u00ea ji bo Tirkiyey\u00ea dixwaze, ji bo S\u00fbriyey\u00ea j\u00ee dixwaze, ev demokrasiya her\u00eam\u00ee \u00fb komun (\u015faredariya demokrat\u00eek) e; ew her roj li ser v\u00ea mijar\u00ea difikire, di v\u00ea \u00e7ar\u00e7ovey\u00ea de dikare bi wan (HSD) re diyalog\u00ea deyne, bawer dike ku ew \u00ea guhdariya w\u00ee (Abdullah Ocalan) bikin l\u00ea di v\u00ea watey\u00ea de ew \u00ea yekal\u00ee tevnegerin, div\u00ea Ehmed \u015eer j\u00ee m\u00eena HSD ji bo S\u00fbriyeya demokrat\u00eek p\u00eangav\u00ean poz\u00eet\u00eev biav\u00eaje.<\/h3>\n<h3 style=\"text-align: justify\">Diyar kir ku ew vala behsa d\u00eerok\u00ea nake, li S\u00fbriyey\u00ea neteweperestiyeke Ereb\u00ee ya pir xurt heye, li wir Tirkmen j\u00ee hene, ew d\u00ea (HSD) m\u00eena Kurdan maf\u00ean wan j\u00ee bipar\u00eazin.<\/h3>\n<h3 style=\"text-align: justify\">Ji ber erdheja di 6\u00ea Sibat\u00ea de \u00e7\u00eab\u00fbye sersax\u00ee xwest, got ku ew dixwaze xebata ku ew d\u00ea bikin ji bo b\u00eeran\u00eena kes\u00ean di v\u00ea erdhej\u00ea de jiyana xwe ji dest dane bikin.<\/h3>\n<h3 style=\"text-align: justify\">Li ser mijara S\u00fbriyey\u00ea (F. Yildiz; gotiye ku HSD di 10\u00ea Adar\u00ea de peymanek \u00e7\u00eakiriye) 8 xal\u00ean w\u00ea peyman\u00ea hene, wan esas digirin (Husey\u00een Yayman; diyar kiriye ku ew [Abdullah Ocalan] l\u00eeder\u00ea w\u00ea r\u00eaxistin\u00ea (HSD) ye, her kes di Kom\u00eesyona Meclis\u00ea \u00fb raya gi\u015ft\u00ee de mesela S\u00fbriyey\u00ea t\u00eene ziman, gel\u00ea Tirk di ser\u00ee de dixwaze p\u00eangav\u00ean \u015f\u00eanber \u00ean ji bo berdana \u00e7ekan li S\u00fbriyey\u00ea \u00fb radestkirina zarok\u00ean Dayik\u00ean Diyarbekir\u00ea ji malbat\u00ean wan re bib\u00eene), got ku ji bo vegera zarok\u00ean Dayik\u00ean Diyarbekir\u00ea bo malbat\u00ean wan kom\u00eeteyek hatiye avakirin (Husey\u00een Yayman; diyar kiriye ku biratiya d\u00eerok\u00ee ya di ser\u00ee de gotiye pir gir\u00eeng e, ti kes\u00ee \u00eetirazek li ser v\u00ea n\u00eene, \u00ead\u00ee ew dikarin mekan\u00eezmaya darbey\u00ea bi\u015fik\u00eenin, Bir\u00eaz Serokkomar \u00fb Bir\u00eaz Devlet Bah\u00e7el\u00ee di v\u00ea mijar\u00ea de bi biryar in, v\u00ea car\u00ea ew dikarin bi ser bikevin), got ku div\u00ea di mijara mekan\u00eezmaya darbey\u00ea de mirov baldar be, naxwe ev mekan\u00eezma dikare m\u00eena buldozerek\u00ea di ser p\u00eavajoy\u00ea re derbas bibe.<\/h3>\n<h3 style=\"text-align: justify\">P\u00ea\u015fniyara w\u00ee ji bo S\u00fbriyey\u00ea demokrasiya her\u00eam\u00ee ye, got ku esasa avakirina (AK Partiy\u00ea) \u015faredar\u00ee ye, k\u00eamasiy\u00ean qan\u00fbn\u00ea hene \u00fb ew dixwaze v\u00ea qan\u00fbn\u00ea li hem\u00fb bajaran belav bike; di demokrasiya her\u00eam\u00ee ya demokrasiya At\u00eenay\u00ea de ji her her\u00eam\u00ea delegeyek t\u00ea hilbijartin \u00fb ew w\u00ea her\u00eam\u00ea tems\u00eel dikin, ev her\u00eam\u00eeb\u00fbn \u00fb demokras\u00ee ye; bawer dike ku ji bo S\u00fbriyey\u00ea ne li ser esasa mezheb\u00ee \u00fb ne j\u00ee li ser esasa etn\u00eek\u00ee, demokrasiyeke xurtkir\u00ee ya di \u00e7ar\u00e7oveya her\u00eam\u00ee de hewce ye, pirsgir\u00eaka bingeh\u00een ev e ku naveroka v\u00ea t\u00eageh\u00ea d\u00ea \u00e7awa were dagirtin \u00fb \u00e7awa di Dest\u00fbra Bingeh\u00een de were bicihkirin.<\/h3>\n<h3 style=\"text-align: justify\">Got ku ji bo dewletek\u00ea h\u00eaz\u00ean un\u00eeter \u00ean navend\u00ee \u00e7i qas\u00ee hewce bin, demokrasiya her\u00eam\u00ee j\u00ee ew qas\u00ee hewce ye, yek b\u00eay\u00ee ya din nabe (li ser v\u00ea yek\u00ea F. Yildiz pirs kiriye ku gelo di demokrasiy\u00ean her\u00eam\u00ee y\u00ean li S\u00fbriyey\u00ea de d\u00ea h\u00eazeke parastin\u00ea hebe yan na), got ku di \u00e7ar\u00e7oveya asay\u00ee\u015f\u00ea de d\u00ea h\u00eaz hebin, div\u00ea li S\u00fbriyey\u00ea du h\u00eaz werin helandin, li S\u00fbriyey\u00ea neteweperestiya Ereb\u00ee xurt e, ti\u015ft\u00ean ku malbata Esed li S\u00fbriyey\u00ea kiriye li ber \u00e7avan in, heke \u015fert\u00ean demokrat\u00eek ney\u00ean dab\u00eenkirin dibe ku Ehmed \u015eer j\u00ee sib\u00ea veguhere d\u00eektatorek\u00ee.<\/h3>\n<h3 style=\"text-align: justify\">Diyar kir ku Tirkmen ji Kurdan di rew\u015feke xirabtir de ne, komeleyeke ku xwe \u00eefade bikin, komuna Tirkmenan n\u00eene; gelo mixatab\u00ean w\u00ee komun\u00ea f\u00eam dikin yan na.<\/h3>\n<h3 style=\"text-align: justify\">Got ku komun civakek e, t\u00ea wateya civaka siv\u00eel \u00fb div\u00ea hebe.<\/h3>\n<h3 style=\"text-align: justify\">Diyar kir ku dibe yek-du malbat derkevin \u00fb hem\u00fb ranta Heleb\u00ea bi xwe ve gir\u00ea bidin, div\u00ea ji bo v\u00ea tedb\u00eer werin girtin, ev ji bo hem\u00fb gelan derbasdar e; Tirkmenan hezar sal in li wir hewldan\u00ean mezin dane, b\u00fbyera wan a wek\u00ee civaka siv\u00eel li gor\u00ee xwezaya kar e; \u00c7erkes \u00fb Ermen\u00ee j\u00ee hene, div\u00ea ew j\u00ee xwe bikin civakeke siv\u00eel a modern.<\/h3>\n<h3 style=\"text-align: justify\">Heke ew S\u00fbriyey\u00ea b\u00ea civaka siv\u00eel yan j\u00ee b\u00ea demokrasiya her\u00eam\u00ee bih\u00ealin, got ku d\u00ea Hafiz Esedek\u00ee n\u00fb derkeve; ji bo p\u00ea\u015f\u00ee li v\u00ea bigire ew d\u00ea h\u00eaza xwe bi kar b\u00eene, di prat\u00eek\u00ea de j\u00ee d\u00ea her ti\u015ft\u00ea ji dest\u00ea w\u00ee t\u00ea bike.<\/h3>\n<h3 style=\"text-align: justify\">Diyar kir ku \u00cesra\u00eel S\u00fbriyeyeke li gor\u00ee \u00e7anda xwe dixwaze, ew nikarin S\u00fbriyey\u00ea bi temam\u00ee di bin kontrola \u00cesra\u00eel\u00ea de bih\u00ealin, ev xeternak e; w\u00ee negotiye &#8217;em bi \u00cesra\u00eel\u00ea re \u015fer bikin&#8217; l\u00ea soz daye ku ew \u00ea bi hostay\u00ee, bi birat\u00ee \u00fb h\u00ead\u00ee h\u00ead\u00ee (Abdullah Ocalan) hel bike; got ku bi bangek\u00ea nabe, t\u00eakiliyeke xurt hewce dike \u00fb b\u00eay\u00ee diyalog\u00ea ew \u00ea \u00e7awa bike.<\/h3>\n<h3 style=\"text-align: justify\">Diyar kir ku ew MHPy\u00ea wek\u00ee neteweperest\u00ea demokrat\u00eek dinirx\u00eene \u00fb ji bo Tirkiyey\u00ea pir p\u00eaw\u00eest e, div\u00ea ev tecrube teqez bi ruhek\u00ee \u00eet\u00eefaq\u00ea were parvekirin \u00fb n\u00ear\u00eena dijminahiy\u00ea ya kevin were derbaskirin; got ku ne pev\u00e7\u00fbn, ew mecb\u00fbr in \u00eet\u00eefaq\u00ea ava bikin, hi\u015fek\u00ee ku ji hem\u00fb partiyan w\u00eadetir e heye.<\/h3>\n<h3 style=\"text-align: justify\">Got ku ramana &#8216;Div\u00ea ez p\u00ea\u015f\u00eeniya Dewlet\u00ea ji partiya xwe p\u00ea\u015ftir bib\u00eenim&#8217; ji bo partiy\u00ean din j\u00ee hewce ye.<\/h3>\n<h3 style=\"text-align: justify\">Diyar kir ku ya wan li vir kom dike \u00fb n\u00eaz\u00eek\u00ee hev dike &#8216;Aqil\u00ea Dewlet\u00ea&#8217; ye, heke CHP j\u00ee (di hevd\u00eetina Kom\u00eesyon\u00ea de) heb\u00fbya d\u00ea ba\u015f b\u00fbya.<\/h3>\n<h3 style=\"text-align: justify\">Got ku heke ew bi hev re bixebitin, \u00ceran j\u00ee d\u00ea mecb\u00fbr\u00ee tevl\u00ee entegrasyona bi navendiya Tirkiyey\u00ea ya li S\u00fbriye \u00fb \u00ceraq\u00ea bibe; li wir Azer\u00ee hene \u00fb bi k\u00eaman\u00ee bi qas\u00ee Kurdan gir\u00eeng in, bi tevl\u00eeb\u00fbna wan a di entegrasyona demokrat\u00eek de ev \u00ea bibe Yek\u00eetiya Rojhilata Nav\u00een, ev d\u00ea bi entegrasyona demokrat\u00eek re p\u00eak were.<\/h3>\n<h3 style=\"text-align: justify\">Diyar kir ku li Tirkiyey\u00ea d\u00ea Komara Demokrat\u00eek, li Rojhilata Nav\u00een j\u00ee d\u00ea Rojhilata Nav\u00een a Demokrat\u00eek hebe.<\/h3>\n<h3 style=\"text-align: justify\">Got ku div\u00ea b\u00eay\u00ee lez\u00ea bi hev re bixebitin, li S\u00fbriyey\u00ea ew li dij\u00ee dewleta un\u00eeter ti\u015ftek\u00ee nab\u00eaje l\u00ea div\u00ea ti car\u00ee b\u00ea demokrasiya her\u00eam\u00ee \u00fb b\u00ea civaka siv\u00eel nebe, div\u00ea nebe qurbana d\u00eektatoriyeke n\u00fb.<\/h3>\n<h3 style=\"text-align: justify\">(Li ser pirsa Husey\u00een Yayman a &#8216;\u00e7avkaniy\u00ean petrol\u00ea \u00fb deriy\u00ean s\u00eenor d\u00ea \u00e7i bibin&#8217;) Got ku modelek\u00ee parvekirin\u00ea dikare were p\u00ea\u015fxistin, ti\u015ft\u00ean ji bo S\u00fbriyey\u00ea p\u00ea\u015fniyar dikin d\u00ea ji bo \u00ceran\u00ea j\u00ee n\u00eeqa\u015f bikin.<\/h3>\n<h3 style=\"text-align: justify\">Diyar kir ku ew Tirkiyeyeke mezin \u00fb ya ku pirsgir\u00eak\u00ean xwe \u00e7areser kiriye dixwazin; ne ten\u00ea terikandina \u00e7ekan, wan \u015fop\u00ean di ser\u00ea xwe de j\u00ee j\u00ea birine \u00fb ya her\u00ee gir\u00eeng j\u00ee d\u00ea di heyama her\u00ee n\u00eaz de ji hem\u00fb d\u00een, gel \u00fb \u00e7and\u00ean li Rojhilata Nav\u00een re modelek\u00ee hevkariy\u00ea p\u00ea\u015fniyar bikin.<\/h3>\n<h3 style=\"text-align: justify\">Got ku ber\u00ee v\u00ea \u00e7i qas gotin\u00ean negat\u00eev heb\u00fbn, ji niha \u00fb p\u00ea ve div\u00ea gotin bi rengek\u00ee poz\u00eet\u00eev p\u00ea\u015f bikevin; ji bo v\u00ea j\u00ee d\u00ea Kom\u00eesyon deriyek\u00ee d\u00eerok\u00ee veke, d\u00ea rapor amade bikin \u00fb p\u00ea\u015fk\u00ea\u015f\u00ee meclis\u00ea bikin; got ku wan behsa aliy\u00ea hiq\u00fbq\u00ee nekiriye, ev di bin berpirsiyariya wan de ye l\u00ea ji bo p\u00eakan\u00eena gotin\u00ean mixatab\u00ean w\u00ee di prat\u00eek\u00ea de, div\u00ea azadiya ragihandin\u00ea di ser\u00ee de be.<\/h3>\n<h3 style=\"text-align: justify\">Diyar kir ku pi\u015ft\u00ee p\u00eangav\u00ean fesixkirina PKKy\u00ea \u00fb b\u00ea\u00e7ekkirin\u00ea, ew d\u00ea d\u00eesa p\u00eangav\u00ean poz\u00eet\u00eev biav\u00eaje; ji ber v\u00ea yek\u00ea div\u00ea qan\u00fbna ku Kom\u00eesyon derxe qan\u00fbneke taybet ji bo v\u00ea mijar\u00ea be.<\/h3>\n<h3 style=\"text-align: justify\">Got ku div\u00ea rew\u015fa hiq\u00fbq\u00ee ya hem\u00fb kes\u00ean bi PKKy\u00ea re t\u00eakildar in, ji y\u00ea her\u00ee jor heta y\u00ea her\u00ee j\u00ear were zelalkirin; p\u00ea\u015fniyara &#8216;prens\u00eeba h\u00eaviy\u00ea&#8217; ya Bir\u00eaz (Devlet) Bah\u00e7el\u00ee div\u00ea were nirxandin, bi v\u00ee reng\u00ee d\u00ea ji ef\u00fbya gi\u015ft\u00ee were xilaskirin, ef\u00fbya gi\u015ft\u00ee ji bo Tirkiyey\u00ea ne guncav e.<\/h3>\n<h3 style=\"text-align: justify\">R\u00eaz \u00fb silav\u00ean xwe ji Kom\u00eesyon\u00ea re \u015fandin, got ku &#8216;biryar di desthilatdariya wan de ye, ji ber v\u00ea yek\u00ea div\u00ea mijar bibe Meclis\u00ea&#8217;.<\/h3>\n<h3 style=\"text-align: justify\">Diyar kir ku bandora \u00ceran\u00ea li ser PKKy\u00ea bi k\u00eaman\u00ee bi qas\u00ee ya \u00cesra\u00eel\u00ea heye, ew bi xwe be\u015fdar\u00ee \u00eedeolojiya \u00ceran\u00ea nabe.<\/h3>\n<h3 style=\"text-align: justify\">Got ku her du (\u00ceran \u00fb \u00cesra\u00eel) di nav t\u00eakiliy\u00ean dewlet\u00ea de ne, ji bo w\u00ee d\u00ea b\u00eajin &#8216;me d\u00ea dewlet ragihanda, Apo asteng kir&#8217;; got ku ew d\u00ea asteng bike, ew d\u00ea wek\u00ee endamek\u00ee Komara Tirkiyey\u00ea tevbigere \u00fb d\u00ea b\u00eaje civaka demokrat\u00eek ji bo Kurdan \u015f\u00eawaza \u00e7areseriy\u00ea ya her\u00ee \u00eedeal e.<\/h3>\n<h3 style=\"text-align: justify\">Diyar kir ku ew \u00ead\u00ee Tirkiyey\u00ea wek\u00ee dewleta xwe (ya Abdullah Ocalan) dib\u00eene, ew (Abdullah Ocalan) dixwaze Tirkiye bibe Komara demokrat\u00eek.<\/h3>\n<h3 style=\"text-align: justify\">Got ku di mijara avakirina Komara Demokrat\u00eek de AK Partiy\u00ea p\u00eangav\u00ean cid\u00ee av\u00eatine.<\/h3>\n<h3 style=\"text-align: justify\">Diyar kir ku ew (Abdullah Ocalan) dixwaze \u00e7anda Kurdan di hundir\u00ea Komar\u00ea de bi cih bike, ev dewlemendiyek e, xwest ku ev bi rengek\u00ee din ney\u00ea \u015firovekirin.<\/h3>\n<h3 style=\"text-align: justify\">Got ku Bir\u00eaz Bah\u00e7el\u00ee (Bir\u00eaz Devlet Bah\u00e7el\u00ee) \u00eefadeya maf\u00ea h\u00eaviy\u00ea vala bi kar neaniye, b\u00eay\u00ee v\u00ea ew (Abdullah Ocalan) nikare bixebite; pi\u015ft\u00ee ku ev hat kirin heke di mijara S\u00fbriyey\u00ea de sernekeve, ew d\u00ea darizandin \u00fb rexneyan qeb\u00fbl bike; di rew\u015fa xwe ya niha de nikare li dij\u00ee \u00cesra\u00eel\u00ea derkeve, dema ber\u00ea li cem Esed b\u00fb, \u00cesra\u00eel ew (Abdullah Ocalan) xistiye \u00e7i rew\u015f\u00ea pir e\u015fkere ye.<\/h3>\n<h3 style=\"text-align: justify\">Diyar kir ku w\u00ee (Abdullah Ocalan) soz daye.<\/h3>\n<h3 style=\"text-align: justify\">Got ku ji bo Partiya DEM\u00ea j\u00ee wek\u00ee \u015fande (bo \u00cemral\u00ee) hatine, Gulistan (Kili\u00e7 Ko\u00e7y\u00eeg\u00eet) j\u00ee dikare tevl\u00ee bibe.<\/h3>\n<h3 style=\"text-align: justify\">(Li ser gotina Husey\u00een Yayman ku gotib\u00fb: &#8216;Hinek siyasetmedar \u00fb kes bi gotin\u00ean xwe p\u00eavajoy\u00ea jehr\u00ee dikin&#8217;) Got ku di PKKy\u00ea de j\u00ee hin kes v\u00ea dikin, di nav p\u00eavajoy\u00ea de heke derfet\u00ean xebat\u00ea y\u00ean w\u00ee (Abdullah Ocalan) z\u00eade bibin hem\u00fb dikarin werin helkirin l\u00ea wext hewce ye; got ku \u015fert \u00fb merc\u00ean w\u00ee ji bo v\u00ea ne guncav in; heta ew sax be ev p\u00eangav \u00fb ev sedsal d\u00ea bi serkeft\u00ee derbas bibe; mixatab\u00ean w\u00ee ji v\u00ea re dib\u00eajin &#8216;Sedsala B\u00eateror&#8217; l\u00ea ew dib\u00eaje &#8216;Sedsala B\u00eatund\u00ee&#8217; bi qas\u00ee mixatab\u00ean xwe h\u00eaza w\u00ee ya tevkariy\u00ea heye.<\/h3>\n<h3 style=\"text-align: justify\">Diyar kir ku div\u00ea bi \u00eet\u00eefaq\u00ea bime\u015fin, ew ji hatina Endam\u00ean Kom\u00eesyon\u00ea ya vir (\u00cemral\u00ee) pir bi h\u00eav\u00ee b\u00fbye \u00fb qonaxeke d\u00eerok\u00ee dest p\u00ea kiriye; h\u00eav\u00ee dike ku mixatab\u00ean w\u00ee j\u00ee bibin nav\u00ean sereke y\u00ean ku dikarin v\u00ea serkeftin\u00ea p\u00eak b\u00eenin; got ku ew (di derbar\u00ea p\u00eavajoy\u00ea de) ge\u015fb\u00een e.<\/h3>\n<h3 style=\"text-align: justify\">Fet\u00ee Yildiz:<\/h3>\n<h3 style=\"text-align: justify\">Diyar kir ku wek\u00ee endam\u00ean Kom\u00eesyona Yek\u00eetiya Netewey\u00ee, Pi\u015ftgir\u00ee \u00fb Biratiy\u00ea; bi hilbijartina di nav xwe de, ew bi xwe li ser nav\u00ea Partiya Tevgera Neteweperest (MHP), Bir\u00eaz Husey\u00een (Yayman) li ser nav\u00ea AK Partiy\u00ea \u00fb Xanim Gulistan (Ko\u00e7y\u00eeg\u00eet) li ser nav\u00ea Partiya DEM\u00ea ji bo girtina daxuyaniy\u00ean w\u00ee (Abdullah Ocalan) hatine.<\/h3>\n<h3 style=\"text-align: justify\">Got ku Kom\u00eesyon\u00ea heta niha 18 civ\u00een p\u00eak an\u00eene, guhdariya hem\u00fb be\u015f\u00ean civak\u00ea ji r\u00eaxistin\u00ean civak\u00ee, baro, malbat\u00ean \u015feh\u00eedan heta Dayik\u00ean \u015eemiy\u00ea kiriye, ev guhdariyeke dewlemend b\u00fbye.<\/h3>\n<h3 style=\"text-align: justify\">Diyar kir ku di dawiy\u00ea de bi raporeke ku d\u00ea biniv\u00eesin d\u00ea v\u00ea bigih\u00eenin esasek\u00ee \u00fb r\u00eay\u00ean \u00e7areseriy\u00ea n\u00ee\u015fan bidin; Kom\u00eesyon h\u00een bi daw\u00ee neb\u00fbye, di qonaxa raporkirin\u00ea de ne, sedema hatina wan ev e \u00fb div\u00ea ev hevd\u00eetin wek\u00ee civ\u00eena 19em\u00een a Kom\u00eesyon\u00ea were nirxandin.<\/h3>\n<h3 style=\"text-align: justify\">Got ku ew nikarin dir\u00eaj dir\u00eaj li ser rabird\u00fbya siyas\u00ee ya Tirkiyey\u00ea biaxivin, wek\u00ee damezir\u00eener\u00ea r\u00eaxistin\u00ea ew jiyana w\u00ee (Abdullah Ocalan) \u00fb qonax\u00ean siyas\u00ee y\u00ean ku t\u00ea re derbas b\u00fbye dizanin; di dawiy\u00ea de t\u00eageh\u00ean \u015faredariya komunal \u00fb l\u00eeberal \u00ean ku li ser dixebite f\u00eam kirine, axaftina li ser d\u00eeroka r\u00eaxistin\u00ea di v\u00ea k\u00ealiy\u00ea de ne hewce ye.<\/h3>\n<h3 style=\"text-align: justify\">Diyar kir ku ew dizanin ku w\u00ee (Abdullah Ocalan) ji r\u00eabaza \u00e7ekdar\u00ee derbas\u00ee r\u00eabaza siyas\u00ee b\u00fbye, li ser welat\u00eeb\u00fbna wekhev, p\u00eangav\u00ean \u00e7and\u00ee \u00fb komunal\u00eetey\u00ea k\u00fbr b\u00fbye.<\/h3>\n<h3 style=\"text-align: justify\">Got ku w\u00ee f\u00eam kiriye ku di banga xwe ya Sibata 2025an de gotiye div\u00ea hem\u00fb p\u00eakhate t\u00eako\u015f\u00eena \u00e7ekdar\u00ee berdin \u00fb heb\u00fbna xwe ya r\u00eaxistin\u00ee belav bikin; v\u00ea yek\u00ea civak\u00ea pir rehet kiriye, gel v\u00ea ge\u015fedan\u00ea di\u015fop\u00eene; got ku dema ew (MHP) dib\u00eajin \u00e7ekan berdin, gir\u00eeng e ku p\u00eakhatey\u00ean li S\u00fbriye, Iraq \u00fb \u00ceran\u00ea j\u00ee di nav de bin.<\/h3>\n<h3 style=\"text-align: justify\">Diyar kir ku pirsgir\u00eak\u00ean hey\u00ee dikarin di \u00e7ar\u00e7oveya demokrasiy\u00ea de werin \u00e7areserkirin, ev j\u00ee ten\u00ea bi daw\u00eekirina teror\u00ea li Tirkiyeyeke b\u00eateror p\u00eakan e.<\/h3>\n<h3 style=\"text-align: justify\">Got ku di \u00c7iriya P\u00ea\u015f\u00een a 1999an de di salona dadgeh\u00ea de ew bixwe (F. Yildiz) wek\u00ee par\u00eazer\u00ea \u015feh\u00eedan cih girtiye.<\/h3>\n<h3 style=\"text-align: justify\">Diyar kir ku di sal\u00ean 1970y\u00ee de tevgera Kurd di nav \u00e7epgiriy\u00ea de b\u00fb ji ber w\u00ea nehatib\u00fb ferqkirin, niha tam berevaj\u00ee \u00e7epgir\u00ee di nav tevgera Kurd de ye.<\/h3>\n<h3 style=\"text-align: justify\">Got ku dema ew li vir ber bi \u00e7areseriy\u00ea ve di\u00e7in, endamek\u00ee r\u00eaxistin\u00ea bi e\u015fkerey\u00ee dib\u00eaje &#8216;\u00e7i \u00e7areser\u00ee, \u00e7i b\u00ea\u00e7ekkirin&#8217;; wan notek l\u00ea z\u00eade kiriye ku dib\u00eaje &#8216;biryara Abdullah Ocalan ten\u00ea Tirkiyey\u00ea eleqedar dike&#8217;; diyar kir ku gel dizane kes\u00ea li ser\u00ea HSD (Ferhat Ebd\u00ee \u015eah\u00een) kesek\u00ee ye ku Abdullah Ocalan perwerde kiriye.<\/h3>\n<h3 style=\"text-align: justify\">Got ku div\u00ea heval\u00ean part\u00ee yan j\u00ee y\u00ean di siyaseta Tirk de ne, ziman\u00ea beriya Lozan\u00ea \u00fb Dest\u00fbra Bingeh\u00een a 1924an bi kar ney\u00eenin, ev p\u00eavajoy\u00ea jehr\u00ee dike.<\/h3>\n<h3 style=\"text-align: justify\">Diyar kir ku dema Sabr\u00ee Ok ji Tirkiyey\u00ea veki\u015fiya, heb\u00fbna \u00e7ekan di dest\u00ea endam\u00ean r\u00eaxistin\u00ea de di raya gi\u015ft\u00ee ya Tirk de b\u00fb sedema \u00eenfial\u00ea; di v\u00ea xal\u00ea de hatiye d\u00eetin ku (PKK) tam li gor\u00ee banga w\u00ee (Abdullah Ocalan) tevnegeriyaye.<\/h3>\n<h3 style=\"text-align: justify\">Got ku li S\u00fbriyey\u00ea (HSD) p\u00eabendb\u00fbna bi peymana entegrasyon\u00ea ya 10\u00ea Adar\u00ea elzem e.<\/h3>\n<h3 style=\"text-align: justify\">Diyar kir ku di mijara S\u00fbriyey\u00ea de div\u00ea ew (Abdullah Ocalan) daxuyaniyeke n\u00fb bide.<\/h3>\n<h3 style=\"text-align: justify\">Got ku ev dewlet dewleta me hem\u00fbyan e, (\u00e7epgir\u00ee) p\u00ea nehesiyaye ku ked\u00ea \u015fekil guherandiye.<\/h3>\n<h3 style=\"text-align: justify\">Diyar kir ku ew dizanin dema di daxuyaniya xwe ya yekem de gotiye &#8216;\u00e7ekan berdin&#8217;, ji hem\u00fb p\u00eakhatey\u00ean PKKy\u00ea re gotiye (li ser v\u00ea yek\u00ea Abdullah Ocalan; gotiye ku li \u00ceran\u00ea her roj darvekirin \u00e7\u00eadibin, ew [Abdullah Ocalan] \u00ea ji \u00ceran\u00ea bixwaze ku &#8216;maf\u00ean demokrat\u00eek bide Azer\u00ee \u00fb Kurdan \u00fb darvekirinan bi daw\u00ee bike&#8217;, ji bo v\u00ea div\u00ea ew \u00eensiyat\u00eev\u00ea bi kar b\u00eenin; helbet ev nay\u00ea wateya \u015fer l\u00ea heta bidarvekirin berdewam bikin [PJAK] d\u00ea \u00e7ekan bernede, niha div\u00ea bikevin p\u00eavajoyeke diyalog \u00fb agirbest\u00ea bi \u00ceran\u00ea re, xebateke entegrasyon\u00ea dikare li ser \u00ceran\u00ea were ferzkirin).<\/h3>\n<h3 style=\"text-align: justify\">Got ku \u00e7avd\u00ear\u00ee hene ku PKK h\u00eaz\u00ean xwe y\u00ean ji Iraq\u00ea veki\u015fand\u00ee di\u015f\u00eene S\u00fbriyey\u00ea, ev rew\u015f bi daxuyaniya ber\u00ea re nakokiy\u00ea \u00e7\u00eadike.<\/h3>\n<h3 style=\"text-align: justify\">Husey\u00een Yayman:<\/h3>\n<h3 style=\"text-align: justify\">Diyar kir ku ew li ser nav\u00ea Kom\u00eesyon\u00ea li vir in, milet d\u00ea pirs\u00ean xwe ji w\u00ee bipirse, guh\u00ea hem\u00fb Tirkiyey\u00ea li vir e, hewaya li vir d\u00ea bandor\u00ea li hem\u00fb her\u00eam\u00ea bike, ev ji bo Tirkiye \u00fb her\u00eam\u00ea d\u00eerok\u00ee ye.<\/h3>\n<h3 style=\"text-align: justify\">Got ku wek\u00ee Tifaqa Cumhur\u00ea, Bir\u00eaz Serokkomar \u00fb Bir\u00eaz Devlet Bah\u00e7el\u00ee ji bo \u00e7areserkirina v\u00ea meseley\u00ea r\u00eeskeke pir mezin girtiye; ji ber w\u00ea milet li benda p\u00eangav\u00ean z\u00fbtir e ji bo \u00e7areseriya mesel\u00ea.<\/h3>\n<h3 style=\"text-align: justify\">Wek\u00ee encam got ku div\u00ea ew li ser nav\u00ea Kom\u00eesyon\u00ea \u00fb Tirkiyey\u00ea bi ser bikevin, naxwe atmosfer \u00fb hewaya li kolanan dikare veguhere rew\u015feke pir cuda.<\/h3>\n<h3 style=\"text-align: justify\">Diyar kir ku milet banga w\u00ee (Abdullah Ocalan) ya 27\u00ea Sibat\u00ea gir\u00eeng dib\u00eene l\u00ea di mijara p\u00eangav\u00ean prat\u00eek de daxwaz heye ku b\u00eahtir were kirin, ew bi hestiyariya hem\u00fb malbat\u00ean \u015feh\u00eedan hatine.<\/h3>\n<h3 style=\"text-align: justify\">Got ku w\u00ee di heyeta mirov\u00ean aqilmend de cih girtiye, bi bertek\u00ean pir cid\u00ee re r\u00fb bi r\u00fb maye; div\u00ea ew bi ser bikevin, di xala p\u00eangav\u00ean prat\u00eek\u00ee de encama ku ji vir derkeve d\u00ea bibe sedema berdewamiya p\u00eavajoy\u00ea yan j\u00ee encameke din.<\/h3>\n<h3 style=\"text-align: justify\">Diyar kir ku di v\u00ea d\u00eerok\u00eeb\u00fbn\u00ea de hem Kom\u00eesyona Parlamentoy\u00ea \u00fb hem j\u00ee ev hevd\u00eetin wateyeke pir d\u00eerok\u00ee qezenc dike; her kes\u00ea hevd\u00eetin\u00ean Dewlet-R\u00eaxistin\u00ea di\u015fop\u00eene dizane ku di sal\u00ean 1993-1995-1999-2009-2014an de ev fersenda guhertina d\u00eerok\u00ea hatiye; diyar kir ku daxuyaniya 27\u00ea Sibat\u00ea \u00fb gir\u00eaday\u00ee v\u00ea div\u00ea p\u00eangav\u00ean prat\u00eek\u00ee lez bibin, h\u00eav\u00ee ji Kom\u00eesyon\u00ea pir z\u00eade ye \u00fb div\u00ea ney\u00ean xeletiy\u00ean ber\u00ea; got ku destek\u00ee nediyar \u00fb mekan\u00eezmayeke darbey\u00ea heye, riya derketina ji vir ev e ku li S\u00fbriye \u00fb Tirkiyey\u00ea li her der\u00ea r\u00eaxistin li gor\u00ee banga Abdullah Ocalan tevbigere.<\/h3>\n<h3 style=\"text-align: justify\">Got ku hafizeya d\u00eerok\u00ee, ew \u00ea biratiya 1000 sal\u00ee ya Tirk \u00fb Kurdan bi hev re dab\u00een bikin yan j\u00ee d\u00ea \u015ferek\u00ee\/xerab\u00fbneke\/kr\u00eezeke pir mezintir ji ya \u00eero were jiyan kirin (li ser v\u00ea yek\u00ea Fet\u00ee Yildiz gotiye: &#8216;\u00ced\u00eeay\u00ean ku tu car\u00ee ji bo Tirkiyey\u00ea p\u00eakn\u00ean d\u00ea bibin sabotekirina p\u00eavajoy\u00ea, div\u00ea bal were ki\u015fandin ser v\u00ea&#8217;).<\/h3>\n<h3 style=\"text-align: justify\">Diyar kir ku gefa darbey\u00ea heye, div\u00ea ev were zelalkirin.<\/h3>\n<h3 style=\"text-align: justify\">Got ku mesela bingeh\u00een wek\u00ee \u015fandeyeke ku hem\u00fb hafizey\u00ea \u00fb rastiya d\u00eerok\u00ee dizane, heke Tirkiyeyeke B\u00eateror p\u00eak were, Tirkiye li benda p\u00eangav\u00ean prat\u00eek e (li ser v\u00ea yek\u00ea Abdullah Ocalan gotiye &#8216;ew li pey p\u00eangav\u00ean poz\u00eet\u00eev e&#8217;).<\/h3>\n<h3 style=\"text-align: justify\">Diyar kir ku her kes\u00ea t\u00ea Kom\u00eesyon\u00ea dib\u00eaje div\u00ea p\u00eangav\u00ean prat\u00eek werin av\u00eatin \u00fb div\u00ea pir bi lez were tevger\u00een.<\/h3>\n<h3 style=\"text-align: justify\">Got ku berxwedanek heye, ji ber ku barkirina navenda r\u00eaxistin\u00ea ji Qend\u00eel\u00ea bo qada S\u00fbriyey\u00ea pirsgir\u00eak\u00ea \u00e7areser nake; got ku div\u00ea ew (Abdullah Ocalan) wek\u00ee l\u00eeder\u00ea r\u00eaxistin\u00ea tel\u00eemateke teqez bide, hem\u00fb raya gi\u015ft\u00ee \u00fb Tirkiye li benda v\u00ea ye, dema w\u00ee ev p\u00eak an\u00ee d\u00ea atmosfereke din bi p\u00ea\u015f bikeve.<\/h3>\n<h3 style=\"text-align: justify\">Diyar kir ku her be\u015fa di Kom\u00eesyon\u00ea de hat\u00ee guhdar\u00eekirin diyar kiriye ku heke tund\u00ee bi daw\u00ee bibe Tirkiye d\u00ea pir p\u00ea\u015f ve bi\u00e7e; ji ber w\u00ea p\u00eangaveke \u015f\u00eanber hewce ye, d\u00ea di hi\u015f\u00ea wan de be ku mekan\u00eezmaya darbey\u00ea dikare bikeve dewr\u00ea.<\/h3>\n<h3 style=\"text-align: justify\">Got ku rakirina hem\u00fb nakokiy\u00ean d\u00eerok\u00ee \u00fb d\u00eetina r\u00eayeke n\u00fb wez\u00eefeya Kom\u00eesyon\u00ea ye.<\/h3>\n<h3 style=\"text-align: justify\">Diyar kir ku ew bixwe ji koka Tirkmen \u00fb \u2018ulkucu\u2019 ye \u00fb ji bo biratiy\u00ea \u00eensiyat\u00eev girtiye.<\/h3>\n<h3 style=\"text-align: justify\">Got ku avakirina Kom\u00eesyon\u00ea d\u00eerok\u00ee ye, bi piraniya bik\u00earhat\u00ee hatine vir; &#8216;milet ji wan dipirse encam \u00e7i ye, gelo li S\u00fbriyey\u00ea d\u00ea \u00e7ek werin berdan? Gelo dayik\u00ean li Diyarbekir\u00ea zarok\u00ean xwe dixwazin d\u00ea bigih\u00eejin zarok\u00ean xwe? Gelo \u00e7ek d\u00ea ne ten\u00ea di dest de l\u00ea di zihn\u00ea de j\u00ee werin berdan&#8217;, ev pirs li benda bersiv\u00ea ne.<\/h3>\n<h3 style=\"text-align: justify\">Diyar kir ku dema ji vir derkevin d\u00ea rojnameger bipirsin, ew d\u00ea daxuyaniyek\u00ea bidin; got ku mesela bingeh\u00een a li vir, mesela &#8216;zivirandina pedal\u00ea&#8217; ye ku Serok\u00ea Te\u015fkilat\u00ea aniye ziman; raya gi\u015ft\u00ee j\u00ee dizane ku pirsgir\u00eak di rojek\u00ea de \u00e7areser nabin, diyarkirina nex\u015feya r\u00ea, day\u00eena peyam\u00ean poz\u00eet\u00eev, bilindkirina h\u00eaviy\u00ean civak\u00ee pir gir\u00eeng e; li Tirkiyey\u00ea ps\u00eekolojiyeke siyas\u00ee ya wiha heye, ew mecb\u00fbr in bi hev re bi ser bikevin.<\/h3>\n<h3 style=\"text-align: justify\">Got ku div\u00ea ev p\u00eangava d\u00eerok\u00ee bi encameke d\u00eerok\u00ee bi p\u00ea\u015f ve bibe, nexwe nikare p\u00ea\u015f ve bi\u00e7e.<\/h3>\n<h3 style=\"text-align: justify\">Diyar kir ku ew &#8216;ge\u015fb\u00eenek\u00ee bi \u00eehtiyat&#8217; e, ti\u015ft\u00ean di bor\u00ee de qewim\u00eene ti car\u00ee ji b\u00eer nake \u00fb div\u00ea ji bo p\u00eakan\u00eena Tirkiyeyeke B\u00eateror bixebite.<\/h3>\n<h3 style=\"text-align: justify\">Gulistan Kili\u00e7 Ko\u00e7y\u00eeg\u00eet:<\/h3>\n<h3 style=\"text-align: justify\">Diyar kir ku ew (Abdullah Ocalan) pir ba\u015f \u00fb saxlem xuya dike, tenduristiya w\u00ee j\u00ee pir ba\u015f xuya dike; wan guhdariya gelek be\u015fan kiriye, li ser nav\u00ea kom\u00eesyon\u00ea li vir in, dixwazin guhdariya w\u00ee bikin, dixwazin raman\u00ean w\u00ee (Abdullah Ocalan) bi raya gi\u015ft\u00ee re parve bikin.<\/h3>\n<h3 style=\"text-align: justify\">Pirs kir ku entegrasyona Kurdan a di hundir\u00ea Komar\u00ea de bi dab\u00eenkirina r\u00eaxistinb\u00fbna xwe, d\u00ea karakter\u00ea Komar\u00ea \u00e7awa be, d\u00ea bibe komareke \u00e7awa, ew v\u00ea meraq dike.<\/h3>\n<h3 style=\"text-align: justify\">Diyar kir ku ji bo p\u00ea\u015fve\u00e7\u00fbna p\u00eavajoy\u00ea, ji bo xurtkirina dest\u00ea w\u00ee (Abdullah Ocalan) \u00fb ji bo p\u00eakan\u00eena hem\u00fb gotin\u00ean w\u00ee di prat\u00eek\u00ea de, ew dixwazin raman\u00ea w\u00ee bizanibin ku \u00e7i dikeve ser mil\u00ea kom\u00eesyon\u00ea.<\/h3>\n<h3 style=\"text-align: justify\">Diyar kirine ku sibe 25\u00ea \u00c7iriya Pa\u015f\u00een Roja T\u00eako\u015f\u00eena li Dij\u00ee Tundiya li Ser Jin\u00ea ye, silav\u00ean jinan gihandine w\u00ee.&#8221;<\/h3>\n","protected":false},"excerpt":{"rendered":"<p>Pi\u015ft\u00ee derbasb\u00fbna du mehan liser hevd\u00eetina di n\u00eavbera serok\u00ea PKK\u2019\u00ea Evdilla Ocalan bi \u015fanda Kom\u00eesyona parlamentoya Tirk\u00eey\u00ea Kom\u00eesyona Hevgirtina Netewey\u00ee, Birat\u00ee \u00fb Demokrasiy\u00ea&#8221;, Kom\u00eesyon\u00ea hem\u00fb girtek\u00ean v\u00ea hevd\u00eetin\u00ea parve kirin. Hevd\u00eetina di navbera Ocalan \u00fb Kom\u00eesyona Parlamantoya Tirkiyey\u00ea de di 24\u00ea \u00c7iriya p\u00ea\u015f\u00een ya sala 2025an de li girava \u00cemraliy\u00ea hatib\u00fb encamdan, duh derengiya \u015fev [&hellip;]<\/p>\n","protected":false},"author":2,"featured_media":1051517,"comment_status":"closed","ping_status":"closed","sticky":false,"template":"","format":"standard","meta":{"footnotes":""},"categories":[29],"tags":[37],"class_list":["post-1051516","post","type-post","status-publish","format-standard","has-post-thumbnail","hentry","category-kurdistan","tag-sereke"],"blocksy_meta":[],"seo_head":"<!-- This site is optimized with the Yoast SEO plugin v27.5 - https:\/\/yoast.com\/product\/yoast-seo-wordpress\/ -->\n<title>Girtek\u00ean hevd\u00eetina Abdullah Ocalana bi Kom\u00eesyona Parlamentoya Tirkiy\u00ea re hatin we\u015fandin - Darka Maz\u00ee<\/title>\n<meta name=\"robots\" content=\"index, follow, max-snippet:-1, max-image-preview:large, max-video-preview:-1\" \/>\n<link rel=\"canonical\" href=\"https:\/\/darkamazi.info\/archives\/1051516\" \/>\n<meta property=\"og:locale\" content=\"en_US\" \/>\n<meta property=\"og:type\" content=\"article\" \/>\n<meta property=\"og:title\" content=\"Girtek\u00ean hevd\u00eetina Abdullah Ocalana bi Kom\u00eesyona Parlamentoya Tirkiy\u00ea re hatin we\u015fandin - Darka Maz\u00ee\" \/>\n<meta property=\"og:description\" content=\"Pi\u015ft\u00ee derbasb\u00fbna du mehan liser hevd\u00eetina di n\u00eavbera serok\u00ea PKK\u2019\u00ea Evdilla Ocalan bi \u015fanda Kom\u00eesyona parlamentoya Tirk\u00eey\u00ea Kom\u00eesyona Hevgirtina Netewey\u00ee, Birat\u00ee \u00fb Demokrasiy\u00ea&#8221;, Kom\u00eesyon\u00ea hem\u00fb girtek\u00ean v\u00ea hevd\u00eetin\u00ea parve kirin. Hevd\u00eetina di navbera Ocalan \u00fb Kom\u00eesyona Parlamantoya Tirkiyey\u00ea de di 24\u00ea \u00c7iriya p\u00ea\u015f\u00een ya sala 2025an de li girava \u00cemraliy\u00ea hatib\u00fb encamdan, duh derengiya \u015fev [&hellip;]\" \/>\n<meta property=\"og:url\" content=\"https:\/\/darkamazi.info\/archives\/1051516\" \/>\n<meta property=\"og:site_name\" content=\"Darka Maz\u00ee\" \/>\n<meta property=\"article:publisher\" content=\"https:\/\/www.facebook.com\/DarMaziKurmanci\" \/>\n<meta property=\"article:published_time\" content=\"2026-01-24T12:12:00+00:00\" \/>\n<meta property=\"og:image\" content=\"https:\/\/darkamazi.info\/file\/2026\/01\/apooo.jpg\" \/>\n\t<meta property=\"og:image:width\" content=\"900\" \/>\n\t<meta property=\"og:image:height\" content=\"497\" \/>\n\t<meta property=\"og:image:type\" content=\"image\/jpeg\" \/>\n<meta name=\"author\" content=\"darka mazi\" \/>\n<meta name=\"twitter:card\" content=\"summary_large_image\" \/>\n<meta name=\"twitter:creator\" content=\"@DarkaMaziLatini\" \/>\n<meta name=\"twitter:site\" content=\"@DarkaMaziLatini\" \/>\n<meta name=\"twitter:label1\" content=\"Written by\" \/>\n\t<meta name=\"twitter:data1\" content=\"darka mazi\" \/>\n\t<meta name=\"twitter:label2\" content=\"Est. reading time\" \/>\n\t<meta name=\"twitter:data2\" content=\"31 minutes\" \/>\n<script type=\"application\/ld+json\" class=\"seo-schema-graph\">{\"@context\":\"https:\\\/\\\/schema.org\",\"@graph\":[{\"@type\":\"Article\",\"@id\":\"https:\\\/\\\/darkamazi.info\\\/archives\\\/1051516#article\",\"isPartOf\":{\"@id\":\"https:\\\/\\\/darkamazi.info\\\/archives\\\/1051516\"},\"author\":{\"name\":\"darka mazi\",\"@id\":\"https:\\\/\\\/darkamazi.info\\\/#\\\/schema\\\/person\\\/5ad3e24553a0567993fa8ed4bd0a776c\"},\"headline\":\"Girtek\u00ean hevd\u00eetina Abdullah Ocalana bi Kom\u00eesyona Parlamentoya Tirkiy\u00ea re hatin we\u015fandin\",\"datePublished\":\"2026-01-24T12:12:00+00:00\",\"mainEntityOfPage\":{\"@id\":\"https:\\\/\\\/darkamazi.info\\\/archives\\\/1051516\"},\"wordCount\":7954,\"publisher\":{\"@id\":\"https:\\\/\\\/darkamazi.info\\\/#organization\"},\"image\":{\"@id\":\"https:\\\/\\\/darkamazi.info\\\/archives\\\/1051516#primaryimage\"},\"thumbnailUrl\":\"https:\\\/\\\/darkamazi.info\\\/darka-content\\\/uploads\\\/2026\\\/01\\\/apooo.jpg\",\"keywords\":[\"sereke\"],\"articleSection\":[\"Kurdistan\"],\"inLanguage\":\"en-US\"},{\"@type\":\"WebPage\",\"@id\":\"https:\\\/\\\/darkamazi.info\\\/archives\\\/1051516\",\"url\":\"https:\\\/\\\/darkamazi.info\\\/archives\\\/1051516\",\"name\":\"Girtek\u00ean hevd\u00eetina Abdullah Ocalana bi Kom\u00eesyona Parlamentoya Tirkiy\u00ea re hatin we\u015fandin - Darka Maz\u00ee\",\"isPartOf\":{\"@id\":\"https:\\\/\\\/darkamazi.info\\\/#website\"},\"primaryImageOfPage\":{\"@id\":\"https:\\\/\\\/darkamazi.info\\\/archives\\\/1051516#primaryimage\"},\"image\":{\"@id\":\"https:\\\/\\\/darkamazi.info\\\/archives\\\/1051516#primaryimage\"},\"thumbnailUrl\":\"https:\\\/\\\/darkamazi.info\\\/darka-content\\\/uploads\\\/2026\\\/01\\\/apooo.jpg\",\"datePublished\":\"2026-01-24T12:12:00+00:00\",\"breadcrumb\":{\"@id\":\"https:\\\/\\\/darkamazi.info\\\/archives\\\/1051516#breadcrumb\"},\"inLanguage\":\"en-US\",\"potentialAction\":[{\"@type\":\"ReadAction\",\"target\":[\"https:\\\/\\\/darkamazi.info\\\/archives\\\/1051516\"]}]},{\"@type\":\"ImageObject\",\"inLanguage\":\"en-US\",\"@id\":\"https:\\\/\\\/darkamazi.info\\\/archives\\\/1051516#primaryimage\",\"url\":\"https:\\\/\\\/darkamazi.info\\\/darka-content\\\/uploads\\\/2026\\\/01\\\/apooo.jpg\",\"contentUrl\":\"https:\\\/\\\/darkamazi.info\\\/darka-content\\\/uploads\\\/2026\\\/01\\\/apooo.jpg\",\"width\":900,\"height\":497,\"caption\":\"Girtek\u00ean hevd\u00eetina Abdullah Ocalana bi Kom\u00eesyona Parlamentoya Tirkiy\u00ea re hatin we\u015fandin\"},{\"@type\":\"BreadcrumbList\",\"@id\":\"https:\\\/\\\/darkamazi.info\\\/archives\\\/1051516#breadcrumb\",\"itemListElement\":[{\"@type\":\"ListItem\",\"position\":1,\"name\":\"Home\",\"item\":\"https:\\\/\\\/darkamazi.info\\\/\"},{\"@type\":\"ListItem\",\"position\":2,\"name\":\"Girtek\u00ean hevd\u00eetina Abdullah Ocalana bi Kom\u00eesyona Parlamentoya Tirkiy\u00ea re hatin we\u015fandin\"}]},{\"@type\":\"WebSite\",\"@id\":\"https:\\\/\\\/darkamazi.info\\\/#website\",\"url\":\"https:\\\/\\\/darkamazi.info\\\/\",\"name\":\"Darka Maz\u00ee\",\"description\":\"P\u00eageha Zanyariy\u00ean Nebih\u00eest\u00ee\",\"publisher\":{\"@id\":\"https:\\\/\\\/darkamazi.info\\\/#organization\"},\"potentialAction\":[{\"@type\":\"SearchAction\",\"target\":{\"@type\":\"EntryPoint\",\"urlTemplate\":\"https:\\\/\\\/darkamazi.info\\\/?s={search_term_string}\"},\"query-input\":{\"@type\":\"PropertyValueSpecification\",\"valueRequired\":true,\"valueName\":\"search_term_string\"}}],\"inLanguage\":\"en-US\"},{\"@type\":\"Organization\",\"@id\":\"https:\\\/\\\/darkamazi.info\\\/#organization\",\"name\":\"Darka Maz\u00ee\",\"url\":\"https:\\\/\\\/darkamazi.info\\\/\",\"logo\":{\"@type\":\"ImageObject\",\"inLanguage\":\"en-US\",\"@id\":\"https:\\\/\\\/darkamazi.info\\\/#\\\/schema\\\/logo\\\/image\\\/\",\"url\":\"https:\\\/\\\/darkamazi.info\\\/darka-content\\\/uploads\\\/2017\\\/12\\\/darka-mazi-logo.png\",\"contentUrl\":\"https:\\\/\\\/darkamazi.info\\\/darka-content\\\/uploads\\\/2017\\\/12\\\/darka-mazi-logo.png\",\"width\":151,\"height\":75,\"caption\":\"Darka Maz\u00ee\"},\"image\":{\"@id\":\"https:\\\/\\\/darkamazi.info\\\/#\\\/schema\\\/logo\\\/image\\\/\"},\"sameAs\":[\"https:\\\/\\\/www.facebook.com\\\/DarMaziKurmanci\",\"https:\\\/\\\/x.com\\\/DarkaMaziLatini\",\"https:\\\/\\\/www.instagram.com\\\/darkamazi.kurmanci\\\/\",\"https:\\\/\\\/www.youtube.com\\\/channel\\\/UCa5HkTdmI8U1qCUFuTw8B2g\"]},{\"@type\":\"Person\",\"@id\":\"https:\\\/\\\/darkamazi.info\\\/#\\\/schema\\\/person\\\/5ad3e24553a0567993fa8ed4bd0a776c\",\"name\":\"darka mazi\",\"sameAs\":[\"https:\\\/\\\/darkamazi.info\\\/\"],\"url\":\"https:\\\/\\\/darkamazi.info\\\/archives\\\/author\\\/kurdi\"}]}<\/script>\n<!-- \/ Yoast SEO plugin. -->","seo_head_json":{"title":"Girtek\u00ean hevd\u00eetina Abdullah Ocalana bi Kom\u00eesyona Parlamentoya Tirkiy\u00ea re hatin we\u015fandin - Darka Maz\u00ee","robots":{"index":"index","follow":"follow","max-snippet":"max-snippet:-1","max-image-preview":"max-image-preview:large","max-video-preview":"max-video-preview:-1"},"canonical":"https:\/\/darkamazi.info\/archives\/1051516","og_locale":"en_US","og_type":"article","og_title":"Girtek\u00ean hevd\u00eetina Abdullah Ocalana bi Kom\u00eesyona Parlamentoya Tirkiy\u00ea re hatin we\u015fandin - Darka Maz\u00ee","og_description":"Pi\u015ft\u00ee derbasb\u00fbna du mehan liser hevd\u00eetina di n\u00eavbera serok\u00ea PKK\u2019\u00ea Evdilla Ocalan bi \u015fanda Kom\u00eesyona parlamentoya Tirk\u00eey\u00ea Kom\u00eesyona Hevgirtina Netewey\u00ee, Birat\u00ee \u00fb Demokrasiy\u00ea&#8221;, Kom\u00eesyon\u00ea hem\u00fb girtek\u00ean v\u00ea hevd\u00eetin\u00ea parve kirin. Hevd\u00eetina di navbera Ocalan \u00fb Kom\u00eesyona Parlamantoya Tirkiyey\u00ea de di 24\u00ea \u00c7iriya p\u00ea\u015f\u00een ya sala 2025an de li girava \u00cemraliy\u00ea hatib\u00fb encamdan, duh derengiya \u015fev [&hellip;]","og_url":"https:\/\/darkamazi.info\/archives\/1051516","og_site_name":"Darka Maz\u00ee","article_publisher":"https:\/\/www.facebook.com\/DarMaziKurmanci","article_published_time":"2026-01-24T12:12:00+00:00","og_image":[{"width":900,"height":497,"url":"https:\/\/darkamazi.info\/file\/2026\/01\/apooo.jpg","type":"image\/jpeg"}],"author":"darka mazi","twitter_card":"summary_large_image","twitter_creator":"@DarkaMaziLatini","twitter_site":"@DarkaMaziLatini","twitter_misc":{"Written by":"darka mazi","Est. reading time":"31 minutes"},"schema":{"@context":"https:\/\/schema.org","@graph":[{"@type":"Article","@id":"https:\/\/darkamazi.info\/archives\/1051516#article","isPartOf":{"@id":"https:\/\/darkamazi.info\/archives\/1051516"},"author":{"name":"darka mazi","@id":"https:\/\/darkamazi.info\/#\/schema\/person\/5ad3e24553a0567993fa8ed4bd0a776c"},"headline":"Girtek\u00ean hevd\u00eetina Abdullah Ocalana bi Kom\u00eesyona Parlamentoya Tirkiy\u00ea re hatin we\u015fandin","datePublished":"2026-01-24T12:12:00+00:00","mainEntityOfPage":{"@id":"https:\/\/darkamazi.info\/archives\/1051516"},"wordCount":7954,"publisher":{"@id":"https:\/\/darkamazi.info\/#organization"},"image":{"@id":"https:\/\/darkamazi.info\/archives\/1051516#primaryimage"},"thumbnailUrl":"https:\/\/darkamazi.info\/file\/2026\/01\/apooo.jpg","keywords":["sereke"],"articleSection":["Kurdistan"],"inLanguage":"en-US"},{"@type":"WebPage","@id":"https:\/\/darkamazi.info\/archives\/1051516","url":"https:\/\/darkamazi.info\/archives\/1051516","name":"Girtek\u00ean hevd\u00eetina Abdullah Ocalana bi Kom\u00eesyona Parlamentoya Tirkiy\u00ea re hatin we\u015fandin - Darka Maz\u00ee","isPartOf":{"@id":"https:\/\/darkamazi.info\/#website"},"primaryImageOfPage":{"@id":"https:\/\/darkamazi.info\/archives\/1051516#primaryimage"},"image":{"@id":"https:\/\/darkamazi.info\/archives\/1051516#primaryimage"},"thumbnailUrl":"https:\/\/darkamazi.info\/file\/2026\/01\/apooo.jpg","datePublished":"2026-01-24T12:12:00+00:00","breadcrumb":{"@id":"https:\/\/darkamazi.info\/archives\/1051516#breadcrumb"},"inLanguage":"en-US","potentialAction":[{"@type":"ReadAction","target":["https:\/\/darkamazi.info\/archives\/1051516"]}]},{"@type":"ImageObject","inLanguage":"en-US","@id":"https:\/\/darkamazi.info\/archives\/1051516#primaryimage","url":"https:\/\/darkamazi.info\/file\/2026\/01\/apooo.jpg","contentUrl":"https:\/\/darkamazi.info\/file\/2026\/01\/apooo.jpg","width":900,"height":497,"caption":"Girtek\u00ean hevd\u00eetina Abdullah Ocalana bi Kom\u00eesyona Parlamentoya Tirkiy\u00ea re hatin we\u015fandin"},{"@type":"BreadcrumbList","@id":"https:\/\/darkamazi.info\/archives\/1051516#breadcrumb","itemListElement":[{"@type":"ListItem","position":1,"name":"Home","item":"https:\/\/darkamazi.info\/"},{"@type":"ListItem","position":2,"name":"Girtek\u00ean hevd\u00eetina Abdullah Ocalana bi Kom\u00eesyona Parlamentoya Tirkiy\u00ea re hatin we\u015fandin"}]},{"@type":"WebSite","@id":"https:\/\/darkamazi.info\/#website","url":"https:\/\/darkamazi.info\/","name":"Darka Maz\u00ee","description":"P\u00eageha Zanyariy\u00ean Nebih\u00eest\u00ee","publisher":{"@id":"https:\/\/darkamazi.info\/#organization"},"potentialAction":[{"@type":"SearchAction","target":{"@type":"EntryPoint","urlTemplate":"https:\/\/darkamazi.info\/?s={search_term_string}"},"query-input":{"@type":"PropertyValueSpecification","valueRequired":true,"valueName":"search_term_string"}}],"inLanguage":"en-US"},{"@type":"Organization","@id":"https:\/\/darkamazi.info\/#organization","name":"Darka Maz\u00ee","url":"https:\/\/darkamazi.info\/","logo":{"@type":"ImageObject","inLanguage":"en-US","@id":"https:\/\/darkamazi.info\/#\/schema\/logo\/image\/","url":"https:\/\/darkamazi.info\/file\/2017\/12\/darka-mazi-logo.png","contentUrl":"https:\/\/darkamazi.info\/file\/2017\/12\/darka-mazi-logo.png","width":151,"height":75,"caption":"Darka Maz\u00ee"},"image":{"@id":"https:\/\/darkamazi.info\/#\/schema\/logo\/image\/"},"sameAs":["https:\/\/www.facebook.com\/DarMaziKurmanci","https:\/\/x.com\/DarkaMaziLatini","https:\/\/www.instagram.com\/darkamazi.kurmanci\/","https:\/\/www.youtube.com\/channel\/UCa5HkTdmI8U1qCUFuTw8B2g"]},{"@type":"Person","@id":"https:\/\/darkamazi.info\/#\/schema\/person\/5ad3e24553a0567993fa8ed4bd0a776c","name":"darka mazi","sameAs":["https:\/\/darkamazi.info\/"],"url":"https:\/\/darkamazi.info\/archives\/author\/kurdi"}]}},"_links":{"self":[{"href":"https:\/\/darkamazi.info\/funavuv\/wp\/v2\/posts\/1051516","targetHints":{"allow":["GET"]}}],"collection":[{"href":"https:\/\/darkamazi.info\/funavuv\/wp\/v2\/posts"}],"about":[{"href":"https:\/\/darkamazi.info\/funavuv\/wp\/v2\/types\/post"}],"author":[{"embeddable":true,"href":"https:\/\/darkamazi.info\/funavuv\/wp\/v2\/users\/2"}],"replies":[{"embeddable":true,"href":"https:\/\/darkamazi.info\/funavuv\/wp\/v2\/comments?post=1051516"}],"version-history":[{"count":0,"href":"https:\/\/darkamazi.info\/funavuv\/wp\/v2\/posts\/1051516\/revisions"}],"wp:featuredmedia":[{"embeddable":true,"href":"https:\/\/darkamazi.info\/funavuv\/wp\/v2\/media\/1051517"}],"wp:attachment":[{"href":"https:\/\/darkamazi.info\/funavuv\/wp\/v2\/media?parent=1051516"}],"wp:term":[{"taxonomy":"category","embeddable":true,"href":"https:\/\/darkamazi.info\/funavuv\/wp\/v2\/categories?post=1051516"},{"taxonomy":"post_tag","embeddable":true,"href":"https:\/\/darkamazi.info\/funavuv\/wp\/v2\/tags?post=1051516"}],"curies":[{"name":"wp","href":"https:\/\/api.w.org\/{rel}","templated":true}]}}