{"id":1051519,"date":"2026-01-24T18:17:14","date_gmt":"2026-01-24T15:17:14","guid":{"rendered":"https:\/\/darkamazi.info\/?p=1051519"},"modified":"2026-01-24T18:17:14","modified_gmt":"2026-01-24T15:17:14","slug":"rojava-de-cawa-were-rizgarkirin-dive-kurd-ci-bikin","status":"publish","type":"post","link":"https:\/\/darkamazi.info\/archives\/1051519","title":{"rendered":"Rojava d\u00ea \u00e7awa were rizgarkirin? Div\u00ea Kurd \u00e7i bikin?"},"content":{"rendered":"<h3 style=\"text-align: justify\"><span style=\"font-family: 'arial black', sans-serif\">Rojavay\u00ea Kurdistan\u00ea di bin \u00ear\u00ee\u015feke mezin de ye. R\u00eaveberiya Rojava ne\u00e7ar ma ku ji be\u015fek mezin a axa xwe \u00fb \u00e7avkaniy\u00ean enerjiy\u00ea y\u00ean ku ew kontrol dikirin veki\u015fe. Her \u00e7end di 20 \u00ea \u00c7ile de agirbestek \u00e7ar roj\u00ee hatibe ragihandin j\u00ee, di dawiya agirbest\u00ea de ronahiyek er\u00ean\u00ee n\u00eene. Ji ber v\u00ea yek\u00ea Rojava d\u00ea \u00e7awa were rizgarkirin? Ma em \u00ea li ser telev\u00eezyon\u00ea w\u00earankirin \u00fb tunekirina Kurdan zind\u00ee tema\u015fe bikin? Div\u00ea Kurd \u00e7i bikin? Kurd li k\u00eeve xelet\u00ee kirin?<\/span><\/h3>\n<h3 style=\"text-align: justify\">Di v\u00ea p\u00eavajoy\u00ea de Kurdan ji her kes\u00ee b\u00eatir li ber xwe dan, qehreman\u00ee n\u00ee\u015fan dan \u00fb \u015fer qezenc kirin, l\u00ea dema ku maseya d\u00eeplomat\u00eek-s\u00eeyas\u00ee hat dan\u00een, ew mehk\u00fbm\u00ee windakirin\u00ea b\u00fbn. Gelo \u00c7ima?<\/h3>\n<h3 style=\"text-align: justify\">Hin dib\u00eajin, &#8220;Div\u00ea Kurd di v\u00ea p\u00eavajoy\u00ea de rexney\u00ea li hev nekin. Div\u00ea r\u00fbpel\u00ean ber\u00ea venekin.&#8221; Ev dibe ku heta radeyek\u00ea rast xuya bike, l\u00ea heke em bi zelal\u00ee neb\u00eajin ku xelet\u00ee li ku hatine kirin, em \u00ea di xeterey\u00ean serdema p\u00ea\u015f de heman xelet\u00eeyan bikin. Ji ber v\u00ea yek\u00ea, div\u00ea em xal\u00ean ku xelet\u00ee l\u00ea hatine kirin bi r\u00eak\u00fbp\u00eak destn\u00ee\u015fan bikin.<\/h3>\n<h3 style=\"text-align: center\"><span style=\"font-family: 'arial black', sans-serif;color: #8c0a0a\">Div\u00ea Kurd bi &#8220;Hi\u015fmendiyeke Netewey\u00ee&#8221; Tevbigerin<\/span><\/h3>\n<h3 style=\"text-align: justify\">Bi rast\u00ee, Kurd di her mijar\u00ea de negih\u00ee\u015ftine xala daw\u00ee. L\u00eabel\u00ea, hesabkirina siyas\u00ee ne tam di berjewendiya Kurdan de ye. H\u00eaz\u00ean her\u00eam\u00ee y\u00ean Rojavay\u00ee \u00fb Rojhilat\u00ee li hev kirine. Ew naxwazin li Rojava ji bil\u00ee hemwelat\u00eeb\u00fbna takekes\u00ee tu mafek\u00ee bidin Kurdan. Yan\u00ee, Kurd wek\u00ee takekesan, ne wek\u00ee neteweyek\u00ea, \u00a0ne weke Milletek\u00ea di nav dewleta S\u00fbriy\u00ea de t\u00eane entegrekirin. Ji ber ku Kurd wek\u00ee neteweyek\u00ea tevnegeriyane. Ji destp\u00eaka Bihara Ereb\u00ee ve, Tirk, Ereb \u00fb hwd., hem\u00ee li gor\u00ee berjewendiy\u00ean xwe y\u00ean netewey\u00ee \u00fb dewlet\u00ea tevgeriyane. Ji ber ku xwed\u00ee hi\u015fek\u00ee netewey\u00ee, hi\u015fek\u00ee dewlet\u00ea b\u00fbn.<\/h3>\n<h3 style=\"text-align: justify\">Heta ku ev &#8220;hi\u015fek\u00ee netewey\u00ee&#8221;, ev &#8220;hi\u015fek\u00ee dewlet\u00ea&#8221; di nav Kurdan de ava nebe, em \u00ea her tim li ber xwe bidin, em \u00ea her tim \u015fer bikin, em \u00ea her tim rastgo bin, l\u00ea em \u00ea negih\u00eejin tu der\u00ea. Ji ber ku s\u00eestema c\u00eehan\u00ea li ser netewe \u00fb dewletan hatiye avakirin. Ji bo ku em bikari bin di nav pergal\u00ea de cih bigirin, div\u00ea em Kurd xwed\u00ee heman arguman \u00fb heman hi\u015f bin. \u00c7awa ku h\u00fbn nekarin li ser otobaneke bi leza 130 km\/h bi bisikl\u00eat\u00ea bib\u00eaj\u00ee &#8220;Ez dixwazim tevl\u00ee l\u00eestik\u00ea bibim \u00fb otomob\u00eelan t\u00eak bibim&#8221;, h\u00fbn nekarin di s\u00eestema ku li ser dewlet, netewe \u00fb berjewend\u00eeya avab\u00fby\u00ee de bi peyv\u00ean kom\u00een, \u00eedeoloj\u00ee, Ekoloj\u00ee \u00fb hwd. de cih bigirin. H\u00fbn v\u00ea rast\u00eey\u00ea bi wijdan\u00ee bib\u00eenin an na, ev rast\u00ee y\u00ea naguhere. Div\u00ea Kurd bi &#8220;hi\u015fmendiyeke netewey\u00ee&#8221; tevbigerin. Div\u00ea Kurd bi hi\u015fmendiyeke netewey\u00ee ku bigih\u00eejin astek h\u00eaz\u00ea ya ku bi dewletek\u00ea re berawird\u00ee ye tevbigerin.<\/h3>\n<h3 style=\"text-align: center\"><span style=\"color: #8c0a0a;font-family: 'arial black', sans-serif\">Kurd nikarin li gor\u00ee hestan tevbigerin<\/span><\/h3>\n<h3 style=\"text-align: justify\">Bin\u00earin, Rojava \u00eero di rew\u015fek pir dijwar de ye. Em hem\u00fb pir h\u00ears in, em bi rojan nikarin raz\u00ean, em nikarin v\u00ea tramay\u00ea li ser xwe rabikin.<\/h3>\n<h3 style=\"text-align: justify\">Gel\u00ea Kurd \u00e7i dike? Xelk li kolanan xwep\u00ea\u015fandanan dikin, li ser medyaya civak\u00ee \u00e7alak in. Her kes dib\u00eaje, &#8220;Werin em herin Rojava,&#8221; hin dib\u00eajin, &#8220;dewlet\u00ean Rojava xiyanet li me kir, ji ber v\u00ea yek\u00ea em ji wan nefret bikin.&#8221; Bang li ol, wijdan \u00fb baweriy\u00ea t\u00ean kirin. Ew dib\u00eajin, &#8220;Werin deriy\u00ea s\u00eenor \u00ea S\u00eamelka li ba\u015f\u00fbr vekin da ku em bikaribin bi\u00e7in al\u00eekariy\u00ea.&#8221; (Bi away\u00ea, deriy\u00ea S\u00eamelka ne girt\u00ee ye; xwarin \u00fb kel\u00fbpel\u00ean din, bazirgan\u00ee berdewam in. Siv\u00eel di roj\u00ean diyarkir\u00ee y\u00ean heftey\u00ea de b\u00ea k\u00ea\u015fe t\u00ean \u00fb di\u00e7in). Ew dib\u00eajin, &#8220;Bila P\u00ea\u015fmerge bi\u00e7in Hesek\u00ea.&#8221;<\/h3>\n<h3 style=\"text-align: justify\">Niha, ev daxwaz\u00ean gel in, gelo ev daxwaz rast in? Pir rast e ku mirov li kolanan bin \u00fb ji bo Rojava p\u00eaw\u00eestbike mirin\u00ea bigire ber\u00e7av, l\u00ea ne hem\u00ee dr\u00fb\u015fim\u00ean ku t\u00eane gotin rast in. Ji ber ku hin ten\u00ea berhema raman\u00ean hestyar\u00ee \u00fb h\u00ears in. M\u00eenak, v\u00eedyoyek li ser TikTok\u00ea hat \u00e7\u00eakirin, ku digot &#8220;Mazlum Ebdi &#8211; off, \u015eahin Cilo &#8211; on,&#8221; \u00fb daxwaz dikir ku fermandar\u00ea HSD vegere nasnameya xwe ya PKK \u00ea. Wan hin f\u00eegur\u00ean pir xwe\u015fik afirandine; w\u00eane gava ku mirov l\u00ea din\u00eare xwe\u015fik xuya dike. L\u00eabel\u00ea, vegera kadroy\u00ean Rojava bo nasnameya xwe ya PKK \u00ea ne \u00e7areser\u00ee ye. Berevaj\u00ee v\u00ea, Rojava di rew\u015fa xwe ya hey\u00ee de ye tam ji ber ku ew nikare ji ti\u015ftek din ji endam\u00ean PKK \u00ea veqete. Niha div\u00ea em \u00e7i bikin, ten\u00ea ji ber ku wan w\u00eaneyek xwe\u015fik \u00e7\u00eakiriye, em li d\u00fb TikTokerek\u00ee bi\u00e7in? Na, Rojava bi hest, h\u00ears \u00fb h\u00eastiran nay\u00ea rizgar kirin. P\u00eaw\u00eestiya me bi siyasetmedaran heye ku hi\u015fmendiyek netewey\u00ee ava bikin.<\/h3>\n<h3 style=\"text-align: center\"><span style=\"color: #8c0a0a;font-family: 'arial black', sans-serif\">Div\u00ea Rola PKK \u00fb Ocalan a ney\u00een\u00ee Bi Zelal\u00ee B\u00ea D\u00eetin<\/span><\/h3>\n<h3 style=\"text-align: justify\">PKK \u00fb Evdila Ocalan di gih\u00ee\u015ftina rew\u015fa Rojava ya niha de roleke mezin l\u00eestin. peyv\u00ean \u00eedeoloj\u00eek \u00ean Ocalan li Rojava t\u00eak \u00e7\u00fbye. Ji bil\u00ee van parad\u00eegma \u00fb rexney\u00ean fikr\u00ee, di prat\u00eek\u00ea de, PKK \u00ea Rojava\u2019y\u00ea Kurdistan\u00ea wek\u00ee milk\u00ea &#8220;me\u015fr\u00fbkirin \u00fb xurtkirina desthilatdariya xwe&#8221; did\u00eet.<\/h3>\n<h3 style=\"text-align: justify\">\u00db PKK, ten\u00ea ji bo ku Rojava ten\u00ea b\u00fbw\u00ea bim\u00eene, r\u00ea li ber kongreya netewey\u00ee ya Kurd a ku t\u00ea p\u00ea\u015fb\u00een\u00eekirin di sala 2013 an de li Hewler\u00ea were lidarxistin girt. V\u00ea yek\u00ea kir ji ber ku w\u00ea difikir\u00ee ku ger kongre were lidarxistin, &#8220;Barzan\u00ee \u00fb partiy\u00ean din j\u00ee d\u00ea li Rojava bi bandor bibin.&#8221; PKK r\u00ea li ber s\u00ea peyman\u00ean ku h\u00eaz\u00ean Rojava li Hewler \u00fb Duhok \u00ea p\u00eak an\u00een \u00fb avakirina r\u00eaveberiyeke hevbe\u015f girt. Merc heb\u00fbn, l\u00ea li \u015f\u00fbna ku bi wan h\u00eaz\u00ean Kurd re lihevkirinek\u00ea bike, ew li k\u00ealeka \u00ceran \u00fb He\u015fd\u00ee \u015eeb\u00ee sekin\u00een. Li dij\u00ee PDK \u00ea \u015fer kirin. L\u00eabel\u00ea, heke w\u00ea dem\u00ea, di sala 2012 an de lihevkirinek p\u00eak hatiba, her ti\u015ft dikarib\u00fb pir c\u00fbda bib\u00fbya. PKK \u00fb Ocalan Rojava wek\u00ee qadeke ku ew dikarin w\u00ea ji her kes\u00ee re bazar bikin \u00fb \u00eemtiyazan bi dest bixin did\u00eetin. Wan nasnameya Kurd\u00ee a Rojava jinav bir. Ji sala 2012 an vir ve, r\u00eaber\u00ean Rojava dib\u00eajin, &#8220;Em dewletek naxwazin, em federal\u00eezm\u00ea naxwazin, em s\u00eenoran naguherin, em s\u00eestemek\u00ee m\u00eena Ba\u015f\u00fbr\u00ea Kurdistan\u00ea naxwazin,&#8221; \u00fb di bingeh de &#8220;ti\u015ftek&#8221; talep nekirin. \u00db niha, &#8220;ti\u015ftek&#8221; ji Rojava re nay\u00ea day\u00een ev encama PKK \u00ea ye.<\/h3>\n<h3 style=\"text-align: justify\">Di 19 \u00ea \u00c7ile de, roja ku rew\u015fa Rojava her\u00ee kr\u00eet\u00eek b\u00fb \u00fb Kurd di nav fikaran de b\u00fbn, ajansa sereke ya medyay\u00ea ya PKK \u00ea, ANF, rapor\u00ean taybet bi sernav\u00ea &#8220;\u00c7ima komun p\u00eaw\u00eest in?&#8221; we\u015fand \u00fb t\u00eakiliya Ocalan di navbera demokras\u00ee \u00fb komunan de n\u00eeqa\u015f dikir. K\u00eejan komun, \u00e7i Ocalan, \u00e7i \u00eedeoloj\u00ee? Ma ev dema van n\u00eeqa\u015fa ye hey qe\u015fmer\u00een.\u00a0 Bay\u0131k, Kalkan, Hozat li ku ne? Ew li tu ciha nay\u00ean d\u00eetin.<\/h3>\n<h3 style=\"text-align: justify\">Heke tab\u00eer di c\u00eeh da be, Rojava PKK \u00ea mijat \u00fb zuwa kir, ew \u00eestismar kir \u00fb av\u00eat ser mil\u00ean Barzan\u00eeyan. Niha her kes dib\u00eaje, &#8220;N\u00fbke her kez dib\u00eaje bila Barzan\u00ee t\u00eakeve dewr\u00ea.<\/h3>\n<h3 style=\"text-align: justify\"><strong>Kurd d\u00ea bi r\u00eaya &#8220;Hi\u015fmend\u00eeya Netewey\u00ee&#8221; ji per\u00e7iqandina di navbera eniya \u015e\u00eee-Sunn\u00ee de rizgar bibin<\/strong><\/h3>\n<h3 style=\"text-align: justify\">Hem\u00fb partiy\u00ean siyas\u00ee li ser Rojava ti\u015ftek\u00ee dib\u00eajin. L\u00ea mesele ne gotina ti\u015ftek\u00ee ye, mesele &#8220;yek\u00eet\u00ee \u00fb tevger\u00eena bi hi\u015fmend\u00eeya netewey\u00ee ye&#8221;.<\/h3>\n<h3 style=\"text-align: justify\">Gera ji ni\u015fka ve ya Serok Barzani bo Ewropay\u00ea \u00fb seferberkirina hem\u00fb \u00e7avkaniyan ji aliy\u00ea \u00a0cenab\u00ea w\u00ee ve pir gir\u00eeng e. Rast\u00ee ev e ku ji bil\u00ee Barzaniyan kesek din nikare ji bo Rojava ti\u015ftek\u00ee bike. L\u00ea d\u00eesa j\u00ee, PKK h\u00een j\u00ee ber bi aliyek\u00ee ve diki\u015f\u00eene, \u00fb YNK j\u00ee ber bi aliyek\u00ee din ve. Ew h\u00een j\u00ee pir ditirsin ku Barzan\u00ee weke n\u00fbner t\u00ean qeb\u00fblkirin. Ev nay\u00ean qeb\u00fblkirin. P\u00eadiv\u00ee ye were d\u00eetin ku komployek \u00fb planeke mezin li dij\u00ee Kurdan heye.<\/h3>\n<h3 style=\"text-align: justify\">Bin\u00earin, Rojava niha bi metirs\u00eeya komkuj\u00ee \u00fb tunekirin\u00ea re r\u00fb bi r\u00fb ye. Heta dijminat\u00ee li dij\u00ee hem\u00fb Kurdan heye. B\u00fbyer\u00ean li Rojava dibe ku ceribandin\u00ean p\u00ea\u015f\u00een \u00ean komployek mezintir li dij\u00ee Kurdan be. \u00cengil\u00eezan di d\u00eerok\u00ea de pol\u00eet\u00eekayek heb\u00fb ku Kurdan li dij\u00ee Sunniyan bixebit\u00eene, \u00fb ev xuya dike ku berdewam dike. b\u00ea guman, h\u00eaz\u00ean din j\u00ee armanc\u00ean xwe hene. Niha, di nakokiya Sunn\u00ee-\u015ei\u00ee de, dibe ku Kurd di nav agir\u00ea d\u00fbryanek\u00ea de as\u00ea bim\u00eenin. Dibe ku hewldanek hebe ku di navbera Ereb \u00fb Kurdan de pev\u00e7\u00fbnek \u00e7\u00eabikin. Xeter\u00eeyek mezin heye. Ger hewldan\u00ean parastina Rojava bi awayek\u00ee rast ney\u00ean me\u015fandin, dibe ku em hind bib\u00eenin ku gel He\u015fd\u00ee \u015eeb\u00ee li dij\u00ee Sunniyan di nava pev\u00e7\u00fbn\u00ea dayne!. Ji ber v\u00ea yek\u00ea, dema ku em hewl didin Rojava rizgar bikin, bila em negih\u00eejin xala &#8220;an hem\u00fb an j\u00ee neti\u015ftek&#8221;. \u00c7end ti\u015ft hene ku div\u00ea li ser v\u00ea yek\u00ea werin gotin. Ji bo Rojava \u00e7i dikare were kirin?<\/h3>\n<h3 style=\"text-align: center\"><span style=\"color: #8c0a0a;font-family: 'arial black', sans-serif\">Gelo Kurd t\u00eane paldan ku li k\u00ealeka He\u015fd\u00ee \u015eeb\u00ee li dij\u00ee Sunniyan \u015fer bikin?<\/span><\/h3>\n<h3 style=\"text-align: justify\">Helwesta YNK ya li hember Rojava, her \u00e7end ji derve rast xuya bike j\u00ee, bi bingeh\u00een xelet e. P\u00ea\u015f\u00ee, ew nikare bi afirandina dijminatiy\u00ea malbata Barzaniyan, ku yekane h\u00eaza netewey\u00ee ye ku dikare Rojava rizgar bike, t\u00eak bibe. Ji ber v\u00ea yek\u00ea, ew ne micid \u00fb sam\u00eem\u00ee ne. Ya duyem\u00een, YNK, li gor\u00ee ajandeya \u00ceran\u00ea \u00fb \u015e\u00eee tevdigere, \u00fb bi hin pispisa carinan ji Br\u00eetan\u00eeyandibih\u00eezin, bi kiryar\u00ean xwe y\u00ean rojane ve hem\u00ee Kurdan dixe bin metirs\u00eey\u00ea de.<\/h3>\n<h3 style=\"text-align: justify\">YNK \u00ea v\u00eedyoyek we\u015fand \u00fb got, &#8220;Me h\u00eaz\u00ean xwe y\u00ean le\u015fker\u00ee \u015fandin Hesek\u00ea.&#8221; Ev v\u00eedyo \u00fb daxuyaniy\u00ean bi v\u00ee reng\u00ee tene propagande ye \u00fb ji s\u00fbd\u00ea b\u00eatir zirar\u00ea didin Kurdan. Werin em v\u00ea yek\u00ea l\u00eakol\u00een bikin&#8230; Niha, bin\u00earin ka h\u00eaz\u00ean YNK \u00ea \u00e7awa \u00e7\u00fbn Hesek\u00ea? Ew ji dery\u00ea Semalka derbas neb\u00fbn. Ew ji deriyek\u00ee ku ji h\u00eala He\u015fd\u00ee \u015eeb\u00ee ve dihat kontrolkirin derbas b\u00fbn. Werin em v\u00ea yek\u00ea hesab bikin: YNK \u015fir\u00eek\u00ea He\u015fd\u00ee \u015eeb\u00ee ye. He\u015fd\u00ee \u015eeb\u00ee li dij\u00ee Emer\u00eeka ye. Niha j\u00ee li dij\u00ee Ehmed \u015eera ye. Kerk\u00fbk di bin dagirkeriya He\u015fd\u00ee \u015eeb\u00ee \u00fb Iraq\u00ea de ye, l\u00ea He\u015fd\u00ee \u015eeb\u00ee dixwaze YNK bi\u00e7e Hesek\u00ea da ku Kurdan bipar\u00eaze. Gelo YNK li wir li ser nav\u00ea Kurdan e an \u00e7\u00fbye an j\u00ee li ser nav\u00ea He\u015fd\u00ee \u015eeb\u00ee? Niha ku em dib\u00eenin ku fermandar\u00ean He\u015fd\u00ee \u015eeb\u00ee j\u00ee derketine \u00fb dib\u00eajin, &#8220;Em amade ne ku Kurdan bipar\u00eazin,&#8221; gelo heke em bi fikir\u00een ev hem\u00fb tesaduf e? Na\u2026<\/h3>\n<h3 style=\"text-align: justify\">Pi\u015ft\u00ee sala 2012 an, li gel dewlet\u00ean Rojava\u00ee \u00fb \u00ceran\u00ea re li dij\u00ee h\u00eaz\u00ean Sunn\u00ee \u015fer hate kirin. Niha, em \u00ea \u00e7i bikin? Ma em \u00ea n\u00fbke ji Emer\u00eeka \u00fb \u00cesra\u00eel\u00ea bixey\u00eedin \u00fb bi He\u015fd\u00ee \u015eeb\u00ee ya Iraq\u00ea re li dij\u00ee Sunniyan \u015fer bikin? W\u00ea dem\u00ea d\u00ea \u00e7i were ser\u00ea Kurd\u00ean Rojhilat \u00fb \u00ceran\u00ea? Ev pirs bi \u00e7\u00eakirina v\u00eedyoy\u00ean hestyar\u00ee li ser TikTok \u00fb Instagram\u00ea nay\u00ea bersivandin. Ev pirsek stratej\u00eek e. Ev ti\u015ft\u00ea ku j\u00ea re &#8220;Hi\u015fmend\u00eeya Netewey\u00ee ya Kurd&#8221; t\u00ea gotin e. Div\u00ea tevger\u00ean siyas\u00ee y\u00ean Kurd ber\u00ee her ti\u015ft\u00ee deng\u00ean xwe y\u00ean \u00ear\u00ee\u015fkar \u00ean li hember hev b\u00eadeng bikin \u00fb kiryar\u00ean xwe y\u00ean siyas\u00ee rawest\u00eenin. Niha dijminat\u00ee div\u00ea ney\u00ea kirin. Her \u00e7end ne e\u015fkere be j\u00ee, div\u00ea civ\u00eenek hevbe\u015f hebe \u00fb li ser mijar\u00ean bingeh\u00een biryar werin girtin. Div\u00ea Kurd bi aqilmendiya netewey\u00ee biryar\u00ean demdir\u00eaj \u00fb demkurt bidin. M\u00eenak;<\/h3>\n<h3 style=\"text-align: justify\">Div\u00ea her tevgereke siyas\u00ee, bi taybet\u00ee li Ewropay\u00ea, al\u00eegir\u00ean xwe li kolanan bih\u00eale. Div\u00ea Kurd li ser medyaya civak\u00ee \u00e7alakbin. Div\u00ea gel ji bo senaryoya her\u00ee xirab bih\u00ea amadekirin.<\/h3>\n<h3 style=\"text-align: justify\">Ya her\u00ee gir\u00eeng, div\u00ea tevger\u00ean Kurd derkevin \u00fb bi e\u015fkerey\u00ee pi\u015ftgiriya xwe ji bo destp\u00ea\u015fxeriy\u00ean Serok Barzan\u00ee ji bo Rojava ragih\u00eenin, \u00fb diyar bikin ku ew &#8220;n\u00fbnertiya Kurdan dike&#8221;.<\/h3>\n<h3 style=\"text-align: justify\">Div\u00ea rew\u015fa P\u00ea\u015fmergey\u00ean Roj were zelalkirin: T\u00ea ragihandin ku HSD, m\u00eena \u015eam\u00ea, gotiye, &#8220;P\u00ea\u015fmergey\u00ean Roj div\u00ea wek\u00ee takekesan werin, ne wek\u00ee h\u00eazek r\u00eak\u00fbp\u00eak.&#8221; Ev helwesta r\u00eaveberiya Rojava ne rast e. Div\u00ea ew dev ji fikra PKK \u00ea li ser v\u00ea mijar\u00ea berdin.<\/h3>\n<h3 style=\"text-align: justify\">Meseleya \u015fandina h\u00eaz\u00ean le\u015fker\u00ee bo Rojava ne ti\u015ftek e ku bi hestyar\u00ee were biryardan. Ew mijarek bi encam\u00ean cid\u00ee ye \u00fb hewcey\u00ea nirxandina stratej\u00eek e. B\u00eay\u00ee biryarek hevbe\u015f ji part\u00eeyan nay\u00ea kirin.<\/h3>\n<h3 style=\"text-align: justify\">Div\u00ea Kurd siyasetek ji bo parastina berjewendiy\u00ean xwe p\u00ea\u015f bixin, di ser\u00ee de gel\u00ea xwe ji komkujiya f\u00eez\u00eek\u00ee bipar\u00eazin, b\u00eay\u00ee ku bibin dijmin\u00ean her kes\u00ee. Em nikarin di heman dem\u00ea de dijmin\u00ean Tirk, \u00ceran \u00fb \u015e\u00eeeyan bin. Em ji b\u00eer nekin ku em milletek\u00ee dorp\u00ea\u00e7kir\u00ee ne. \u00db ten\u00ea ti\u015ft\u00ea d\u00ea me rizgar bike ew j\u00ee em bi xwe ne, ango hi\u015fmendiya me ya netewey\u00ee ye.<\/h3>\n","protected":false},"excerpt":{"rendered":"<p>Rojavay\u00ea Kurdistan\u00ea di bin \u00ear\u00ee\u015feke mezin de ye. R\u00eaveberiya Rojava ne\u00e7ar ma ku ji be\u015fek mezin a axa xwe \u00fb \u00e7avkaniy\u00ean enerjiy\u00ea y\u00ean ku ew kontrol dikirin veki\u015fe. Her \u00e7end di 20 \u00ea \u00c7ile de agirbestek \u00e7ar roj\u00ee hatibe ragihandin j\u00ee, di dawiya agirbest\u00ea de ronahiyek er\u00ean\u00ee n\u00eene. Ji ber v\u00ea yek\u00ea Rojava d\u00ea \u00e7awa [&hellip;]<\/p>\n","protected":false},"author":2,"featured_media":1051520,"comment_status":"closed","ping_status":"closed","sticky":false,"template":"","format":"standard","meta":{"footnotes":""},"categories":[68],"tags":[37],"class_list":["post-1051519","post","type-post","status-publish","format-standard","has-post-thumbnail","hentry","category-analiz","tag-sereke"],"blocksy_meta":[],"seo_head":"<!-- This site is optimized with the Yoast SEO plugin v27.5 - https:\/\/yoast.com\/product\/yoast-seo-wordpress\/ -->\n<title>Rojava d\u00ea \u00e7awa were rizgarkirin? Div\u00ea Kurd \u00e7i bikin? - Darka Maz\u00ee<\/title>\n<meta name=\"robots\" content=\"index, follow, max-snippet:-1, max-image-preview:large, max-video-preview:-1\" \/>\n<link rel=\"canonical\" href=\"https:\/\/darkamazi.info\/archives\/1051519\" \/>\n<meta property=\"og:locale\" content=\"en_US\" \/>\n<meta property=\"og:type\" content=\"article\" \/>\n<meta property=\"og:title\" content=\"Rojava d\u00ea \u00e7awa were rizgarkirin? Div\u00ea Kurd \u00e7i bikin? - Darka Maz\u00ee\" \/>\n<meta property=\"og:description\" content=\"Rojavay\u00ea Kurdistan\u00ea di bin \u00ear\u00ee\u015feke mezin de ye. R\u00eaveberiya Rojava ne\u00e7ar ma ku ji be\u015fek mezin a axa xwe \u00fb \u00e7avkaniy\u00ean enerjiy\u00ea y\u00ean ku ew kontrol dikirin veki\u015fe. Her \u00e7end di 20 \u00ea \u00c7ile de agirbestek \u00e7ar roj\u00ee hatibe ragihandin j\u00ee, di dawiya agirbest\u00ea de ronahiyek er\u00ean\u00ee n\u00eene. Ji ber v\u00ea yek\u00ea Rojava d\u00ea \u00e7awa [&hellip;]\" \/>\n<meta property=\"og:url\" content=\"https:\/\/darkamazi.info\/archives\/1051519\" \/>\n<meta property=\"og:site_name\" content=\"Darka Maz\u00ee\" \/>\n<meta property=\"article:publisher\" content=\"https:\/\/www.facebook.com\/DarMaziKurmanci\" \/>\n<meta property=\"article:published_time\" content=\"2026-01-24T15:17:14+00:00\" \/>\n<meta property=\"og:image\" content=\"https:\/\/darkamazi.info\/file\/2026\/01\/kurdistan-.jpg\" \/>\n\t<meta property=\"og:image:width\" content=\"900\" \/>\n\t<meta property=\"og:image:height\" content=\"475\" \/>\n\t<meta property=\"og:image:type\" content=\"image\/jpeg\" \/>\n<meta name=\"author\" content=\"darka mazi\" \/>\n<meta name=\"twitter:card\" content=\"summary_large_image\" \/>\n<meta name=\"twitter:creator\" content=\"@DarkaMaziLatini\" \/>\n<meta name=\"twitter:site\" content=\"@DarkaMaziLatini\" \/>\n<meta name=\"twitter:label1\" content=\"Written by\" \/>\n\t<meta name=\"twitter:data1\" content=\"darka mazi\" \/>\n\t<meta name=\"twitter:label2\" content=\"Est. reading time\" \/>\n\t<meta name=\"twitter:data2\" content=\"9 minutes\" \/>\n<script type=\"application\/ld+json\" class=\"seo-schema-graph\">{\"@context\":\"https:\\\/\\\/schema.org\",\"@graph\":[{\"@type\":\"Article\",\"@id\":\"https:\\\/\\\/darkamazi.info\\\/archives\\\/1051519#article\",\"isPartOf\":{\"@id\":\"https:\\\/\\\/darkamazi.info\\\/archives\\\/1051519\"},\"author\":{\"name\":\"darka mazi\",\"@id\":\"https:\\\/\\\/darkamazi.info\\\/#\\\/schema\\\/person\\\/5ad3e24553a0567993fa8ed4bd0a776c\"},\"headline\":\"Rojava d\u00ea \u00e7awa were rizgarkirin? Div\u00ea Kurd \u00e7i bikin?\",\"datePublished\":\"2026-01-24T15:17:14+00:00\",\"mainEntityOfPage\":{\"@id\":\"https:\\\/\\\/darkamazi.info\\\/archives\\\/1051519\"},\"wordCount\":2238,\"publisher\":{\"@id\":\"https:\\\/\\\/darkamazi.info\\\/#organization\"},\"image\":{\"@id\":\"https:\\\/\\\/darkamazi.info\\\/archives\\\/1051519#primaryimage\"},\"thumbnailUrl\":\"https:\\\/\\\/darkamazi.info\\\/darka-content\\\/uploads\\\/2026\\\/01\\\/kurdistan-.jpg\",\"keywords\":[\"sereke\"],\"articleSection\":[\"Anal\u00eez\"],\"inLanguage\":\"en-US\"},{\"@type\":\"WebPage\",\"@id\":\"https:\\\/\\\/darkamazi.info\\\/archives\\\/1051519\",\"url\":\"https:\\\/\\\/darkamazi.info\\\/archives\\\/1051519\",\"name\":\"Rojava d\u00ea \u00e7awa were rizgarkirin? Div\u00ea Kurd \u00e7i bikin? - Darka Maz\u00ee\",\"isPartOf\":{\"@id\":\"https:\\\/\\\/darkamazi.info\\\/#website\"},\"primaryImageOfPage\":{\"@id\":\"https:\\\/\\\/darkamazi.info\\\/archives\\\/1051519#primaryimage\"},\"image\":{\"@id\":\"https:\\\/\\\/darkamazi.info\\\/archives\\\/1051519#primaryimage\"},\"thumbnailUrl\":\"https:\\\/\\\/darkamazi.info\\\/darka-content\\\/uploads\\\/2026\\\/01\\\/kurdistan-.jpg\",\"datePublished\":\"2026-01-24T15:17:14+00:00\",\"breadcrumb\":{\"@id\":\"https:\\\/\\\/darkamazi.info\\\/archives\\\/1051519#breadcrumb\"},\"inLanguage\":\"en-US\",\"potentialAction\":[{\"@type\":\"ReadAction\",\"target\":[\"https:\\\/\\\/darkamazi.info\\\/archives\\\/1051519\"]}]},{\"@type\":\"ImageObject\",\"inLanguage\":\"en-US\",\"@id\":\"https:\\\/\\\/darkamazi.info\\\/archives\\\/1051519#primaryimage\",\"url\":\"https:\\\/\\\/darkamazi.info\\\/darka-content\\\/uploads\\\/2026\\\/01\\\/kurdistan-.jpg\",\"contentUrl\":\"https:\\\/\\\/darkamazi.info\\\/darka-content\\\/uploads\\\/2026\\\/01\\\/kurdistan-.jpg\",\"width\":900,\"height\":475,\"caption\":\"Rojava d\u00ea \u00e7awa were rizgarkirin? Div\u00ea Kurd \u00e7i bikin?\"},{\"@type\":\"BreadcrumbList\",\"@id\":\"https:\\\/\\\/darkamazi.info\\\/archives\\\/1051519#breadcrumb\",\"itemListElement\":[{\"@type\":\"ListItem\",\"position\":1,\"name\":\"Home\",\"item\":\"https:\\\/\\\/darkamazi.info\\\/\"},{\"@type\":\"ListItem\",\"position\":2,\"name\":\"Rojava d\u00ea \u00e7awa were rizgarkirin? Div\u00ea Kurd \u00e7i bikin?\"}]},{\"@type\":\"WebSite\",\"@id\":\"https:\\\/\\\/darkamazi.info\\\/#website\",\"url\":\"https:\\\/\\\/darkamazi.info\\\/\",\"name\":\"Darka Maz\u00ee\",\"description\":\"P\u00eageha Zanyariy\u00ean Nebih\u00eest\u00ee\",\"publisher\":{\"@id\":\"https:\\\/\\\/darkamazi.info\\\/#organization\"},\"potentialAction\":[{\"@type\":\"SearchAction\",\"target\":{\"@type\":\"EntryPoint\",\"urlTemplate\":\"https:\\\/\\\/darkamazi.info\\\/?s={search_term_string}\"},\"query-input\":{\"@type\":\"PropertyValueSpecification\",\"valueRequired\":true,\"valueName\":\"search_term_string\"}}],\"inLanguage\":\"en-US\"},{\"@type\":\"Organization\",\"@id\":\"https:\\\/\\\/darkamazi.info\\\/#organization\",\"name\":\"Darka Maz\u00ee\",\"url\":\"https:\\\/\\\/darkamazi.info\\\/\",\"logo\":{\"@type\":\"ImageObject\",\"inLanguage\":\"en-US\",\"@id\":\"https:\\\/\\\/darkamazi.info\\\/#\\\/schema\\\/logo\\\/image\\\/\",\"url\":\"https:\\\/\\\/darkamazi.info\\\/darka-content\\\/uploads\\\/2017\\\/12\\\/darka-mazi-logo.png\",\"contentUrl\":\"https:\\\/\\\/darkamazi.info\\\/darka-content\\\/uploads\\\/2017\\\/12\\\/darka-mazi-logo.png\",\"width\":151,\"height\":75,\"caption\":\"Darka Maz\u00ee\"},\"image\":{\"@id\":\"https:\\\/\\\/darkamazi.info\\\/#\\\/schema\\\/logo\\\/image\\\/\"},\"sameAs\":[\"https:\\\/\\\/www.facebook.com\\\/DarMaziKurmanci\",\"https:\\\/\\\/x.com\\\/DarkaMaziLatini\",\"https:\\\/\\\/www.instagram.com\\\/darkamazi.kurmanci\\\/\",\"https:\\\/\\\/www.youtube.com\\\/channel\\\/UCa5HkTdmI8U1qCUFuTw8B2g\"]},{\"@type\":\"Person\",\"@id\":\"https:\\\/\\\/darkamazi.info\\\/#\\\/schema\\\/person\\\/5ad3e24553a0567993fa8ed4bd0a776c\",\"name\":\"darka mazi\",\"sameAs\":[\"https:\\\/\\\/darkamazi.info\\\/\"],\"url\":\"https:\\\/\\\/darkamazi.info\\\/archives\\\/author\\\/kurdi\"}]}<\/script>\n<!-- \/ Yoast SEO plugin. -->","seo_head_json":{"title":"Rojava d\u00ea \u00e7awa were rizgarkirin? Div\u00ea Kurd \u00e7i bikin? - Darka Maz\u00ee","robots":{"index":"index","follow":"follow","max-snippet":"max-snippet:-1","max-image-preview":"max-image-preview:large","max-video-preview":"max-video-preview:-1"},"canonical":"https:\/\/darkamazi.info\/archives\/1051519","og_locale":"en_US","og_type":"article","og_title":"Rojava d\u00ea \u00e7awa were rizgarkirin? Div\u00ea Kurd \u00e7i bikin? - Darka Maz\u00ee","og_description":"Rojavay\u00ea Kurdistan\u00ea di bin \u00ear\u00ee\u015feke mezin de ye. R\u00eaveberiya Rojava ne\u00e7ar ma ku ji be\u015fek mezin a axa xwe \u00fb \u00e7avkaniy\u00ean enerjiy\u00ea y\u00ean ku ew kontrol dikirin veki\u015fe. Her \u00e7end di 20 \u00ea \u00c7ile de agirbestek \u00e7ar roj\u00ee hatibe ragihandin j\u00ee, di dawiya agirbest\u00ea de ronahiyek er\u00ean\u00ee n\u00eene. Ji ber v\u00ea yek\u00ea Rojava d\u00ea \u00e7awa [&hellip;]","og_url":"https:\/\/darkamazi.info\/archives\/1051519","og_site_name":"Darka Maz\u00ee","article_publisher":"https:\/\/www.facebook.com\/DarMaziKurmanci","article_published_time":"2026-01-24T15:17:14+00:00","og_image":[{"width":900,"height":475,"url":"https:\/\/darkamazi.info\/file\/2026\/01\/kurdistan-.jpg","type":"image\/jpeg"}],"author":"darka mazi","twitter_card":"summary_large_image","twitter_creator":"@DarkaMaziLatini","twitter_site":"@DarkaMaziLatini","twitter_misc":{"Written by":"darka mazi","Est. reading time":"9 minutes"},"schema":{"@context":"https:\/\/schema.org","@graph":[{"@type":"Article","@id":"https:\/\/darkamazi.info\/archives\/1051519#article","isPartOf":{"@id":"https:\/\/darkamazi.info\/archives\/1051519"},"author":{"name":"darka mazi","@id":"https:\/\/darkamazi.info\/#\/schema\/person\/5ad3e24553a0567993fa8ed4bd0a776c"},"headline":"Rojava d\u00ea \u00e7awa were rizgarkirin? Div\u00ea Kurd \u00e7i bikin?","datePublished":"2026-01-24T15:17:14+00:00","mainEntityOfPage":{"@id":"https:\/\/darkamazi.info\/archives\/1051519"},"wordCount":2238,"publisher":{"@id":"https:\/\/darkamazi.info\/#organization"},"image":{"@id":"https:\/\/darkamazi.info\/archives\/1051519#primaryimage"},"thumbnailUrl":"https:\/\/darkamazi.info\/file\/2026\/01\/kurdistan-.jpg","keywords":["sereke"],"articleSection":["Anal\u00eez"],"inLanguage":"en-US"},{"@type":"WebPage","@id":"https:\/\/darkamazi.info\/archives\/1051519","url":"https:\/\/darkamazi.info\/archives\/1051519","name":"Rojava d\u00ea \u00e7awa were rizgarkirin? Div\u00ea Kurd \u00e7i bikin? - Darka Maz\u00ee","isPartOf":{"@id":"https:\/\/darkamazi.info\/#website"},"primaryImageOfPage":{"@id":"https:\/\/darkamazi.info\/archives\/1051519#primaryimage"},"image":{"@id":"https:\/\/darkamazi.info\/archives\/1051519#primaryimage"},"thumbnailUrl":"https:\/\/darkamazi.info\/file\/2026\/01\/kurdistan-.jpg","datePublished":"2026-01-24T15:17:14+00:00","breadcrumb":{"@id":"https:\/\/darkamazi.info\/archives\/1051519#breadcrumb"},"inLanguage":"en-US","potentialAction":[{"@type":"ReadAction","target":["https:\/\/darkamazi.info\/archives\/1051519"]}]},{"@type":"ImageObject","inLanguage":"en-US","@id":"https:\/\/darkamazi.info\/archives\/1051519#primaryimage","url":"https:\/\/darkamazi.info\/file\/2026\/01\/kurdistan-.jpg","contentUrl":"https:\/\/darkamazi.info\/file\/2026\/01\/kurdistan-.jpg","width":900,"height":475,"caption":"Rojava d\u00ea \u00e7awa were rizgarkirin? Div\u00ea Kurd \u00e7i bikin?"},{"@type":"BreadcrumbList","@id":"https:\/\/darkamazi.info\/archives\/1051519#breadcrumb","itemListElement":[{"@type":"ListItem","position":1,"name":"Home","item":"https:\/\/darkamazi.info\/"},{"@type":"ListItem","position":2,"name":"Rojava d\u00ea \u00e7awa were rizgarkirin? Div\u00ea Kurd \u00e7i bikin?"}]},{"@type":"WebSite","@id":"https:\/\/darkamazi.info\/#website","url":"https:\/\/darkamazi.info\/","name":"Darka Maz\u00ee","description":"P\u00eageha Zanyariy\u00ean Nebih\u00eest\u00ee","publisher":{"@id":"https:\/\/darkamazi.info\/#organization"},"potentialAction":[{"@type":"SearchAction","target":{"@type":"EntryPoint","urlTemplate":"https:\/\/darkamazi.info\/?s={search_term_string}"},"query-input":{"@type":"PropertyValueSpecification","valueRequired":true,"valueName":"search_term_string"}}],"inLanguage":"en-US"},{"@type":"Organization","@id":"https:\/\/darkamazi.info\/#organization","name":"Darka Maz\u00ee","url":"https:\/\/darkamazi.info\/","logo":{"@type":"ImageObject","inLanguage":"en-US","@id":"https:\/\/darkamazi.info\/#\/schema\/logo\/image\/","url":"https:\/\/darkamazi.info\/file\/2017\/12\/darka-mazi-logo.png","contentUrl":"https:\/\/darkamazi.info\/file\/2017\/12\/darka-mazi-logo.png","width":151,"height":75,"caption":"Darka Maz\u00ee"},"image":{"@id":"https:\/\/darkamazi.info\/#\/schema\/logo\/image\/"},"sameAs":["https:\/\/www.facebook.com\/DarMaziKurmanci","https:\/\/x.com\/DarkaMaziLatini","https:\/\/www.instagram.com\/darkamazi.kurmanci\/","https:\/\/www.youtube.com\/channel\/UCa5HkTdmI8U1qCUFuTw8B2g"]},{"@type":"Person","@id":"https:\/\/darkamazi.info\/#\/schema\/person\/5ad3e24553a0567993fa8ed4bd0a776c","name":"darka mazi","sameAs":["https:\/\/darkamazi.info\/"],"url":"https:\/\/darkamazi.info\/archives\/author\/kurdi"}]}},"_links":{"self":[{"href":"https:\/\/darkamazi.info\/funavuv\/wp\/v2\/posts\/1051519","targetHints":{"allow":["GET"]}}],"collection":[{"href":"https:\/\/darkamazi.info\/funavuv\/wp\/v2\/posts"}],"about":[{"href":"https:\/\/darkamazi.info\/funavuv\/wp\/v2\/types\/post"}],"author":[{"embeddable":true,"href":"https:\/\/darkamazi.info\/funavuv\/wp\/v2\/users\/2"}],"replies":[{"embeddable":true,"href":"https:\/\/darkamazi.info\/funavuv\/wp\/v2\/comments?post=1051519"}],"version-history":[{"count":0,"href":"https:\/\/darkamazi.info\/funavuv\/wp\/v2\/posts\/1051519\/revisions"}],"wp:featuredmedia":[{"embeddable":true,"href":"https:\/\/darkamazi.info\/funavuv\/wp\/v2\/media\/1051520"}],"wp:attachment":[{"href":"https:\/\/darkamazi.info\/funavuv\/wp\/v2\/media?parent=1051519"}],"wp:term":[{"taxonomy":"category","embeddable":true,"href":"https:\/\/darkamazi.info\/funavuv\/wp\/v2\/categories?post=1051519"},{"taxonomy":"post_tag","embeddable":true,"href":"https:\/\/darkamazi.info\/funavuv\/wp\/v2\/tags?post=1051519"}],"curies":[{"name":"wp","href":"https:\/\/api.w.org\/{rel}","templated":true}]}}