{"id":1051524,"date":"2026-01-25T11:02:11","date_gmt":"2026-01-25T08:02:11","guid":{"rendered":"https:\/\/darkamazi.info\/?p=1051524"},"modified":"2026-01-25T11:02:11","modified_gmt":"2026-01-25T08:02:11","slug":"bahceli-diyariya-ocalan-bi-xaliceya-asti-u-demokrasiye-bi-nav-kir","status":"publish","type":"post","link":"https:\/\/darkamazi.info\/archives\/1051524","title":{"rendered":"Bah\u00e7el\u00ee d\u00eeyariya Ocalan bi xal\u00ee\u00e7eya A\u015ft\u00ee \u00fb Demokrasiy\u00ea bi nav kir"},"content":{"rendered":"<h3 style=\"text-align: justify\"><span style=\"font-family: 'arial black', sans-serif\">Serok\u00ea MHP\u00ea Devlet Bah\u00e7el\u00ee daxuyaniy\u00ean balk\u00ea\u015f dan. Bah\u00e7el\u00ee der bar\u00ea p\u00eavajoya \u201cTirkiyeya b\u00ea Teror\u201d de ji tv100\u2019\u00ea re ji Den\u00eez G\u00fbrel \u00fb Ba\u015fak \u015eengul re axiv\u00ee \u00fb diyar kir ku serok\u00ea PKK\u2019\u00ea Abdullah Ocalan xal\u00ee\u00e7eyek diyar\u00ee j\u00ea re r\u00eakiriye.<\/span><\/h3>\n<h3 style=\"text-align: justify\">Bah\u00e7el\u00ee got: \u201cDema ku \u015fanda Partiya DEM\u00ea di 12\u00ea Kan\u00fbna P\u00ea\u015f\u00een a 2025an de li Parlamentoy\u00ea serdana me kir, wan xal\u00ee\u00e7eyek ku bi taybet\u00ee ji h\u00eala r\u00eaber\u00ea wan \u00ea damezr\u00eener Abdullah \u00d6calan ve li \u015eanliurfay\u00ea hatiye \u00e7\u00eakirin, p\u00ea\u015fk\u00ea\u015f\u00ee me kir. Ez ji bo dilsoziya w\u00ee ya di derbar\u00ea yek\u00eet\u00ee \u00fb biratiya Tirk \u00fb Kurdan de spasiya w\u00ee dikim.<\/h3>\n<h3 style=\"text-align: justify\">Min ev yek bi k\u00eafxwe\u015f\u00ee p\u00ea\u015fwaz\u00ee kir \u00fb ji \u015fanda m\u00eavan re got: Di \u00e7anda me de, her xal\u00ee\u00e7eyek navek heye, \u00fb ez v\u00ea xal\u00ee\u00e7ey\u00ea wek\u00ee Xal\u00ee\u00e7eya A\u015ft\u00ee \u00fb Demokrasiy\u00ea ya 27\u00ea Sibata 2025an bi nav dikim.\u201d<\/h3>\n","protected":false},"excerpt":{"rendered":"<p>Serok\u00ea MHP\u00ea Devlet Bah\u00e7el\u00ee daxuyaniy\u00ean balk\u00ea\u015f dan. Bah\u00e7el\u00ee der bar\u00ea p\u00eavajoya \u201cTirkiyeya b\u00ea Teror\u201d de ji tv100\u2019\u00ea re ji Den\u00eez G\u00fbrel \u00fb Ba\u015fak \u015eengul re axiv\u00ee \u00fb diyar kir ku serok\u00ea PKK\u2019\u00ea Abdullah Ocalan xal\u00ee\u00e7eyek diyar\u00ee j\u00ea re r\u00eakiriye. Bah\u00e7el\u00ee got: \u201cDema ku \u015fanda Partiya DEM\u00ea di 12\u00ea Kan\u00fbna P\u00ea\u015f\u00een a 2025an de li Parlamentoy\u00ea [&hellip;]<\/p>\n","protected":false},"author":2,"featured_media":1051525,"comment_status":"closed","ping_status":"closed","sticky":false,"template":"","format":"standard","meta":{"footnotes":""},"categories":[29],"tags":[37],"class_list":["post-1051524","post","type-post","status-publish","format-standard","has-post-thumbnail","hentry","category-kurdistan","tag-sereke"],"blocksy_meta":[],"seo_head":"<!-- This site is optimized with the Yoast SEO plugin v27.5 - https:\/\/yoast.com\/product\/yoast-seo-wordpress\/ -->\n<title>Bah\u00e7el\u00ee d\u00eeyariya Ocalan bi xal\u00ee\u00e7eya A\u015ft\u00ee \u00fb Demokrasiy\u00ea bi nav kir - Darka Maz\u00ee<\/title>\n<meta name=\"robots\" content=\"index, follow, max-snippet:-1, max-image-preview:large, max-video-preview:-1\" \/>\n<link rel=\"canonical\" href=\"https:\/\/darkamazi.info\/archives\/1051524\" \/>\n<meta property=\"og:locale\" content=\"en_US\" \/>\n<meta property=\"og:type\" content=\"article\" \/>\n<meta property=\"og:title\" content=\"Bah\u00e7el\u00ee d\u00eeyariya Ocalan bi xal\u00ee\u00e7eya A\u015ft\u00ee \u00fb Demokrasiy\u00ea bi nav kir - Darka Maz\u00ee\" \/>\n<meta property=\"og:description\" content=\"Serok\u00ea MHP\u00ea Devlet Bah\u00e7el\u00ee daxuyaniy\u00ean balk\u00ea\u015f dan. Bah\u00e7el\u00ee der bar\u00ea p\u00eavajoya \u201cTirkiyeya b\u00ea Teror\u201d de ji tv100\u2019\u00ea re ji Den\u00eez G\u00fbrel \u00fb Ba\u015fak \u015eengul re axiv\u00ee \u00fb diyar kir ku serok\u00ea PKK\u2019\u00ea Abdullah Ocalan xal\u00ee\u00e7eyek diyar\u00ee j\u00ea re r\u00eakiriye. Bah\u00e7el\u00ee got: \u201cDema ku \u015fanda Partiya DEM\u00ea di 12\u00ea Kan\u00fbna P\u00ea\u015f\u00een a 2025an de li Parlamentoy\u00ea [&hellip;]\" \/>\n<meta property=\"og:url\" content=\"https:\/\/darkamazi.info\/archives\/1051524\" \/>\n<meta property=\"og:site_name\" content=\"Darka Maz\u00ee\" \/>\n<meta property=\"article:publisher\" content=\"https:\/\/www.facebook.com\/DarMaziKurmanci\" \/>\n<meta property=\"article:published_time\" content=\"2026-01-25T08:02:11+00:00\" \/>\n<meta property=\"og:image\" content=\"https:\/\/darkamazi.info\/file\/2026\/01\/ocalan-bahceli.jpg\" \/>\n\t<meta property=\"og:image:width\" content=\"900\" \/>\n\t<meta property=\"og:image:height\" content=\"497\" \/>\n\t<meta property=\"og:image:type\" content=\"image\/jpeg\" \/>\n<meta name=\"author\" content=\"darka mazi\" \/>\n<meta name=\"twitter:card\" content=\"summary_large_image\" \/>\n<meta name=\"twitter:creator\" content=\"@DarkaMaziLatini\" \/>\n<meta name=\"twitter:site\" content=\"@DarkaMaziLatini\" \/>\n<meta name=\"twitter:label1\" content=\"Written by\" \/>\n\t<meta name=\"twitter:data1\" content=\"darka mazi\" \/>\n\t<meta name=\"twitter:label2\" content=\"Est. reading time\" \/>\n\t<meta name=\"twitter:data2\" content=\"1 minute\" \/>\n<script type=\"application\/ld+json\" class=\"seo-schema-graph\">{\"@context\":\"https:\\\/\\\/schema.org\",\"@graph\":[{\"@type\":\"Article\",\"@id\":\"https:\\\/\\\/darkamazi.info\\\/archives\\\/1051524#article\",\"isPartOf\":{\"@id\":\"https:\\\/\\\/darkamazi.info\\\/archives\\\/1051524\"},\"author\":{\"name\":\"darka mazi\",\"@id\":\"https:\\\/\\\/darkamazi.info\\\/#\\\/schema\\\/person\\\/5ad3e24553a0567993fa8ed4bd0a776c\"},\"headline\":\"Bah\u00e7el\u00ee d\u00eeyariya Ocalan bi xal\u00ee\u00e7eya A\u015ft\u00ee \u00fb Demokrasiy\u00ea bi nav kir\",\"datePublished\":\"2026-01-25T08:02:11+00:00\",\"mainEntityOfPage\":{\"@id\":\"https:\\\/\\\/darkamazi.info\\\/archives\\\/1051524\"},\"wordCount\":163,\"publisher\":{\"@id\":\"https:\\\/\\\/darkamazi.info\\\/#organization\"},\"image\":{\"@id\":\"https:\\\/\\\/darkamazi.info\\\/archives\\\/1051524#primaryimage\"},\"thumbnailUrl\":\"https:\\\/\\\/darkamazi.info\\\/darka-content\\\/uploads\\\/2026\\\/01\\\/ocalan-bahceli.jpg\",\"keywords\":[\"sereke\"],\"articleSection\":[\"Kurdistan\"],\"inLanguage\":\"en-US\"},{\"@type\":\"WebPage\",\"@id\":\"https:\\\/\\\/darkamazi.info\\\/archives\\\/1051524\",\"url\":\"https:\\\/\\\/darkamazi.info\\\/archives\\\/1051524\",\"name\":\"Bah\u00e7el\u00ee d\u00eeyariya Ocalan bi xal\u00ee\u00e7eya A\u015ft\u00ee \u00fb Demokrasiy\u00ea bi nav kir - Darka Maz\u00ee\",\"isPartOf\":{\"@id\":\"https:\\\/\\\/darkamazi.info\\\/#website\"},\"primaryImageOfPage\":{\"@id\":\"https:\\\/\\\/darkamazi.info\\\/archives\\\/1051524#primaryimage\"},\"image\":{\"@id\":\"https:\\\/\\\/darkamazi.info\\\/archives\\\/1051524#primaryimage\"},\"thumbnailUrl\":\"https:\\\/\\\/darkamazi.info\\\/darka-content\\\/uploads\\\/2026\\\/01\\\/ocalan-bahceli.jpg\",\"datePublished\":\"2026-01-25T08:02:11+00:00\",\"breadcrumb\":{\"@id\":\"https:\\\/\\\/darkamazi.info\\\/archives\\\/1051524#breadcrumb\"},\"inLanguage\":\"en-US\",\"potentialAction\":[{\"@type\":\"ReadAction\",\"target\":[\"https:\\\/\\\/darkamazi.info\\\/archives\\\/1051524\"]}]},{\"@type\":\"ImageObject\",\"inLanguage\":\"en-US\",\"@id\":\"https:\\\/\\\/darkamazi.info\\\/archives\\\/1051524#primaryimage\",\"url\":\"https:\\\/\\\/darkamazi.info\\\/darka-content\\\/uploads\\\/2026\\\/01\\\/ocalan-bahceli.jpg\",\"contentUrl\":\"https:\\\/\\\/darkamazi.info\\\/darka-content\\\/uploads\\\/2026\\\/01\\\/ocalan-bahceli.jpg\",\"width\":900,\"height\":497,\"caption\":\"Bah\u00e7el\u00ee d\u00eeyariya Ocalan bi xal\u00ee\u00e7eya A\u015ft\u00ee \u00fb Demokrasiy\u00ea bi nav kir\"},{\"@type\":\"BreadcrumbList\",\"@id\":\"https:\\\/\\\/darkamazi.info\\\/archives\\\/1051524#breadcrumb\",\"itemListElement\":[{\"@type\":\"ListItem\",\"position\":1,\"name\":\"Home\",\"item\":\"https:\\\/\\\/darkamazi.info\\\/\"},{\"@type\":\"ListItem\",\"position\":2,\"name\":\"Bah\u00e7el\u00ee d\u00eeyariya Ocalan bi xal\u00ee\u00e7eya A\u015ft\u00ee \u00fb Demokrasiy\u00ea bi nav kir\"}]},{\"@type\":\"WebSite\",\"@id\":\"https:\\\/\\\/darkamazi.info\\\/#website\",\"url\":\"https:\\\/\\\/darkamazi.info\\\/\",\"name\":\"Darka Maz\u00ee\",\"description\":\"P\u00eageha Zanyariy\u00ean Nebih\u00eest\u00ee\",\"publisher\":{\"@id\":\"https:\\\/\\\/darkamazi.info\\\/#organization\"},\"potentialAction\":[{\"@type\":\"SearchAction\",\"target\":{\"@type\":\"EntryPoint\",\"urlTemplate\":\"https:\\\/\\\/darkamazi.info\\\/?s={search_term_string}\"},\"query-input\":{\"@type\":\"PropertyValueSpecification\",\"valueRequired\":true,\"valueName\":\"search_term_string\"}}],\"inLanguage\":\"en-US\"},{\"@type\":\"Organization\",\"@id\":\"https:\\\/\\\/darkamazi.info\\\/#organization\",\"name\":\"Darka Maz\u00ee\",\"url\":\"https:\\\/\\\/darkamazi.info\\\/\",\"logo\":{\"@type\":\"ImageObject\",\"inLanguage\":\"en-US\",\"@id\":\"https:\\\/\\\/darkamazi.info\\\/#\\\/schema\\\/logo\\\/image\\\/\",\"url\":\"https:\\\/\\\/darkamazi.info\\\/darka-content\\\/uploads\\\/2017\\\/12\\\/darka-mazi-logo.png\",\"contentUrl\":\"https:\\\/\\\/darkamazi.info\\\/darka-content\\\/uploads\\\/2017\\\/12\\\/darka-mazi-logo.png\",\"width\":151,\"height\":75,\"caption\":\"Darka Maz\u00ee\"},\"image\":{\"@id\":\"https:\\\/\\\/darkamazi.info\\\/#\\\/schema\\\/logo\\\/image\\\/\"},\"sameAs\":[\"https:\\\/\\\/www.facebook.com\\\/DarMaziKurmanci\",\"https:\\\/\\\/x.com\\\/DarkaMaziLatini\",\"https:\\\/\\\/www.instagram.com\\\/darkamazi.kurmanci\\\/\",\"https:\\\/\\\/www.youtube.com\\\/channel\\\/UCa5HkTdmI8U1qCUFuTw8B2g\"]},{\"@type\":\"Person\",\"@id\":\"https:\\\/\\\/darkamazi.info\\\/#\\\/schema\\\/person\\\/5ad3e24553a0567993fa8ed4bd0a776c\",\"name\":\"darka mazi\",\"sameAs\":[\"https:\\\/\\\/darkamazi.info\\\/\"],\"url\":\"https:\\\/\\\/darkamazi.info\\\/archives\\\/author\\\/kurdi\"}]}<\/script>\n<!-- \/ Yoast SEO plugin. -->","seo_head_json":{"title":"Bah\u00e7el\u00ee d\u00eeyariya Ocalan bi xal\u00ee\u00e7eya A\u015ft\u00ee \u00fb Demokrasiy\u00ea bi nav kir - Darka Maz\u00ee","robots":{"index":"index","follow":"follow","max-snippet":"max-snippet:-1","max-image-preview":"max-image-preview:large","max-video-preview":"max-video-preview:-1"},"canonical":"https:\/\/darkamazi.info\/archives\/1051524","og_locale":"en_US","og_type":"article","og_title":"Bah\u00e7el\u00ee d\u00eeyariya Ocalan bi xal\u00ee\u00e7eya A\u015ft\u00ee \u00fb Demokrasiy\u00ea bi nav kir - Darka Maz\u00ee","og_description":"Serok\u00ea MHP\u00ea Devlet Bah\u00e7el\u00ee daxuyaniy\u00ean balk\u00ea\u015f dan. Bah\u00e7el\u00ee der bar\u00ea p\u00eavajoya \u201cTirkiyeya b\u00ea Teror\u201d de ji tv100\u2019\u00ea re ji Den\u00eez G\u00fbrel \u00fb Ba\u015fak \u015eengul re axiv\u00ee \u00fb diyar kir ku serok\u00ea PKK\u2019\u00ea Abdullah Ocalan xal\u00ee\u00e7eyek diyar\u00ee j\u00ea re r\u00eakiriye. Bah\u00e7el\u00ee got: \u201cDema ku \u015fanda Partiya DEM\u00ea di 12\u00ea Kan\u00fbna P\u00ea\u015f\u00een a 2025an de li Parlamentoy\u00ea [&hellip;]","og_url":"https:\/\/darkamazi.info\/archives\/1051524","og_site_name":"Darka Maz\u00ee","article_publisher":"https:\/\/www.facebook.com\/DarMaziKurmanci","article_published_time":"2026-01-25T08:02:11+00:00","og_image":[{"width":900,"height":497,"url":"https:\/\/darkamazi.info\/file\/2026\/01\/ocalan-bahceli.jpg","type":"image\/jpeg"}],"author":"darka mazi","twitter_card":"summary_large_image","twitter_creator":"@DarkaMaziLatini","twitter_site":"@DarkaMaziLatini","twitter_misc":{"Written by":"darka mazi","Est. reading time":"1 minute"},"schema":{"@context":"https:\/\/schema.org","@graph":[{"@type":"Article","@id":"https:\/\/darkamazi.info\/archives\/1051524#article","isPartOf":{"@id":"https:\/\/darkamazi.info\/archives\/1051524"},"author":{"name":"darka mazi","@id":"https:\/\/darkamazi.info\/#\/schema\/person\/5ad3e24553a0567993fa8ed4bd0a776c"},"headline":"Bah\u00e7el\u00ee d\u00eeyariya Ocalan bi xal\u00ee\u00e7eya A\u015ft\u00ee \u00fb Demokrasiy\u00ea bi nav kir","datePublished":"2026-01-25T08:02:11+00:00","mainEntityOfPage":{"@id":"https:\/\/darkamazi.info\/archives\/1051524"},"wordCount":163,"publisher":{"@id":"https:\/\/darkamazi.info\/#organization"},"image":{"@id":"https:\/\/darkamazi.info\/archives\/1051524#primaryimage"},"thumbnailUrl":"https:\/\/darkamazi.info\/file\/2026\/01\/ocalan-bahceli.jpg","keywords":["sereke"],"articleSection":["Kurdistan"],"inLanguage":"en-US"},{"@type":"WebPage","@id":"https:\/\/darkamazi.info\/archives\/1051524","url":"https:\/\/darkamazi.info\/archives\/1051524","name":"Bah\u00e7el\u00ee d\u00eeyariya Ocalan bi xal\u00ee\u00e7eya A\u015ft\u00ee \u00fb Demokrasiy\u00ea bi nav kir - Darka Maz\u00ee","isPartOf":{"@id":"https:\/\/darkamazi.info\/#website"},"primaryImageOfPage":{"@id":"https:\/\/darkamazi.info\/archives\/1051524#primaryimage"},"image":{"@id":"https:\/\/darkamazi.info\/archives\/1051524#primaryimage"},"thumbnailUrl":"https:\/\/darkamazi.info\/file\/2026\/01\/ocalan-bahceli.jpg","datePublished":"2026-01-25T08:02:11+00:00","breadcrumb":{"@id":"https:\/\/darkamazi.info\/archives\/1051524#breadcrumb"},"inLanguage":"en-US","potentialAction":[{"@type":"ReadAction","target":["https:\/\/darkamazi.info\/archives\/1051524"]}]},{"@type":"ImageObject","inLanguage":"en-US","@id":"https:\/\/darkamazi.info\/archives\/1051524#primaryimage","url":"https:\/\/darkamazi.info\/file\/2026\/01\/ocalan-bahceli.jpg","contentUrl":"https:\/\/darkamazi.info\/file\/2026\/01\/ocalan-bahceli.jpg","width":900,"height":497,"caption":"Bah\u00e7el\u00ee d\u00eeyariya Ocalan bi xal\u00ee\u00e7eya A\u015ft\u00ee \u00fb Demokrasiy\u00ea bi nav kir"},{"@type":"BreadcrumbList","@id":"https:\/\/darkamazi.info\/archives\/1051524#breadcrumb","itemListElement":[{"@type":"ListItem","position":1,"name":"Home","item":"https:\/\/darkamazi.info\/"},{"@type":"ListItem","position":2,"name":"Bah\u00e7el\u00ee d\u00eeyariya Ocalan bi xal\u00ee\u00e7eya A\u015ft\u00ee \u00fb Demokrasiy\u00ea bi nav kir"}]},{"@type":"WebSite","@id":"https:\/\/darkamazi.info\/#website","url":"https:\/\/darkamazi.info\/","name":"Darka Maz\u00ee","description":"P\u00eageha Zanyariy\u00ean Nebih\u00eest\u00ee","publisher":{"@id":"https:\/\/darkamazi.info\/#organization"},"potentialAction":[{"@type":"SearchAction","target":{"@type":"EntryPoint","urlTemplate":"https:\/\/darkamazi.info\/?s={search_term_string}"},"query-input":{"@type":"PropertyValueSpecification","valueRequired":true,"valueName":"search_term_string"}}],"inLanguage":"en-US"},{"@type":"Organization","@id":"https:\/\/darkamazi.info\/#organization","name":"Darka Maz\u00ee","url":"https:\/\/darkamazi.info\/","logo":{"@type":"ImageObject","inLanguage":"en-US","@id":"https:\/\/darkamazi.info\/#\/schema\/logo\/image\/","url":"https:\/\/darkamazi.info\/file\/2017\/12\/darka-mazi-logo.png","contentUrl":"https:\/\/darkamazi.info\/file\/2017\/12\/darka-mazi-logo.png","width":151,"height":75,"caption":"Darka Maz\u00ee"},"image":{"@id":"https:\/\/darkamazi.info\/#\/schema\/logo\/image\/"},"sameAs":["https:\/\/www.facebook.com\/DarMaziKurmanci","https:\/\/x.com\/DarkaMaziLatini","https:\/\/www.instagram.com\/darkamazi.kurmanci\/","https:\/\/www.youtube.com\/channel\/UCa5HkTdmI8U1qCUFuTw8B2g"]},{"@type":"Person","@id":"https:\/\/darkamazi.info\/#\/schema\/person\/5ad3e24553a0567993fa8ed4bd0a776c","name":"darka mazi","sameAs":["https:\/\/darkamazi.info\/"],"url":"https:\/\/darkamazi.info\/archives\/author\/kurdi"}]}},"_links":{"self":[{"href":"https:\/\/darkamazi.info\/funavuv\/wp\/v2\/posts\/1051524","targetHints":{"allow":["GET"]}}],"collection":[{"href":"https:\/\/darkamazi.info\/funavuv\/wp\/v2\/posts"}],"about":[{"href":"https:\/\/darkamazi.info\/funavuv\/wp\/v2\/types\/post"}],"author":[{"embeddable":true,"href":"https:\/\/darkamazi.info\/funavuv\/wp\/v2\/users\/2"}],"replies":[{"embeddable":true,"href":"https:\/\/darkamazi.info\/funavuv\/wp\/v2\/comments?post=1051524"}],"version-history":[{"count":0,"href":"https:\/\/darkamazi.info\/funavuv\/wp\/v2\/posts\/1051524\/revisions"}],"wp:featuredmedia":[{"embeddable":true,"href":"https:\/\/darkamazi.info\/funavuv\/wp\/v2\/media\/1051525"}],"wp:attachment":[{"href":"https:\/\/darkamazi.info\/funavuv\/wp\/v2\/media?parent=1051524"}],"wp:term":[{"taxonomy":"category","embeddable":true,"href":"https:\/\/darkamazi.info\/funavuv\/wp\/v2\/categories?post=1051524"},{"taxonomy":"post_tag","embeddable":true,"href":"https:\/\/darkamazi.info\/funavuv\/wp\/v2\/tags?post=1051524"}],"curies":[{"name":"wp","href":"https:\/\/api.w.org\/{rel}","templated":true}]}}