{"id":1051527,"date":"2026-01-25T12:48:02","date_gmt":"2026-01-25T09:48:02","guid":{"rendered":"https:\/\/darkamazi.info\/?p=1051527"},"modified":"2026-01-25T12:48:02","modified_gmt":"2026-01-25T09:48:02","slug":"qedera-roavaye-kurdistane-ji-deste-kurdan-derdikeve","status":"publish","type":"post","link":"https:\/\/darkamazi.info\/archives\/1051527","title":{"rendered":"Qedera Roavay\u00ea Kurdistan\u00ea Ji Dest\u00ea Kurdan Derdikeve!"},"content":{"rendered":"<h3 style=\"text-align: justify\"><span style=\"font-family: 'arial black', sans-serif\">Bi l\u00eestik \u00fb zordar\u00eey\u00ean li ser Roavay\u00ea Kurdistan\u00ea, di van dem\u00ean daw\u00ee de, bi p\u00ea\u015fengiya <strong>Tom Barrack<\/strong> \u00fb tifaqa bi dewleta tirkan re, ber bi daw\u00eean\u00eena de facto ya otonomiya kurdan ve di\u00e7in.<\/span><\/h3>\n<h3 style=\"text-align: justify\">Ez dixwazim v\u00ea anal\u00eez\u00ea, li gor\u00ee p\u00ea\u015fve\u00e7\u00fbn\u00ean daw\u00ee (bi taybet\u00ee y\u00ean di \u00c7ileya <strong>2026<\/strong>&#8216;an de) bi we re p\u00eak b\u00eenim \u00fb parve bikim. Wek\u00ee ku em dizanin, rola <strong>Tom Barrack<\/strong>, terikandina<strong> HSD<\/strong>&#8216;\u00ea (H\u00eaz\u00ean S\u00fbriyye y\u00ean Demokrat\u00eek) ji aliy\u00ea <strong>DYE<\/strong>&#8216;y\u00ea ve, p\u00ea\u015fengiya r\u00eaveberiya n\u00fb ya De fakto li <strong>\u015eam\u00ea<\/strong> (Ahmed al-Sharaa bi esl\u00ea xwe y\u00ea HT\u015e&#8217;\u00ea), radestkirina \u00e7avkaniy\u00ean stratej\u00eek ji dewleta navend\u00ee re, xwezaya rast\u00een a entegrasyona le\u015fker\u00ee \u00fb z\u00eadeb\u00fbna metirsiy\u00ean ewlehiy\u00ea ye.<\/h3>\n<h3 style=\"text-align: justify\"><strong>Tom Barrack<\/strong>, wek\u00ee Balyoz\u00ea DYE&#8217;y\u00ea y\u00ea Tirkiy\u00ea \u00fb N\u00fbner\u00ea Taybet \u00ea S\u00fbriy\u00ea, di p\u00eavajoya hilwe\u015fandin\u00ea de daxwaz\u00ean dewleta tirk rasterast n\u00ee\u015fan dide \u00fb h\u00easan dike. <strong>Barrack,<\/strong> bi ragihandina ku rola HSD, ya li dij\u00ee <strong>DA\u00ce\u015e<\/strong>&#8216;\u00ea <strong><em>&#8220;bi piran\u00ee bi daw\u00ee b\u00fbye&#8221;<\/em><\/strong>, entegrasyona h\u00eaz\u00ean kurdan bo \u015eam\u00ea wek\u00ee <strong><em>&#8220;firsata her\u00ee mezin ji bo kurdan&#8221;<\/em><\/strong>(!) p\u00ea\u015fk\u00ea\u015f dike \u2013 ev gotin, algoriya Tirkiy\u00ea ya demdir\u00eaj a <strong><em>&#8220;dir\u00eajkirina PKK&#8217;\u00ea&#8221; <\/em><\/strong>\u00fb tasfiyeya struktura de facto ya kurdan bi temam\u00ee pi\u015ftgir\u00ee dike. Pi\u015ft\u00ee hevd\u00eetin\u00ean pir caran bi Enqerey\u00ea re (m\u00eenak, hevd\u00eetin\u00ean bi <strong>Hakan Fidan<\/strong> re), dema ku agirbest \u00fb peyman\u00ean entegrasyon\u00ea di navbeynkar\u00ee de dike, riya daxwaz\u00ean wek\u00ee radestkirina \u00e7avkaniy\u00ean stratej\u00eek (<strong>neft, dergeh\u00ean s\u00eenor, balafirgeh<\/strong>) ji hik\u00fbmeta navend\u00ee re \u00fb entegrasyona kesane ya <strong>HSD<\/strong>&#8216;\u00ea bo art\u00ea\u015fa S\u00fbriy\u00ea vedike. Li gor\u00ee n\u00fb\u00e7ey\u00ean ji her\u00eam\u00ea \u00fb hin stratejist\u00ean her\u00eam\u00ee, <strong>Barrack<\/strong>, ji bo rastkirina t\u00eakiliy\u00ean <strong>DYE-Tirkiy\u00ea<\/strong>, r\u00eaveberiya de facto ya kurdan dike qurban \u00fb h\u00eaza dewleta <strong>tirk<\/strong> li S\u00fbriy\u00ea xurt dike; ev j\u00ee dibe yek ji m\u00eemar\u00ean sereke y\u00ean hilwe\u015fandina ku dawiya fi\u00eel\u00ee ya Roavay\u00ea Kurdistan\u00ea bi xwe re t\u00eene. <strong>Barrack<\/strong>, b\u00fbye kesayeta kil\u00eet a ku pol\u00eet\u00eekaya tasfiye ya kurdan ya dewleta tirk di bin nav\u00ea <strong><em>&#8220;\u015fer\u00ea li dij\u00ee teror\u00ea&#8221;<\/em><\/strong> de bi riya <strong>DYE&#8217;<\/strong>y\u00ea me\u015fr\u00fb dike \u00fb p\u00eak t\u00eene.<\/h3>\n<ol>\n<li>\n<h3><strong>\u00c7ar\u00e7oveya Muzakereyan:<\/strong><\/h3>\n<\/li>\n<\/ol>\n<h3 style=\"text-align: justify\"><strong>Ji Peymana \u00c7ar\u00e7ovey\u00ea bo Agirbest \u00fb Tesl\u00eemiyet\u00ea!<\/strong><\/h3>\n<h3 style=\"text-align: justify\">P\u00eavajoya navbeynkar\u00ee ya <strong>Tom Barrack,<\/strong> ji mutabakata \u00e7ar\u00e7ovey\u00ea ya Adara <strong>2025<\/strong>an bo peymana agirbest\u00ea ya <strong>14<\/strong> xal\u00ee ya \u00c7ileya <strong>2026<\/strong>an p\u00ea\u015f ket. Ev peyman, her\u00eam\u00ean di bin kontrola <strong>HSD<\/strong>&#8216;\u00ea de bi ferm\u00ee wek\u00ee be\u015fek ji dewleta S\u00fbriy\u00ea dim\u00eenin; l\u00eabel\u00ea, ev pir ron\u00ee diyar dike ku ji bona kurdan stat\u00fbya otonomiya siyas\u00ee an federasyon\u00ea nay\u00ea nas\u00een. Di r\u00eaveberiya her\u00eam\u00ee de t\u00ea gotin ku Kurd wek\u00ee <strong><em>&#8220;karmend\u00ean dewleta S\u00fbriy\u00ea&#8221;<\/em><\/strong> xwed\u00ee gotin\u00ea bin.<\/h3>\n<h3 style=\"text-align: justify\">Ev, bi rast\u00ee t\u00ea wateya dawiya otonomiya de facto. \u00c7avkaniy\u00ean stratej\u00eek \u00fb abor\u00ee: R\u00eaveberiya dergeh\u00ean s\u00eenor, zeviy\u00ean neft\u00ea, bendav \u00fb balafirgeh\u00ean wek\u00ee xal\u00ean kr\u00eet\u00eek bo \u015eam\u00ea t\u00ea radestkirin.<\/h3>\n<h3 style=\"text-align: justify\">Karmend\u00ean Kurd ten\u00ea di rol\u00ean \u00e7avd\u00eariy\u00ea de (wek\u00ee karmend\u00ean dewlet\u00ea) t\u00eane hildan; dahat \u00fb maf\u00ea tasarruf\u00ea bi temam\u00ee ya hik\u00fbmeta navend\u00ee ye. Ev, serxweb\u00fbna abor\u00ee ya Roavay\u00ea Kurdistan\u00ea ji hol\u00ea radike \u00fb \u00e7avkaniyan ji her\u00eam\u00ean kurdan derdixe \u00fb dide dest\u00ea dewleta S\u00fbriy\u00ea!<\/h3>\n<h3 style=\"text-align: justify\"><strong>Entegrasyona le\u015fker\u00ee:<\/strong><\/h3>\n<h3 style=\"text-align: justify\">Tesl\u00eemiyeta \u015fervan\u00ean <strong>HSD<\/strong>&#8216;\u00ea wek\u00ee <strong><em>&#8220;struktura kom\u00ee&#8221; <\/em><\/strong>ne, l\u00eabel\u00ea bi away\u00ea kesane bo art\u00ea\u015fa S\u00fbriy\u00ea t\u00ea day\u00een -ev, wek\u00ee <strong><em>&#8220;xeta sor&#8221;<\/em><\/strong> dihate n\u00ee\u015fandan. Peyman dib\u00eaje ku <strong>HSD<\/strong> d\u00ea wek\u00ee <strong><em>\u201cs\u00ea firqa\u201d<\/em><\/strong> cuda ji n\u00fb ve were organ\u00eezekirin \u00fb di bin fermandariya efser\u00ean Kurd de bim\u00eene. L\u00eabel\u00ea ew d\u00ea di bin zinc\u00eera fermandariya Art\u00ea\u015fa Ereb a S\u00fbriy\u00ea de bin. Ev, modeleke m\u00eena kota kurdan a li Iraq\u00ea ye: Art\u00ea\u015f wek\u00ee <strong><em>&#8220;art\u00ea\u015fa Iraq\u00ea&#8221;<\/em><\/strong> dim\u00eene, Kurd di kota de t\u00eane tems\u00eelkirin, l\u00ea art\u00ea\u015feke serbixwe ya Kurd nam\u00eene. L\u00eabel\u00ea, ezm\u00fbna Ba\u015f\u00fbr\u00ea Kurdistan\u00ea li p\u00ea\u015fber\u00ee me ye; herwiha h\u00eaza federasyon\u00ea ya ku em j\u00ea re dib\u00eajin <strong><em>\u201cart\u00ea\u015fa P\u00ea\u015fmerge\u201d<\/em><\/strong> heye. W\u00ea li Roavay\u00ea Kurdistan\u00ea daxwazek wilo nebe. Her \u00e7iqas yekpareb\u00fbna hundir\u00een a <strong>HSD<\/strong>&#8216;\u00ea xuya bike ku t\u00ea parastin j\u00ee, -bi rast\u00ee tesl\u00eemiyeta bo art\u00ea\u015fa S\u00fbriy\u00ea t\u00eat programkirin. Gotina <strong><em>&#8220;entegrasyon&#8221;<\/em><\/strong> li vir wek\u00ee am\u00fbreke xapandina bi zaneb\u00fbn t\u00ea bikaran\u00een. Di pa\u015f v\u00ea daxwaz\u00ea de, dewleta tirk bi demdir\u00eaj bi kanala <strong><em>Abdullah Ocalan<\/em><\/strong> re daye \u00fb bi nameyan, telekonferansan, hevd\u00eetinan bi kadroy\u00ean Apoc\u00ee re zor\u00ean manew\u00ee dide \u00fb daye! Daxuya <strong>Barrack<\/strong> (rola <strong>HSD<\/strong>&#8216;\u00ea ya li dij\u00ee <strong>DA\u00ce\u015e<\/strong>&#8216;\u00ea <strong><em>&#8220;miad\u00ea xwe temam kiriye&#8221;<\/em><\/strong>, firsata her\u00ee mezin a kurdan entegrasyona \u015eam\u00ea ye) n\u00ee\u015fan dide ku <strong>DYE,<\/strong> <strong>HSD<\/strong>&#8216;\u00ea terk dike \u00fb daxwaz\u00ean Tirkiy\u00ea bi awayek\u00ee rasterast pi\u015ftgir\u00ee dike.<\/h3>\n<h3 style=\"text-align: justify\"><strong>2-Metirsiy\u00ean Ewlehiy\u00ea:<\/strong><\/h3>\n<h3 style=\"text-align: justify\"><strong>HT\u015e, Bermahiy\u00ean DA\u00ce\u015e&#8217;\u00ea \u00fb P\u00eala \u00car\u00ee\u015f\u00ean N\u00fb!<\/strong><\/h3>\n<h3 style=\"text-align: justify\">\u00car\u00ee\u015f\u00ean li her\u00eam\u00ea ne <strong><em>&#8220;\u015fer\u00ea kurd-ereb&#8221;<\/em><\/strong> e; em li hember tevgeriyeke m\u00eena <strong>DA\u00ce\u015e<\/strong>&#8216;\u00ea ya ku di bin nav\u00ea <strong>HT\u015e<\/strong>&#8216;\u00ea (Hayat Tahrir al-Sham) de ji n\u00fb ve organ\u00eeze b\u00fbye ne. Tehd\u00eed\u00ean \u00ear\u00ee\u015f\u00ean h\u00eaz\u00ean param\u00eel\u00eeter \u00ean tirk \u00fb e\u015f\u00eer\u00ean ereban ku ber\u00ea bi DA\u00ce\u015e re, -ku d\u00fbr\u00ea ketin nav tifaka HSD\u00ea-, z\u00eade dibin.<\/h3>\n<h3 style=\"text-align: justify\"><strong>Firar\u00eey\u00ean DAI\u015e&#8217;\u00ea \u00fb hucrey\u00ean razay\u00ee:<\/strong><\/h3>\n<h3 style=\"text-align: justify\">Raport\u00ean firar\u00eey\u00ean endam\u00ean <strong>DA\u00ce\u015e<\/strong>&#8216;\u00ea ji kamp\u00ean wek\u00ee <strong>Al-Hol, girt\u00eegeha \u015eaddad\u00ee <\/strong>t\u00eane (di \u00c7ileya 2026&#8217;an de bi sedan firar). binkey\u00ean razay\u00ee, bi \u015fax\u00ean <strong>HT\u015e<\/strong>&#8216;\u00ea re yek dibin \u00fb amadekariya komkujiy\u00ean n\u00fb dikin. Ev metirs\u00ee ten\u00ea bi Rojavay\u00ea Kurdistan\u00ea s\u00eenordar n\u00eene; Iraq \u00fb Ba\u015f\u00fbr\u00ea Kurdistan\u00ea j\u00ee tehd\u00eet dike.<\/h3>\n<h3 style=\"text-align: justify\"><strong>Rola HT\u015e&#8217;\u00ea<\/strong>:<\/h3>\n<h3 style=\"text-align: justify\">R\u00eaveberiya <strong>HT\u015e<\/strong>&#8216;\u00ea ya Ahmed al-Sharaa, her \u00e7iqas gotin\u00ean li dij\u00ee <strong>DA\u00ce\u015e<\/strong>&#8216;\u00ea b\u00eaje j\u00ee, di prat\u00eek\u00ea de uns\u00fbr\u00ean rad\u00eekal dihew\u00eene. \u00car\u00ee\u015f, ji bo lawazkirina <strong>HSD<\/strong>&#8216;\u00ea \u00fb <strong><em>\u201clezkirina entegrasyon\u00ea\u201d<\/em><\/strong> t\u00eane bikaran\u00een. Agirbest\u00ean 4-roj\u00ee li zeviy\u00ea nay\u00ean parastin; li her\u00eam\u00ean wek\u00ee <strong>Hesek\u00ea, Reqqa, Tebqa<\/strong> \u00fb <strong>Koban\u00ea <\/strong>dorp\u00ea\u00e7 \u00fb \u015fer berdewam in.<\/h3>\n<h3 style=\"text-align: justify\"><strong>3-Nirxandina Gi\u015ft\u00ee \u00fb Encam!<\/strong><\/h3>\n<h3 style=\"text-align: justify\">Ev p\u00eavajo, demeke ku qedera Roavay\u00ea Kurdistan\u00ea ji dest\u00ea kurdan derdixe n\u00ee\u015fan dide:<\/h3>\n<h3 style=\"text-align: justify\">-Otonomiya siyas\u00ee \u00fb \u00eedar\u00ee ya de facto bi daw\u00ee dibe.<\/h3>\n<h3 style=\"text-align: justify\">-\u00c7avkaniy\u00ean abor\u00ee bo dewleta navend\u00ee t\u00eane veguhestin.<\/h3>\n<h3 style=\"text-align: justify\">-H\u00eaza le\u015fker\u00ee serxweb\u00fbna xwe winda dike, bo art\u00ea\u015fa S\u00fbriy\u00ea t\u00ea tesl\u00eemkirin.<\/h3>\n<h3 style=\"text-align: justify\">-Metirsiy\u00ean ewlehiy\u00ea (HT\u015e + bermahiy\u00ean DA\u00ce\u015e&#8217;\u00ea + kom\u00ean bi pi\u015ftgiriya paramil\u00eeter\u00ean devleta tirk) z\u00eade dibin \u00fb metirsiya komkujiy\u00ean n\u00fb mezin dibe.<\/h3>\n<h3 style=\"text-align: justify\">Tercihkirina <strong>HSD<\/strong>&#8216;\u00ea wek\u00ee <strong><em>&#8220;hevkar\u00ea d\u00eerok\u00ee&#8221;<\/em><\/strong> ji aliy\u00ea <strong>DYE<\/strong>&#8216;y\u00ea ve (bi riya Barrack), hat redkirin \u00fb niha terc\u00eehkirina \u015eam\u00ea, bi zor\u00ean Tirkiy\u00ea \u00fb veguhertina pragmat\u00eek a <strong>HT\u015e<\/strong>&#8216;\u00ea re t\u00eakildar dibe; ji bo kurdan bi nav\u00ea<strong><em> &#8220;entegrasyon&#8221;<\/em><\/strong>\u00ea tesl\u00eemiyet t\u00ea day\u00een. Ev, di demdir\u00eaj de hem\u00fb qezenc\u00ean siyas\u00ee y\u00ean muhtemel \u00ean Roavay\u00ea Kurdistan\u00ea dixe metirsiy\u00ea \u00fb ji bo ji n\u00fb ve zind\u00eeb\u00fbna <strong>DA\u00ce\u015e<\/strong>&#8216;\u00ea li her\u00eam\u00ea zem\u00een amade dike.<\/h3>\n<h3 style=\"text-align: justify\"><strong>Riya her\u00ee rast\u00een ji bo kurdan<\/strong>:<\/h3>\n<h3 style=\"text-align: justify\">Avakirina t\u00eakil\u00eey\u00ean navnetewey\u00ee (bi taybet\u00ee ji <strong>DYE<\/strong> \u00fb <strong>Ewropay\u00ea<\/strong>), tasfiyeya bi temam\u00ee ya PKK&#8217;\u00ea ji her\u00eam\u00ea \u00fb yek\u00eetiya hundir\u00een (di navbera kom\u00ean kurdan \u00ean cuda de) \u00fb xurtkirina tedb\u00eer\u00ean ewlehiy\u00ea, p\u00ea\u015fwaz\u00eekirina <strong>P\u00ea\u015fmerg\u00ean Roj <\/strong>\u00a0ji bo parastina axa xwe, be\u015fdarb\u00fbna di parastina her\u00eam\u00ea de. L\u00eabel\u00ea di d\u00eenam\u00eek\u00ean hey\u00ee de hevseng\u00ee di eksena <strong>Tirkiye-\u015eam-DYE<\/strong> de dizivire \u00fb ev, stat\u00fbya serbixwe ya Rojavay\u00ea Kurdistan\u00ea bi piran\u00ee bi daw\u00ee t\u00eene.<\/h3>\n<h3 style=\"text-align: justify\">Div\u00ea Kurd bandorek mezin a lob\u00eeyan li ser <strong>Kongreya Emer\u00eeka<\/strong> \u00e7\u00eabikin \u00fb dost\u00ean xwe t\u00eaxin dewr\u00ea. Ji bo p\u00ea\u015f\u00eel\u00eagirtina v\u00ea, avakirina pi\u015ftgir\u00eeyek xurt li pi\u015ft Kak Mes\u00fbd Barzan\u00ee -ku wek\u00ee p\u00ea\u015fmergeyek\u00ee h\u00eaja- di t\u00eakiliy\u00ean d\u00eeplomat\u00eek \u00ean li Ewropay\u00ea de, gavek gir\u00eeng a avakirina bingehek jiyan\u00ee ye ji milet\u00ea Kurd re. Div\u00ea ev kar ney\u00ea hi\u015ftin bo PKK\u00ea \u00fb h\u00eaz\u00ean param\u00eel\u00eeter \u00ean dewleta tirk \u00ean di bin fermana w\u00ea de \u00fb \u00e7apemeniya w\u00ea.<\/h3>\n<h3 style=\"text-align: justify\">\u015eeyhmus Ozzengin\/23.01.2026<\/h3>\n","protected":false},"excerpt":{"rendered":"<p>Bi l\u00eestik \u00fb zordar\u00eey\u00ean li ser Roavay\u00ea Kurdistan\u00ea, di van dem\u00ean daw\u00ee de, bi p\u00ea\u015fengiya Tom Barrack \u00fb tifaqa bi dewleta tirkan re, ber bi daw\u00eean\u00eena de facto ya otonomiya kurdan ve di\u00e7in. Ez dixwazim v\u00ea anal\u00eez\u00ea, li gor\u00ee p\u00ea\u015fve\u00e7\u00fbn\u00ean daw\u00ee (bi taybet\u00ee y\u00ean di \u00c7ileya 2026&#8216;an de) bi we re p\u00eak b\u00eenim \u00fb parve [&hellip;]<\/p>\n","protected":false},"author":2,"featured_media":1051472,"comment_status":"closed","ping_status":"closed","sticky":false,"template":"","format":"standard","meta":{"footnotes":""},"categories":[28],"tags":[37],"class_list":["post-1051527","post","type-post","status-publish","format-standard","has-post-thumbnail","hentry","category-nerin","tag-sereke"],"blocksy_meta":[],"seo_head":"<!-- This site is optimized with the Yoast SEO plugin v27.5 - https:\/\/yoast.com\/product\/yoast-seo-wordpress\/ -->\n<title>Qedera Roavay\u00ea Kurdistan\u00ea Ji Dest\u00ea Kurdan Derdikeve! - Darka Maz\u00ee<\/title>\n<meta name=\"robots\" content=\"index, follow, max-snippet:-1, max-image-preview:large, max-video-preview:-1\" \/>\n<link rel=\"canonical\" href=\"https:\/\/darkamazi.info\/archives\/1051527\" \/>\n<meta property=\"og:locale\" content=\"en_US\" \/>\n<meta property=\"og:type\" content=\"article\" \/>\n<meta property=\"og:title\" content=\"Qedera Roavay\u00ea Kurdistan\u00ea Ji Dest\u00ea Kurdan Derdikeve! - Darka Maz\u00ee\" \/>\n<meta property=\"og:description\" content=\"Bi l\u00eestik \u00fb zordar\u00eey\u00ean li ser Roavay\u00ea Kurdistan\u00ea, di van dem\u00ean daw\u00ee de, bi p\u00ea\u015fengiya Tom Barrack \u00fb tifaqa bi dewleta tirkan re, ber bi daw\u00eean\u00eena de facto ya otonomiya kurdan ve di\u00e7in. Ez dixwazim v\u00ea anal\u00eez\u00ea, li gor\u00ee p\u00ea\u015fve\u00e7\u00fbn\u00ean daw\u00ee (bi taybet\u00ee y\u00ean di \u00c7ileya 2026&#8216;an de) bi we re p\u00eak b\u00eenim \u00fb parve [&hellip;]\" \/>\n<meta property=\"og:url\" content=\"https:\/\/darkamazi.info\/archives\/1051527\" \/>\n<meta property=\"og:site_name\" content=\"Darka Maz\u00ee\" \/>\n<meta property=\"article:publisher\" content=\"https:\/\/www.facebook.com\/DarMaziKurmanci\" \/>\n<meta property=\"article:published_time\" content=\"2026-01-25T09:48:02+00:00\" \/>\n<meta property=\"og:image\" content=\"https:\/\/darkamazi.info\/file\/2026\/01\/sheyhmus-ozengin.jpg\" \/>\n\t<meta property=\"og:image:width\" content=\"900\" \/>\n\t<meta property=\"og:image:height\" content=\"475\" \/>\n\t<meta property=\"og:image:type\" content=\"image\/jpeg\" \/>\n<meta name=\"author\" content=\"darka mazi\" \/>\n<meta name=\"twitter:card\" content=\"summary_large_image\" \/>\n<meta name=\"twitter:creator\" content=\"@DarkaMaziLatini\" \/>\n<meta name=\"twitter:site\" content=\"@DarkaMaziLatini\" \/>\n<meta name=\"twitter:label1\" content=\"Written by\" \/>\n\t<meta name=\"twitter:data1\" content=\"darka mazi\" \/>\n\t<meta name=\"twitter:label2\" content=\"Est. reading time\" \/>\n\t<meta name=\"twitter:data2\" content=\"6 minutes\" \/>\n<script type=\"application\/ld+json\" class=\"seo-schema-graph\">{\"@context\":\"https:\\\/\\\/schema.org\",\"@graph\":[{\"@type\":\"Article\",\"@id\":\"https:\\\/\\\/darkamazi.info\\\/archives\\\/1051527#article\",\"isPartOf\":{\"@id\":\"https:\\\/\\\/darkamazi.info\\\/archives\\\/1051527\"},\"author\":{\"name\":\"darka mazi\",\"@id\":\"https:\\\/\\\/darkamazi.info\\\/#\\\/schema\\\/person\\\/5ad3e24553a0567993fa8ed4bd0a776c\"},\"headline\":\"Qedera Roavay\u00ea Kurdistan\u00ea Ji Dest\u00ea Kurdan Derdikeve!\",\"datePublished\":\"2026-01-25T09:48:02+00:00\",\"mainEntityOfPage\":{\"@id\":\"https:\\\/\\\/darkamazi.info\\\/archives\\\/1051527\"},\"wordCount\":1358,\"publisher\":{\"@id\":\"https:\\\/\\\/darkamazi.info\\\/#organization\"},\"image\":{\"@id\":\"https:\\\/\\\/darkamazi.info\\\/archives\\\/1051527#primaryimage\"},\"thumbnailUrl\":\"https:\\\/\\\/darkamazi.info\\\/darka-content\\\/uploads\\\/2026\\\/01\\\/sheyhmus-ozengin.jpg\",\"keywords\":[\"sereke\"],\"articleSection\":[\"Ner\u00een\"],\"inLanguage\":\"en-US\"},{\"@type\":\"WebPage\",\"@id\":\"https:\\\/\\\/darkamazi.info\\\/archives\\\/1051527\",\"url\":\"https:\\\/\\\/darkamazi.info\\\/archives\\\/1051527\",\"name\":\"Qedera Roavay\u00ea Kurdistan\u00ea Ji Dest\u00ea Kurdan Derdikeve! - Darka Maz\u00ee\",\"isPartOf\":{\"@id\":\"https:\\\/\\\/darkamazi.info\\\/#website\"},\"primaryImageOfPage\":{\"@id\":\"https:\\\/\\\/darkamazi.info\\\/archives\\\/1051527#primaryimage\"},\"image\":{\"@id\":\"https:\\\/\\\/darkamazi.info\\\/archives\\\/1051527#primaryimage\"},\"thumbnailUrl\":\"https:\\\/\\\/darkamazi.info\\\/darka-content\\\/uploads\\\/2026\\\/01\\\/sheyhmus-ozengin.jpg\",\"datePublished\":\"2026-01-25T09:48:02+00:00\",\"breadcrumb\":{\"@id\":\"https:\\\/\\\/darkamazi.info\\\/archives\\\/1051527#breadcrumb\"},\"inLanguage\":\"en-US\",\"potentialAction\":[{\"@type\":\"ReadAction\",\"target\":[\"https:\\\/\\\/darkamazi.info\\\/archives\\\/1051527\"]}]},{\"@type\":\"ImageObject\",\"inLanguage\":\"en-US\",\"@id\":\"https:\\\/\\\/darkamazi.info\\\/archives\\\/1051527#primaryimage\",\"url\":\"https:\\\/\\\/darkamazi.info\\\/darka-content\\\/uploads\\\/2026\\\/01\\\/sheyhmus-ozengin.jpg\",\"contentUrl\":\"https:\\\/\\\/darkamazi.info\\\/darka-content\\\/uploads\\\/2026\\\/01\\\/sheyhmus-ozengin.jpg\",\"width\":900,\"height\":475,\"caption\":\"Li S\u00fbriy\u00ea Peymana Agirbest\u00ea yaQedera Roavay\u00ea Kurdistan\u00ea Ji Dest\u00ea Kurdan Derdikeve!18\u00ea \u00c7ileya 2026\u2019an: PKK\u2019\u00ea \u00cexaneta Her\u00ee Giran li milet\u00ea Kurd Kir!\"},{\"@type\":\"BreadcrumbList\",\"@id\":\"https:\\\/\\\/darkamazi.info\\\/archives\\\/1051527#breadcrumb\",\"itemListElement\":[{\"@type\":\"ListItem\",\"position\":1,\"name\":\"Home\",\"item\":\"https:\\\/\\\/darkamazi.info\\\/\"},{\"@type\":\"ListItem\",\"position\":2,\"name\":\"Qedera Roavay\u00ea Kurdistan\u00ea Ji Dest\u00ea Kurdan Derdikeve!\"}]},{\"@type\":\"WebSite\",\"@id\":\"https:\\\/\\\/darkamazi.info\\\/#website\",\"url\":\"https:\\\/\\\/darkamazi.info\\\/\",\"name\":\"Darka Maz\u00ee\",\"description\":\"P\u00eageha Zanyariy\u00ean Nebih\u00eest\u00ee\",\"publisher\":{\"@id\":\"https:\\\/\\\/darkamazi.info\\\/#organization\"},\"potentialAction\":[{\"@type\":\"SearchAction\",\"target\":{\"@type\":\"EntryPoint\",\"urlTemplate\":\"https:\\\/\\\/darkamazi.info\\\/?s={search_term_string}\"},\"query-input\":{\"@type\":\"PropertyValueSpecification\",\"valueRequired\":true,\"valueName\":\"search_term_string\"}}],\"inLanguage\":\"en-US\"},{\"@type\":\"Organization\",\"@id\":\"https:\\\/\\\/darkamazi.info\\\/#organization\",\"name\":\"Darka Maz\u00ee\",\"url\":\"https:\\\/\\\/darkamazi.info\\\/\",\"logo\":{\"@type\":\"ImageObject\",\"inLanguage\":\"en-US\",\"@id\":\"https:\\\/\\\/darkamazi.info\\\/#\\\/schema\\\/logo\\\/image\\\/\",\"url\":\"https:\\\/\\\/darkamazi.info\\\/darka-content\\\/uploads\\\/2017\\\/12\\\/darka-mazi-logo.png\",\"contentUrl\":\"https:\\\/\\\/darkamazi.info\\\/darka-content\\\/uploads\\\/2017\\\/12\\\/darka-mazi-logo.png\",\"width\":151,\"height\":75,\"caption\":\"Darka Maz\u00ee\"},\"image\":{\"@id\":\"https:\\\/\\\/darkamazi.info\\\/#\\\/schema\\\/logo\\\/image\\\/\"},\"sameAs\":[\"https:\\\/\\\/www.facebook.com\\\/DarMaziKurmanci\",\"https:\\\/\\\/x.com\\\/DarkaMaziLatini\",\"https:\\\/\\\/www.instagram.com\\\/darkamazi.kurmanci\\\/\",\"https:\\\/\\\/www.youtube.com\\\/channel\\\/UCa5HkTdmI8U1qCUFuTw8B2g\"]},{\"@type\":\"Person\",\"@id\":\"https:\\\/\\\/darkamazi.info\\\/#\\\/schema\\\/person\\\/5ad3e24553a0567993fa8ed4bd0a776c\",\"name\":\"darka mazi\",\"sameAs\":[\"https:\\\/\\\/darkamazi.info\\\/\"],\"url\":\"https:\\\/\\\/darkamazi.info\\\/archives\\\/author\\\/kurdi\"}]}<\/script>\n<!-- \/ Yoast SEO plugin. -->","seo_head_json":{"title":"Qedera Roavay\u00ea Kurdistan\u00ea Ji Dest\u00ea Kurdan Derdikeve! - Darka Maz\u00ee","robots":{"index":"index","follow":"follow","max-snippet":"max-snippet:-1","max-image-preview":"max-image-preview:large","max-video-preview":"max-video-preview:-1"},"canonical":"https:\/\/darkamazi.info\/archives\/1051527","og_locale":"en_US","og_type":"article","og_title":"Qedera Roavay\u00ea Kurdistan\u00ea Ji Dest\u00ea Kurdan Derdikeve! - Darka Maz\u00ee","og_description":"Bi l\u00eestik \u00fb zordar\u00eey\u00ean li ser Roavay\u00ea Kurdistan\u00ea, di van dem\u00ean daw\u00ee de, bi p\u00ea\u015fengiya Tom Barrack \u00fb tifaqa bi dewleta tirkan re, ber bi daw\u00eean\u00eena de facto ya otonomiya kurdan ve di\u00e7in. Ez dixwazim v\u00ea anal\u00eez\u00ea, li gor\u00ee p\u00ea\u015fve\u00e7\u00fbn\u00ean daw\u00ee (bi taybet\u00ee y\u00ean di \u00c7ileya 2026&#8216;an de) bi we re p\u00eak b\u00eenim \u00fb parve [&hellip;]","og_url":"https:\/\/darkamazi.info\/archives\/1051527","og_site_name":"Darka Maz\u00ee","article_publisher":"https:\/\/www.facebook.com\/DarMaziKurmanci","article_published_time":"2026-01-25T09:48:02+00:00","og_image":[{"width":900,"height":475,"url":"https:\/\/darkamazi.info\/file\/2026\/01\/sheyhmus-ozengin.jpg","type":"image\/jpeg"}],"author":"darka mazi","twitter_card":"summary_large_image","twitter_creator":"@DarkaMaziLatini","twitter_site":"@DarkaMaziLatini","twitter_misc":{"Written by":"darka mazi","Est. reading time":"6 minutes"},"schema":{"@context":"https:\/\/schema.org","@graph":[{"@type":"Article","@id":"https:\/\/darkamazi.info\/archives\/1051527#article","isPartOf":{"@id":"https:\/\/darkamazi.info\/archives\/1051527"},"author":{"name":"darka mazi","@id":"https:\/\/darkamazi.info\/#\/schema\/person\/5ad3e24553a0567993fa8ed4bd0a776c"},"headline":"Qedera Roavay\u00ea Kurdistan\u00ea Ji Dest\u00ea Kurdan Derdikeve!","datePublished":"2026-01-25T09:48:02+00:00","mainEntityOfPage":{"@id":"https:\/\/darkamazi.info\/archives\/1051527"},"wordCount":1358,"publisher":{"@id":"https:\/\/darkamazi.info\/#organization"},"image":{"@id":"https:\/\/darkamazi.info\/archives\/1051527#primaryimage"},"thumbnailUrl":"https:\/\/darkamazi.info\/file\/2026\/01\/sheyhmus-ozengin.jpg","keywords":["sereke"],"articleSection":["Ner\u00een"],"inLanguage":"en-US"},{"@type":"WebPage","@id":"https:\/\/darkamazi.info\/archives\/1051527","url":"https:\/\/darkamazi.info\/archives\/1051527","name":"Qedera Roavay\u00ea Kurdistan\u00ea Ji Dest\u00ea Kurdan Derdikeve! - Darka Maz\u00ee","isPartOf":{"@id":"https:\/\/darkamazi.info\/#website"},"primaryImageOfPage":{"@id":"https:\/\/darkamazi.info\/archives\/1051527#primaryimage"},"image":{"@id":"https:\/\/darkamazi.info\/archives\/1051527#primaryimage"},"thumbnailUrl":"https:\/\/darkamazi.info\/file\/2026\/01\/sheyhmus-ozengin.jpg","datePublished":"2026-01-25T09:48:02+00:00","breadcrumb":{"@id":"https:\/\/darkamazi.info\/archives\/1051527#breadcrumb"},"inLanguage":"en-US","potentialAction":[{"@type":"ReadAction","target":["https:\/\/darkamazi.info\/archives\/1051527"]}]},{"@type":"ImageObject","inLanguage":"en-US","@id":"https:\/\/darkamazi.info\/archives\/1051527#primaryimage","url":"https:\/\/darkamazi.info\/file\/2026\/01\/sheyhmus-ozengin.jpg","contentUrl":"https:\/\/darkamazi.info\/file\/2026\/01\/sheyhmus-ozengin.jpg","width":900,"height":475,"caption":"Li S\u00fbriy\u00ea Peymana Agirbest\u00ea yaQedera Roavay\u00ea Kurdistan\u00ea Ji Dest\u00ea Kurdan Derdikeve!18\u00ea \u00c7ileya 2026\u2019an: PKK\u2019\u00ea \u00cexaneta Her\u00ee Giran li milet\u00ea Kurd Kir!"},{"@type":"BreadcrumbList","@id":"https:\/\/darkamazi.info\/archives\/1051527#breadcrumb","itemListElement":[{"@type":"ListItem","position":1,"name":"Home","item":"https:\/\/darkamazi.info\/"},{"@type":"ListItem","position":2,"name":"Qedera Roavay\u00ea Kurdistan\u00ea Ji Dest\u00ea Kurdan Derdikeve!"}]},{"@type":"WebSite","@id":"https:\/\/darkamazi.info\/#website","url":"https:\/\/darkamazi.info\/","name":"Darka Maz\u00ee","description":"P\u00eageha Zanyariy\u00ean Nebih\u00eest\u00ee","publisher":{"@id":"https:\/\/darkamazi.info\/#organization"},"potentialAction":[{"@type":"SearchAction","target":{"@type":"EntryPoint","urlTemplate":"https:\/\/darkamazi.info\/?s={search_term_string}"},"query-input":{"@type":"PropertyValueSpecification","valueRequired":true,"valueName":"search_term_string"}}],"inLanguage":"en-US"},{"@type":"Organization","@id":"https:\/\/darkamazi.info\/#organization","name":"Darka Maz\u00ee","url":"https:\/\/darkamazi.info\/","logo":{"@type":"ImageObject","inLanguage":"en-US","@id":"https:\/\/darkamazi.info\/#\/schema\/logo\/image\/","url":"https:\/\/darkamazi.info\/file\/2017\/12\/darka-mazi-logo.png","contentUrl":"https:\/\/darkamazi.info\/file\/2017\/12\/darka-mazi-logo.png","width":151,"height":75,"caption":"Darka Maz\u00ee"},"image":{"@id":"https:\/\/darkamazi.info\/#\/schema\/logo\/image\/"},"sameAs":["https:\/\/www.facebook.com\/DarMaziKurmanci","https:\/\/x.com\/DarkaMaziLatini","https:\/\/www.instagram.com\/darkamazi.kurmanci\/","https:\/\/www.youtube.com\/channel\/UCa5HkTdmI8U1qCUFuTw8B2g"]},{"@type":"Person","@id":"https:\/\/darkamazi.info\/#\/schema\/person\/5ad3e24553a0567993fa8ed4bd0a776c","name":"darka mazi","sameAs":["https:\/\/darkamazi.info\/"],"url":"https:\/\/darkamazi.info\/archives\/author\/kurdi"}]}},"_links":{"self":[{"href":"https:\/\/darkamazi.info\/funavuv\/wp\/v2\/posts\/1051527","targetHints":{"allow":["GET"]}}],"collection":[{"href":"https:\/\/darkamazi.info\/funavuv\/wp\/v2\/posts"}],"about":[{"href":"https:\/\/darkamazi.info\/funavuv\/wp\/v2\/types\/post"}],"author":[{"embeddable":true,"href":"https:\/\/darkamazi.info\/funavuv\/wp\/v2\/users\/2"}],"replies":[{"embeddable":true,"href":"https:\/\/darkamazi.info\/funavuv\/wp\/v2\/comments?post=1051527"}],"version-history":[{"count":0,"href":"https:\/\/darkamazi.info\/funavuv\/wp\/v2\/posts\/1051527\/revisions"}],"wp:featuredmedia":[{"embeddable":true,"href":"https:\/\/darkamazi.info\/funavuv\/wp\/v2\/media\/1051472"}],"wp:attachment":[{"href":"https:\/\/darkamazi.info\/funavuv\/wp\/v2\/media?parent=1051527"}],"wp:term":[{"taxonomy":"category","embeddable":true,"href":"https:\/\/darkamazi.info\/funavuv\/wp\/v2\/categories?post=1051527"},{"taxonomy":"post_tag","embeddable":true,"href":"https:\/\/darkamazi.info\/funavuv\/wp\/v2\/tags?post=1051527"}],"curies":[{"name":"wp","href":"https:\/\/api.w.org\/{rel}","templated":true}]}}