{"id":1051532,"date":"2026-01-25T16:22:01","date_gmt":"2026-01-25T13:22:01","guid":{"rendered":"https:\/\/darkamazi.info\/?p=1051532"},"modified":"2026-01-25T16:22:01","modified_gmt":"2026-01-25T13:22:01","slug":"sarezayen-navneteweyi-bo-nyye-xetera-jenoside-li-ser-kurden-suriyeye-heye","status":"publish","type":"post","link":"https:\/\/darkamazi.info\/archives\/1051532","title":{"rendered":"\u015earezay\u00ean navnetewey\u00ee bo NYy\u00ea: Xetera jenos\u00eed\u00ea li ser Kurd\u00ean S\u00fbriyey\u00ea heye"},"content":{"rendered":"<h3 style=\"text-align: justify\"><span style=\"font-family: 'arial black', sans-serif\">Hejmareka \u015farezay\u00ean qan\u00fbna navnetewey\u00ee, \u00e7alakvan\u00ean maf\u00ean mirovan \u00fb akadem\u00eesyen\u00ean c\u00eehan\u00ea di yada\u015ftnameyeka lezg\u00een de ji bo Sekreter\u00ea Gi\u015ft\u00ee y\u00ea Netewey\u00ean Yekgirt\u00ee \u00fb Enc\u00fbmena Ewlehiy\u00ea haydariyeka tund li ser \u00eeht\u00eemala qirkirina nejad\u00ee \u00fb jenos\u00eed\u00ea li bakur \u00fb rojhilat\u00ea S\u00fbriyey\u00ea da.<\/span><\/h3>\n<h3 style=\"text-align: justify\"><span style=\"font-family: arial, helvetica, sans-serif\">Di w\u00ea yada\u015ftnamey\u00ea de, ku li roja 21.01.2026\u00ea p\u00ea\u015fk\u00ea\u015f\u00ee civaka navnetewey\u00ee hatiye kirin, \u00eemzekeran n\u00eegeraniya xwe y\u00ean z\u00eade li ser wan \u00ear\u00ee\u015f \u00fb p\u00ea\u015fhat\u00ean le\u015fker\u00ee diyar kir \u00ean ku li ser dever\u00ean Kurdan t\u00ean kirin.<\/span><\/h3>\n<h3 style=\"text-align: justify\"><span style=\"font-family: arial, helvetica, sans-serif\">Di pareka w\u00ea yada\u015ftnamey\u00ea de hatiye: Ew \u00ear\u00ee\u015f ne ten\u00ea pev\u00e7\u00fbn\u00ean asay\u00ee ne, belk\u00ee binp\u00eakirin\u00ean s\u00eestemat\u00eek \u00fb berfireh in ku tawan\u00ean \u015fer \u00fb tawan\u00ean li dij\u00ee mirovahiy\u00ea vedigirin, xasma j\u00ee ku ji h\u00eala \u00eedeolojiya tundr\u00ea ya kom\u00ean gir\u00eaday\u00ee \u015eam\u00ea ve t\u00ean bir\u00eavebirin.<\/span><\/h3>\n<h3 style=\"text-align: justify\"><span style=\"font-family: arial, helvetica, sans-serif\">\u015eareza \u00fb \u00e7alakvanan \u00e7ar daxwaz\u00ean lezg\u00een ji Netewey\u00ean Yekgirt\u00ee kirine; sepandina biryara rawestandina tavil\u00ea ya \u00ear\u00ee\u015f\u00ean art\u00ea\u015fa Ereb\u00ee ya S\u00fbriyey\u00ea li ser siv\u00eelan \u00fb pabendb\u00fbna temam bi qan\u00fbna navnetewey\u00ee, damezrandina mekan\u00eezmeka lezg\u00een a Netewey\u00ean Yekgirt\u00ee ji bo belgenamekirina binp\u00eakirinan \u00fb dana zenga xeter\u00ea ya p\u00ea\u015fwext, serpi\u015fkkirina parastina welatiy\u00ean Kurd \u00fb k\u00eamaniy\u00ean din \u00ean wek\u00ee Durz\u00ee, \u00cazid\u00ee, Xiristiyan \u00fb Elewiyan, \u00fb damezrandina devereka tena li bakur \u00fb rojhilat\u00ea S\u00fbriyey\u00ea ji bo garant\u00eekirina parastina Kurdan \u00fb p\u00eakhatey\u00ean din ji xetera neman\u00ea.<\/span><\/h3>\n<h3 style=\"text-align: justify\"><span style=\"font-family: arial, helvetica, sans-serif\">Di w\u00ea yada\u015ftnamey\u00ea de hatiye, &#8220;Gel\u00ea Kurd li bakur \u00fb rojhilat\u00ea S\u00fbriyey\u00ea di \u015fer\u00ea li dij\u00ee DAI\u015e\u00ea \u00fb parastina ewlehiya c\u00eehan\u00ea de bedel\u00ean yekcar mezin dane, ji ber v\u00ea yek\u00ea nay\u00ea qeb\u00fblkirin ku ew niha ji aliy\u00ea kom\u00ean tundr\u00ea ve r\u00fbbir\u00fby\u00ee gef\u00ean man \u00fb neman\u00ea bibin, di demek\u00ea de ku p\u00eangav\u00ean navnetewey\u00ee lawaz in.&#8221;<\/span><\/h3>\n<h3 style=\"text-align: justify\"><span style=\"font-family: arial, helvetica, sans-serif\">Ew \u015fareza herwesa dib\u00eajin: D\u00eerok d\u00ea hukm\u00ee bike, ne li ser ragihandinan, belk\u00ee li ser p\u00ea\u015f\u00eegirtina li wan karesat\u00ean diqewimin \u00fb bang li civaka navnetewey\u00ee dikin ku berpirsiyariy\u00ean xwe y\u00ean qan\u00fbn\u00ee \u00fb exlaq\u00ee (R2P) bi c\u00eeh b\u00eene, ber\u00ee ku karesat bi tevah\u00ee biqewime.<\/span><\/h3>\n","protected":false},"excerpt":{"rendered":"<p>Hejmareka \u015farezay\u00ean qan\u00fbna navnetewey\u00ee, \u00e7alakvan\u00ean maf\u00ean mirovan \u00fb akadem\u00eesyen\u00ean c\u00eehan\u00ea di yada\u015ftnameyeka lezg\u00een de ji bo Sekreter\u00ea Gi\u015ft\u00ee y\u00ea Netewey\u00ean Yekgirt\u00ee \u00fb Enc\u00fbmena Ewlehiy\u00ea haydariyeka tund li ser \u00eeht\u00eemala qirkirina nejad\u00ee \u00fb jenos\u00eed\u00ea li bakur \u00fb rojhilat\u00ea S\u00fbriyey\u00ea da. Di w\u00ea yada\u015ftnamey\u00ea de, ku li roja 21.01.2026\u00ea p\u00ea\u015fk\u00ea\u015f\u00ee civaka navnetewey\u00ee hatiye kirin, \u00eemzekeran n\u00eegeraniya xwe [&hellip;]<\/p>\n","protected":false},"author":2,"featured_media":1051533,"comment_status":"closed","ping_status":"closed","sticky":false,"template":"","format":"standard","meta":{"footnotes":""},"categories":[30],"tags":[37],"class_list":["post-1051532","post","type-post","status-publish","format-standard","has-post-thumbnail","hentry","category-cihan","tag-sereke"],"blocksy_meta":[],"seo_head":"<!-- This site is optimized with the Yoast SEO plugin v27.5 - https:\/\/yoast.com\/product\/yoast-seo-wordpress\/ -->\n<title>\u015earezay\u00ean navnetewey\u00ee bo NYy\u00ea: Xetera jenos\u00eed\u00ea li ser Kurd\u00ean S\u00fbriyey\u00ea heye - Darka Maz\u00ee<\/title>\n<meta name=\"robots\" content=\"index, follow, max-snippet:-1, max-image-preview:large, max-video-preview:-1\" \/>\n<link rel=\"canonical\" href=\"https:\/\/darkamazi.info\/archives\/1051532\" \/>\n<meta property=\"og:locale\" content=\"en_US\" \/>\n<meta property=\"og:type\" content=\"article\" \/>\n<meta property=\"og:title\" content=\"\u015earezay\u00ean navnetewey\u00ee bo NYy\u00ea: Xetera jenos\u00eed\u00ea li ser Kurd\u00ean S\u00fbriyey\u00ea heye - Darka Maz\u00ee\" \/>\n<meta property=\"og:description\" content=\"Hejmareka \u015farezay\u00ean qan\u00fbna navnetewey\u00ee, \u00e7alakvan\u00ean maf\u00ean mirovan \u00fb akadem\u00eesyen\u00ean c\u00eehan\u00ea di yada\u015ftnameyeka lezg\u00een de ji bo Sekreter\u00ea Gi\u015ft\u00ee y\u00ea Netewey\u00ean Yekgirt\u00ee \u00fb Enc\u00fbmena Ewlehiy\u00ea haydariyeka tund li ser \u00eeht\u00eemala qirkirina nejad\u00ee \u00fb jenos\u00eed\u00ea li bakur \u00fb rojhilat\u00ea S\u00fbriyey\u00ea da. Di w\u00ea yada\u015ftnamey\u00ea de, ku li roja 21.01.2026\u00ea p\u00ea\u015fk\u00ea\u015f\u00ee civaka navnetewey\u00ee hatiye kirin, \u00eemzekeran n\u00eegeraniya xwe [&hellip;]\" \/>\n<meta property=\"og:url\" content=\"https:\/\/darkamazi.info\/archives\/1051532\" \/>\n<meta property=\"og:site_name\" content=\"Darka Maz\u00ee\" \/>\n<meta property=\"article:publisher\" content=\"https:\/\/www.facebook.com\/DarMaziKurmanci\" \/>\n<meta property=\"article:published_time\" content=\"2026-01-25T13:22:01+00:00\" \/>\n<meta property=\"og:image\" content=\"https:\/\/darkamazi.info\/file\/2026\/01\/NY-Rojava.jpg\" \/>\n\t<meta property=\"og:image:width\" content=\"900\" \/>\n\t<meta property=\"og:image:height\" content=\"500\" \/>\n\t<meta property=\"og:image:type\" content=\"image\/jpeg\" \/>\n<meta name=\"author\" content=\"darka mazi\" \/>\n<meta name=\"twitter:card\" content=\"summary_large_image\" \/>\n<meta name=\"twitter:creator\" content=\"@DarkaMaziLatini\" \/>\n<meta name=\"twitter:site\" content=\"@DarkaMaziLatini\" \/>\n<meta name=\"twitter:label1\" content=\"Written by\" \/>\n\t<meta name=\"twitter:data1\" content=\"darka mazi\" \/>\n\t<meta name=\"twitter:label2\" content=\"Est. reading time\" \/>\n\t<meta name=\"twitter:data2\" content=\"2 minutes\" \/>\n<script type=\"application\/ld+json\" class=\"seo-schema-graph\">{\"@context\":\"https:\\\/\\\/schema.org\",\"@graph\":[{\"@type\":\"Article\",\"@id\":\"https:\\\/\\\/darkamazi.info\\\/archives\\\/1051532#article\",\"isPartOf\":{\"@id\":\"https:\\\/\\\/darkamazi.info\\\/archives\\\/1051532\"},\"author\":{\"name\":\"darka mazi\",\"@id\":\"https:\\\/\\\/darkamazi.info\\\/#\\\/schema\\\/person\\\/5ad3e24553a0567993fa8ed4bd0a776c\"},\"headline\":\"\u015earezay\u00ean navnetewey\u00ee bo NYy\u00ea: Xetera jenos\u00eed\u00ea li ser Kurd\u00ean S\u00fbriyey\u00ea heye\",\"datePublished\":\"2026-01-25T13:22:01+00:00\",\"mainEntityOfPage\":{\"@id\":\"https:\\\/\\\/darkamazi.info\\\/archives\\\/1051532\"},\"wordCount\":368,\"publisher\":{\"@id\":\"https:\\\/\\\/darkamazi.info\\\/#organization\"},\"image\":{\"@id\":\"https:\\\/\\\/darkamazi.info\\\/archives\\\/1051532#primaryimage\"},\"thumbnailUrl\":\"https:\\\/\\\/darkamazi.info\\\/darka-content\\\/uploads\\\/2026\\\/01\\\/NY-Rojava.jpg\",\"keywords\":[\"sereke\"],\"articleSection\":[\"C\u00eehan\"],\"inLanguage\":\"en-US\"},{\"@type\":\"WebPage\",\"@id\":\"https:\\\/\\\/darkamazi.info\\\/archives\\\/1051532\",\"url\":\"https:\\\/\\\/darkamazi.info\\\/archives\\\/1051532\",\"name\":\"\u015earezay\u00ean navnetewey\u00ee bo NYy\u00ea: Xetera jenos\u00eed\u00ea li ser Kurd\u00ean S\u00fbriyey\u00ea heye - Darka Maz\u00ee\",\"isPartOf\":{\"@id\":\"https:\\\/\\\/darkamazi.info\\\/#website\"},\"primaryImageOfPage\":{\"@id\":\"https:\\\/\\\/darkamazi.info\\\/archives\\\/1051532#primaryimage\"},\"image\":{\"@id\":\"https:\\\/\\\/darkamazi.info\\\/archives\\\/1051532#primaryimage\"},\"thumbnailUrl\":\"https:\\\/\\\/darkamazi.info\\\/darka-content\\\/uploads\\\/2026\\\/01\\\/NY-Rojava.jpg\",\"datePublished\":\"2026-01-25T13:22:01+00:00\",\"breadcrumb\":{\"@id\":\"https:\\\/\\\/darkamazi.info\\\/archives\\\/1051532#breadcrumb\"},\"inLanguage\":\"en-US\",\"potentialAction\":[{\"@type\":\"ReadAction\",\"target\":[\"https:\\\/\\\/darkamazi.info\\\/archives\\\/1051532\"]}]},{\"@type\":\"ImageObject\",\"inLanguage\":\"en-US\",\"@id\":\"https:\\\/\\\/darkamazi.info\\\/archives\\\/1051532#primaryimage\",\"url\":\"https:\\\/\\\/darkamazi.info\\\/darka-content\\\/uploads\\\/2026\\\/01\\\/NY-Rojava.jpg\",\"contentUrl\":\"https:\\\/\\\/darkamazi.info\\\/darka-content\\\/uploads\\\/2026\\\/01\\\/NY-Rojava.jpg\",\"width\":900,\"height\":500,\"caption\":\"NY-Rojava\"},{\"@type\":\"BreadcrumbList\",\"@id\":\"https:\\\/\\\/darkamazi.info\\\/archives\\\/1051532#breadcrumb\",\"itemListElement\":[{\"@type\":\"ListItem\",\"position\":1,\"name\":\"Home\",\"item\":\"https:\\\/\\\/darkamazi.info\\\/\"},{\"@type\":\"ListItem\",\"position\":2,\"name\":\"\u015earezay\u00ean navnetewey\u00ee bo NYy\u00ea: Xetera jenos\u00eed\u00ea li ser Kurd\u00ean S\u00fbriyey\u00ea heye\"}]},{\"@type\":\"WebSite\",\"@id\":\"https:\\\/\\\/darkamazi.info\\\/#website\",\"url\":\"https:\\\/\\\/darkamazi.info\\\/\",\"name\":\"Darka Maz\u00ee\",\"description\":\"P\u00eageha Zanyariy\u00ean Nebih\u00eest\u00ee\",\"publisher\":{\"@id\":\"https:\\\/\\\/darkamazi.info\\\/#organization\"},\"potentialAction\":[{\"@type\":\"SearchAction\",\"target\":{\"@type\":\"EntryPoint\",\"urlTemplate\":\"https:\\\/\\\/darkamazi.info\\\/?s={search_term_string}\"},\"query-input\":{\"@type\":\"PropertyValueSpecification\",\"valueRequired\":true,\"valueName\":\"search_term_string\"}}],\"inLanguage\":\"en-US\"},{\"@type\":\"Organization\",\"@id\":\"https:\\\/\\\/darkamazi.info\\\/#organization\",\"name\":\"Darka Maz\u00ee\",\"url\":\"https:\\\/\\\/darkamazi.info\\\/\",\"logo\":{\"@type\":\"ImageObject\",\"inLanguage\":\"en-US\",\"@id\":\"https:\\\/\\\/darkamazi.info\\\/#\\\/schema\\\/logo\\\/image\\\/\",\"url\":\"https:\\\/\\\/darkamazi.info\\\/darka-content\\\/uploads\\\/2017\\\/12\\\/darka-mazi-logo.png\",\"contentUrl\":\"https:\\\/\\\/darkamazi.info\\\/darka-content\\\/uploads\\\/2017\\\/12\\\/darka-mazi-logo.png\",\"width\":151,\"height\":75,\"caption\":\"Darka Maz\u00ee\"},\"image\":{\"@id\":\"https:\\\/\\\/darkamazi.info\\\/#\\\/schema\\\/logo\\\/image\\\/\"},\"sameAs\":[\"https:\\\/\\\/www.facebook.com\\\/DarMaziKurmanci\",\"https:\\\/\\\/x.com\\\/DarkaMaziLatini\",\"https:\\\/\\\/www.instagram.com\\\/darkamazi.kurmanci\\\/\",\"https:\\\/\\\/www.youtube.com\\\/channel\\\/UCa5HkTdmI8U1qCUFuTw8B2g\"]},{\"@type\":\"Person\",\"@id\":\"https:\\\/\\\/darkamazi.info\\\/#\\\/schema\\\/person\\\/5ad3e24553a0567993fa8ed4bd0a776c\",\"name\":\"darka mazi\",\"sameAs\":[\"https:\\\/\\\/darkamazi.info\\\/\"],\"url\":\"https:\\\/\\\/darkamazi.info\\\/archives\\\/author\\\/kurdi\"}]}<\/script>\n<!-- \/ Yoast SEO plugin. -->","seo_head_json":{"title":"\u015earezay\u00ean navnetewey\u00ee bo NYy\u00ea: Xetera jenos\u00eed\u00ea li ser Kurd\u00ean S\u00fbriyey\u00ea heye - Darka Maz\u00ee","robots":{"index":"index","follow":"follow","max-snippet":"max-snippet:-1","max-image-preview":"max-image-preview:large","max-video-preview":"max-video-preview:-1"},"canonical":"https:\/\/darkamazi.info\/archives\/1051532","og_locale":"en_US","og_type":"article","og_title":"\u015earezay\u00ean navnetewey\u00ee bo NYy\u00ea: Xetera jenos\u00eed\u00ea li ser Kurd\u00ean S\u00fbriyey\u00ea heye - Darka Maz\u00ee","og_description":"Hejmareka \u015farezay\u00ean qan\u00fbna navnetewey\u00ee, \u00e7alakvan\u00ean maf\u00ean mirovan \u00fb akadem\u00eesyen\u00ean c\u00eehan\u00ea di yada\u015ftnameyeka lezg\u00een de ji bo Sekreter\u00ea Gi\u015ft\u00ee y\u00ea Netewey\u00ean Yekgirt\u00ee \u00fb Enc\u00fbmena Ewlehiy\u00ea haydariyeka tund li ser \u00eeht\u00eemala qirkirina nejad\u00ee \u00fb jenos\u00eed\u00ea li bakur \u00fb rojhilat\u00ea S\u00fbriyey\u00ea da. Di w\u00ea yada\u015ftnamey\u00ea de, ku li roja 21.01.2026\u00ea p\u00ea\u015fk\u00ea\u015f\u00ee civaka navnetewey\u00ee hatiye kirin, \u00eemzekeran n\u00eegeraniya xwe [&hellip;]","og_url":"https:\/\/darkamazi.info\/archives\/1051532","og_site_name":"Darka Maz\u00ee","article_publisher":"https:\/\/www.facebook.com\/DarMaziKurmanci","article_published_time":"2026-01-25T13:22:01+00:00","og_image":[{"width":900,"height":500,"url":"https:\/\/darkamazi.info\/file\/2026\/01\/NY-Rojava.jpg","type":"image\/jpeg"}],"author":"darka mazi","twitter_card":"summary_large_image","twitter_creator":"@DarkaMaziLatini","twitter_site":"@DarkaMaziLatini","twitter_misc":{"Written by":"darka mazi","Est. reading time":"2 minutes"},"schema":{"@context":"https:\/\/schema.org","@graph":[{"@type":"Article","@id":"https:\/\/darkamazi.info\/archives\/1051532#article","isPartOf":{"@id":"https:\/\/darkamazi.info\/archives\/1051532"},"author":{"name":"darka mazi","@id":"https:\/\/darkamazi.info\/#\/schema\/person\/5ad3e24553a0567993fa8ed4bd0a776c"},"headline":"\u015earezay\u00ean navnetewey\u00ee bo NYy\u00ea: Xetera jenos\u00eed\u00ea li ser Kurd\u00ean S\u00fbriyey\u00ea heye","datePublished":"2026-01-25T13:22:01+00:00","mainEntityOfPage":{"@id":"https:\/\/darkamazi.info\/archives\/1051532"},"wordCount":368,"publisher":{"@id":"https:\/\/darkamazi.info\/#organization"},"image":{"@id":"https:\/\/darkamazi.info\/archives\/1051532#primaryimage"},"thumbnailUrl":"https:\/\/darkamazi.info\/file\/2026\/01\/NY-Rojava.jpg","keywords":["sereke"],"articleSection":["C\u00eehan"],"inLanguage":"en-US"},{"@type":"WebPage","@id":"https:\/\/darkamazi.info\/archives\/1051532","url":"https:\/\/darkamazi.info\/archives\/1051532","name":"\u015earezay\u00ean navnetewey\u00ee bo NYy\u00ea: Xetera jenos\u00eed\u00ea li ser Kurd\u00ean S\u00fbriyey\u00ea heye - Darka Maz\u00ee","isPartOf":{"@id":"https:\/\/darkamazi.info\/#website"},"primaryImageOfPage":{"@id":"https:\/\/darkamazi.info\/archives\/1051532#primaryimage"},"image":{"@id":"https:\/\/darkamazi.info\/archives\/1051532#primaryimage"},"thumbnailUrl":"https:\/\/darkamazi.info\/file\/2026\/01\/NY-Rojava.jpg","datePublished":"2026-01-25T13:22:01+00:00","breadcrumb":{"@id":"https:\/\/darkamazi.info\/archives\/1051532#breadcrumb"},"inLanguage":"en-US","potentialAction":[{"@type":"ReadAction","target":["https:\/\/darkamazi.info\/archives\/1051532"]}]},{"@type":"ImageObject","inLanguage":"en-US","@id":"https:\/\/darkamazi.info\/archives\/1051532#primaryimage","url":"https:\/\/darkamazi.info\/file\/2026\/01\/NY-Rojava.jpg","contentUrl":"https:\/\/darkamazi.info\/file\/2026\/01\/NY-Rojava.jpg","width":900,"height":500,"caption":"NY-Rojava"},{"@type":"BreadcrumbList","@id":"https:\/\/darkamazi.info\/archives\/1051532#breadcrumb","itemListElement":[{"@type":"ListItem","position":1,"name":"Home","item":"https:\/\/darkamazi.info\/"},{"@type":"ListItem","position":2,"name":"\u015earezay\u00ean navnetewey\u00ee bo NYy\u00ea: Xetera jenos\u00eed\u00ea li ser Kurd\u00ean S\u00fbriyey\u00ea heye"}]},{"@type":"WebSite","@id":"https:\/\/darkamazi.info\/#website","url":"https:\/\/darkamazi.info\/","name":"Darka Maz\u00ee","description":"P\u00eageha Zanyariy\u00ean Nebih\u00eest\u00ee","publisher":{"@id":"https:\/\/darkamazi.info\/#organization"},"potentialAction":[{"@type":"SearchAction","target":{"@type":"EntryPoint","urlTemplate":"https:\/\/darkamazi.info\/?s={search_term_string}"},"query-input":{"@type":"PropertyValueSpecification","valueRequired":true,"valueName":"search_term_string"}}],"inLanguage":"en-US"},{"@type":"Organization","@id":"https:\/\/darkamazi.info\/#organization","name":"Darka Maz\u00ee","url":"https:\/\/darkamazi.info\/","logo":{"@type":"ImageObject","inLanguage":"en-US","@id":"https:\/\/darkamazi.info\/#\/schema\/logo\/image\/","url":"https:\/\/darkamazi.info\/file\/2017\/12\/darka-mazi-logo.png","contentUrl":"https:\/\/darkamazi.info\/file\/2017\/12\/darka-mazi-logo.png","width":151,"height":75,"caption":"Darka Maz\u00ee"},"image":{"@id":"https:\/\/darkamazi.info\/#\/schema\/logo\/image\/"},"sameAs":["https:\/\/www.facebook.com\/DarMaziKurmanci","https:\/\/x.com\/DarkaMaziLatini","https:\/\/www.instagram.com\/darkamazi.kurmanci\/","https:\/\/www.youtube.com\/channel\/UCa5HkTdmI8U1qCUFuTw8B2g"]},{"@type":"Person","@id":"https:\/\/darkamazi.info\/#\/schema\/person\/5ad3e24553a0567993fa8ed4bd0a776c","name":"darka mazi","sameAs":["https:\/\/darkamazi.info\/"],"url":"https:\/\/darkamazi.info\/archives\/author\/kurdi"}]}},"_links":{"self":[{"href":"https:\/\/darkamazi.info\/funavuv\/wp\/v2\/posts\/1051532","targetHints":{"allow":["GET"]}}],"collection":[{"href":"https:\/\/darkamazi.info\/funavuv\/wp\/v2\/posts"}],"about":[{"href":"https:\/\/darkamazi.info\/funavuv\/wp\/v2\/types\/post"}],"author":[{"embeddable":true,"href":"https:\/\/darkamazi.info\/funavuv\/wp\/v2\/users\/2"}],"replies":[{"embeddable":true,"href":"https:\/\/darkamazi.info\/funavuv\/wp\/v2\/comments?post=1051532"}],"version-history":[{"count":0,"href":"https:\/\/darkamazi.info\/funavuv\/wp\/v2\/posts\/1051532\/revisions"}],"wp:featuredmedia":[{"embeddable":true,"href":"https:\/\/darkamazi.info\/funavuv\/wp\/v2\/media\/1051533"}],"wp:attachment":[{"href":"https:\/\/darkamazi.info\/funavuv\/wp\/v2\/media?parent=1051532"}],"wp:term":[{"taxonomy":"category","embeddable":true,"href":"https:\/\/darkamazi.info\/funavuv\/wp\/v2\/categories?post=1051532"},{"taxonomy":"post_tag","embeddable":true,"href":"https:\/\/darkamazi.info\/funavuv\/wp\/v2\/tags?post=1051532"}],"curies":[{"name":"wp","href":"https:\/\/api.w.org\/{rel}","templated":true}]}}