{"id":1051535,"date":"2026-01-25T17:31:08","date_gmt":"2026-01-25T14:31:08","guid":{"rendered":"https:\/\/darkamazi.info\/?p=1051535"},"modified":"2026-01-25T17:31:08","modified_gmt":"2026-01-25T14:31:08","slug":"li-kobaniye-karesata-mirovi-6-zarokan-cane-xwe-ji-dest-da","status":"publish","type":"post","link":"https:\/\/darkamazi.info\/archives\/1051535","title":{"rendered":"Li Kobaniy\u00ea karesata mirov\u00ee: 6 zarokan can\u00ea xwe ji dest da"},"content":{"rendered":"<h3 style=\"text-align: justify\"><span style=\"font-family: 'arial black', sans-serif\">Ji ber tundb\u00fbna dorp\u00ea\u00e7a li ser bajar\u00ea Kobaniy\u00ea y\u00ea Rojavay\u00ea Kurdistan\u00ea, xwarin, derman \u00fb sotemen\u00ee ber bi xelasb\u00fbn\u00ea ve di\u00e7in.<\/span><\/h3>\n<h3 style=\"text-align: justify\"><span style=\"font-family: arial, helvetica, sans-serif\">Hevseroka Heyva Sor a Kurd da zan\u00een ku ji ber neb\u00fbna oks\u00eejen \u00fb sermay\u00ea 6 zarokan can\u00ea xwe ji dest daye \u00fb &#8220;ard bi dest nakeve.&#8221;<\/span><\/h3>\n<h3 style=\"text-align: justify\"><span style=\"font-family: arial, helvetica, sans-serif\">Hevseroka Heyva Sor a Kurd a li Rojavay\u00ea Kurdistan\u00ea Hediye Ebdulay\u00ea, ji R\u00fbdaw\u00ea re got, &#8220;Dorp\u00ea\u00e7a tund a li ser Kobaniy\u00ea \u00eero dibe 5 roj \u00fb bajar n\u00eaz\u00eek\u00ee karesateke mirov\u00ee b\u00fbye.&#8221;<\/span><\/h3>\n<h3 style=\"text-align: justify\"><span style=\"font-family: arial, helvetica, sans-serif\">Rew\u015fa xizmetguzariy\u00ea li baj\u00ear di asteke metirs\u00eedar de ye, n\u00eaz\u00eek\u00ee 10 rojan e ku kareba \u00fb \u00eenternet li Kobaniy\u00ea qut b\u00fbne.<\/span><\/h3>\n<h3 style=\"text-align: justify\"><span style=\"font-family: 'arial black', sans-serif;color: #8c0808\">\u201cZarokek\u00ee n\u00fbb\u00fby\u00ee ji ber neb\u00fbna oks\u00eejen\u00ea mir\u201d<\/span><\/h3>\n<h3 style=\"text-align: justify\"><span style=\"font-family: arial, helvetica, sans-serif\">Hevseroka Heyva Sor a Kurd got, &#8220;Di van 5 rojan de 5 zarok\u00ean bi\u00e7\u00fbk ji ber neb\u00fbna derman \u00fb sotemeniy\u00ea \u00fb ji ber sermay\u00ea can\u00ea xwe ji dest daye.<\/span><\/h3>\n<h3 style=\"text-align: justify\"><span style=\"font-family: arial, helvetica, sans-serif\">Doh \u00eavar\u00ee j\u00ee zarokek\u00ee n\u00fbb\u00fby\u00ee ji ber neb\u00fbna oks\u00eejen\u00ea li Nexwe\u015fxaneya Kobaniy\u00ea can\u00ea xwe ji dest da.&#8221;<\/span><\/h3>\n<h3 style=\"text-align: justify\"><span style=\"font-family: arial, helvetica, sans-serif\">Ji ber \u00eari\u015f\u00ean Art\u00ea\u015fa Ereban a S\u00fbriyey\u00ea, xelkek\u00ee z\u00eade ji gund\u00ean derdora Kobaniy\u00ea ko\u00e7ber\u00ee navenda baj\u00ear b\u00fbne \u00fb p\u00eadiviya wan a lezg\u00een bi cil \u00fb berg, betan\u00ee \u00fb sotemeniy\u00ea heye.<\/span><\/h3>\n<h3 style=\"text-align: justify\"><span style=\"font-family: 'arial black', sans-serif;color: #8c0808\">\u201cNan \u00fb av nemane\u201d<\/span><\/h3>\n<h3 style=\"text-align: justify\"><span style=\"font-family: arial, helvetica, sans-serif\">Hediye Ebdulay\u00ea got, &#8220;Rew\u015fa Kobaniy\u00ea gelek\u00ee xerab e, p\u00eadiviya lezg\u00een bi derman, xwarin \u00fb av\u00ea heye; av nemaye \u00fb nan bi temam\u00ee k\u00eam b\u00fbye, heta ard bi dest nakeve.&#8221;<\/span><\/h3>\n<h3 style=\"text-align: justify\"><span style=\"font-family: arial, helvetica, sans-serif\">Derbar\u00ea al\u00eekariy\u00ean navnetewey\u00ee de j\u00ee Ebdulay\u00ea got, &#8220;Gotegot\u00ean \u015fandina al\u00eekariya Netewey\u00ean Yekb\u00fby\u00ee hene l\u00ea heta niha ti al\u00eekar\u00ee negihi\u015ftiye Kobaniy\u00ea.&#8221;<\/span><\/h3>\n<h3 style=\"text-align: justify\"><span style=\"font-family: arial, helvetica, sans-serif\">Dorp\u00ea\u00e7a li ser Kobaniy\u00ea pi\u015ft\u00ee w\u00ea yek\u00ea t\u00ea ku ji ber \u00eari\u015fa Art\u00ea\u015fa Ereban a S\u00fbriyey\u00ea, be\u015fek ji nav\u00e7ey\u00ean R\u00eaveberiya Xweser ji dest\u00ea H\u00eaz\u00ean S\u00fbriyeya Demokrat\u00eek (HSD) derketin \u00fb ev yek b\u00fb sedema qutb\u00fbna w\u00ee bajar\u00ee ji nav\u00e7ey\u00ean din \u00ean Rojavay\u00ea Kurdistan\u00ea.<\/span><\/h3>\n","protected":false},"excerpt":{"rendered":"<p>Ji ber tundb\u00fbna dorp\u00ea\u00e7a li ser bajar\u00ea Kobaniy\u00ea y\u00ea Rojavay\u00ea Kurdistan\u00ea, xwarin, derman \u00fb sotemen\u00ee ber bi xelasb\u00fbn\u00ea ve di\u00e7in. Hevseroka Heyva Sor a Kurd da zan\u00een ku ji ber neb\u00fbna oks\u00eejen \u00fb sermay\u00ea 6 zarokan can\u00ea xwe ji dest daye \u00fb &#8220;ard bi dest nakeve.&#8221; Hevseroka Heyva Sor a Kurd a li Rojavay\u00ea Kurdistan\u00ea [&hellip;]<\/p>\n","protected":false},"author":2,"featured_media":1051536,"comment_status":"closed","ping_status":"closed","sticky":false,"template":"","format":"standard","meta":{"footnotes":""},"categories":[29],"tags":[37],"class_list":["post-1051535","post","type-post","status-publish","format-standard","has-post-thumbnail","hentry","category-kurdistan","tag-sereke"],"blocksy_meta":[],"seo_head":"<!-- This site is optimized with the Yoast SEO plugin v27.5 - https:\/\/yoast.com\/product\/yoast-seo-wordpress\/ -->\n<title>Li Kobaniy\u00ea karesata mirov\u00ee: 6 zarokan can\u00ea xwe ji dest da - Darka Maz\u00ee<\/title>\n<meta name=\"robots\" content=\"index, follow, max-snippet:-1, max-image-preview:large, max-video-preview:-1\" \/>\n<link rel=\"canonical\" href=\"https:\/\/darkamazi.info\/archives\/1051535\" \/>\n<meta property=\"og:locale\" content=\"en_US\" \/>\n<meta property=\"og:type\" content=\"article\" \/>\n<meta property=\"og:title\" content=\"Li Kobaniy\u00ea karesata mirov\u00ee: 6 zarokan can\u00ea xwe ji dest da - Darka Maz\u00ee\" \/>\n<meta property=\"og:description\" content=\"Ji ber tundb\u00fbna dorp\u00ea\u00e7a li ser bajar\u00ea Kobaniy\u00ea y\u00ea Rojavay\u00ea Kurdistan\u00ea, xwarin, derman \u00fb sotemen\u00ee ber bi xelasb\u00fbn\u00ea ve di\u00e7in. Hevseroka Heyva Sor a Kurd da zan\u00een ku ji ber neb\u00fbna oks\u00eejen \u00fb sermay\u00ea 6 zarokan can\u00ea xwe ji dest daye \u00fb &#8220;ard bi dest nakeve.&#8221; Hevseroka Heyva Sor a Kurd a li Rojavay\u00ea Kurdistan\u00ea [&hellip;]\" \/>\n<meta property=\"og:url\" content=\"https:\/\/darkamazi.info\/archives\/1051535\" \/>\n<meta property=\"og:site_name\" content=\"Darka Maz\u00ee\" \/>\n<meta property=\"article:publisher\" content=\"https:\/\/www.facebook.com\/DarMaziKurmanci\" \/>\n<meta property=\"article:published_time\" content=\"2026-01-25T14:31:08+00:00\" \/>\n<meta property=\"og:image\" content=\"https:\/\/darkamazi.info\/file\/2026\/01\/Kobane-Karesat.jpg\" \/>\n\t<meta property=\"og:image:width\" content=\"900\" \/>\n\t<meta property=\"og:image:height\" content=\"500\" \/>\n\t<meta property=\"og:image:type\" content=\"image\/jpeg\" \/>\n<meta name=\"author\" content=\"darka mazi\" \/>\n<meta name=\"twitter:card\" content=\"summary_large_image\" \/>\n<meta name=\"twitter:creator\" content=\"@DarkaMaziLatini\" \/>\n<meta name=\"twitter:site\" content=\"@DarkaMaziLatini\" \/>\n<meta name=\"twitter:label1\" content=\"Written by\" \/>\n\t<meta name=\"twitter:data1\" content=\"darka mazi\" \/>\n\t<meta name=\"twitter:label2\" content=\"Est. reading time\" \/>\n\t<meta name=\"twitter:data2\" content=\"2 minutes\" \/>\n<script type=\"application\/ld+json\" class=\"seo-schema-graph\">{\"@context\":\"https:\\\/\\\/schema.org\",\"@graph\":[{\"@type\":\"Article\",\"@id\":\"https:\\\/\\\/darkamazi.info\\\/archives\\\/1051535#article\",\"isPartOf\":{\"@id\":\"https:\\\/\\\/darkamazi.info\\\/archives\\\/1051535\"},\"author\":{\"name\":\"darka mazi\",\"@id\":\"https:\\\/\\\/darkamazi.info\\\/#\\\/schema\\\/person\\\/5ad3e24553a0567993fa8ed4bd0a776c\"},\"headline\":\"Li Kobaniy\u00ea karesata mirov\u00ee: 6 zarokan can\u00ea xwe ji dest da\",\"datePublished\":\"2026-01-25T14:31:08+00:00\",\"mainEntityOfPage\":{\"@id\":\"https:\\\/\\\/darkamazi.info\\\/archives\\\/1051535\"},\"wordCount\":336,\"publisher\":{\"@id\":\"https:\\\/\\\/darkamazi.info\\\/#organization\"},\"image\":{\"@id\":\"https:\\\/\\\/darkamazi.info\\\/archives\\\/1051535#primaryimage\"},\"thumbnailUrl\":\"https:\\\/\\\/darkamazi.info\\\/darka-content\\\/uploads\\\/2026\\\/01\\\/Kobane-Karesat.jpg\",\"keywords\":[\"sereke\"],\"articleSection\":[\"Kurdistan\"],\"inLanguage\":\"en-US\"},{\"@type\":\"WebPage\",\"@id\":\"https:\\\/\\\/darkamazi.info\\\/archives\\\/1051535\",\"url\":\"https:\\\/\\\/darkamazi.info\\\/archives\\\/1051535\",\"name\":\"Li Kobaniy\u00ea karesata mirov\u00ee: 6 zarokan can\u00ea xwe ji dest da - Darka Maz\u00ee\",\"isPartOf\":{\"@id\":\"https:\\\/\\\/darkamazi.info\\\/#website\"},\"primaryImageOfPage\":{\"@id\":\"https:\\\/\\\/darkamazi.info\\\/archives\\\/1051535#primaryimage\"},\"image\":{\"@id\":\"https:\\\/\\\/darkamazi.info\\\/archives\\\/1051535#primaryimage\"},\"thumbnailUrl\":\"https:\\\/\\\/darkamazi.info\\\/darka-content\\\/uploads\\\/2026\\\/01\\\/Kobane-Karesat.jpg\",\"datePublished\":\"2026-01-25T14:31:08+00:00\",\"breadcrumb\":{\"@id\":\"https:\\\/\\\/darkamazi.info\\\/archives\\\/1051535#breadcrumb\"},\"inLanguage\":\"en-US\",\"potentialAction\":[{\"@type\":\"ReadAction\",\"target\":[\"https:\\\/\\\/darkamazi.info\\\/archives\\\/1051535\"]}]},{\"@type\":\"ImageObject\",\"inLanguage\":\"en-US\",\"@id\":\"https:\\\/\\\/darkamazi.info\\\/archives\\\/1051535#primaryimage\",\"url\":\"https:\\\/\\\/darkamazi.info\\\/darka-content\\\/uploads\\\/2026\\\/01\\\/Kobane-Karesat.jpg\",\"contentUrl\":\"https:\\\/\\\/darkamazi.info\\\/darka-content\\\/uploads\\\/2026\\\/01\\\/Kobane-Karesat.jpg\",\"width\":900,\"height\":500,\"caption\":\"Kobane-Karesat\"},{\"@type\":\"BreadcrumbList\",\"@id\":\"https:\\\/\\\/darkamazi.info\\\/archives\\\/1051535#breadcrumb\",\"itemListElement\":[{\"@type\":\"ListItem\",\"position\":1,\"name\":\"Home\",\"item\":\"https:\\\/\\\/darkamazi.info\\\/\"},{\"@type\":\"ListItem\",\"position\":2,\"name\":\"Li Kobaniy\u00ea karesata mirov\u00ee: 6 zarokan can\u00ea xwe ji dest da\"}]},{\"@type\":\"WebSite\",\"@id\":\"https:\\\/\\\/darkamazi.info\\\/#website\",\"url\":\"https:\\\/\\\/darkamazi.info\\\/\",\"name\":\"Darka Maz\u00ee\",\"description\":\"P\u00eageha Zanyariy\u00ean Nebih\u00eest\u00ee\",\"publisher\":{\"@id\":\"https:\\\/\\\/darkamazi.info\\\/#organization\"},\"potentialAction\":[{\"@type\":\"SearchAction\",\"target\":{\"@type\":\"EntryPoint\",\"urlTemplate\":\"https:\\\/\\\/darkamazi.info\\\/?s={search_term_string}\"},\"query-input\":{\"@type\":\"PropertyValueSpecification\",\"valueRequired\":true,\"valueName\":\"search_term_string\"}}],\"inLanguage\":\"en-US\"},{\"@type\":\"Organization\",\"@id\":\"https:\\\/\\\/darkamazi.info\\\/#organization\",\"name\":\"Darka Maz\u00ee\",\"url\":\"https:\\\/\\\/darkamazi.info\\\/\",\"logo\":{\"@type\":\"ImageObject\",\"inLanguage\":\"en-US\",\"@id\":\"https:\\\/\\\/darkamazi.info\\\/#\\\/schema\\\/logo\\\/image\\\/\",\"url\":\"https:\\\/\\\/darkamazi.info\\\/darka-content\\\/uploads\\\/2017\\\/12\\\/darka-mazi-logo.png\",\"contentUrl\":\"https:\\\/\\\/darkamazi.info\\\/darka-content\\\/uploads\\\/2017\\\/12\\\/darka-mazi-logo.png\",\"width\":151,\"height\":75,\"caption\":\"Darka Maz\u00ee\"},\"image\":{\"@id\":\"https:\\\/\\\/darkamazi.info\\\/#\\\/schema\\\/logo\\\/image\\\/\"},\"sameAs\":[\"https:\\\/\\\/www.facebook.com\\\/DarMaziKurmanci\",\"https:\\\/\\\/x.com\\\/DarkaMaziLatini\",\"https:\\\/\\\/www.instagram.com\\\/darkamazi.kurmanci\\\/\",\"https:\\\/\\\/www.youtube.com\\\/channel\\\/UCa5HkTdmI8U1qCUFuTw8B2g\"]},{\"@type\":\"Person\",\"@id\":\"https:\\\/\\\/darkamazi.info\\\/#\\\/schema\\\/person\\\/5ad3e24553a0567993fa8ed4bd0a776c\",\"name\":\"darka mazi\",\"sameAs\":[\"https:\\\/\\\/darkamazi.info\\\/\"],\"url\":\"https:\\\/\\\/darkamazi.info\\\/archives\\\/author\\\/kurdi\"}]}<\/script>\n<!-- \/ Yoast SEO plugin. -->","seo_head_json":{"title":"Li Kobaniy\u00ea karesata mirov\u00ee: 6 zarokan can\u00ea xwe ji dest da - Darka Maz\u00ee","robots":{"index":"index","follow":"follow","max-snippet":"max-snippet:-1","max-image-preview":"max-image-preview:large","max-video-preview":"max-video-preview:-1"},"canonical":"https:\/\/darkamazi.info\/archives\/1051535","og_locale":"en_US","og_type":"article","og_title":"Li Kobaniy\u00ea karesata mirov\u00ee: 6 zarokan can\u00ea xwe ji dest da - Darka Maz\u00ee","og_description":"Ji ber tundb\u00fbna dorp\u00ea\u00e7a li ser bajar\u00ea Kobaniy\u00ea y\u00ea Rojavay\u00ea Kurdistan\u00ea, xwarin, derman \u00fb sotemen\u00ee ber bi xelasb\u00fbn\u00ea ve di\u00e7in. Hevseroka Heyva Sor a Kurd da zan\u00een ku ji ber neb\u00fbna oks\u00eejen \u00fb sermay\u00ea 6 zarokan can\u00ea xwe ji dest daye \u00fb &#8220;ard bi dest nakeve.&#8221; Hevseroka Heyva Sor a Kurd a li Rojavay\u00ea Kurdistan\u00ea [&hellip;]","og_url":"https:\/\/darkamazi.info\/archives\/1051535","og_site_name":"Darka Maz\u00ee","article_publisher":"https:\/\/www.facebook.com\/DarMaziKurmanci","article_published_time":"2026-01-25T14:31:08+00:00","og_image":[{"width":900,"height":500,"url":"https:\/\/darkamazi.info\/file\/2026\/01\/Kobane-Karesat.jpg","type":"image\/jpeg"}],"author":"darka mazi","twitter_card":"summary_large_image","twitter_creator":"@DarkaMaziLatini","twitter_site":"@DarkaMaziLatini","twitter_misc":{"Written by":"darka mazi","Est. reading time":"2 minutes"},"schema":{"@context":"https:\/\/schema.org","@graph":[{"@type":"Article","@id":"https:\/\/darkamazi.info\/archives\/1051535#article","isPartOf":{"@id":"https:\/\/darkamazi.info\/archives\/1051535"},"author":{"name":"darka mazi","@id":"https:\/\/darkamazi.info\/#\/schema\/person\/5ad3e24553a0567993fa8ed4bd0a776c"},"headline":"Li Kobaniy\u00ea karesata mirov\u00ee: 6 zarokan can\u00ea xwe ji dest da","datePublished":"2026-01-25T14:31:08+00:00","mainEntityOfPage":{"@id":"https:\/\/darkamazi.info\/archives\/1051535"},"wordCount":336,"publisher":{"@id":"https:\/\/darkamazi.info\/#organization"},"image":{"@id":"https:\/\/darkamazi.info\/archives\/1051535#primaryimage"},"thumbnailUrl":"https:\/\/darkamazi.info\/file\/2026\/01\/Kobane-Karesat.jpg","keywords":["sereke"],"articleSection":["Kurdistan"],"inLanguage":"en-US"},{"@type":"WebPage","@id":"https:\/\/darkamazi.info\/archives\/1051535","url":"https:\/\/darkamazi.info\/archives\/1051535","name":"Li Kobaniy\u00ea karesata mirov\u00ee: 6 zarokan can\u00ea xwe ji dest da - Darka Maz\u00ee","isPartOf":{"@id":"https:\/\/darkamazi.info\/#website"},"primaryImageOfPage":{"@id":"https:\/\/darkamazi.info\/archives\/1051535#primaryimage"},"image":{"@id":"https:\/\/darkamazi.info\/archives\/1051535#primaryimage"},"thumbnailUrl":"https:\/\/darkamazi.info\/file\/2026\/01\/Kobane-Karesat.jpg","datePublished":"2026-01-25T14:31:08+00:00","breadcrumb":{"@id":"https:\/\/darkamazi.info\/archives\/1051535#breadcrumb"},"inLanguage":"en-US","potentialAction":[{"@type":"ReadAction","target":["https:\/\/darkamazi.info\/archives\/1051535"]}]},{"@type":"ImageObject","inLanguage":"en-US","@id":"https:\/\/darkamazi.info\/archives\/1051535#primaryimage","url":"https:\/\/darkamazi.info\/file\/2026\/01\/Kobane-Karesat.jpg","contentUrl":"https:\/\/darkamazi.info\/file\/2026\/01\/Kobane-Karesat.jpg","width":900,"height":500,"caption":"Kobane-Karesat"},{"@type":"BreadcrumbList","@id":"https:\/\/darkamazi.info\/archives\/1051535#breadcrumb","itemListElement":[{"@type":"ListItem","position":1,"name":"Home","item":"https:\/\/darkamazi.info\/"},{"@type":"ListItem","position":2,"name":"Li Kobaniy\u00ea karesata mirov\u00ee: 6 zarokan can\u00ea xwe ji dest da"}]},{"@type":"WebSite","@id":"https:\/\/darkamazi.info\/#website","url":"https:\/\/darkamazi.info\/","name":"Darka Maz\u00ee","description":"P\u00eageha Zanyariy\u00ean Nebih\u00eest\u00ee","publisher":{"@id":"https:\/\/darkamazi.info\/#organization"},"potentialAction":[{"@type":"SearchAction","target":{"@type":"EntryPoint","urlTemplate":"https:\/\/darkamazi.info\/?s={search_term_string}"},"query-input":{"@type":"PropertyValueSpecification","valueRequired":true,"valueName":"search_term_string"}}],"inLanguage":"en-US"},{"@type":"Organization","@id":"https:\/\/darkamazi.info\/#organization","name":"Darka Maz\u00ee","url":"https:\/\/darkamazi.info\/","logo":{"@type":"ImageObject","inLanguage":"en-US","@id":"https:\/\/darkamazi.info\/#\/schema\/logo\/image\/","url":"https:\/\/darkamazi.info\/file\/2017\/12\/darka-mazi-logo.png","contentUrl":"https:\/\/darkamazi.info\/file\/2017\/12\/darka-mazi-logo.png","width":151,"height":75,"caption":"Darka Maz\u00ee"},"image":{"@id":"https:\/\/darkamazi.info\/#\/schema\/logo\/image\/"},"sameAs":["https:\/\/www.facebook.com\/DarMaziKurmanci","https:\/\/x.com\/DarkaMaziLatini","https:\/\/www.instagram.com\/darkamazi.kurmanci\/","https:\/\/www.youtube.com\/channel\/UCa5HkTdmI8U1qCUFuTw8B2g"]},{"@type":"Person","@id":"https:\/\/darkamazi.info\/#\/schema\/person\/5ad3e24553a0567993fa8ed4bd0a776c","name":"darka mazi","sameAs":["https:\/\/darkamazi.info\/"],"url":"https:\/\/darkamazi.info\/archives\/author\/kurdi"}]}},"_links":{"self":[{"href":"https:\/\/darkamazi.info\/funavuv\/wp\/v2\/posts\/1051535","targetHints":{"allow":["GET"]}}],"collection":[{"href":"https:\/\/darkamazi.info\/funavuv\/wp\/v2\/posts"}],"about":[{"href":"https:\/\/darkamazi.info\/funavuv\/wp\/v2\/types\/post"}],"author":[{"embeddable":true,"href":"https:\/\/darkamazi.info\/funavuv\/wp\/v2\/users\/2"}],"replies":[{"embeddable":true,"href":"https:\/\/darkamazi.info\/funavuv\/wp\/v2\/comments?post=1051535"}],"version-history":[{"count":0,"href":"https:\/\/darkamazi.info\/funavuv\/wp\/v2\/posts\/1051535\/revisions"}],"wp:featuredmedia":[{"embeddable":true,"href":"https:\/\/darkamazi.info\/funavuv\/wp\/v2\/media\/1051536"}],"wp:attachment":[{"href":"https:\/\/darkamazi.info\/funavuv\/wp\/v2\/media?parent=1051535"}],"wp:term":[{"taxonomy":"category","embeddable":true,"href":"https:\/\/darkamazi.info\/funavuv\/wp\/v2\/categories?post=1051535"},{"taxonomy":"post_tag","embeddable":true,"href":"https:\/\/darkamazi.info\/funavuv\/wp\/v2\/tags?post=1051535"}],"curies":[{"name":"wp","href":"https:\/\/api.w.org\/{rel}","templated":true}]}}