{"id":1051540,"date":"2026-01-26T09:33:01","date_gmt":"2026-01-26T06:33:01","guid":{"rendered":"https:\/\/darkamazi.info\/?p=1051540"},"modified":"2026-01-26T09:33:01","modified_gmt":"2026-01-26T06:33:01","slug":"enks-daxwaz-dike-ser-were-rawestandin-u-dorpeca-li-ser-kobani-were-rakirin","status":"publish","type":"post","link":"https:\/\/darkamazi.info\/archives\/1051540","title":{"rendered":"ENKS daxwaz dike \u015fer were rawestandin \u00fb dorp\u00ea\u00e7a li ser Koban\u00ee were rakirin"},"content":{"rendered":"<h3 style=\"text-align: justify\"><span style=\"font-family: 'arial black', sans-serif\">Enc\u00fbmena Ni\u015ftiman\u00ee ya Kurd li S\u00fbriyey\u00ea (ENKS) derbar\u00ea p\u00ea\u015fhat\u00ean daw\u00ee y\u00ean le\u015fker\u00ee \u00fb siyas\u00ee y\u00ean li Rojavay\u00ea Kurdistan\u00ea \u00fb S\u00fbriyey\u00ea daxuyaniyek belav kir. ENKS\u00ea di daxuyaniya xwe de pi\u015ftgiriya xwe ji bo hewildan\u00ean Serok Mes\u00fbd Barzan\u00ee n\u00ee\u015fan da \u00fb bang kir ku ziman\u00ea diyalog\u00ea bibe bingeha \u00e7areserkirina nakokiyan.<\/span><\/h3>\n<h3 style=\"text-align: justify\"><span style=\"font-family: 'arial black', sans-serif\">Pi\u015ftgir\u00ee ji bo hewildan\u00ean Serok Barzan\u00ee<\/span><\/h3>\n<h3 style=\"text-align: justify\">Sekreteriya Gi\u015ft\u00ee ya ENKS\u00ea di daxuyaniya xwe de bal ki\u015fand ser gir\u00eengiya navbeynkariya Serok Mes\u00fbd Barzan\u00ee \u00fb ragihand: &#8220;Em pi\u015ftgiriya hewildan\u00ean Cenab\u00ea Serok Mes\u00fbd Barzan\u00ee dikin, ku wek\u00ee dergehek\u00ee sereke ji bo k\u00eamkirina rage\u015fiy\u00ea \u00fb rawestandina \u015fer in. Ev hewildan derfeteke rast\u00een in ku p\u00eavajoya siyas\u00ee d\u00eesa zind\u00ee bibe \u00fb ziman\u00ea d\u00eeyalog\u00ea li \u015f\u00fbna \u015fer bi ser bikeve.&#8221;<\/h3>\n<h3 style=\"text-align: justify\">&#8220;Pirsa Kurd\u00ee ne daxwazeke demk\u00ee ye&#8221;<\/h3>\n<h3 style=\"text-align: justify\">Di daxuyaniy\u00ea de hat destn\u00ee\u015fankirin ku pirsa Kurd\u00ee li S\u00fbriyey\u00ea karesateke siyas\u00ee \u00fb netewey\u00ee ye ku bi binyada dewlet\u00ea ve gir\u00eaday\u00ee ye. ENKS\u00ea tekez kir ku \u00e7areseriya v\u00ea pirs\u00ea bi misogerkirina maf\u00ean dest\u00fbr\u00ee \u00fb naskirina siyas\u00ee di \u00e7ar\u00e7oveyeke ni\u015ftiman\u00ee ya gi\u015ft\u00ee de p\u00eakan e.<\/h3>\n<h3 style=\"text-align: justify\"><span style=\"font-family: 'arial black', sans-serif\">5 daxwaz\u00ean sereke y\u00ean ENKS\u00ea<\/span><\/h3>\n<h3 style=\"text-align: justify\">Enc\u00fbmena Ni\u015ftiman\u00ee ya Kurd daxwaz\u00ean xwe y\u00ean ji bo qonaxa n\u00fb bi v\u00ee reng\u00ee r\u00eaz kirin:<\/h3>\n<h3 style=\"text-align: justify\">&#8211; Rawestandina \u015eer: P\u00eaw\u00eest e hem\u00fb \u00e7alakiy\u00ean le\u015fker\u00ee tavil\u00ea bisekinin \u00fb ji bo avakirina S\u00fbriyeya n\u00fb d\u00eeyalog were destp\u00eakirin.<\/h3>\n<h3 style=\"text-align: justify\">&#8211; Rakirina Dorp\u00ea\u00e7a Koban\u00ee: Div\u00ea hem\u00fb dorp\u00ea\u00e7 \u00fb astengiy\u00ean li ser bajar\u00ea Koban\u00ee werin rakirin, al\u00eekariy\u00ean mirov\u00ee bigih\u00eajin baj\u00ear \u00fb \u00e7\u00fbn\u00fbhatina welatiyan b\u00ea asteng be.<\/h3>\n<h3 style=\"text-align: justify\">&#8211; Be\u015fdariya Siyas\u00ee \u00fb Biryarnameya 13: Div\u00ea pirsa Kurd\u00ee di p\u00eavajoya siyas\u00ee de bibe p\u00ea\u015feng \u00fb Kurd bi \u015fandeke hevbe\u015f di dan\u00fbstandinan de cih bigirin. ENKS\u00ea herwiha biryarnameya hejmar 13 a serokatiya komar\u00ea wek\u00ee &#8220;p\u00eangaveke er\u00ean\u00ee ya destp\u00eak\u00ea&#8221; nirxand.<\/h3>\n<h3 style=\"text-align: justify\">&#8211; Parastina A\u015ftiya Civak\u00ee: Div\u00ea p\u00eakhatey\u00ean civak\u00ea werin parastin \u00fb r\u00ea li ber ziman\u00ea nefret\u00ea \u00fb tundrewiy\u00ea were girtin.<\/h3>\n<h3 style=\"text-align: justify\">&#8211; Vegera Ko\u00e7beran: Vegera bi r\u00fbmet \u00fb ewle ya penaber \u00fb ko\u00e7beran ji bo mal\u00ean wan, wek\u00ee erkeke mirov\u00ee ya sereke hat p\u00eanasekirin.<\/h3>\n<h3 style=\"text-align: justify\"><span style=\"font-family: 'arial black', sans-serif\">Spasiya ji bo Dezgeha Barzaniya X\u00earxwaziy\u00ea<\/span><\/h3>\n<h3 style=\"text-align: justify\">ENKS\u00ea di daxuyaniya xwe de pesna kar\u00ean mirov\u00ee y\u00ean r\u00eaxistin\u00ean navdewlet\u00ee \u00fb bi taybet\u00ee Dezgeha Barzaniya X\u00earxwaziy\u00ea (BCF) da, ku di al\u00eekar\u00eekirina ko\u00e7ber \u00fb l\u00eaqewimiyan de roleke mezin l\u00eestine.<\/h3>\n<h3 style=\"text-align: justify\">Di dawiya daxuyaniy\u00ea de, ENKS\u00ea bang li hem\u00fb h\u00eaz\u00ean ni\u015ftiman\u00ee y\u00ean S\u00fbriyey\u00ea kir ku v\u00ea qonax\u00ea wek\u00ee derfetek\u00ea bib\u00eenin ji bo avakirina dewleteke demokrat\u00eek, nenendend\u00ee (federal\/nenasend\u00ee) \u00fb dadperwer ku maf\u00ean hem\u00fb p\u00eakhateyan t\u00ea de parast\u00ee bin.<\/h3>\n","protected":false},"excerpt":{"rendered":"<p>Enc\u00fbmena Ni\u015ftiman\u00ee ya Kurd li S\u00fbriyey\u00ea (ENKS) derbar\u00ea p\u00ea\u015fhat\u00ean daw\u00ee y\u00ean le\u015fker\u00ee \u00fb siyas\u00ee y\u00ean li Rojavay\u00ea Kurdistan\u00ea \u00fb S\u00fbriyey\u00ea daxuyaniyek belav kir. ENKS\u00ea di daxuyaniya xwe de pi\u015ftgiriya xwe ji bo hewildan\u00ean Serok Mes\u00fbd Barzan\u00ee n\u00ee\u015fan da \u00fb bang kir ku ziman\u00ea diyalog\u00ea bibe bingeha \u00e7areserkirina nakokiyan. Pi\u015ftgir\u00ee ji bo hewildan\u00ean Serok Barzan\u00ee Sekreteriya [&hellip;]<\/p>\n","protected":false},"author":2,"featured_media":1051541,"comment_status":"closed","ping_status":"closed","sticky":false,"template":"","format":"standard","meta":{"footnotes":""},"categories":[29],"tags":[37],"class_list":["post-1051540","post","type-post","status-publish","format-standard","has-post-thumbnail","hentry","category-kurdistan","tag-sereke"],"blocksy_meta":[],"seo_head":"<!-- This site is optimized with the Yoast SEO plugin v27.5 - https:\/\/yoast.com\/product\/yoast-seo-wordpress\/ -->\n<title>ENKS daxwaz dike \u015fer were rawestandin \u00fb dorp\u00ea\u00e7a li ser Koban\u00ee were rakirin - Darka Maz\u00ee<\/title>\n<meta name=\"robots\" content=\"index, follow, max-snippet:-1, max-image-preview:large, max-video-preview:-1\" \/>\n<link rel=\"canonical\" href=\"https:\/\/darkamazi.info\/archives\/1051540\" \/>\n<meta property=\"og:locale\" content=\"en_US\" \/>\n<meta property=\"og:type\" content=\"article\" \/>\n<meta property=\"og:title\" content=\"ENKS daxwaz dike \u015fer were rawestandin \u00fb dorp\u00ea\u00e7a li ser Koban\u00ee were rakirin - Darka Maz\u00ee\" \/>\n<meta property=\"og:description\" content=\"Enc\u00fbmena Ni\u015ftiman\u00ee ya Kurd li S\u00fbriyey\u00ea (ENKS) derbar\u00ea p\u00ea\u015fhat\u00ean daw\u00ee y\u00ean le\u015fker\u00ee \u00fb siyas\u00ee y\u00ean li Rojavay\u00ea Kurdistan\u00ea \u00fb S\u00fbriyey\u00ea daxuyaniyek belav kir. ENKS\u00ea di daxuyaniya xwe de pi\u015ftgiriya xwe ji bo hewildan\u00ean Serok Mes\u00fbd Barzan\u00ee n\u00ee\u015fan da \u00fb bang kir ku ziman\u00ea diyalog\u00ea bibe bingeha \u00e7areserkirina nakokiyan. Pi\u015ftgir\u00ee ji bo hewildan\u00ean Serok Barzan\u00ee Sekreteriya [&hellip;]\" \/>\n<meta property=\"og:url\" content=\"https:\/\/darkamazi.info\/archives\/1051540\" \/>\n<meta property=\"og:site_name\" content=\"Darka Maz\u00ee\" \/>\n<meta property=\"article:publisher\" content=\"https:\/\/www.facebook.com\/DarMaziKurmanci\" \/>\n<meta property=\"article:published_time\" content=\"2026-01-26T06:33:01+00:00\" \/>\n<meta property=\"og:image\" content=\"https:\/\/darkamazi.info\/file\/2026\/01\/enks-rojava-1-1.jpg\" \/>\n\t<meta property=\"og:image:width\" content=\"900\" \/>\n\t<meta property=\"og:image:height\" content=\"497\" \/>\n\t<meta property=\"og:image:type\" content=\"image\/jpeg\" \/>\n<meta name=\"author\" content=\"darka mazi\" \/>\n<meta name=\"twitter:card\" content=\"summary_large_image\" \/>\n<meta name=\"twitter:creator\" content=\"@DarkaMaziLatini\" \/>\n<meta name=\"twitter:site\" content=\"@DarkaMaziLatini\" \/>\n<meta name=\"twitter:label1\" content=\"Written by\" \/>\n\t<meta name=\"twitter:data1\" content=\"darka mazi\" \/>\n\t<meta name=\"twitter:label2\" content=\"Est. reading time\" \/>\n\t<meta name=\"twitter:data2\" content=\"2 minutes\" \/>\n<script type=\"application\/ld+json\" class=\"seo-schema-graph\">{\"@context\":\"https:\\\/\\\/schema.org\",\"@graph\":[{\"@type\":\"Article\",\"@id\":\"https:\\\/\\\/darkamazi.info\\\/archives\\\/1051540#article\",\"isPartOf\":{\"@id\":\"https:\\\/\\\/darkamazi.info\\\/archives\\\/1051540\"},\"author\":{\"name\":\"darka mazi\",\"@id\":\"https:\\\/\\\/darkamazi.info\\\/#\\\/schema\\\/person\\\/5ad3e24553a0567993fa8ed4bd0a776c\"},\"headline\":\"ENKS daxwaz dike \u015fer were rawestandin \u00fb dorp\u00ea\u00e7a li ser Koban\u00ee were rakirin\",\"datePublished\":\"2026-01-26T06:33:01+00:00\",\"mainEntityOfPage\":{\"@id\":\"https:\\\/\\\/darkamazi.info\\\/archives\\\/1051540\"},\"wordCount\":463,\"publisher\":{\"@id\":\"https:\\\/\\\/darkamazi.info\\\/#organization\"},\"image\":{\"@id\":\"https:\\\/\\\/darkamazi.info\\\/archives\\\/1051540#primaryimage\"},\"thumbnailUrl\":\"https:\\\/\\\/darkamazi.info\\\/darka-content\\\/uploads\\\/2026\\\/01\\\/enks-rojava-1-1.jpg\",\"keywords\":[\"sereke\"],\"articleSection\":[\"Kurdistan\"],\"inLanguage\":\"en-US\"},{\"@type\":\"WebPage\",\"@id\":\"https:\\\/\\\/darkamazi.info\\\/archives\\\/1051540\",\"url\":\"https:\\\/\\\/darkamazi.info\\\/archives\\\/1051540\",\"name\":\"ENKS daxwaz dike \u015fer were rawestandin \u00fb dorp\u00ea\u00e7a li ser Koban\u00ee were rakirin - Darka Maz\u00ee\",\"isPartOf\":{\"@id\":\"https:\\\/\\\/darkamazi.info\\\/#website\"},\"primaryImageOfPage\":{\"@id\":\"https:\\\/\\\/darkamazi.info\\\/archives\\\/1051540#primaryimage\"},\"image\":{\"@id\":\"https:\\\/\\\/darkamazi.info\\\/archives\\\/1051540#primaryimage\"},\"thumbnailUrl\":\"https:\\\/\\\/darkamazi.info\\\/darka-content\\\/uploads\\\/2026\\\/01\\\/enks-rojava-1-1.jpg\",\"datePublished\":\"2026-01-26T06:33:01+00:00\",\"breadcrumb\":{\"@id\":\"https:\\\/\\\/darkamazi.info\\\/archives\\\/1051540#breadcrumb\"},\"inLanguage\":\"en-US\",\"potentialAction\":[{\"@type\":\"ReadAction\",\"target\":[\"https:\\\/\\\/darkamazi.info\\\/archives\\\/1051540\"]}]},{\"@type\":\"ImageObject\",\"inLanguage\":\"en-US\",\"@id\":\"https:\\\/\\\/darkamazi.info\\\/archives\\\/1051540#primaryimage\",\"url\":\"https:\\\/\\\/darkamazi.info\\\/darka-content\\\/uploads\\\/2026\\\/01\\\/enks-rojava-1-1.jpg\",\"contentUrl\":\"https:\\\/\\\/darkamazi.info\\\/darka-content\\\/uploads\\\/2026\\\/01\\\/enks-rojava-1-1.jpg\",\"width\":900,\"height\":497,\"caption\":\"ENKS daxwaz dike \u015fer were rawestandin \u00fb dorp\u00ea\u00e7a li ser Koban\u00ee were rakirin\"},{\"@type\":\"BreadcrumbList\",\"@id\":\"https:\\\/\\\/darkamazi.info\\\/archives\\\/1051540#breadcrumb\",\"itemListElement\":[{\"@type\":\"ListItem\",\"position\":1,\"name\":\"Home\",\"item\":\"https:\\\/\\\/darkamazi.info\\\/\"},{\"@type\":\"ListItem\",\"position\":2,\"name\":\"ENKS daxwaz dike \u015fer were rawestandin \u00fb dorp\u00ea\u00e7a li ser Koban\u00ee were rakirin\"}]},{\"@type\":\"WebSite\",\"@id\":\"https:\\\/\\\/darkamazi.info\\\/#website\",\"url\":\"https:\\\/\\\/darkamazi.info\\\/\",\"name\":\"Darka Maz\u00ee\",\"description\":\"P\u00eageha Zanyariy\u00ean Nebih\u00eest\u00ee\",\"publisher\":{\"@id\":\"https:\\\/\\\/darkamazi.info\\\/#organization\"},\"potentialAction\":[{\"@type\":\"SearchAction\",\"target\":{\"@type\":\"EntryPoint\",\"urlTemplate\":\"https:\\\/\\\/darkamazi.info\\\/?s={search_term_string}\"},\"query-input\":{\"@type\":\"PropertyValueSpecification\",\"valueRequired\":true,\"valueName\":\"search_term_string\"}}],\"inLanguage\":\"en-US\"},{\"@type\":\"Organization\",\"@id\":\"https:\\\/\\\/darkamazi.info\\\/#organization\",\"name\":\"Darka Maz\u00ee\",\"url\":\"https:\\\/\\\/darkamazi.info\\\/\",\"logo\":{\"@type\":\"ImageObject\",\"inLanguage\":\"en-US\",\"@id\":\"https:\\\/\\\/darkamazi.info\\\/#\\\/schema\\\/logo\\\/image\\\/\",\"url\":\"https:\\\/\\\/darkamazi.info\\\/darka-content\\\/uploads\\\/2017\\\/12\\\/darka-mazi-logo.png\",\"contentUrl\":\"https:\\\/\\\/darkamazi.info\\\/darka-content\\\/uploads\\\/2017\\\/12\\\/darka-mazi-logo.png\",\"width\":151,\"height\":75,\"caption\":\"Darka Maz\u00ee\"},\"image\":{\"@id\":\"https:\\\/\\\/darkamazi.info\\\/#\\\/schema\\\/logo\\\/image\\\/\"},\"sameAs\":[\"https:\\\/\\\/www.facebook.com\\\/DarMaziKurmanci\",\"https:\\\/\\\/x.com\\\/DarkaMaziLatini\",\"https:\\\/\\\/www.instagram.com\\\/darkamazi.kurmanci\\\/\",\"https:\\\/\\\/www.youtube.com\\\/channel\\\/UCa5HkTdmI8U1qCUFuTw8B2g\"]},{\"@type\":\"Person\",\"@id\":\"https:\\\/\\\/darkamazi.info\\\/#\\\/schema\\\/person\\\/5ad3e24553a0567993fa8ed4bd0a776c\",\"name\":\"darka mazi\",\"sameAs\":[\"https:\\\/\\\/darkamazi.info\\\/\"],\"url\":\"https:\\\/\\\/darkamazi.info\\\/archives\\\/author\\\/kurdi\"}]}<\/script>\n<!-- \/ Yoast SEO plugin. -->","seo_head_json":{"title":"ENKS daxwaz dike \u015fer were rawestandin \u00fb dorp\u00ea\u00e7a li ser Koban\u00ee were rakirin - Darka Maz\u00ee","robots":{"index":"index","follow":"follow","max-snippet":"max-snippet:-1","max-image-preview":"max-image-preview:large","max-video-preview":"max-video-preview:-1"},"canonical":"https:\/\/darkamazi.info\/archives\/1051540","og_locale":"en_US","og_type":"article","og_title":"ENKS daxwaz dike \u015fer were rawestandin \u00fb dorp\u00ea\u00e7a li ser Koban\u00ee were rakirin - Darka Maz\u00ee","og_description":"Enc\u00fbmena Ni\u015ftiman\u00ee ya Kurd li S\u00fbriyey\u00ea (ENKS) derbar\u00ea p\u00ea\u015fhat\u00ean daw\u00ee y\u00ean le\u015fker\u00ee \u00fb siyas\u00ee y\u00ean li Rojavay\u00ea Kurdistan\u00ea \u00fb S\u00fbriyey\u00ea daxuyaniyek belav kir. ENKS\u00ea di daxuyaniya xwe de pi\u015ftgiriya xwe ji bo hewildan\u00ean Serok Mes\u00fbd Barzan\u00ee n\u00ee\u015fan da \u00fb bang kir ku ziman\u00ea diyalog\u00ea bibe bingeha \u00e7areserkirina nakokiyan. Pi\u015ftgir\u00ee ji bo hewildan\u00ean Serok Barzan\u00ee Sekreteriya [&hellip;]","og_url":"https:\/\/darkamazi.info\/archives\/1051540","og_site_name":"Darka Maz\u00ee","article_publisher":"https:\/\/www.facebook.com\/DarMaziKurmanci","article_published_time":"2026-01-26T06:33:01+00:00","og_image":[{"width":900,"height":497,"url":"https:\/\/darkamazi.info\/file\/2026\/01\/enks-rojava-1-1.jpg","type":"image\/jpeg"}],"author":"darka mazi","twitter_card":"summary_large_image","twitter_creator":"@DarkaMaziLatini","twitter_site":"@DarkaMaziLatini","twitter_misc":{"Written by":"darka mazi","Est. reading time":"2 minutes"},"schema":{"@context":"https:\/\/schema.org","@graph":[{"@type":"Article","@id":"https:\/\/darkamazi.info\/archives\/1051540#article","isPartOf":{"@id":"https:\/\/darkamazi.info\/archives\/1051540"},"author":{"name":"darka mazi","@id":"https:\/\/darkamazi.info\/#\/schema\/person\/5ad3e24553a0567993fa8ed4bd0a776c"},"headline":"ENKS daxwaz dike \u015fer were rawestandin \u00fb dorp\u00ea\u00e7a li ser Koban\u00ee were rakirin","datePublished":"2026-01-26T06:33:01+00:00","mainEntityOfPage":{"@id":"https:\/\/darkamazi.info\/archives\/1051540"},"wordCount":463,"publisher":{"@id":"https:\/\/darkamazi.info\/#organization"},"image":{"@id":"https:\/\/darkamazi.info\/archives\/1051540#primaryimage"},"thumbnailUrl":"https:\/\/darkamazi.info\/file\/2026\/01\/enks-rojava-1-1.jpg","keywords":["sereke"],"articleSection":["Kurdistan"],"inLanguage":"en-US"},{"@type":"WebPage","@id":"https:\/\/darkamazi.info\/archives\/1051540","url":"https:\/\/darkamazi.info\/archives\/1051540","name":"ENKS daxwaz dike \u015fer were rawestandin \u00fb dorp\u00ea\u00e7a li ser Koban\u00ee were rakirin - Darka Maz\u00ee","isPartOf":{"@id":"https:\/\/darkamazi.info\/#website"},"primaryImageOfPage":{"@id":"https:\/\/darkamazi.info\/archives\/1051540#primaryimage"},"image":{"@id":"https:\/\/darkamazi.info\/archives\/1051540#primaryimage"},"thumbnailUrl":"https:\/\/darkamazi.info\/file\/2026\/01\/enks-rojava-1-1.jpg","datePublished":"2026-01-26T06:33:01+00:00","breadcrumb":{"@id":"https:\/\/darkamazi.info\/archives\/1051540#breadcrumb"},"inLanguage":"en-US","potentialAction":[{"@type":"ReadAction","target":["https:\/\/darkamazi.info\/archives\/1051540"]}]},{"@type":"ImageObject","inLanguage":"en-US","@id":"https:\/\/darkamazi.info\/archives\/1051540#primaryimage","url":"https:\/\/darkamazi.info\/file\/2026\/01\/enks-rojava-1-1.jpg","contentUrl":"https:\/\/darkamazi.info\/file\/2026\/01\/enks-rojava-1-1.jpg","width":900,"height":497,"caption":"ENKS daxwaz dike \u015fer were rawestandin \u00fb dorp\u00ea\u00e7a li ser Koban\u00ee were rakirin"},{"@type":"BreadcrumbList","@id":"https:\/\/darkamazi.info\/archives\/1051540#breadcrumb","itemListElement":[{"@type":"ListItem","position":1,"name":"Home","item":"https:\/\/darkamazi.info\/"},{"@type":"ListItem","position":2,"name":"ENKS daxwaz dike \u015fer were rawestandin \u00fb dorp\u00ea\u00e7a li ser Koban\u00ee were rakirin"}]},{"@type":"WebSite","@id":"https:\/\/darkamazi.info\/#website","url":"https:\/\/darkamazi.info\/","name":"Darka Maz\u00ee","description":"P\u00eageha Zanyariy\u00ean Nebih\u00eest\u00ee","publisher":{"@id":"https:\/\/darkamazi.info\/#organization"},"potentialAction":[{"@type":"SearchAction","target":{"@type":"EntryPoint","urlTemplate":"https:\/\/darkamazi.info\/?s={search_term_string}"},"query-input":{"@type":"PropertyValueSpecification","valueRequired":true,"valueName":"search_term_string"}}],"inLanguage":"en-US"},{"@type":"Organization","@id":"https:\/\/darkamazi.info\/#organization","name":"Darka Maz\u00ee","url":"https:\/\/darkamazi.info\/","logo":{"@type":"ImageObject","inLanguage":"en-US","@id":"https:\/\/darkamazi.info\/#\/schema\/logo\/image\/","url":"https:\/\/darkamazi.info\/file\/2017\/12\/darka-mazi-logo.png","contentUrl":"https:\/\/darkamazi.info\/file\/2017\/12\/darka-mazi-logo.png","width":151,"height":75,"caption":"Darka Maz\u00ee"},"image":{"@id":"https:\/\/darkamazi.info\/#\/schema\/logo\/image\/"},"sameAs":["https:\/\/www.facebook.com\/DarMaziKurmanci","https:\/\/x.com\/DarkaMaziLatini","https:\/\/www.instagram.com\/darkamazi.kurmanci\/","https:\/\/www.youtube.com\/channel\/UCa5HkTdmI8U1qCUFuTw8B2g"]},{"@type":"Person","@id":"https:\/\/darkamazi.info\/#\/schema\/person\/5ad3e24553a0567993fa8ed4bd0a776c","name":"darka mazi","sameAs":["https:\/\/darkamazi.info\/"],"url":"https:\/\/darkamazi.info\/archives\/author\/kurdi"}]}},"_links":{"self":[{"href":"https:\/\/darkamazi.info\/funavuv\/wp\/v2\/posts\/1051540","targetHints":{"allow":["GET"]}}],"collection":[{"href":"https:\/\/darkamazi.info\/funavuv\/wp\/v2\/posts"}],"about":[{"href":"https:\/\/darkamazi.info\/funavuv\/wp\/v2\/types\/post"}],"author":[{"embeddable":true,"href":"https:\/\/darkamazi.info\/funavuv\/wp\/v2\/users\/2"}],"replies":[{"embeddable":true,"href":"https:\/\/darkamazi.info\/funavuv\/wp\/v2\/comments?post=1051540"}],"version-history":[{"count":0,"href":"https:\/\/darkamazi.info\/funavuv\/wp\/v2\/posts\/1051540\/revisions"}],"wp:featuredmedia":[{"embeddable":true,"href":"https:\/\/darkamazi.info\/funavuv\/wp\/v2\/media\/1051541"}],"wp:attachment":[{"href":"https:\/\/darkamazi.info\/funavuv\/wp\/v2\/media?parent=1051540"}],"wp:term":[{"taxonomy":"category","embeddable":true,"href":"https:\/\/darkamazi.info\/funavuv\/wp\/v2\/categories?post=1051540"},{"taxonomy":"post_tag","embeddable":true,"href":"https:\/\/darkamazi.info\/funavuv\/wp\/v2\/tags?post=1051540"}],"curies":[{"name":"wp","href":"https:\/\/api.w.org\/{rel}","templated":true}]}}