{"id":1051543,"date":"2026-01-26T10:02:03","date_gmt":"2026-01-26T07:02:03","guid":{"rendered":"https:\/\/darkamazi.info\/?p=1051543"},"modified":"2026-01-26T10:02:03","modified_gmt":"2026-01-26T07:02:03","slug":"hsd-same-agirbeste-binpe-kir-zarokek-sehid-bu-u-4-servan-birindar-bun","status":"publish","type":"post","link":"https:\/\/darkamazi.info\/archives\/1051543","title":{"rendered":"HSD: \u015eam\u00ea agirbest\u00ea binp\u00ea kir, zarokek \u015feh\u00eed b\u00fb \u00fb 4 \u015fervan bir\u00eendar b\u00fbn"},"content":{"rendered":"<h3 style=\"text-align: justify\"><span style=\"font-family: 'arial black', sans-serif\">Navenda Ragihandin\u00ea ya H\u00eaz\u00ean S\u00fbriyeya Demokrat\u00eek (HSD) bi daxuyaniyek\u00ea ragihand, kom\u00ean \u00e7ekdar \u00ean ser bi &#8220;Hikumeta Demk\u00ee&#8221; ve agirbesta ku duh \u00eavar\u00ea ketib\u00fb war\u00ea cibic\u00eekirin\u00ea, bi awayek\u00ee xeternak binp\u00ea dikin. Di encama \u00eari\u015fan de li gundewar\u00ea Koban\u00ea zarokek \u015feh\u00eed b\u00fb \u00fb 4 \u015fervan\u00ean HSD&#8217;\u00ea j\u00ee bir\u00eendar b\u00fbn.<\/span><\/h3>\n<h3 style=\"text-align: justify\">Li gor\u00ee daxuyaniya HSD\u2019\u00ea ku \u015feva bor\u00ee 25\u00ea \u00c7iley\u00ea we\u015fand, tev\u00ee ku agirbest hatiye ragihandin j\u00ee, kom\u00ean \u00e7ekdar qad\u00ean siv\u00eel dikin hedef. Hat ragihandin ku saet 10:00\u2019\u00ea v\u00ea sibeh\u00ea li eniya bajarok\u00ea \u00c7elebiy\u00ea (ba\u015f\u00fbr\u00ea rojhilat\u00ea Koban\u00ea) bi panz\u00earan \u00eari\u015fek p\u00eak hatiye, l\u00ea ev \u00eari\u015f ji aliy\u00ea h\u00eaz\u00ean HSD&#8217;\u00ea ve hat \u015fikandin.<\/h3>\n<h3 style=\"text-align: justify\">Her wiha hat diyarkirin ku ji n\u00eevro ve \u00eari\u015f\u00ean li ser gund\u00ean Z\u00ear\u00eek \u00fb Qasimiy\u00ea y\u00ean rojavay\u00ea Koban\u00ea berdewam dikin. HSD\u2019\u00ea e\u015fkere kir ku di encama topbarana li ser gund\u00ea Qasimiy\u00ea de, ji malbatek\u00ea zarokek \u015feh\u00eed b\u00fbye \u00fb 3 siv\u00eel\u00ean din j\u00ee bir\u00eendar b\u00fbne.<\/h3>\n<h3 style=\"text-align: justify\">Binp\u00eakirin\u00ean agirbest\u00ea ne ten\u00ea bi Koban\u00ea s\u00eenordar man, l\u00ea bajarok\u00ean Girk\u00ea Leg\u00ea \u00fb \u00c7ilaxa li her\u00eama Ciz\u00eer\u00ea j\u00ee rast\u00ee \u00eari\u015fan hatin \u00fb di van her du \u00eari\u015fan de zirar\u00ean mad\u00ee y\u00ean mezin \u00e7\u00eab\u00fbn.<\/h3>\n<h3 style=\"text-align: justify\">Di dawiya daxuyaniy\u00ea de HSD\u2019\u00ea bang li welat\u00ean garantor kir ku berpirsyariya xwe bi cih b\u00eenin \u00fb wiha got: &#8220;Em bang li garantor\u00ean agirbest\u00ea dikin ku s\u00eenor ji van binp\u00eakirinan re deynin \u00fb kom\u00ean \u015eam\u00ea ne\u00e7ar bikin ku li gor\u00ee peyman\u00ea tevbigerin da ku jiyana siv\u00eelan were parastin.&#8221;<\/h3>\n","protected":false},"excerpt":{"rendered":"<p>Navenda Ragihandin\u00ea ya H\u00eaz\u00ean S\u00fbriyeya Demokrat\u00eek (HSD) bi daxuyaniyek\u00ea ragihand, kom\u00ean \u00e7ekdar \u00ean ser bi &#8220;Hikumeta Demk\u00ee&#8221; ve agirbesta ku duh \u00eavar\u00ea ketib\u00fb war\u00ea cibic\u00eekirin\u00ea, bi awayek\u00ee xeternak binp\u00ea dikin. Di encama \u00eari\u015fan de li gundewar\u00ea Koban\u00ea zarokek \u015feh\u00eed b\u00fb \u00fb 4 \u015fervan\u00ean HSD&#8217;\u00ea j\u00ee bir\u00eendar b\u00fbn. Li gor\u00ee daxuyaniya HSD\u2019\u00ea ku \u015feva bor\u00ee 25\u00ea [&hellip;]<\/p>\n","protected":false},"author":2,"featured_media":1051544,"comment_status":"closed","ping_status":"closed","sticky":false,"template":"","format":"standard","meta":{"footnotes":""},"categories":[29],"tags":[],"class_list":["post-1051543","post","type-post","status-publish","format-standard","has-post-thumbnail","hentry","category-kurdistan"],"blocksy_meta":[],"seo_head":"<!-- This site is optimized with the Yoast SEO plugin v27.5 - https:\/\/yoast.com\/product\/yoast-seo-wordpress\/ -->\n<title>HSD: \u015eam\u00ea agirbest\u00ea binp\u00ea kir, zarokek \u015feh\u00eed b\u00fb \u00fb 4 \u015fervan bir\u00eendar b\u00fbn - Darka Maz\u00ee<\/title>\n<meta name=\"robots\" content=\"index, follow, max-snippet:-1, max-image-preview:large, max-video-preview:-1\" \/>\n<link rel=\"canonical\" href=\"https:\/\/darkamazi.info\/archives\/1051543\" \/>\n<meta property=\"og:locale\" content=\"en_US\" \/>\n<meta property=\"og:type\" content=\"article\" \/>\n<meta property=\"og:title\" content=\"HSD: \u015eam\u00ea agirbest\u00ea binp\u00ea kir, zarokek \u015feh\u00eed b\u00fb \u00fb 4 \u015fervan bir\u00eendar b\u00fbn - Darka Maz\u00ee\" \/>\n<meta property=\"og:description\" content=\"Navenda Ragihandin\u00ea ya H\u00eaz\u00ean S\u00fbriyeya Demokrat\u00eek (HSD) bi daxuyaniyek\u00ea ragihand, kom\u00ean \u00e7ekdar \u00ean ser bi &#8220;Hikumeta Demk\u00ee&#8221; ve agirbesta ku duh \u00eavar\u00ea ketib\u00fb war\u00ea cibic\u00eekirin\u00ea, bi awayek\u00ee xeternak binp\u00ea dikin. Di encama \u00eari\u015fan de li gundewar\u00ea Koban\u00ea zarokek \u015feh\u00eed b\u00fb \u00fb 4 \u015fervan\u00ean HSD&#8217;\u00ea j\u00ee bir\u00eendar b\u00fbn. Li gor\u00ee daxuyaniya HSD\u2019\u00ea ku \u015feva bor\u00ee 25\u00ea [&hellip;]\" \/>\n<meta property=\"og:url\" content=\"https:\/\/darkamazi.info\/archives\/1051543\" \/>\n<meta property=\"og:site_name\" content=\"Darka Maz\u00ee\" \/>\n<meta property=\"article:publisher\" content=\"https:\/\/www.facebook.com\/DarMaziKurmanci\" \/>\n<meta property=\"article:published_time\" content=\"2026-01-26T07:02:03+00:00\" \/>\n<meta property=\"og:image\" content=\"https:\/\/darkamazi.info\/file\/2026\/01\/HSD-Suriye-768x424-1-1.jpg\" \/>\n\t<meta property=\"og:image:width\" content=\"768\" \/>\n\t<meta property=\"og:image:height\" content=\"424\" \/>\n\t<meta property=\"og:image:type\" content=\"image\/jpeg\" \/>\n<meta name=\"author\" content=\"darka mazi\" \/>\n<meta name=\"twitter:card\" content=\"summary_large_image\" \/>\n<meta name=\"twitter:creator\" content=\"@DarkaMaziLatini\" \/>\n<meta name=\"twitter:site\" content=\"@DarkaMaziLatini\" \/>\n<meta name=\"twitter:label1\" content=\"Written by\" \/>\n\t<meta name=\"twitter:data1\" content=\"darka mazi\" \/>\n\t<meta name=\"twitter:label2\" content=\"Est. reading time\" \/>\n\t<meta name=\"twitter:data2\" content=\"2 minutes\" \/>\n<script type=\"application\/ld+json\" class=\"seo-schema-graph\">{\"@context\":\"https:\\\/\\\/schema.org\",\"@graph\":[{\"@type\":\"Article\",\"@id\":\"https:\\\/\\\/darkamazi.info\\\/archives\\\/1051543#article\",\"isPartOf\":{\"@id\":\"https:\\\/\\\/darkamazi.info\\\/archives\\\/1051543\"},\"author\":{\"name\":\"darka mazi\",\"@id\":\"https:\\\/\\\/darkamazi.info\\\/#\\\/schema\\\/person\\\/5ad3e24553a0567993fa8ed4bd0a776c\"},\"headline\":\"HSD: \u015eam\u00ea agirbest\u00ea binp\u00ea kir, zarokek \u015feh\u00eed b\u00fb \u00fb 4 \u015fervan bir\u00eendar b\u00fbn\",\"datePublished\":\"2026-01-26T07:02:03+00:00\",\"mainEntityOfPage\":{\"@id\":\"https:\\\/\\\/darkamazi.info\\\/archives\\\/1051543\"},\"wordCount\":279,\"publisher\":{\"@id\":\"https:\\\/\\\/darkamazi.info\\\/#organization\"},\"image\":{\"@id\":\"https:\\\/\\\/darkamazi.info\\\/archives\\\/1051543#primaryimage\"},\"thumbnailUrl\":\"https:\\\/\\\/darkamazi.info\\\/darka-content\\\/uploads\\\/2026\\\/01\\\/HSD-Suriye-768x424-1-1.jpg\",\"articleSection\":[\"Kurdistan\"],\"inLanguage\":\"en-US\"},{\"@type\":\"WebPage\",\"@id\":\"https:\\\/\\\/darkamazi.info\\\/archives\\\/1051543\",\"url\":\"https:\\\/\\\/darkamazi.info\\\/archives\\\/1051543\",\"name\":\"HSD: \u015eam\u00ea agirbest\u00ea binp\u00ea kir, zarokek \u015feh\u00eed b\u00fb \u00fb 4 \u015fervan bir\u00eendar b\u00fbn - Darka Maz\u00ee\",\"isPartOf\":{\"@id\":\"https:\\\/\\\/darkamazi.info\\\/#website\"},\"primaryImageOfPage\":{\"@id\":\"https:\\\/\\\/darkamazi.info\\\/archives\\\/1051543#primaryimage\"},\"image\":{\"@id\":\"https:\\\/\\\/darkamazi.info\\\/archives\\\/1051543#primaryimage\"},\"thumbnailUrl\":\"https:\\\/\\\/darkamazi.info\\\/darka-content\\\/uploads\\\/2026\\\/01\\\/HSD-Suriye-768x424-1-1.jpg\",\"datePublished\":\"2026-01-26T07:02:03+00:00\",\"breadcrumb\":{\"@id\":\"https:\\\/\\\/darkamazi.info\\\/archives\\\/1051543#breadcrumb\"},\"inLanguage\":\"en-US\",\"potentialAction\":[{\"@type\":\"ReadAction\",\"target\":[\"https:\\\/\\\/darkamazi.info\\\/archives\\\/1051543\"]}]},{\"@type\":\"ImageObject\",\"inLanguage\":\"en-US\",\"@id\":\"https:\\\/\\\/darkamazi.info\\\/archives\\\/1051543#primaryimage\",\"url\":\"https:\\\/\\\/darkamazi.info\\\/darka-content\\\/uploads\\\/2026\\\/01\\\/HSD-Suriye-768x424-1-1.jpg\",\"contentUrl\":\"https:\\\/\\\/darkamazi.info\\\/darka-content\\\/uploads\\\/2026\\\/01\\\/HSD-Suriye-768x424-1-1.jpg\",\"width\":768,\"height\":424,\"caption\":\"HSD: \u015eam\u00ea agirbest\u00ea binp\u00ea kir, zarokek \u015feh\u00eed b\u00fb \u00fb 4 \u015fervan bir\u00eendar b\u00fbn\"},{\"@type\":\"BreadcrumbList\",\"@id\":\"https:\\\/\\\/darkamazi.info\\\/archives\\\/1051543#breadcrumb\",\"itemListElement\":[{\"@type\":\"ListItem\",\"position\":1,\"name\":\"Home\",\"item\":\"https:\\\/\\\/darkamazi.info\\\/\"},{\"@type\":\"ListItem\",\"position\":2,\"name\":\"HSD: \u015eam\u00ea agirbest\u00ea binp\u00ea kir, zarokek \u015feh\u00eed b\u00fb \u00fb 4 \u015fervan bir\u00eendar b\u00fbn\"}]},{\"@type\":\"WebSite\",\"@id\":\"https:\\\/\\\/darkamazi.info\\\/#website\",\"url\":\"https:\\\/\\\/darkamazi.info\\\/\",\"name\":\"Darka Maz\u00ee\",\"description\":\"P\u00eageha Zanyariy\u00ean Nebih\u00eest\u00ee\",\"publisher\":{\"@id\":\"https:\\\/\\\/darkamazi.info\\\/#organization\"},\"potentialAction\":[{\"@type\":\"SearchAction\",\"target\":{\"@type\":\"EntryPoint\",\"urlTemplate\":\"https:\\\/\\\/darkamazi.info\\\/?s={search_term_string}\"},\"query-input\":{\"@type\":\"PropertyValueSpecification\",\"valueRequired\":true,\"valueName\":\"search_term_string\"}}],\"inLanguage\":\"en-US\"},{\"@type\":\"Organization\",\"@id\":\"https:\\\/\\\/darkamazi.info\\\/#organization\",\"name\":\"Darka Maz\u00ee\",\"url\":\"https:\\\/\\\/darkamazi.info\\\/\",\"logo\":{\"@type\":\"ImageObject\",\"inLanguage\":\"en-US\",\"@id\":\"https:\\\/\\\/darkamazi.info\\\/#\\\/schema\\\/logo\\\/image\\\/\",\"url\":\"https:\\\/\\\/darkamazi.info\\\/darka-content\\\/uploads\\\/2017\\\/12\\\/darka-mazi-logo.png\",\"contentUrl\":\"https:\\\/\\\/darkamazi.info\\\/darka-content\\\/uploads\\\/2017\\\/12\\\/darka-mazi-logo.png\",\"width\":151,\"height\":75,\"caption\":\"Darka Maz\u00ee\"},\"image\":{\"@id\":\"https:\\\/\\\/darkamazi.info\\\/#\\\/schema\\\/logo\\\/image\\\/\"},\"sameAs\":[\"https:\\\/\\\/www.facebook.com\\\/DarMaziKurmanci\",\"https:\\\/\\\/x.com\\\/DarkaMaziLatini\",\"https:\\\/\\\/www.instagram.com\\\/darkamazi.kurmanci\\\/\",\"https:\\\/\\\/www.youtube.com\\\/channel\\\/UCa5HkTdmI8U1qCUFuTw8B2g\"]},{\"@type\":\"Person\",\"@id\":\"https:\\\/\\\/darkamazi.info\\\/#\\\/schema\\\/person\\\/5ad3e24553a0567993fa8ed4bd0a776c\",\"name\":\"darka mazi\",\"sameAs\":[\"https:\\\/\\\/darkamazi.info\\\/\"],\"url\":\"https:\\\/\\\/darkamazi.info\\\/archives\\\/author\\\/kurdi\"}]}<\/script>\n<!-- \/ Yoast SEO plugin. -->","seo_head_json":{"title":"HSD: \u015eam\u00ea agirbest\u00ea binp\u00ea kir, zarokek \u015feh\u00eed b\u00fb \u00fb 4 \u015fervan bir\u00eendar b\u00fbn - Darka Maz\u00ee","robots":{"index":"index","follow":"follow","max-snippet":"max-snippet:-1","max-image-preview":"max-image-preview:large","max-video-preview":"max-video-preview:-1"},"canonical":"https:\/\/darkamazi.info\/archives\/1051543","og_locale":"en_US","og_type":"article","og_title":"HSD: \u015eam\u00ea agirbest\u00ea binp\u00ea kir, zarokek \u015feh\u00eed b\u00fb \u00fb 4 \u015fervan bir\u00eendar b\u00fbn - Darka Maz\u00ee","og_description":"Navenda Ragihandin\u00ea ya H\u00eaz\u00ean S\u00fbriyeya Demokrat\u00eek (HSD) bi daxuyaniyek\u00ea ragihand, kom\u00ean \u00e7ekdar \u00ean ser bi &#8220;Hikumeta Demk\u00ee&#8221; ve agirbesta ku duh \u00eavar\u00ea ketib\u00fb war\u00ea cibic\u00eekirin\u00ea, bi awayek\u00ee xeternak binp\u00ea dikin. Di encama \u00eari\u015fan de li gundewar\u00ea Koban\u00ea zarokek \u015feh\u00eed b\u00fb \u00fb 4 \u015fervan\u00ean HSD&#8217;\u00ea j\u00ee bir\u00eendar b\u00fbn. Li gor\u00ee daxuyaniya HSD\u2019\u00ea ku \u015feva bor\u00ee 25\u00ea [&hellip;]","og_url":"https:\/\/darkamazi.info\/archives\/1051543","og_site_name":"Darka Maz\u00ee","article_publisher":"https:\/\/www.facebook.com\/DarMaziKurmanci","article_published_time":"2026-01-26T07:02:03+00:00","og_image":[{"width":768,"height":424,"url":"https:\/\/darkamazi.info\/file\/2026\/01\/HSD-Suriye-768x424-1-1.jpg","type":"image\/jpeg"}],"author":"darka mazi","twitter_card":"summary_large_image","twitter_creator":"@DarkaMaziLatini","twitter_site":"@DarkaMaziLatini","twitter_misc":{"Written by":"darka mazi","Est. reading time":"2 minutes"},"schema":{"@context":"https:\/\/schema.org","@graph":[{"@type":"Article","@id":"https:\/\/darkamazi.info\/archives\/1051543#article","isPartOf":{"@id":"https:\/\/darkamazi.info\/archives\/1051543"},"author":{"name":"darka mazi","@id":"https:\/\/darkamazi.info\/#\/schema\/person\/5ad3e24553a0567993fa8ed4bd0a776c"},"headline":"HSD: \u015eam\u00ea agirbest\u00ea binp\u00ea kir, zarokek \u015feh\u00eed b\u00fb \u00fb 4 \u015fervan bir\u00eendar b\u00fbn","datePublished":"2026-01-26T07:02:03+00:00","mainEntityOfPage":{"@id":"https:\/\/darkamazi.info\/archives\/1051543"},"wordCount":279,"publisher":{"@id":"https:\/\/darkamazi.info\/#organization"},"image":{"@id":"https:\/\/darkamazi.info\/archives\/1051543#primaryimage"},"thumbnailUrl":"https:\/\/darkamazi.info\/file\/2026\/01\/HSD-Suriye-768x424-1-1.jpg","articleSection":["Kurdistan"],"inLanguage":"en-US"},{"@type":"WebPage","@id":"https:\/\/darkamazi.info\/archives\/1051543","url":"https:\/\/darkamazi.info\/archives\/1051543","name":"HSD: \u015eam\u00ea agirbest\u00ea binp\u00ea kir, zarokek \u015feh\u00eed b\u00fb \u00fb 4 \u015fervan bir\u00eendar b\u00fbn - Darka Maz\u00ee","isPartOf":{"@id":"https:\/\/darkamazi.info\/#website"},"primaryImageOfPage":{"@id":"https:\/\/darkamazi.info\/archives\/1051543#primaryimage"},"image":{"@id":"https:\/\/darkamazi.info\/archives\/1051543#primaryimage"},"thumbnailUrl":"https:\/\/darkamazi.info\/file\/2026\/01\/HSD-Suriye-768x424-1-1.jpg","datePublished":"2026-01-26T07:02:03+00:00","breadcrumb":{"@id":"https:\/\/darkamazi.info\/archives\/1051543#breadcrumb"},"inLanguage":"en-US","potentialAction":[{"@type":"ReadAction","target":["https:\/\/darkamazi.info\/archives\/1051543"]}]},{"@type":"ImageObject","inLanguage":"en-US","@id":"https:\/\/darkamazi.info\/archives\/1051543#primaryimage","url":"https:\/\/darkamazi.info\/file\/2026\/01\/HSD-Suriye-768x424-1-1.jpg","contentUrl":"https:\/\/darkamazi.info\/file\/2026\/01\/HSD-Suriye-768x424-1-1.jpg","width":768,"height":424,"caption":"HSD: \u015eam\u00ea agirbest\u00ea binp\u00ea kir, zarokek \u015feh\u00eed b\u00fb \u00fb 4 \u015fervan bir\u00eendar b\u00fbn"},{"@type":"BreadcrumbList","@id":"https:\/\/darkamazi.info\/archives\/1051543#breadcrumb","itemListElement":[{"@type":"ListItem","position":1,"name":"Home","item":"https:\/\/darkamazi.info\/"},{"@type":"ListItem","position":2,"name":"HSD: \u015eam\u00ea agirbest\u00ea binp\u00ea kir, zarokek \u015feh\u00eed b\u00fb \u00fb 4 \u015fervan bir\u00eendar b\u00fbn"}]},{"@type":"WebSite","@id":"https:\/\/darkamazi.info\/#website","url":"https:\/\/darkamazi.info\/","name":"Darka Maz\u00ee","description":"P\u00eageha Zanyariy\u00ean Nebih\u00eest\u00ee","publisher":{"@id":"https:\/\/darkamazi.info\/#organization"},"potentialAction":[{"@type":"SearchAction","target":{"@type":"EntryPoint","urlTemplate":"https:\/\/darkamazi.info\/?s={search_term_string}"},"query-input":{"@type":"PropertyValueSpecification","valueRequired":true,"valueName":"search_term_string"}}],"inLanguage":"en-US"},{"@type":"Organization","@id":"https:\/\/darkamazi.info\/#organization","name":"Darka Maz\u00ee","url":"https:\/\/darkamazi.info\/","logo":{"@type":"ImageObject","inLanguage":"en-US","@id":"https:\/\/darkamazi.info\/#\/schema\/logo\/image\/","url":"https:\/\/darkamazi.info\/file\/2017\/12\/darka-mazi-logo.png","contentUrl":"https:\/\/darkamazi.info\/file\/2017\/12\/darka-mazi-logo.png","width":151,"height":75,"caption":"Darka Maz\u00ee"},"image":{"@id":"https:\/\/darkamazi.info\/#\/schema\/logo\/image\/"},"sameAs":["https:\/\/www.facebook.com\/DarMaziKurmanci","https:\/\/x.com\/DarkaMaziLatini","https:\/\/www.instagram.com\/darkamazi.kurmanci\/","https:\/\/www.youtube.com\/channel\/UCa5HkTdmI8U1qCUFuTw8B2g"]},{"@type":"Person","@id":"https:\/\/darkamazi.info\/#\/schema\/person\/5ad3e24553a0567993fa8ed4bd0a776c","name":"darka mazi","sameAs":["https:\/\/darkamazi.info\/"],"url":"https:\/\/darkamazi.info\/archives\/author\/kurdi"}]}},"_links":{"self":[{"href":"https:\/\/darkamazi.info\/funavuv\/wp\/v2\/posts\/1051543","targetHints":{"allow":["GET"]}}],"collection":[{"href":"https:\/\/darkamazi.info\/funavuv\/wp\/v2\/posts"}],"about":[{"href":"https:\/\/darkamazi.info\/funavuv\/wp\/v2\/types\/post"}],"author":[{"embeddable":true,"href":"https:\/\/darkamazi.info\/funavuv\/wp\/v2\/users\/2"}],"replies":[{"embeddable":true,"href":"https:\/\/darkamazi.info\/funavuv\/wp\/v2\/comments?post=1051543"}],"version-history":[{"count":0,"href":"https:\/\/darkamazi.info\/funavuv\/wp\/v2\/posts\/1051543\/revisions"}],"wp:featuredmedia":[{"embeddable":true,"href":"https:\/\/darkamazi.info\/funavuv\/wp\/v2\/media\/1051544"}],"wp:attachment":[{"href":"https:\/\/darkamazi.info\/funavuv\/wp\/v2\/media?parent=1051543"}],"wp:term":[{"taxonomy":"category","embeddable":true,"href":"https:\/\/darkamazi.info\/funavuv\/wp\/v2\/categories?post=1051543"},{"taxonomy":"post_tag","embeddable":true,"href":"https:\/\/darkamazi.info\/funavuv\/wp\/v2\/tags?post=1051543"}],"curies":[{"name":"wp","href":"https:\/\/api.w.org\/{rel}","templated":true}]}}