{"id":1051546,"date":"2026-01-26T12:19:06","date_gmt":"2026-01-26T09:19:06","guid":{"rendered":"https:\/\/darkamazi.info\/?p=1051546"},"modified":"2026-01-26T12:19:35","modified_gmt":"2026-01-26T09:19:35","slug":"hsd-li-gundeware-kobani-sereki-giran-heye-same-agirbest-binpe-kir","status":"publish","type":"post","link":"https:\/\/darkamazi.info\/archives\/1051546","title":{"rendered":"HSD: Li gundewar\u00ea Koban\u00ee \u015ferek\u00ee giran heye; \u015eam\u00ea agirbest binp\u00ea kir"},"content":{"rendered":"<h3 style=\"text-align: justify\"><span style=\"font-family: 'arial black', sans-serif\">Navenda Ragihandin\u00ea ya H\u00eaz\u00ean S\u00fbriyeya Demokrat\u00eek (HSD) ragihand, kom\u00ean \u00e7ekdar \u00ean ser bi hik\u00fbmeta \u015eam\u00ea ve, \u00eari\u015f\u00ean xwe y\u00ean li ser gundewar\u00ea bajar\u00ea Koban\u00ee n\u00fb kirine. HSD\u2019\u00ea destn\u00ee\u015fan kir ku ev \u00eari\u015f binp\u00eakirina e\u015fkere ya agirbesta ku beriya du rojan hatib\u00fb ragihandin e.<\/span><\/h3>\n<h3 style=\"text-align: justify\">Li gor\u00ee daxuyaniya HSD\u2019\u00ea, berbanga v\u00ea sibeh\u00ea (Du\u015fem\u00ea 26\u2019\u00ea \u00c7iley\u00ea), kom\u00ean ser bi \u015eam\u00ea ve ji gelek aliyan ve \u00eari\u015feke berfireh birin ser gund\u00ean Xereb I\u015fk \u00fb \u00c7elebiy\u00ea y\u00ean ku dikevin ba\u015f\u00fbr\u00ea rojhilat\u00ea Koban\u00ee. Hat diyarkirin, \u00eari\u015f bi \u00e7ek\u00ean giran \u00fb topbaran\u00ea hatiye kirin \u00fb gund\u00ean ku \u015f\u00eaniy\u00ean siv\u00eel t\u00ea de ne, hatine hedefgirtin.<\/h3>\n<h3 style=\"text-align: justify\">HSD\u2019\u00ea e\u015fkere kir ku pi\u015ft\u00ee destp\u00eakirina \u00eari\u015fan, di navbera \u015fervan\u00ean wan \u00fb kom\u00ean \u00eari\u015fkar de \u015fer \u00fb pev\u00e7\u00fbn\u00ean dijwar derketine. Di daxuyaniy\u00ea de hat gotin: &#8220;H\u00eaz\u00ean me bersiva van \u00eari\u015fan didin \u00fb niha li gund\u00ea \u00c7elebiy\u00ea \u015fer\u00ean pir giran berdewam dikin.&#8221;<\/h3>\n<h3 style=\"text-align: justify\">Her wiha hat ragihand, kom\u00ean \u00e7ekdar h\u00eazeke z\u00eadetir a pi\u015ftevaniy\u00ea, di nav de tank \u00fb panz\u00ear, an\u00eene her\u00eam\u00ea \u00fb dron bi \u00e7ir\u00ee li ser asman\u00ea her\u00eam\u00ea digerin.<\/h3>\n<h3 style=\"text-align: justify\">HSD\u2019\u00ea bal ki\u015fand ser peymana agirbest\u00ea ya ku ten\u00ea du roj ber\u00ea ketib\u00fb war\u00ea cibic\u00eekirin\u00ea \u00fb ev \u00eari\u015f wek\u00ee &#8220;binp\u00eakirin&#8221; bi nav kir. HSD wiha dib\u00eaje: &#8220;Ev n\u00ee\u015fan dide ku hik\u00fbmeta \u015eam\u00ea pabend\u00ee soz\u00ean xwe nabe \u00fb dixwaze aramiy\u00ea li her\u00eam\u00ea t\u00eak bibe.&#8221;<\/h3>\n<h3 style=\"text-align: justify\">Di dawiya daxuyaniya xwe de, HSD\u2019\u00ea tekez kir, parastina gel \u00fb ax\u00ea maf\u00ea wan \u00ea rewa ye \u00fb hik\u00fbmeta \u015eam\u00ea ji encam\u00ean van \u00eari\u015fan berpirsiyar girt. Her wiha bang li h\u00eaz\u00ean garantor \u00ean agirbest\u00ea kir ku berpirsyariya xwe bicih b\u00eenin \u00fb ji bo rawestandina van \u00eari\u015f\u00ean \u015eam\u00ea tavil\u00ea destwerdan\u00ea bikin.<\/h3>\n","protected":false},"excerpt":{"rendered":"<p>Navenda Ragihandin\u00ea ya H\u00eaz\u00ean S\u00fbriyeya Demokrat\u00eek (HSD) ragihand, kom\u00ean \u00e7ekdar \u00ean ser bi hik\u00fbmeta \u015eam\u00ea ve, \u00eari\u015f\u00ean xwe y\u00ean li ser gundewar\u00ea bajar\u00ea Koban\u00ee n\u00fb kirine. HSD\u2019\u00ea destn\u00ee\u015fan kir ku ev \u00eari\u015f binp\u00eakirina e\u015fkere ya agirbesta ku beriya du rojan hatib\u00fb ragihandin e. Li gor\u00ee daxuyaniya HSD\u2019\u00ea, berbanga v\u00ea sibeh\u00ea (Du\u015fem\u00ea 26\u2019\u00ea \u00c7iley\u00ea), kom\u00ean ser [&hellip;]<\/p>\n","protected":false},"author":2,"featured_media":1051547,"comment_status":"closed","ping_status":"closed","sticky":false,"template":"","format":"standard","meta":{"footnotes":""},"categories":[29],"tags":[37],"class_list":["post-1051546","post","type-post","status-publish","format-standard","has-post-thumbnail","hentry","category-kurdistan","tag-sereke"],"blocksy_meta":[],"seo_head":"<!-- This site is optimized with the Yoast SEO plugin v27.5 - https:\/\/yoast.com\/product\/yoast-seo-wordpress\/ -->\n<title>HSD: Li gundewar\u00ea Koban\u00ee \u015ferek\u00ee giran heye; \u015eam\u00ea agirbest binp\u00ea kir - Darka Maz\u00ee<\/title>\n<meta name=\"robots\" content=\"index, follow, max-snippet:-1, max-image-preview:large, max-video-preview:-1\" \/>\n<link rel=\"canonical\" href=\"https:\/\/darkamazi.info\/archives\/1051546\" \/>\n<meta property=\"og:locale\" content=\"en_US\" \/>\n<meta property=\"og:type\" content=\"article\" \/>\n<meta property=\"og:title\" content=\"HSD: Li gundewar\u00ea Koban\u00ee \u015ferek\u00ee giran heye; \u015eam\u00ea agirbest binp\u00ea kir - Darka Maz\u00ee\" \/>\n<meta property=\"og:description\" content=\"Navenda Ragihandin\u00ea ya H\u00eaz\u00ean S\u00fbriyeya Demokrat\u00eek (HSD) ragihand, kom\u00ean \u00e7ekdar \u00ean ser bi hik\u00fbmeta \u015eam\u00ea ve, \u00eari\u015f\u00ean xwe y\u00ean li ser gundewar\u00ea bajar\u00ea Koban\u00ee n\u00fb kirine. HSD\u2019\u00ea destn\u00ee\u015fan kir ku ev \u00eari\u015f binp\u00eakirina e\u015fkere ya agirbesta ku beriya du rojan hatib\u00fb ragihandin e. Li gor\u00ee daxuyaniya HSD\u2019\u00ea, berbanga v\u00ea sibeh\u00ea (Du\u015fem\u00ea 26\u2019\u00ea \u00c7iley\u00ea), kom\u00ean ser [&hellip;]\" \/>\n<meta property=\"og:url\" content=\"https:\/\/darkamazi.info\/archives\/1051546\" \/>\n<meta property=\"og:site_name\" content=\"Darka Maz\u00ee\" \/>\n<meta property=\"article:publisher\" content=\"https:\/\/www.facebook.com\/DarMaziKurmanci\" \/>\n<meta property=\"article:published_time\" content=\"2026-01-26T09:19:06+00:00\" \/>\n<meta property=\"article:modified_time\" content=\"2026-01-26T09:19:35+00:00\" \/>\n<meta property=\"og:image\" content=\"https:\/\/darkamazi.info\/file\/2026\/01\/hsd-rojava.jpg\" \/>\n\t<meta property=\"og:image:width\" content=\"900\" \/>\n\t<meta property=\"og:image:height\" content=\"497\" \/>\n\t<meta property=\"og:image:type\" content=\"image\/jpeg\" \/>\n<meta name=\"author\" content=\"darka mazi\" \/>\n<meta name=\"twitter:card\" content=\"summary_large_image\" \/>\n<meta name=\"twitter:creator\" content=\"@DarkaMaziLatini\" \/>\n<meta name=\"twitter:site\" content=\"@DarkaMaziLatini\" \/>\n<meta name=\"twitter:label1\" content=\"Written by\" \/>\n\t<meta name=\"twitter:data1\" content=\"darka mazi\" \/>\n\t<meta name=\"twitter:label2\" content=\"Est. reading time\" \/>\n\t<meta name=\"twitter:data2\" content=\"2 minutes\" \/>\n<script type=\"application\/ld+json\" class=\"seo-schema-graph\">{\"@context\":\"https:\\\/\\\/schema.org\",\"@graph\":[{\"@type\":\"Article\",\"@id\":\"https:\\\/\\\/darkamazi.info\\\/archives\\\/1051546#article\",\"isPartOf\":{\"@id\":\"https:\\\/\\\/darkamazi.info\\\/archives\\\/1051546\"},\"author\":{\"name\":\"darka mazi\",\"@id\":\"https:\\\/\\\/darkamazi.info\\\/#\\\/schema\\\/person\\\/5ad3e24553a0567993fa8ed4bd0a776c\"},\"headline\":\"HSD: Li gundewar\u00ea Koban\u00ee \u015ferek\u00ee giran heye; \u015eam\u00ea agirbest binp\u00ea kir\",\"datePublished\":\"2026-01-26T09:19:06+00:00\",\"dateModified\":\"2026-01-26T09:19:35+00:00\",\"mainEntityOfPage\":{\"@id\":\"https:\\\/\\\/darkamazi.info\\\/archives\\\/1051546\"},\"wordCount\":313,\"publisher\":{\"@id\":\"https:\\\/\\\/darkamazi.info\\\/#organization\"},\"image\":{\"@id\":\"https:\\\/\\\/darkamazi.info\\\/archives\\\/1051546#primaryimage\"},\"thumbnailUrl\":\"https:\\\/\\\/darkamazi.info\\\/darka-content\\\/uploads\\\/2026\\\/01\\\/hsd-rojava.jpg\",\"keywords\":[\"sereke\"],\"articleSection\":[\"Kurdistan\"],\"inLanguage\":\"en-US\"},{\"@type\":\"WebPage\",\"@id\":\"https:\\\/\\\/darkamazi.info\\\/archives\\\/1051546\",\"url\":\"https:\\\/\\\/darkamazi.info\\\/archives\\\/1051546\",\"name\":\"HSD: Li gundewar\u00ea Koban\u00ee \u015ferek\u00ee giran heye; \u015eam\u00ea agirbest binp\u00ea kir - Darka Maz\u00ee\",\"isPartOf\":{\"@id\":\"https:\\\/\\\/darkamazi.info\\\/#website\"},\"primaryImageOfPage\":{\"@id\":\"https:\\\/\\\/darkamazi.info\\\/archives\\\/1051546#primaryimage\"},\"image\":{\"@id\":\"https:\\\/\\\/darkamazi.info\\\/archives\\\/1051546#primaryimage\"},\"thumbnailUrl\":\"https:\\\/\\\/darkamazi.info\\\/darka-content\\\/uploads\\\/2026\\\/01\\\/hsd-rojava.jpg\",\"datePublished\":\"2026-01-26T09:19:06+00:00\",\"dateModified\":\"2026-01-26T09:19:35+00:00\",\"breadcrumb\":{\"@id\":\"https:\\\/\\\/darkamazi.info\\\/archives\\\/1051546#breadcrumb\"},\"inLanguage\":\"en-US\",\"potentialAction\":[{\"@type\":\"ReadAction\",\"target\":[\"https:\\\/\\\/darkamazi.info\\\/archives\\\/1051546\"]}]},{\"@type\":\"ImageObject\",\"inLanguage\":\"en-US\",\"@id\":\"https:\\\/\\\/darkamazi.info\\\/archives\\\/1051546#primaryimage\",\"url\":\"https:\\\/\\\/darkamazi.info\\\/darka-content\\\/uploads\\\/2026\\\/01\\\/hsd-rojava.jpg\",\"contentUrl\":\"https:\\\/\\\/darkamazi.info\\\/darka-content\\\/uploads\\\/2026\\\/01\\\/hsd-rojava.jpg\",\"width\":900,\"height\":497,\"caption\":\"HSD: Li gundewar\u00ea Koban\u00ee \u015ferek\u00ee giran heye; \u015eam\u00ea agirbest binp\u00ea kir\"},{\"@type\":\"BreadcrumbList\",\"@id\":\"https:\\\/\\\/darkamazi.info\\\/archives\\\/1051546#breadcrumb\",\"itemListElement\":[{\"@type\":\"ListItem\",\"position\":1,\"name\":\"Home\",\"item\":\"https:\\\/\\\/darkamazi.info\\\/\"},{\"@type\":\"ListItem\",\"position\":2,\"name\":\"HSD: Li gundewar\u00ea Koban\u00ee \u015ferek\u00ee giran heye; \u015eam\u00ea agirbest binp\u00ea kir\"}]},{\"@type\":\"WebSite\",\"@id\":\"https:\\\/\\\/darkamazi.info\\\/#website\",\"url\":\"https:\\\/\\\/darkamazi.info\\\/\",\"name\":\"Darka Maz\u00ee\",\"description\":\"P\u00eageha Zanyariy\u00ean Nebih\u00eest\u00ee\",\"publisher\":{\"@id\":\"https:\\\/\\\/darkamazi.info\\\/#organization\"},\"potentialAction\":[{\"@type\":\"SearchAction\",\"target\":{\"@type\":\"EntryPoint\",\"urlTemplate\":\"https:\\\/\\\/darkamazi.info\\\/?s={search_term_string}\"},\"query-input\":{\"@type\":\"PropertyValueSpecification\",\"valueRequired\":true,\"valueName\":\"search_term_string\"}}],\"inLanguage\":\"en-US\"},{\"@type\":\"Organization\",\"@id\":\"https:\\\/\\\/darkamazi.info\\\/#organization\",\"name\":\"Darka Maz\u00ee\",\"url\":\"https:\\\/\\\/darkamazi.info\\\/\",\"logo\":{\"@type\":\"ImageObject\",\"inLanguage\":\"en-US\",\"@id\":\"https:\\\/\\\/darkamazi.info\\\/#\\\/schema\\\/logo\\\/image\\\/\",\"url\":\"https:\\\/\\\/darkamazi.info\\\/darka-content\\\/uploads\\\/2017\\\/12\\\/darka-mazi-logo.png\",\"contentUrl\":\"https:\\\/\\\/darkamazi.info\\\/darka-content\\\/uploads\\\/2017\\\/12\\\/darka-mazi-logo.png\",\"width\":151,\"height\":75,\"caption\":\"Darka Maz\u00ee\"},\"image\":{\"@id\":\"https:\\\/\\\/darkamazi.info\\\/#\\\/schema\\\/logo\\\/image\\\/\"},\"sameAs\":[\"https:\\\/\\\/www.facebook.com\\\/DarMaziKurmanci\",\"https:\\\/\\\/x.com\\\/DarkaMaziLatini\",\"https:\\\/\\\/www.instagram.com\\\/darkamazi.kurmanci\\\/\",\"https:\\\/\\\/www.youtube.com\\\/channel\\\/UCa5HkTdmI8U1qCUFuTw8B2g\"]},{\"@type\":\"Person\",\"@id\":\"https:\\\/\\\/darkamazi.info\\\/#\\\/schema\\\/person\\\/5ad3e24553a0567993fa8ed4bd0a776c\",\"name\":\"darka mazi\",\"sameAs\":[\"https:\\\/\\\/darkamazi.info\\\/\"],\"url\":\"https:\\\/\\\/darkamazi.info\\\/archives\\\/author\\\/kurdi\"}]}<\/script>\n<!-- \/ Yoast SEO plugin. -->","seo_head_json":{"title":"HSD: Li gundewar\u00ea Koban\u00ee \u015ferek\u00ee giran heye; \u015eam\u00ea agirbest binp\u00ea kir - Darka Maz\u00ee","robots":{"index":"index","follow":"follow","max-snippet":"max-snippet:-1","max-image-preview":"max-image-preview:large","max-video-preview":"max-video-preview:-1"},"canonical":"https:\/\/darkamazi.info\/archives\/1051546","og_locale":"en_US","og_type":"article","og_title":"HSD: Li gundewar\u00ea Koban\u00ee \u015ferek\u00ee giran heye; \u015eam\u00ea agirbest binp\u00ea kir - Darka Maz\u00ee","og_description":"Navenda Ragihandin\u00ea ya H\u00eaz\u00ean S\u00fbriyeya Demokrat\u00eek (HSD) ragihand, kom\u00ean \u00e7ekdar \u00ean ser bi hik\u00fbmeta \u015eam\u00ea ve, \u00eari\u015f\u00ean xwe y\u00ean li ser gundewar\u00ea bajar\u00ea Koban\u00ee n\u00fb kirine. HSD\u2019\u00ea destn\u00ee\u015fan kir ku ev \u00eari\u015f binp\u00eakirina e\u015fkere ya agirbesta ku beriya du rojan hatib\u00fb ragihandin e. Li gor\u00ee daxuyaniya HSD\u2019\u00ea, berbanga v\u00ea sibeh\u00ea (Du\u015fem\u00ea 26\u2019\u00ea \u00c7iley\u00ea), kom\u00ean ser [&hellip;]","og_url":"https:\/\/darkamazi.info\/archives\/1051546","og_site_name":"Darka Maz\u00ee","article_publisher":"https:\/\/www.facebook.com\/DarMaziKurmanci","article_published_time":"2026-01-26T09:19:06+00:00","article_modified_time":"2026-01-26T09:19:35+00:00","og_image":[{"width":900,"height":497,"url":"https:\/\/darkamazi.info\/file\/2026\/01\/hsd-rojava.jpg","type":"image\/jpeg"}],"author":"darka mazi","twitter_card":"summary_large_image","twitter_creator":"@DarkaMaziLatini","twitter_site":"@DarkaMaziLatini","twitter_misc":{"Written by":"darka mazi","Est. reading time":"2 minutes"},"schema":{"@context":"https:\/\/schema.org","@graph":[{"@type":"Article","@id":"https:\/\/darkamazi.info\/archives\/1051546#article","isPartOf":{"@id":"https:\/\/darkamazi.info\/archives\/1051546"},"author":{"name":"darka mazi","@id":"https:\/\/darkamazi.info\/#\/schema\/person\/5ad3e24553a0567993fa8ed4bd0a776c"},"headline":"HSD: Li gundewar\u00ea Koban\u00ee \u015ferek\u00ee giran heye; \u015eam\u00ea agirbest binp\u00ea kir","datePublished":"2026-01-26T09:19:06+00:00","dateModified":"2026-01-26T09:19:35+00:00","mainEntityOfPage":{"@id":"https:\/\/darkamazi.info\/archives\/1051546"},"wordCount":313,"publisher":{"@id":"https:\/\/darkamazi.info\/#organization"},"image":{"@id":"https:\/\/darkamazi.info\/archives\/1051546#primaryimage"},"thumbnailUrl":"https:\/\/darkamazi.info\/file\/2026\/01\/hsd-rojava.jpg","keywords":["sereke"],"articleSection":["Kurdistan"],"inLanguage":"en-US"},{"@type":"WebPage","@id":"https:\/\/darkamazi.info\/archives\/1051546","url":"https:\/\/darkamazi.info\/archives\/1051546","name":"HSD: Li gundewar\u00ea Koban\u00ee \u015ferek\u00ee giran heye; \u015eam\u00ea agirbest binp\u00ea kir - Darka Maz\u00ee","isPartOf":{"@id":"https:\/\/darkamazi.info\/#website"},"primaryImageOfPage":{"@id":"https:\/\/darkamazi.info\/archives\/1051546#primaryimage"},"image":{"@id":"https:\/\/darkamazi.info\/archives\/1051546#primaryimage"},"thumbnailUrl":"https:\/\/darkamazi.info\/file\/2026\/01\/hsd-rojava.jpg","datePublished":"2026-01-26T09:19:06+00:00","dateModified":"2026-01-26T09:19:35+00:00","breadcrumb":{"@id":"https:\/\/darkamazi.info\/archives\/1051546#breadcrumb"},"inLanguage":"en-US","potentialAction":[{"@type":"ReadAction","target":["https:\/\/darkamazi.info\/archives\/1051546"]}]},{"@type":"ImageObject","inLanguage":"en-US","@id":"https:\/\/darkamazi.info\/archives\/1051546#primaryimage","url":"https:\/\/darkamazi.info\/file\/2026\/01\/hsd-rojava.jpg","contentUrl":"https:\/\/darkamazi.info\/file\/2026\/01\/hsd-rojava.jpg","width":900,"height":497,"caption":"HSD: Li gundewar\u00ea Koban\u00ee \u015ferek\u00ee giran heye; \u015eam\u00ea agirbest binp\u00ea kir"},{"@type":"BreadcrumbList","@id":"https:\/\/darkamazi.info\/archives\/1051546#breadcrumb","itemListElement":[{"@type":"ListItem","position":1,"name":"Home","item":"https:\/\/darkamazi.info\/"},{"@type":"ListItem","position":2,"name":"HSD: Li gundewar\u00ea Koban\u00ee \u015ferek\u00ee giran heye; \u015eam\u00ea agirbest binp\u00ea kir"}]},{"@type":"WebSite","@id":"https:\/\/darkamazi.info\/#website","url":"https:\/\/darkamazi.info\/","name":"Darka Maz\u00ee","description":"P\u00eageha Zanyariy\u00ean Nebih\u00eest\u00ee","publisher":{"@id":"https:\/\/darkamazi.info\/#organization"},"potentialAction":[{"@type":"SearchAction","target":{"@type":"EntryPoint","urlTemplate":"https:\/\/darkamazi.info\/?s={search_term_string}"},"query-input":{"@type":"PropertyValueSpecification","valueRequired":true,"valueName":"search_term_string"}}],"inLanguage":"en-US"},{"@type":"Organization","@id":"https:\/\/darkamazi.info\/#organization","name":"Darka Maz\u00ee","url":"https:\/\/darkamazi.info\/","logo":{"@type":"ImageObject","inLanguage":"en-US","@id":"https:\/\/darkamazi.info\/#\/schema\/logo\/image\/","url":"https:\/\/darkamazi.info\/file\/2017\/12\/darka-mazi-logo.png","contentUrl":"https:\/\/darkamazi.info\/file\/2017\/12\/darka-mazi-logo.png","width":151,"height":75,"caption":"Darka Maz\u00ee"},"image":{"@id":"https:\/\/darkamazi.info\/#\/schema\/logo\/image\/"},"sameAs":["https:\/\/www.facebook.com\/DarMaziKurmanci","https:\/\/x.com\/DarkaMaziLatini","https:\/\/www.instagram.com\/darkamazi.kurmanci\/","https:\/\/www.youtube.com\/channel\/UCa5HkTdmI8U1qCUFuTw8B2g"]},{"@type":"Person","@id":"https:\/\/darkamazi.info\/#\/schema\/person\/5ad3e24553a0567993fa8ed4bd0a776c","name":"darka mazi","sameAs":["https:\/\/darkamazi.info\/"],"url":"https:\/\/darkamazi.info\/archives\/author\/kurdi"}]}},"_links":{"self":[{"href":"https:\/\/darkamazi.info\/funavuv\/wp\/v2\/posts\/1051546","targetHints":{"allow":["GET"]}}],"collection":[{"href":"https:\/\/darkamazi.info\/funavuv\/wp\/v2\/posts"}],"about":[{"href":"https:\/\/darkamazi.info\/funavuv\/wp\/v2\/types\/post"}],"author":[{"embeddable":true,"href":"https:\/\/darkamazi.info\/funavuv\/wp\/v2\/users\/2"}],"replies":[{"embeddable":true,"href":"https:\/\/darkamazi.info\/funavuv\/wp\/v2\/comments?post=1051546"}],"version-history":[{"count":0,"href":"https:\/\/darkamazi.info\/funavuv\/wp\/v2\/posts\/1051546\/revisions"}],"wp:featuredmedia":[{"embeddable":true,"href":"https:\/\/darkamazi.info\/funavuv\/wp\/v2\/media\/1051547"}],"wp:attachment":[{"href":"https:\/\/darkamazi.info\/funavuv\/wp\/v2\/media?parent=1051546"}],"wp:term":[{"taxonomy":"category","embeddable":true,"href":"https:\/\/darkamazi.info\/funavuv\/wp\/v2\/categories?post=1051546"},{"taxonomy":"post_tag","embeddable":true,"href":"https:\/\/darkamazi.info\/funavuv\/wp\/v2\/tags?post=1051546"}],"curies":[{"name":"wp","href":"https:\/\/api.w.org\/{rel}","templated":true}]}}