{"id":1051549,"date":"2026-01-26T12:37:53","date_gmt":"2026-01-26T09:37:53","guid":{"rendered":"https:\/\/darkamazi.info\/?p=1051549"},"modified":"2026-01-26T12:37:53","modified_gmt":"2026-01-26T09:37:53","slug":"iro-11emin-salvegera-rizgarkirina-kobane-ye","status":"publish","type":"post","link":"https:\/\/darkamazi.info\/archives\/1051549","title":{"rendered":"\u00cero 11em\u00een salvegera rizgarkirina Koban\u00ea ye"},"content":{"rendered":"<h3 style=\"text-align: justify\"><span style=\"font-family: 'arial black', sans-serif\">11 sal di ser rizgarkirina bajar\u00ea Koban\u00ea y\u00ea Rojavay\u00ea Kurdistan\u00ea re derbas b\u00fbn, ku li ser daxwaza Serok Barzan\u00ee, P\u00ea\u015fmergey\u00ean Kurdistan\u00ea roleke mezin di t\u00eakbirina \u00e7ekdar\u00ean DAI\u015e\u00ea li Koban\u00ea \u00fb paqijkirina be\u015fek gir\u00eeng a Kurdistan\u00ea ji teror\u00eestan de l\u00eestin. L\u00ea pi\u015ft\u00ee 11 salan Koban\u00ea careke din naha di bin dorp\u00ea\u00e7\u00ea de ye.<\/span><\/h3>\n<h3 style=\"text-align: justify\">Pi\u015ft\u00ee ku \u00e7ekdar\u00ean DAI\u015e\u00ea di \u00celona 2014an de \u00ear\u00ee\u015feke mezin li dij\u00ee Koban\u00ea dest p\u00ea kirin \u00fb ji sed\u00ee 80\u00ea baj\u00ear kontrol kirin, di Cotmeha heman sal\u00ea de, bi fermana Serok Mes\u00fbd Barzan\u00ee, ku w\u00ea dem\u00ea Serok\u00ea Her\u00eama Kurdistan\u00ea b\u00fb \u00fb Parlamentoya Kurdistan\u00ea biryar da ku h\u00eaza P\u00ea\u015fmergey\u00ean Kurdistan\u00ea bi\u015f\u00eene Rojavay\u00ea Kurdistan\u00ea \u00fb rizgarkirina Koban\u00ea hat pejirandin.<\/h3>\n<h3 style=\"text-align: justify\">Karwana yekem a 150 h\u00eaz\u00ean P\u00ea\u015fmergey\u00ean Kurd di 28\u00ea Cotmeha 2014an de derbas\u00ee Koban\u00ea b\u00fb, pi\u015ftre s\u00ea karwan\u00ean din di dem\u00ean cuda de. Rizgarkirina Koban\u00ea ji aliy\u00ea h\u00eaz\u00ean P\u00ea\u015fmerge ve b\u00ea qurban\u00ee neb\u00fb. \u015eeh\u00eed\u00ea yekem \u00ea P\u00ea\u015fmergey\u00ean Kurd li Koban\u00ea Zerevan Miz\u00fbr\u00ee b\u00fb.<\/h3>\n<h3 style=\"text-align: justify\">\u015eeh\u00eed Zerevan di sala 1991an de ji dayik b\u00fbye, ew xwendekar\u00ea sala duyem\u00een a be\u015fa ziman\u00ea Kurd\u00ee ya Zan\u00eengeha Soran b\u00fb. W\u00ee ji bo parastina welat\u00ea xwe betlaneyek wergirtib\u00fb. 20 Kan\u00fbna 2015\u00ea li Koban\u00ea \u015eeh\u00eed B\u00fb.<\/h3>\n<h3 style=\"text-align: justify\">Bi pi\u015ftgiriya H\u00eaz\u00ean P\u00ea\u015fmerg\u00ean Kurdistan\u00ea \u00fb balafir\u00ean koal\u00eesyon\u00ea, di 26\u00ea Kan\u00fbna 2015an de, \u015fervan\u00ean Rojavay\u00ea Kurdistan\u00ea tevahiya bajar\u00ea Koban\u00ea ji n\u00fb ve kontrol kirin. Pi\u015ft\u00ee tomarkirina v\u00ea serkeftina d\u00eerok\u00ee, H\u00eaz\u00ean P\u00ea\u015fmerge di 22\u00ea N\u00eesana 2015an de vegeriyan Her\u00eama Kurdistan\u00ea.<\/h3>\n<h3 style=\"text-align: justify\">Di hevpeyv\u00eenek telev\u00eezyon\u00ee de, Serok Barzan\u00ee got: &#8220;Ne biryarek h\u00easan b\u00fb, l\u00ea biryarek d\u00eerok\u00ee, netewey\u00ee \u00fb mirov\u00ee b\u00fb. Biryar\u00ea pi\u015ftevaniya Kurdistan\u00ea \u00fb navnetew\u00ee ya berfireh li d\u00fb xwe an\u00ee \u00fb biryarek\u00ee di c\u00eeh de \u00fb gelek berhemdar b\u00fb.\u2019\u2019<\/h3>\n<h3 style=\"text-align: justify\">Pi\u015ft\u00ee 11 salan, Art\u00ea\u015fa Ereb\u00ee ya S\u00fbriy\u00ea \u00fb kom\u00ean \u00e7ekdar \u00ean n\u00eaz\u00eek\u00ee hik\u00fbmeta \u015eam\u00ea \u00ear\u00ee\u015fek mezin li dij\u00ee Rojavay\u00ea Kurdistan\u00ea \u00fb bajar\u00ea Koban\u00ea dest p\u00ea kirin \u00fb naha bajar\u00ea Koban\u00ea dorp\u00ea\u00e7 kirine.<\/h3>\n<h3 style=\"text-align: justify\">Di serdana xwe ya Vat\u00eekan \u00fb n\u00fbnertiya Hik\u00fbmeta Her\u00eama Kurdistan\u00ea li Romay\u00ea de, Serok Barzan\u00ee ji rojnamevanan re got ku Koban\u00ea poz\u00eesyonek stratej\u00eek \u00fb netewey\u00ee ye \u00fb got: Eger wek\u00ee sala 2014\u00ea derfet heba, min d\u00ea dubare h\u00eaza P\u00ea\u015fmerge \u015fandiba Koban\u00ea.<\/h3>\n<h3 style=\"text-align: justify\">Herwiha ragehand; Min Dezgay\u00ea X\u00earxwaziya Barzan\u00ee erkdarkirin ku al\u00eekariya mirov\u00ee bigih\u00eene xwi\u015fk \u00fb biray\u00ean xwe y\u00ean li Rojavay\u00ea Kurdistan\u00ea.<\/h3>\n<h3 style=\"text-align: justify\">Pi\u015ft\u00ee v\u00ea peyama Serok Barzan\u00ee, Dezgay\u00ea X\u00earxwaziya Barzan\u00ee duh Yek\u015fem\u00ea, 25\u00ea Kan\u00fbna P\u00ea\u015f\u00een a 2026an, bi gihandina al\u00eekariya mirov\u00ee ya xwarin, sotemen\u00ee \u00fb p\u00eadiviy\u00ean din \u00ean rojane y\u00ean welatiyan, dorp\u00ea\u00e7a li ser Koban\u00ea \u015fikand.<\/h3>\n","protected":false},"excerpt":{"rendered":"<p>11 sal di ser rizgarkirina bajar\u00ea Koban\u00ea y\u00ea Rojavay\u00ea Kurdistan\u00ea re derbas b\u00fbn, ku li ser daxwaza Serok Barzan\u00ee, P\u00ea\u015fmergey\u00ean Kurdistan\u00ea roleke mezin di t\u00eakbirina \u00e7ekdar\u00ean DAI\u015e\u00ea li Koban\u00ea \u00fb paqijkirina be\u015fek gir\u00eeng a Kurdistan\u00ea ji teror\u00eestan de l\u00eestin. L\u00ea pi\u015ft\u00ee 11 salan Koban\u00ea careke din naha di bin dorp\u00ea\u00e7\u00ea de ye. Pi\u015ft\u00ee ku \u00e7ekdar\u00ean [&hellip;]<\/p>\n","protected":false},"author":2,"featured_media":1051550,"comment_status":"closed","ping_status":"closed","sticky":false,"template":"","format":"standard","meta":{"footnotes":""},"categories":[29],"tags":[37],"class_list":["post-1051549","post","type-post","status-publish","format-standard","has-post-thumbnail","hentry","category-kurdistan","tag-sereke"],"blocksy_meta":[],"seo_head":"<!-- This site is optimized with the Yoast SEO plugin v27.5 - https:\/\/yoast.com\/product\/yoast-seo-wordpress\/ -->\n<title>\u00cero 11em\u00een salvegera rizgarkirina Koban\u00ea ye - Darka Maz\u00ee<\/title>\n<meta name=\"robots\" content=\"index, follow, max-snippet:-1, max-image-preview:large, max-video-preview:-1\" \/>\n<link rel=\"canonical\" href=\"https:\/\/darkamazi.info\/archives\/1051549\" \/>\n<meta property=\"og:locale\" content=\"en_US\" \/>\n<meta property=\"og:type\" content=\"article\" \/>\n<meta property=\"og:title\" content=\"\u00cero 11em\u00een salvegera rizgarkirina Koban\u00ea ye - Darka Maz\u00ee\" \/>\n<meta property=\"og:description\" content=\"11 sal di ser rizgarkirina bajar\u00ea Koban\u00ea y\u00ea Rojavay\u00ea Kurdistan\u00ea re derbas b\u00fbn, ku li ser daxwaza Serok Barzan\u00ee, P\u00ea\u015fmergey\u00ean Kurdistan\u00ea roleke mezin di t\u00eakbirina \u00e7ekdar\u00ean DAI\u015e\u00ea li Koban\u00ea \u00fb paqijkirina be\u015fek gir\u00eeng a Kurdistan\u00ea ji teror\u00eestan de l\u00eestin. L\u00ea pi\u015ft\u00ee 11 salan Koban\u00ea careke din naha di bin dorp\u00ea\u00e7\u00ea de ye. Pi\u015ft\u00ee ku \u00e7ekdar\u00ean [&hellip;]\" \/>\n<meta property=\"og:url\" content=\"https:\/\/darkamazi.info\/archives\/1051549\" \/>\n<meta property=\"og:site_name\" content=\"Darka Maz\u00ee\" \/>\n<meta property=\"article:publisher\" content=\"https:\/\/www.facebook.com\/DarMaziKurmanci\" \/>\n<meta property=\"article:published_time\" content=\"2026-01-26T09:37:53+00:00\" \/>\n<meta property=\"og:image\" content=\"https:\/\/darkamazi.info\/file\/2026\/01\/pesmerge-kobani-kurdistan-rojava.jpg\" \/>\n\t<meta property=\"og:image:width\" content=\"900\" \/>\n\t<meta property=\"og:image:height\" content=\"497\" \/>\n\t<meta property=\"og:image:type\" content=\"image\/jpeg\" \/>\n<meta name=\"author\" content=\"darka mazi\" \/>\n<meta name=\"twitter:card\" content=\"summary_large_image\" \/>\n<meta name=\"twitter:creator\" content=\"@DarkaMaziLatini\" \/>\n<meta name=\"twitter:site\" content=\"@DarkaMaziLatini\" \/>\n<meta name=\"twitter:label1\" content=\"Written by\" \/>\n\t<meta name=\"twitter:data1\" content=\"darka mazi\" \/>\n\t<meta name=\"twitter:label2\" content=\"Est. reading time\" \/>\n\t<meta name=\"twitter:data2\" content=\"2 minutes\" \/>\n<script type=\"application\/ld+json\" class=\"seo-schema-graph\">{\"@context\":\"https:\\\/\\\/schema.org\",\"@graph\":[{\"@type\":\"Article\",\"@id\":\"https:\\\/\\\/darkamazi.info\\\/archives\\\/1051549#article\",\"isPartOf\":{\"@id\":\"https:\\\/\\\/darkamazi.info\\\/archives\\\/1051549\"},\"author\":{\"name\":\"darka mazi\",\"@id\":\"https:\\\/\\\/darkamazi.info\\\/#\\\/schema\\\/person\\\/5ad3e24553a0567993fa8ed4bd0a776c\"},\"headline\":\"\u00cero 11em\u00een salvegera rizgarkirina Koban\u00ea ye\",\"datePublished\":\"2026-01-26T09:37:53+00:00\",\"mainEntityOfPage\":{\"@id\":\"https:\\\/\\\/darkamazi.info\\\/archives\\\/1051549\"},\"wordCount\":463,\"publisher\":{\"@id\":\"https:\\\/\\\/darkamazi.info\\\/#organization\"},\"image\":{\"@id\":\"https:\\\/\\\/darkamazi.info\\\/archives\\\/1051549#primaryimage\"},\"thumbnailUrl\":\"https:\\\/\\\/darkamazi.info\\\/darka-content\\\/uploads\\\/2026\\\/01\\\/pesmerge-kobani-kurdistan-rojava.jpg\",\"keywords\":[\"sereke\"],\"articleSection\":[\"Kurdistan\"],\"inLanguage\":\"en-US\"},{\"@type\":\"WebPage\",\"@id\":\"https:\\\/\\\/darkamazi.info\\\/archives\\\/1051549\",\"url\":\"https:\\\/\\\/darkamazi.info\\\/archives\\\/1051549\",\"name\":\"\u00cero 11em\u00een salvegera rizgarkirina Koban\u00ea ye - Darka Maz\u00ee\",\"isPartOf\":{\"@id\":\"https:\\\/\\\/darkamazi.info\\\/#website\"},\"primaryImageOfPage\":{\"@id\":\"https:\\\/\\\/darkamazi.info\\\/archives\\\/1051549#primaryimage\"},\"image\":{\"@id\":\"https:\\\/\\\/darkamazi.info\\\/archives\\\/1051549#primaryimage\"},\"thumbnailUrl\":\"https:\\\/\\\/darkamazi.info\\\/darka-content\\\/uploads\\\/2026\\\/01\\\/pesmerge-kobani-kurdistan-rojava.jpg\",\"datePublished\":\"2026-01-26T09:37:53+00:00\",\"breadcrumb\":{\"@id\":\"https:\\\/\\\/darkamazi.info\\\/archives\\\/1051549#breadcrumb\"},\"inLanguage\":\"en-US\",\"potentialAction\":[{\"@type\":\"ReadAction\",\"target\":[\"https:\\\/\\\/darkamazi.info\\\/archives\\\/1051549\"]}]},{\"@type\":\"ImageObject\",\"inLanguage\":\"en-US\",\"@id\":\"https:\\\/\\\/darkamazi.info\\\/archives\\\/1051549#primaryimage\",\"url\":\"https:\\\/\\\/darkamazi.info\\\/darka-content\\\/uploads\\\/2026\\\/01\\\/pesmerge-kobani-kurdistan-rojava.jpg\",\"contentUrl\":\"https:\\\/\\\/darkamazi.info\\\/darka-content\\\/uploads\\\/2026\\\/01\\\/pesmerge-kobani-kurdistan-rojava.jpg\",\"width\":900,\"height\":497,\"caption\":\"11 sal di ser rizgarkirina bajar\u00ea Koban\u00ea y\u00ea Rojavay\u00ea Kurdistan\u00ea re derbas b\u00fbn, ku li ser daxwaza Serok Barzan\u00ee, P\u00ea\u015fmergey\u00ean Kurdistan\u00ea roleke mezin di t\u00eakbirina \u00e7ekdar\u00ean DAI\u015e\u00ea li Koban\u00ea \u00fb paqijkirina be\u015fek gir\u00eeng a Kurdistan\u00ea ji teror\u00eestan de l\u00eestin. L\u00ea pi\u015ft\u00ee 11 salan Koban\u00ea careke din naha di bin dorp\u00ea\u00e7\u00ea de ye.\"},{\"@type\":\"BreadcrumbList\",\"@id\":\"https:\\\/\\\/darkamazi.info\\\/archives\\\/1051549#breadcrumb\",\"itemListElement\":[{\"@type\":\"ListItem\",\"position\":1,\"name\":\"Home\",\"item\":\"https:\\\/\\\/darkamazi.info\\\/\"},{\"@type\":\"ListItem\",\"position\":2,\"name\":\"\u00cero 11em\u00een salvegera rizgarkirina Koban\u00ea ye\"}]},{\"@type\":\"WebSite\",\"@id\":\"https:\\\/\\\/darkamazi.info\\\/#website\",\"url\":\"https:\\\/\\\/darkamazi.info\\\/\",\"name\":\"Darka Maz\u00ee\",\"description\":\"P\u00eageha Zanyariy\u00ean Nebih\u00eest\u00ee\",\"publisher\":{\"@id\":\"https:\\\/\\\/darkamazi.info\\\/#organization\"},\"potentialAction\":[{\"@type\":\"SearchAction\",\"target\":{\"@type\":\"EntryPoint\",\"urlTemplate\":\"https:\\\/\\\/darkamazi.info\\\/?s={search_term_string}\"},\"query-input\":{\"@type\":\"PropertyValueSpecification\",\"valueRequired\":true,\"valueName\":\"search_term_string\"}}],\"inLanguage\":\"en-US\"},{\"@type\":\"Organization\",\"@id\":\"https:\\\/\\\/darkamazi.info\\\/#organization\",\"name\":\"Darka Maz\u00ee\",\"url\":\"https:\\\/\\\/darkamazi.info\\\/\",\"logo\":{\"@type\":\"ImageObject\",\"inLanguage\":\"en-US\",\"@id\":\"https:\\\/\\\/darkamazi.info\\\/#\\\/schema\\\/logo\\\/image\\\/\",\"url\":\"https:\\\/\\\/darkamazi.info\\\/darka-content\\\/uploads\\\/2017\\\/12\\\/darka-mazi-logo.png\",\"contentUrl\":\"https:\\\/\\\/darkamazi.info\\\/darka-content\\\/uploads\\\/2017\\\/12\\\/darka-mazi-logo.png\",\"width\":151,\"height\":75,\"caption\":\"Darka Maz\u00ee\"},\"image\":{\"@id\":\"https:\\\/\\\/darkamazi.info\\\/#\\\/schema\\\/logo\\\/image\\\/\"},\"sameAs\":[\"https:\\\/\\\/www.facebook.com\\\/DarMaziKurmanci\",\"https:\\\/\\\/x.com\\\/DarkaMaziLatini\",\"https:\\\/\\\/www.instagram.com\\\/darkamazi.kurmanci\\\/\",\"https:\\\/\\\/www.youtube.com\\\/channel\\\/UCa5HkTdmI8U1qCUFuTw8B2g\"]},{\"@type\":\"Person\",\"@id\":\"https:\\\/\\\/darkamazi.info\\\/#\\\/schema\\\/person\\\/5ad3e24553a0567993fa8ed4bd0a776c\",\"name\":\"darka mazi\",\"sameAs\":[\"https:\\\/\\\/darkamazi.info\\\/\"],\"url\":\"https:\\\/\\\/darkamazi.info\\\/archives\\\/author\\\/kurdi\"}]}<\/script>\n<!-- \/ Yoast SEO plugin. -->","seo_head_json":{"title":"\u00cero 11em\u00een salvegera rizgarkirina Koban\u00ea ye - Darka Maz\u00ee","robots":{"index":"index","follow":"follow","max-snippet":"max-snippet:-1","max-image-preview":"max-image-preview:large","max-video-preview":"max-video-preview:-1"},"canonical":"https:\/\/darkamazi.info\/archives\/1051549","og_locale":"en_US","og_type":"article","og_title":"\u00cero 11em\u00een salvegera rizgarkirina Koban\u00ea ye - Darka Maz\u00ee","og_description":"11 sal di ser rizgarkirina bajar\u00ea Koban\u00ea y\u00ea Rojavay\u00ea Kurdistan\u00ea re derbas b\u00fbn, ku li ser daxwaza Serok Barzan\u00ee, P\u00ea\u015fmergey\u00ean Kurdistan\u00ea roleke mezin di t\u00eakbirina \u00e7ekdar\u00ean DAI\u015e\u00ea li Koban\u00ea \u00fb paqijkirina be\u015fek gir\u00eeng a Kurdistan\u00ea ji teror\u00eestan de l\u00eestin. L\u00ea pi\u015ft\u00ee 11 salan Koban\u00ea careke din naha di bin dorp\u00ea\u00e7\u00ea de ye. Pi\u015ft\u00ee ku \u00e7ekdar\u00ean [&hellip;]","og_url":"https:\/\/darkamazi.info\/archives\/1051549","og_site_name":"Darka Maz\u00ee","article_publisher":"https:\/\/www.facebook.com\/DarMaziKurmanci","article_published_time":"2026-01-26T09:37:53+00:00","og_image":[{"width":900,"height":497,"url":"https:\/\/darkamazi.info\/file\/2026\/01\/pesmerge-kobani-kurdistan-rojava.jpg","type":"image\/jpeg"}],"author":"darka mazi","twitter_card":"summary_large_image","twitter_creator":"@DarkaMaziLatini","twitter_site":"@DarkaMaziLatini","twitter_misc":{"Written by":"darka mazi","Est. reading time":"2 minutes"},"schema":{"@context":"https:\/\/schema.org","@graph":[{"@type":"Article","@id":"https:\/\/darkamazi.info\/archives\/1051549#article","isPartOf":{"@id":"https:\/\/darkamazi.info\/archives\/1051549"},"author":{"name":"darka mazi","@id":"https:\/\/darkamazi.info\/#\/schema\/person\/5ad3e24553a0567993fa8ed4bd0a776c"},"headline":"\u00cero 11em\u00een salvegera rizgarkirina Koban\u00ea ye","datePublished":"2026-01-26T09:37:53+00:00","mainEntityOfPage":{"@id":"https:\/\/darkamazi.info\/archives\/1051549"},"wordCount":463,"publisher":{"@id":"https:\/\/darkamazi.info\/#organization"},"image":{"@id":"https:\/\/darkamazi.info\/archives\/1051549#primaryimage"},"thumbnailUrl":"https:\/\/darkamazi.info\/file\/2026\/01\/pesmerge-kobani-kurdistan-rojava.jpg","keywords":["sereke"],"articleSection":["Kurdistan"],"inLanguage":"en-US"},{"@type":"WebPage","@id":"https:\/\/darkamazi.info\/archives\/1051549","url":"https:\/\/darkamazi.info\/archives\/1051549","name":"\u00cero 11em\u00een salvegera rizgarkirina Koban\u00ea ye - Darka Maz\u00ee","isPartOf":{"@id":"https:\/\/darkamazi.info\/#website"},"primaryImageOfPage":{"@id":"https:\/\/darkamazi.info\/archives\/1051549#primaryimage"},"image":{"@id":"https:\/\/darkamazi.info\/archives\/1051549#primaryimage"},"thumbnailUrl":"https:\/\/darkamazi.info\/file\/2026\/01\/pesmerge-kobani-kurdistan-rojava.jpg","datePublished":"2026-01-26T09:37:53+00:00","breadcrumb":{"@id":"https:\/\/darkamazi.info\/archives\/1051549#breadcrumb"},"inLanguage":"en-US","potentialAction":[{"@type":"ReadAction","target":["https:\/\/darkamazi.info\/archives\/1051549"]}]},{"@type":"ImageObject","inLanguage":"en-US","@id":"https:\/\/darkamazi.info\/archives\/1051549#primaryimage","url":"https:\/\/darkamazi.info\/file\/2026\/01\/pesmerge-kobani-kurdistan-rojava.jpg","contentUrl":"https:\/\/darkamazi.info\/file\/2026\/01\/pesmerge-kobani-kurdistan-rojava.jpg","width":900,"height":497,"caption":"11 sal di ser rizgarkirina bajar\u00ea Koban\u00ea y\u00ea Rojavay\u00ea Kurdistan\u00ea re derbas b\u00fbn, ku li ser daxwaza Serok Barzan\u00ee, P\u00ea\u015fmergey\u00ean Kurdistan\u00ea roleke mezin di t\u00eakbirina \u00e7ekdar\u00ean DAI\u015e\u00ea li Koban\u00ea \u00fb paqijkirina be\u015fek gir\u00eeng a Kurdistan\u00ea ji teror\u00eestan de l\u00eestin. L\u00ea pi\u015ft\u00ee 11 salan Koban\u00ea careke din naha di bin dorp\u00ea\u00e7\u00ea de ye."},{"@type":"BreadcrumbList","@id":"https:\/\/darkamazi.info\/archives\/1051549#breadcrumb","itemListElement":[{"@type":"ListItem","position":1,"name":"Home","item":"https:\/\/darkamazi.info\/"},{"@type":"ListItem","position":2,"name":"\u00cero 11em\u00een salvegera rizgarkirina Koban\u00ea ye"}]},{"@type":"WebSite","@id":"https:\/\/darkamazi.info\/#website","url":"https:\/\/darkamazi.info\/","name":"Darka Maz\u00ee","description":"P\u00eageha Zanyariy\u00ean Nebih\u00eest\u00ee","publisher":{"@id":"https:\/\/darkamazi.info\/#organization"},"potentialAction":[{"@type":"SearchAction","target":{"@type":"EntryPoint","urlTemplate":"https:\/\/darkamazi.info\/?s={search_term_string}"},"query-input":{"@type":"PropertyValueSpecification","valueRequired":true,"valueName":"search_term_string"}}],"inLanguage":"en-US"},{"@type":"Organization","@id":"https:\/\/darkamazi.info\/#organization","name":"Darka Maz\u00ee","url":"https:\/\/darkamazi.info\/","logo":{"@type":"ImageObject","inLanguage":"en-US","@id":"https:\/\/darkamazi.info\/#\/schema\/logo\/image\/","url":"https:\/\/darkamazi.info\/file\/2017\/12\/darka-mazi-logo.png","contentUrl":"https:\/\/darkamazi.info\/file\/2017\/12\/darka-mazi-logo.png","width":151,"height":75,"caption":"Darka Maz\u00ee"},"image":{"@id":"https:\/\/darkamazi.info\/#\/schema\/logo\/image\/"},"sameAs":["https:\/\/www.facebook.com\/DarMaziKurmanci","https:\/\/x.com\/DarkaMaziLatini","https:\/\/www.instagram.com\/darkamazi.kurmanci\/","https:\/\/www.youtube.com\/channel\/UCa5HkTdmI8U1qCUFuTw8B2g"]},{"@type":"Person","@id":"https:\/\/darkamazi.info\/#\/schema\/person\/5ad3e24553a0567993fa8ed4bd0a776c","name":"darka mazi","sameAs":["https:\/\/darkamazi.info\/"],"url":"https:\/\/darkamazi.info\/archives\/author\/kurdi"}]}},"_links":{"self":[{"href":"https:\/\/darkamazi.info\/funavuv\/wp\/v2\/posts\/1051549","targetHints":{"allow":["GET"]}}],"collection":[{"href":"https:\/\/darkamazi.info\/funavuv\/wp\/v2\/posts"}],"about":[{"href":"https:\/\/darkamazi.info\/funavuv\/wp\/v2\/types\/post"}],"author":[{"embeddable":true,"href":"https:\/\/darkamazi.info\/funavuv\/wp\/v2\/users\/2"}],"replies":[{"embeddable":true,"href":"https:\/\/darkamazi.info\/funavuv\/wp\/v2\/comments?post=1051549"}],"version-history":[{"count":0,"href":"https:\/\/darkamazi.info\/funavuv\/wp\/v2\/posts\/1051549\/revisions"}],"wp:featuredmedia":[{"embeddable":true,"href":"https:\/\/darkamazi.info\/funavuv\/wp\/v2\/media\/1051550"}],"wp:attachment":[{"href":"https:\/\/darkamazi.info\/funavuv\/wp\/v2\/media?parent=1051549"}],"wp:term":[{"taxonomy":"category","embeddable":true,"href":"https:\/\/darkamazi.info\/funavuv\/wp\/v2\/categories?post=1051549"},{"taxonomy":"post_tag","embeddable":true,"href":"https:\/\/darkamazi.info\/funavuv\/wp\/v2\/tags?post=1051549"}],"curies":[{"name":"wp","href":"https:\/\/api.w.org\/{rel}","templated":true}]}}