{"id":1051555,"date":"2026-01-26T17:12:00","date_gmt":"2026-01-26T14:12:00","guid":{"rendered":"https:\/\/darkamazi.info\/?p=1051555"},"modified":"2026-01-26T17:12:00","modified_gmt":"2026-01-26T14:12:00","slug":"dem-parti-dive-dorpeca-li-ser-rojavaye-kurdistane-were-rakirin","status":"publish","type":"post","link":"https:\/\/darkamazi.info\/archives\/1051555","title":{"rendered":"DEM Part\u00ee: Div\u00ea dorp\u00ea\u00e7a li ser Rojavay\u00ea Kurdistan\u00ea were rakirin"},"content":{"rendered":"<h3 style=\"text-align: justify\"><span style=\"font-family: 'arial black', sans-serif\">Berdevka Partiya Wekhev\u00ee \u00fb Demokrasiy\u00ea ya Gelan (DEM Part\u00ee) Ay\u015fegul Dogan, bang kir ku dorp\u00ea\u00e7a li ser Rojavay\u00ea Kurdistan\u00ea were rakirin \u00fb destn\u00ee\u015fan kir ku \u00e7areseriya kr\u00eeza S\u00fbriyey\u00ea ten\u00ea bi r\u00eaya d\u00eeyalog\u00ea p\u00eakan e.<\/span><\/h3>\n<h3 style=\"text-align: justify\"><span style=\"font-family: arial, helvetica, sans-serif\">Ay\u015fegul Dogan, \u00eero 26\u2019\u00ea \u00c7iley\u00ea di civ\u00eeneke \u00e7apemeniy\u00ea de got: &#8220;P\u00eaw\u00eest e dorp\u00ea\u00e7a li ser Rojavay\u00ea Kurdistan\u00ea bi z\u00fbtir\u00een dem were rakirin. Daxwaz \u00fb armanca me ya sereke ew e ku li tevahiya her\u00eam\u00ea a\u015ft\u00ee \u00fb aram\u00ee peyda bibe.&#8221;<\/span><\/h3>\n<h3 style=\"text-align: justify\"><span style=\"font-family: arial, helvetica, sans-serif\">Berdevka DEM Partiy\u00ea got j\u00ee: &#8220;\u00c7areseriya babeta S\u00fbriyey\u00ea ten\u00ea bi r\u00eaya d\u00eeyalog\u00ea p\u00eakan e. Ji bo d\u00eetina \u00e7areseriyeke may\u00eende, div\u00ea ziman\u00ea diyalog\u00ea li \u015f\u00fbna \u015fer were bikaran\u00een.&#8221;<\/span><\/h3>\n<h3 style=\"text-align: justify\"><span style=\"font-family: arial, helvetica, sans-serif\">Ev daxuyaniya DEM Partiy\u00ea di demek\u00ea de ye ku li gundewar\u00ea Koban\u00ee \u00fb her\u00eam\u00ean din \u00ean Rojavay\u00ea Kurdistan\u00ea rage\u015f\u00ee \u00fb dorp\u00ea\u00e7 berdewam dike \u00fb xebat\u00ean d\u00eeplomat\u00eek ji bo k\u00eamkirina aloziy\u00ea t\u00ean me\u015fandin.<\/span><\/h3>\n","protected":false},"excerpt":{"rendered":"<p>Berdevka Partiya Wekhev\u00ee \u00fb Demokrasiy\u00ea ya Gelan (DEM Part\u00ee) Ay\u015fegul Dogan, bang kir ku dorp\u00ea\u00e7a li ser Rojavay\u00ea Kurdistan\u00ea were rakirin \u00fb destn\u00ee\u015fan kir ku \u00e7areseriya kr\u00eeza S\u00fbriyey\u00ea ten\u00ea bi r\u00eaya d\u00eeyalog\u00ea p\u00eakan e. Ay\u015fegul Dogan, \u00eero 26\u2019\u00ea \u00c7iley\u00ea di civ\u00eeneke \u00e7apemeniy\u00ea de got: &#8220;P\u00eaw\u00eest e dorp\u00ea\u00e7a li ser Rojavay\u00ea Kurdistan\u00ea bi z\u00fbtir\u00een dem were [&hellip;]<\/p>\n","protected":false},"author":2,"featured_media":1051556,"comment_status":"closed","ping_status":"closed","sticky":false,"template":"","format":"standard","meta":{"footnotes":""},"categories":[29],"tags":[37],"class_list":["post-1051555","post","type-post","status-publish","format-standard","has-post-thumbnail","hentry","category-kurdistan","tag-sereke"],"blocksy_meta":[],"seo_head":"<!-- This site is optimized with the Yoast SEO plugin v27.5 - https:\/\/yoast.com\/product\/yoast-seo-wordpress\/ -->\n<title>DEM Part\u00ee: Div\u00ea dorp\u00ea\u00e7a li ser Rojavay\u00ea Kurdistan\u00ea were rakirin - Darka Maz\u00ee<\/title>\n<meta name=\"robots\" content=\"index, follow, max-snippet:-1, max-image-preview:large, max-video-preview:-1\" \/>\n<link rel=\"canonical\" href=\"https:\/\/darkamazi.info\/archives\/1051555\" \/>\n<meta property=\"og:locale\" content=\"en_US\" \/>\n<meta property=\"og:type\" content=\"article\" \/>\n<meta property=\"og:title\" content=\"DEM Part\u00ee: Div\u00ea dorp\u00ea\u00e7a li ser Rojavay\u00ea Kurdistan\u00ea were rakirin - Darka Maz\u00ee\" \/>\n<meta property=\"og:description\" content=\"Berdevka Partiya Wekhev\u00ee \u00fb Demokrasiy\u00ea ya Gelan (DEM Part\u00ee) Ay\u015fegul Dogan, bang kir ku dorp\u00ea\u00e7a li ser Rojavay\u00ea Kurdistan\u00ea were rakirin \u00fb destn\u00ee\u015fan kir ku \u00e7areseriya kr\u00eeza S\u00fbriyey\u00ea ten\u00ea bi r\u00eaya d\u00eeyalog\u00ea p\u00eakan e. Ay\u015fegul Dogan, \u00eero 26\u2019\u00ea \u00c7iley\u00ea di civ\u00eeneke \u00e7apemeniy\u00ea de got: &#8220;P\u00eaw\u00eest e dorp\u00ea\u00e7a li ser Rojavay\u00ea Kurdistan\u00ea bi z\u00fbtir\u00een dem were [&hellip;]\" \/>\n<meta property=\"og:url\" content=\"https:\/\/darkamazi.info\/archives\/1051555\" \/>\n<meta property=\"og:site_name\" content=\"Darka Maz\u00ee\" \/>\n<meta property=\"article:publisher\" content=\"https:\/\/www.facebook.com\/DarMaziKurmanci\" \/>\n<meta property=\"article:published_time\" content=\"2026-01-26T14:12:00+00:00\" \/>\n<meta property=\"og:image\" content=\"https:\/\/darkamazi.info\/file\/2026\/01\/Dem-Parti-info.jpg\" \/>\n\t<meta property=\"og:image:width\" content=\"900\" \/>\n\t<meta property=\"og:image:height\" content=\"500\" \/>\n\t<meta property=\"og:image:type\" content=\"image\/jpeg\" \/>\n<meta name=\"author\" content=\"darka mazi\" \/>\n<meta name=\"twitter:card\" content=\"summary_large_image\" \/>\n<meta name=\"twitter:creator\" content=\"@DarkaMaziLatini\" \/>\n<meta name=\"twitter:site\" content=\"@DarkaMaziLatini\" \/>\n<meta name=\"twitter:label1\" content=\"Written by\" \/>\n\t<meta name=\"twitter:data1\" content=\"darka mazi\" \/>\n\t<meta name=\"twitter:label2\" content=\"Est. reading time\" \/>\n\t<meta name=\"twitter:data2\" content=\"1 minute\" \/>\n<script type=\"application\/ld+json\" class=\"seo-schema-graph\">{\"@context\":\"https:\\\/\\\/schema.org\",\"@graph\":[{\"@type\":\"Article\",\"@id\":\"https:\\\/\\\/darkamazi.info\\\/archives\\\/1051555#article\",\"isPartOf\":{\"@id\":\"https:\\\/\\\/darkamazi.info\\\/archives\\\/1051555\"},\"author\":{\"name\":\"darka mazi\",\"@id\":\"https:\\\/\\\/darkamazi.info\\\/#\\\/schema\\\/person\\\/5ad3e24553a0567993fa8ed4bd0a776c\"},\"headline\":\"DEM Part\u00ee: Div\u00ea dorp\u00ea\u00e7a li ser Rojavay\u00ea Kurdistan\u00ea were rakirin\",\"datePublished\":\"2026-01-26T14:12:00+00:00\",\"mainEntityOfPage\":{\"@id\":\"https:\\\/\\\/darkamazi.info\\\/archives\\\/1051555\"},\"wordCount\":167,\"publisher\":{\"@id\":\"https:\\\/\\\/darkamazi.info\\\/#organization\"},\"image\":{\"@id\":\"https:\\\/\\\/darkamazi.info\\\/archives\\\/1051555#primaryimage\"},\"thumbnailUrl\":\"https:\\\/\\\/darkamazi.info\\\/darka-content\\\/uploads\\\/2026\\\/01\\\/Dem-Parti-info.jpg\",\"keywords\":[\"sereke\"],\"articleSection\":[\"Kurdistan\"],\"inLanguage\":\"en-US\"},{\"@type\":\"WebPage\",\"@id\":\"https:\\\/\\\/darkamazi.info\\\/archives\\\/1051555\",\"url\":\"https:\\\/\\\/darkamazi.info\\\/archives\\\/1051555\",\"name\":\"DEM Part\u00ee: Div\u00ea dorp\u00ea\u00e7a li ser Rojavay\u00ea Kurdistan\u00ea were rakirin - Darka Maz\u00ee\",\"isPartOf\":{\"@id\":\"https:\\\/\\\/darkamazi.info\\\/#website\"},\"primaryImageOfPage\":{\"@id\":\"https:\\\/\\\/darkamazi.info\\\/archives\\\/1051555#primaryimage\"},\"image\":{\"@id\":\"https:\\\/\\\/darkamazi.info\\\/archives\\\/1051555#primaryimage\"},\"thumbnailUrl\":\"https:\\\/\\\/darkamazi.info\\\/darka-content\\\/uploads\\\/2026\\\/01\\\/Dem-Parti-info.jpg\",\"datePublished\":\"2026-01-26T14:12:00+00:00\",\"breadcrumb\":{\"@id\":\"https:\\\/\\\/darkamazi.info\\\/archives\\\/1051555#breadcrumb\"},\"inLanguage\":\"en-US\",\"potentialAction\":[{\"@type\":\"ReadAction\",\"target\":[\"https:\\\/\\\/darkamazi.info\\\/archives\\\/1051555\"]}]},{\"@type\":\"ImageObject\",\"inLanguage\":\"en-US\",\"@id\":\"https:\\\/\\\/darkamazi.info\\\/archives\\\/1051555#primaryimage\",\"url\":\"https:\\\/\\\/darkamazi.info\\\/darka-content\\\/uploads\\\/2026\\\/01\\\/Dem-Parti-info.jpg\",\"contentUrl\":\"https:\\\/\\\/darkamazi.info\\\/darka-content\\\/uploads\\\/2026\\\/01\\\/Dem-Parti-info.jpg\",\"width\":900,\"height\":500,\"caption\":\"Dem-Parti-info\"},{\"@type\":\"BreadcrumbList\",\"@id\":\"https:\\\/\\\/darkamazi.info\\\/archives\\\/1051555#breadcrumb\",\"itemListElement\":[{\"@type\":\"ListItem\",\"position\":1,\"name\":\"Home\",\"item\":\"https:\\\/\\\/darkamazi.info\\\/\"},{\"@type\":\"ListItem\",\"position\":2,\"name\":\"DEM Part\u00ee: Div\u00ea dorp\u00ea\u00e7a li ser Rojavay\u00ea Kurdistan\u00ea were rakirin\"}]},{\"@type\":\"WebSite\",\"@id\":\"https:\\\/\\\/darkamazi.info\\\/#website\",\"url\":\"https:\\\/\\\/darkamazi.info\\\/\",\"name\":\"Darka Maz\u00ee\",\"description\":\"P\u00eageha Zanyariy\u00ean Nebih\u00eest\u00ee\",\"publisher\":{\"@id\":\"https:\\\/\\\/darkamazi.info\\\/#organization\"},\"potentialAction\":[{\"@type\":\"SearchAction\",\"target\":{\"@type\":\"EntryPoint\",\"urlTemplate\":\"https:\\\/\\\/darkamazi.info\\\/?s={search_term_string}\"},\"query-input\":{\"@type\":\"PropertyValueSpecification\",\"valueRequired\":true,\"valueName\":\"search_term_string\"}}],\"inLanguage\":\"en-US\"},{\"@type\":\"Organization\",\"@id\":\"https:\\\/\\\/darkamazi.info\\\/#organization\",\"name\":\"Darka Maz\u00ee\",\"url\":\"https:\\\/\\\/darkamazi.info\\\/\",\"logo\":{\"@type\":\"ImageObject\",\"inLanguage\":\"en-US\",\"@id\":\"https:\\\/\\\/darkamazi.info\\\/#\\\/schema\\\/logo\\\/image\\\/\",\"url\":\"https:\\\/\\\/darkamazi.info\\\/darka-content\\\/uploads\\\/2017\\\/12\\\/darka-mazi-logo.png\",\"contentUrl\":\"https:\\\/\\\/darkamazi.info\\\/darka-content\\\/uploads\\\/2017\\\/12\\\/darka-mazi-logo.png\",\"width\":151,\"height\":75,\"caption\":\"Darka Maz\u00ee\"},\"image\":{\"@id\":\"https:\\\/\\\/darkamazi.info\\\/#\\\/schema\\\/logo\\\/image\\\/\"},\"sameAs\":[\"https:\\\/\\\/www.facebook.com\\\/DarMaziKurmanci\",\"https:\\\/\\\/x.com\\\/DarkaMaziLatini\",\"https:\\\/\\\/www.instagram.com\\\/darkamazi.kurmanci\\\/\",\"https:\\\/\\\/www.youtube.com\\\/channel\\\/UCa5HkTdmI8U1qCUFuTw8B2g\"]},{\"@type\":\"Person\",\"@id\":\"https:\\\/\\\/darkamazi.info\\\/#\\\/schema\\\/person\\\/5ad3e24553a0567993fa8ed4bd0a776c\",\"name\":\"darka mazi\",\"sameAs\":[\"https:\\\/\\\/darkamazi.info\\\/\"],\"url\":\"https:\\\/\\\/darkamazi.info\\\/archives\\\/author\\\/kurdi\"}]}<\/script>\n<!-- \/ Yoast SEO plugin. -->","seo_head_json":{"title":"DEM Part\u00ee: Div\u00ea dorp\u00ea\u00e7a li ser Rojavay\u00ea Kurdistan\u00ea were rakirin - Darka Maz\u00ee","robots":{"index":"index","follow":"follow","max-snippet":"max-snippet:-1","max-image-preview":"max-image-preview:large","max-video-preview":"max-video-preview:-1"},"canonical":"https:\/\/darkamazi.info\/archives\/1051555","og_locale":"en_US","og_type":"article","og_title":"DEM Part\u00ee: Div\u00ea dorp\u00ea\u00e7a li ser Rojavay\u00ea Kurdistan\u00ea were rakirin - Darka Maz\u00ee","og_description":"Berdevka Partiya Wekhev\u00ee \u00fb Demokrasiy\u00ea ya Gelan (DEM Part\u00ee) Ay\u015fegul Dogan, bang kir ku dorp\u00ea\u00e7a li ser Rojavay\u00ea Kurdistan\u00ea were rakirin \u00fb destn\u00ee\u015fan kir ku \u00e7areseriya kr\u00eeza S\u00fbriyey\u00ea ten\u00ea bi r\u00eaya d\u00eeyalog\u00ea p\u00eakan e. Ay\u015fegul Dogan, \u00eero 26\u2019\u00ea \u00c7iley\u00ea di civ\u00eeneke \u00e7apemeniy\u00ea de got: &#8220;P\u00eaw\u00eest e dorp\u00ea\u00e7a li ser Rojavay\u00ea Kurdistan\u00ea bi z\u00fbtir\u00een dem were [&hellip;]","og_url":"https:\/\/darkamazi.info\/archives\/1051555","og_site_name":"Darka Maz\u00ee","article_publisher":"https:\/\/www.facebook.com\/DarMaziKurmanci","article_published_time":"2026-01-26T14:12:00+00:00","og_image":[{"width":900,"height":500,"url":"https:\/\/darkamazi.info\/file\/2026\/01\/Dem-Parti-info.jpg","type":"image\/jpeg"}],"author":"darka mazi","twitter_card":"summary_large_image","twitter_creator":"@DarkaMaziLatini","twitter_site":"@DarkaMaziLatini","twitter_misc":{"Written by":"darka mazi","Est. reading time":"1 minute"},"schema":{"@context":"https:\/\/schema.org","@graph":[{"@type":"Article","@id":"https:\/\/darkamazi.info\/archives\/1051555#article","isPartOf":{"@id":"https:\/\/darkamazi.info\/archives\/1051555"},"author":{"name":"darka mazi","@id":"https:\/\/darkamazi.info\/#\/schema\/person\/5ad3e24553a0567993fa8ed4bd0a776c"},"headline":"DEM Part\u00ee: Div\u00ea dorp\u00ea\u00e7a li ser Rojavay\u00ea Kurdistan\u00ea were rakirin","datePublished":"2026-01-26T14:12:00+00:00","mainEntityOfPage":{"@id":"https:\/\/darkamazi.info\/archives\/1051555"},"wordCount":167,"publisher":{"@id":"https:\/\/darkamazi.info\/#organization"},"image":{"@id":"https:\/\/darkamazi.info\/archives\/1051555#primaryimage"},"thumbnailUrl":"https:\/\/darkamazi.info\/file\/2026\/01\/Dem-Parti-info.jpg","keywords":["sereke"],"articleSection":["Kurdistan"],"inLanguage":"en-US"},{"@type":"WebPage","@id":"https:\/\/darkamazi.info\/archives\/1051555","url":"https:\/\/darkamazi.info\/archives\/1051555","name":"DEM Part\u00ee: Div\u00ea dorp\u00ea\u00e7a li ser Rojavay\u00ea Kurdistan\u00ea were rakirin - Darka Maz\u00ee","isPartOf":{"@id":"https:\/\/darkamazi.info\/#website"},"primaryImageOfPage":{"@id":"https:\/\/darkamazi.info\/archives\/1051555#primaryimage"},"image":{"@id":"https:\/\/darkamazi.info\/archives\/1051555#primaryimage"},"thumbnailUrl":"https:\/\/darkamazi.info\/file\/2026\/01\/Dem-Parti-info.jpg","datePublished":"2026-01-26T14:12:00+00:00","breadcrumb":{"@id":"https:\/\/darkamazi.info\/archives\/1051555#breadcrumb"},"inLanguage":"en-US","potentialAction":[{"@type":"ReadAction","target":["https:\/\/darkamazi.info\/archives\/1051555"]}]},{"@type":"ImageObject","inLanguage":"en-US","@id":"https:\/\/darkamazi.info\/archives\/1051555#primaryimage","url":"https:\/\/darkamazi.info\/file\/2026\/01\/Dem-Parti-info.jpg","contentUrl":"https:\/\/darkamazi.info\/file\/2026\/01\/Dem-Parti-info.jpg","width":900,"height":500,"caption":"Dem-Parti-info"},{"@type":"BreadcrumbList","@id":"https:\/\/darkamazi.info\/archives\/1051555#breadcrumb","itemListElement":[{"@type":"ListItem","position":1,"name":"Home","item":"https:\/\/darkamazi.info\/"},{"@type":"ListItem","position":2,"name":"DEM Part\u00ee: Div\u00ea dorp\u00ea\u00e7a li ser Rojavay\u00ea Kurdistan\u00ea were rakirin"}]},{"@type":"WebSite","@id":"https:\/\/darkamazi.info\/#website","url":"https:\/\/darkamazi.info\/","name":"Darka Maz\u00ee","description":"P\u00eageha Zanyariy\u00ean Nebih\u00eest\u00ee","publisher":{"@id":"https:\/\/darkamazi.info\/#organization"},"potentialAction":[{"@type":"SearchAction","target":{"@type":"EntryPoint","urlTemplate":"https:\/\/darkamazi.info\/?s={search_term_string}"},"query-input":{"@type":"PropertyValueSpecification","valueRequired":true,"valueName":"search_term_string"}}],"inLanguage":"en-US"},{"@type":"Organization","@id":"https:\/\/darkamazi.info\/#organization","name":"Darka Maz\u00ee","url":"https:\/\/darkamazi.info\/","logo":{"@type":"ImageObject","inLanguage":"en-US","@id":"https:\/\/darkamazi.info\/#\/schema\/logo\/image\/","url":"https:\/\/darkamazi.info\/file\/2017\/12\/darka-mazi-logo.png","contentUrl":"https:\/\/darkamazi.info\/file\/2017\/12\/darka-mazi-logo.png","width":151,"height":75,"caption":"Darka Maz\u00ee"},"image":{"@id":"https:\/\/darkamazi.info\/#\/schema\/logo\/image\/"},"sameAs":["https:\/\/www.facebook.com\/DarMaziKurmanci","https:\/\/x.com\/DarkaMaziLatini","https:\/\/www.instagram.com\/darkamazi.kurmanci\/","https:\/\/www.youtube.com\/channel\/UCa5HkTdmI8U1qCUFuTw8B2g"]},{"@type":"Person","@id":"https:\/\/darkamazi.info\/#\/schema\/person\/5ad3e24553a0567993fa8ed4bd0a776c","name":"darka mazi","sameAs":["https:\/\/darkamazi.info\/"],"url":"https:\/\/darkamazi.info\/archives\/author\/kurdi"}]}},"_links":{"self":[{"href":"https:\/\/darkamazi.info\/funavuv\/wp\/v2\/posts\/1051555","targetHints":{"allow":["GET"]}}],"collection":[{"href":"https:\/\/darkamazi.info\/funavuv\/wp\/v2\/posts"}],"about":[{"href":"https:\/\/darkamazi.info\/funavuv\/wp\/v2\/types\/post"}],"author":[{"embeddable":true,"href":"https:\/\/darkamazi.info\/funavuv\/wp\/v2\/users\/2"}],"replies":[{"embeddable":true,"href":"https:\/\/darkamazi.info\/funavuv\/wp\/v2\/comments?post=1051555"}],"version-history":[{"count":0,"href":"https:\/\/darkamazi.info\/funavuv\/wp\/v2\/posts\/1051555\/revisions"}],"wp:featuredmedia":[{"embeddable":true,"href":"https:\/\/darkamazi.info\/funavuv\/wp\/v2\/media\/1051556"}],"wp:attachment":[{"href":"https:\/\/darkamazi.info\/funavuv\/wp\/v2\/media?parent=1051555"}],"wp:term":[{"taxonomy":"category","embeddable":true,"href":"https:\/\/darkamazi.info\/funavuv\/wp\/v2\/categories?post=1051555"},{"taxonomy":"post_tag","embeddable":true,"href":"https:\/\/darkamazi.info\/funavuv\/wp\/v2\/tags?post=1051555"}],"curies":[{"name":"wp","href":"https:\/\/api.w.org\/{rel}","templated":true}]}}