{"id":1051559,"date":"2026-01-26T18:46:29","date_gmt":"2026-01-26T15:46:29","guid":{"rendered":"https:\/\/darkamazi.info\/?p=1051559"},"modified":"2026-01-26T18:46:29","modified_gmt":"2026-01-26T15:46:29","slug":"wezareta-pesmerge-di-salvegera-11e-ya-rizgarkirina-bajare-kobaniye-de-peyamek-wesand","status":"publish","type":"post","link":"https:\/\/darkamazi.info\/archives\/1051559","title":{"rendered":"Wezareta P\u00ea\u015fmerge di salvegera 11\u00ea ya rizgarkirina bajar\u00ea Kobaniy\u00ea de peyamek we\u015fand"},"content":{"rendered":"<h3 style=\"text-align: justify\"><span style=\"font-family: 'arial black', sans-serif\"><strong>Wezareta P\u00ea\u015fmerge ya Hik\u00fbmeta Her\u00eama Kurdistan\u00ea di salvegera 11\u00ea ya rizgarkirina bajar\u00ea Kobaniy\u00ea de peyameka r\u00eazl\u00eagirtin\u00ea we\u015fand \u00fb t\u00ea de berxwedana efsaney\u00ee ya P\u00ea\u015fmerge \u00fb \u015fervanan li dij\u00ee teror\u00eest\u00ean DAI\u015e\u00ea pesinand.<\/strong><\/span><\/h3>\n<h3 style=\"text-align: justify\"><span style=\"font-family: arial, helvetica, sans-serif\">Wezareta P\u00ea\u015fmerge ya Hik\u00fbmeta Her\u00eama Kurdistan\u00ea tekez kir ku, ew serkeftina d\u00eerok\u00ee berhema yekr\u00eaz\u00ee \u00fb fedakariya hem\u00ee wan qehremanan b\u00fb y\u00ean ku r\u00ea li ber ketina w\u00ee bajar\u00ee girt \u00fb di \u015ferek\u00ea b\u00eahempa de r\u00eaxistina teror\u00eest\u00ee ya her\u00ee hov \u015fikand.<\/span><\/h3>\n<h3 style=\"text-align: justify\"><span style=\"font-family: arial, helvetica, sans-serif\">Di ragihandina Wezareta P\u00ea\u015fmerge de hatiye ku, ber\u00ee 11 salan P\u00ea\u015fmerge \u00fb \u015fervanan mil bi mil di yek ji \u015fer\u00ean her\u00ee dijwar \u00ean sedsala 21\u00ea de bi \u00eeradeyeka polay\u00ee kar\u00ee Kobaniy\u00ea ji dest\u00ea teror\u00ea rizgar bikin.<\/span><\/h3>\n<h3 style=\"text-align: justify\"><span style=\"font-family: arial, helvetica, sans-serif\">Wezaret\u00ea navbir\u00ee amaje j\u00ee da: Ew serkeftin ne ten\u00ea destkeftiyeka le\u015fker\u00ee b\u00fb, belk\u00ee serkeftina \u00eeradeya jiyan\u00ea \u00fb can\u00ea mirovahiy\u00ea li ser fikra tundr\u00ea \u00fb hov\u00eetiy\u00ea b\u00fb. Wezareta P\u00ea\u015fmerge silav ji wan P\u00ea\u015fmerge \u00fb \u015fervanan re \u015fandin \u00ean ku bi xw\u00eena xwe r\u00ea\u00e7a d\u00eerok\u00ea guhert \u00fb r\u00fbmeta gel\u00ea Kurd parast.<\/span><\/h3>\n<h3 style=\"text-align: justify\"><span style=\"font-family: arial, helvetica, sans-serif\">Wezareta P\u00ea\u015fmerge ya Hik\u00fbmeta Her\u00eama Kurdistan\u00ea tekez j\u00ee kir ku, \u00eeradeya serketin\u00ea d\u00ea bi eyn\u00ee ruh\u00ea berxwedana w\u00ea dem\u00ea berdewam be \u00fb Koban\u00ee d\u00ea serbilind bim\u00eene.<\/span><\/h3>\n<h3 style=\"text-align: justify\"><span style=\"font-family: arial, helvetica, sans-serif\">Wezareta P\u00ea\u015fmerge herwesa silav ji bo can\u00ea paqij \u00ea \u015feh\u00eedan \u015fandin \u00fb tekez li ser gir\u00eengiya yekkdest\u00ee \u00fb yekr\u00eaziya netewey\u00ee wek\u00ee yekane r\u00eaya derbazb\u00fbna ji xeteriyan \u00fb parastina a\u015ft\u00ee \u00fb tenahiy\u00ea kir.<\/span><\/h3>\n<h3 style=\"text-align: justify\"><span style=\"font-family: arial, helvetica, sans-serif\">\u015eer\u00ea Kobaniy\u00ea li Pay\u00eeza sala 2014\u00ea hat destp\u00eakirin \u00fb ji bo dema \u00e7end mehan bala c\u00eehan\u00ea ki\u015fand. Di Cotmeha w\u00ea sal\u00ea de, bi biryara Serok Barzan\u00ee \u00fb pejirandina Parlamentoya Her\u00eama Kurdistan\u00ea, h\u00eazeka P\u00ea\u015fmergeyan ji bo pi\u015ftgiriya \u015fervanan li Kobaniy\u00ea hat \u015fandin, ku ew cara yek\u00ea b\u00fb di d\u00eeroka n\u00fb de ku P\u00ea\u015fmerge ji bo pi\u015ftgiriya pareka din a Kurdistan\u00ea ji s\u00eenoran derbaz bibe.<\/span><\/h3>\n<h3 style=\"text-align: justify\"><span style=\"font-family: arial, helvetica, sans-serif\">Di 26\u00ea \u00c7ileya sala 2015\u00ea de, ew bajar bi tevah\u00ee ji teror\u00eest\u00ean DAI\u015e\u00ea hat paqijkirin, ew yek j\u00ee ji bo hilwe\u015f\u00eena w\u00ea r\u00eaxistin\u00ea li seranser\u00ea c\u00eehan\u00ea b\u00fb destp\u00eakek. \u00cero 11 sal di ser w\u00ea b\u00fbyera d\u00eerok\u00ee re derbaz b\u00fbn \u00fb wek\u00ee sembola hevgirtina h\u00eaza Kurdan t\u00ea bib\u00eeran\u00een.<\/span><\/h3>\n","protected":false},"excerpt":{"rendered":"<p>Wezareta P\u00ea\u015fmerge ya Hik\u00fbmeta Her\u00eama Kurdistan\u00ea di salvegera 11\u00ea ya rizgarkirina bajar\u00ea Kobaniy\u00ea de peyameka r\u00eazl\u00eagirtin\u00ea we\u015fand \u00fb t\u00ea de berxwedana efsaney\u00ee ya P\u00ea\u015fmerge \u00fb \u015fervanan li dij\u00ee teror\u00eest\u00ean DAI\u015e\u00ea pesinand. Wezareta P\u00ea\u015fmerge ya Hik\u00fbmeta Her\u00eama Kurdistan\u00ea tekez kir ku, ew serkeftina d\u00eerok\u00ee berhema yekr\u00eaz\u00ee \u00fb fedakariya hem\u00ee wan qehremanan b\u00fb y\u00ean ku r\u00ea li [&hellip;]<\/p>\n","protected":false},"author":2,"featured_media":1051560,"comment_status":"closed","ping_status":"closed","sticky":false,"template":"","format":"standard","meta":{"footnotes":""},"categories":[29],"tags":[37],"class_list":["post-1051559","post","type-post","status-publish","format-standard","has-post-thumbnail","hentry","category-kurdistan","tag-sereke"],"blocksy_meta":[],"seo_head":"<!-- This site is optimized with the Yoast SEO plugin v27.5 - https:\/\/yoast.com\/product\/yoast-seo-wordpress\/ -->\n<title>Wezareta P\u00ea\u015fmerge di salvegera 11\u00ea ya rizgarkirina bajar\u00ea Kobaniy\u00ea de peyamek we\u015fand - Darka Maz\u00ee<\/title>\n<meta name=\"robots\" content=\"index, follow, max-snippet:-1, max-image-preview:large, max-video-preview:-1\" \/>\n<link rel=\"canonical\" href=\"https:\/\/darkamazi.info\/archives\/1051559\" \/>\n<meta property=\"og:locale\" content=\"en_US\" \/>\n<meta property=\"og:type\" content=\"article\" \/>\n<meta property=\"og:title\" content=\"Wezareta P\u00ea\u015fmerge di salvegera 11\u00ea ya rizgarkirina bajar\u00ea Kobaniy\u00ea de peyamek we\u015fand - Darka Maz\u00ee\" \/>\n<meta property=\"og:description\" content=\"Wezareta P\u00ea\u015fmerge ya Hik\u00fbmeta Her\u00eama Kurdistan\u00ea di salvegera 11\u00ea ya rizgarkirina bajar\u00ea Kobaniy\u00ea de peyameka r\u00eazl\u00eagirtin\u00ea we\u015fand \u00fb t\u00ea de berxwedana efsaney\u00ee ya P\u00ea\u015fmerge \u00fb \u015fervanan li dij\u00ee teror\u00eest\u00ean DAI\u015e\u00ea pesinand. Wezareta P\u00ea\u015fmerge ya Hik\u00fbmeta Her\u00eama Kurdistan\u00ea tekez kir ku, ew serkeftina d\u00eerok\u00ee berhema yekr\u00eaz\u00ee \u00fb fedakariya hem\u00ee wan qehremanan b\u00fb y\u00ean ku r\u00ea li [&hellip;]\" \/>\n<meta property=\"og:url\" content=\"https:\/\/darkamazi.info\/archives\/1051559\" \/>\n<meta property=\"og:site_name\" content=\"Darka Maz\u00ee\" \/>\n<meta property=\"article:publisher\" content=\"https:\/\/www.facebook.com\/DarMaziKurmanci\" \/>\n<meta property=\"article:published_time\" content=\"2026-01-26T15:46:29+00:00\" \/>\n<meta property=\"og:image\" content=\"https:\/\/darkamazi.info\/file\/2026\/01\/Wezareta-Peshmarga-Kobne-Info.jpg\" \/>\n\t<meta property=\"og:image:width\" content=\"900\" \/>\n\t<meta property=\"og:image:height\" content=\"500\" \/>\n\t<meta property=\"og:image:type\" content=\"image\/jpeg\" \/>\n<meta name=\"author\" content=\"darka mazi\" \/>\n<meta name=\"twitter:card\" content=\"summary_large_image\" \/>\n<meta name=\"twitter:creator\" content=\"@DarkaMaziLatini\" \/>\n<meta name=\"twitter:site\" content=\"@DarkaMaziLatini\" \/>\n<meta name=\"twitter:label1\" content=\"Written by\" \/>\n\t<meta name=\"twitter:data1\" content=\"darka mazi\" \/>\n\t<meta name=\"twitter:label2\" content=\"Est. reading time\" \/>\n\t<meta name=\"twitter:data2\" content=\"2 minutes\" \/>\n<script type=\"application\/ld+json\" class=\"seo-schema-graph\">{\"@context\":\"https:\\\/\\\/schema.org\",\"@graph\":[{\"@type\":\"Article\",\"@id\":\"https:\\\/\\\/darkamazi.info\\\/archives\\\/1051559#article\",\"isPartOf\":{\"@id\":\"https:\\\/\\\/darkamazi.info\\\/archives\\\/1051559\"},\"author\":{\"name\":\"darka mazi\",\"@id\":\"https:\\\/\\\/darkamazi.info\\\/#\\\/schema\\\/person\\\/5ad3e24553a0567993fa8ed4bd0a776c\"},\"headline\":\"Wezareta P\u00ea\u015fmerge di salvegera 11\u00ea ya rizgarkirina bajar\u00ea Kobaniy\u00ea de peyamek we\u015fand\",\"datePublished\":\"2026-01-26T15:46:29+00:00\",\"mainEntityOfPage\":{\"@id\":\"https:\\\/\\\/darkamazi.info\\\/archives\\\/1051559\"},\"wordCount\":376,\"publisher\":{\"@id\":\"https:\\\/\\\/darkamazi.info\\\/#organization\"},\"image\":{\"@id\":\"https:\\\/\\\/darkamazi.info\\\/archives\\\/1051559#primaryimage\"},\"thumbnailUrl\":\"https:\\\/\\\/darkamazi.info\\\/darka-content\\\/uploads\\\/2026\\\/01\\\/Wezareta-Peshmarga-Kobne-Info.jpg\",\"keywords\":[\"sereke\"],\"articleSection\":[\"Kurdistan\"],\"inLanguage\":\"en-US\"},{\"@type\":\"WebPage\",\"@id\":\"https:\\\/\\\/darkamazi.info\\\/archives\\\/1051559\",\"url\":\"https:\\\/\\\/darkamazi.info\\\/archives\\\/1051559\",\"name\":\"Wezareta P\u00ea\u015fmerge di salvegera 11\u00ea ya rizgarkirina bajar\u00ea Kobaniy\u00ea de peyamek we\u015fand - Darka Maz\u00ee\",\"isPartOf\":{\"@id\":\"https:\\\/\\\/darkamazi.info\\\/#website\"},\"primaryImageOfPage\":{\"@id\":\"https:\\\/\\\/darkamazi.info\\\/archives\\\/1051559#primaryimage\"},\"image\":{\"@id\":\"https:\\\/\\\/darkamazi.info\\\/archives\\\/1051559#primaryimage\"},\"thumbnailUrl\":\"https:\\\/\\\/darkamazi.info\\\/darka-content\\\/uploads\\\/2026\\\/01\\\/Wezareta-Peshmarga-Kobne-Info.jpg\",\"datePublished\":\"2026-01-26T15:46:29+00:00\",\"breadcrumb\":{\"@id\":\"https:\\\/\\\/darkamazi.info\\\/archives\\\/1051559#breadcrumb\"},\"inLanguage\":\"en-US\",\"potentialAction\":[{\"@type\":\"ReadAction\",\"target\":[\"https:\\\/\\\/darkamazi.info\\\/archives\\\/1051559\"]}]},{\"@type\":\"ImageObject\",\"inLanguage\":\"en-US\",\"@id\":\"https:\\\/\\\/darkamazi.info\\\/archives\\\/1051559#primaryimage\",\"url\":\"https:\\\/\\\/darkamazi.info\\\/darka-content\\\/uploads\\\/2026\\\/01\\\/Wezareta-Peshmarga-Kobne-Info.jpg\",\"contentUrl\":\"https:\\\/\\\/darkamazi.info\\\/darka-content\\\/uploads\\\/2026\\\/01\\\/Wezareta-Peshmarga-Kobne-Info.jpg\",\"width\":900,\"height\":500,\"caption\":\"Wezareta Peshmarga-Kobne-Info\"},{\"@type\":\"BreadcrumbList\",\"@id\":\"https:\\\/\\\/darkamazi.info\\\/archives\\\/1051559#breadcrumb\",\"itemListElement\":[{\"@type\":\"ListItem\",\"position\":1,\"name\":\"Home\",\"item\":\"https:\\\/\\\/darkamazi.info\\\/\"},{\"@type\":\"ListItem\",\"position\":2,\"name\":\"Wezareta P\u00ea\u015fmerge di salvegera 11\u00ea ya rizgarkirina bajar\u00ea Kobaniy\u00ea de peyamek we\u015fand\"}]},{\"@type\":\"WebSite\",\"@id\":\"https:\\\/\\\/darkamazi.info\\\/#website\",\"url\":\"https:\\\/\\\/darkamazi.info\\\/\",\"name\":\"Darka Maz\u00ee\",\"description\":\"P\u00eageha Zanyariy\u00ean Nebih\u00eest\u00ee\",\"publisher\":{\"@id\":\"https:\\\/\\\/darkamazi.info\\\/#organization\"},\"potentialAction\":[{\"@type\":\"SearchAction\",\"target\":{\"@type\":\"EntryPoint\",\"urlTemplate\":\"https:\\\/\\\/darkamazi.info\\\/?s={search_term_string}\"},\"query-input\":{\"@type\":\"PropertyValueSpecification\",\"valueRequired\":true,\"valueName\":\"search_term_string\"}}],\"inLanguage\":\"en-US\"},{\"@type\":\"Organization\",\"@id\":\"https:\\\/\\\/darkamazi.info\\\/#organization\",\"name\":\"Darka Maz\u00ee\",\"url\":\"https:\\\/\\\/darkamazi.info\\\/\",\"logo\":{\"@type\":\"ImageObject\",\"inLanguage\":\"en-US\",\"@id\":\"https:\\\/\\\/darkamazi.info\\\/#\\\/schema\\\/logo\\\/image\\\/\",\"url\":\"https:\\\/\\\/darkamazi.info\\\/darka-content\\\/uploads\\\/2017\\\/12\\\/darka-mazi-logo.png\",\"contentUrl\":\"https:\\\/\\\/darkamazi.info\\\/darka-content\\\/uploads\\\/2017\\\/12\\\/darka-mazi-logo.png\",\"width\":151,\"height\":75,\"caption\":\"Darka Maz\u00ee\"},\"image\":{\"@id\":\"https:\\\/\\\/darkamazi.info\\\/#\\\/schema\\\/logo\\\/image\\\/\"},\"sameAs\":[\"https:\\\/\\\/www.facebook.com\\\/DarMaziKurmanci\",\"https:\\\/\\\/x.com\\\/DarkaMaziLatini\",\"https:\\\/\\\/www.instagram.com\\\/darkamazi.kurmanci\\\/\",\"https:\\\/\\\/www.youtube.com\\\/channel\\\/UCa5HkTdmI8U1qCUFuTw8B2g\"]},{\"@type\":\"Person\",\"@id\":\"https:\\\/\\\/darkamazi.info\\\/#\\\/schema\\\/person\\\/5ad3e24553a0567993fa8ed4bd0a776c\",\"name\":\"darka mazi\",\"sameAs\":[\"https:\\\/\\\/darkamazi.info\\\/\"],\"url\":\"https:\\\/\\\/darkamazi.info\\\/archives\\\/author\\\/kurdi\"}]}<\/script>\n<!-- \/ Yoast SEO plugin. -->","seo_head_json":{"title":"Wezareta P\u00ea\u015fmerge di salvegera 11\u00ea ya rizgarkirina bajar\u00ea Kobaniy\u00ea de peyamek we\u015fand - Darka Maz\u00ee","robots":{"index":"index","follow":"follow","max-snippet":"max-snippet:-1","max-image-preview":"max-image-preview:large","max-video-preview":"max-video-preview:-1"},"canonical":"https:\/\/darkamazi.info\/archives\/1051559","og_locale":"en_US","og_type":"article","og_title":"Wezareta P\u00ea\u015fmerge di salvegera 11\u00ea ya rizgarkirina bajar\u00ea Kobaniy\u00ea de peyamek we\u015fand - Darka Maz\u00ee","og_description":"Wezareta P\u00ea\u015fmerge ya Hik\u00fbmeta Her\u00eama Kurdistan\u00ea di salvegera 11\u00ea ya rizgarkirina bajar\u00ea Kobaniy\u00ea de peyameka r\u00eazl\u00eagirtin\u00ea we\u015fand \u00fb t\u00ea de berxwedana efsaney\u00ee ya P\u00ea\u015fmerge \u00fb \u015fervanan li dij\u00ee teror\u00eest\u00ean DAI\u015e\u00ea pesinand. Wezareta P\u00ea\u015fmerge ya Hik\u00fbmeta Her\u00eama Kurdistan\u00ea tekez kir ku, ew serkeftina d\u00eerok\u00ee berhema yekr\u00eaz\u00ee \u00fb fedakariya hem\u00ee wan qehremanan b\u00fb y\u00ean ku r\u00ea li [&hellip;]","og_url":"https:\/\/darkamazi.info\/archives\/1051559","og_site_name":"Darka Maz\u00ee","article_publisher":"https:\/\/www.facebook.com\/DarMaziKurmanci","article_published_time":"2026-01-26T15:46:29+00:00","og_image":[{"width":900,"height":500,"url":"https:\/\/darkamazi.info\/file\/2026\/01\/Wezareta-Peshmarga-Kobne-Info.jpg","type":"image\/jpeg"}],"author":"darka mazi","twitter_card":"summary_large_image","twitter_creator":"@DarkaMaziLatini","twitter_site":"@DarkaMaziLatini","twitter_misc":{"Written by":"darka mazi","Est. reading time":"2 minutes"},"schema":{"@context":"https:\/\/schema.org","@graph":[{"@type":"Article","@id":"https:\/\/darkamazi.info\/archives\/1051559#article","isPartOf":{"@id":"https:\/\/darkamazi.info\/archives\/1051559"},"author":{"name":"darka mazi","@id":"https:\/\/darkamazi.info\/#\/schema\/person\/5ad3e24553a0567993fa8ed4bd0a776c"},"headline":"Wezareta P\u00ea\u015fmerge di salvegera 11\u00ea ya rizgarkirina bajar\u00ea Kobaniy\u00ea de peyamek we\u015fand","datePublished":"2026-01-26T15:46:29+00:00","mainEntityOfPage":{"@id":"https:\/\/darkamazi.info\/archives\/1051559"},"wordCount":376,"publisher":{"@id":"https:\/\/darkamazi.info\/#organization"},"image":{"@id":"https:\/\/darkamazi.info\/archives\/1051559#primaryimage"},"thumbnailUrl":"https:\/\/darkamazi.info\/file\/2026\/01\/Wezareta-Peshmarga-Kobne-Info.jpg","keywords":["sereke"],"articleSection":["Kurdistan"],"inLanguage":"en-US"},{"@type":"WebPage","@id":"https:\/\/darkamazi.info\/archives\/1051559","url":"https:\/\/darkamazi.info\/archives\/1051559","name":"Wezareta P\u00ea\u015fmerge di salvegera 11\u00ea ya rizgarkirina bajar\u00ea Kobaniy\u00ea de peyamek we\u015fand - Darka Maz\u00ee","isPartOf":{"@id":"https:\/\/darkamazi.info\/#website"},"primaryImageOfPage":{"@id":"https:\/\/darkamazi.info\/archives\/1051559#primaryimage"},"image":{"@id":"https:\/\/darkamazi.info\/archives\/1051559#primaryimage"},"thumbnailUrl":"https:\/\/darkamazi.info\/file\/2026\/01\/Wezareta-Peshmarga-Kobne-Info.jpg","datePublished":"2026-01-26T15:46:29+00:00","breadcrumb":{"@id":"https:\/\/darkamazi.info\/archives\/1051559#breadcrumb"},"inLanguage":"en-US","potentialAction":[{"@type":"ReadAction","target":["https:\/\/darkamazi.info\/archives\/1051559"]}]},{"@type":"ImageObject","inLanguage":"en-US","@id":"https:\/\/darkamazi.info\/archives\/1051559#primaryimage","url":"https:\/\/darkamazi.info\/file\/2026\/01\/Wezareta-Peshmarga-Kobne-Info.jpg","contentUrl":"https:\/\/darkamazi.info\/file\/2026\/01\/Wezareta-Peshmarga-Kobne-Info.jpg","width":900,"height":500,"caption":"Wezareta Peshmarga-Kobne-Info"},{"@type":"BreadcrumbList","@id":"https:\/\/darkamazi.info\/archives\/1051559#breadcrumb","itemListElement":[{"@type":"ListItem","position":1,"name":"Home","item":"https:\/\/darkamazi.info\/"},{"@type":"ListItem","position":2,"name":"Wezareta P\u00ea\u015fmerge di salvegera 11\u00ea ya rizgarkirina bajar\u00ea Kobaniy\u00ea de peyamek we\u015fand"}]},{"@type":"WebSite","@id":"https:\/\/darkamazi.info\/#website","url":"https:\/\/darkamazi.info\/","name":"Darka Maz\u00ee","description":"P\u00eageha Zanyariy\u00ean Nebih\u00eest\u00ee","publisher":{"@id":"https:\/\/darkamazi.info\/#organization"},"potentialAction":[{"@type":"SearchAction","target":{"@type":"EntryPoint","urlTemplate":"https:\/\/darkamazi.info\/?s={search_term_string}"},"query-input":{"@type":"PropertyValueSpecification","valueRequired":true,"valueName":"search_term_string"}}],"inLanguage":"en-US"},{"@type":"Organization","@id":"https:\/\/darkamazi.info\/#organization","name":"Darka Maz\u00ee","url":"https:\/\/darkamazi.info\/","logo":{"@type":"ImageObject","inLanguage":"en-US","@id":"https:\/\/darkamazi.info\/#\/schema\/logo\/image\/","url":"https:\/\/darkamazi.info\/file\/2017\/12\/darka-mazi-logo.png","contentUrl":"https:\/\/darkamazi.info\/file\/2017\/12\/darka-mazi-logo.png","width":151,"height":75,"caption":"Darka Maz\u00ee"},"image":{"@id":"https:\/\/darkamazi.info\/#\/schema\/logo\/image\/"},"sameAs":["https:\/\/www.facebook.com\/DarMaziKurmanci","https:\/\/x.com\/DarkaMaziLatini","https:\/\/www.instagram.com\/darkamazi.kurmanci\/","https:\/\/www.youtube.com\/channel\/UCa5HkTdmI8U1qCUFuTw8B2g"]},{"@type":"Person","@id":"https:\/\/darkamazi.info\/#\/schema\/person\/5ad3e24553a0567993fa8ed4bd0a776c","name":"darka mazi","sameAs":["https:\/\/darkamazi.info\/"],"url":"https:\/\/darkamazi.info\/archives\/author\/kurdi"}]}},"_links":{"self":[{"href":"https:\/\/darkamazi.info\/funavuv\/wp\/v2\/posts\/1051559","targetHints":{"allow":["GET"]}}],"collection":[{"href":"https:\/\/darkamazi.info\/funavuv\/wp\/v2\/posts"}],"about":[{"href":"https:\/\/darkamazi.info\/funavuv\/wp\/v2\/types\/post"}],"author":[{"embeddable":true,"href":"https:\/\/darkamazi.info\/funavuv\/wp\/v2\/users\/2"}],"replies":[{"embeddable":true,"href":"https:\/\/darkamazi.info\/funavuv\/wp\/v2\/comments?post=1051559"}],"version-history":[{"count":0,"href":"https:\/\/darkamazi.info\/funavuv\/wp\/v2\/posts\/1051559\/revisions"}],"wp:featuredmedia":[{"embeddable":true,"href":"https:\/\/darkamazi.info\/funavuv\/wp\/v2\/media\/1051560"}],"wp:attachment":[{"href":"https:\/\/darkamazi.info\/funavuv\/wp\/v2\/media?parent=1051559"}],"wp:term":[{"taxonomy":"category","embeddable":true,"href":"https:\/\/darkamazi.info\/funavuv\/wp\/v2\/categories?post=1051559"},{"taxonomy":"post_tag","embeddable":true,"href":"https:\/\/darkamazi.info\/funavuv\/wp\/v2\/tags?post=1051559"}],"curies":[{"name":"wp","href":"https:\/\/api.w.org\/{rel}","templated":true}]}}