{"id":1051565,"date":"2026-01-27T12:08:42","date_gmt":"2026-01-27T09:08:42","guid":{"rendered":"https:\/\/darkamazi.info\/?p=1051565"},"modified":"2026-01-27T12:08:42","modified_gmt":"2026-01-27T09:08:42","slug":"seroke-bcfe-em-e-di-her-sert-u-merci-de-li-keleka-xelke-xwe-ye-li-rojavaye-kurdistane-bin","status":"publish","type":"post","link":"https:\/\/darkamazi.info\/archives\/1051565","title":{"rendered":"Serok\u00ea BCF\u2019\u00ea: Em \u00ea di her \u015fert \u00fb merc\u00ee de li k\u00ealeka xelk\u00ea xwe y\u00ea li Rojavay\u00ea Kurdistan\u00ea bin"},"content":{"rendered":"<h3 style=\"text-align: justify\"><span style=\"font-family: 'arial black', sans-serif\">Serok\u00ea Dezgeha Barzaniya X\u00earxwaziy\u00ea (BCF) M\u00fbsa Ehmed amar\u00ean her\u00ee n\u00fb ya \u00e7alak\u00ee \u00fb al\u00eekariy\u00ean dezgeh\u00ea y\u00ean li Rojavay\u00ea Kurdistan\u00ea ji raya gi\u015ft\u00ee re ragihand. Ehmed destn\u00ee\u015fan kir, al\u00eekariy\u00ean wan sektor\u00ean perwerde, tendurist\u00ee \u00fb xwarin\u00ea dihew\u00eenin.<\/span><\/h3>\n<h3 style=\"text-align: justify\"><span style=\"font-family: arial, helvetica, sans-serif\">Serok\u00ea Serok\u00ea Dezgeha Barzaniya X\u00earxwaziy\u00ea M\u00fbsa Ehmed \u00eero 27\u00ea \u00c7iley\u00ea li Qami\u015flo di konferanseke rojnamevan\u00ee de h\u00fbrgiliy\u00ean xebat\u00ean mirov\u00ee y\u00ean li her\u00eam\u00ean cuda y\u00ean Rojava e\u015fkere kirin. Li gor\u00ee amar\u00ean daw\u00ee, xizmet\u00ean dezgeh\u00ea bi v\u00ee reng\u00ee ne:\u00a0<\/span><\/h3>\n<h3 style=\"text-align: justify\"><span style=\"font-family: 'arial black', sans-serif\">165 barhilgir \u00fb 115 karmend li qad\u00ea ne<\/span><\/h3>\n<h3 style=\"text-align: justify\"><span style=\"font-family: arial, helvetica, sans-serif\">Li gor\u00ee daxuyaniy\u00ea, heta niha 165 barhilgir\u00ean tije al\u00eekariy\u00ean mirov\u00ee gih\u00ee\u015ftine bajar \u00fb bajarok\u00ean Rojavay\u00ea Kurdistan\u00ea. Ji bo dabe\u015fkirina van al\u00eekariyan, 115 karmend\u00ean BCF\u2019\u00ea di \u00e7ar\u00e7oveya 12 t\u00eem\u00ean meydan\u00ee de bi awayek\u00ee hemwext li dever\u00ean cuda xizmet\u00ea p\u00ea\u015fk\u00ea\u015f dikin.<\/span><\/h3>\n<h3 style=\"text-align: justify\"><span style=\"font-family: 'arial black', sans-serif\">58 hezar kes \u00fb 22 curey\u00ean al\u00eekariy\u00ea<\/span><\/h3>\n<h3 style=\"text-align: justify\"><span style=\"font-family: arial, helvetica, sans-serif\">Daney\u00ean daw\u00ee n\u00ee\u015fan didin ku 9 hezar \u00fb 180 malbat (bi gi\u015ft\u00ee 57 hezar \u00fb 955 kes) ji al\u00eekariy\u00ean c\u00eeh\u00eareng s\u00fbdmend b\u00fbne. Di nav al\u00eekariyan de 22 curey\u00ean wek\u00ee xwarin, do\u015fek, betan\u00ee \u00fb p\u00eadiviy\u00ean navmal\u00ea hene ku li 82 dibistanan hatine belavkirin.<\/span><\/h3>\n<h3 style=\"text-align: justify\"><span style=\"font-family: 'arial black', sans-serif\">Sotemen\u00ee \u00fb xwarina germ<\/span><\/h3>\n<h3 style=\"text-align: justify\"><span style=\"font-family: arial, helvetica, sans-serif\">Di sektora enerjiy\u00ea de, BCF\u2019\u00ea 145 hezar \u00fb 177 l\u00eetre mazot \u00fb neft gihandiye 108 dibistan \u00fb 8 mizgeftan. Di heman dem\u00ea de, 9 hezar \u00fb 330 dan\u00ean xwarina germ li 15 dibistan \u00fb 3 mizgeftan hatine belavkirin. M\u00fbsa Ehmed diyar kir ku ew plan dikin rojane 3 hezar dan\u00ean din \u00ean xwarin\u00ea j\u00ee amade bikin.<\/span><\/h3>\n<h3 style=\"text-align: justify\"><span style=\"font-family: 'arial black', sans-serif\">Tendurist\u00ee \u00fb afirandina derfet\u00ean kar<\/span><\/h3>\n<h3 style=\"text-align: justify\"><span style=\"font-family: arial, helvetica, sans-serif\">T\u00eem\u00ean tenduristiy\u00ea y\u00ean BCF\u2019\u00ea \u00fb t\u00eem\u00ean xwebex\u015f, li 34 dibistan\u00ean cuda xizmeta bij\u00ee\u015fk\u00ee \u00fb derman p\u00ea\u015fk\u00ea\u015f\u00ee 2 hezar \u00fb 749 kesan kirine.<\/span><\/h3>\n<h3 style=\"text-align: justify\"><span style=\"font-family: arial, helvetica, sans-serif\">Ji aliyek\u00ee din ve, dezgeh\u00ea giran\u00ee daye pi\u015ftgiriya aboriya malbat\u00ean li her\u00eam\u00ea j\u00ee. Di v\u00ea \u00e7ar\u00e7ovey\u00ea de, ji bo 289 kes\u00ean li her\u00eam\u00ea di p\u00eavajoya veguhastin \u00fb belavkirina al\u00eekariyan de derfeta kar a demk\u00ee hatiye afirandin.<\/span><\/h3>\n<h3 style=\"text-align: justify\"><span style=\"font-family: arial, helvetica, sans-serif\">Di dawiy\u00ea de, M\u00fbsa Ehmed tekez kir ku ev xebat be\u015fek ji erk\u00ea ni\u015ftiman\u00ee \u00fb mirov\u00ee y\u00ea Dezgeha Barzan\u00ee ya X\u00earxwaziy\u00ea ye \u00fb ew \u00ea li ser peyama Serok Barzan\u00ee ya ji bo pi\u015ftgiriya l\u00eeqewimiyan berdewam bin.<\/span><\/h3>\n","protected":false},"excerpt":{"rendered":"<p>Serok\u00ea Dezgeha Barzaniya X\u00earxwaziy\u00ea (BCF) M\u00fbsa Ehmed amar\u00ean her\u00ee n\u00fb ya \u00e7alak\u00ee \u00fb al\u00eekariy\u00ean dezgeh\u00ea y\u00ean li Rojavay\u00ea Kurdistan\u00ea ji raya gi\u015ft\u00ee re ragihand. Ehmed destn\u00ee\u015fan kir, al\u00eekariy\u00ean wan sektor\u00ean perwerde, tendurist\u00ee \u00fb xwarin\u00ea dihew\u00eenin. Serok\u00ea Serok\u00ea Dezgeha Barzaniya X\u00earxwaziy\u00ea M\u00fbsa Ehmed \u00eero 27\u00ea \u00c7iley\u00ea li Qami\u015flo di konferanseke rojnamevan\u00ee de h\u00fbrgiliy\u00ean xebat\u00ean mirov\u00ee y\u00ean [&hellip;]<\/p>\n","protected":false},"author":2,"featured_media":1051566,"comment_status":"closed","ping_status":"closed","sticky":false,"template":"","format":"standard","meta":{"footnotes":""},"categories":[29],"tags":[37],"class_list":["post-1051565","post","type-post","status-publish","format-standard","has-post-thumbnail","hentry","category-kurdistan","tag-sereke"],"blocksy_meta":[],"seo_head":"<!-- This site is optimized with the Yoast SEO plugin v27.5 - https:\/\/yoast.com\/product\/yoast-seo-wordpress\/ -->\n<title>Serok\u00ea BCF\u2019\u00ea: Em \u00ea di her \u015fert \u00fb merc\u00ee de li k\u00ealeka xelk\u00ea xwe y\u00ea li Rojavay\u00ea Kurdistan\u00ea bin - Darka Maz\u00ee<\/title>\n<meta name=\"robots\" content=\"index, follow, max-snippet:-1, max-image-preview:large, max-video-preview:-1\" \/>\n<link rel=\"canonical\" href=\"https:\/\/darkamazi.info\/archives\/1051565\" \/>\n<meta property=\"og:locale\" content=\"en_US\" \/>\n<meta property=\"og:type\" content=\"article\" \/>\n<meta property=\"og:title\" content=\"Serok\u00ea BCF\u2019\u00ea: Em \u00ea di her \u015fert \u00fb merc\u00ee de li k\u00ealeka xelk\u00ea xwe y\u00ea li Rojavay\u00ea Kurdistan\u00ea bin - Darka Maz\u00ee\" \/>\n<meta property=\"og:description\" content=\"Serok\u00ea Dezgeha Barzaniya X\u00earxwaziy\u00ea (BCF) M\u00fbsa Ehmed amar\u00ean her\u00ee n\u00fb ya \u00e7alak\u00ee \u00fb al\u00eekariy\u00ean dezgeh\u00ea y\u00ean li Rojavay\u00ea Kurdistan\u00ea ji raya gi\u015ft\u00ee re ragihand. Ehmed destn\u00ee\u015fan kir, al\u00eekariy\u00ean wan sektor\u00ean perwerde, tendurist\u00ee \u00fb xwarin\u00ea dihew\u00eenin. Serok\u00ea Serok\u00ea Dezgeha Barzaniya X\u00earxwaziy\u00ea M\u00fbsa Ehmed \u00eero 27\u00ea \u00c7iley\u00ea li Qami\u015flo di konferanseke rojnamevan\u00ee de h\u00fbrgiliy\u00ean xebat\u00ean mirov\u00ee y\u00ean [&hellip;]\" \/>\n<meta property=\"og:url\" content=\"https:\/\/darkamazi.info\/archives\/1051565\" \/>\n<meta property=\"og:site_name\" content=\"Darka Maz\u00ee\" \/>\n<meta property=\"article:publisher\" content=\"https:\/\/www.facebook.com\/DarMaziKurmanci\" \/>\n<meta property=\"article:published_time\" content=\"2026-01-27T09:08:42+00:00\" \/>\n<meta property=\"og:image\" content=\"https:\/\/darkamazi.info\/file\/2026\/01\/Seroke-BCFe.jpg\" \/>\n\t<meta property=\"og:image:width\" content=\"900\" \/>\n\t<meta property=\"og:image:height\" content=\"500\" \/>\n\t<meta property=\"og:image:type\" content=\"image\/jpeg\" \/>\n<meta name=\"author\" content=\"darka mazi\" \/>\n<meta name=\"twitter:card\" content=\"summary_large_image\" \/>\n<meta name=\"twitter:creator\" content=\"@DarkaMaziLatini\" \/>\n<meta name=\"twitter:site\" content=\"@DarkaMaziLatini\" \/>\n<meta name=\"twitter:label1\" content=\"Written by\" \/>\n\t<meta name=\"twitter:data1\" content=\"darka mazi\" \/>\n\t<meta name=\"twitter:label2\" content=\"Est. reading time\" \/>\n\t<meta name=\"twitter:data2\" content=\"2 minutes\" \/>\n<script type=\"application\/ld+json\" class=\"seo-schema-graph\">{\"@context\":\"https:\\\/\\\/schema.org\",\"@graph\":[{\"@type\":\"Article\",\"@id\":\"https:\\\/\\\/darkamazi.info\\\/archives\\\/1051565#article\",\"isPartOf\":{\"@id\":\"https:\\\/\\\/darkamazi.info\\\/archives\\\/1051565\"},\"author\":{\"name\":\"darka mazi\",\"@id\":\"https:\\\/\\\/darkamazi.info\\\/#\\\/schema\\\/person\\\/5ad3e24553a0567993fa8ed4bd0a776c\"},\"headline\":\"Serok\u00ea BCF\u2019\u00ea: Em \u00ea di her \u015fert \u00fb merc\u00ee de li k\u00ealeka xelk\u00ea xwe y\u00ea li Rojavay\u00ea Kurdistan\u00ea bin\",\"datePublished\":\"2026-01-27T09:08:42+00:00\",\"mainEntityOfPage\":{\"@id\":\"https:\\\/\\\/darkamazi.info\\\/archives\\\/1051565\"},\"wordCount\":378,\"publisher\":{\"@id\":\"https:\\\/\\\/darkamazi.info\\\/#organization\"},\"image\":{\"@id\":\"https:\\\/\\\/darkamazi.info\\\/archives\\\/1051565#primaryimage\"},\"thumbnailUrl\":\"https:\\\/\\\/darkamazi.info\\\/darka-content\\\/uploads\\\/2026\\\/01\\\/Seroke-BCFe.jpg\",\"keywords\":[\"sereke\"],\"articleSection\":[\"Kurdistan\"],\"inLanguage\":\"en-US\"},{\"@type\":\"WebPage\",\"@id\":\"https:\\\/\\\/darkamazi.info\\\/archives\\\/1051565\",\"url\":\"https:\\\/\\\/darkamazi.info\\\/archives\\\/1051565\",\"name\":\"Serok\u00ea BCF\u2019\u00ea: Em \u00ea di her \u015fert \u00fb merc\u00ee de li k\u00ealeka xelk\u00ea xwe y\u00ea li Rojavay\u00ea Kurdistan\u00ea bin - Darka Maz\u00ee\",\"isPartOf\":{\"@id\":\"https:\\\/\\\/darkamazi.info\\\/#website\"},\"primaryImageOfPage\":{\"@id\":\"https:\\\/\\\/darkamazi.info\\\/archives\\\/1051565#primaryimage\"},\"image\":{\"@id\":\"https:\\\/\\\/darkamazi.info\\\/archives\\\/1051565#primaryimage\"},\"thumbnailUrl\":\"https:\\\/\\\/darkamazi.info\\\/darka-content\\\/uploads\\\/2026\\\/01\\\/Seroke-BCFe.jpg\",\"datePublished\":\"2026-01-27T09:08:42+00:00\",\"breadcrumb\":{\"@id\":\"https:\\\/\\\/darkamazi.info\\\/archives\\\/1051565#breadcrumb\"},\"inLanguage\":\"en-US\",\"potentialAction\":[{\"@type\":\"ReadAction\",\"target\":[\"https:\\\/\\\/darkamazi.info\\\/archives\\\/1051565\"]}]},{\"@type\":\"ImageObject\",\"inLanguage\":\"en-US\",\"@id\":\"https:\\\/\\\/darkamazi.info\\\/archives\\\/1051565#primaryimage\",\"url\":\"https:\\\/\\\/darkamazi.info\\\/darka-content\\\/uploads\\\/2026\\\/01\\\/Seroke-BCFe.jpg\",\"contentUrl\":\"https:\\\/\\\/darkamazi.info\\\/darka-content\\\/uploads\\\/2026\\\/01\\\/Seroke-BCFe.jpg\",\"width\":900,\"height\":500,\"caption\":\"Serok\u00ea BCF\u2019\u00ea\"},{\"@type\":\"BreadcrumbList\",\"@id\":\"https:\\\/\\\/darkamazi.info\\\/archives\\\/1051565#breadcrumb\",\"itemListElement\":[{\"@type\":\"ListItem\",\"position\":1,\"name\":\"Home\",\"item\":\"https:\\\/\\\/darkamazi.info\\\/\"},{\"@type\":\"ListItem\",\"position\":2,\"name\":\"Serok\u00ea BCF\u2019\u00ea: Em \u00ea di her \u015fert \u00fb merc\u00ee de li k\u00ealeka xelk\u00ea xwe y\u00ea li Rojavay\u00ea Kurdistan\u00ea bin\"}]},{\"@type\":\"WebSite\",\"@id\":\"https:\\\/\\\/darkamazi.info\\\/#website\",\"url\":\"https:\\\/\\\/darkamazi.info\\\/\",\"name\":\"Darka Maz\u00ee\",\"description\":\"P\u00eageha Zanyariy\u00ean Nebih\u00eest\u00ee\",\"publisher\":{\"@id\":\"https:\\\/\\\/darkamazi.info\\\/#organization\"},\"potentialAction\":[{\"@type\":\"SearchAction\",\"target\":{\"@type\":\"EntryPoint\",\"urlTemplate\":\"https:\\\/\\\/darkamazi.info\\\/?s={search_term_string}\"},\"query-input\":{\"@type\":\"PropertyValueSpecification\",\"valueRequired\":true,\"valueName\":\"search_term_string\"}}],\"inLanguage\":\"en-US\"},{\"@type\":\"Organization\",\"@id\":\"https:\\\/\\\/darkamazi.info\\\/#organization\",\"name\":\"Darka Maz\u00ee\",\"url\":\"https:\\\/\\\/darkamazi.info\\\/\",\"logo\":{\"@type\":\"ImageObject\",\"inLanguage\":\"en-US\",\"@id\":\"https:\\\/\\\/darkamazi.info\\\/#\\\/schema\\\/logo\\\/image\\\/\",\"url\":\"https:\\\/\\\/darkamazi.info\\\/darka-content\\\/uploads\\\/2017\\\/12\\\/darka-mazi-logo.png\",\"contentUrl\":\"https:\\\/\\\/darkamazi.info\\\/darka-content\\\/uploads\\\/2017\\\/12\\\/darka-mazi-logo.png\",\"width\":151,\"height\":75,\"caption\":\"Darka Maz\u00ee\"},\"image\":{\"@id\":\"https:\\\/\\\/darkamazi.info\\\/#\\\/schema\\\/logo\\\/image\\\/\"},\"sameAs\":[\"https:\\\/\\\/www.facebook.com\\\/DarMaziKurmanci\",\"https:\\\/\\\/x.com\\\/DarkaMaziLatini\",\"https:\\\/\\\/www.instagram.com\\\/darkamazi.kurmanci\\\/\",\"https:\\\/\\\/www.youtube.com\\\/channel\\\/UCa5HkTdmI8U1qCUFuTw8B2g\"]},{\"@type\":\"Person\",\"@id\":\"https:\\\/\\\/darkamazi.info\\\/#\\\/schema\\\/person\\\/5ad3e24553a0567993fa8ed4bd0a776c\",\"name\":\"darka mazi\",\"sameAs\":[\"https:\\\/\\\/darkamazi.info\\\/\"],\"url\":\"https:\\\/\\\/darkamazi.info\\\/archives\\\/author\\\/kurdi\"}]}<\/script>\n<!-- \/ Yoast SEO plugin. -->","seo_head_json":{"title":"Serok\u00ea BCF\u2019\u00ea: Em \u00ea di her \u015fert \u00fb merc\u00ee de li k\u00ealeka xelk\u00ea xwe y\u00ea li Rojavay\u00ea Kurdistan\u00ea bin - Darka Maz\u00ee","robots":{"index":"index","follow":"follow","max-snippet":"max-snippet:-1","max-image-preview":"max-image-preview:large","max-video-preview":"max-video-preview:-1"},"canonical":"https:\/\/darkamazi.info\/archives\/1051565","og_locale":"en_US","og_type":"article","og_title":"Serok\u00ea BCF\u2019\u00ea: Em \u00ea di her \u015fert \u00fb merc\u00ee de li k\u00ealeka xelk\u00ea xwe y\u00ea li Rojavay\u00ea Kurdistan\u00ea bin - Darka Maz\u00ee","og_description":"Serok\u00ea Dezgeha Barzaniya X\u00earxwaziy\u00ea (BCF) M\u00fbsa Ehmed amar\u00ean her\u00ee n\u00fb ya \u00e7alak\u00ee \u00fb al\u00eekariy\u00ean dezgeh\u00ea y\u00ean li Rojavay\u00ea Kurdistan\u00ea ji raya gi\u015ft\u00ee re ragihand. Ehmed destn\u00ee\u015fan kir, al\u00eekariy\u00ean wan sektor\u00ean perwerde, tendurist\u00ee \u00fb xwarin\u00ea dihew\u00eenin. Serok\u00ea Serok\u00ea Dezgeha Barzaniya X\u00earxwaziy\u00ea M\u00fbsa Ehmed \u00eero 27\u00ea \u00c7iley\u00ea li Qami\u015flo di konferanseke rojnamevan\u00ee de h\u00fbrgiliy\u00ean xebat\u00ean mirov\u00ee y\u00ean [&hellip;]","og_url":"https:\/\/darkamazi.info\/archives\/1051565","og_site_name":"Darka Maz\u00ee","article_publisher":"https:\/\/www.facebook.com\/DarMaziKurmanci","article_published_time":"2026-01-27T09:08:42+00:00","og_image":[{"width":900,"height":500,"url":"https:\/\/darkamazi.info\/file\/2026\/01\/Seroke-BCFe.jpg","type":"image\/jpeg"}],"author":"darka mazi","twitter_card":"summary_large_image","twitter_creator":"@DarkaMaziLatini","twitter_site":"@DarkaMaziLatini","twitter_misc":{"Written by":"darka mazi","Est. reading time":"2 minutes"},"schema":{"@context":"https:\/\/schema.org","@graph":[{"@type":"Article","@id":"https:\/\/darkamazi.info\/archives\/1051565#article","isPartOf":{"@id":"https:\/\/darkamazi.info\/archives\/1051565"},"author":{"name":"darka mazi","@id":"https:\/\/darkamazi.info\/#\/schema\/person\/5ad3e24553a0567993fa8ed4bd0a776c"},"headline":"Serok\u00ea BCF\u2019\u00ea: Em \u00ea di her \u015fert \u00fb merc\u00ee de li k\u00ealeka xelk\u00ea xwe y\u00ea li Rojavay\u00ea Kurdistan\u00ea bin","datePublished":"2026-01-27T09:08:42+00:00","mainEntityOfPage":{"@id":"https:\/\/darkamazi.info\/archives\/1051565"},"wordCount":378,"publisher":{"@id":"https:\/\/darkamazi.info\/#organization"},"image":{"@id":"https:\/\/darkamazi.info\/archives\/1051565#primaryimage"},"thumbnailUrl":"https:\/\/darkamazi.info\/file\/2026\/01\/Seroke-BCFe.jpg","keywords":["sereke"],"articleSection":["Kurdistan"],"inLanguage":"en-US"},{"@type":"WebPage","@id":"https:\/\/darkamazi.info\/archives\/1051565","url":"https:\/\/darkamazi.info\/archives\/1051565","name":"Serok\u00ea BCF\u2019\u00ea: Em \u00ea di her \u015fert \u00fb merc\u00ee de li k\u00ealeka xelk\u00ea xwe y\u00ea li Rojavay\u00ea Kurdistan\u00ea bin - Darka Maz\u00ee","isPartOf":{"@id":"https:\/\/darkamazi.info\/#website"},"primaryImageOfPage":{"@id":"https:\/\/darkamazi.info\/archives\/1051565#primaryimage"},"image":{"@id":"https:\/\/darkamazi.info\/archives\/1051565#primaryimage"},"thumbnailUrl":"https:\/\/darkamazi.info\/file\/2026\/01\/Seroke-BCFe.jpg","datePublished":"2026-01-27T09:08:42+00:00","breadcrumb":{"@id":"https:\/\/darkamazi.info\/archives\/1051565#breadcrumb"},"inLanguage":"en-US","potentialAction":[{"@type":"ReadAction","target":["https:\/\/darkamazi.info\/archives\/1051565"]}]},{"@type":"ImageObject","inLanguage":"en-US","@id":"https:\/\/darkamazi.info\/archives\/1051565#primaryimage","url":"https:\/\/darkamazi.info\/file\/2026\/01\/Seroke-BCFe.jpg","contentUrl":"https:\/\/darkamazi.info\/file\/2026\/01\/Seroke-BCFe.jpg","width":900,"height":500,"caption":"Serok\u00ea BCF\u2019\u00ea"},{"@type":"BreadcrumbList","@id":"https:\/\/darkamazi.info\/archives\/1051565#breadcrumb","itemListElement":[{"@type":"ListItem","position":1,"name":"Home","item":"https:\/\/darkamazi.info\/"},{"@type":"ListItem","position":2,"name":"Serok\u00ea BCF\u2019\u00ea: Em \u00ea di her \u015fert \u00fb merc\u00ee de li k\u00ealeka xelk\u00ea xwe y\u00ea li Rojavay\u00ea Kurdistan\u00ea bin"}]},{"@type":"WebSite","@id":"https:\/\/darkamazi.info\/#website","url":"https:\/\/darkamazi.info\/","name":"Darka Maz\u00ee","description":"P\u00eageha Zanyariy\u00ean Nebih\u00eest\u00ee","publisher":{"@id":"https:\/\/darkamazi.info\/#organization"},"potentialAction":[{"@type":"SearchAction","target":{"@type":"EntryPoint","urlTemplate":"https:\/\/darkamazi.info\/?s={search_term_string}"},"query-input":{"@type":"PropertyValueSpecification","valueRequired":true,"valueName":"search_term_string"}}],"inLanguage":"en-US"},{"@type":"Organization","@id":"https:\/\/darkamazi.info\/#organization","name":"Darka Maz\u00ee","url":"https:\/\/darkamazi.info\/","logo":{"@type":"ImageObject","inLanguage":"en-US","@id":"https:\/\/darkamazi.info\/#\/schema\/logo\/image\/","url":"https:\/\/darkamazi.info\/file\/2017\/12\/darka-mazi-logo.png","contentUrl":"https:\/\/darkamazi.info\/file\/2017\/12\/darka-mazi-logo.png","width":151,"height":75,"caption":"Darka Maz\u00ee"},"image":{"@id":"https:\/\/darkamazi.info\/#\/schema\/logo\/image\/"},"sameAs":["https:\/\/www.facebook.com\/DarMaziKurmanci","https:\/\/x.com\/DarkaMaziLatini","https:\/\/www.instagram.com\/darkamazi.kurmanci\/","https:\/\/www.youtube.com\/channel\/UCa5HkTdmI8U1qCUFuTw8B2g"]},{"@type":"Person","@id":"https:\/\/darkamazi.info\/#\/schema\/person\/5ad3e24553a0567993fa8ed4bd0a776c","name":"darka mazi","sameAs":["https:\/\/darkamazi.info\/"],"url":"https:\/\/darkamazi.info\/archives\/author\/kurdi"}]}},"_links":{"self":[{"href":"https:\/\/darkamazi.info\/funavuv\/wp\/v2\/posts\/1051565","targetHints":{"allow":["GET"]}}],"collection":[{"href":"https:\/\/darkamazi.info\/funavuv\/wp\/v2\/posts"}],"about":[{"href":"https:\/\/darkamazi.info\/funavuv\/wp\/v2\/types\/post"}],"author":[{"embeddable":true,"href":"https:\/\/darkamazi.info\/funavuv\/wp\/v2\/users\/2"}],"replies":[{"embeddable":true,"href":"https:\/\/darkamazi.info\/funavuv\/wp\/v2\/comments?post=1051565"}],"version-history":[{"count":0,"href":"https:\/\/darkamazi.info\/funavuv\/wp\/v2\/posts\/1051565\/revisions"}],"wp:featuredmedia":[{"embeddable":true,"href":"https:\/\/darkamazi.info\/funavuv\/wp\/v2\/media\/1051566"}],"wp:attachment":[{"href":"https:\/\/darkamazi.info\/funavuv\/wp\/v2\/media?parent=1051565"}],"wp:term":[{"taxonomy":"category","embeddable":true,"href":"https:\/\/darkamazi.info\/funavuv\/wp\/v2\/categories?post=1051565"},{"taxonomy":"post_tag","embeddable":true,"href":"https:\/\/darkamazi.info\/funavuv\/wp\/v2\/tags?post=1051565"}],"curies":[{"name":"wp","href":"https:\/\/api.w.org\/{rel}","templated":true}]}}