{"id":1051569,"date":"2026-01-27T20:39:26","date_gmt":"2026-01-27T17:39:26","guid":{"rendered":"https:\/\/darkamazi.info\/?p=1051569"},"modified":"2026-01-27T20:39:26","modified_gmt":"2026-01-27T17:39:26","slug":"mezlum-ebdi-li-same-ye","status":"publish","type":"post","link":"https:\/\/darkamazi.info\/archives\/1051569","title":{"rendered":"Mezl\u00fbm Ebd\u00ee li \u015eam\u00ea ye"},"content":{"rendered":"<h3 style=\"text-align: justify\"><span style=\"font-family: 'arial black', sans-serif\">Fermandar\u00ea Gi\u015ft\u00ee y\u00ea H\u00eaz\u00ean S\u00fbriyeya Demokrat\u00eek (HSD) gih\u00ee\u015ftiye \u015eam\u00ea, ji bo ku dan\u00fbstandin\u00ean n\u00fb bi Serok\u00ea S\u00fbriyey\u00ea re li ser tevlihevkirina H\u00eaz\u00ean S\u00fbriyeya Demokrat\u00eek (HSD) bi art\u00ea\u015fa S\u00fbriyey\u00ea re bike.<\/span><\/h3>\n<h3 style=\"text-align: justify\">Fermandar\u00ea Gi\u015ft\u00ee y\u00ea H\u00eaz\u00ean S\u00fbriyeya Demokrat\u00eek (HSD) Mezl\u00fbm Ebd\u00ee \u00fb Berpirsa T\u00eakiliy\u00ean Derve ya R\u00eaveberiya Xweseriya Demokrat\u00eek a Her\u00eama Bakur \u00fb Rojhilat\u00ea S\u00fbriyey\u00ea \u00celham Ehmed \u00eero (S\u00ea\u015fem, 27.01.2026) ji bo dan\u00fbstandin\u00ean rasterast bi Serok\u00ea S\u00fbriyey\u00ea Ehmed \u015eera re gih\u00ee\u015ftine \u015eam\u00ea.<\/h3>\n<h3 style=\"text-align: justify\">Biryar e ku di v\u00ea serdan\u00ea de, dan\u00fbstandin\u00ean berfireh li ser mijara hevgirtin \u00fb gih\u00ee\u015ftina bi lihevkirina dawiy\u00ea b\u00ean kirin.<\/h3>\n<h3 style=\"text-align: justify\">Li gor\u00ee zanyariyan, armanca sereke ya serdana Mezl\u00fbm Ebd\u00ee \u00fb \u00celham Ehmed ji bo \u015eam\u00ea destp\u00eakirina qonaxeka n\u00fb ya dan\u00fbstandin\u00ean li ser mekan\u00eezma hevgirtina R\u00eaveberiya Xweser \u00fb h\u00eaz\u00ean w\u00ea y\u00ean le\u015fker\u00ee bi Hik\u00fbmeta S\u00fbriyey\u00ea re ye.<\/h3>\n<h3 style=\"text-align: justify\">Ev p\u00eangav pi\u015ft\u00ee w\u00ea yek\u00ea t\u00ea ku, di \u00e7end roj\u00ean bor\u00ee de aloziy\u00ean le\u015fker\u00ee li dever\u00ea \u00e7\u00ea b\u00fbne, l\u00ea niha her du al\u00eeyan ji bo \u00e7areserkirina pirsgir\u00eakan vebijarka diyalog\u00ea hilbijartiye.<\/h3>\n<h3 style=\"text-align: justify\">Ev tevger\u00ean d\u00eeplomat\u00eek di demek\u00ea de ne ku, Wezareta Berevaniy\u00ea ya S\u00fbriyey\u00ea \u00fb h\u00eaz\u00ean HSD\u00ea li ser dir\u00eajkirina agirbest\u00ea ji bo dema 15 roj\u00ean din li hev kiriye. V\u00ea biryar\u00ea, ku bi navbeynkariya navdewlet\u00ee peyda b\u00fbye, j\u00eengeheka guncay\u00ee ji bo p\u00eavajoya veguhestina girtiy\u00ean DAI\u015e\u00ea ji S\u00fbriyey\u00ea bo Iraq\u00ea peyda kiriye \u00fb herwesa derfeteka gir\u00eeng daye aliy\u00ean Kurd\u00ee \u00fb hik\u00fbmeta \u015eam\u00ea, da ku pirsgir\u00eak\u00ean siyas\u00ee \u00fb le\u015fker\u00ee bi r\u00eaya dan\u00fbstandinan \u00e7areser bikin.<\/h3>\n","protected":false},"excerpt":{"rendered":"<p>Fermandar\u00ea Gi\u015ft\u00ee y\u00ea H\u00eaz\u00ean S\u00fbriyeya Demokrat\u00eek (HSD) gih\u00ee\u015ftiye \u015eam\u00ea, ji bo ku dan\u00fbstandin\u00ean n\u00fb bi Serok\u00ea S\u00fbriyey\u00ea re li ser tevlihevkirina H\u00eaz\u00ean S\u00fbriyeya Demokrat\u00eek (HSD) bi art\u00ea\u015fa S\u00fbriyey\u00ea re bike. Fermandar\u00ea Gi\u015ft\u00ee y\u00ea H\u00eaz\u00ean S\u00fbriyeya Demokrat\u00eek (HSD) Mezl\u00fbm Ebd\u00ee \u00fb Berpirsa T\u00eakiliy\u00ean Derve ya R\u00eaveberiya Xweseriya Demokrat\u00eek a Her\u00eama Bakur \u00fb Rojhilat\u00ea S\u00fbriyey\u00ea \u00celham Ehmed [&hellip;]<\/p>\n","protected":false},"author":2,"featured_media":1051302,"comment_status":"closed","ping_status":"closed","sticky":false,"template":"","format":"standard","meta":{"footnotes":""},"categories":[29],"tags":[37],"class_list":["post-1051569","post","type-post","status-publish","format-standard","has-post-thumbnail","hentry","category-kurdistan","tag-sereke"],"blocksy_meta":[],"seo_head":"<!-- This site is optimized with the Yoast SEO plugin v27.5 - https:\/\/yoast.com\/product\/yoast-seo-wordpress\/ -->\n<title>Mezl\u00fbm Ebd\u00ee li \u015eam\u00ea ye - Darka Maz\u00ee<\/title>\n<meta name=\"robots\" content=\"index, follow, max-snippet:-1, max-image-preview:large, max-video-preview:-1\" \/>\n<link rel=\"canonical\" href=\"https:\/\/darkamazi.info\/archives\/1051569\" \/>\n<meta property=\"og:locale\" content=\"en_US\" \/>\n<meta property=\"og:type\" content=\"article\" \/>\n<meta property=\"og:title\" content=\"Mezl\u00fbm Ebd\u00ee li \u015eam\u00ea ye - Darka Maz\u00ee\" \/>\n<meta property=\"og:description\" content=\"Fermandar\u00ea Gi\u015ft\u00ee y\u00ea H\u00eaz\u00ean S\u00fbriyeya Demokrat\u00eek (HSD) gih\u00ee\u015ftiye \u015eam\u00ea, ji bo ku dan\u00fbstandin\u00ean n\u00fb bi Serok\u00ea S\u00fbriyey\u00ea re li ser tevlihevkirina H\u00eaz\u00ean S\u00fbriyeya Demokrat\u00eek (HSD) bi art\u00ea\u015fa S\u00fbriyey\u00ea re bike. Fermandar\u00ea Gi\u015ft\u00ee y\u00ea H\u00eaz\u00ean S\u00fbriyeya Demokrat\u00eek (HSD) Mezl\u00fbm Ebd\u00ee \u00fb Berpirsa T\u00eakiliy\u00ean Derve ya R\u00eaveberiya Xweseriya Demokrat\u00eek a Her\u00eama Bakur \u00fb Rojhilat\u00ea S\u00fbriyey\u00ea \u00celham Ehmed [&hellip;]\" \/>\n<meta property=\"og:url\" content=\"https:\/\/darkamazi.info\/archives\/1051569\" \/>\n<meta property=\"og:site_name\" content=\"Darka Maz\u00ee\" \/>\n<meta property=\"article:publisher\" content=\"https:\/\/www.facebook.com\/DarMaziKurmanci\" \/>\n<meta property=\"article:published_time\" content=\"2026-01-27T17:39:26+00:00\" \/>\n<meta property=\"og:image\" content=\"https:\/\/darkamazi.info\/file\/2026\/01\/Mezlum-Ebdi-2022-1-1.jpg\" \/>\n\t<meta property=\"og:image:width\" content=\"781\" \/>\n\t<meta property=\"og:image:height\" content=\"439\" \/>\n\t<meta property=\"og:image:type\" content=\"image\/jpeg\" \/>\n<meta name=\"author\" content=\"darka mazi\" \/>\n<meta name=\"twitter:card\" content=\"summary_large_image\" \/>\n<meta name=\"twitter:creator\" content=\"@DarkaMaziLatini\" \/>\n<meta name=\"twitter:site\" content=\"@DarkaMaziLatini\" \/>\n<meta name=\"twitter:label1\" content=\"Written by\" \/>\n\t<meta name=\"twitter:data1\" content=\"darka mazi\" \/>\n\t<meta name=\"twitter:label2\" content=\"Est. reading time\" \/>\n\t<meta name=\"twitter:data2\" content=\"2 minutes\" \/>\n<script type=\"application\/ld+json\" class=\"seo-schema-graph\">{\"@context\":\"https:\\\/\\\/schema.org\",\"@graph\":[{\"@type\":\"Article\",\"@id\":\"https:\\\/\\\/darkamazi.info\\\/archives\\\/1051569#article\",\"isPartOf\":{\"@id\":\"https:\\\/\\\/darkamazi.info\\\/archives\\\/1051569\"},\"author\":{\"name\":\"darka mazi\",\"@id\":\"https:\\\/\\\/darkamazi.info\\\/#\\\/schema\\\/person\\\/5ad3e24553a0567993fa8ed4bd0a776c\"},\"headline\":\"Mezl\u00fbm Ebd\u00ee li \u015eam\u00ea ye\",\"datePublished\":\"2026-01-27T17:39:26+00:00\",\"mainEntityOfPage\":{\"@id\":\"https:\\\/\\\/darkamazi.info\\\/archives\\\/1051569\"},\"wordCount\":298,\"publisher\":{\"@id\":\"https:\\\/\\\/darkamazi.info\\\/#organization\"},\"image\":{\"@id\":\"https:\\\/\\\/darkamazi.info\\\/archives\\\/1051569#primaryimage\"},\"thumbnailUrl\":\"https:\\\/\\\/darkamazi.info\\\/darka-content\\\/uploads\\\/2026\\\/01\\\/Mezlum-Ebdi-2022-1-1.jpg\",\"keywords\":[\"sereke\"],\"articleSection\":[\"Kurdistan\"],\"inLanguage\":\"en-US\"},{\"@type\":\"WebPage\",\"@id\":\"https:\\\/\\\/darkamazi.info\\\/archives\\\/1051569\",\"url\":\"https:\\\/\\\/darkamazi.info\\\/archives\\\/1051569\",\"name\":\"Mezl\u00fbm Ebd\u00ee li \u015eam\u00ea ye - Darka Maz\u00ee\",\"isPartOf\":{\"@id\":\"https:\\\/\\\/darkamazi.info\\\/#website\"},\"primaryImageOfPage\":{\"@id\":\"https:\\\/\\\/darkamazi.info\\\/archives\\\/1051569#primaryimage\"},\"image\":{\"@id\":\"https:\\\/\\\/darkamazi.info\\\/archives\\\/1051569#primaryimage\"},\"thumbnailUrl\":\"https:\\\/\\\/darkamazi.info\\\/darka-content\\\/uploads\\\/2026\\\/01\\\/Mezlum-Ebdi-2022-1-1.jpg\",\"datePublished\":\"2026-01-27T17:39:26+00:00\",\"breadcrumb\":{\"@id\":\"https:\\\/\\\/darkamazi.info\\\/archives\\\/1051569#breadcrumb\"},\"inLanguage\":\"en-US\",\"potentialAction\":[{\"@type\":\"ReadAction\",\"target\":[\"https:\\\/\\\/darkamazi.info\\\/archives\\\/1051569\"]}]},{\"@type\":\"ImageObject\",\"inLanguage\":\"en-US\",\"@id\":\"https:\\\/\\\/darkamazi.info\\\/archives\\\/1051569#primaryimage\",\"url\":\"https:\\\/\\\/darkamazi.info\\\/darka-content\\\/uploads\\\/2026\\\/01\\\/Mezlum-Ebdi-2022-1-1.jpg\",\"contentUrl\":\"https:\\\/\\\/darkamazi.info\\\/darka-content\\\/uploads\\\/2026\\\/01\\\/Mezlum-Ebdi-2022-1-1.jpg\",\"width\":781,\"height\":439,\"caption\":\"Mezl\u00fbm Ebd\u00ee pesna berxwedana \u015fervanan \u00fb \u015f\u00eaniy\u00ean \u015e\u00eax Meqs\u00fbd \u00fb E\u015frefiyey\u00ea dike\"},{\"@type\":\"BreadcrumbList\",\"@id\":\"https:\\\/\\\/darkamazi.info\\\/archives\\\/1051569#breadcrumb\",\"itemListElement\":[{\"@type\":\"ListItem\",\"position\":1,\"name\":\"Home\",\"item\":\"https:\\\/\\\/darkamazi.info\\\/\"},{\"@type\":\"ListItem\",\"position\":2,\"name\":\"Mezl\u00fbm Ebd\u00ee li \u015eam\u00ea ye\"}]},{\"@type\":\"WebSite\",\"@id\":\"https:\\\/\\\/darkamazi.info\\\/#website\",\"url\":\"https:\\\/\\\/darkamazi.info\\\/\",\"name\":\"Darka Maz\u00ee\",\"description\":\"P\u00eageha Zanyariy\u00ean Nebih\u00eest\u00ee\",\"publisher\":{\"@id\":\"https:\\\/\\\/darkamazi.info\\\/#organization\"},\"potentialAction\":[{\"@type\":\"SearchAction\",\"target\":{\"@type\":\"EntryPoint\",\"urlTemplate\":\"https:\\\/\\\/darkamazi.info\\\/?s={search_term_string}\"},\"query-input\":{\"@type\":\"PropertyValueSpecification\",\"valueRequired\":true,\"valueName\":\"search_term_string\"}}],\"inLanguage\":\"en-US\"},{\"@type\":\"Organization\",\"@id\":\"https:\\\/\\\/darkamazi.info\\\/#organization\",\"name\":\"Darka Maz\u00ee\",\"url\":\"https:\\\/\\\/darkamazi.info\\\/\",\"logo\":{\"@type\":\"ImageObject\",\"inLanguage\":\"en-US\",\"@id\":\"https:\\\/\\\/darkamazi.info\\\/#\\\/schema\\\/logo\\\/image\\\/\",\"url\":\"https:\\\/\\\/darkamazi.info\\\/darka-content\\\/uploads\\\/2017\\\/12\\\/darka-mazi-logo.png\",\"contentUrl\":\"https:\\\/\\\/darkamazi.info\\\/darka-content\\\/uploads\\\/2017\\\/12\\\/darka-mazi-logo.png\",\"width\":151,\"height\":75,\"caption\":\"Darka Maz\u00ee\"},\"image\":{\"@id\":\"https:\\\/\\\/darkamazi.info\\\/#\\\/schema\\\/logo\\\/image\\\/\"},\"sameAs\":[\"https:\\\/\\\/www.facebook.com\\\/DarMaziKurmanci\",\"https:\\\/\\\/x.com\\\/DarkaMaziLatini\",\"https:\\\/\\\/www.instagram.com\\\/darkamazi.kurmanci\\\/\",\"https:\\\/\\\/www.youtube.com\\\/channel\\\/UCa5HkTdmI8U1qCUFuTw8B2g\"]},{\"@type\":\"Person\",\"@id\":\"https:\\\/\\\/darkamazi.info\\\/#\\\/schema\\\/person\\\/5ad3e24553a0567993fa8ed4bd0a776c\",\"name\":\"darka mazi\",\"sameAs\":[\"https:\\\/\\\/darkamazi.info\\\/\"],\"url\":\"https:\\\/\\\/darkamazi.info\\\/archives\\\/author\\\/kurdi\"}]}<\/script>\n<!-- \/ Yoast SEO plugin. -->","seo_head_json":{"title":"Mezl\u00fbm Ebd\u00ee li \u015eam\u00ea ye - Darka Maz\u00ee","robots":{"index":"index","follow":"follow","max-snippet":"max-snippet:-1","max-image-preview":"max-image-preview:large","max-video-preview":"max-video-preview:-1"},"canonical":"https:\/\/darkamazi.info\/archives\/1051569","og_locale":"en_US","og_type":"article","og_title":"Mezl\u00fbm Ebd\u00ee li \u015eam\u00ea ye - Darka Maz\u00ee","og_description":"Fermandar\u00ea Gi\u015ft\u00ee y\u00ea H\u00eaz\u00ean S\u00fbriyeya Demokrat\u00eek (HSD) gih\u00ee\u015ftiye \u015eam\u00ea, ji bo ku dan\u00fbstandin\u00ean n\u00fb bi Serok\u00ea S\u00fbriyey\u00ea re li ser tevlihevkirina H\u00eaz\u00ean S\u00fbriyeya Demokrat\u00eek (HSD) bi art\u00ea\u015fa S\u00fbriyey\u00ea re bike. Fermandar\u00ea Gi\u015ft\u00ee y\u00ea H\u00eaz\u00ean S\u00fbriyeya Demokrat\u00eek (HSD) Mezl\u00fbm Ebd\u00ee \u00fb Berpirsa T\u00eakiliy\u00ean Derve ya R\u00eaveberiya Xweseriya Demokrat\u00eek a Her\u00eama Bakur \u00fb Rojhilat\u00ea S\u00fbriyey\u00ea \u00celham Ehmed [&hellip;]","og_url":"https:\/\/darkamazi.info\/archives\/1051569","og_site_name":"Darka Maz\u00ee","article_publisher":"https:\/\/www.facebook.com\/DarMaziKurmanci","article_published_time":"2026-01-27T17:39:26+00:00","og_image":[{"width":781,"height":439,"url":"https:\/\/darkamazi.info\/file\/2026\/01\/Mezlum-Ebdi-2022-1-1.jpg","type":"image\/jpeg"}],"author":"darka mazi","twitter_card":"summary_large_image","twitter_creator":"@DarkaMaziLatini","twitter_site":"@DarkaMaziLatini","twitter_misc":{"Written by":"darka mazi","Est. reading time":"2 minutes"},"schema":{"@context":"https:\/\/schema.org","@graph":[{"@type":"Article","@id":"https:\/\/darkamazi.info\/archives\/1051569#article","isPartOf":{"@id":"https:\/\/darkamazi.info\/archives\/1051569"},"author":{"name":"darka mazi","@id":"https:\/\/darkamazi.info\/#\/schema\/person\/5ad3e24553a0567993fa8ed4bd0a776c"},"headline":"Mezl\u00fbm Ebd\u00ee li \u015eam\u00ea ye","datePublished":"2026-01-27T17:39:26+00:00","mainEntityOfPage":{"@id":"https:\/\/darkamazi.info\/archives\/1051569"},"wordCount":298,"publisher":{"@id":"https:\/\/darkamazi.info\/#organization"},"image":{"@id":"https:\/\/darkamazi.info\/archives\/1051569#primaryimage"},"thumbnailUrl":"https:\/\/darkamazi.info\/file\/2026\/01\/Mezlum-Ebdi-2022-1-1.jpg","keywords":["sereke"],"articleSection":["Kurdistan"],"inLanguage":"en-US"},{"@type":"WebPage","@id":"https:\/\/darkamazi.info\/archives\/1051569","url":"https:\/\/darkamazi.info\/archives\/1051569","name":"Mezl\u00fbm Ebd\u00ee li \u015eam\u00ea ye - Darka Maz\u00ee","isPartOf":{"@id":"https:\/\/darkamazi.info\/#website"},"primaryImageOfPage":{"@id":"https:\/\/darkamazi.info\/archives\/1051569#primaryimage"},"image":{"@id":"https:\/\/darkamazi.info\/archives\/1051569#primaryimage"},"thumbnailUrl":"https:\/\/darkamazi.info\/file\/2026\/01\/Mezlum-Ebdi-2022-1-1.jpg","datePublished":"2026-01-27T17:39:26+00:00","breadcrumb":{"@id":"https:\/\/darkamazi.info\/archives\/1051569#breadcrumb"},"inLanguage":"en-US","potentialAction":[{"@type":"ReadAction","target":["https:\/\/darkamazi.info\/archives\/1051569"]}]},{"@type":"ImageObject","inLanguage":"en-US","@id":"https:\/\/darkamazi.info\/archives\/1051569#primaryimage","url":"https:\/\/darkamazi.info\/file\/2026\/01\/Mezlum-Ebdi-2022-1-1.jpg","contentUrl":"https:\/\/darkamazi.info\/file\/2026\/01\/Mezlum-Ebdi-2022-1-1.jpg","width":781,"height":439,"caption":"Mezl\u00fbm Ebd\u00ee pesna berxwedana \u015fervanan \u00fb \u015f\u00eaniy\u00ean \u015e\u00eax Meqs\u00fbd \u00fb E\u015frefiyey\u00ea dike"},{"@type":"BreadcrumbList","@id":"https:\/\/darkamazi.info\/archives\/1051569#breadcrumb","itemListElement":[{"@type":"ListItem","position":1,"name":"Home","item":"https:\/\/darkamazi.info\/"},{"@type":"ListItem","position":2,"name":"Mezl\u00fbm Ebd\u00ee li \u015eam\u00ea ye"}]},{"@type":"WebSite","@id":"https:\/\/darkamazi.info\/#website","url":"https:\/\/darkamazi.info\/","name":"Darka Maz\u00ee","description":"P\u00eageha Zanyariy\u00ean Nebih\u00eest\u00ee","publisher":{"@id":"https:\/\/darkamazi.info\/#organization"},"potentialAction":[{"@type":"SearchAction","target":{"@type":"EntryPoint","urlTemplate":"https:\/\/darkamazi.info\/?s={search_term_string}"},"query-input":{"@type":"PropertyValueSpecification","valueRequired":true,"valueName":"search_term_string"}}],"inLanguage":"en-US"},{"@type":"Organization","@id":"https:\/\/darkamazi.info\/#organization","name":"Darka Maz\u00ee","url":"https:\/\/darkamazi.info\/","logo":{"@type":"ImageObject","inLanguage":"en-US","@id":"https:\/\/darkamazi.info\/#\/schema\/logo\/image\/","url":"https:\/\/darkamazi.info\/file\/2017\/12\/darka-mazi-logo.png","contentUrl":"https:\/\/darkamazi.info\/file\/2017\/12\/darka-mazi-logo.png","width":151,"height":75,"caption":"Darka Maz\u00ee"},"image":{"@id":"https:\/\/darkamazi.info\/#\/schema\/logo\/image\/"},"sameAs":["https:\/\/www.facebook.com\/DarMaziKurmanci","https:\/\/x.com\/DarkaMaziLatini","https:\/\/www.instagram.com\/darkamazi.kurmanci\/","https:\/\/www.youtube.com\/channel\/UCa5HkTdmI8U1qCUFuTw8B2g"]},{"@type":"Person","@id":"https:\/\/darkamazi.info\/#\/schema\/person\/5ad3e24553a0567993fa8ed4bd0a776c","name":"darka mazi","sameAs":["https:\/\/darkamazi.info\/"],"url":"https:\/\/darkamazi.info\/archives\/author\/kurdi"}]}},"_links":{"self":[{"href":"https:\/\/darkamazi.info\/funavuv\/wp\/v2\/posts\/1051569","targetHints":{"allow":["GET"]}}],"collection":[{"href":"https:\/\/darkamazi.info\/funavuv\/wp\/v2\/posts"}],"about":[{"href":"https:\/\/darkamazi.info\/funavuv\/wp\/v2\/types\/post"}],"author":[{"embeddable":true,"href":"https:\/\/darkamazi.info\/funavuv\/wp\/v2\/users\/2"}],"replies":[{"embeddable":true,"href":"https:\/\/darkamazi.info\/funavuv\/wp\/v2\/comments?post=1051569"}],"version-history":[{"count":0,"href":"https:\/\/darkamazi.info\/funavuv\/wp\/v2\/posts\/1051569\/revisions"}],"wp:featuredmedia":[{"embeddable":true,"href":"https:\/\/darkamazi.info\/funavuv\/wp\/v2\/media\/1051302"}],"wp:attachment":[{"href":"https:\/\/darkamazi.info\/funavuv\/wp\/v2\/media?parent=1051569"}],"wp:term":[{"taxonomy":"category","embeddable":true,"href":"https:\/\/darkamazi.info\/funavuv\/wp\/v2\/categories?post=1051569"},{"taxonomy":"post_tag","embeddable":true,"href":"https:\/\/darkamazi.info\/funavuv\/wp\/v2\/tags?post=1051569"}],"curies":[{"name":"wp","href":"https:\/\/api.w.org\/{rel}","templated":true}]}}