{"id":1051575,"date":"2026-01-28T13:45:09","date_gmt":"2026-01-28T10:45:09","guid":{"rendered":"https:\/\/darkamazi.info\/?p=1051575"},"modified":"2026-01-28T13:45:09","modified_gmt":"2026-01-28T10:45:09","slug":"mixabin-ew-hin-ji-qala-biratiya-gelan-dikin","status":"publish","type":"post","link":"https:\/\/darkamazi.info\/archives\/1051575","title":{"rendered":"Mixabin Ew h\u00een j\u00ee qala biratiya gelan dikin!!"},"content":{"rendered":"<h3 style=\"text-align: justify\"><span style=\"font-family: 'arial black', sans-serif\">Fermandar\u00ea Biryargeha Navend\u00ee ya HPG\u2019\u00ea Murat Karayilan, derbar\u00ea \u00eari\u015f\u00ean li ser Rojavay\u00ea Kurdistan\u00ea de ragihand, ev \u00eari\u015f komployeke navnetewey\u00ee ye \u00fb bi taybet\u00ee armanc dike ku Kurdan ji d\u00eezayna n\u00fb ya her\u00eam\u00ea derve bih\u00eale \u00fb biratiya gelan t\u00eak bibe.<\/span><\/h3>\n<h3 style=\"text-align: justify\"><span style=\"font-family: arial, helvetica, sans-serif\">Karayilan bi di hevpeyv\u00eenek\u00ea bi medyayeke n\u00eaz\u00eek\u00ee PKK\u00ea re a\u015fkere kir, beriya \u00eari\u015f\u00ean Heleb\u00ea, di 4\u2019\u00ea \u00c7iley\u00ea de di navbera HSD \u00fb hik\u00fbmeta \u015eam\u00ea de hevd\u00eetin\u00ean gir\u00eeng heb\u00fbn \u00fb n\u00eaz\u00ee encam\u00ea bib\u00fbn. L\u00ea bel\u00ea ev d\u00eeyalog bi zaneb\u00fbn hatin sabotekirin. Karayilan got: \u201cPi\u015ft\u00ee civ\u00eena 5\u2019\u00ea \u00c7iley\u00ea ya li Par\u00ees\u00ea, di 6\u2019\u00ea \u00c7iley\u00ea de \u00eari\u015f dan destp\u00eakirin. Dixwazin Kurdan li dervey\u00ee S\u00fbriyeya n\u00fb bih\u00ealin. HSD\u2019\u00ea S\u00fbriye ji DAI\u015e\u2019\u00ea rizgar kir, di \u015fert\u00ean normal de div\u00ea bi hev re dewlet ava kiriban, l\u00ea \u00eero HSD\u2019\u00ea armanc digirin, da ku statuya Kurdan tune bikin.\u201d<\/span><\/h3>\n<h3 style=\"text-align: justify\"><span style=\"font-family: 'arial black', sans-serif;font-size: 18pt;color: #8c0808\">Karayilan: \u00car\u00ee\u015f\u00ean li ser Rojava ji boy t\u00eakbirina Birat\u00eeya Gelan e \u00fb Neteweya Demokrat\u00eek \u00e7areser\u00ee ye<\/span><\/h3>\n<h3 style=\"text-align: justify\"><span style=\"font-family: arial, helvetica, sans-serif\">Murat Karayilan bal ki\u015fand ser peyam\u00ean &#8220;p\u00eavajoya a\u015ftiy\u00ea&#8221; y\u00ean li Tirkiyey\u00ea \u00fb hi\u015fyar\u00ee da dewleta Tirkiyey\u00ea \u00fb got: \u201cDiv\u00ea her kes bizane; li ser cenazey\u00ea Rojavay\u00ea Kurdistan\u00ea bi Kurdan re a\u015ft\u00ee nabe. Tu y\u00ea li Rojava qirkirin\u00ea bime\u015f\u00een\u00ee, l\u00ea li Bakur yan j\u00ee li her\u00eam\u00ea li benda a\u015ftiy\u00ea b\u00ee! Ev ne p\u00eakan e. Heke bi rast\u00ee a\u015ft\u00ee \u00fb xwi\u015fk-birat\u00ee t\u00ea xwestin, div\u00ea ev siyaseta tunekirin\u00ea ya li dij\u00ee Rojava were terkkirin.\u201d<\/span><\/h3>\n<h3 style=\"text-align: justify\"><span style=\"font-family: arial, helvetica, sans-serif\">Karayilan tekez kir, s\u00eestema li Bakur \u00fb Rojhilat\u00ea S\u00fbriyey\u00ea ne li ser bingeha desthilatdariy\u00ea, l\u00ea li ser bingeha kedkar\u00ean Ereb, Kurd \u00fb As\u00fbr\u00ee-Suryaniyan hatiye avakirin. W\u00ee diyar kir ku xeta &#8220;Netewa Demokrat\u00eek&#8221; ten\u00ea r\u00eaya \u00e7areseriy\u00ea ye \u00fb got: \u201cY\u00ean HSD bi ten\u00ea hi\u015ftin, hinek \u015f\u00eax\u00ean e\u015f\u00eeran b\u00fbn; l\u00ea em nikarin b\u00eajin ew hem\u00fb gel\u00ea Ereb in. Biratiya gelan xeteke rast e \u00fb ev komplo bi taybet\u00ee navbera gelan armanc digire, da ku dijminatiy\u00ea p\u00ea\u015f bixe.\u201d<\/span><\/h3>\n","protected":false},"excerpt":{"rendered":"<p>Fermandar\u00ea Biryargeha Navend\u00ee ya HPG\u2019\u00ea Murat Karayilan, derbar\u00ea \u00eari\u015f\u00ean li ser Rojavay\u00ea Kurdistan\u00ea de ragihand, ev \u00eari\u015f komployeke navnetewey\u00ee ye \u00fb bi taybet\u00ee armanc dike ku Kurdan ji d\u00eezayna n\u00fb ya her\u00eam\u00ea derve bih\u00eale \u00fb biratiya gelan t\u00eak bibe. Karayilan bi di hevpeyv\u00eenek\u00ea bi medyayeke n\u00eaz\u00eek\u00ee PKK\u00ea re a\u015fkere kir, beriya \u00eari\u015f\u00ean Heleb\u00ea, di 4\u2019\u00ea [&hellip;]<\/p>\n","protected":false},"author":2,"featured_media":1051576,"comment_status":"closed","ping_status":"closed","sticky":false,"template":"","format":"standard","meta":{"footnotes":""},"categories":[29],"tags":[37],"class_list":["post-1051575","post","type-post","status-publish","format-standard","has-post-thumbnail","hentry","category-kurdistan","tag-sereke"],"blocksy_meta":[],"seo_head":"<!-- This site is optimized with the Yoast SEO plugin v27.5 - https:\/\/yoast.com\/product\/yoast-seo-wordpress\/ -->\n<title>Mixabin Ew h\u00een j\u00ee qala biratiya gelan dikin!! - Darka Maz\u00ee<\/title>\n<meta name=\"robots\" content=\"index, follow, max-snippet:-1, max-image-preview:large, max-video-preview:-1\" \/>\n<link rel=\"canonical\" href=\"https:\/\/darkamazi.info\/archives\/1051575\" \/>\n<meta property=\"og:locale\" content=\"en_US\" \/>\n<meta property=\"og:type\" content=\"article\" \/>\n<meta property=\"og:title\" content=\"Mixabin Ew h\u00een j\u00ee qala biratiya gelan dikin!! - Darka Maz\u00ee\" \/>\n<meta property=\"og:description\" content=\"Fermandar\u00ea Biryargeha Navend\u00ee ya HPG\u2019\u00ea Murat Karayilan, derbar\u00ea \u00eari\u015f\u00ean li ser Rojavay\u00ea Kurdistan\u00ea de ragihand, ev \u00eari\u015f komployeke navnetewey\u00ee ye \u00fb bi taybet\u00ee armanc dike ku Kurdan ji d\u00eezayna n\u00fb ya her\u00eam\u00ea derve bih\u00eale \u00fb biratiya gelan t\u00eak bibe. Karayilan bi di hevpeyv\u00eenek\u00ea bi medyayeke n\u00eaz\u00eek\u00ee PKK\u00ea re a\u015fkere kir, beriya \u00eari\u015f\u00ean Heleb\u00ea, di 4\u2019\u00ea [&hellip;]\" \/>\n<meta property=\"og:url\" content=\"https:\/\/darkamazi.info\/archives\/1051575\" \/>\n<meta property=\"og:site_name\" content=\"Darka Maz\u00ee\" \/>\n<meta property=\"article:publisher\" content=\"https:\/\/www.facebook.com\/DarMaziKurmanci\" \/>\n<meta property=\"article:published_time\" content=\"2026-01-28T10:45:09+00:00\" \/>\n<meta property=\"og:image\" content=\"https:\/\/darkamazi.info\/file\/2026\/01\/Karaiylan-Biratiya-gelan-info.jpg\" \/>\n\t<meta property=\"og:image:width\" content=\"900\" \/>\n\t<meta property=\"og:image:height\" content=\"500\" \/>\n\t<meta property=\"og:image:type\" content=\"image\/jpeg\" \/>\n<meta name=\"author\" content=\"darka mazi\" \/>\n<meta name=\"twitter:card\" content=\"summary_large_image\" \/>\n<meta name=\"twitter:creator\" content=\"@DarkaMaziLatini\" \/>\n<meta name=\"twitter:site\" content=\"@DarkaMaziLatini\" \/>\n<meta name=\"twitter:label1\" content=\"Written by\" \/>\n\t<meta name=\"twitter:data1\" content=\"darka mazi\" \/>\n\t<meta name=\"twitter:label2\" content=\"Est. reading time\" \/>\n\t<meta name=\"twitter:data2\" content=\"2 minutes\" \/>\n<script type=\"application\/ld+json\" class=\"seo-schema-graph\">{\"@context\":\"https:\\\/\\\/schema.org\",\"@graph\":[{\"@type\":\"Article\",\"@id\":\"https:\\\/\\\/darkamazi.info\\\/archives\\\/1051575#article\",\"isPartOf\":{\"@id\":\"https:\\\/\\\/darkamazi.info\\\/archives\\\/1051575\"},\"author\":{\"name\":\"darka mazi\",\"@id\":\"https:\\\/\\\/darkamazi.info\\\/#\\\/schema\\\/person\\\/5ad3e24553a0567993fa8ed4bd0a776c\"},\"headline\":\"Mixabin Ew h\u00een j\u00ee qala biratiya gelan dikin!!\",\"datePublished\":\"2026-01-28T10:45:09+00:00\",\"mainEntityOfPage\":{\"@id\":\"https:\\\/\\\/darkamazi.info\\\/archives\\\/1051575\"},\"wordCount\":343,\"publisher\":{\"@id\":\"https:\\\/\\\/darkamazi.info\\\/#organization\"},\"image\":{\"@id\":\"https:\\\/\\\/darkamazi.info\\\/archives\\\/1051575#primaryimage\"},\"thumbnailUrl\":\"https:\\\/\\\/darkamazi.info\\\/darka-content\\\/uploads\\\/2026\\\/01\\\/Karaiylan-Biratiya-gelan-info.jpg\",\"keywords\":[\"sereke\"],\"articleSection\":[\"Kurdistan\"],\"inLanguage\":\"en-US\"},{\"@type\":\"WebPage\",\"@id\":\"https:\\\/\\\/darkamazi.info\\\/archives\\\/1051575\",\"url\":\"https:\\\/\\\/darkamazi.info\\\/archives\\\/1051575\",\"name\":\"Mixabin Ew h\u00een j\u00ee qala biratiya gelan dikin!! - Darka Maz\u00ee\",\"isPartOf\":{\"@id\":\"https:\\\/\\\/darkamazi.info\\\/#website\"},\"primaryImageOfPage\":{\"@id\":\"https:\\\/\\\/darkamazi.info\\\/archives\\\/1051575#primaryimage\"},\"image\":{\"@id\":\"https:\\\/\\\/darkamazi.info\\\/archives\\\/1051575#primaryimage\"},\"thumbnailUrl\":\"https:\\\/\\\/darkamazi.info\\\/darka-content\\\/uploads\\\/2026\\\/01\\\/Karaiylan-Biratiya-gelan-info.jpg\",\"datePublished\":\"2026-01-28T10:45:09+00:00\",\"breadcrumb\":{\"@id\":\"https:\\\/\\\/darkamazi.info\\\/archives\\\/1051575#breadcrumb\"},\"inLanguage\":\"en-US\",\"potentialAction\":[{\"@type\":\"ReadAction\",\"target\":[\"https:\\\/\\\/darkamazi.info\\\/archives\\\/1051575\"]}]},{\"@type\":\"ImageObject\",\"inLanguage\":\"en-US\",\"@id\":\"https:\\\/\\\/darkamazi.info\\\/archives\\\/1051575#primaryimage\",\"url\":\"https:\\\/\\\/darkamazi.info\\\/darka-content\\\/uploads\\\/2026\\\/01\\\/Karaiylan-Biratiya-gelan-info.jpg\",\"contentUrl\":\"https:\\\/\\\/darkamazi.info\\\/darka-content\\\/uploads\\\/2026\\\/01\\\/Karaiylan-Biratiya-gelan-info.jpg\",\"width\":900,\"height\":500,\"caption\":\"Karaiylan-Biratiya gelan-info\"},{\"@type\":\"BreadcrumbList\",\"@id\":\"https:\\\/\\\/darkamazi.info\\\/archives\\\/1051575#breadcrumb\",\"itemListElement\":[{\"@type\":\"ListItem\",\"position\":1,\"name\":\"Home\",\"item\":\"https:\\\/\\\/darkamazi.info\\\/\"},{\"@type\":\"ListItem\",\"position\":2,\"name\":\"Mixabin Ew h\u00een j\u00ee qala biratiya gelan dikin!!\"}]},{\"@type\":\"WebSite\",\"@id\":\"https:\\\/\\\/darkamazi.info\\\/#website\",\"url\":\"https:\\\/\\\/darkamazi.info\\\/\",\"name\":\"Darka Maz\u00ee\",\"description\":\"P\u00eageha Zanyariy\u00ean Nebih\u00eest\u00ee\",\"publisher\":{\"@id\":\"https:\\\/\\\/darkamazi.info\\\/#organization\"},\"potentialAction\":[{\"@type\":\"SearchAction\",\"target\":{\"@type\":\"EntryPoint\",\"urlTemplate\":\"https:\\\/\\\/darkamazi.info\\\/?s={search_term_string}\"},\"query-input\":{\"@type\":\"PropertyValueSpecification\",\"valueRequired\":true,\"valueName\":\"search_term_string\"}}],\"inLanguage\":\"en-US\"},{\"@type\":\"Organization\",\"@id\":\"https:\\\/\\\/darkamazi.info\\\/#organization\",\"name\":\"Darka Maz\u00ee\",\"url\":\"https:\\\/\\\/darkamazi.info\\\/\",\"logo\":{\"@type\":\"ImageObject\",\"inLanguage\":\"en-US\",\"@id\":\"https:\\\/\\\/darkamazi.info\\\/#\\\/schema\\\/logo\\\/image\\\/\",\"url\":\"https:\\\/\\\/darkamazi.info\\\/darka-content\\\/uploads\\\/2017\\\/12\\\/darka-mazi-logo.png\",\"contentUrl\":\"https:\\\/\\\/darkamazi.info\\\/darka-content\\\/uploads\\\/2017\\\/12\\\/darka-mazi-logo.png\",\"width\":151,\"height\":75,\"caption\":\"Darka Maz\u00ee\"},\"image\":{\"@id\":\"https:\\\/\\\/darkamazi.info\\\/#\\\/schema\\\/logo\\\/image\\\/\"},\"sameAs\":[\"https:\\\/\\\/www.facebook.com\\\/DarMaziKurmanci\",\"https:\\\/\\\/x.com\\\/DarkaMaziLatini\",\"https:\\\/\\\/www.instagram.com\\\/darkamazi.kurmanci\\\/\",\"https:\\\/\\\/www.youtube.com\\\/channel\\\/UCa5HkTdmI8U1qCUFuTw8B2g\"]},{\"@type\":\"Person\",\"@id\":\"https:\\\/\\\/darkamazi.info\\\/#\\\/schema\\\/person\\\/5ad3e24553a0567993fa8ed4bd0a776c\",\"name\":\"darka mazi\",\"sameAs\":[\"https:\\\/\\\/darkamazi.info\\\/\"],\"url\":\"https:\\\/\\\/darkamazi.info\\\/archives\\\/author\\\/kurdi\"}]}<\/script>\n<!-- \/ Yoast SEO plugin. -->","seo_head_json":{"title":"Mixabin Ew h\u00een j\u00ee qala biratiya gelan dikin!! - Darka Maz\u00ee","robots":{"index":"index","follow":"follow","max-snippet":"max-snippet:-1","max-image-preview":"max-image-preview:large","max-video-preview":"max-video-preview:-1"},"canonical":"https:\/\/darkamazi.info\/archives\/1051575","og_locale":"en_US","og_type":"article","og_title":"Mixabin Ew h\u00een j\u00ee qala biratiya gelan dikin!! - Darka Maz\u00ee","og_description":"Fermandar\u00ea Biryargeha Navend\u00ee ya HPG\u2019\u00ea Murat Karayilan, derbar\u00ea \u00eari\u015f\u00ean li ser Rojavay\u00ea Kurdistan\u00ea de ragihand, ev \u00eari\u015f komployeke navnetewey\u00ee ye \u00fb bi taybet\u00ee armanc dike ku Kurdan ji d\u00eezayna n\u00fb ya her\u00eam\u00ea derve bih\u00eale \u00fb biratiya gelan t\u00eak bibe. Karayilan bi di hevpeyv\u00eenek\u00ea bi medyayeke n\u00eaz\u00eek\u00ee PKK\u00ea re a\u015fkere kir, beriya \u00eari\u015f\u00ean Heleb\u00ea, di 4\u2019\u00ea [&hellip;]","og_url":"https:\/\/darkamazi.info\/archives\/1051575","og_site_name":"Darka Maz\u00ee","article_publisher":"https:\/\/www.facebook.com\/DarMaziKurmanci","article_published_time":"2026-01-28T10:45:09+00:00","og_image":[{"width":900,"height":500,"url":"https:\/\/darkamazi.info\/file\/2026\/01\/Karaiylan-Biratiya-gelan-info.jpg","type":"image\/jpeg"}],"author":"darka mazi","twitter_card":"summary_large_image","twitter_creator":"@DarkaMaziLatini","twitter_site":"@DarkaMaziLatini","twitter_misc":{"Written by":"darka mazi","Est. reading time":"2 minutes"},"schema":{"@context":"https:\/\/schema.org","@graph":[{"@type":"Article","@id":"https:\/\/darkamazi.info\/archives\/1051575#article","isPartOf":{"@id":"https:\/\/darkamazi.info\/archives\/1051575"},"author":{"name":"darka mazi","@id":"https:\/\/darkamazi.info\/#\/schema\/person\/5ad3e24553a0567993fa8ed4bd0a776c"},"headline":"Mixabin Ew h\u00een j\u00ee qala biratiya gelan dikin!!","datePublished":"2026-01-28T10:45:09+00:00","mainEntityOfPage":{"@id":"https:\/\/darkamazi.info\/archives\/1051575"},"wordCount":343,"publisher":{"@id":"https:\/\/darkamazi.info\/#organization"},"image":{"@id":"https:\/\/darkamazi.info\/archives\/1051575#primaryimage"},"thumbnailUrl":"https:\/\/darkamazi.info\/file\/2026\/01\/Karaiylan-Biratiya-gelan-info.jpg","keywords":["sereke"],"articleSection":["Kurdistan"],"inLanguage":"en-US"},{"@type":"WebPage","@id":"https:\/\/darkamazi.info\/archives\/1051575","url":"https:\/\/darkamazi.info\/archives\/1051575","name":"Mixabin Ew h\u00een j\u00ee qala biratiya gelan dikin!! - Darka Maz\u00ee","isPartOf":{"@id":"https:\/\/darkamazi.info\/#website"},"primaryImageOfPage":{"@id":"https:\/\/darkamazi.info\/archives\/1051575#primaryimage"},"image":{"@id":"https:\/\/darkamazi.info\/archives\/1051575#primaryimage"},"thumbnailUrl":"https:\/\/darkamazi.info\/file\/2026\/01\/Karaiylan-Biratiya-gelan-info.jpg","datePublished":"2026-01-28T10:45:09+00:00","breadcrumb":{"@id":"https:\/\/darkamazi.info\/archives\/1051575#breadcrumb"},"inLanguage":"en-US","potentialAction":[{"@type":"ReadAction","target":["https:\/\/darkamazi.info\/archives\/1051575"]}]},{"@type":"ImageObject","inLanguage":"en-US","@id":"https:\/\/darkamazi.info\/archives\/1051575#primaryimage","url":"https:\/\/darkamazi.info\/file\/2026\/01\/Karaiylan-Biratiya-gelan-info.jpg","contentUrl":"https:\/\/darkamazi.info\/file\/2026\/01\/Karaiylan-Biratiya-gelan-info.jpg","width":900,"height":500,"caption":"Karaiylan-Biratiya gelan-info"},{"@type":"BreadcrumbList","@id":"https:\/\/darkamazi.info\/archives\/1051575#breadcrumb","itemListElement":[{"@type":"ListItem","position":1,"name":"Home","item":"https:\/\/darkamazi.info\/"},{"@type":"ListItem","position":2,"name":"Mixabin Ew h\u00een j\u00ee qala biratiya gelan dikin!!"}]},{"@type":"WebSite","@id":"https:\/\/darkamazi.info\/#website","url":"https:\/\/darkamazi.info\/","name":"Darka Maz\u00ee","description":"P\u00eageha Zanyariy\u00ean Nebih\u00eest\u00ee","publisher":{"@id":"https:\/\/darkamazi.info\/#organization"},"potentialAction":[{"@type":"SearchAction","target":{"@type":"EntryPoint","urlTemplate":"https:\/\/darkamazi.info\/?s={search_term_string}"},"query-input":{"@type":"PropertyValueSpecification","valueRequired":true,"valueName":"search_term_string"}}],"inLanguage":"en-US"},{"@type":"Organization","@id":"https:\/\/darkamazi.info\/#organization","name":"Darka Maz\u00ee","url":"https:\/\/darkamazi.info\/","logo":{"@type":"ImageObject","inLanguage":"en-US","@id":"https:\/\/darkamazi.info\/#\/schema\/logo\/image\/","url":"https:\/\/darkamazi.info\/file\/2017\/12\/darka-mazi-logo.png","contentUrl":"https:\/\/darkamazi.info\/file\/2017\/12\/darka-mazi-logo.png","width":151,"height":75,"caption":"Darka Maz\u00ee"},"image":{"@id":"https:\/\/darkamazi.info\/#\/schema\/logo\/image\/"},"sameAs":["https:\/\/www.facebook.com\/DarMaziKurmanci","https:\/\/x.com\/DarkaMaziLatini","https:\/\/www.instagram.com\/darkamazi.kurmanci\/","https:\/\/www.youtube.com\/channel\/UCa5HkTdmI8U1qCUFuTw8B2g"]},{"@type":"Person","@id":"https:\/\/darkamazi.info\/#\/schema\/person\/5ad3e24553a0567993fa8ed4bd0a776c","name":"darka mazi","sameAs":["https:\/\/darkamazi.info\/"],"url":"https:\/\/darkamazi.info\/archives\/author\/kurdi"}]}},"_links":{"self":[{"href":"https:\/\/darkamazi.info\/funavuv\/wp\/v2\/posts\/1051575","targetHints":{"allow":["GET"]}}],"collection":[{"href":"https:\/\/darkamazi.info\/funavuv\/wp\/v2\/posts"}],"about":[{"href":"https:\/\/darkamazi.info\/funavuv\/wp\/v2\/types\/post"}],"author":[{"embeddable":true,"href":"https:\/\/darkamazi.info\/funavuv\/wp\/v2\/users\/2"}],"replies":[{"embeddable":true,"href":"https:\/\/darkamazi.info\/funavuv\/wp\/v2\/comments?post=1051575"}],"version-history":[{"count":0,"href":"https:\/\/darkamazi.info\/funavuv\/wp\/v2\/posts\/1051575\/revisions"}],"wp:featuredmedia":[{"embeddable":true,"href":"https:\/\/darkamazi.info\/funavuv\/wp\/v2\/media\/1051576"}],"wp:attachment":[{"href":"https:\/\/darkamazi.info\/funavuv\/wp\/v2\/media?parent=1051575"}],"wp:term":[{"taxonomy":"category","embeddable":true,"href":"https:\/\/darkamazi.info\/funavuv\/wp\/v2\/categories?post=1051575"},{"taxonomy":"post_tag","embeddable":true,"href":"https:\/\/darkamazi.info\/funavuv\/wp\/v2\/tags?post=1051575"}],"curies":[{"name":"wp","href":"https:\/\/api.w.org\/{rel}","templated":true}]}}