{"id":1051578,"date":"2026-01-28T19:53:13","date_gmt":"2026-01-28T16:53:13","guid":{"rendered":"https:\/\/darkamazi.info\/?p=1051578"},"modified":"2026-01-28T19:53:13","modified_gmt":"2026-01-28T16:53:13","slug":"wezareta-navxwe-ya-suriyeye-nasname-bi-tevaya-kurden-suriyeye-te-dan","status":"publish","type":"post","link":"https:\/\/darkamazi.info\/archives\/1051578","title":{"rendered":"Wezareta Navxwe ya S\u00fbriyey\u00ea: Nasname bi tevaya Kurd\u00ean S\u00fbriyey\u00ea t\u00ea dan"},"content":{"rendered":"<h3 style=\"text-align: justify\"><span style=\"font-family: 'arial black', sans-serif\">Wez\u00eer\u00ea Navxwe y\u00ea S\u00fbriyey\u00ea di niv\u00eesareka lezg\u00een de, ku ji Bir\u00eavebiriya Gi\u015ft\u00ee ya Kar\u00fbbar\u00ean Siv\u00eelan re \u015fandiye, biryara bicihan\u00eena biryarnameya hejmar 13 a \u00c7ileya \u00eesal derxist, ku li gor\u00ee w\u00ea hem\u00ee bermahiy\u00ean serjim\u00eariya sala 1962\u00ea d\u00ea b\u00ean hilwe\u015fandin \u00fb nasname d\u00ea bi welatiy\u00ean Kurd \u00ean \u015f\u00eaniy\u00ean S\u00fbriyey\u00ea b\u00ea dan.<\/span><\/h3>\n<h3 style=\"text-align: justify\">Wezareta Navxwe ya S\u00fbriyey\u00ea \u00eero (\u00c7ar\u015fem, 28.01.2026) di niv\u00eesareka ferm\u00ee de, ku w\u00eaneyek\u00ea w\u00ea bi dest medyayan keftiye, r\u00eanimay\u00ean berfireh \u00fb lezg\u00een ji \u201cBir\u00eavebiriya Gi\u015ft\u00ee ya Kar\u00fbbar\u00ean Siv\u00eelan (Nif\u00fbs)\u201d \u015fandine, da ku naveroka Biryarnameya Komar\u00ee ya Hejmar 13 a sala 2026\u00ea, ku gir\u00eaday\u00ee \u00e7areserkirina pirsgir\u00eaka nasnameya Kurdan li w\u00ee welat\u00ee ye, bi c\u00eeh b\u00eene.<\/h3>\n<h3 style=\"text-align: justify\">Li gor\u00ee w\u00ea niv\u00eesar\u00ea ku \u00eemzeya Wez\u00eer\u00ea Navxwe y\u00ea S\u00fbriyey\u00ea L\u00eewa Enes Xetab li ser heye \u00fb bi lez hatiye \u015fandin, tekez li ser bicihan\u00eena madeya 4\u00ea ya w\u00ea biryarnamey\u00ea hatiye kirin \u00fb dib\u00eaje: Karkirina bi hem\u00ee qan\u00fbn \u00fb r\u00eakar\u00ean awarte y\u00ean ku encam\u00ean serhejm\u00eariya sala 1962\u00ea li par\u00eazgeha Hesekey\u00ea b\u00fbn d\u00ea b\u00ea hilwe\u015fandin.<\/h3>\n<h3 style=\"text-align: justify\">Di pareka din a w\u00ea biryarnamey\u00ea de hatiye gotin ku div\u00ea, &#8220;nasnameya S\u00fbriyey\u00ee bi welatiy\u00ean bi esl\u00ea xwe Kurd \u00ean ku \u015f\u00eaniy\u00ean S\u00fbriyey\u00ea ne b\u00ea dan, tev\u00ee hem\u00ee c\u00fbn\u00ean wan, heta y\u00ean ku nehatine qeydkirin j\u00ee, ew j\u00ee bi wekheviya temam di maf \u00fb erkan de.&#8221;<\/h3>\n<h3 style=\"text-align: justify\">Li gor\u00ee xala 7\u00ea ya w\u00ea biryarnamey\u00ea, Wez\u00eer\u00ea Navxwe y\u00ea S\u00fbriyey\u00ea ferman li Bir\u00eavebiriya Kar\u00fbbar\u00ean Siv\u00eelan kir ku tavil\u00ea dest bi amadekirina r\u00eanimay\u00ean bic\u00eehan\u00een\u00ea bike.<\/h3>\n<h3 style=\"text-align: justify\">Di w\u00ea niv\u00eesar\u00ea de herwesa hatiye gotin: H\u00easankirina r\u00eakaran ji bo xelk\u00ea me y\u00ea Kurd bi qas\u00ee ku mimkin be li ber \u00e7av b\u00ea wergirtin.<\/h3>\n<h3 style=\"text-align: justify\">Wezareta navbir\u00ee ji bo temamkirina van r\u00eakaran demeka kurt destn\u00ee\u015fan kiriye \u00fb daxwaz kiriye ku, div\u00ea p\u00eangav \u00fb r\u00eanima her\u00ee dereng heta 5\u00ea \u015eibata 2026\u00ea b\u00ean temamkirin \u00fb wezaret li ser w\u00ea b\u00ea haydarkirin.<\/h3>\n<h3 style=\"text-align: justify\">Ev biryar wek\u00ee wer\u00e7erxaneka d\u00eerok\u00ee ji bo Kurd\u00ean S\u00fbriyey\u00ea t\u00ea hesibandin, ku gelek ji wan ji ber serhejm\u00eariya sala 1962\u00ea ji maf\u00ea welat\u00eeb\u00fbn\u00ea hatib\u00fbn b\u00eaparkirin \u00fb wek\u00ee &#8220;biyan\u00ee&#8221; an &#8220;mekt\u00fbm&#8221; sereder\u00ee p\u00ea re dihat kirin.<\/h3>\n","protected":false},"excerpt":{"rendered":"<p>Wez\u00eer\u00ea Navxwe y\u00ea S\u00fbriyey\u00ea di niv\u00eesareka lezg\u00een de, ku ji Bir\u00eavebiriya Gi\u015ft\u00ee ya Kar\u00fbbar\u00ean Siv\u00eelan re \u015fandiye, biryara bicihan\u00eena biryarnameya hejmar 13 a \u00c7ileya \u00eesal derxist, ku li gor\u00ee w\u00ea hem\u00ee bermahiy\u00ean serjim\u00eariya sala 1962\u00ea d\u00ea b\u00ean hilwe\u015fandin \u00fb nasname d\u00ea bi welatiy\u00ean Kurd \u00ean \u015f\u00eaniy\u00ean S\u00fbriyey\u00ea b\u00ea dan. Wezareta Navxwe ya S\u00fbriyey\u00ea \u00eero (\u00c7ar\u015fem, [&hellip;]<\/p>\n","protected":false},"author":2,"featured_media":1051579,"comment_status":"closed","ping_status":"closed","sticky":false,"template":"","format":"standard","meta":{"footnotes":""},"categories":[29],"tags":[37],"class_list":["post-1051578","post","type-post","status-publish","format-standard","has-post-thumbnail","hentry","category-kurdistan","tag-sereke"],"blocksy_meta":[],"seo_head":"<!-- This site is optimized with the Yoast SEO plugin v27.5 - https:\/\/yoast.com\/product\/yoast-seo-wordpress\/ -->\n<title>Wezareta Navxwe ya S\u00fbriyey\u00ea: Nasname bi tevaya Kurd\u00ean S\u00fbriyey\u00ea t\u00ea dan - Darka Maz\u00ee<\/title>\n<meta name=\"robots\" content=\"index, follow, max-snippet:-1, max-image-preview:large, max-video-preview:-1\" \/>\n<link rel=\"canonical\" href=\"https:\/\/darkamazi.info\/archives\/1051578\" \/>\n<meta property=\"og:locale\" content=\"en_US\" \/>\n<meta property=\"og:type\" content=\"article\" \/>\n<meta property=\"og:title\" content=\"Wezareta Navxwe ya S\u00fbriyey\u00ea: Nasname bi tevaya Kurd\u00ean S\u00fbriyey\u00ea t\u00ea dan - Darka Maz\u00ee\" \/>\n<meta property=\"og:description\" content=\"Wez\u00eer\u00ea Navxwe y\u00ea S\u00fbriyey\u00ea di niv\u00eesareka lezg\u00een de, ku ji Bir\u00eavebiriya Gi\u015ft\u00ee ya Kar\u00fbbar\u00ean Siv\u00eelan re \u015fandiye, biryara bicihan\u00eena biryarnameya hejmar 13 a \u00c7ileya \u00eesal derxist, ku li gor\u00ee w\u00ea hem\u00ee bermahiy\u00ean serjim\u00eariya sala 1962\u00ea d\u00ea b\u00ean hilwe\u015fandin \u00fb nasname d\u00ea bi welatiy\u00ean Kurd \u00ean \u015f\u00eaniy\u00ean S\u00fbriyey\u00ea b\u00ea dan. Wezareta Navxwe ya S\u00fbriyey\u00ea \u00eero (\u00c7ar\u015fem, [&hellip;]\" \/>\n<meta property=\"og:url\" content=\"https:\/\/darkamazi.info\/archives\/1051578\" \/>\n<meta property=\"og:site_name\" content=\"Darka Maz\u00ee\" \/>\n<meta property=\"article:publisher\" content=\"https:\/\/www.facebook.com\/DarMaziKurmanci\" \/>\n<meta property=\"article:published_time\" content=\"2026-01-28T16:53:13+00:00\" \/>\n<meta property=\"og:image\" content=\"https:\/\/darkamazi.info\/file\/2026\/01\/wezareta-navxwe-a-suriye.jpg\" \/>\n\t<meta property=\"og:image:width\" content=\"900\" \/>\n\t<meta property=\"og:image:height\" content=\"497\" \/>\n\t<meta property=\"og:image:type\" content=\"image\/jpeg\" \/>\n<meta name=\"author\" content=\"darka mazi\" \/>\n<meta name=\"twitter:card\" content=\"summary_large_image\" \/>\n<meta name=\"twitter:creator\" content=\"@DarkaMaziLatini\" \/>\n<meta name=\"twitter:site\" content=\"@DarkaMaziLatini\" \/>\n<meta name=\"twitter:label1\" content=\"Written by\" \/>\n\t<meta name=\"twitter:data1\" content=\"darka mazi\" \/>\n\t<meta name=\"twitter:label2\" content=\"Est. reading time\" \/>\n\t<meta name=\"twitter:data2\" content=\"2 minutes\" \/>\n<script type=\"application\/ld+json\" class=\"seo-schema-graph\">{\"@context\":\"https:\\\/\\\/schema.org\",\"@graph\":[{\"@type\":\"Article\",\"@id\":\"https:\\\/\\\/darkamazi.info\\\/archives\\\/1051578#article\",\"isPartOf\":{\"@id\":\"https:\\\/\\\/darkamazi.info\\\/archives\\\/1051578\"},\"author\":{\"name\":\"darka mazi\",\"@id\":\"https:\\\/\\\/darkamazi.info\\\/#\\\/schema\\\/person\\\/5ad3e24553a0567993fa8ed4bd0a776c\"},\"headline\":\"Wezareta Navxwe ya S\u00fbriyey\u00ea: Nasname bi tevaya Kurd\u00ean S\u00fbriyey\u00ea t\u00ea dan\",\"datePublished\":\"2026-01-28T16:53:13+00:00\",\"mainEntityOfPage\":{\"@id\":\"https:\\\/\\\/darkamazi.info\\\/archives\\\/1051578\"},\"wordCount\":399,\"publisher\":{\"@id\":\"https:\\\/\\\/darkamazi.info\\\/#organization\"},\"image\":{\"@id\":\"https:\\\/\\\/darkamazi.info\\\/archives\\\/1051578#primaryimage\"},\"thumbnailUrl\":\"https:\\\/\\\/darkamazi.info\\\/darka-content\\\/uploads\\\/2026\\\/01\\\/wezareta-navxwe-a-suriye.jpg\",\"keywords\":[\"sereke\"],\"articleSection\":[\"Kurdistan\"],\"inLanguage\":\"en-US\"},{\"@type\":\"WebPage\",\"@id\":\"https:\\\/\\\/darkamazi.info\\\/archives\\\/1051578\",\"url\":\"https:\\\/\\\/darkamazi.info\\\/archives\\\/1051578\",\"name\":\"Wezareta Navxwe ya S\u00fbriyey\u00ea: Nasname bi tevaya Kurd\u00ean S\u00fbriyey\u00ea t\u00ea dan - Darka Maz\u00ee\",\"isPartOf\":{\"@id\":\"https:\\\/\\\/darkamazi.info\\\/#website\"},\"primaryImageOfPage\":{\"@id\":\"https:\\\/\\\/darkamazi.info\\\/archives\\\/1051578#primaryimage\"},\"image\":{\"@id\":\"https:\\\/\\\/darkamazi.info\\\/archives\\\/1051578#primaryimage\"},\"thumbnailUrl\":\"https:\\\/\\\/darkamazi.info\\\/darka-content\\\/uploads\\\/2026\\\/01\\\/wezareta-navxwe-a-suriye.jpg\",\"datePublished\":\"2026-01-28T16:53:13+00:00\",\"breadcrumb\":{\"@id\":\"https:\\\/\\\/darkamazi.info\\\/archives\\\/1051578#breadcrumb\"},\"inLanguage\":\"en-US\",\"potentialAction\":[{\"@type\":\"ReadAction\",\"target\":[\"https:\\\/\\\/darkamazi.info\\\/archives\\\/1051578\"]}]},{\"@type\":\"ImageObject\",\"inLanguage\":\"en-US\",\"@id\":\"https:\\\/\\\/darkamazi.info\\\/archives\\\/1051578#primaryimage\",\"url\":\"https:\\\/\\\/darkamazi.info\\\/darka-content\\\/uploads\\\/2026\\\/01\\\/wezareta-navxwe-a-suriye.jpg\",\"contentUrl\":\"https:\\\/\\\/darkamazi.info\\\/darka-content\\\/uploads\\\/2026\\\/01\\\/wezareta-navxwe-a-suriye.jpg\",\"width\":900,\"height\":497,\"caption\":\"Wezareta Navxwe ya S\u00fbriyey\u00ea: Nasname bi tevaya Kurd\u00ean S\u00fbriyey\u00ea t\u00ea dan\"},{\"@type\":\"BreadcrumbList\",\"@id\":\"https:\\\/\\\/darkamazi.info\\\/archives\\\/1051578#breadcrumb\",\"itemListElement\":[{\"@type\":\"ListItem\",\"position\":1,\"name\":\"Home\",\"item\":\"https:\\\/\\\/darkamazi.info\\\/\"},{\"@type\":\"ListItem\",\"position\":2,\"name\":\"Wezareta Navxwe ya S\u00fbriyey\u00ea: Nasname bi tevaya Kurd\u00ean S\u00fbriyey\u00ea t\u00ea dan\"}]},{\"@type\":\"WebSite\",\"@id\":\"https:\\\/\\\/darkamazi.info\\\/#website\",\"url\":\"https:\\\/\\\/darkamazi.info\\\/\",\"name\":\"Darka Maz\u00ee\",\"description\":\"P\u00eageha Zanyariy\u00ean Nebih\u00eest\u00ee\",\"publisher\":{\"@id\":\"https:\\\/\\\/darkamazi.info\\\/#organization\"},\"potentialAction\":[{\"@type\":\"SearchAction\",\"target\":{\"@type\":\"EntryPoint\",\"urlTemplate\":\"https:\\\/\\\/darkamazi.info\\\/?s={search_term_string}\"},\"query-input\":{\"@type\":\"PropertyValueSpecification\",\"valueRequired\":true,\"valueName\":\"search_term_string\"}}],\"inLanguage\":\"en-US\"},{\"@type\":\"Organization\",\"@id\":\"https:\\\/\\\/darkamazi.info\\\/#organization\",\"name\":\"Darka Maz\u00ee\",\"url\":\"https:\\\/\\\/darkamazi.info\\\/\",\"logo\":{\"@type\":\"ImageObject\",\"inLanguage\":\"en-US\",\"@id\":\"https:\\\/\\\/darkamazi.info\\\/#\\\/schema\\\/logo\\\/image\\\/\",\"url\":\"https:\\\/\\\/darkamazi.info\\\/darka-content\\\/uploads\\\/2017\\\/12\\\/darka-mazi-logo.png\",\"contentUrl\":\"https:\\\/\\\/darkamazi.info\\\/darka-content\\\/uploads\\\/2017\\\/12\\\/darka-mazi-logo.png\",\"width\":151,\"height\":75,\"caption\":\"Darka Maz\u00ee\"},\"image\":{\"@id\":\"https:\\\/\\\/darkamazi.info\\\/#\\\/schema\\\/logo\\\/image\\\/\"},\"sameAs\":[\"https:\\\/\\\/www.facebook.com\\\/DarMaziKurmanci\",\"https:\\\/\\\/x.com\\\/DarkaMaziLatini\",\"https:\\\/\\\/www.instagram.com\\\/darkamazi.kurmanci\\\/\",\"https:\\\/\\\/www.youtube.com\\\/channel\\\/UCa5HkTdmI8U1qCUFuTw8B2g\"]},{\"@type\":\"Person\",\"@id\":\"https:\\\/\\\/darkamazi.info\\\/#\\\/schema\\\/person\\\/5ad3e24553a0567993fa8ed4bd0a776c\",\"name\":\"darka mazi\",\"sameAs\":[\"https:\\\/\\\/darkamazi.info\\\/\"],\"url\":\"https:\\\/\\\/darkamazi.info\\\/archives\\\/author\\\/kurdi\"}]}<\/script>\n<!-- \/ Yoast SEO plugin. -->","seo_head_json":{"title":"Wezareta Navxwe ya S\u00fbriyey\u00ea: Nasname bi tevaya Kurd\u00ean S\u00fbriyey\u00ea t\u00ea dan - Darka Maz\u00ee","robots":{"index":"index","follow":"follow","max-snippet":"max-snippet:-1","max-image-preview":"max-image-preview:large","max-video-preview":"max-video-preview:-1"},"canonical":"https:\/\/darkamazi.info\/archives\/1051578","og_locale":"en_US","og_type":"article","og_title":"Wezareta Navxwe ya S\u00fbriyey\u00ea: Nasname bi tevaya Kurd\u00ean S\u00fbriyey\u00ea t\u00ea dan - Darka Maz\u00ee","og_description":"Wez\u00eer\u00ea Navxwe y\u00ea S\u00fbriyey\u00ea di niv\u00eesareka lezg\u00een de, ku ji Bir\u00eavebiriya Gi\u015ft\u00ee ya Kar\u00fbbar\u00ean Siv\u00eelan re \u015fandiye, biryara bicihan\u00eena biryarnameya hejmar 13 a \u00c7ileya \u00eesal derxist, ku li gor\u00ee w\u00ea hem\u00ee bermahiy\u00ean serjim\u00eariya sala 1962\u00ea d\u00ea b\u00ean hilwe\u015fandin \u00fb nasname d\u00ea bi welatiy\u00ean Kurd \u00ean \u015f\u00eaniy\u00ean S\u00fbriyey\u00ea b\u00ea dan. Wezareta Navxwe ya S\u00fbriyey\u00ea \u00eero (\u00c7ar\u015fem, [&hellip;]","og_url":"https:\/\/darkamazi.info\/archives\/1051578","og_site_name":"Darka Maz\u00ee","article_publisher":"https:\/\/www.facebook.com\/DarMaziKurmanci","article_published_time":"2026-01-28T16:53:13+00:00","og_image":[{"width":900,"height":497,"url":"https:\/\/darkamazi.info\/file\/2026\/01\/wezareta-navxwe-a-suriye.jpg","type":"image\/jpeg"}],"author":"darka mazi","twitter_card":"summary_large_image","twitter_creator":"@DarkaMaziLatini","twitter_site":"@DarkaMaziLatini","twitter_misc":{"Written by":"darka mazi","Est. reading time":"2 minutes"},"schema":{"@context":"https:\/\/schema.org","@graph":[{"@type":"Article","@id":"https:\/\/darkamazi.info\/archives\/1051578#article","isPartOf":{"@id":"https:\/\/darkamazi.info\/archives\/1051578"},"author":{"name":"darka mazi","@id":"https:\/\/darkamazi.info\/#\/schema\/person\/5ad3e24553a0567993fa8ed4bd0a776c"},"headline":"Wezareta Navxwe ya S\u00fbriyey\u00ea: Nasname bi tevaya Kurd\u00ean S\u00fbriyey\u00ea t\u00ea dan","datePublished":"2026-01-28T16:53:13+00:00","mainEntityOfPage":{"@id":"https:\/\/darkamazi.info\/archives\/1051578"},"wordCount":399,"publisher":{"@id":"https:\/\/darkamazi.info\/#organization"},"image":{"@id":"https:\/\/darkamazi.info\/archives\/1051578#primaryimage"},"thumbnailUrl":"https:\/\/darkamazi.info\/file\/2026\/01\/wezareta-navxwe-a-suriye.jpg","keywords":["sereke"],"articleSection":["Kurdistan"],"inLanguage":"en-US"},{"@type":"WebPage","@id":"https:\/\/darkamazi.info\/archives\/1051578","url":"https:\/\/darkamazi.info\/archives\/1051578","name":"Wezareta Navxwe ya S\u00fbriyey\u00ea: Nasname bi tevaya Kurd\u00ean S\u00fbriyey\u00ea t\u00ea dan - Darka Maz\u00ee","isPartOf":{"@id":"https:\/\/darkamazi.info\/#website"},"primaryImageOfPage":{"@id":"https:\/\/darkamazi.info\/archives\/1051578#primaryimage"},"image":{"@id":"https:\/\/darkamazi.info\/archives\/1051578#primaryimage"},"thumbnailUrl":"https:\/\/darkamazi.info\/file\/2026\/01\/wezareta-navxwe-a-suriye.jpg","datePublished":"2026-01-28T16:53:13+00:00","breadcrumb":{"@id":"https:\/\/darkamazi.info\/archives\/1051578#breadcrumb"},"inLanguage":"en-US","potentialAction":[{"@type":"ReadAction","target":["https:\/\/darkamazi.info\/archives\/1051578"]}]},{"@type":"ImageObject","inLanguage":"en-US","@id":"https:\/\/darkamazi.info\/archives\/1051578#primaryimage","url":"https:\/\/darkamazi.info\/file\/2026\/01\/wezareta-navxwe-a-suriye.jpg","contentUrl":"https:\/\/darkamazi.info\/file\/2026\/01\/wezareta-navxwe-a-suriye.jpg","width":900,"height":497,"caption":"Wezareta Navxwe ya S\u00fbriyey\u00ea: Nasname bi tevaya Kurd\u00ean S\u00fbriyey\u00ea t\u00ea dan"},{"@type":"BreadcrumbList","@id":"https:\/\/darkamazi.info\/archives\/1051578#breadcrumb","itemListElement":[{"@type":"ListItem","position":1,"name":"Home","item":"https:\/\/darkamazi.info\/"},{"@type":"ListItem","position":2,"name":"Wezareta Navxwe ya S\u00fbriyey\u00ea: Nasname bi tevaya Kurd\u00ean S\u00fbriyey\u00ea t\u00ea dan"}]},{"@type":"WebSite","@id":"https:\/\/darkamazi.info\/#website","url":"https:\/\/darkamazi.info\/","name":"Darka Maz\u00ee","description":"P\u00eageha Zanyariy\u00ean Nebih\u00eest\u00ee","publisher":{"@id":"https:\/\/darkamazi.info\/#organization"},"potentialAction":[{"@type":"SearchAction","target":{"@type":"EntryPoint","urlTemplate":"https:\/\/darkamazi.info\/?s={search_term_string}"},"query-input":{"@type":"PropertyValueSpecification","valueRequired":true,"valueName":"search_term_string"}}],"inLanguage":"en-US"},{"@type":"Organization","@id":"https:\/\/darkamazi.info\/#organization","name":"Darka Maz\u00ee","url":"https:\/\/darkamazi.info\/","logo":{"@type":"ImageObject","inLanguage":"en-US","@id":"https:\/\/darkamazi.info\/#\/schema\/logo\/image\/","url":"https:\/\/darkamazi.info\/file\/2017\/12\/darka-mazi-logo.png","contentUrl":"https:\/\/darkamazi.info\/file\/2017\/12\/darka-mazi-logo.png","width":151,"height":75,"caption":"Darka Maz\u00ee"},"image":{"@id":"https:\/\/darkamazi.info\/#\/schema\/logo\/image\/"},"sameAs":["https:\/\/www.facebook.com\/DarMaziKurmanci","https:\/\/x.com\/DarkaMaziLatini","https:\/\/www.instagram.com\/darkamazi.kurmanci\/","https:\/\/www.youtube.com\/channel\/UCa5HkTdmI8U1qCUFuTw8B2g"]},{"@type":"Person","@id":"https:\/\/darkamazi.info\/#\/schema\/person\/5ad3e24553a0567993fa8ed4bd0a776c","name":"darka mazi","sameAs":["https:\/\/darkamazi.info\/"],"url":"https:\/\/darkamazi.info\/archives\/author\/kurdi"}]}},"_links":{"self":[{"href":"https:\/\/darkamazi.info\/funavuv\/wp\/v2\/posts\/1051578","targetHints":{"allow":["GET"]}}],"collection":[{"href":"https:\/\/darkamazi.info\/funavuv\/wp\/v2\/posts"}],"about":[{"href":"https:\/\/darkamazi.info\/funavuv\/wp\/v2\/types\/post"}],"author":[{"embeddable":true,"href":"https:\/\/darkamazi.info\/funavuv\/wp\/v2\/users\/2"}],"replies":[{"embeddable":true,"href":"https:\/\/darkamazi.info\/funavuv\/wp\/v2\/comments?post=1051578"}],"version-history":[{"count":0,"href":"https:\/\/darkamazi.info\/funavuv\/wp\/v2\/posts\/1051578\/revisions"}],"wp:featuredmedia":[{"embeddable":true,"href":"https:\/\/darkamazi.info\/funavuv\/wp\/v2\/media\/1051579"}],"wp:attachment":[{"href":"https:\/\/darkamazi.info\/funavuv\/wp\/v2\/media?parent=1051578"}],"wp:term":[{"taxonomy":"category","embeddable":true,"href":"https:\/\/darkamazi.info\/funavuv\/wp\/v2\/categories?post=1051578"},{"taxonomy":"post_tag","embeddable":true,"href":"https:\/\/darkamazi.info\/funavuv\/wp\/v2\/tags?post=1051578"}],"curies":[{"name":"wp","href":"https:\/\/api.w.org\/{rel}","templated":true}]}}