{"id":1051581,"date":"2026-01-28T20:16:31","date_gmt":"2026-01-28T17:16:31","guid":{"rendered":"https:\/\/darkamazi.info\/?p=1051581"},"modified":"2026-01-28T20:25:37","modified_gmt":"2026-01-28T17:25:37","slug":"cima-serok-barzani-gotibu-rojava-rojeke-hun-we-posman-bibin","status":"publish","type":"post","link":"https:\/\/darkamazi.info\/archives\/1051581","title":{"rendered":"\u00c7ima Serok Barzan\u00ee gotib\u00fb Rojava, &#8220;Rojek\u00ea h\u00fbn w\u00ea po\u015fman bibin&#8221;?"},"content":{"rendered":"<h3 style=\"text-align: justify\"><span style=\"font-family: 'arial black', sans-serif\">Di Kan\u00fbna 2015 an de, komeke welatpar\u00eazan li Girk\u00ea Leg\u00ea kom b\u00fbn da ku Roja Ala Kurdistan\u00ea p\u00eeroz bikin \u00fb alayeke Kurdistan\u00ea ya 200 metre daliq\u00eenin. W\u00ea dem\u00ea, h\u00eaz\u00ean gir\u00eaday\u00ee Partiya Yek\u00eetiya Demokrat\u00eek (PYD) r\u00ea li ber \u00e7alakiy\u00ea girtin, bi zexta av\u00ea \u00ear\u00ee\u015f\u00ee al\u00ea kirin. Gel n\u00eaz\u00eek\u00ee saetek\u00ea li ber xwe da da ku ala Kurdistan nekeve xwar\u00ea. Roja din, Serok Barzani daxuyaniyek da \u00fb got, &#8220;Rojek\u00ea h\u00fbn \u00ea po\u015fman bibin.&#8221;<\/span><\/h3>\n<h3 style=\"text-align: justify\">Di Kan\u00fbna 2016 an de, v\u00ea car\u00ea li Am\u00fbd\u00ea, h\u00eaz\u00ean ewlehiy\u00ea y\u00ean Partiya Yek\u00eetiya Demokrat\u00eek PYD \u00ea \u00ear\u00ee\u015f\u00ee xelk\u00ea Am\u00fbd\u00ea kirin \u00fb ala Kurdistan\u00ea \u015fewitandin. W\u00ea dem\u00ea, Serok Barzani hi\u015fyariyek da \u00fb got, &#8220;Ez dixwazim xelk\u00ea Am\u00fbd\u00ea ji v\u00ea yek\u00ea pi\u015ftrast bin: nirx\u00ean ku karameta rast\u00een \u00ea Kurdan tems\u00eel dikin d\u00ea bi ser bikevin. Y\u00ean ku ala Kurdistan\u00ea \u015fewitandin d\u00ea ten\u00ea b\u00fb wan \u015ferm bim\u00eene.&#8221;<\/h3>\n<h3 style=\"text-align: justify\">\u00db ev her du hi\u015fyar\u00ee \u00eero rast derketin.<\/h3>\n<h3 style=\"text-align: justify\">\u00cero, ku \u00ear\u00ee\u015feke mezin a li ser Rojava t\u00ea me\u015fandin de, ten\u00ea ti\u015ft\u00ea ku her kes dikare ji bo parastina Rojava p\u00ea bawer be, nirx\u00ean rast\u00een \u00ean Kurd- Kurdistan\u00ee ne. Ango hi\u015fmendiya Kurd, hi\u015fmendiya Kurdistan\u00eeb\u00fbn\u00ea \u00fb ala Kurdistan\u00ea.<\/h3>\n<h3 style=\"text-align: justify\">Ger \u00e7etey\u00ean gir\u00eaday\u00ee Ehmet \u015eara \u00eero li Qam\u00ee\u015flo an Rimelan\u00ea r\u00fbneni\u015ftibin, ev ji ber ku Kurd wek\u00ee Kurd li ber xwe didin e. \u00cero \u015fervan\u00ean li Rojava ala Kurdistan\u00ea li ser sing\u00ean xwe hildigirin da ku axa ni\u015ftiman bipar\u00eazin. D\u00eesa \u015fervan\u00ean li Hesek\u00ea &#8220;Ey Rakip&#8221; dixw\u00eenin \u00fb ala Ala Reng\u00een bilind dikin. Li Qam\u00ee\u015flo j\u00ee heman bi heman reng\u00ee b\u00fb.<\/h3>\n<h3 style=\"text-align: justify\">Bi salan, ala Kurdistan\u00ea li Rojavay\u00ea Kurdistan\u00ea qedexe b\u00fb, nav\u00ea Rojava hema hema b\u00eaje qedexe b\u00fb, \u00fb gotara Kurd\u00ee j\u00ee qedexe b\u00fb. Nav\u00ea Kurdistan\u00ea di bernameya HSD \u00ea de tune b\u00fb. Li \u015f\u00fbna ala Kurdistan\u00ea, w\u00eaney\u00ean Ocalan hatin bikaran\u00een; li \u015f\u00fbna xwer\u00eaveberiya Kurdan, t\u00eageha b\u00eaq\u00eemet a siyas\u00ee ya &#8220;biratiya gelan&#8221; hat bikaran\u00een; \u00fb li \u015f\u00fbna me\u015fr\u00fbiyeta siyas\u00ee, propaganda \u00fb hemaset hatin dan\u00een. L\u00eabel\u00ea, rast\u00ee bi hewldan\u00ean endezyariy\u00ea y\u00ean wisa xelet-\u00e7wet nay\u00ea guhertin, \u00fb rast\u00ee \u00ea d\u00ea d\u00eesa li we vegere. H\u00eaz\u00ean ser bi \u015eam\u00ea ve \u00fb y\u00ean ku wan te\u015fw\u00eeq dikin, ji ber gotar\u00ean we y\u00ean ekoloj\u00eek, rizgariya zayend\u00ee \u00fb demokrat\u00eek \u00ear\u00ee\u015f nekirin. Wan \u00ear\u00ee\u015f\u00ee nasnameya Rojava kir ji ber ku Rojava Kurd e. \u00db \u00ear\u00ee\u015fek we t\u00fbnd kir b\u00fb ku \u015feref \u00fb r\u00fbmeta Kurdan bi\u015fk\u00eene \u00fb ne\u00e7ar bibin \u00fb xwe tesl\u00eem bikin.<\/h3>\n<h3 style=\"text-align: justify\">Di matemat\u00eeka jiyan\u00ea de formulek heye: \u00car\u00ee\u015f ji ku der\u00ea were, parastin j\u00ee div\u00ea ji w\u00ea der\u00ea b\u00ea kirin. \u00car\u00ee\u015f li dij\u00ee Kurd\u00eetiy\u00ea b\u00fb, \u00fb bersiv j\u00ee bi Kurd\u00eetiy\u00ea hate day\u00een.<\/h3>\n<h3 style=\"text-align: justify\">Kurdan rast\u00ee d\u00eetin: ti\u015ft\u00ea ku d\u00ea me rizgar bike ne \u00eedeoloj\u00ee ne, hi\u015fmendiya Kurdayet\u00ee ye. Ji ber v\u00ea yek\u00ea w\u00eaney\u00ean Ocalan \u00fb ti\u015ft\u00ean bi v\u00ee reng\u00ee qet di me\u015fan de nehatin rakirin. Ala Kurdistan\u00ea li Suruc\u00ea heya Toronto, li Beyr\u00fbt heya Almanya \u00fb Norw\u00eac\u00ea hate bilindkirin.<\/h3>\n<h3 style=\"text-align: justify\">Kurdan dikarin bi sembol, gotar \u00fb nirx\u00ean ku rastiya gel\u00ea Kurd n\u00ee\u015fan didin xwe bipar\u00eazin. Di bin s\u00eebera ala Kurdistan\u00ea Rojava ber xwe dide \u00fb w\u00ea bi serkeve. D\u00eerok\u00ea ev yek n\u00ee\u015fan daye. Y\u00ean ku berevaj\u00ee v\u00ea yek\u00ea dib\u00eajin her n\u00fbke da winda kirine.<\/h3>\n","protected":false},"excerpt":{"rendered":"<p>Di Kan\u00fbna 2015 an de, komeke welatpar\u00eazan li Girk\u00ea Leg\u00ea kom b\u00fbn da ku Roja Ala Kurdistan\u00ea p\u00eeroz bikin \u00fb alayeke Kurdistan\u00ea ya 200 metre daliq\u00eenin. W\u00ea dem\u00ea, h\u00eaz\u00ean gir\u00eaday\u00ee Partiya Yek\u00eetiya Demokrat\u00eek (PYD) r\u00ea li ber \u00e7alakiy\u00ea girtin, bi zexta av\u00ea \u00ear\u00ee\u015f\u00ee al\u00ea kirin. Gel n\u00eaz\u00eek\u00ee saetek\u00ea li ber xwe da da ku ala [&hellip;]<\/p>\n","protected":false},"author":2,"featured_media":1051582,"comment_status":"closed","ping_status":"closed","sticky":false,"template":"","format":"standard","meta":{"footnotes":""},"categories":[68],"tags":[37],"class_list":["post-1051581","post","type-post","status-publish","format-standard","has-post-thumbnail","hentry","category-analiz","tag-sereke"],"blocksy_meta":[],"seo_head":"<!-- This site is optimized with the Yoast SEO plugin v27.5 - https:\/\/yoast.com\/product\/yoast-seo-wordpress\/ -->\n<title>\u00c7ima Serok Barzan\u00ee gotib\u00fb Rojava, &quot;Rojek\u00ea h\u00fbn w\u00ea po\u015fman bibin&quot;? - Darka Maz\u00ee<\/title>\n<meta name=\"robots\" content=\"index, follow, max-snippet:-1, max-image-preview:large, max-video-preview:-1\" \/>\n<link rel=\"canonical\" href=\"https:\/\/darkamazi.info\/archives\/1051581\" \/>\n<meta property=\"og:locale\" content=\"en_US\" \/>\n<meta property=\"og:type\" content=\"article\" \/>\n<meta property=\"og:title\" content=\"\u00c7ima Serok Barzan\u00ee gotib\u00fb Rojava, &quot;Rojek\u00ea h\u00fbn w\u00ea po\u015fman bibin&quot;? - Darka Maz\u00ee\" \/>\n<meta property=\"og:description\" content=\"Di Kan\u00fbna 2015 an de, komeke welatpar\u00eazan li Girk\u00ea Leg\u00ea kom b\u00fbn da ku Roja Ala Kurdistan\u00ea p\u00eeroz bikin \u00fb alayeke Kurdistan\u00ea ya 200 metre daliq\u00eenin. W\u00ea dem\u00ea, h\u00eaz\u00ean gir\u00eaday\u00ee Partiya Yek\u00eetiya Demokrat\u00eek (PYD) r\u00ea li ber \u00e7alakiy\u00ea girtin, bi zexta av\u00ea \u00ear\u00ee\u015f\u00ee al\u00ea kirin. Gel n\u00eaz\u00eek\u00ee saetek\u00ea li ber xwe da da ku ala [&hellip;]\" \/>\n<meta property=\"og:url\" content=\"https:\/\/darkamazi.info\/archives\/1051581\" \/>\n<meta property=\"og:site_name\" content=\"Darka Maz\u00ee\" \/>\n<meta property=\"article:publisher\" content=\"https:\/\/www.facebook.com\/DarMaziKurmanci\" \/>\n<meta property=\"article:published_time\" content=\"2026-01-28T17:16:31+00:00\" \/>\n<meta property=\"article:modified_time\" content=\"2026-01-28T17:25:37+00:00\" \/>\n<meta property=\"og:image\" content=\"https:\/\/darkamazi.info\/file\/2026\/01\/Masoud-Barzani-Serok-Rojava-Net-768x427-1.jpg\" \/>\n\t<meta property=\"og:image:width\" content=\"768\" \/>\n\t<meta property=\"og:image:height\" content=\"427\" \/>\n\t<meta property=\"og:image:type\" content=\"image\/jpeg\" \/>\n<meta name=\"author\" content=\"darka mazi\" \/>\n<meta name=\"twitter:card\" content=\"summary_large_image\" \/>\n<meta name=\"twitter:creator\" content=\"@DarkaMaziLatini\" \/>\n<meta name=\"twitter:site\" content=\"@DarkaMaziLatini\" \/>\n<meta name=\"twitter:label1\" content=\"Written by\" \/>\n\t<meta name=\"twitter:data1\" content=\"darka mazi\" \/>\n\t<meta name=\"twitter:label2\" content=\"Est. reading time\" \/>\n\t<meta name=\"twitter:data2\" content=\"3 minutes\" \/>\n<script type=\"application\/ld+json\" class=\"seo-schema-graph\">{\"@context\":\"https:\\\/\\\/schema.org\",\"@graph\":[{\"@type\":\"Article\",\"@id\":\"https:\\\/\\\/darkamazi.info\\\/archives\\\/1051581#article\",\"isPartOf\":{\"@id\":\"https:\\\/\\\/darkamazi.info\\\/archives\\\/1051581\"},\"author\":{\"name\":\"darka mazi\",\"@id\":\"https:\\\/\\\/darkamazi.info\\\/#\\\/schema\\\/person\\\/5ad3e24553a0567993fa8ed4bd0a776c\"},\"headline\":\"\u00c7ima Serok Barzan\u00ee gotib\u00fb Rojava, &#8220;Rojek\u00ea h\u00fbn w\u00ea po\u015fman bibin&#8221;?\",\"datePublished\":\"2026-01-28T17:16:31+00:00\",\"dateModified\":\"2026-01-28T17:25:37+00:00\",\"mainEntityOfPage\":{\"@id\":\"https:\\\/\\\/darkamazi.info\\\/archives\\\/1051581\"},\"wordCount\":588,\"publisher\":{\"@id\":\"https:\\\/\\\/darkamazi.info\\\/#organization\"},\"image\":{\"@id\":\"https:\\\/\\\/darkamazi.info\\\/archives\\\/1051581#primaryimage\"},\"thumbnailUrl\":\"https:\\\/\\\/darkamazi.info\\\/darka-content\\\/uploads\\\/2026\\\/01\\\/Masoud-Barzani-Serok-Rojava-Net-768x427-1.jpg\",\"keywords\":[\"sereke\"],\"articleSection\":[\"Anal\u00eez\"],\"inLanguage\":\"en-US\"},{\"@type\":\"WebPage\",\"@id\":\"https:\\\/\\\/darkamazi.info\\\/archives\\\/1051581\",\"url\":\"https:\\\/\\\/darkamazi.info\\\/archives\\\/1051581\",\"name\":\"\u00c7ima Serok Barzan\u00ee gotib\u00fb Rojava, \\\"Rojek\u00ea h\u00fbn w\u00ea po\u015fman bibin\\\"? - Darka Maz\u00ee\",\"isPartOf\":{\"@id\":\"https:\\\/\\\/darkamazi.info\\\/#website\"},\"primaryImageOfPage\":{\"@id\":\"https:\\\/\\\/darkamazi.info\\\/archives\\\/1051581#primaryimage\"},\"image\":{\"@id\":\"https:\\\/\\\/darkamazi.info\\\/archives\\\/1051581#primaryimage\"},\"thumbnailUrl\":\"https:\\\/\\\/darkamazi.info\\\/darka-content\\\/uploads\\\/2026\\\/01\\\/Masoud-Barzani-Serok-Rojava-Net-768x427-1.jpg\",\"datePublished\":\"2026-01-28T17:16:31+00:00\",\"dateModified\":\"2026-01-28T17:25:37+00:00\",\"breadcrumb\":{\"@id\":\"https:\\\/\\\/darkamazi.info\\\/archives\\\/1051581#breadcrumb\"},\"inLanguage\":\"en-US\",\"potentialAction\":[{\"@type\":\"ReadAction\",\"target\":[\"https:\\\/\\\/darkamazi.info\\\/archives\\\/1051581\"]}]},{\"@type\":\"ImageObject\",\"inLanguage\":\"en-US\",\"@id\":\"https:\\\/\\\/darkamazi.info\\\/archives\\\/1051581#primaryimage\",\"url\":\"https:\\\/\\\/darkamazi.info\\\/darka-content\\\/uploads\\\/2026\\\/01\\\/Masoud-Barzani-Serok-Rojava-Net-768x427-1.jpg\",\"contentUrl\":\"https:\\\/\\\/darkamazi.info\\\/darka-content\\\/uploads\\\/2026\\\/01\\\/Masoud-Barzani-Serok-Rojava-Net-768x427-1.jpg\",\"width\":768,\"height\":427,\"caption\":\"\u00c7ima Serok Barzan\u00ee gotib\u00fb Rojava, \\\"Rojek\u00ea h\u00fbn w\u00ea po\u015fman bibin\\\"?\"},{\"@type\":\"BreadcrumbList\",\"@id\":\"https:\\\/\\\/darkamazi.info\\\/archives\\\/1051581#breadcrumb\",\"itemListElement\":[{\"@type\":\"ListItem\",\"position\":1,\"name\":\"Home\",\"item\":\"https:\\\/\\\/darkamazi.info\\\/\"},{\"@type\":\"ListItem\",\"position\":2,\"name\":\"\u00c7ima Serok Barzan\u00ee gotib\u00fb Rojava, &#8220;Rojek\u00ea h\u00fbn w\u00ea po\u015fman bibin&#8221;?\"}]},{\"@type\":\"WebSite\",\"@id\":\"https:\\\/\\\/darkamazi.info\\\/#website\",\"url\":\"https:\\\/\\\/darkamazi.info\\\/\",\"name\":\"Darka Maz\u00ee\",\"description\":\"P\u00eageha Zanyariy\u00ean Nebih\u00eest\u00ee\",\"publisher\":{\"@id\":\"https:\\\/\\\/darkamazi.info\\\/#organization\"},\"potentialAction\":[{\"@type\":\"SearchAction\",\"target\":{\"@type\":\"EntryPoint\",\"urlTemplate\":\"https:\\\/\\\/darkamazi.info\\\/?s={search_term_string}\"},\"query-input\":{\"@type\":\"PropertyValueSpecification\",\"valueRequired\":true,\"valueName\":\"search_term_string\"}}],\"inLanguage\":\"en-US\"},{\"@type\":\"Organization\",\"@id\":\"https:\\\/\\\/darkamazi.info\\\/#organization\",\"name\":\"Darka Maz\u00ee\",\"url\":\"https:\\\/\\\/darkamazi.info\\\/\",\"logo\":{\"@type\":\"ImageObject\",\"inLanguage\":\"en-US\",\"@id\":\"https:\\\/\\\/darkamazi.info\\\/#\\\/schema\\\/logo\\\/image\\\/\",\"url\":\"https:\\\/\\\/darkamazi.info\\\/darka-content\\\/uploads\\\/2017\\\/12\\\/darka-mazi-logo.png\",\"contentUrl\":\"https:\\\/\\\/darkamazi.info\\\/darka-content\\\/uploads\\\/2017\\\/12\\\/darka-mazi-logo.png\",\"width\":151,\"height\":75,\"caption\":\"Darka Maz\u00ee\"},\"image\":{\"@id\":\"https:\\\/\\\/darkamazi.info\\\/#\\\/schema\\\/logo\\\/image\\\/\"},\"sameAs\":[\"https:\\\/\\\/www.facebook.com\\\/DarMaziKurmanci\",\"https:\\\/\\\/x.com\\\/DarkaMaziLatini\",\"https:\\\/\\\/www.instagram.com\\\/darkamazi.kurmanci\\\/\",\"https:\\\/\\\/www.youtube.com\\\/channel\\\/UCa5HkTdmI8U1qCUFuTw8B2g\"]},{\"@type\":\"Person\",\"@id\":\"https:\\\/\\\/darkamazi.info\\\/#\\\/schema\\\/person\\\/5ad3e24553a0567993fa8ed4bd0a776c\",\"name\":\"darka mazi\",\"sameAs\":[\"https:\\\/\\\/darkamazi.info\\\/\"],\"url\":\"https:\\\/\\\/darkamazi.info\\\/archives\\\/author\\\/kurdi\"}]}<\/script>\n<!-- \/ Yoast SEO plugin. -->","seo_head_json":{"title":"\u00c7ima Serok Barzan\u00ee gotib\u00fb Rojava, \"Rojek\u00ea h\u00fbn w\u00ea po\u015fman bibin\"? - Darka Maz\u00ee","robots":{"index":"index","follow":"follow","max-snippet":"max-snippet:-1","max-image-preview":"max-image-preview:large","max-video-preview":"max-video-preview:-1"},"canonical":"https:\/\/darkamazi.info\/archives\/1051581","og_locale":"en_US","og_type":"article","og_title":"\u00c7ima Serok Barzan\u00ee gotib\u00fb Rojava, \"Rojek\u00ea h\u00fbn w\u00ea po\u015fman bibin\"? - Darka Maz\u00ee","og_description":"Di Kan\u00fbna 2015 an de, komeke welatpar\u00eazan li Girk\u00ea Leg\u00ea kom b\u00fbn da ku Roja Ala Kurdistan\u00ea p\u00eeroz bikin \u00fb alayeke Kurdistan\u00ea ya 200 metre daliq\u00eenin. W\u00ea dem\u00ea, h\u00eaz\u00ean gir\u00eaday\u00ee Partiya Yek\u00eetiya Demokrat\u00eek (PYD) r\u00ea li ber \u00e7alakiy\u00ea girtin, bi zexta av\u00ea \u00ear\u00ee\u015f\u00ee al\u00ea kirin. Gel n\u00eaz\u00eek\u00ee saetek\u00ea li ber xwe da da ku ala [&hellip;]","og_url":"https:\/\/darkamazi.info\/archives\/1051581","og_site_name":"Darka Maz\u00ee","article_publisher":"https:\/\/www.facebook.com\/DarMaziKurmanci","article_published_time":"2026-01-28T17:16:31+00:00","article_modified_time":"2026-01-28T17:25:37+00:00","og_image":[{"width":768,"height":427,"url":"https:\/\/darkamazi.info\/file\/2026\/01\/Masoud-Barzani-Serok-Rojava-Net-768x427-1.jpg","type":"image\/jpeg"}],"author":"darka mazi","twitter_card":"summary_large_image","twitter_creator":"@DarkaMaziLatini","twitter_site":"@DarkaMaziLatini","twitter_misc":{"Written by":"darka mazi","Est. reading time":"3 minutes"},"schema":{"@context":"https:\/\/schema.org","@graph":[{"@type":"Article","@id":"https:\/\/darkamazi.info\/archives\/1051581#article","isPartOf":{"@id":"https:\/\/darkamazi.info\/archives\/1051581"},"author":{"name":"darka mazi","@id":"https:\/\/darkamazi.info\/#\/schema\/person\/5ad3e24553a0567993fa8ed4bd0a776c"},"headline":"\u00c7ima Serok Barzan\u00ee gotib\u00fb Rojava, &#8220;Rojek\u00ea h\u00fbn w\u00ea po\u015fman bibin&#8221;?","datePublished":"2026-01-28T17:16:31+00:00","dateModified":"2026-01-28T17:25:37+00:00","mainEntityOfPage":{"@id":"https:\/\/darkamazi.info\/archives\/1051581"},"wordCount":588,"publisher":{"@id":"https:\/\/darkamazi.info\/#organization"},"image":{"@id":"https:\/\/darkamazi.info\/archives\/1051581#primaryimage"},"thumbnailUrl":"https:\/\/darkamazi.info\/file\/2026\/01\/Masoud-Barzani-Serok-Rojava-Net-768x427-1.jpg","keywords":["sereke"],"articleSection":["Anal\u00eez"],"inLanguage":"en-US"},{"@type":"WebPage","@id":"https:\/\/darkamazi.info\/archives\/1051581","url":"https:\/\/darkamazi.info\/archives\/1051581","name":"\u00c7ima Serok Barzan\u00ee gotib\u00fb Rojava, \"Rojek\u00ea h\u00fbn w\u00ea po\u015fman bibin\"? - Darka Maz\u00ee","isPartOf":{"@id":"https:\/\/darkamazi.info\/#website"},"primaryImageOfPage":{"@id":"https:\/\/darkamazi.info\/archives\/1051581#primaryimage"},"image":{"@id":"https:\/\/darkamazi.info\/archives\/1051581#primaryimage"},"thumbnailUrl":"https:\/\/darkamazi.info\/file\/2026\/01\/Masoud-Barzani-Serok-Rojava-Net-768x427-1.jpg","datePublished":"2026-01-28T17:16:31+00:00","dateModified":"2026-01-28T17:25:37+00:00","breadcrumb":{"@id":"https:\/\/darkamazi.info\/archives\/1051581#breadcrumb"},"inLanguage":"en-US","potentialAction":[{"@type":"ReadAction","target":["https:\/\/darkamazi.info\/archives\/1051581"]}]},{"@type":"ImageObject","inLanguage":"en-US","@id":"https:\/\/darkamazi.info\/archives\/1051581#primaryimage","url":"https:\/\/darkamazi.info\/file\/2026\/01\/Masoud-Barzani-Serok-Rojava-Net-768x427-1.jpg","contentUrl":"https:\/\/darkamazi.info\/file\/2026\/01\/Masoud-Barzani-Serok-Rojava-Net-768x427-1.jpg","width":768,"height":427,"caption":"\u00c7ima Serok Barzan\u00ee gotib\u00fb Rojava, \"Rojek\u00ea h\u00fbn w\u00ea po\u015fman bibin\"?"},{"@type":"BreadcrumbList","@id":"https:\/\/darkamazi.info\/archives\/1051581#breadcrumb","itemListElement":[{"@type":"ListItem","position":1,"name":"Home","item":"https:\/\/darkamazi.info\/"},{"@type":"ListItem","position":2,"name":"\u00c7ima Serok Barzan\u00ee gotib\u00fb Rojava, &#8220;Rojek\u00ea h\u00fbn w\u00ea po\u015fman bibin&#8221;?"}]},{"@type":"WebSite","@id":"https:\/\/darkamazi.info\/#website","url":"https:\/\/darkamazi.info\/","name":"Darka Maz\u00ee","description":"P\u00eageha Zanyariy\u00ean Nebih\u00eest\u00ee","publisher":{"@id":"https:\/\/darkamazi.info\/#organization"},"potentialAction":[{"@type":"SearchAction","target":{"@type":"EntryPoint","urlTemplate":"https:\/\/darkamazi.info\/?s={search_term_string}"},"query-input":{"@type":"PropertyValueSpecification","valueRequired":true,"valueName":"search_term_string"}}],"inLanguage":"en-US"},{"@type":"Organization","@id":"https:\/\/darkamazi.info\/#organization","name":"Darka Maz\u00ee","url":"https:\/\/darkamazi.info\/","logo":{"@type":"ImageObject","inLanguage":"en-US","@id":"https:\/\/darkamazi.info\/#\/schema\/logo\/image\/","url":"https:\/\/darkamazi.info\/file\/2017\/12\/darka-mazi-logo.png","contentUrl":"https:\/\/darkamazi.info\/file\/2017\/12\/darka-mazi-logo.png","width":151,"height":75,"caption":"Darka Maz\u00ee"},"image":{"@id":"https:\/\/darkamazi.info\/#\/schema\/logo\/image\/"},"sameAs":["https:\/\/www.facebook.com\/DarMaziKurmanci","https:\/\/x.com\/DarkaMaziLatini","https:\/\/www.instagram.com\/darkamazi.kurmanci\/","https:\/\/www.youtube.com\/channel\/UCa5HkTdmI8U1qCUFuTw8B2g"]},{"@type":"Person","@id":"https:\/\/darkamazi.info\/#\/schema\/person\/5ad3e24553a0567993fa8ed4bd0a776c","name":"darka mazi","sameAs":["https:\/\/darkamazi.info\/"],"url":"https:\/\/darkamazi.info\/archives\/author\/kurdi"}]}},"_links":{"self":[{"href":"https:\/\/darkamazi.info\/funavuv\/wp\/v2\/posts\/1051581","targetHints":{"allow":["GET"]}}],"collection":[{"href":"https:\/\/darkamazi.info\/funavuv\/wp\/v2\/posts"}],"about":[{"href":"https:\/\/darkamazi.info\/funavuv\/wp\/v2\/types\/post"}],"author":[{"embeddable":true,"href":"https:\/\/darkamazi.info\/funavuv\/wp\/v2\/users\/2"}],"replies":[{"embeddable":true,"href":"https:\/\/darkamazi.info\/funavuv\/wp\/v2\/comments?post=1051581"}],"version-history":[{"count":0,"href":"https:\/\/darkamazi.info\/funavuv\/wp\/v2\/posts\/1051581\/revisions"}],"wp:featuredmedia":[{"embeddable":true,"href":"https:\/\/darkamazi.info\/funavuv\/wp\/v2\/media\/1051582"}],"wp:attachment":[{"href":"https:\/\/darkamazi.info\/funavuv\/wp\/v2\/media?parent=1051581"}],"wp:term":[{"taxonomy":"category","embeddable":true,"href":"https:\/\/darkamazi.info\/funavuv\/wp\/v2\/categories?post=1051581"},{"taxonomy":"post_tag","embeddable":true,"href":"https:\/\/darkamazi.info\/funavuv\/wp\/v2\/tags?post=1051581"}],"curies":[{"name":"wp","href":"https:\/\/api.w.org\/{rel}","templated":true}]}}