{"id":1051878,"date":"2026-02-24T16:50:00","date_gmt":"2026-02-24T13:50:00","guid":{"rendered":"https:\/\/darkamazi.info\/?p=1051878"},"modified":"2026-02-24T16:50:00","modified_gmt":"2026-02-24T13:50:00","slug":"gelo-rapora-ku-ji-aliye-parlamentoya-tirkiye-ve-hatiye-amadekirin-ligel-nerinen-ocalan-guncaw-e","status":"publish","type":"post","link":"https:\/\/darkamazi.info\/archives\/1051878","title":{"rendered":"Gelo rapora ku ji aliy\u00ea Parlamentoya Tirkiy\u00ea ve hatiye amadekirin ligel n\u00ear\u00een\u00ean Ocalan g\u00fbncaw e?"},"content":{"rendered":"<h3 style=\"text-align: justify\"><span style=\"font-family: 'arial black', sans-serif\">&#8220;Kom\u00eesyona Hevgirtina Netewey\u00ee, Birat\u00ee \u00fb Demokrasiy\u00ea, ku di 5 \u00ea Tebaxa 2025 an de hatiye damezrandin, rapora xwe ya daw\u00ee di 19 \u00ea Sibata 2026 an de p\u00ea\u015fk\u00ea\u015f\u00ee raya gi\u015ft\u00ee kir. Di rapor\u00ea de bi giran\u00ee niyeta dewleta Tirk \u00e7i b\u00fb \u00fb xet\u00ean gi\u015ft\u00ee y\u00ean peymana di navbera \u00cemraliy\u00ea \u00fb dewleta Tirk de hatin destn\u00ee\u015fankirin. Di v\u00ee war\u00ee de, rapor n\u00ee\u015fan\u00ee me dide ka d\u00ea di p\u00ea\u015feroj\u00ea de \u00e7i were kirin \u00fb pirsgir\u00eaka Kurd d\u00ea ji bo Tirkiy\u00ea ber bi ku ve bi\u00e7e. Ji ber v\u00ea yek\u00ea, ew raporek ji ya bawerp\u00eakir\u00ee gir\u00eengtir e.<\/span><\/h3>\n<h3 style=\"text-align: justify\">Di rapor\u00ea de div\u00ea hin sernav ji bo \u00e7areseriyek rast\u00een a pirsgir\u00eaka Kurd hebin. Divab\u00fb ev sernav ev b\u00fbna:<\/h3>\n<h3 style=\"text-align: justify\">1- Sedem\u00ean d\u00eerok\u00ee \u00fb y\u00ean serdem\u00ee y\u00ean pirsgir\u00eaka Kurd bihatana diyarkirin. Divaya b\u00fb k\u00eaman\u00ee behsa komkuj\u00ee, valakirina gundan \u00fb neheqiy\u00ean ku di d\u00eeroka Komar\u00ea de ji ber \u00eenkarkirina maf\u00ean wan ji aliy\u00ea dewlet\u00ea ve li ser Kurdan hatine kirin bikira.<\/h3>\n<h3 style=\"text-align: justify\">2- Maf\u00ea xwer\u00eaveberiy\u00ea y\u00ea Kurdan, p\u00eanasey\u00ean wan di dest\u00fbr\u00ea de, maf\u00ean wan \u00ean neteweb\u00fbn\u00ea \u00fb hwd., divab\u00fb bihata n\u00eeqa\u015fkirin.<\/h3>\n<h3 style=\"text-align: justify\">3- Pi\u015ft\u00ee ku ev hem\u00fb p\u00eanase hatin kirin, vegerandina navan cih\u00fbwar\u00ean me Kurdan, valakirina girt\u00eegehan, e\u015fkerekirina c\u00eenayet\u00ean kujer nediyar, darizandina berpirsiyaran \u00fb vegera ger\u00eelayan biryar\u00ean r\u00eakxe\u015fker n\u00eeqa\u015f bikira. Div\u00ea nex\u015fer\u00eayek prat\u00eek\u00ee ji bo vekirina r\u00ea li ber vegera w\u00ee heb\u00fbya. Di dawiy\u00ea de, Ocalan dikarib\u00fb di v\u00ea \u00e7ar\u00e7ovey\u00ea de ji maf\u00ea h\u00eaviy\u00ea s\u00fbd werbigirta.<\/h3>\n<h3 style=\"text-align: justify\">Di bin van s\u00ea sernavan de, heb\u00fbna pirsgir\u00eaka Kurd d\u00ea bihata qeb\u00fblkirin \u00fb \u00e7areseriyek d\u00ea bihata p\u00ea\u015fk\u00ea\u015f kirin. L\u00eabel\u00ea, di rapor\u00ea de nav\u00ea Kurdan cih negirt\u00ee ye. Peyva &#8220;Kurd&#8221; j\u00ee di rapor\u00ea de nay\u00ea behs kirin. Di rastiy\u00ea de rapor \u00eefadey\u00ean nezelal bikar t\u00eene ka \u00e7awa pirsgir\u00eaka PKK \u00ea \u00e7areser dike, ne ku pirsgir\u00eaka Kurd \u00e7areser dike. Bi kurtas\u00ee ku rapora 19 \u00ea Sibat\u00ea dib\u00eaje, &#8220;Li Tirkiyey\u00ea pirsgir\u00eaka Kurd tune ye, pirsgir\u00eaka teror\u00ea heye.&#8221; Wek\u00ee din dib\u00eaje di rastiy\u00ea de li Tirkiyey\u00ea pirsgir\u00eaka Kurd tune ye.<\/h3>\n<h3 style=\"text-align: justify\">Dema ku ji v\u00ea perspekt\u00eef\u00ea rapor\u00ea bin\u00earin, rapor ne wek\u00ee ku \u00e7apemeniya partiya Dem \u00fb PKK diyar kiriye, &#8220;raporek\u00ea de hin k\u00eamas\u00ee d\u00eeyar dibin hewcey\u00ea ba\u015fkirin\u00ea ye.&#8221; Raport bi binyat de xelet e, \u00eenkarkirina Kurdan e. Bi rast\u00ee, em dikarin bib\u00eajin ku ew pir bi zelal\u00ee e\u015fkere dike ku ti\u015ft\u00ea ku j\u00ea re &#8220;Tirkiya b\u00ea teror&#8221; t\u00ea gotin, di rastiy\u00ea de projeyek &#8220;Tirkiya b\u00ea Kurd&#8221; e.<\/h3>\n<h3 style=\"text-align: justify\">Li \u015f\u00fbna azad\u00ee \u00fb wekheviya Kurdan, rojev li ser &#8220;maf\u00ea h\u00eaviy\u00ea&#8221; y\u00ea Ocalan t\u00ea me\u015fandin. Yan\u00ee, hesabdana sedsalek zilm \u00fb zor\u00ea li ser Kurdan \u00fb 20 m\u00eelyon Kurd\u00ean li Bakur\u00ea Kurdistan\u00ea ji bo Ocalan t\u00ean qurban\u00eedan. Ocalan 77 sal\u00ee ye. Ew \u00ea 50 sal\u00ean din nej\u00ee. Gelo Kurd d\u00ea dev ji hem\u00ee maf\u00ean xwe berdin da ku Ocalan ji maf\u00ea h\u00eaviy\u00ea s\u00fbd werbigire, \u00fb d\u00fbv re pi\u015ft\u00ee mirina Ocalan di 4-5 salan de d\u00eesa ji bo maf\u00ean xwe \u015fer bikin? Ev pol\u00eet\u00eekayek dewlet\u00ea ya bi zaneb\u00fbne, pol\u00eet\u00eekayek mi\u015f\u00fblkirin \u00fb tunekirina Kurdan e.<\/h3>\n<h3 style=\"text-align: justify\">Gelo aliy\u00ea Kurd li ser v\u00ea rew\u015f\u00ea \u00e7i dib\u00eaje? Rast\u00ee ev e ku di nav h\u00eaz\u00ean ku p\u00eavajoy\u00ea dime\u015f\u00eenin de n\u00fbner\u00ean Kurd tune ne. Ji ber ku kes li ser nav\u00ea Kurdan daxwazan nake. Kes destkeftiy\u00ean berbi\u00e7av naxwaze. Ji 50 kesan, ten\u00ea 3 kesan rapor red kirin, ku t\u00ea de ti\u015ftek li ser maf\u00ean Kurdan tuneb\u00fb. Ew 3 kes ji r\u00eaxistin\u00ean \u00e7epgir \u00ean Tirk\u00ee b\u00fbn, \u00fb wan diyar kir ku wan ji ber ku rapor\u00ea de &#8220;pirsgir\u00eaka Kurd nehatiye p\u00eanasekirin&#8221; rapor redkrin.<\/h3>\n<h3 style=\"text-align: justify\">L\u00eabel\u00ea, Partiya DEM j\u00ee di w\u00ea kom\u00eesyona ku ev rapor amade kir b\u00fb \u00fb bi hem\u00fb endam\u00ean xwe re denge bel\u00ea da. Pi\u015ftre wan li ser \u00e7end xala neraz\u00eeb\u00fbn d\u00eeyar kirin ew j\u00ee li ser &#8220;nav\u00ea p\u00eavajoy\u00ea, azadiya Ocalan \u00fb\u00a0 sererastkirina dest\u00fbr\u00ee derbar\u00ea ziman&#8221; b\u00fbn.<\/h3>\n<h3 style=\"text-align: justify\">Pi\u015ft\u00ee v\u00ea yek\u00ea, daxuyaniyek ji KCK hat. Hin derdoran daxuyaniya KCK wek\u00ee &#8220;rexney\u00ean tund&#8221; \u015f\u00eerove kirin. L\u00eabel\u00ea, ji KCK j\u00ee rexneyek tund ne b\u00fb. Wan ten\u00ea b\u00ea\u00e7ekkirina ger\u00eelayan \u00fb vegera wan a Tirkiy\u00ea bi \u015fert\u00ea &#8220;vekirina r\u00ea ji bo siyaseta demokrat\u00eek&#8221; ve gir\u00eada.<\/h3>\n<h3 style=\"text-align: justify\">Yan\u00ee, aliy\u00ea qa\u015fo Kurd, KCK \u00fb Partiya DEM, di derbar\u00ea \u00e7\u00eakirina dest\u00fbr\u00ee li Tirkiy\u00ea, naskirina Kurdan wek\u00ee gel, an j\u00ee \u015f\u00eawaz\u00ea xwer\u00eaveberin\u00ea bi tu away\u00ee ti\u015ftek negotin e.<\/h3>\n<h3 style=\"text-align: justify\">Ji xwe ew nikarin ti\u015ftek bib\u00eajin. \u00c7ima? Ji ber ku rapora ku ji h\u00eala kom\u00eesyon\u00ea ve hatiye amadekirin bi rast\u00ee ji h\u00eala Ocalan ve hatiye pejirandin.<\/h3>\n<h3 style=\"text-align: justify\">Ev rapor mehek e t\u00ea niv\u00eesandin \u00fb Partiya DEM \u00ea ji dinava komisyona niv\u00ees\u00eade b\u00fb. Di 16 \u00ea Sibat\u00ea de, Partiya DEM \u00e7\u00fb \u00cemraliy\u00ea \u00fb bi Ocalan re civiya, \u00e7ar\u00e7oveya rapora amadekirin j\u00ee hat got\u00fbb\u00eaj kirin. Li gor\u00ee agahiy\u00ean ku me ji hin \u00e7avkaniy\u00ean PKK \u00ea wergirtine, rapor ber\u00ea ji Ocalan re j\u00ee hatiye \u015fandin. \u00db Ocalan daxwaza pejirandina rapor\u00ea ji wan kiriye\u2026<\/h3>\n<h3 style=\"text-align: justify\">Bi rast\u00ee, rapora Kom\u00eesyon\u00ea ku Kurd \u00eero j\u00ea neraz\u00ee ne, bi tevah\u00ee bi n\u00ear\u00een\u00ean Ocalan p\u00eakt\u00ea. Ji ber ku Ocalan \u00e7i daxwaza maf\u00ean dest\u00fbr\u00ee ji bo Kurdan nake. Ocalan di nameya xwe ya 27 \u00ea Sibat\u00ea de, ku &#8220;daxwaza hilwe\u015fandina PKK \u00ea kiri b\u00fb&#8221; \u00e7i gotiye? &#8220;Dewleteke netewey\u00ee ya cuda, federasyon, xweseriya \u00eedar\u00ee \u00fb \u00e7areseriy\u00ean \u00e7and\u00ee nikarin bersiva sosyolojiya d\u00eerok\u00ee ya civak\u00ea bidin.&#8221;<\/h3>\n<h3 style=\"text-align: justify\">Ocalan daxwaza guhertina s\u00eenoran nake. Ocalan daxwaza xwer\u00eaveberiy\u00ea ji bo Kurdan nake. Ocalan daxwaza naskirina Kurdan wek\u00ee neteweyek di Dest\u00fbra Bingeh\u00een de nake. Ocalan daxwaza qeb\u00fblkirina Kurd\u00ee wek\u00ee zimanek\u00ee ferm\u00ee y\u00ea Tirkiy\u00ea nake.<\/h3>\n<h3 style=\"text-align: justify\">Gelo Ocalan ji bo Kurdan \u00e7i dixwaz dike? Demokras\u00ee\u2026<\/h3>\n<h3 style=\"text-align: justify\">Peyva demokrasiy\u00ea di destp\u00eaka her ti\u015ft\u00ee de dat\u00eenin \u00fb t\u00eageh\u00ean m\u00eena Tirkiyeya demokrat\u00eek, neteweya demokrat\u00eek, yek\u00eetiya demokrat\u00eek, sosyal\u00eezma demokrat\u00eek diafir\u00eenin \u00fb dixwazin ku Kurd van ti\u015ftan bixwazin. Demokras\u00ee wek\u00ee kil\u00eela \u00e7areseriya her ti\u015ft\u00ee t\u00ea p\u00ea\u015fk\u00ea\u015f kirin. Demokras\u00ee wek\u00ee derman\u00ea \u00ea\u015fbir t\u00ea p\u00ea\u015fniyar kirin ku hem\u00ee \u00ea\u015fan derman dike. Ne wisa ye; demokras\u00ee \u015f\u00eawazek\u00ee r\u00eaveber\u00eey\u00ea ye. Demokrasiy\u00ean ba\u015f \u00fb demokrasiy\u00ean xirab hene. Armanca rast\u00een a Kurdan ji bo nasname, maf \u00fb maf\u00ea xwer\u00eaveberiy\u00ea ye. Ev bi p\u00eanaseya dest\u00fbr\u00ee t\u00eane bidestxistin. Heke demokras\u00ee weke \u201c\u00e7\u00fbt\u00ea av\u00ea\u201d ye \u00e7i destkeft\u00ean misoger b\u00fb n\u00eene.<\/h3>\n<h3 style=\"text-align: justify\">Ocalan ji bo Kurdan ti\u015ftek\u00ea daxwaz nake.<\/h3>\n<h3 style=\"text-align: justify\">Ji ber v\u00ea yek\u00ea rapora ku ji h\u00eala Parlamentoy\u00ea ve hat\u00ee amadekirin ji bo Kurdan ti\u015ftek nagire nav xwe.<\/h3>\n<h3 style=\"text-align: justify\">Ji ber v\u00ea yek\u00ea rapora Parlamentoy\u00ea di rastiy\u00ea de rapora Ocalan e. Ew bi tevah\u00ee li gel n\u00ear\u00een\u00ean Ocalan hev dike.<\/h3>\n<h3 style=\"text-align: justify\">Rexney\u00ean ku ji h\u00eala Partiya DEM \u00fb KCK ve tene kirin ne dij\u00ee dewlet\u00ea ne. Ew ji bo r\u00ea li ber rexney\u00ean Kurdan bigirin \u00fb bib\u00eajin &#8220;Bin\u00earin, em j\u00ee rexne dikin, her ti\u015ft d\u00ea \u00e7\u00eatir bibe&#8221; di axivin.<\/h3>\n<h3 style=\"text-align: justify\">Ew p\u00eavajoya ku Bax\u00e7el\u00ee, Ocalan \u00fb Erdogan wek\u00ee \u00e7areser\u00ee bi nav dikin, di rastiy\u00ea de p\u00eavajoyeke ji bo rizandina Kurd\u00ean li Bakur\u00ea Kurdistan\u00ea. Rapora parlementoy\u00ea ev yek bi awayek\u00ee zelal a\u015fekere kir.<\/h3>\n","protected":false},"excerpt":{"rendered":"<p>&#8220;Kom\u00eesyona Hevgirtina Netewey\u00ee, Birat\u00ee \u00fb Demokrasiy\u00ea, ku di 5 \u00ea Tebaxa 2025 an de hatiye damezrandin, rapora xwe ya daw\u00ee di 19 \u00ea Sibata 2026 an de p\u00ea\u015fk\u00ea\u015f\u00ee raya gi\u015ft\u00ee kir. Di rapor\u00ea de bi giran\u00ee niyeta dewleta Tirk \u00e7i b\u00fb \u00fb xet\u00ean gi\u015ft\u00ee y\u00ean peymana di navbera \u00cemraliy\u00ea \u00fb dewleta Tirk de hatin destn\u00ee\u015fankirin. [&hellip;]<\/p>\n","protected":false},"author":2,"featured_media":1051879,"comment_status":"closed","ping_status":"closed","sticky":false,"template":"","format":"standard","meta":{"footnotes":""},"categories":[68],"tags":[37],"class_list":["post-1051878","post","type-post","status-publish","format-standard","has-post-thumbnail","hentry","category-analiz","tag-sereke"],"blocksy_meta":[],"seo_head":"<!-- This site is optimized with the Yoast SEO plugin v27.5 - https:\/\/yoast.com\/product\/yoast-seo-wordpress\/ -->\n<title>Gelo rapora ku ji aliy\u00ea Parlamentoya Tirkiy\u00ea ve hatiye amadekirin ligel n\u00ear\u00een\u00ean Ocalan g\u00fbncaw e? - Darka Maz\u00ee<\/title>\n<meta name=\"robots\" content=\"index, follow, max-snippet:-1, max-image-preview:large, max-video-preview:-1\" \/>\n<link rel=\"canonical\" href=\"https:\/\/darkamazi.info\/archives\/1051878\" \/>\n<meta property=\"og:locale\" content=\"en_US\" \/>\n<meta property=\"og:type\" content=\"article\" \/>\n<meta property=\"og:title\" content=\"Gelo rapora ku ji aliy\u00ea Parlamentoya Tirkiy\u00ea ve hatiye amadekirin ligel n\u00ear\u00een\u00ean Ocalan g\u00fbncaw e? - Darka Maz\u00ee\" \/>\n<meta property=\"og:description\" content=\"&#8220;Kom\u00eesyona Hevgirtina Netewey\u00ee, Birat\u00ee \u00fb Demokrasiy\u00ea, ku di 5 \u00ea Tebaxa 2025 an de hatiye damezrandin, rapora xwe ya daw\u00ee di 19 \u00ea Sibata 2026 an de p\u00ea\u015fk\u00ea\u015f\u00ee raya gi\u015ft\u00ee kir. Di rapor\u00ea de bi giran\u00ee niyeta dewleta Tirk \u00e7i b\u00fb \u00fb xet\u00ean gi\u015ft\u00ee y\u00ean peymana di navbera \u00cemraliy\u00ea \u00fb dewleta Tirk de hatin destn\u00ee\u015fankirin. [&hellip;]\" \/>\n<meta property=\"og:url\" content=\"https:\/\/darkamazi.info\/archives\/1051878\" \/>\n<meta property=\"og:site_name\" content=\"Darka Maz\u00ee\" \/>\n<meta property=\"article:publisher\" content=\"https:\/\/www.facebook.com\/DarMaziKurmanci\" \/>\n<meta property=\"article:published_time\" content=\"2026-02-24T13:50:00+00:00\" \/>\n<meta property=\"og:image\" content=\"https:\/\/darkamazi.info\/file\/2026\/02\/komisyon-ocalan-tirkiye.jpg\" \/>\n\t<meta property=\"og:image:width\" content=\"900\" \/>\n\t<meta property=\"og:image:height\" content=\"497\" \/>\n\t<meta property=\"og:image:type\" content=\"image\/jpeg\" \/>\n<meta name=\"author\" content=\"darka mazi\" \/>\n<meta name=\"twitter:card\" content=\"summary_large_image\" \/>\n<meta name=\"twitter:creator\" content=\"@DarkaMaziLatini\" \/>\n<meta name=\"twitter:site\" content=\"@DarkaMaziLatini\" \/>\n<meta name=\"twitter:label1\" content=\"Written by\" \/>\n\t<meta name=\"twitter:data1\" content=\"darka mazi\" \/>\n\t<meta name=\"twitter:label2\" content=\"Est. reading time\" \/>\n\t<meta name=\"twitter:data2\" content=\"5 minutes\" \/>\n<script type=\"application\/ld+json\" class=\"seo-schema-graph\">{\"@context\":\"https:\\\/\\\/schema.org\",\"@graph\":[{\"@type\":\"Article\",\"@id\":\"https:\\\/\\\/darkamazi.info\\\/archives\\\/1051878#article\",\"isPartOf\":{\"@id\":\"https:\\\/\\\/darkamazi.info\\\/archives\\\/1051878\"},\"author\":{\"name\":\"darka mazi\",\"@id\":\"https:\\\/\\\/darkamazi.info\\\/#\\\/schema\\\/person\\\/5ad3e24553a0567993fa8ed4bd0a776c\"},\"headline\":\"Gelo rapora ku ji aliy\u00ea Parlamentoya Tirkiy\u00ea ve hatiye amadekirin ligel n\u00ear\u00een\u00ean Ocalan g\u00fbncaw e?\",\"datePublished\":\"2026-02-24T13:50:00+00:00\",\"mainEntityOfPage\":{\"@id\":\"https:\\\/\\\/darkamazi.info\\\/archives\\\/1051878\"},\"wordCount\":1239,\"publisher\":{\"@id\":\"https:\\\/\\\/darkamazi.info\\\/#organization\"},\"image\":{\"@id\":\"https:\\\/\\\/darkamazi.info\\\/archives\\\/1051878#primaryimage\"},\"thumbnailUrl\":\"https:\\\/\\\/darkamazi.info\\\/darka-content\\\/uploads\\\/2026\\\/02\\\/komisyon-ocalan-tirkiye.jpg\",\"keywords\":[\"sereke\"],\"articleSection\":[\"Anal\u00eez\"],\"inLanguage\":\"en-US\"},{\"@type\":\"WebPage\",\"@id\":\"https:\\\/\\\/darkamazi.info\\\/archives\\\/1051878\",\"url\":\"https:\\\/\\\/darkamazi.info\\\/archives\\\/1051878\",\"name\":\"Gelo rapora ku ji aliy\u00ea Parlamentoya Tirkiy\u00ea ve hatiye amadekirin ligel n\u00ear\u00een\u00ean Ocalan g\u00fbncaw e? - Darka Maz\u00ee\",\"isPartOf\":{\"@id\":\"https:\\\/\\\/darkamazi.info\\\/#website\"},\"primaryImageOfPage\":{\"@id\":\"https:\\\/\\\/darkamazi.info\\\/archives\\\/1051878#primaryimage\"},\"image\":{\"@id\":\"https:\\\/\\\/darkamazi.info\\\/archives\\\/1051878#primaryimage\"},\"thumbnailUrl\":\"https:\\\/\\\/darkamazi.info\\\/darka-content\\\/uploads\\\/2026\\\/02\\\/komisyon-ocalan-tirkiye.jpg\",\"datePublished\":\"2026-02-24T13:50:00+00:00\",\"breadcrumb\":{\"@id\":\"https:\\\/\\\/darkamazi.info\\\/archives\\\/1051878#breadcrumb\"},\"inLanguage\":\"en-US\",\"potentialAction\":[{\"@type\":\"ReadAction\",\"target\":[\"https:\\\/\\\/darkamazi.info\\\/archives\\\/1051878\"]}]},{\"@type\":\"ImageObject\",\"inLanguage\":\"en-US\",\"@id\":\"https:\\\/\\\/darkamazi.info\\\/archives\\\/1051878#primaryimage\",\"url\":\"https:\\\/\\\/darkamazi.info\\\/darka-content\\\/uploads\\\/2026\\\/02\\\/komisyon-ocalan-tirkiye.jpg\",\"contentUrl\":\"https:\\\/\\\/darkamazi.info\\\/darka-content\\\/uploads\\\/2026\\\/02\\\/komisyon-ocalan-tirkiye.jpg\",\"width\":900,\"height\":497,\"caption\":\"Gelo rapora ku ji aliy\u00ea Parlamentoya Tirkiy\u00ea ve hatiye amadekirin ligel n\u00ear\u00een\u00ean Ocalan g\u00fbncaw e?\"},{\"@type\":\"BreadcrumbList\",\"@id\":\"https:\\\/\\\/darkamazi.info\\\/archives\\\/1051878#breadcrumb\",\"itemListElement\":[{\"@type\":\"ListItem\",\"position\":1,\"name\":\"Home\",\"item\":\"https:\\\/\\\/darkamazi.info\\\/\"},{\"@type\":\"ListItem\",\"position\":2,\"name\":\"Gelo rapora ku ji aliy\u00ea Parlamentoya Tirkiy\u00ea ve hatiye amadekirin ligel n\u00ear\u00een\u00ean Ocalan g\u00fbncaw e?\"}]},{\"@type\":\"WebSite\",\"@id\":\"https:\\\/\\\/darkamazi.info\\\/#website\",\"url\":\"https:\\\/\\\/darkamazi.info\\\/\",\"name\":\"Darka Maz\u00ee\",\"description\":\"P\u00eageha Zanyariy\u00ean Nebih\u00eest\u00ee\",\"publisher\":{\"@id\":\"https:\\\/\\\/darkamazi.info\\\/#organization\"},\"potentialAction\":[{\"@type\":\"SearchAction\",\"target\":{\"@type\":\"EntryPoint\",\"urlTemplate\":\"https:\\\/\\\/darkamazi.info\\\/?s={search_term_string}\"},\"query-input\":{\"@type\":\"PropertyValueSpecification\",\"valueRequired\":true,\"valueName\":\"search_term_string\"}}],\"inLanguage\":\"en-US\"},{\"@type\":\"Organization\",\"@id\":\"https:\\\/\\\/darkamazi.info\\\/#organization\",\"name\":\"Darka Maz\u00ee\",\"url\":\"https:\\\/\\\/darkamazi.info\\\/\",\"logo\":{\"@type\":\"ImageObject\",\"inLanguage\":\"en-US\",\"@id\":\"https:\\\/\\\/darkamazi.info\\\/#\\\/schema\\\/logo\\\/image\\\/\",\"url\":\"https:\\\/\\\/darkamazi.info\\\/darka-content\\\/uploads\\\/2017\\\/12\\\/darka-mazi-logo.png\",\"contentUrl\":\"https:\\\/\\\/darkamazi.info\\\/darka-content\\\/uploads\\\/2017\\\/12\\\/darka-mazi-logo.png\",\"width\":151,\"height\":75,\"caption\":\"Darka Maz\u00ee\"},\"image\":{\"@id\":\"https:\\\/\\\/darkamazi.info\\\/#\\\/schema\\\/logo\\\/image\\\/\"},\"sameAs\":[\"https:\\\/\\\/www.facebook.com\\\/DarMaziKurmanci\",\"https:\\\/\\\/x.com\\\/DarkaMaziLatini\",\"https:\\\/\\\/www.instagram.com\\\/darkamazi.kurmanci\\\/\",\"https:\\\/\\\/www.youtube.com\\\/channel\\\/UCa5HkTdmI8U1qCUFuTw8B2g\"]},{\"@type\":\"Person\",\"@id\":\"https:\\\/\\\/darkamazi.info\\\/#\\\/schema\\\/person\\\/5ad3e24553a0567993fa8ed4bd0a776c\",\"name\":\"darka mazi\",\"sameAs\":[\"https:\\\/\\\/darkamazi.info\\\/\"],\"url\":\"https:\\\/\\\/darkamazi.info\\\/archives\\\/author\\\/kurdi\"}]}<\/script>\n<!-- \/ Yoast SEO plugin. -->","seo_head_json":{"title":"Gelo rapora ku ji aliy\u00ea Parlamentoya Tirkiy\u00ea ve hatiye amadekirin ligel n\u00ear\u00een\u00ean Ocalan g\u00fbncaw e? - Darka Maz\u00ee","robots":{"index":"index","follow":"follow","max-snippet":"max-snippet:-1","max-image-preview":"max-image-preview:large","max-video-preview":"max-video-preview:-1"},"canonical":"https:\/\/darkamazi.info\/archives\/1051878","og_locale":"en_US","og_type":"article","og_title":"Gelo rapora ku ji aliy\u00ea Parlamentoya Tirkiy\u00ea ve hatiye amadekirin ligel n\u00ear\u00een\u00ean Ocalan g\u00fbncaw e? - Darka Maz\u00ee","og_description":"&#8220;Kom\u00eesyona Hevgirtina Netewey\u00ee, Birat\u00ee \u00fb Demokrasiy\u00ea, ku di 5 \u00ea Tebaxa 2025 an de hatiye damezrandin, rapora xwe ya daw\u00ee di 19 \u00ea Sibata 2026 an de p\u00ea\u015fk\u00ea\u015f\u00ee raya gi\u015ft\u00ee kir. Di rapor\u00ea de bi giran\u00ee niyeta dewleta Tirk \u00e7i b\u00fb \u00fb xet\u00ean gi\u015ft\u00ee y\u00ean peymana di navbera \u00cemraliy\u00ea \u00fb dewleta Tirk de hatin destn\u00ee\u015fankirin. [&hellip;]","og_url":"https:\/\/darkamazi.info\/archives\/1051878","og_site_name":"Darka Maz\u00ee","article_publisher":"https:\/\/www.facebook.com\/DarMaziKurmanci","article_published_time":"2026-02-24T13:50:00+00:00","og_image":[{"width":900,"height":497,"url":"https:\/\/darkamazi.info\/file\/2026\/02\/komisyon-ocalan-tirkiye.jpg","type":"image\/jpeg"}],"author":"darka mazi","twitter_card":"summary_large_image","twitter_creator":"@DarkaMaziLatini","twitter_site":"@DarkaMaziLatini","twitter_misc":{"Written by":"darka mazi","Est. reading time":"5 minutes"},"schema":{"@context":"https:\/\/schema.org","@graph":[{"@type":"Article","@id":"https:\/\/darkamazi.info\/archives\/1051878#article","isPartOf":{"@id":"https:\/\/darkamazi.info\/archives\/1051878"},"author":{"name":"darka mazi","@id":"https:\/\/darkamazi.info\/#\/schema\/person\/5ad3e24553a0567993fa8ed4bd0a776c"},"headline":"Gelo rapora ku ji aliy\u00ea Parlamentoya Tirkiy\u00ea ve hatiye amadekirin ligel n\u00ear\u00een\u00ean Ocalan g\u00fbncaw e?","datePublished":"2026-02-24T13:50:00+00:00","mainEntityOfPage":{"@id":"https:\/\/darkamazi.info\/archives\/1051878"},"wordCount":1239,"publisher":{"@id":"https:\/\/darkamazi.info\/#organization"},"image":{"@id":"https:\/\/darkamazi.info\/archives\/1051878#primaryimage"},"thumbnailUrl":"https:\/\/darkamazi.info\/file\/2026\/02\/komisyon-ocalan-tirkiye.jpg","keywords":["sereke"],"articleSection":["Anal\u00eez"],"inLanguage":"en-US"},{"@type":"WebPage","@id":"https:\/\/darkamazi.info\/archives\/1051878","url":"https:\/\/darkamazi.info\/archives\/1051878","name":"Gelo rapora ku ji aliy\u00ea Parlamentoya Tirkiy\u00ea ve hatiye amadekirin ligel n\u00ear\u00een\u00ean Ocalan g\u00fbncaw e? - Darka Maz\u00ee","isPartOf":{"@id":"https:\/\/darkamazi.info\/#website"},"primaryImageOfPage":{"@id":"https:\/\/darkamazi.info\/archives\/1051878#primaryimage"},"image":{"@id":"https:\/\/darkamazi.info\/archives\/1051878#primaryimage"},"thumbnailUrl":"https:\/\/darkamazi.info\/file\/2026\/02\/komisyon-ocalan-tirkiye.jpg","datePublished":"2026-02-24T13:50:00+00:00","breadcrumb":{"@id":"https:\/\/darkamazi.info\/archives\/1051878#breadcrumb"},"inLanguage":"en-US","potentialAction":[{"@type":"ReadAction","target":["https:\/\/darkamazi.info\/archives\/1051878"]}]},{"@type":"ImageObject","inLanguage":"en-US","@id":"https:\/\/darkamazi.info\/archives\/1051878#primaryimage","url":"https:\/\/darkamazi.info\/file\/2026\/02\/komisyon-ocalan-tirkiye.jpg","contentUrl":"https:\/\/darkamazi.info\/file\/2026\/02\/komisyon-ocalan-tirkiye.jpg","width":900,"height":497,"caption":"Gelo rapora ku ji aliy\u00ea Parlamentoya Tirkiy\u00ea ve hatiye amadekirin ligel n\u00ear\u00een\u00ean Ocalan g\u00fbncaw e?"},{"@type":"BreadcrumbList","@id":"https:\/\/darkamazi.info\/archives\/1051878#breadcrumb","itemListElement":[{"@type":"ListItem","position":1,"name":"Home","item":"https:\/\/darkamazi.info\/"},{"@type":"ListItem","position":2,"name":"Gelo rapora ku ji aliy\u00ea Parlamentoya Tirkiy\u00ea ve hatiye amadekirin ligel n\u00ear\u00een\u00ean Ocalan g\u00fbncaw e?"}]},{"@type":"WebSite","@id":"https:\/\/darkamazi.info\/#website","url":"https:\/\/darkamazi.info\/","name":"Darka Maz\u00ee","description":"P\u00eageha Zanyariy\u00ean Nebih\u00eest\u00ee","publisher":{"@id":"https:\/\/darkamazi.info\/#organization"},"potentialAction":[{"@type":"SearchAction","target":{"@type":"EntryPoint","urlTemplate":"https:\/\/darkamazi.info\/?s={search_term_string}"},"query-input":{"@type":"PropertyValueSpecification","valueRequired":true,"valueName":"search_term_string"}}],"inLanguage":"en-US"},{"@type":"Organization","@id":"https:\/\/darkamazi.info\/#organization","name":"Darka Maz\u00ee","url":"https:\/\/darkamazi.info\/","logo":{"@type":"ImageObject","inLanguage":"en-US","@id":"https:\/\/darkamazi.info\/#\/schema\/logo\/image\/","url":"https:\/\/darkamazi.info\/file\/2017\/12\/darka-mazi-logo.png","contentUrl":"https:\/\/darkamazi.info\/file\/2017\/12\/darka-mazi-logo.png","width":151,"height":75,"caption":"Darka Maz\u00ee"},"image":{"@id":"https:\/\/darkamazi.info\/#\/schema\/logo\/image\/"},"sameAs":["https:\/\/www.facebook.com\/DarMaziKurmanci","https:\/\/x.com\/DarkaMaziLatini","https:\/\/www.instagram.com\/darkamazi.kurmanci\/","https:\/\/www.youtube.com\/channel\/UCa5HkTdmI8U1qCUFuTw8B2g"]},{"@type":"Person","@id":"https:\/\/darkamazi.info\/#\/schema\/person\/5ad3e24553a0567993fa8ed4bd0a776c","name":"darka mazi","sameAs":["https:\/\/darkamazi.info\/"],"url":"https:\/\/darkamazi.info\/archives\/author\/kurdi"}]}},"_links":{"self":[{"href":"https:\/\/darkamazi.info\/funavuv\/wp\/v2\/posts\/1051878","targetHints":{"allow":["GET"]}}],"collection":[{"href":"https:\/\/darkamazi.info\/funavuv\/wp\/v2\/posts"}],"about":[{"href":"https:\/\/darkamazi.info\/funavuv\/wp\/v2\/types\/post"}],"author":[{"embeddable":true,"href":"https:\/\/darkamazi.info\/funavuv\/wp\/v2\/users\/2"}],"replies":[{"embeddable":true,"href":"https:\/\/darkamazi.info\/funavuv\/wp\/v2\/comments?post=1051878"}],"version-history":[{"count":0,"href":"https:\/\/darkamazi.info\/funavuv\/wp\/v2\/posts\/1051878\/revisions"}],"wp:featuredmedia":[{"embeddable":true,"href":"https:\/\/darkamazi.info\/funavuv\/wp\/v2\/media\/1051879"}],"wp:attachment":[{"href":"https:\/\/darkamazi.info\/funavuv\/wp\/v2\/media?parent=1051878"}],"wp:term":[{"taxonomy":"category","embeddable":true,"href":"https:\/\/darkamazi.info\/funavuv\/wp\/v2\/categories?post=1051878"},{"taxonomy":"post_tag","embeddable":true,"href":"https:\/\/darkamazi.info\/funavuv\/wp\/v2\/tags?post=1051878"}],"curies":[{"name":"wp","href":"https:\/\/api.w.org\/{rel}","templated":true}]}}