{"id":1051884,"date":"2026-02-25T13:22:38","date_gmt":"2026-02-25T10:22:38","guid":{"rendered":"https:\/\/darkamazi.info\/?p=1051884"},"modified":"2026-02-25T13:22:38","modified_gmt":"2026-02-25T10:22:38","slug":"irane-cezaye-bidarvekirine-ye-2-ciwanen-kurd-pejirand","status":"publish","type":"post","link":"https:\/\/darkamazi.info\/archives\/1051884","title":{"rendered":"\u00ceran\u00ea cezay\u00ea bidarvekirin\u00ea y\u00ea 2 ciwan\u00ean Kurd pejirand"},"content":{"rendered":"<h3 style=\"text-align: justify\"><span style=\"font-family: 'arial black', sans-serif\">Dadgeha Bilind a \u00ceran\u00ea biryara Dadgeha \u015eore\u015f\u00ea ya Mehabad\u00ea ya ji bo bidarvekirina 2 ciwan\u00ean Kurd pesend kir.<\/span><\/h3>\n<h3 style=\"text-align: justify\"><span style=\"font-family: arial, helvetica, sans-serif\">Ew ciwan ji Bokan\u00ea ne \u00fb pi\u015ft\u00ee xwen\u00ee\u015fandan\u00ean sala 2022yan hatib\u00fbn desteserkirin.<\/span><\/h3>\n<h3 style=\"text-align: justify\"><span style=\"font-family: arial, helvetica, sans-serif\">R\u00eaxistin\u00ean maf\u00ean mirovan \u00ean Rojhilat\u00ea Kurdistan\u00ea ragihand ku cezay\u00ea bidarvekirin\u00ea y\u00ea wan her du ciwanan ji aliy\u00ea Dadgeha Bilind a \u00ceran\u00ea ve hatiye pi\u015ftrastkirin.<\/span><\/h3>\n<h3 style=\"text-align: justify\"><span style=\"font-family: arial, helvetica, sans-serif\">Li gor\u00ee agahiyan, Re\u00fbf \u015e\u00eax Mer\u00fbf\u00ee \u00fb Mihemed Ferec\u00ee doh ji v\u00ea biryar\u00ea hatine agahdarkirin.<\/span><\/h3>\n<h3 style=\"text-align: justify\"><span style=\"font-family: arial, helvetica, sans-serif\">Ew her du ciwan niha li Girt\u00eegeha Navend\u00ee ya Bokan\u00ea girt\u00ee ne.<\/span><\/h3>\n<h3 style=\"text-align: justify\"><span style=\"font-family: arial, helvetica, sans-serif\">Re\u00fbf\u00ea 23 sal\u00ee 26\u00ea Kan\u00fbna P\u00ea\u015f\u00een a 2022yan hatib\u00fb desteserkirin.<\/span><\/h3>\n<h3 style=\"text-align: justify\"><span style=\"font-family: arial, helvetica, sans-serif\">Her wiha Mihemed\u00ea 24 sal\u00ee j\u00ee 21\u00ea Sibata 2023yan hatib\u00fb desteserkirin.<\/span><\/h3>\n<h3 style=\"text-align: justify\"><span style=\"font-family: arial, helvetica, sans-serif\">Ew pay\u00eeza \u00eesal cuda cuda derketib\u00fbn p\u00ea\u015fber\u00ee dadwer.<\/span><\/h3>\n<h3 style=\"text-align: justify\"><span style=\"font-family: arial, helvetica, sans-serif\">\u015eaxa Yekem a Dadgeha \u015eore\u015f\u00ea ya Mehabad\u00ea cezay\u00ea bidarvekirin\u00ea dab\u00fb wan her du ciwanan.<\/span><\/h3>\n<h3 style=\"text-align: justify\"><span style=\"font-family: arial, helvetica, sans-serif\">Ew bi tohmet\u00ean &#8220;dijminatiya li hember\u00ee Xwed\u00ea&#8221; \u00fb &#8220;derxistina fitne \u00fb fesadiy\u00ea ya li ser r\u00fby\u00ea erd\u00ea&#8221; hatib\u00fbn cezakirin.<\/span><\/h3>\n<h3 style=\"text-align: justify\"><span style=\"font-family: arial, helvetica, sans-serif\">Li gor\u00ee amar\u00ean R\u00eaxistina Maf\u00ean Mirovan a \u00ceran\u00ea (HRANA), ji destp\u00eaka sala 2025an heta dawiya sal\u00ea li \u00ceran\u00ea hezar \u00fb 922 kes bi tohmet\u00ean cuda hatine bidarvekirin.<\/span><\/h3>\n","protected":false},"excerpt":{"rendered":"<p>Dadgeha Bilind a \u00ceran\u00ea biryara Dadgeha \u015eore\u015f\u00ea ya Mehabad\u00ea ya ji bo bidarvekirina 2 ciwan\u00ean Kurd pesend kir. Ew ciwan ji Bokan\u00ea ne \u00fb pi\u015ft\u00ee xwen\u00ee\u015fandan\u00ean sala 2022yan hatib\u00fbn desteserkirin. R\u00eaxistin\u00ean maf\u00ean mirovan \u00ean Rojhilat\u00ea Kurdistan\u00ea ragihand ku cezay\u00ea bidarvekirin\u00ea y\u00ea wan her du ciwanan ji aliy\u00ea Dadgeha Bilind a \u00ceran\u00ea ve hatiye pi\u015ftrastkirin. Li [&hellip;]<\/p>\n","protected":false},"author":2,"featured_media":1051885,"comment_status":"closed","ping_status":"closed","sticky":false,"template":"","format":"standard","meta":{"footnotes":""},"categories":[29],"tags":[37],"class_list":["post-1051884","post","type-post","status-publish","format-standard","has-post-thumbnail","hentry","category-kurdistan","tag-sereke"],"blocksy_meta":[],"seo_head":"<!-- This site is optimized with the Yoast SEO plugin v27.5 - https:\/\/yoast.com\/product\/yoast-seo-wordpress\/ -->\n<title>\u00ceran\u00ea cezay\u00ea bidarvekirin\u00ea y\u00ea 2 ciwan\u00ean Kurd pejirand - Darka Maz\u00ee<\/title>\n<meta name=\"robots\" content=\"index, follow, max-snippet:-1, max-image-preview:large, max-video-preview:-1\" \/>\n<link rel=\"canonical\" href=\"https:\/\/darkamazi.info\/archives\/1051884\" \/>\n<meta property=\"og:locale\" content=\"en_US\" \/>\n<meta property=\"og:type\" content=\"article\" \/>\n<meta property=\"og:title\" content=\"\u00ceran\u00ea cezay\u00ea bidarvekirin\u00ea y\u00ea 2 ciwan\u00ean Kurd pejirand - Darka Maz\u00ee\" \/>\n<meta property=\"og:description\" content=\"Dadgeha Bilind a \u00ceran\u00ea biryara Dadgeha \u015eore\u015f\u00ea ya Mehabad\u00ea ya ji bo bidarvekirina 2 ciwan\u00ean Kurd pesend kir. Ew ciwan ji Bokan\u00ea ne \u00fb pi\u015ft\u00ee xwen\u00ee\u015fandan\u00ean sala 2022yan hatib\u00fbn desteserkirin. R\u00eaxistin\u00ean maf\u00ean mirovan \u00ean Rojhilat\u00ea Kurdistan\u00ea ragihand ku cezay\u00ea bidarvekirin\u00ea y\u00ea wan her du ciwanan ji aliy\u00ea Dadgeha Bilind a \u00ceran\u00ea ve hatiye pi\u015ftrastkirin. Li [&hellip;]\" \/>\n<meta property=\"og:url\" content=\"https:\/\/darkamazi.info\/archives\/1051884\" \/>\n<meta property=\"og:site_name\" content=\"Darka Maz\u00ee\" \/>\n<meta property=\"article:publisher\" content=\"https:\/\/www.facebook.com\/DarMaziKurmanci\" \/>\n<meta property=\"article:published_time\" content=\"2026-02-25T10:22:38+00:00\" \/>\n<meta property=\"og:image\" content=\"https:\/\/darkamazi.info\/file\/2026\/02\/Iran-Excution-2-Kurd-info.jpg\" \/>\n\t<meta property=\"og:image:width\" content=\"900\" \/>\n\t<meta property=\"og:image:height\" content=\"500\" \/>\n\t<meta property=\"og:image:type\" content=\"image\/jpeg\" \/>\n<meta name=\"author\" content=\"darka mazi\" \/>\n<meta name=\"twitter:card\" content=\"summary_large_image\" \/>\n<meta name=\"twitter:creator\" content=\"@DarkaMaziLatini\" \/>\n<meta name=\"twitter:site\" content=\"@DarkaMaziLatini\" \/>\n<meta name=\"twitter:label1\" content=\"Written by\" \/>\n\t<meta name=\"twitter:data1\" content=\"darka mazi\" \/>\n\t<meta name=\"twitter:label2\" content=\"Est. reading time\" \/>\n\t<meta name=\"twitter:data2\" content=\"1 minute\" \/>\n<script type=\"application\/ld+json\" class=\"seo-schema-graph\">{\"@context\":\"https:\\\/\\\/schema.org\",\"@graph\":[{\"@type\":\"Article\",\"@id\":\"https:\\\/\\\/darkamazi.info\\\/archives\\\/1051884#article\",\"isPartOf\":{\"@id\":\"https:\\\/\\\/darkamazi.info\\\/archives\\\/1051884\"},\"author\":{\"name\":\"darka mazi\",\"@id\":\"https:\\\/\\\/darkamazi.info\\\/#\\\/schema\\\/person\\\/5ad3e24553a0567993fa8ed4bd0a776c\"},\"headline\":\"\u00ceran\u00ea cezay\u00ea bidarvekirin\u00ea y\u00ea 2 ciwan\u00ean Kurd pejirand\",\"datePublished\":\"2026-02-25T10:22:38+00:00\",\"mainEntityOfPage\":{\"@id\":\"https:\\\/\\\/darkamazi.info\\\/archives\\\/1051884\"},\"wordCount\":193,\"publisher\":{\"@id\":\"https:\\\/\\\/darkamazi.info\\\/#organization\"},\"image\":{\"@id\":\"https:\\\/\\\/darkamazi.info\\\/archives\\\/1051884#primaryimage\"},\"thumbnailUrl\":\"https:\\\/\\\/darkamazi.info\\\/darka-content\\\/uploads\\\/2026\\\/02\\\/Iran-Excution-2-Kurd-info.jpg\",\"keywords\":[\"sereke\"],\"articleSection\":[\"Kurdistan\"],\"inLanguage\":\"en-US\"},{\"@type\":\"WebPage\",\"@id\":\"https:\\\/\\\/darkamazi.info\\\/archives\\\/1051884\",\"url\":\"https:\\\/\\\/darkamazi.info\\\/archives\\\/1051884\",\"name\":\"\u00ceran\u00ea cezay\u00ea bidarvekirin\u00ea y\u00ea 2 ciwan\u00ean Kurd pejirand - Darka Maz\u00ee\",\"isPartOf\":{\"@id\":\"https:\\\/\\\/darkamazi.info\\\/#website\"},\"primaryImageOfPage\":{\"@id\":\"https:\\\/\\\/darkamazi.info\\\/archives\\\/1051884#primaryimage\"},\"image\":{\"@id\":\"https:\\\/\\\/darkamazi.info\\\/archives\\\/1051884#primaryimage\"},\"thumbnailUrl\":\"https:\\\/\\\/darkamazi.info\\\/darka-content\\\/uploads\\\/2026\\\/02\\\/Iran-Excution-2-Kurd-info.jpg\",\"datePublished\":\"2026-02-25T10:22:38+00:00\",\"breadcrumb\":{\"@id\":\"https:\\\/\\\/darkamazi.info\\\/archives\\\/1051884#breadcrumb\"},\"inLanguage\":\"en-US\",\"potentialAction\":[{\"@type\":\"ReadAction\",\"target\":[\"https:\\\/\\\/darkamazi.info\\\/archives\\\/1051884\"]}]},{\"@type\":\"ImageObject\",\"inLanguage\":\"en-US\",\"@id\":\"https:\\\/\\\/darkamazi.info\\\/archives\\\/1051884#primaryimage\",\"url\":\"https:\\\/\\\/darkamazi.info\\\/darka-content\\\/uploads\\\/2026\\\/02\\\/Iran-Excution-2-Kurd-info.jpg\",\"contentUrl\":\"https:\\\/\\\/darkamazi.info\\\/darka-content\\\/uploads\\\/2026\\\/02\\\/Iran-Excution-2-Kurd-info.jpg\",\"width\":900,\"height\":500,\"caption\":\"Iran-Excution-2-Kurd-info\"},{\"@type\":\"BreadcrumbList\",\"@id\":\"https:\\\/\\\/darkamazi.info\\\/archives\\\/1051884#breadcrumb\",\"itemListElement\":[{\"@type\":\"ListItem\",\"position\":1,\"name\":\"Home\",\"item\":\"https:\\\/\\\/darkamazi.info\\\/\"},{\"@type\":\"ListItem\",\"position\":2,\"name\":\"\u00ceran\u00ea cezay\u00ea bidarvekirin\u00ea y\u00ea 2 ciwan\u00ean Kurd pejirand\"}]},{\"@type\":\"WebSite\",\"@id\":\"https:\\\/\\\/darkamazi.info\\\/#website\",\"url\":\"https:\\\/\\\/darkamazi.info\\\/\",\"name\":\"Darka Maz\u00ee\",\"description\":\"P\u00eageha Zanyariy\u00ean Nebih\u00eest\u00ee\",\"publisher\":{\"@id\":\"https:\\\/\\\/darkamazi.info\\\/#organization\"},\"potentialAction\":[{\"@type\":\"SearchAction\",\"target\":{\"@type\":\"EntryPoint\",\"urlTemplate\":\"https:\\\/\\\/darkamazi.info\\\/?s={search_term_string}\"},\"query-input\":{\"@type\":\"PropertyValueSpecification\",\"valueRequired\":true,\"valueName\":\"search_term_string\"}}],\"inLanguage\":\"en-US\"},{\"@type\":\"Organization\",\"@id\":\"https:\\\/\\\/darkamazi.info\\\/#organization\",\"name\":\"Darka Maz\u00ee\",\"url\":\"https:\\\/\\\/darkamazi.info\\\/\",\"logo\":{\"@type\":\"ImageObject\",\"inLanguage\":\"en-US\",\"@id\":\"https:\\\/\\\/darkamazi.info\\\/#\\\/schema\\\/logo\\\/image\\\/\",\"url\":\"https:\\\/\\\/darkamazi.info\\\/darka-content\\\/uploads\\\/2017\\\/12\\\/darka-mazi-logo.png\",\"contentUrl\":\"https:\\\/\\\/darkamazi.info\\\/darka-content\\\/uploads\\\/2017\\\/12\\\/darka-mazi-logo.png\",\"width\":151,\"height\":75,\"caption\":\"Darka Maz\u00ee\"},\"image\":{\"@id\":\"https:\\\/\\\/darkamazi.info\\\/#\\\/schema\\\/logo\\\/image\\\/\"},\"sameAs\":[\"https:\\\/\\\/www.facebook.com\\\/DarMaziKurmanci\",\"https:\\\/\\\/x.com\\\/DarkaMaziLatini\",\"https:\\\/\\\/www.instagram.com\\\/darkamazi.kurmanci\\\/\",\"https:\\\/\\\/www.youtube.com\\\/channel\\\/UCa5HkTdmI8U1qCUFuTw8B2g\"]},{\"@type\":\"Person\",\"@id\":\"https:\\\/\\\/darkamazi.info\\\/#\\\/schema\\\/person\\\/5ad3e24553a0567993fa8ed4bd0a776c\",\"name\":\"darka mazi\",\"sameAs\":[\"https:\\\/\\\/darkamazi.info\\\/\"],\"url\":\"https:\\\/\\\/darkamazi.info\\\/archives\\\/author\\\/kurdi\"}]}<\/script>\n<!-- \/ Yoast SEO plugin. -->","seo_head_json":{"title":"\u00ceran\u00ea cezay\u00ea bidarvekirin\u00ea y\u00ea 2 ciwan\u00ean Kurd pejirand - Darka Maz\u00ee","robots":{"index":"index","follow":"follow","max-snippet":"max-snippet:-1","max-image-preview":"max-image-preview:large","max-video-preview":"max-video-preview:-1"},"canonical":"https:\/\/darkamazi.info\/archives\/1051884","og_locale":"en_US","og_type":"article","og_title":"\u00ceran\u00ea cezay\u00ea bidarvekirin\u00ea y\u00ea 2 ciwan\u00ean Kurd pejirand - Darka Maz\u00ee","og_description":"Dadgeha Bilind a \u00ceran\u00ea biryara Dadgeha \u015eore\u015f\u00ea ya Mehabad\u00ea ya ji bo bidarvekirina 2 ciwan\u00ean Kurd pesend kir. Ew ciwan ji Bokan\u00ea ne \u00fb pi\u015ft\u00ee xwen\u00ee\u015fandan\u00ean sala 2022yan hatib\u00fbn desteserkirin. R\u00eaxistin\u00ean maf\u00ean mirovan \u00ean Rojhilat\u00ea Kurdistan\u00ea ragihand ku cezay\u00ea bidarvekirin\u00ea y\u00ea wan her du ciwanan ji aliy\u00ea Dadgeha Bilind a \u00ceran\u00ea ve hatiye pi\u015ftrastkirin. Li [&hellip;]","og_url":"https:\/\/darkamazi.info\/archives\/1051884","og_site_name":"Darka Maz\u00ee","article_publisher":"https:\/\/www.facebook.com\/DarMaziKurmanci","article_published_time":"2026-02-25T10:22:38+00:00","og_image":[{"width":900,"height":500,"url":"https:\/\/darkamazi.info\/file\/2026\/02\/Iran-Excution-2-Kurd-info.jpg","type":"image\/jpeg"}],"author":"darka mazi","twitter_card":"summary_large_image","twitter_creator":"@DarkaMaziLatini","twitter_site":"@DarkaMaziLatini","twitter_misc":{"Written by":"darka mazi","Est. reading time":"1 minute"},"schema":{"@context":"https:\/\/schema.org","@graph":[{"@type":"Article","@id":"https:\/\/darkamazi.info\/archives\/1051884#article","isPartOf":{"@id":"https:\/\/darkamazi.info\/archives\/1051884"},"author":{"name":"darka mazi","@id":"https:\/\/darkamazi.info\/#\/schema\/person\/5ad3e24553a0567993fa8ed4bd0a776c"},"headline":"\u00ceran\u00ea cezay\u00ea bidarvekirin\u00ea y\u00ea 2 ciwan\u00ean Kurd pejirand","datePublished":"2026-02-25T10:22:38+00:00","mainEntityOfPage":{"@id":"https:\/\/darkamazi.info\/archives\/1051884"},"wordCount":193,"publisher":{"@id":"https:\/\/darkamazi.info\/#organization"},"image":{"@id":"https:\/\/darkamazi.info\/archives\/1051884#primaryimage"},"thumbnailUrl":"https:\/\/darkamazi.info\/file\/2026\/02\/Iran-Excution-2-Kurd-info.jpg","keywords":["sereke"],"articleSection":["Kurdistan"],"inLanguage":"en-US"},{"@type":"WebPage","@id":"https:\/\/darkamazi.info\/archives\/1051884","url":"https:\/\/darkamazi.info\/archives\/1051884","name":"\u00ceran\u00ea cezay\u00ea bidarvekirin\u00ea y\u00ea 2 ciwan\u00ean Kurd pejirand - Darka Maz\u00ee","isPartOf":{"@id":"https:\/\/darkamazi.info\/#website"},"primaryImageOfPage":{"@id":"https:\/\/darkamazi.info\/archives\/1051884#primaryimage"},"image":{"@id":"https:\/\/darkamazi.info\/archives\/1051884#primaryimage"},"thumbnailUrl":"https:\/\/darkamazi.info\/file\/2026\/02\/Iran-Excution-2-Kurd-info.jpg","datePublished":"2026-02-25T10:22:38+00:00","breadcrumb":{"@id":"https:\/\/darkamazi.info\/archives\/1051884#breadcrumb"},"inLanguage":"en-US","potentialAction":[{"@type":"ReadAction","target":["https:\/\/darkamazi.info\/archives\/1051884"]}]},{"@type":"ImageObject","inLanguage":"en-US","@id":"https:\/\/darkamazi.info\/archives\/1051884#primaryimage","url":"https:\/\/darkamazi.info\/file\/2026\/02\/Iran-Excution-2-Kurd-info.jpg","contentUrl":"https:\/\/darkamazi.info\/file\/2026\/02\/Iran-Excution-2-Kurd-info.jpg","width":900,"height":500,"caption":"Iran-Excution-2-Kurd-info"},{"@type":"BreadcrumbList","@id":"https:\/\/darkamazi.info\/archives\/1051884#breadcrumb","itemListElement":[{"@type":"ListItem","position":1,"name":"Home","item":"https:\/\/darkamazi.info\/"},{"@type":"ListItem","position":2,"name":"\u00ceran\u00ea cezay\u00ea bidarvekirin\u00ea y\u00ea 2 ciwan\u00ean Kurd pejirand"}]},{"@type":"WebSite","@id":"https:\/\/darkamazi.info\/#website","url":"https:\/\/darkamazi.info\/","name":"Darka Maz\u00ee","description":"P\u00eageha Zanyariy\u00ean Nebih\u00eest\u00ee","publisher":{"@id":"https:\/\/darkamazi.info\/#organization"},"potentialAction":[{"@type":"SearchAction","target":{"@type":"EntryPoint","urlTemplate":"https:\/\/darkamazi.info\/?s={search_term_string}"},"query-input":{"@type":"PropertyValueSpecification","valueRequired":true,"valueName":"search_term_string"}}],"inLanguage":"en-US"},{"@type":"Organization","@id":"https:\/\/darkamazi.info\/#organization","name":"Darka Maz\u00ee","url":"https:\/\/darkamazi.info\/","logo":{"@type":"ImageObject","inLanguage":"en-US","@id":"https:\/\/darkamazi.info\/#\/schema\/logo\/image\/","url":"https:\/\/darkamazi.info\/file\/2017\/12\/darka-mazi-logo.png","contentUrl":"https:\/\/darkamazi.info\/file\/2017\/12\/darka-mazi-logo.png","width":151,"height":75,"caption":"Darka Maz\u00ee"},"image":{"@id":"https:\/\/darkamazi.info\/#\/schema\/logo\/image\/"},"sameAs":["https:\/\/www.facebook.com\/DarMaziKurmanci","https:\/\/x.com\/DarkaMaziLatini","https:\/\/www.instagram.com\/darkamazi.kurmanci\/","https:\/\/www.youtube.com\/channel\/UCa5HkTdmI8U1qCUFuTw8B2g"]},{"@type":"Person","@id":"https:\/\/darkamazi.info\/#\/schema\/person\/5ad3e24553a0567993fa8ed4bd0a776c","name":"darka mazi","sameAs":["https:\/\/darkamazi.info\/"],"url":"https:\/\/darkamazi.info\/archives\/author\/kurdi"}]}},"_links":{"self":[{"href":"https:\/\/darkamazi.info\/funavuv\/wp\/v2\/posts\/1051884","targetHints":{"allow":["GET"]}}],"collection":[{"href":"https:\/\/darkamazi.info\/funavuv\/wp\/v2\/posts"}],"about":[{"href":"https:\/\/darkamazi.info\/funavuv\/wp\/v2\/types\/post"}],"author":[{"embeddable":true,"href":"https:\/\/darkamazi.info\/funavuv\/wp\/v2\/users\/2"}],"replies":[{"embeddable":true,"href":"https:\/\/darkamazi.info\/funavuv\/wp\/v2\/comments?post=1051884"}],"version-history":[{"count":0,"href":"https:\/\/darkamazi.info\/funavuv\/wp\/v2\/posts\/1051884\/revisions"}],"wp:featuredmedia":[{"embeddable":true,"href":"https:\/\/darkamazi.info\/funavuv\/wp\/v2\/media\/1051885"}],"wp:attachment":[{"href":"https:\/\/darkamazi.info\/funavuv\/wp\/v2\/media?parent=1051884"}],"wp:term":[{"taxonomy":"category","embeddable":true,"href":"https:\/\/darkamazi.info\/funavuv\/wp\/v2\/categories?post=1051884"},{"taxonomy":"post_tag","embeddable":true,"href":"https:\/\/darkamazi.info\/funavuv\/wp\/v2\/tags?post=1051884"}],"curies":[{"name":"wp","href":"https:\/\/api.w.org\/{rel}","templated":true}]}}