{"id":1051887,"date":"2026-02-25T15:11:37","date_gmt":"2026-02-25T12:11:37","guid":{"rendered":"https:\/\/darkamazi.info\/?p=1051887"},"modified":"2026-02-25T15:11:37","modified_gmt":"2026-02-25T12:11:37","slug":"seroke-iyi-partiye-bila-bahceli-ocalan-bike-hevseroke-mhpe","status":"publish","type":"post","link":"https:\/\/darkamazi.info\/archives\/1051887","title":{"rendered":"Serok\u00ea \u00ceY\u00ce Partiy\u00ea: Bila Bah\u00e7el\u00ee Ocalan bike hevserok\u00ea MHP\u00ea"},"content":{"rendered":"<h3 style=\"text-align: justify\"><span style=\"font-family: 'arial black', sans-serif\">Serok\u00ea \u00ceY\u00ce Partiy\u00ea Musavat Derv\u00ee\u015foglu bertek n\u00ee\u015fan\u00ee gotin\u00ean Serok\u00ea MHPy\u00ea Devlet Bah\u00e7el\u00ee y\u00ean li ser Abdullah Ocalan da \u00fb got, &#8220;Eger tu gelek\u00ee ji w\u00ee hez dik\u00ee, rozet\u00ea p\u00ea ve bike \u00fb w\u00ee wek\u00ee hevserok\u00ea MHPy\u00ea.&#8221;<\/span><\/h3>\n<h3 style=\"text-align: justify\"><span style=\"font-family: arial, helvetica, sans-serif\">Serok\u00ea \u00ceY\u00ce Partiy\u00ea Musavat Derv\u00ee\u015foglu \u00eero li parlamentoya Tirkiyey\u00ea di civ\u00eena heftane ya partiya xwe de axiv\u00ee.<\/span><\/h3>\n<h3 style=\"text-align: justify\"><span style=\"font-family: arial, helvetica, sans-serif\">Musavat Derv\u00ee\u015foglu di axaftina xwe de bal ki\u015fand ser gotin\u00ean Serok\u00ea MHPy\u00ea Devlet Bah\u00e7el\u00ee y\u00ean derbar\u00ea &#8220;statuya Abdullah Ocalan&#8221; de.<\/span><\/h3>\n<h3 style=\"text-align: justify\"><span style=\"font-family: arial, helvetica, sans-serif\">Derv\u00ee\u015foglu diyar kir ku \u00e7i dibe bila bibe koma MHPy\u00ea li \u00e7epikan dide \u00fb got:<\/span><\/h3>\n<h3 style=\"text-align: justify\"><span style=\"font-family: arial, helvetica, sans-serif\">&#8220;Ma qet nafikirin ku ev gotin d\u00ea Tirkiyey\u00ea bibin k\u00fb der\u00ea? \u00c7i dib\u00eaje hem\u00fb kes radibe ji w\u00ee re li \u00e7epikan dide.<\/span><\/h3>\n<h3 style=\"text-align: justify\"><span style=\"font-family: arial, helvetica, sans-serif\">Dib\u00eaje &#8216;r\u00eaber\u00ea damezir\u00eaner&#8217; ew li \u00e7epikan didin, dib\u00eaje &#8216;div\u00ea statu ji bo w\u00ee b\u00ea day\u00een&#8217; d\u00eesa li \u00e7epikan didin.<\/span><\/h3>\n<h3 style=\"text-align: justify\"><span style=\"font-family: arial, helvetica, sans-serif\">Behsa &#8216;xizmeta w\u00ee ya mezin&#8217; dike l\u00ea ew her li \u00e7epikan didin.&#8221;<\/span><\/h3>\n<h3 style=\"text-align: justify\"><span style=\"font-family: arial, helvetica, sans-serif\">Serok\u00ea \u00ceY\u00ce Partiy\u00ea bang\u00ee Bah\u00e7el\u00ee kir \u00fb wiha li pey \u00e7\u00fb:<\/span><\/h3>\n<h3 style=\"text-align: justify\"><span style=\"font-family: arial, helvetica, sans-serif\">&#8220;Eger tu gelek\u00ee ji w\u00ee hez dik\u00ee, pi\u015ft\u00ee te rozet p\u00ea ve kir, w\u00ee wek\u00ee hevserok\u00ea xwe.<\/span><\/h3>\n<h3 style=\"text-align: justify\"><span style=\"font-family: arial, helvetica, sans-serif\">\u00a0Nav\u00ea Partiya Tevgera Neteweperest ku \u00e7inareke 57 sal\u00ee ye wek\u00ee &#8216;Partiya Tevgera Gelan&#8217; biguhere.<\/span><\/h3>\n<h3 style=\"text-align: justify\"><span style=\"font-family: arial, helvetica, sans-serif\">\u00a0Di dawiy\u00ea de ev milet hem d\u00ea ji te rizgar bibe \u00fb hem j\u00ee ji belaya Abdullah Ocalan.&#8221;<\/span><\/h3>\n","protected":false},"excerpt":{"rendered":"<p>Serok\u00ea \u00ceY\u00ce Partiy\u00ea Musavat Derv\u00ee\u015foglu bertek n\u00ee\u015fan\u00ee gotin\u00ean Serok\u00ea MHPy\u00ea Devlet Bah\u00e7el\u00ee y\u00ean li ser Abdullah Ocalan da \u00fb got, &#8220;Eger tu gelek\u00ee ji w\u00ee hez dik\u00ee, rozet\u00ea p\u00ea ve bike \u00fb w\u00ee wek\u00ee hevserok\u00ea MHPy\u00ea.&#8221; Serok\u00ea \u00ceY\u00ce Partiy\u00ea Musavat Derv\u00ee\u015foglu \u00eero li parlamentoya Tirkiyey\u00ea di civ\u00eena heftane ya partiya xwe de axiv\u00ee. Musavat Derv\u00ee\u015foglu [&hellip;]<\/p>\n","protected":false},"author":2,"featured_media":1051888,"comment_status":"closed","ping_status":"closed","sticky":false,"template":"","format":"standard","meta":{"footnotes":""},"categories":[31],"tags":[37],"class_list":["post-1051887","post","type-post","status-publish","format-standard","has-post-thumbnail","hentry","category-rojhelata-navin","tag-sereke"],"blocksy_meta":[],"seo_head":"<!-- This site is optimized with the Yoast SEO plugin v27.5 - https:\/\/yoast.com\/product\/yoast-seo-wordpress\/ -->\n<title>Serok\u00ea \u00ceY\u00ce Partiy\u00ea: Bila Bah\u00e7el\u00ee Ocalan bike hevserok\u00ea MHP\u00ea - Darka Maz\u00ee<\/title>\n<meta name=\"robots\" content=\"index, follow, max-snippet:-1, max-image-preview:large, max-video-preview:-1\" \/>\n<link rel=\"canonical\" href=\"https:\/\/darkamazi.info\/archives\/1051887\" \/>\n<meta property=\"og:locale\" content=\"en_US\" \/>\n<meta property=\"og:type\" content=\"article\" \/>\n<meta property=\"og:title\" content=\"Serok\u00ea \u00ceY\u00ce Partiy\u00ea: Bila Bah\u00e7el\u00ee Ocalan bike hevserok\u00ea MHP\u00ea - Darka Maz\u00ee\" \/>\n<meta property=\"og:description\" content=\"Serok\u00ea \u00ceY\u00ce Partiy\u00ea Musavat Derv\u00ee\u015foglu bertek n\u00ee\u015fan\u00ee gotin\u00ean Serok\u00ea MHPy\u00ea Devlet Bah\u00e7el\u00ee y\u00ean li ser Abdullah Ocalan da \u00fb got, &#8220;Eger tu gelek\u00ee ji w\u00ee hez dik\u00ee, rozet\u00ea p\u00ea ve bike \u00fb w\u00ee wek\u00ee hevserok\u00ea MHPy\u00ea.&#8221; Serok\u00ea \u00ceY\u00ce Partiy\u00ea Musavat Derv\u00ee\u015foglu \u00eero li parlamentoya Tirkiyey\u00ea di civ\u00eena heftane ya partiya xwe de axiv\u00ee. Musavat Derv\u00ee\u015foglu [&hellip;]\" \/>\n<meta property=\"og:url\" content=\"https:\/\/darkamazi.info\/archives\/1051887\" \/>\n<meta property=\"og:site_name\" content=\"Darka Maz\u00ee\" \/>\n<meta property=\"article:publisher\" content=\"https:\/\/www.facebook.com\/DarMaziKurmanci\" \/>\n<meta property=\"article:published_time\" content=\"2026-02-25T12:11:37+00:00\" \/>\n<meta property=\"og:image\" content=\"https:\/\/darkamazi.info\/file\/2026\/02\/bahceli-ocalan-hevserok-info.jpg\" \/>\n\t<meta property=\"og:image:width\" content=\"900\" \/>\n\t<meta property=\"og:image:height\" content=\"500\" \/>\n\t<meta property=\"og:image:type\" content=\"image\/jpeg\" \/>\n<meta name=\"author\" content=\"darka mazi\" \/>\n<meta name=\"twitter:card\" content=\"summary_large_image\" \/>\n<meta name=\"twitter:creator\" content=\"@DarkaMaziLatini\" \/>\n<meta name=\"twitter:site\" content=\"@DarkaMaziLatini\" \/>\n<meta name=\"twitter:label1\" content=\"Written by\" \/>\n\t<meta name=\"twitter:data1\" content=\"darka mazi\" \/>\n\t<meta name=\"twitter:label2\" content=\"Est. reading time\" \/>\n\t<meta name=\"twitter:data2\" content=\"2 minutes\" \/>\n<script type=\"application\/ld+json\" class=\"seo-schema-graph\">{\"@context\":\"https:\\\/\\\/schema.org\",\"@graph\":[{\"@type\":\"Article\",\"@id\":\"https:\\\/\\\/darkamazi.info\\\/archives\\\/1051887#article\",\"isPartOf\":{\"@id\":\"https:\\\/\\\/darkamazi.info\\\/archives\\\/1051887\"},\"author\":{\"name\":\"darka mazi\",\"@id\":\"https:\\\/\\\/darkamazi.info\\\/#\\\/schema\\\/person\\\/5ad3e24553a0567993fa8ed4bd0a776c\"},\"headline\":\"Serok\u00ea \u00ceY\u00ce Partiy\u00ea: Bila Bah\u00e7el\u00ee Ocalan bike hevserok\u00ea MHP\u00ea\",\"datePublished\":\"2026-02-25T12:11:37+00:00\",\"mainEntityOfPage\":{\"@id\":\"https:\\\/\\\/darkamazi.info\\\/archives\\\/1051887\"},\"wordCount\":226,\"publisher\":{\"@id\":\"https:\\\/\\\/darkamazi.info\\\/#organization\"},\"image\":{\"@id\":\"https:\\\/\\\/darkamazi.info\\\/archives\\\/1051887#primaryimage\"},\"thumbnailUrl\":\"https:\\\/\\\/darkamazi.info\\\/darka-content\\\/uploads\\\/2026\\\/02\\\/bahceli-ocalan-hevserok-info.jpg\",\"keywords\":[\"sereke\"],\"articleSection\":[\"Rojhelata nav\u00een\"],\"inLanguage\":\"en-US\"},{\"@type\":\"WebPage\",\"@id\":\"https:\\\/\\\/darkamazi.info\\\/archives\\\/1051887\",\"url\":\"https:\\\/\\\/darkamazi.info\\\/archives\\\/1051887\",\"name\":\"Serok\u00ea \u00ceY\u00ce Partiy\u00ea: Bila Bah\u00e7el\u00ee Ocalan bike hevserok\u00ea MHP\u00ea - Darka Maz\u00ee\",\"isPartOf\":{\"@id\":\"https:\\\/\\\/darkamazi.info\\\/#website\"},\"primaryImageOfPage\":{\"@id\":\"https:\\\/\\\/darkamazi.info\\\/archives\\\/1051887#primaryimage\"},\"image\":{\"@id\":\"https:\\\/\\\/darkamazi.info\\\/archives\\\/1051887#primaryimage\"},\"thumbnailUrl\":\"https:\\\/\\\/darkamazi.info\\\/darka-content\\\/uploads\\\/2026\\\/02\\\/bahceli-ocalan-hevserok-info.jpg\",\"datePublished\":\"2026-02-25T12:11:37+00:00\",\"breadcrumb\":{\"@id\":\"https:\\\/\\\/darkamazi.info\\\/archives\\\/1051887#breadcrumb\"},\"inLanguage\":\"en-US\",\"potentialAction\":[{\"@type\":\"ReadAction\",\"target\":[\"https:\\\/\\\/darkamazi.info\\\/archives\\\/1051887\"]}]},{\"@type\":\"ImageObject\",\"inLanguage\":\"en-US\",\"@id\":\"https:\\\/\\\/darkamazi.info\\\/archives\\\/1051887#primaryimage\",\"url\":\"https:\\\/\\\/darkamazi.info\\\/darka-content\\\/uploads\\\/2026\\\/02\\\/bahceli-ocalan-hevserok-info.jpg\",\"contentUrl\":\"https:\\\/\\\/darkamazi.info\\\/darka-content\\\/uploads\\\/2026\\\/02\\\/bahceli-ocalan-hevserok-info.jpg\",\"width\":900,\"height\":500,\"caption\":\"bahceli-ocalan-hevserok-net\"},{\"@type\":\"BreadcrumbList\",\"@id\":\"https:\\\/\\\/darkamazi.info\\\/archives\\\/1051887#breadcrumb\",\"itemListElement\":[{\"@type\":\"ListItem\",\"position\":1,\"name\":\"Home\",\"item\":\"https:\\\/\\\/darkamazi.info\\\/\"},{\"@type\":\"ListItem\",\"position\":2,\"name\":\"Serok\u00ea \u00ceY\u00ce Partiy\u00ea: Bila Bah\u00e7el\u00ee Ocalan bike hevserok\u00ea MHP\u00ea\"}]},{\"@type\":\"WebSite\",\"@id\":\"https:\\\/\\\/darkamazi.info\\\/#website\",\"url\":\"https:\\\/\\\/darkamazi.info\\\/\",\"name\":\"Darka Maz\u00ee\",\"description\":\"P\u00eageha Zanyariy\u00ean Nebih\u00eest\u00ee\",\"publisher\":{\"@id\":\"https:\\\/\\\/darkamazi.info\\\/#organization\"},\"potentialAction\":[{\"@type\":\"SearchAction\",\"target\":{\"@type\":\"EntryPoint\",\"urlTemplate\":\"https:\\\/\\\/darkamazi.info\\\/?s={search_term_string}\"},\"query-input\":{\"@type\":\"PropertyValueSpecification\",\"valueRequired\":true,\"valueName\":\"search_term_string\"}}],\"inLanguage\":\"en-US\"},{\"@type\":\"Organization\",\"@id\":\"https:\\\/\\\/darkamazi.info\\\/#organization\",\"name\":\"Darka Maz\u00ee\",\"url\":\"https:\\\/\\\/darkamazi.info\\\/\",\"logo\":{\"@type\":\"ImageObject\",\"inLanguage\":\"en-US\",\"@id\":\"https:\\\/\\\/darkamazi.info\\\/#\\\/schema\\\/logo\\\/image\\\/\",\"url\":\"https:\\\/\\\/darkamazi.info\\\/darka-content\\\/uploads\\\/2017\\\/12\\\/darka-mazi-logo.png\",\"contentUrl\":\"https:\\\/\\\/darkamazi.info\\\/darka-content\\\/uploads\\\/2017\\\/12\\\/darka-mazi-logo.png\",\"width\":151,\"height\":75,\"caption\":\"Darka Maz\u00ee\"},\"image\":{\"@id\":\"https:\\\/\\\/darkamazi.info\\\/#\\\/schema\\\/logo\\\/image\\\/\"},\"sameAs\":[\"https:\\\/\\\/www.facebook.com\\\/DarMaziKurmanci\",\"https:\\\/\\\/x.com\\\/DarkaMaziLatini\",\"https:\\\/\\\/www.instagram.com\\\/darkamazi.kurmanci\\\/\",\"https:\\\/\\\/www.youtube.com\\\/channel\\\/UCa5HkTdmI8U1qCUFuTw8B2g\"]},{\"@type\":\"Person\",\"@id\":\"https:\\\/\\\/darkamazi.info\\\/#\\\/schema\\\/person\\\/5ad3e24553a0567993fa8ed4bd0a776c\",\"name\":\"darka mazi\",\"sameAs\":[\"https:\\\/\\\/darkamazi.info\\\/\"],\"url\":\"https:\\\/\\\/darkamazi.info\\\/archives\\\/author\\\/kurdi\"}]}<\/script>\n<!-- \/ Yoast SEO plugin. -->","seo_head_json":{"title":"Serok\u00ea \u00ceY\u00ce Partiy\u00ea: Bila Bah\u00e7el\u00ee Ocalan bike hevserok\u00ea MHP\u00ea - Darka Maz\u00ee","robots":{"index":"index","follow":"follow","max-snippet":"max-snippet:-1","max-image-preview":"max-image-preview:large","max-video-preview":"max-video-preview:-1"},"canonical":"https:\/\/darkamazi.info\/archives\/1051887","og_locale":"en_US","og_type":"article","og_title":"Serok\u00ea \u00ceY\u00ce Partiy\u00ea: Bila Bah\u00e7el\u00ee Ocalan bike hevserok\u00ea MHP\u00ea - Darka Maz\u00ee","og_description":"Serok\u00ea \u00ceY\u00ce Partiy\u00ea Musavat Derv\u00ee\u015foglu bertek n\u00ee\u015fan\u00ee gotin\u00ean Serok\u00ea MHPy\u00ea Devlet Bah\u00e7el\u00ee y\u00ean li ser Abdullah Ocalan da \u00fb got, &#8220;Eger tu gelek\u00ee ji w\u00ee hez dik\u00ee, rozet\u00ea p\u00ea ve bike \u00fb w\u00ee wek\u00ee hevserok\u00ea MHPy\u00ea.&#8221; Serok\u00ea \u00ceY\u00ce Partiy\u00ea Musavat Derv\u00ee\u015foglu \u00eero li parlamentoya Tirkiyey\u00ea di civ\u00eena heftane ya partiya xwe de axiv\u00ee. Musavat Derv\u00ee\u015foglu [&hellip;]","og_url":"https:\/\/darkamazi.info\/archives\/1051887","og_site_name":"Darka Maz\u00ee","article_publisher":"https:\/\/www.facebook.com\/DarMaziKurmanci","article_published_time":"2026-02-25T12:11:37+00:00","og_image":[{"width":900,"height":500,"url":"https:\/\/darkamazi.info\/file\/2026\/02\/bahceli-ocalan-hevserok-info.jpg","type":"image\/jpeg"}],"author":"darka mazi","twitter_card":"summary_large_image","twitter_creator":"@DarkaMaziLatini","twitter_site":"@DarkaMaziLatini","twitter_misc":{"Written by":"darka mazi","Est. reading time":"2 minutes"},"schema":{"@context":"https:\/\/schema.org","@graph":[{"@type":"Article","@id":"https:\/\/darkamazi.info\/archives\/1051887#article","isPartOf":{"@id":"https:\/\/darkamazi.info\/archives\/1051887"},"author":{"name":"darka mazi","@id":"https:\/\/darkamazi.info\/#\/schema\/person\/5ad3e24553a0567993fa8ed4bd0a776c"},"headline":"Serok\u00ea \u00ceY\u00ce Partiy\u00ea: Bila Bah\u00e7el\u00ee Ocalan bike hevserok\u00ea MHP\u00ea","datePublished":"2026-02-25T12:11:37+00:00","mainEntityOfPage":{"@id":"https:\/\/darkamazi.info\/archives\/1051887"},"wordCount":226,"publisher":{"@id":"https:\/\/darkamazi.info\/#organization"},"image":{"@id":"https:\/\/darkamazi.info\/archives\/1051887#primaryimage"},"thumbnailUrl":"https:\/\/darkamazi.info\/file\/2026\/02\/bahceli-ocalan-hevserok-info.jpg","keywords":["sereke"],"articleSection":["Rojhelata nav\u00een"],"inLanguage":"en-US"},{"@type":"WebPage","@id":"https:\/\/darkamazi.info\/archives\/1051887","url":"https:\/\/darkamazi.info\/archives\/1051887","name":"Serok\u00ea \u00ceY\u00ce Partiy\u00ea: Bila Bah\u00e7el\u00ee Ocalan bike hevserok\u00ea MHP\u00ea - Darka Maz\u00ee","isPartOf":{"@id":"https:\/\/darkamazi.info\/#website"},"primaryImageOfPage":{"@id":"https:\/\/darkamazi.info\/archives\/1051887#primaryimage"},"image":{"@id":"https:\/\/darkamazi.info\/archives\/1051887#primaryimage"},"thumbnailUrl":"https:\/\/darkamazi.info\/file\/2026\/02\/bahceli-ocalan-hevserok-info.jpg","datePublished":"2026-02-25T12:11:37+00:00","breadcrumb":{"@id":"https:\/\/darkamazi.info\/archives\/1051887#breadcrumb"},"inLanguage":"en-US","potentialAction":[{"@type":"ReadAction","target":["https:\/\/darkamazi.info\/archives\/1051887"]}]},{"@type":"ImageObject","inLanguage":"en-US","@id":"https:\/\/darkamazi.info\/archives\/1051887#primaryimage","url":"https:\/\/darkamazi.info\/file\/2026\/02\/bahceli-ocalan-hevserok-info.jpg","contentUrl":"https:\/\/darkamazi.info\/file\/2026\/02\/bahceli-ocalan-hevserok-info.jpg","width":900,"height":500,"caption":"bahceli-ocalan-hevserok-net"},{"@type":"BreadcrumbList","@id":"https:\/\/darkamazi.info\/archives\/1051887#breadcrumb","itemListElement":[{"@type":"ListItem","position":1,"name":"Home","item":"https:\/\/darkamazi.info\/"},{"@type":"ListItem","position":2,"name":"Serok\u00ea \u00ceY\u00ce Partiy\u00ea: Bila Bah\u00e7el\u00ee Ocalan bike hevserok\u00ea MHP\u00ea"}]},{"@type":"WebSite","@id":"https:\/\/darkamazi.info\/#website","url":"https:\/\/darkamazi.info\/","name":"Darka Maz\u00ee","description":"P\u00eageha Zanyariy\u00ean Nebih\u00eest\u00ee","publisher":{"@id":"https:\/\/darkamazi.info\/#organization"},"potentialAction":[{"@type":"SearchAction","target":{"@type":"EntryPoint","urlTemplate":"https:\/\/darkamazi.info\/?s={search_term_string}"},"query-input":{"@type":"PropertyValueSpecification","valueRequired":true,"valueName":"search_term_string"}}],"inLanguage":"en-US"},{"@type":"Organization","@id":"https:\/\/darkamazi.info\/#organization","name":"Darka Maz\u00ee","url":"https:\/\/darkamazi.info\/","logo":{"@type":"ImageObject","inLanguage":"en-US","@id":"https:\/\/darkamazi.info\/#\/schema\/logo\/image\/","url":"https:\/\/darkamazi.info\/file\/2017\/12\/darka-mazi-logo.png","contentUrl":"https:\/\/darkamazi.info\/file\/2017\/12\/darka-mazi-logo.png","width":151,"height":75,"caption":"Darka Maz\u00ee"},"image":{"@id":"https:\/\/darkamazi.info\/#\/schema\/logo\/image\/"},"sameAs":["https:\/\/www.facebook.com\/DarMaziKurmanci","https:\/\/x.com\/DarkaMaziLatini","https:\/\/www.instagram.com\/darkamazi.kurmanci\/","https:\/\/www.youtube.com\/channel\/UCa5HkTdmI8U1qCUFuTw8B2g"]},{"@type":"Person","@id":"https:\/\/darkamazi.info\/#\/schema\/person\/5ad3e24553a0567993fa8ed4bd0a776c","name":"darka mazi","sameAs":["https:\/\/darkamazi.info\/"],"url":"https:\/\/darkamazi.info\/archives\/author\/kurdi"}]}},"_links":{"self":[{"href":"https:\/\/darkamazi.info\/funavuv\/wp\/v2\/posts\/1051887","targetHints":{"allow":["GET"]}}],"collection":[{"href":"https:\/\/darkamazi.info\/funavuv\/wp\/v2\/posts"}],"about":[{"href":"https:\/\/darkamazi.info\/funavuv\/wp\/v2\/types\/post"}],"author":[{"embeddable":true,"href":"https:\/\/darkamazi.info\/funavuv\/wp\/v2\/users\/2"}],"replies":[{"embeddable":true,"href":"https:\/\/darkamazi.info\/funavuv\/wp\/v2\/comments?post=1051887"}],"version-history":[{"count":0,"href":"https:\/\/darkamazi.info\/funavuv\/wp\/v2\/posts\/1051887\/revisions"}],"wp:featuredmedia":[{"embeddable":true,"href":"https:\/\/darkamazi.info\/funavuv\/wp\/v2\/media\/1051888"}],"wp:attachment":[{"href":"https:\/\/darkamazi.info\/funavuv\/wp\/v2\/media?parent=1051887"}],"wp:term":[{"taxonomy":"category","embeddable":true,"href":"https:\/\/darkamazi.info\/funavuv\/wp\/v2\/categories?post=1051887"},{"taxonomy":"post_tag","embeddable":true,"href":"https:\/\/darkamazi.info\/funavuv\/wp\/v2\/tags?post=1051887"}],"curies":[{"name":"wp","href":"https:\/\/api.w.org\/{rel}","templated":true}]}}