{"id":1051890,"date":"2026-02-25T16:50:48","date_gmt":"2026-02-25T13:50:48","guid":{"rendered":"https:\/\/darkamazi.info\/?p=1051890"},"modified":"2026-02-25T16:50:48","modified_gmt":"2026-02-25T13:50:48","slug":"li-qamislo-malbaten-servanen-hsde-yen-winda-dipirsin-kuren-me-li-ku-ne","status":"publish","type":"post","link":"https:\/\/darkamazi.info\/archives\/1051890","title":{"rendered":"Li Qami\u015flo malbat\u00ean \u015fervan\u00ean HSD\u00ea y\u00ean winda dipirsin: Kur\u00ean me li k\u00fb ne?!"},"content":{"rendered":"<h3 style=\"text-align: justify\"><span style=\"font-family: 'arial black', sans-serif\">Li bajar\u00ea Qami\u015flo y\u00ea Rojavay\u00ea Kurdistan\u00ea, bi dehan malbat\u00ean \u015fervan\u00ean H\u00eaz\u00ean S\u00fbriyeya Demokrat\u00eek (HSD) li ber avahiya Netewey\u00ean Yekgirt\u00ee (NY) xwep\u00ea\u015fandanek li dar xistin. Malbat daxwaza a\u015fkerekirina \u00e7areniv\u00eesa kur\u00ean xwe dikin \u00ean ku di \u015fer\u00ean daw\u00ee li gel h\u00eaz\u00ean hik\u00fbmeta S\u00fbriyey\u00ea de, d\u00eel ketine yan j\u00ee winda b\u00fbne.<\/span><\/h3>\n<h3 style=\"text-align: justify\">Xwep\u00ea\u015fanderan bi hildana w\u00eane \u00fb pankartan bang li NY \u00fb r\u00eaxistin\u00ean maf\u00ean mirovan kirin ku fi\u015far\u00ea li hik\u00fbmeta \u015eam\u00ea bikin, daku girt\u00ee \u00fb d\u00eelan azad bike. Her wiha malbat ji bo k\u00eam agah\u00ee \u00fb b\u00eadengiya berpirsan j\u00ee bi gazinc in.<\/h3>\n<h3 style=\"text-align: justify\">&#8220;K\u00ee d\u00ea bersiva me bide?&#8221;<\/h3>\n<h3 style=\"text-align: justify\">Dayikeke ku di xwep\u00ea\u015fandan\u00ea de bal ki\u015fand ser kur\u00ea xwe y\u00ea ku li her\u00eama D\u00ear Hafir\u00ea winda b\u00fbye \u00fb got: &#8220;We kur\u00ea min ji bo \u00e7i bir nava Ereban? Li D\u00ear Hafir\u00ea \u00e7i dikir? K\u00ee d\u00ea bersiva min bide? Ez ti ti\u015ft\u00ee naxwazim, ez ten\u00ea kur\u00ea xwe dixwazim. Gelo niha mir\u00ee ye yan zind\u00ee ye?&#8221;<\/h3>\n<h3 style=\"text-align: justify\">\u00c7areniv\u00eesa bi sedan \u015fervanan nenas e<\/h3>\n<h3 style=\"text-align: justify\">Pi\u015ft\u00ee \u00ear\u00ee\u015f\u00ean daw\u00ee y\u00ean art\u00ea\u015fa S\u00fbriyey\u00ea bo ser xal\u00ean HSD\u00ea li gundewar\u00ean Heleb, Reqa \u00fb D\u00earezor\u00ea, aloz\u00ee di navbera her du aliyan de z\u00eade b\u00fbn. Li gor\u00ee agahiyan, bi sedan \u015fervan\u00ean HSD\u00ea di van r\u00fbdanan de ji aliy\u00ea h\u00eaz\u00ean hik\u00fbmet\u00ea ve hatine girtin yan j\u00ee di dema veki\u015f\u00een\u00ea de winda b\u00fbne.<\/h3>\n<h3 style=\"text-align: justify\">Malbat\u00ean girtiyan tekez dikin, heta hem\u00fb d\u00eel ney\u00ean berdan \u00fb \u00e7areniv\u00eesa windahiyan ney\u00ea e\u015fkere kirin, ew \u00ea \u00e7alakiy\u00ean xwe berdewam bikin. Ew daxwaz ji fermandariya HSD\u00ea j\u00ee dikin ku bi awayek\u00ee cid\u00eetir li ser v\u00ea dosyay\u00ea bixebite \u00fb malbatan agahdar bike.<\/h3>\n","protected":false},"excerpt":{"rendered":"<p>Li bajar\u00ea Qami\u015flo y\u00ea Rojavay\u00ea Kurdistan\u00ea, bi dehan malbat\u00ean \u015fervan\u00ean H\u00eaz\u00ean S\u00fbriyeya Demokrat\u00eek (HSD) li ber avahiya Netewey\u00ean Yekgirt\u00ee (NY) xwep\u00ea\u015fandanek li dar xistin. Malbat daxwaza a\u015fkerekirina \u00e7areniv\u00eesa kur\u00ean xwe dikin \u00ean ku di \u015fer\u00ean daw\u00ee li gel h\u00eaz\u00ean hik\u00fbmeta S\u00fbriyey\u00ea de, d\u00eel ketine yan j\u00ee winda b\u00fbne. Xwep\u00ea\u015fanderan bi hildana w\u00eane \u00fb pankartan bang [&hellip;]<\/p>\n","protected":false},"author":2,"featured_media":1051891,"comment_status":"closed","ping_status":"closed","sticky":false,"template":"","format":"standard","meta":{"footnotes":""},"categories":[29],"tags":[37],"class_list":["post-1051890","post","type-post","status-publish","format-standard","has-post-thumbnail","hentry","category-kurdistan","tag-sereke"],"blocksy_meta":[],"seo_head":"<!-- This site is optimized with the Yoast SEO plugin v27.5 - https:\/\/yoast.com\/product\/yoast-seo-wordpress\/ -->\n<title>Li Qami\u015flo malbat\u00ean \u015fervan\u00ean HSD\u00ea y\u00ean winda dipirsin: Kur\u00ean me li k\u00fb ne?! - Darka Maz\u00ee<\/title>\n<meta name=\"robots\" content=\"index, follow, max-snippet:-1, max-image-preview:large, max-video-preview:-1\" \/>\n<link rel=\"canonical\" href=\"https:\/\/darkamazi.info\/archives\/1051890\" \/>\n<meta property=\"og:locale\" content=\"en_US\" \/>\n<meta property=\"og:type\" content=\"article\" \/>\n<meta property=\"og:title\" content=\"Li Qami\u015flo malbat\u00ean \u015fervan\u00ean HSD\u00ea y\u00ean winda dipirsin: Kur\u00ean me li k\u00fb ne?! - Darka Maz\u00ee\" \/>\n<meta property=\"og:description\" content=\"Li bajar\u00ea Qami\u015flo y\u00ea Rojavay\u00ea Kurdistan\u00ea, bi dehan malbat\u00ean \u015fervan\u00ean H\u00eaz\u00ean S\u00fbriyeya Demokrat\u00eek (HSD) li ber avahiya Netewey\u00ean Yekgirt\u00ee (NY) xwep\u00ea\u015fandanek li dar xistin. Malbat daxwaza a\u015fkerekirina \u00e7areniv\u00eesa kur\u00ean xwe dikin \u00ean ku di \u015fer\u00ean daw\u00ee li gel h\u00eaz\u00ean hik\u00fbmeta S\u00fbriyey\u00ea de, d\u00eel ketine yan j\u00ee winda b\u00fbne. Xwep\u00ea\u015fanderan bi hildana w\u00eane \u00fb pankartan bang [&hellip;]\" \/>\n<meta property=\"og:url\" content=\"https:\/\/darkamazi.info\/archives\/1051890\" \/>\n<meta property=\"og:site_name\" content=\"Darka Maz\u00ee\" \/>\n<meta property=\"article:publisher\" content=\"https:\/\/www.facebook.com\/DarMaziKurmanci\" \/>\n<meta property=\"article:published_time\" content=\"2026-02-25T13:50:48+00:00\" \/>\n<meta property=\"og:image\" content=\"https:\/\/darkamazi.info\/file\/2026\/02\/hsd-qamislo-protesto.jpg\" \/>\n\t<meta property=\"og:image:width\" content=\"900\" \/>\n\t<meta property=\"og:image:height\" content=\"497\" \/>\n\t<meta property=\"og:image:type\" content=\"image\/jpeg\" \/>\n<meta name=\"author\" content=\"darka mazi\" \/>\n<meta name=\"twitter:card\" content=\"summary_large_image\" \/>\n<meta name=\"twitter:creator\" content=\"@DarkaMaziLatini\" \/>\n<meta name=\"twitter:site\" content=\"@DarkaMaziLatini\" \/>\n<meta name=\"twitter:label1\" content=\"Written by\" \/>\n\t<meta name=\"twitter:data1\" content=\"darka mazi\" \/>\n\t<meta name=\"twitter:label2\" content=\"Est. reading time\" \/>\n\t<meta name=\"twitter:data2\" content=\"2 minutes\" \/>\n<script type=\"application\/ld+json\" class=\"seo-schema-graph\">{\"@context\":\"https:\\\/\\\/schema.org\",\"@graph\":[{\"@type\":\"Article\",\"@id\":\"https:\\\/\\\/darkamazi.info\\\/archives\\\/1051890#article\",\"isPartOf\":{\"@id\":\"https:\\\/\\\/darkamazi.info\\\/archives\\\/1051890\"},\"author\":{\"name\":\"darka mazi\",\"@id\":\"https:\\\/\\\/darkamazi.info\\\/#\\\/schema\\\/person\\\/5ad3e24553a0567993fa8ed4bd0a776c\"},\"headline\":\"Li Qami\u015flo malbat\u00ean \u015fervan\u00ean HSD\u00ea y\u00ean winda dipirsin: Kur\u00ean me li k\u00fb ne?!\",\"datePublished\":\"2026-02-25T13:50:48+00:00\",\"mainEntityOfPage\":{\"@id\":\"https:\\\/\\\/darkamazi.info\\\/archives\\\/1051890\"},\"wordCount\":316,\"publisher\":{\"@id\":\"https:\\\/\\\/darkamazi.info\\\/#organization\"},\"image\":{\"@id\":\"https:\\\/\\\/darkamazi.info\\\/archives\\\/1051890#primaryimage\"},\"thumbnailUrl\":\"https:\\\/\\\/darkamazi.info\\\/darka-content\\\/uploads\\\/2026\\\/02\\\/hsd-qamislo-protesto.jpg\",\"keywords\":[\"sereke\"],\"articleSection\":[\"Kurdistan\"],\"inLanguage\":\"en-US\"},{\"@type\":\"WebPage\",\"@id\":\"https:\\\/\\\/darkamazi.info\\\/archives\\\/1051890\",\"url\":\"https:\\\/\\\/darkamazi.info\\\/archives\\\/1051890\",\"name\":\"Li Qami\u015flo malbat\u00ean \u015fervan\u00ean HSD\u00ea y\u00ean winda dipirsin: Kur\u00ean me li k\u00fb ne?! - Darka Maz\u00ee\",\"isPartOf\":{\"@id\":\"https:\\\/\\\/darkamazi.info\\\/#website\"},\"primaryImageOfPage\":{\"@id\":\"https:\\\/\\\/darkamazi.info\\\/archives\\\/1051890#primaryimage\"},\"image\":{\"@id\":\"https:\\\/\\\/darkamazi.info\\\/archives\\\/1051890#primaryimage\"},\"thumbnailUrl\":\"https:\\\/\\\/darkamazi.info\\\/darka-content\\\/uploads\\\/2026\\\/02\\\/hsd-qamislo-protesto.jpg\",\"datePublished\":\"2026-02-25T13:50:48+00:00\",\"breadcrumb\":{\"@id\":\"https:\\\/\\\/darkamazi.info\\\/archives\\\/1051890#breadcrumb\"},\"inLanguage\":\"en-US\",\"potentialAction\":[{\"@type\":\"ReadAction\",\"target\":[\"https:\\\/\\\/darkamazi.info\\\/archives\\\/1051890\"]}]},{\"@type\":\"ImageObject\",\"inLanguage\":\"en-US\",\"@id\":\"https:\\\/\\\/darkamazi.info\\\/archives\\\/1051890#primaryimage\",\"url\":\"https:\\\/\\\/darkamazi.info\\\/darka-content\\\/uploads\\\/2026\\\/02\\\/hsd-qamislo-protesto.jpg\",\"contentUrl\":\"https:\\\/\\\/darkamazi.info\\\/darka-content\\\/uploads\\\/2026\\\/02\\\/hsd-qamislo-protesto.jpg\",\"width\":900,\"height\":497,\"caption\":\"Li Qami\u015flo malbat\u00ean \u015fervan\u00ean HSD\u00ea y\u00ean winda dipirsin: Kur\u00ean me li k\u00fb ne?!\"},{\"@type\":\"BreadcrumbList\",\"@id\":\"https:\\\/\\\/darkamazi.info\\\/archives\\\/1051890#breadcrumb\",\"itemListElement\":[{\"@type\":\"ListItem\",\"position\":1,\"name\":\"Home\",\"item\":\"https:\\\/\\\/darkamazi.info\\\/\"},{\"@type\":\"ListItem\",\"position\":2,\"name\":\"Li Qami\u015flo malbat\u00ean \u015fervan\u00ean HSD\u00ea y\u00ean winda dipirsin: Kur\u00ean me li k\u00fb ne?!\"}]},{\"@type\":\"WebSite\",\"@id\":\"https:\\\/\\\/darkamazi.info\\\/#website\",\"url\":\"https:\\\/\\\/darkamazi.info\\\/\",\"name\":\"Darka Maz\u00ee\",\"description\":\"P\u00eageha Zanyariy\u00ean Nebih\u00eest\u00ee\",\"publisher\":{\"@id\":\"https:\\\/\\\/darkamazi.info\\\/#organization\"},\"potentialAction\":[{\"@type\":\"SearchAction\",\"target\":{\"@type\":\"EntryPoint\",\"urlTemplate\":\"https:\\\/\\\/darkamazi.info\\\/?s={search_term_string}\"},\"query-input\":{\"@type\":\"PropertyValueSpecification\",\"valueRequired\":true,\"valueName\":\"search_term_string\"}}],\"inLanguage\":\"en-US\"},{\"@type\":\"Organization\",\"@id\":\"https:\\\/\\\/darkamazi.info\\\/#organization\",\"name\":\"Darka Maz\u00ee\",\"url\":\"https:\\\/\\\/darkamazi.info\\\/\",\"logo\":{\"@type\":\"ImageObject\",\"inLanguage\":\"en-US\",\"@id\":\"https:\\\/\\\/darkamazi.info\\\/#\\\/schema\\\/logo\\\/image\\\/\",\"url\":\"https:\\\/\\\/darkamazi.info\\\/darka-content\\\/uploads\\\/2017\\\/12\\\/darka-mazi-logo.png\",\"contentUrl\":\"https:\\\/\\\/darkamazi.info\\\/darka-content\\\/uploads\\\/2017\\\/12\\\/darka-mazi-logo.png\",\"width\":151,\"height\":75,\"caption\":\"Darka Maz\u00ee\"},\"image\":{\"@id\":\"https:\\\/\\\/darkamazi.info\\\/#\\\/schema\\\/logo\\\/image\\\/\"},\"sameAs\":[\"https:\\\/\\\/www.facebook.com\\\/DarMaziKurmanci\",\"https:\\\/\\\/x.com\\\/DarkaMaziLatini\",\"https:\\\/\\\/www.instagram.com\\\/darkamazi.kurmanci\\\/\",\"https:\\\/\\\/www.youtube.com\\\/channel\\\/UCa5HkTdmI8U1qCUFuTw8B2g\"]},{\"@type\":\"Person\",\"@id\":\"https:\\\/\\\/darkamazi.info\\\/#\\\/schema\\\/person\\\/5ad3e24553a0567993fa8ed4bd0a776c\",\"name\":\"darka mazi\",\"sameAs\":[\"https:\\\/\\\/darkamazi.info\\\/\"],\"url\":\"https:\\\/\\\/darkamazi.info\\\/archives\\\/author\\\/kurdi\"}]}<\/script>\n<!-- \/ Yoast SEO plugin. -->","seo_head_json":{"title":"Li Qami\u015flo malbat\u00ean \u015fervan\u00ean HSD\u00ea y\u00ean winda dipirsin: Kur\u00ean me li k\u00fb ne?! - Darka Maz\u00ee","robots":{"index":"index","follow":"follow","max-snippet":"max-snippet:-1","max-image-preview":"max-image-preview:large","max-video-preview":"max-video-preview:-1"},"canonical":"https:\/\/darkamazi.info\/archives\/1051890","og_locale":"en_US","og_type":"article","og_title":"Li Qami\u015flo malbat\u00ean \u015fervan\u00ean HSD\u00ea y\u00ean winda dipirsin: Kur\u00ean me li k\u00fb ne?! - Darka Maz\u00ee","og_description":"Li bajar\u00ea Qami\u015flo y\u00ea Rojavay\u00ea Kurdistan\u00ea, bi dehan malbat\u00ean \u015fervan\u00ean H\u00eaz\u00ean S\u00fbriyeya Demokrat\u00eek (HSD) li ber avahiya Netewey\u00ean Yekgirt\u00ee (NY) xwep\u00ea\u015fandanek li dar xistin. Malbat daxwaza a\u015fkerekirina \u00e7areniv\u00eesa kur\u00ean xwe dikin \u00ean ku di \u015fer\u00ean daw\u00ee li gel h\u00eaz\u00ean hik\u00fbmeta S\u00fbriyey\u00ea de, d\u00eel ketine yan j\u00ee winda b\u00fbne. Xwep\u00ea\u015fanderan bi hildana w\u00eane \u00fb pankartan bang [&hellip;]","og_url":"https:\/\/darkamazi.info\/archives\/1051890","og_site_name":"Darka Maz\u00ee","article_publisher":"https:\/\/www.facebook.com\/DarMaziKurmanci","article_published_time":"2026-02-25T13:50:48+00:00","og_image":[{"width":900,"height":497,"url":"https:\/\/darkamazi.info\/file\/2026\/02\/hsd-qamislo-protesto.jpg","type":"image\/jpeg"}],"author":"darka mazi","twitter_card":"summary_large_image","twitter_creator":"@DarkaMaziLatini","twitter_site":"@DarkaMaziLatini","twitter_misc":{"Written by":"darka mazi","Est. reading time":"2 minutes"},"schema":{"@context":"https:\/\/schema.org","@graph":[{"@type":"Article","@id":"https:\/\/darkamazi.info\/archives\/1051890#article","isPartOf":{"@id":"https:\/\/darkamazi.info\/archives\/1051890"},"author":{"name":"darka mazi","@id":"https:\/\/darkamazi.info\/#\/schema\/person\/5ad3e24553a0567993fa8ed4bd0a776c"},"headline":"Li Qami\u015flo malbat\u00ean \u015fervan\u00ean HSD\u00ea y\u00ean winda dipirsin: Kur\u00ean me li k\u00fb ne?!","datePublished":"2026-02-25T13:50:48+00:00","mainEntityOfPage":{"@id":"https:\/\/darkamazi.info\/archives\/1051890"},"wordCount":316,"publisher":{"@id":"https:\/\/darkamazi.info\/#organization"},"image":{"@id":"https:\/\/darkamazi.info\/archives\/1051890#primaryimage"},"thumbnailUrl":"https:\/\/darkamazi.info\/file\/2026\/02\/hsd-qamislo-protesto.jpg","keywords":["sereke"],"articleSection":["Kurdistan"],"inLanguage":"en-US"},{"@type":"WebPage","@id":"https:\/\/darkamazi.info\/archives\/1051890","url":"https:\/\/darkamazi.info\/archives\/1051890","name":"Li Qami\u015flo malbat\u00ean \u015fervan\u00ean HSD\u00ea y\u00ean winda dipirsin: Kur\u00ean me li k\u00fb ne?! - Darka Maz\u00ee","isPartOf":{"@id":"https:\/\/darkamazi.info\/#website"},"primaryImageOfPage":{"@id":"https:\/\/darkamazi.info\/archives\/1051890#primaryimage"},"image":{"@id":"https:\/\/darkamazi.info\/archives\/1051890#primaryimage"},"thumbnailUrl":"https:\/\/darkamazi.info\/file\/2026\/02\/hsd-qamislo-protesto.jpg","datePublished":"2026-02-25T13:50:48+00:00","breadcrumb":{"@id":"https:\/\/darkamazi.info\/archives\/1051890#breadcrumb"},"inLanguage":"en-US","potentialAction":[{"@type":"ReadAction","target":["https:\/\/darkamazi.info\/archives\/1051890"]}]},{"@type":"ImageObject","inLanguage":"en-US","@id":"https:\/\/darkamazi.info\/archives\/1051890#primaryimage","url":"https:\/\/darkamazi.info\/file\/2026\/02\/hsd-qamislo-protesto.jpg","contentUrl":"https:\/\/darkamazi.info\/file\/2026\/02\/hsd-qamislo-protesto.jpg","width":900,"height":497,"caption":"Li Qami\u015flo malbat\u00ean \u015fervan\u00ean HSD\u00ea y\u00ean winda dipirsin: Kur\u00ean me li k\u00fb ne?!"},{"@type":"BreadcrumbList","@id":"https:\/\/darkamazi.info\/archives\/1051890#breadcrumb","itemListElement":[{"@type":"ListItem","position":1,"name":"Home","item":"https:\/\/darkamazi.info\/"},{"@type":"ListItem","position":2,"name":"Li Qami\u015flo malbat\u00ean \u015fervan\u00ean HSD\u00ea y\u00ean winda dipirsin: Kur\u00ean me li k\u00fb ne?!"}]},{"@type":"WebSite","@id":"https:\/\/darkamazi.info\/#website","url":"https:\/\/darkamazi.info\/","name":"Darka Maz\u00ee","description":"P\u00eageha Zanyariy\u00ean Nebih\u00eest\u00ee","publisher":{"@id":"https:\/\/darkamazi.info\/#organization"},"potentialAction":[{"@type":"SearchAction","target":{"@type":"EntryPoint","urlTemplate":"https:\/\/darkamazi.info\/?s={search_term_string}"},"query-input":{"@type":"PropertyValueSpecification","valueRequired":true,"valueName":"search_term_string"}}],"inLanguage":"en-US"},{"@type":"Organization","@id":"https:\/\/darkamazi.info\/#organization","name":"Darka Maz\u00ee","url":"https:\/\/darkamazi.info\/","logo":{"@type":"ImageObject","inLanguage":"en-US","@id":"https:\/\/darkamazi.info\/#\/schema\/logo\/image\/","url":"https:\/\/darkamazi.info\/file\/2017\/12\/darka-mazi-logo.png","contentUrl":"https:\/\/darkamazi.info\/file\/2017\/12\/darka-mazi-logo.png","width":151,"height":75,"caption":"Darka Maz\u00ee"},"image":{"@id":"https:\/\/darkamazi.info\/#\/schema\/logo\/image\/"},"sameAs":["https:\/\/www.facebook.com\/DarMaziKurmanci","https:\/\/x.com\/DarkaMaziLatini","https:\/\/www.instagram.com\/darkamazi.kurmanci\/","https:\/\/www.youtube.com\/channel\/UCa5HkTdmI8U1qCUFuTw8B2g"]},{"@type":"Person","@id":"https:\/\/darkamazi.info\/#\/schema\/person\/5ad3e24553a0567993fa8ed4bd0a776c","name":"darka mazi","sameAs":["https:\/\/darkamazi.info\/"],"url":"https:\/\/darkamazi.info\/archives\/author\/kurdi"}]}},"_links":{"self":[{"href":"https:\/\/darkamazi.info\/funavuv\/wp\/v2\/posts\/1051890","targetHints":{"allow":["GET"]}}],"collection":[{"href":"https:\/\/darkamazi.info\/funavuv\/wp\/v2\/posts"}],"about":[{"href":"https:\/\/darkamazi.info\/funavuv\/wp\/v2\/types\/post"}],"author":[{"embeddable":true,"href":"https:\/\/darkamazi.info\/funavuv\/wp\/v2\/users\/2"}],"replies":[{"embeddable":true,"href":"https:\/\/darkamazi.info\/funavuv\/wp\/v2\/comments?post=1051890"}],"version-history":[{"count":0,"href":"https:\/\/darkamazi.info\/funavuv\/wp\/v2\/posts\/1051890\/revisions"}],"wp:featuredmedia":[{"embeddable":true,"href":"https:\/\/darkamazi.info\/funavuv\/wp\/v2\/media\/1051891"}],"wp:attachment":[{"href":"https:\/\/darkamazi.info\/funavuv\/wp\/v2\/media?parent=1051890"}],"wp:term":[{"taxonomy":"category","embeddable":true,"href":"https:\/\/darkamazi.info\/funavuv\/wp\/v2\/categories?post=1051890"},{"taxonomy":"post_tag","embeddable":true,"href":"https:\/\/darkamazi.info\/funavuv\/wp\/v2\/tags?post=1051890"}],"curies":[{"name":"wp","href":"https:\/\/api.w.org\/{rel}","templated":true}]}}