{"id":1051893,"date":"2026-02-25T19:17:05","date_gmt":"2026-02-25T16:17:05","guid":{"rendered":"https:\/\/darkamazi.info\/?p=1051893"},"modified":"2026-02-25T19:17:05","modified_gmt":"2026-02-25T16:17:05","slug":"ilham-ehmed-dive-mafen-hemi-pekhateyen-suriyeye-ben-parastin","status":"publish","type":"post","link":"https:\/\/darkamazi.info\/archives\/1051893","title":{"rendered":"\u00celham Ehmed: Div\u00ea maf\u00ean hem\u00ee p\u00eakhatey\u00ean S\u00fbriyey\u00ea b\u00ean parastin"},"content":{"rendered":"<h3 style=\"text-align: justify\"><span style=\"font-family: 'arial black', sans-serif\">Hevseroka T\u00eakiliy\u00ean Derve ya R\u00eaveberiya Xweser ragihand ku, ev bi dehan sal e ku maf\u00ean Kurdan li S\u00fbriyey\u00ea hatine binp\u00eakirin. Di seranser\u00ea d\u00eerok\u00ea de, Kurdan xizmeta mirovahiy\u00ea kiriye \u00fb ji bo bidestxistina azadiy\u00ea gelek t\u00eako\u015fan kiriye. Me li dij\u00ee DAI\u015e\u00ea \u015fer kir \u00fb me mirovah\u00ee ji \u015ferek\u00ee mezin rizgar kir.<\/span><\/h3>\n<h3 style=\"text-align: justify\">Hevseroka T\u00eakiliy\u00ean Derve ya R\u00eaveberiya Xweser \u00celham Ehmed \u00eero (\u00c7ar\u015fem, 25\u00ea Sibata 2026\u00ea) ragihand: Em dixwazin ku p\u00eakhatey\u00ean S\u00fbriyey\u00ea bi azad\u00ee bij\u00een \u00fb div\u00ea maf\u00ean hem\u00ee p\u00eakhatey\u00ean S\u00fbriyey\u00ea b\u00ean parastin.<\/h3>\n<h3 style=\"text-align: justify\">\u00celham Ehmed amaje j\u00ee da: Ev bi dehan sal e ku maf\u00ean Kurdan li S\u00fbriyey\u00ea hatine binp\u00eakirin. Di seranser\u00ea d\u00eerok\u00ea de, Kurdan xizmeta mirovahiy\u00ea kiriye \u00fb ji bo bidestxistina azadiy\u00ea gelek t\u00eako\u015fan kiriye. Me li dij\u00ee DAI\u015e\u00ea \u015fer kir \u00fb me mirovah\u00ee ji \u015ferek\u00ee mezin rizgar kir.<\/h3>\n<h3 style=\"text-align: justify\">W\u00ea herwesa got: Li beranber\u00ee w\u00ee \u015fer\u00ea ku me li dij\u00ee teror\u00eest\u00ean DAI\u015e\u00ea kiriye, maf\u00ea her\u00ee k\u00eam binecihkirina maf\u00ean Kurdan di dest\u00fbra S\u00fbriyey\u00ea de ye, ew p\u00eangava ku div\u00ea b\u00ea av\u00eatin h\u00een j\u00ee nehatiye av\u00eatin.<\/h3>\n<h3 style=\"text-align: justify\">\u00celham Ehmed amaje j\u00ee da: Div\u00ea s\u00eestemek hebe ku maf\u00ean jinan bipar\u00eaze. Ev peyman hatiye \u00e7\u00eakirin, hevf\u00eamkirin di navbera h\u00eaz\u00ean ewlehiy\u00ea de hatiye kirin, pirsgir\u00eak \u00fb asteng\u00ee h\u00een j\u00ee mane, l\u00ea em li ser dan\u00fbstandinan berdewam in ka em \u00e7awa wan \u00e7areser bikin bikin.<\/h3>\n<h3 style=\"text-align: justify\">Hevseroka T\u00eakiliy\u00ean Derve ya R\u00eaveberiya Xweser tekez j\u00ee kir ku, dezgeh\u00ean ragihandin\u00ea y\u00ean n\u00eaz\u00eek\u00ee hik\u00fbmeta S\u00fbriyey\u00ea roleke xirab di mezinkirina pirsgir\u00eakan \u00fb belavkirina ziman\u00ea tund\u00fbt\u00fbjiy\u00ea de dil\u00eezin.<\/h3>\n","protected":false},"excerpt":{"rendered":"<p>Hevseroka T\u00eakiliy\u00ean Derve ya R\u00eaveberiya Xweser ragihand ku, ev bi dehan sal e ku maf\u00ean Kurdan li S\u00fbriyey\u00ea hatine binp\u00eakirin. Di seranser\u00ea d\u00eerok\u00ea de, Kurdan xizmeta mirovahiy\u00ea kiriye \u00fb ji bo bidestxistina azadiy\u00ea gelek t\u00eako\u015fan kiriye. Me li dij\u00ee DAI\u015e\u00ea \u015fer kir \u00fb me mirovah\u00ee ji \u015ferek\u00ee mezin rizgar kir. Hevseroka T\u00eakiliy\u00ean Derve ya R\u00eaveberiya [&hellip;]<\/p>\n","protected":false},"author":2,"featured_media":1051894,"comment_status":"closed","ping_status":"closed","sticky":false,"template":"","format":"standard","meta":{"footnotes":""},"categories":[29],"tags":[37],"class_list":["post-1051893","post","type-post","status-publish","format-standard","has-post-thumbnail","hentry","category-kurdistan","tag-sereke"],"blocksy_meta":[],"seo_head":"<!-- This site is optimized with the Yoast SEO plugin v27.5 - https:\/\/yoast.com\/product\/yoast-seo-wordpress\/ -->\n<title>\u00celham Ehmed: Div\u00ea maf\u00ean hem\u00ee p\u00eakhatey\u00ean S\u00fbriyey\u00ea b\u00ean parastin - Darka Maz\u00ee<\/title>\n<meta name=\"robots\" content=\"index, follow, max-snippet:-1, max-image-preview:large, max-video-preview:-1\" \/>\n<link rel=\"canonical\" href=\"https:\/\/darkamazi.info\/archives\/1051893\" \/>\n<meta property=\"og:locale\" content=\"en_US\" \/>\n<meta property=\"og:type\" content=\"article\" \/>\n<meta property=\"og:title\" content=\"\u00celham Ehmed: Div\u00ea maf\u00ean hem\u00ee p\u00eakhatey\u00ean S\u00fbriyey\u00ea b\u00ean parastin - Darka Maz\u00ee\" \/>\n<meta property=\"og:description\" content=\"Hevseroka T\u00eakiliy\u00ean Derve ya R\u00eaveberiya Xweser ragihand ku, ev bi dehan sal e ku maf\u00ean Kurdan li S\u00fbriyey\u00ea hatine binp\u00eakirin. Di seranser\u00ea d\u00eerok\u00ea de, Kurdan xizmeta mirovahiy\u00ea kiriye \u00fb ji bo bidestxistina azadiy\u00ea gelek t\u00eako\u015fan kiriye. Me li dij\u00ee DAI\u015e\u00ea \u015fer kir \u00fb me mirovah\u00ee ji \u015ferek\u00ee mezin rizgar kir. Hevseroka T\u00eakiliy\u00ean Derve ya R\u00eaveberiya [&hellip;]\" \/>\n<meta property=\"og:url\" content=\"https:\/\/darkamazi.info\/archives\/1051893\" \/>\n<meta property=\"og:site_name\" content=\"Darka Maz\u00ee\" \/>\n<meta property=\"article:publisher\" content=\"https:\/\/www.facebook.com\/DarMaziKurmanci\" \/>\n<meta property=\"article:published_time\" content=\"2026-02-25T16:17:05+00:00\" \/>\n<meta property=\"og:image\" content=\"https:\/\/darkamazi.info\/file\/2026\/02\/ilham-ehmed-rohilat-efrin.jpg\" \/>\n\t<meta property=\"og:image:width\" content=\"900\" \/>\n\t<meta property=\"og:image:height\" content=\"497\" \/>\n\t<meta property=\"og:image:type\" content=\"image\/jpeg\" \/>\n<meta name=\"author\" content=\"darka mazi\" \/>\n<meta name=\"twitter:card\" content=\"summary_large_image\" \/>\n<meta name=\"twitter:creator\" content=\"@DarkaMaziLatini\" \/>\n<meta name=\"twitter:site\" content=\"@DarkaMaziLatini\" \/>\n<meta name=\"twitter:label1\" content=\"Written by\" \/>\n\t<meta name=\"twitter:data1\" content=\"darka mazi\" \/>\n\t<meta name=\"twitter:label2\" content=\"Est. reading time\" \/>\n\t<meta name=\"twitter:data2\" content=\"2 minutes\" \/>\n<script type=\"application\/ld+json\" class=\"seo-schema-graph\">{\"@context\":\"https:\\\/\\\/schema.org\",\"@graph\":[{\"@type\":\"Article\",\"@id\":\"https:\\\/\\\/darkamazi.info\\\/archives\\\/1051893#article\",\"isPartOf\":{\"@id\":\"https:\\\/\\\/darkamazi.info\\\/archives\\\/1051893\"},\"author\":{\"name\":\"darka mazi\",\"@id\":\"https:\\\/\\\/darkamazi.info\\\/#\\\/schema\\\/person\\\/5ad3e24553a0567993fa8ed4bd0a776c\"},\"headline\":\"\u00celham Ehmed: Div\u00ea maf\u00ean hem\u00ee p\u00eakhatey\u00ean S\u00fbriyey\u00ea b\u00ean parastin\",\"datePublished\":\"2026-02-25T16:17:05+00:00\",\"mainEntityOfPage\":{\"@id\":\"https:\\\/\\\/darkamazi.info\\\/archives\\\/1051893\"},\"wordCount\":298,\"publisher\":{\"@id\":\"https:\\\/\\\/darkamazi.info\\\/#organization\"},\"image\":{\"@id\":\"https:\\\/\\\/darkamazi.info\\\/archives\\\/1051893#primaryimage\"},\"thumbnailUrl\":\"https:\\\/\\\/darkamazi.info\\\/darka-content\\\/uploads\\\/2026\\\/02\\\/ilham-ehmed-rohilat-efrin.jpg\",\"keywords\":[\"sereke\"],\"articleSection\":[\"Kurdistan\"],\"inLanguage\":\"en-US\"},{\"@type\":\"WebPage\",\"@id\":\"https:\\\/\\\/darkamazi.info\\\/archives\\\/1051893\",\"url\":\"https:\\\/\\\/darkamazi.info\\\/archives\\\/1051893\",\"name\":\"\u00celham Ehmed: Div\u00ea maf\u00ean hem\u00ee p\u00eakhatey\u00ean S\u00fbriyey\u00ea b\u00ean parastin - Darka Maz\u00ee\",\"isPartOf\":{\"@id\":\"https:\\\/\\\/darkamazi.info\\\/#website\"},\"primaryImageOfPage\":{\"@id\":\"https:\\\/\\\/darkamazi.info\\\/archives\\\/1051893#primaryimage\"},\"image\":{\"@id\":\"https:\\\/\\\/darkamazi.info\\\/archives\\\/1051893#primaryimage\"},\"thumbnailUrl\":\"https:\\\/\\\/darkamazi.info\\\/darka-content\\\/uploads\\\/2026\\\/02\\\/ilham-ehmed-rohilat-efrin.jpg\",\"datePublished\":\"2026-02-25T16:17:05+00:00\",\"breadcrumb\":{\"@id\":\"https:\\\/\\\/darkamazi.info\\\/archives\\\/1051893#breadcrumb\"},\"inLanguage\":\"en-US\",\"potentialAction\":[{\"@type\":\"ReadAction\",\"target\":[\"https:\\\/\\\/darkamazi.info\\\/archives\\\/1051893\"]}]},{\"@type\":\"ImageObject\",\"inLanguage\":\"en-US\",\"@id\":\"https:\\\/\\\/darkamazi.info\\\/archives\\\/1051893#primaryimage\",\"url\":\"https:\\\/\\\/darkamazi.info\\\/darka-content\\\/uploads\\\/2026\\\/02\\\/ilham-ehmed-rohilat-efrin.jpg\",\"contentUrl\":\"https:\\\/\\\/darkamazi.info\\\/darka-content\\\/uploads\\\/2026\\\/02\\\/ilham-ehmed-rohilat-efrin.jpg\",\"width\":900,\"height\":497,\"caption\":\"\u00celham Ehmed: Div\u00ea maf\u00ean hem\u00ee p\u00eakhatey\u00ean S\u00fbriyey\u00ea b\u00ean parastin\"},{\"@type\":\"BreadcrumbList\",\"@id\":\"https:\\\/\\\/darkamazi.info\\\/archives\\\/1051893#breadcrumb\",\"itemListElement\":[{\"@type\":\"ListItem\",\"position\":1,\"name\":\"Home\",\"item\":\"https:\\\/\\\/darkamazi.info\\\/\"},{\"@type\":\"ListItem\",\"position\":2,\"name\":\"\u00celham Ehmed: Div\u00ea maf\u00ean hem\u00ee p\u00eakhatey\u00ean S\u00fbriyey\u00ea b\u00ean parastin\"}]},{\"@type\":\"WebSite\",\"@id\":\"https:\\\/\\\/darkamazi.info\\\/#website\",\"url\":\"https:\\\/\\\/darkamazi.info\\\/\",\"name\":\"Darka Maz\u00ee\",\"description\":\"P\u00eageha Zanyariy\u00ean Nebih\u00eest\u00ee\",\"publisher\":{\"@id\":\"https:\\\/\\\/darkamazi.info\\\/#organization\"},\"potentialAction\":[{\"@type\":\"SearchAction\",\"target\":{\"@type\":\"EntryPoint\",\"urlTemplate\":\"https:\\\/\\\/darkamazi.info\\\/?s={search_term_string}\"},\"query-input\":{\"@type\":\"PropertyValueSpecification\",\"valueRequired\":true,\"valueName\":\"search_term_string\"}}],\"inLanguage\":\"en-US\"},{\"@type\":\"Organization\",\"@id\":\"https:\\\/\\\/darkamazi.info\\\/#organization\",\"name\":\"Darka Maz\u00ee\",\"url\":\"https:\\\/\\\/darkamazi.info\\\/\",\"logo\":{\"@type\":\"ImageObject\",\"inLanguage\":\"en-US\",\"@id\":\"https:\\\/\\\/darkamazi.info\\\/#\\\/schema\\\/logo\\\/image\\\/\",\"url\":\"https:\\\/\\\/darkamazi.info\\\/darka-content\\\/uploads\\\/2017\\\/12\\\/darka-mazi-logo.png\",\"contentUrl\":\"https:\\\/\\\/darkamazi.info\\\/darka-content\\\/uploads\\\/2017\\\/12\\\/darka-mazi-logo.png\",\"width\":151,\"height\":75,\"caption\":\"Darka Maz\u00ee\"},\"image\":{\"@id\":\"https:\\\/\\\/darkamazi.info\\\/#\\\/schema\\\/logo\\\/image\\\/\"},\"sameAs\":[\"https:\\\/\\\/www.facebook.com\\\/DarMaziKurmanci\",\"https:\\\/\\\/x.com\\\/DarkaMaziLatini\",\"https:\\\/\\\/www.instagram.com\\\/darkamazi.kurmanci\\\/\",\"https:\\\/\\\/www.youtube.com\\\/channel\\\/UCa5HkTdmI8U1qCUFuTw8B2g\"]},{\"@type\":\"Person\",\"@id\":\"https:\\\/\\\/darkamazi.info\\\/#\\\/schema\\\/person\\\/5ad3e24553a0567993fa8ed4bd0a776c\",\"name\":\"darka mazi\",\"sameAs\":[\"https:\\\/\\\/darkamazi.info\\\/\"],\"url\":\"https:\\\/\\\/darkamazi.info\\\/archives\\\/author\\\/kurdi\"}]}<\/script>\n<!-- \/ Yoast SEO plugin. -->","seo_head_json":{"title":"\u00celham Ehmed: Div\u00ea maf\u00ean hem\u00ee p\u00eakhatey\u00ean S\u00fbriyey\u00ea b\u00ean parastin - Darka Maz\u00ee","robots":{"index":"index","follow":"follow","max-snippet":"max-snippet:-1","max-image-preview":"max-image-preview:large","max-video-preview":"max-video-preview:-1"},"canonical":"https:\/\/darkamazi.info\/archives\/1051893","og_locale":"en_US","og_type":"article","og_title":"\u00celham Ehmed: Div\u00ea maf\u00ean hem\u00ee p\u00eakhatey\u00ean S\u00fbriyey\u00ea b\u00ean parastin - Darka Maz\u00ee","og_description":"Hevseroka T\u00eakiliy\u00ean Derve ya R\u00eaveberiya Xweser ragihand ku, ev bi dehan sal e ku maf\u00ean Kurdan li S\u00fbriyey\u00ea hatine binp\u00eakirin. Di seranser\u00ea d\u00eerok\u00ea de, Kurdan xizmeta mirovahiy\u00ea kiriye \u00fb ji bo bidestxistina azadiy\u00ea gelek t\u00eako\u015fan kiriye. Me li dij\u00ee DAI\u015e\u00ea \u015fer kir \u00fb me mirovah\u00ee ji \u015ferek\u00ee mezin rizgar kir. Hevseroka T\u00eakiliy\u00ean Derve ya R\u00eaveberiya [&hellip;]","og_url":"https:\/\/darkamazi.info\/archives\/1051893","og_site_name":"Darka Maz\u00ee","article_publisher":"https:\/\/www.facebook.com\/DarMaziKurmanci","article_published_time":"2026-02-25T16:17:05+00:00","og_image":[{"width":900,"height":497,"url":"https:\/\/darkamazi.info\/file\/2026\/02\/ilham-ehmed-rohilat-efrin.jpg","type":"image\/jpeg"}],"author":"darka mazi","twitter_card":"summary_large_image","twitter_creator":"@DarkaMaziLatini","twitter_site":"@DarkaMaziLatini","twitter_misc":{"Written by":"darka mazi","Est. reading time":"2 minutes"},"schema":{"@context":"https:\/\/schema.org","@graph":[{"@type":"Article","@id":"https:\/\/darkamazi.info\/archives\/1051893#article","isPartOf":{"@id":"https:\/\/darkamazi.info\/archives\/1051893"},"author":{"name":"darka mazi","@id":"https:\/\/darkamazi.info\/#\/schema\/person\/5ad3e24553a0567993fa8ed4bd0a776c"},"headline":"\u00celham Ehmed: Div\u00ea maf\u00ean hem\u00ee p\u00eakhatey\u00ean S\u00fbriyey\u00ea b\u00ean parastin","datePublished":"2026-02-25T16:17:05+00:00","mainEntityOfPage":{"@id":"https:\/\/darkamazi.info\/archives\/1051893"},"wordCount":298,"publisher":{"@id":"https:\/\/darkamazi.info\/#organization"},"image":{"@id":"https:\/\/darkamazi.info\/archives\/1051893#primaryimage"},"thumbnailUrl":"https:\/\/darkamazi.info\/file\/2026\/02\/ilham-ehmed-rohilat-efrin.jpg","keywords":["sereke"],"articleSection":["Kurdistan"],"inLanguage":"en-US"},{"@type":"WebPage","@id":"https:\/\/darkamazi.info\/archives\/1051893","url":"https:\/\/darkamazi.info\/archives\/1051893","name":"\u00celham Ehmed: Div\u00ea maf\u00ean hem\u00ee p\u00eakhatey\u00ean S\u00fbriyey\u00ea b\u00ean parastin - Darka Maz\u00ee","isPartOf":{"@id":"https:\/\/darkamazi.info\/#website"},"primaryImageOfPage":{"@id":"https:\/\/darkamazi.info\/archives\/1051893#primaryimage"},"image":{"@id":"https:\/\/darkamazi.info\/archives\/1051893#primaryimage"},"thumbnailUrl":"https:\/\/darkamazi.info\/file\/2026\/02\/ilham-ehmed-rohilat-efrin.jpg","datePublished":"2026-02-25T16:17:05+00:00","breadcrumb":{"@id":"https:\/\/darkamazi.info\/archives\/1051893#breadcrumb"},"inLanguage":"en-US","potentialAction":[{"@type":"ReadAction","target":["https:\/\/darkamazi.info\/archives\/1051893"]}]},{"@type":"ImageObject","inLanguage":"en-US","@id":"https:\/\/darkamazi.info\/archives\/1051893#primaryimage","url":"https:\/\/darkamazi.info\/file\/2026\/02\/ilham-ehmed-rohilat-efrin.jpg","contentUrl":"https:\/\/darkamazi.info\/file\/2026\/02\/ilham-ehmed-rohilat-efrin.jpg","width":900,"height":497,"caption":"\u00celham Ehmed: Div\u00ea maf\u00ean hem\u00ee p\u00eakhatey\u00ean S\u00fbriyey\u00ea b\u00ean parastin"},{"@type":"BreadcrumbList","@id":"https:\/\/darkamazi.info\/archives\/1051893#breadcrumb","itemListElement":[{"@type":"ListItem","position":1,"name":"Home","item":"https:\/\/darkamazi.info\/"},{"@type":"ListItem","position":2,"name":"\u00celham Ehmed: Div\u00ea maf\u00ean hem\u00ee p\u00eakhatey\u00ean S\u00fbriyey\u00ea b\u00ean parastin"}]},{"@type":"WebSite","@id":"https:\/\/darkamazi.info\/#website","url":"https:\/\/darkamazi.info\/","name":"Darka Maz\u00ee","description":"P\u00eageha Zanyariy\u00ean Nebih\u00eest\u00ee","publisher":{"@id":"https:\/\/darkamazi.info\/#organization"},"potentialAction":[{"@type":"SearchAction","target":{"@type":"EntryPoint","urlTemplate":"https:\/\/darkamazi.info\/?s={search_term_string}"},"query-input":{"@type":"PropertyValueSpecification","valueRequired":true,"valueName":"search_term_string"}}],"inLanguage":"en-US"},{"@type":"Organization","@id":"https:\/\/darkamazi.info\/#organization","name":"Darka Maz\u00ee","url":"https:\/\/darkamazi.info\/","logo":{"@type":"ImageObject","inLanguage":"en-US","@id":"https:\/\/darkamazi.info\/#\/schema\/logo\/image\/","url":"https:\/\/darkamazi.info\/file\/2017\/12\/darka-mazi-logo.png","contentUrl":"https:\/\/darkamazi.info\/file\/2017\/12\/darka-mazi-logo.png","width":151,"height":75,"caption":"Darka Maz\u00ee"},"image":{"@id":"https:\/\/darkamazi.info\/#\/schema\/logo\/image\/"},"sameAs":["https:\/\/www.facebook.com\/DarMaziKurmanci","https:\/\/x.com\/DarkaMaziLatini","https:\/\/www.instagram.com\/darkamazi.kurmanci\/","https:\/\/www.youtube.com\/channel\/UCa5HkTdmI8U1qCUFuTw8B2g"]},{"@type":"Person","@id":"https:\/\/darkamazi.info\/#\/schema\/person\/5ad3e24553a0567993fa8ed4bd0a776c","name":"darka mazi","sameAs":["https:\/\/darkamazi.info\/"],"url":"https:\/\/darkamazi.info\/archives\/author\/kurdi"}]}},"_links":{"self":[{"href":"https:\/\/darkamazi.info\/funavuv\/wp\/v2\/posts\/1051893","targetHints":{"allow":["GET"]}}],"collection":[{"href":"https:\/\/darkamazi.info\/funavuv\/wp\/v2\/posts"}],"about":[{"href":"https:\/\/darkamazi.info\/funavuv\/wp\/v2\/types\/post"}],"author":[{"embeddable":true,"href":"https:\/\/darkamazi.info\/funavuv\/wp\/v2\/users\/2"}],"replies":[{"embeddable":true,"href":"https:\/\/darkamazi.info\/funavuv\/wp\/v2\/comments?post=1051893"}],"version-history":[{"count":0,"href":"https:\/\/darkamazi.info\/funavuv\/wp\/v2\/posts\/1051893\/revisions"}],"wp:featuredmedia":[{"embeddable":true,"href":"https:\/\/darkamazi.info\/funavuv\/wp\/v2\/media\/1051894"}],"wp:attachment":[{"href":"https:\/\/darkamazi.info\/funavuv\/wp\/v2\/media?parent=1051893"}],"wp:term":[{"taxonomy":"category","embeddable":true,"href":"https:\/\/darkamazi.info\/funavuv\/wp\/v2\/categories?post=1051893"},{"taxonomy":"post_tag","embeddable":true,"href":"https:\/\/darkamazi.info\/funavuv\/wp\/v2\/tags?post=1051893"}],"curies":[{"name":"wp","href":"https:\/\/api.w.org\/{rel}","templated":true}]}}