{"id":1051896,"date":"2026-02-25T19:41:52","date_gmt":"2026-02-25T16:41:52","guid":{"rendered":"https:\/\/darkamazi.info\/?p=1051896"},"modified":"2026-02-25T19:41:52","modified_gmt":"2026-02-25T16:41:52","slug":"aysegul-pirsa-kurdan-hin-ji-weki-pirsgirekeke-ewlehiye-te-ditin","status":"publish","type":"post","link":"https:\/\/darkamazi.info\/archives\/1051896","title":{"rendered":"Ay\u015fegul: Pirsa Kurdan h\u00een j\u00ee wek\u00ee pirsgir\u00eakeke ewlehiy\u00ea t\u00ea d\u00eetin"},"content":{"rendered":"<h3 style=\"text-align: justify\"><span style=\"font-family: 'arial black', sans-serif\">Berdevka Dem Partiy\u00ea ragihand ku, pirsa Kurdan h\u00een j\u00ee wek\u00ee pirsgir\u00eakeke ewlehiy\u00ea t\u00ea d\u00eetin \u00fb nav\u00ea w\u00ea pirsgir\u00eak\u00ea di raporta n\u00fb ya kom\u00eesyon\u00ea de j\u00ee nehatiye e\u015fkerekirin.<\/span><\/h3>\n<h3 style=\"text-align: justify\">Berdevka Partiya Wekhev\u00ee \u00fb Demokrasiya Gelan (Dem Part\u00ee) Ay\u015fegul Dogan \u00eero (\u00c7ar\u015fem, 25\u00ea Sibata 2026\u00ea) ragihand ku, her \u00e7end ew raporta kom\u00eesyon\u00ea rexne dikin j\u00ee, l\u00ea ew amadekirina w\u00ea raport\u00ea wek\u00ee xaleke d\u00eerok\u00ee dib\u00eenin ku hem\u00ee aliy\u00ean siyas\u00ee \u00fb civak\u00ee an\u00eene cem hev.<\/h3>\n<h3 style=\"text-align: justify\">Berdevka Partiya Wekhev\u00ee \u00fb Demokrasiya Gelan (Dem Part\u00ee) herwesa got: Pirsa Kurdan h\u00een j\u00ee wek\u00ee pirsgir\u00eakeke ewlehiy\u00ea t\u00ea d\u00eetin, \u00fb nav\u00ea w\u00ea pirsgir\u00eak\u00ea j\u00ee h\u00een nehatiye e\u015fkerekirin.<\/h3>\n<h3 style=\"text-align: justify\">Ay\u015fegul Dogan herwesa got: Raya gi\u015ft\u00ee bi tevah\u00ee bawer\u00ee bi w\u00ea p\u00eavajoy\u00ea n\u00eene. Ew bi e\u015fkerey\u00ee dipirsin, di demek\u00ea de ku Selahattin Demirta\u015f di girt\u00eegeh\u00ea de be \u00fb pergala qey\u00fbman berdewam be, ew \u00e7awa bawer bikin?<\/h3>\n<h3 style=\"text-align: justify\">Berdevka navbir\u00ee ron j\u00ee kir: Di w\u00ea raport\u00ea de h\u00een j\u00ee nav\u00ea w\u00ea pirsgir\u00eak\u00ea nehatiye an\u00een. Gelo ew d\u00ea \u00e7awa w\u00ea pirsgir\u00eak\u00ea bi xwe \u00e7areser bikin? Hin p\u00eangav hene ku p\u00eadiv\u00eetiya wan bi guhertina qan\u00fbn\u00ea n\u00eene, wek\u00ee pirsa qey\u00fbman \u00fb bic\u00eehan\u00eena biryar\u00ean dadgeh\u00ea.<\/h3>\n<h3 style=\"text-align: justify\">Berdevka Dem Partiy\u00ea amaje j\u00ee da: H\u00fbn li benda \u00e7i ne ku qey\u00fbman bidaw\u00ee bikin? Ti\u015ft\u00ea din guhertin\u00ean qan\u00fbn\u00ee ne. Away\u00ea sereder\u00eekirina bi wan kesan re y\u00ean ku \u00e7ekan dadinin d\u00ea \u00e7awa be? Em dib\u00eajin ku bila serederiyeke wekhev \u00fb tevgir hebe, \u00fb div\u00ea her kesek\u00ea ku \u00e7ekan dane azad be \u00fb bikare di nav siyaseta demokrat\u00eek de bixebite.<\/h3>\n<h3 style=\"text-align: justify\">Ev j\u00ee di demek\u00ea de ye ku, raporta hevpar a Kom\u00eesyona Parlamentoya Tirkiyey\u00ea di roja 18\u00ea Sibata \u00eesal de bi piraniya dengan hatib\u00fb qeb\u00fblkirin. W\u00ea raport\u00ea pirsa Kurdan di \u00e7ar\u00e7oveya \u201cteror \u00fb ewlekariy\u00ea\u201d de nirxandib\u00fb \u00fb behsa naskirina maf \u00fb nasanmeya Kurdan j\u00ee nekirib\u00fb. Tev\u00ee v\u00ea yek\u00ea j\u00ee, Dem Partiy\u00ea deng\u00ea er\u00ea dab\u00fb w\u00ea raport\u00ea.<\/h3>\n","protected":false},"excerpt":{"rendered":"<p>Berdevka Dem Partiy\u00ea ragihand ku, pirsa Kurdan h\u00een j\u00ee wek\u00ee pirsgir\u00eakeke ewlehiy\u00ea t\u00ea d\u00eetin \u00fb nav\u00ea w\u00ea pirsgir\u00eak\u00ea di raporta n\u00fb ya kom\u00eesyon\u00ea de j\u00ee nehatiye e\u015fkerekirin. Berdevka Partiya Wekhev\u00ee \u00fb Demokrasiya Gelan (Dem Part\u00ee) Ay\u015fegul Dogan \u00eero (\u00c7ar\u015fem, 25\u00ea Sibata 2026\u00ea) ragihand ku, her \u00e7end ew raporta kom\u00eesyon\u00ea rexne dikin j\u00ee, l\u00ea ew amadekirina [&hellip;]<\/p>\n","protected":false},"author":2,"featured_media":1051897,"comment_status":"closed","ping_status":"closed","sticky":false,"template":"","format":"standard","meta":{"footnotes":""},"categories":[29],"tags":[37],"class_list":["post-1051896","post","type-post","status-publish","format-standard","has-post-thumbnail","hentry","category-kurdistan","tag-sereke"],"blocksy_meta":[],"seo_head":"<!-- This site is optimized with the Yoast SEO plugin v27.5 - https:\/\/yoast.com\/product\/yoast-seo-wordpress\/ -->\n<title>Ay\u015fegul: Pirsa Kurdan h\u00een j\u00ee wek\u00ee pirsgir\u00eakeke ewlehiy\u00ea t\u00ea d\u00eetin - Darka Maz\u00ee<\/title>\n<meta name=\"robots\" content=\"index, follow, max-snippet:-1, max-image-preview:large, max-video-preview:-1\" \/>\n<link rel=\"canonical\" href=\"https:\/\/darkamazi.info\/archives\/1051896\" \/>\n<meta property=\"og:locale\" content=\"en_US\" \/>\n<meta property=\"og:type\" content=\"article\" \/>\n<meta property=\"og:title\" content=\"Ay\u015fegul: Pirsa Kurdan h\u00een j\u00ee wek\u00ee pirsgir\u00eakeke ewlehiy\u00ea t\u00ea d\u00eetin - Darka Maz\u00ee\" \/>\n<meta property=\"og:description\" content=\"Berdevka Dem Partiy\u00ea ragihand ku, pirsa Kurdan h\u00een j\u00ee wek\u00ee pirsgir\u00eakeke ewlehiy\u00ea t\u00ea d\u00eetin \u00fb nav\u00ea w\u00ea pirsgir\u00eak\u00ea di raporta n\u00fb ya kom\u00eesyon\u00ea de j\u00ee nehatiye e\u015fkerekirin. Berdevka Partiya Wekhev\u00ee \u00fb Demokrasiya Gelan (Dem Part\u00ee) Ay\u015fegul Dogan \u00eero (\u00c7ar\u015fem, 25\u00ea Sibata 2026\u00ea) ragihand ku, her \u00e7end ew raporta kom\u00eesyon\u00ea rexne dikin j\u00ee, l\u00ea ew amadekirina [&hellip;]\" \/>\n<meta property=\"og:url\" content=\"https:\/\/darkamazi.info\/archives\/1051896\" \/>\n<meta property=\"og:site_name\" content=\"Darka Maz\u00ee\" \/>\n<meta property=\"article:publisher\" content=\"https:\/\/www.facebook.com\/DarMaziKurmanci\" \/>\n<meta property=\"article:published_time\" content=\"2026-02-25T16:41:52+00:00\" \/>\n<meta property=\"og:image\" content=\"https:\/\/darkamazi.info\/file\/2026\/02\/aysegul-dem-parti.jpg\" \/>\n\t<meta property=\"og:image:width\" content=\"900\" \/>\n\t<meta property=\"og:image:height\" content=\"497\" \/>\n\t<meta property=\"og:image:type\" content=\"image\/jpeg\" \/>\n<meta name=\"author\" content=\"darka mazi\" \/>\n<meta name=\"twitter:card\" content=\"summary_large_image\" \/>\n<meta name=\"twitter:creator\" content=\"@DarkaMaziLatini\" \/>\n<meta name=\"twitter:site\" content=\"@DarkaMaziLatini\" \/>\n<meta name=\"twitter:label1\" content=\"Written by\" \/>\n\t<meta name=\"twitter:data1\" content=\"darka mazi\" \/>\n\t<meta name=\"twitter:label2\" content=\"Est. reading time\" \/>\n\t<meta name=\"twitter:data2\" content=\"2 minutes\" \/>\n<script type=\"application\/ld+json\" class=\"seo-schema-graph\">{\"@context\":\"https:\\\/\\\/schema.org\",\"@graph\":[{\"@type\":\"Article\",\"@id\":\"https:\\\/\\\/darkamazi.info\\\/archives\\\/1051896#article\",\"isPartOf\":{\"@id\":\"https:\\\/\\\/darkamazi.info\\\/archives\\\/1051896\"},\"author\":{\"name\":\"darka mazi\",\"@id\":\"https:\\\/\\\/darkamazi.info\\\/#\\\/schema\\\/person\\\/5ad3e24553a0567993fa8ed4bd0a776c\"},\"headline\":\"Ay\u015fegul: Pirsa Kurdan h\u00een j\u00ee wek\u00ee pirsgir\u00eakeke ewlehiy\u00ea t\u00ea d\u00eetin\",\"datePublished\":\"2026-02-25T16:41:52+00:00\",\"mainEntityOfPage\":{\"@id\":\"https:\\\/\\\/darkamazi.info\\\/archives\\\/1051896\"},\"wordCount\":339,\"publisher\":{\"@id\":\"https:\\\/\\\/darkamazi.info\\\/#organization\"},\"image\":{\"@id\":\"https:\\\/\\\/darkamazi.info\\\/archives\\\/1051896#primaryimage\"},\"thumbnailUrl\":\"https:\\\/\\\/darkamazi.info\\\/darka-content\\\/uploads\\\/2026\\\/02\\\/aysegul-dem-parti.jpg\",\"keywords\":[\"sereke\"],\"articleSection\":[\"Kurdistan\"],\"inLanguage\":\"en-US\"},{\"@type\":\"WebPage\",\"@id\":\"https:\\\/\\\/darkamazi.info\\\/archives\\\/1051896\",\"url\":\"https:\\\/\\\/darkamazi.info\\\/archives\\\/1051896\",\"name\":\"Ay\u015fegul: Pirsa Kurdan h\u00een j\u00ee wek\u00ee pirsgir\u00eakeke ewlehiy\u00ea t\u00ea d\u00eetin - Darka Maz\u00ee\",\"isPartOf\":{\"@id\":\"https:\\\/\\\/darkamazi.info\\\/#website\"},\"primaryImageOfPage\":{\"@id\":\"https:\\\/\\\/darkamazi.info\\\/archives\\\/1051896#primaryimage\"},\"image\":{\"@id\":\"https:\\\/\\\/darkamazi.info\\\/archives\\\/1051896#primaryimage\"},\"thumbnailUrl\":\"https:\\\/\\\/darkamazi.info\\\/darka-content\\\/uploads\\\/2026\\\/02\\\/aysegul-dem-parti.jpg\",\"datePublished\":\"2026-02-25T16:41:52+00:00\",\"breadcrumb\":{\"@id\":\"https:\\\/\\\/darkamazi.info\\\/archives\\\/1051896#breadcrumb\"},\"inLanguage\":\"en-US\",\"potentialAction\":[{\"@type\":\"ReadAction\",\"target\":[\"https:\\\/\\\/darkamazi.info\\\/archives\\\/1051896\"]}]},{\"@type\":\"ImageObject\",\"inLanguage\":\"en-US\",\"@id\":\"https:\\\/\\\/darkamazi.info\\\/archives\\\/1051896#primaryimage\",\"url\":\"https:\\\/\\\/darkamazi.info\\\/darka-content\\\/uploads\\\/2026\\\/02\\\/aysegul-dem-parti.jpg\",\"contentUrl\":\"https:\\\/\\\/darkamazi.info\\\/darka-content\\\/uploads\\\/2026\\\/02\\\/aysegul-dem-parti.jpg\",\"width\":900,\"height\":497,\"caption\":\"Ay\u015fegul: Pirsa Kurdan h\u00een j\u00ee wek\u00ee pirsgir\u00eakeke ewlehiy\u00ea t\u00ea d\u00eetin\"},{\"@type\":\"BreadcrumbList\",\"@id\":\"https:\\\/\\\/darkamazi.info\\\/archives\\\/1051896#breadcrumb\",\"itemListElement\":[{\"@type\":\"ListItem\",\"position\":1,\"name\":\"Home\",\"item\":\"https:\\\/\\\/darkamazi.info\\\/\"},{\"@type\":\"ListItem\",\"position\":2,\"name\":\"Ay\u015fegul: Pirsa Kurdan h\u00een j\u00ee wek\u00ee pirsgir\u00eakeke ewlehiy\u00ea t\u00ea d\u00eetin\"}]},{\"@type\":\"WebSite\",\"@id\":\"https:\\\/\\\/darkamazi.info\\\/#website\",\"url\":\"https:\\\/\\\/darkamazi.info\\\/\",\"name\":\"Darka Maz\u00ee\",\"description\":\"P\u00eageha Zanyariy\u00ean Nebih\u00eest\u00ee\",\"publisher\":{\"@id\":\"https:\\\/\\\/darkamazi.info\\\/#organization\"},\"potentialAction\":[{\"@type\":\"SearchAction\",\"target\":{\"@type\":\"EntryPoint\",\"urlTemplate\":\"https:\\\/\\\/darkamazi.info\\\/?s={search_term_string}\"},\"query-input\":{\"@type\":\"PropertyValueSpecification\",\"valueRequired\":true,\"valueName\":\"search_term_string\"}}],\"inLanguage\":\"en-US\"},{\"@type\":\"Organization\",\"@id\":\"https:\\\/\\\/darkamazi.info\\\/#organization\",\"name\":\"Darka Maz\u00ee\",\"url\":\"https:\\\/\\\/darkamazi.info\\\/\",\"logo\":{\"@type\":\"ImageObject\",\"inLanguage\":\"en-US\",\"@id\":\"https:\\\/\\\/darkamazi.info\\\/#\\\/schema\\\/logo\\\/image\\\/\",\"url\":\"https:\\\/\\\/darkamazi.info\\\/darka-content\\\/uploads\\\/2017\\\/12\\\/darka-mazi-logo.png\",\"contentUrl\":\"https:\\\/\\\/darkamazi.info\\\/darka-content\\\/uploads\\\/2017\\\/12\\\/darka-mazi-logo.png\",\"width\":151,\"height\":75,\"caption\":\"Darka Maz\u00ee\"},\"image\":{\"@id\":\"https:\\\/\\\/darkamazi.info\\\/#\\\/schema\\\/logo\\\/image\\\/\"},\"sameAs\":[\"https:\\\/\\\/www.facebook.com\\\/DarMaziKurmanci\",\"https:\\\/\\\/x.com\\\/DarkaMaziLatini\",\"https:\\\/\\\/www.instagram.com\\\/darkamazi.kurmanci\\\/\",\"https:\\\/\\\/www.youtube.com\\\/channel\\\/UCa5HkTdmI8U1qCUFuTw8B2g\"]},{\"@type\":\"Person\",\"@id\":\"https:\\\/\\\/darkamazi.info\\\/#\\\/schema\\\/person\\\/5ad3e24553a0567993fa8ed4bd0a776c\",\"name\":\"darka mazi\",\"sameAs\":[\"https:\\\/\\\/darkamazi.info\\\/\"],\"url\":\"https:\\\/\\\/darkamazi.info\\\/archives\\\/author\\\/kurdi\"}]}<\/script>\n<!-- \/ Yoast SEO plugin. -->","seo_head_json":{"title":"Ay\u015fegul: Pirsa Kurdan h\u00een j\u00ee wek\u00ee pirsgir\u00eakeke ewlehiy\u00ea t\u00ea d\u00eetin - Darka Maz\u00ee","robots":{"index":"index","follow":"follow","max-snippet":"max-snippet:-1","max-image-preview":"max-image-preview:large","max-video-preview":"max-video-preview:-1"},"canonical":"https:\/\/darkamazi.info\/archives\/1051896","og_locale":"en_US","og_type":"article","og_title":"Ay\u015fegul: Pirsa Kurdan h\u00een j\u00ee wek\u00ee pirsgir\u00eakeke ewlehiy\u00ea t\u00ea d\u00eetin - Darka Maz\u00ee","og_description":"Berdevka Dem Partiy\u00ea ragihand ku, pirsa Kurdan h\u00een j\u00ee wek\u00ee pirsgir\u00eakeke ewlehiy\u00ea t\u00ea d\u00eetin \u00fb nav\u00ea w\u00ea pirsgir\u00eak\u00ea di raporta n\u00fb ya kom\u00eesyon\u00ea de j\u00ee nehatiye e\u015fkerekirin. Berdevka Partiya Wekhev\u00ee \u00fb Demokrasiya Gelan (Dem Part\u00ee) Ay\u015fegul Dogan \u00eero (\u00c7ar\u015fem, 25\u00ea Sibata 2026\u00ea) ragihand ku, her \u00e7end ew raporta kom\u00eesyon\u00ea rexne dikin j\u00ee, l\u00ea ew amadekirina [&hellip;]","og_url":"https:\/\/darkamazi.info\/archives\/1051896","og_site_name":"Darka Maz\u00ee","article_publisher":"https:\/\/www.facebook.com\/DarMaziKurmanci","article_published_time":"2026-02-25T16:41:52+00:00","og_image":[{"width":900,"height":497,"url":"https:\/\/darkamazi.info\/file\/2026\/02\/aysegul-dem-parti.jpg","type":"image\/jpeg"}],"author":"darka mazi","twitter_card":"summary_large_image","twitter_creator":"@DarkaMaziLatini","twitter_site":"@DarkaMaziLatini","twitter_misc":{"Written by":"darka mazi","Est. reading time":"2 minutes"},"schema":{"@context":"https:\/\/schema.org","@graph":[{"@type":"Article","@id":"https:\/\/darkamazi.info\/archives\/1051896#article","isPartOf":{"@id":"https:\/\/darkamazi.info\/archives\/1051896"},"author":{"name":"darka mazi","@id":"https:\/\/darkamazi.info\/#\/schema\/person\/5ad3e24553a0567993fa8ed4bd0a776c"},"headline":"Ay\u015fegul: Pirsa Kurdan h\u00een j\u00ee wek\u00ee pirsgir\u00eakeke ewlehiy\u00ea t\u00ea d\u00eetin","datePublished":"2026-02-25T16:41:52+00:00","mainEntityOfPage":{"@id":"https:\/\/darkamazi.info\/archives\/1051896"},"wordCount":339,"publisher":{"@id":"https:\/\/darkamazi.info\/#organization"},"image":{"@id":"https:\/\/darkamazi.info\/archives\/1051896#primaryimage"},"thumbnailUrl":"https:\/\/darkamazi.info\/file\/2026\/02\/aysegul-dem-parti.jpg","keywords":["sereke"],"articleSection":["Kurdistan"],"inLanguage":"en-US"},{"@type":"WebPage","@id":"https:\/\/darkamazi.info\/archives\/1051896","url":"https:\/\/darkamazi.info\/archives\/1051896","name":"Ay\u015fegul: Pirsa Kurdan h\u00een j\u00ee wek\u00ee pirsgir\u00eakeke ewlehiy\u00ea t\u00ea d\u00eetin - Darka Maz\u00ee","isPartOf":{"@id":"https:\/\/darkamazi.info\/#website"},"primaryImageOfPage":{"@id":"https:\/\/darkamazi.info\/archives\/1051896#primaryimage"},"image":{"@id":"https:\/\/darkamazi.info\/archives\/1051896#primaryimage"},"thumbnailUrl":"https:\/\/darkamazi.info\/file\/2026\/02\/aysegul-dem-parti.jpg","datePublished":"2026-02-25T16:41:52+00:00","breadcrumb":{"@id":"https:\/\/darkamazi.info\/archives\/1051896#breadcrumb"},"inLanguage":"en-US","potentialAction":[{"@type":"ReadAction","target":["https:\/\/darkamazi.info\/archives\/1051896"]}]},{"@type":"ImageObject","inLanguage":"en-US","@id":"https:\/\/darkamazi.info\/archives\/1051896#primaryimage","url":"https:\/\/darkamazi.info\/file\/2026\/02\/aysegul-dem-parti.jpg","contentUrl":"https:\/\/darkamazi.info\/file\/2026\/02\/aysegul-dem-parti.jpg","width":900,"height":497,"caption":"Ay\u015fegul: Pirsa Kurdan h\u00een j\u00ee wek\u00ee pirsgir\u00eakeke ewlehiy\u00ea t\u00ea d\u00eetin"},{"@type":"BreadcrumbList","@id":"https:\/\/darkamazi.info\/archives\/1051896#breadcrumb","itemListElement":[{"@type":"ListItem","position":1,"name":"Home","item":"https:\/\/darkamazi.info\/"},{"@type":"ListItem","position":2,"name":"Ay\u015fegul: Pirsa Kurdan h\u00een j\u00ee wek\u00ee pirsgir\u00eakeke ewlehiy\u00ea t\u00ea d\u00eetin"}]},{"@type":"WebSite","@id":"https:\/\/darkamazi.info\/#website","url":"https:\/\/darkamazi.info\/","name":"Darka Maz\u00ee","description":"P\u00eageha Zanyariy\u00ean Nebih\u00eest\u00ee","publisher":{"@id":"https:\/\/darkamazi.info\/#organization"},"potentialAction":[{"@type":"SearchAction","target":{"@type":"EntryPoint","urlTemplate":"https:\/\/darkamazi.info\/?s={search_term_string}"},"query-input":{"@type":"PropertyValueSpecification","valueRequired":true,"valueName":"search_term_string"}}],"inLanguage":"en-US"},{"@type":"Organization","@id":"https:\/\/darkamazi.info\/#organization","name":"Darka Maz\u00ee","url":"https:\/\/darkamazi.info\/","logo":{"@type":"ImageObject","inLanguage":"en-US","@id":"https:\/\/darkamazi.info\/#\/schema\/logo\/image\/","url":"https:\/\/darkamazi.info\/file\/2017\/12\/darka-mazi-logo.png","contentUrl":"https:\/\/darkamazi.info\/file\/2017\/12\/darka-mazi-logo.png","width":151,"height":75,"caption":"Darka Maz\u00ee"},"image":{"@id":"https:\/\/darkamazi.info\/#\/schema\/logo\/image\/"},"sameAs":["https:\/\/www.facebook.com\/DarMaziKurmanci","https:\/\/x.com\/DarkaMaziLatini","https:\/\/www.instagram.com\/darkamazi.kurmanci\/","https:\/\/www.youtube.com\/channel\/UCa5HkTdmI8U1qCUFuTw8B2g"]},{"@type":"Person","@id":"https:\/\/darkamazi.info\/#\/schema\/person\/5ad3e24553a0567993fa8ed4bd0a776c","name":"darka mazi","sameAs":["https:\/\/darkamazi.info\/"],"url":"https:\/\/darkamazi.info\/archives\/author\/kurdi"}]}},"_links":{"self":[{"href":"https:\/\/darkamazi.info\/funavuv\/wp\/v2\/posts\/1051896","targetHints":{"allow":["GET"]}}],"collection":[{"href":"https:\/\/darkamazi.info\/funavuv\/wp\/v2\/posts"}],"about":[{"href":"https:\/\/darkamazi.info\/funavuv\/wp\/v2\/types\/post"}],"author":[{"embeddable":true,"href":"https:\/\/darkamazi.info\/funavuv\/wp\/v2\/users\/2"}],"replies":[{"embeddable":true,"href":"https:\/\/darkamazi.info\/funavuv\/wp\/v2\/comments?post=1051896"}],"version-history":[{"count":0,"href":"https:\/\/darkamazi.info\/funavuv\/wp\/v2\/posts\/1051896\/revisions"}],"wp:featuredmedia":[{"embeddable":true,"href":"https:\/\/darkamazi.info\/funavuv\/wp\/v2\/media\/1051897"}],"wp:attachment":[{"href":"https:\/\/darkamazi.info\/funavuv\/wp\/v2\/media?parent=1051896"}],"wp:term":[{"taxonomy":"category","embeddable":true,"href":"https:\/\/darkamazi.info\/funavuv\/wp\/v2\/categories?post=1051896"},{"taxonomy":"post_tag","embeddable":true,"href":"https:\/\/darkamazi.info\/funavuv\/wp\/v2\/tags?post=1051896"}],"curies":[{"name":"wp","href":"https:\/\/api.w.org\/{rel}","templated":true}]}}