{"id":1051899,"date":"2026-02-26T12:53:30","date_gmt":"2026-02-26T09:53:30","guid":{"rendered":"https:\/\/darkamazi.info\/?p=1051899"},"modified":"2026-02-26T12:53:30","modified_gmt":"2026-02-26T09:53:30","slug":"sibe-peyama-nu-ya-ocalan-te-ragihandin","status":"publish","type":"post","link":"https:\/\/darkamazi.info\/archives\/1051899","title":{"rendered":"Sibe peyama n\u00fb ya Ocalan t\u00ea ragihandin"},"content":{"rendered":"<h3 style=\"text-align: justify\"><span style=\"font-family: 'arial black', sans-serif\">T\u00ea \u00e7aver\u00eakirin sibe di salvegera yekem ya banga 27\u00ea Sibat\u00ea de, peyameke n\u00fb ya Ocalan were ragihandin.<\/span><\/h3>\n<h3 style=\"text-align: justify\"><span style=\"font-family: arial, helvetica, sans-serif\">M\u00eethat Sancar endam\u00ea heyeta \u00cemraliy\u00ea ragihand ku peyameke n\u00fb ya r\u00eaber\u00ea PKK\u00ea Abdulla Ocalan heye \u00fb ew peyam d\u00ea 27\u00ea Sibat\u00ea bi civ\u00eeneke \u00e7apemeniy\u00ea ji raya gi\u015ft\u00ee re were e\u015fkerekirin.<\/span><\/h3>\n<h3 style=\"text-align: justify\"><span style=\"font-family: arial, helvetica, sans-serif\">M\u00eethat Sancar got ku di salvegera yekem ya banga 27\u00ea Sibata 2025an de metnek d\u00ea were parvekirin ku perspekt\u00eef\u00ean n\u00fb y\u00ean Ocalan li xwe digre.<\/span><\/h3>\n","protected":false},"excerpt":{"rendered":"<p>T\u00ea \u00e7aver\u00eakirin sibe di salvegera yekem ya banga 27\u00ea Sibat\u00ea de, peyameke n\u00fb ya Ocalan were ragihandin. M\u00eethat Sancar endam\u00ea heyeta \u00cemraliy\u00ea ragihand ku peyameke n\u00fb ya r\u00eaber\u00ea PKK\u00ea Abdulla Ocalan heye \u00fb ew peyam d\u00ea 27\u00ea Sibat\u00ea bi civ\u00eeneke \u00e7apemeniy\u00ea ji raya gi\u015ft\u00ee re were e\u015fkerekirin. M\u00eethat Sancar got ku di salvegera yekem ya [&hellip;]<\/p>\n","protected":false},"author":2,"featured_media":1051900,"comment_status":"closed","ping_status":"closed","sticky":false,"template":"","format":"standard","meta":{"footnotes":""},"categories":[29],"tags":[37],"class_list":["post-1051899","post","type-post","status-publish","format-standard","has-post-thumbnail","hentry","category-kurdistan","tag-sereke"],"blocksy_meta":[],"seo_head":"<!-- This site is optimized with the Yoast SEO plugin v27.5 - https:\/\/yoast.com\/product\/yoast-seo-wordpress\/ -->\n<title>Sibe peyama n\u00fb ya Ocalan t\u00ea ragihandin - Darka Maz\u00ee<\/title>\n<meta name=\"robots\" content=\"index, follow, max-snippet:-1, max-image-preview:large, max-video-preview:-1\" \/>\n<link rel=\"canonical\" href=\"https:\/\/darkamazi.info\/archives\/1051899\" \/>\n<meta property=\"og:locale\" content=\"en_US\" \/>\n<meta property=\"og:type\" content=\"article\" \/>\n<meta property=\"og:title\" content=\"Sibe peyama n\u00fb ya Ocalan t\u00ea ragihandin - Darka Maz\u00ee\" \/>\n<meta property=\"og:description\" content=\"T\u00ea \u00e7aver\u00eakirin sibe di salvegera yekem ya banga 27\u00ea Sibat\u00ea de, peyameke n\u00fb ya Ocalan were ragihandin. M\u00eethat Sancar endam\u00ea heyeta \u00cemraliy\u00ea ragihand ku peyameke n\u00fb ya r\u00eaber\u00ea PKK\u00ea Abdulla Ocalan heye \u00fb ew peyam d\u00ea 27\u00ea Sibat\u00ea bi civ\u00eeneke \u00e7apemeniy\u00ea ji raya gi\u015ft\u00ee re were e\u015fkerekirin. M\u00eethat Sancar got ku di salvegera yekem ya [&hellip;]\" \/>\n<meta property=\"og:url\" content=\"https:\/\/darkamazi.info\/archives\/1051899\" \/>\n<meta property=\"og:site_name\" content=\"Darka Maz\u00ee\" \/>\n<meta property=\"article:publisher\" content=\"https:\/\/www.facebook.com\/DarMaziKurmanci\" \/>\n<meta property=\"article:published_time\" content=\"2026-02-26T09:53:30+00:00\" \/>\n<meta property=\"og:image\" content=\"https:\/\/darkamazi.info\/file\/2026\/02\/Ocalan-Peyam-Sancar-info.jpg\" \/>\n\t<meta property=\"og:image:width\" content=\"900\" \/>\n\t<meta property=\"og:image:height\" content=\"500\" \/>\n\t<meta property=\"og:image:type\" content=\"image\/jpeg\" \/>\n<meta name=\"author\" content=\"darka mazi\" \/>\n<meta name=\"twitter:card\" content=\"summary_large_image\" \/>\n<meta name=\"twitter:creator\" content=\"@DarkaMaziLatini\" \/>\n<meta name=\"twitter:site\" content=\"@DarkaMaziLatini\" \/>\n<meta name=\"twitter:label1\" content=\"Written by\" \/>\n\t<meta name=\"twitter:data1\" content=\"darka mazi\" \/>\n\t<meta name=\"twitter:label2\" content=\"Est. reading time\" \/>\n\t<meta name=\"twitter:data2\" content=\"1 minute\" \/>\n<script type=\"application\/ld+json\" class=\"seo-schema-graph\">{\"@context\":\"https:\\\/\\\/schema.org\",\"@graph\":[{\"@type\":\"Article\",\"@id\":\"https:\\\/\\\/darkamazi.info\\\/archives\\\/1051899#article\",\"isPartOf\":{\"@id\":\"https:\\\/\\\/darkamazi.info\\\/archives\\\/1051899\"},\"author\":{\"name\":\"darka mazi\",\"@id\":\"https:\\\/\\\/darkamazi.info\\\/#\\\/schema\\\/person\\\/5ad3e24553a0567993fa8ed4bd0a776c\"},\"headline\":\"Sibe peyama n\u00fb ya Ocalan t\u00ea ragihandin\",\"datePublished\":\"2026-02-26T09:53:30+00:00\",\"mainEntityOfPage\":{\"@id\":\"https:\\\/\\\/darkamazi.info\\\/archives\\\/1051899\"},\"wordCount\":85,\"publisher\":{\"@id\":\"https:\\\/\\\/darkamazi.info\\\/#organization\"},\"image\":{\"@id\":\"https:\\\/\\\/darkamazi.info\\\/archives\\\/1051899#primaryimage\"},\"thumbnailUrl\":\"https:\\\/\\\/darkamazi.info\\\/darka-content\\\/uploads\\\/2026\\\/02\\\/Ocalan-Peyam-Sancar-info.jpg\",\"keywords\":[\"sereke\"],\"articleSection\":[\"Kurdistan\"],\"inLanguage\":\"en-US\"},{\"@type\":\"WebPage\",\"@id\":\"https:\\\/\\\/darkamazi.info\\\/archives\\\/1051899\",\"url\":\"https:\\\/\\\/darkamazi.info\\\/archives\\\/1051899\",\"name\":\"Sibe peyama n\u00fb ya Ocalan t\u00ea ragihandin - Darka Maz\u00ee\",\"isPartOf\":{\"@id\":\"https:\\\/\\\/darkamazi.info\\\/#website\"},\"primaryImageOfPage\":{\"@id\":\"https:\\\/\\\/darkamazi.info\\\/archives\\\/1051899#primaryimage\"},\"image\":{\"@id\":\"https:\\\/\\\/darkamazi.info\\\/archives\\\/1051899#primaryimage\"},\"thumbnailUrl\":\"https:\\\/\\\/darkamazi.info\\\/darka-content\\\/uploads\\\/2026\\\/02\\\/Ocalan-Peyam-Sancar-info.jpg\",\"datePublished\":\"2026-02-26T09:53:30+00:00\",\"breadcrumb\":{\"@id\":\"https:\\\/\\\/darkamazi.info\\\/archives\\\/1051899#breadcrumb\"},\"inLanguage\":\"en-US\",\"potentialAction\":[{\"@type\":\"ReadAction\",\"target\":[\"https:\\\/\\\/darkamazi.info\\\/archives\\\/1051899\"]}]},{\"@type\":\"ImageObject\",\"inLanguage\":\"en-US\",\"@id\":\"https:\\\/\\\/darkamazi.info\\\/archives\\\/1051899#primaryimage\",\"url\":\"https:\\\/\\\/darkamazi.info\\\/darka-content\\\/uploads\\\/2026\\\/02\\\/Ocalan-Peyam-Sancar-info.jpg\",\"contentUrl\":\"https:\\\/\\\/darkamazi.info\\\/darka-content\\\/uploads\\\/2026\\\/02\\\/Ocalan-Peyam-Sancar-info.jpg\",\"width\":900,\"height\":500,\"caption\":\"Ocalan-Peyam-Sancar-net\"},{\"@type\":\"BreadcrumbList\",\"@id\":\"https:\\\/\\\/darkamazi.info\\\/archives\\\/1051899#breadcrumb\",\"itemListElement\":[{\"@type\":\"ListItem\",\"position\":1,\"name\":\"Home\",\"item\":\"https:\\\/\\\/darkamazi.info\\\/\"},{\"@type\":\"ListItem\",\"position\":2,\"name\":\"Sibe peyama n\u00fb ya Ocalan t\u00ea ragihandin\"}]},{\"@type\":\"WebSite\",\"@id\":\"https:\\\/\\\/darkamazi.info\\\/#website\",\"url\":\"https:\\\/\\\/darkamazi.info\\\/\",\"name\":\"Darka Maz\u00ee\",\"description\":\"P\u00eageha Zanyariy\u00ean Nebih\u00eest\u00ee\",\"publisher\":{\"@id\":\"https:\\\/\\\/darkamazi.info\\\/#organization\"},\"potentialAction\":[{\"@type\":\"SearchAction\",\"target\":{\"@type\":\"EntryPoint\",\"urlTemplate\":\"https:\\\/\\\/darkamazi.info\\\/?s={search_term_string}\"},\"query-input\":{\"@type\":\"PropertyValueSpecification\",\"valueRequired\":true,\"valueName\":\"search_term_string\"}}],\"inLanguage\":\"en-US\"},{\"@type\":\"Organization\",\"@id\":\"https:\\\/\\\/darkamazi.info\\\/#organization\",\"name\":\"Darka Maz\u00ee\",\"url\":\"https:\\\/\\\/darkamazi.info\\\/\",\"logo\":{\"@type\":\"ImageObject\",\"inLanguage\":\"en-US\",\"@id\":\"https:\\\/\\\/darkamazi.info\\\/#\\\/schema\\\/logo\\\/image\\\/\",\"url\":\"https:\\\/\\\/darkamazi.info\\\/darka-content\\\/uploads\\\/2017\\\/12\\\/darka-mazi-logo.png\",\"contentUrl\":\"https:\\\/\\\/darkamazi.info\\\/darka-content\\\/uploads\\\/2017\\\/12\\\/darka-mazi-logo.png\",\"width\":151,\"height\":75,\"caption\":\"Darka Maz\u00ee\"},\"image\":{\"@id\":\"https:\\\/\\\/darkamazi.info\\\/#\\\/schema\\\/logo\\\/image\\\/\"},\"sameAs\":[\"https:\\\/\\\/www.facebook.com\\\/DarMaziKurmanci\",\"https:\\\/\\\/x.com\\\/DarkaMaziLatini\",\"https:\\\/\\\/www.instagram.com\\\/darkamazi.kurmanci\\\/\",\"https:\\\/\\\/www.youtube.com\\\/channel\\\/UCa5HkTdmI8U1qCUFuTw8B2g\"]},{\"@type\":\"Person\",\"@id\":\"https:\\\/\\\/darkamazi.info\\\/#\\\/schema\\\/person\\\/5ad3e24553a0567993fa8ed4bd0a776c\",\"name\":\"darka mazi\",\"sameAs\":[\"https:\\\/\\\/darkamazi.info\\\/\"],\"url\":\"https:\\\/\\\/darkamazi.info\\\/archives\\\/author\\\/kurdi\"}]}<\/script>\n<!-- \/ Yoast SEO plugin. -->","seo_head_json":{"title":"Sibe peyama n\u00fb ya Ocalan t\u00ea ragihandin - Darka Maz\u00ee","robots":{"index":"index","follow":"follow","max-snippet":"max-snippet:-1","max-image-preview":"max-image-preview:large","max-video-preview":"max-video-preview:-1"},"canonical":"https:\/\/darkamazi.info\/archives\/1051899","og_locale":"en_US","og_type":"article","og_title":"Sibe peyama n\u00fb ya Ocalan t\u00ea ragihandin - Darka Maz\u00ee","og_description":"T\u00ea \u00e7aver\u00eakirin sibe di salvegera yekem ya banga 27\u00ea Sibat\u00ea de, peyameke n\u00fb ya Ocalan were ragihandin. M\u00eethat Sancar endam\u00ea heyeta \u00cemraliy\u00ea ragihand ku peyameke n\u00fb ya r\u00eaber\u00ea PKK\u00ea Abdulla Ocalan heye \u00fb ew peyam d\u00ea 27\u00ea Sibat\u00ea bi civ\u00eeneke \u00e7apemeniy\u00ea ji raya gi\u015ft\u00ee re were e\u015fkerekirin. M\u00eethat Sancar got ku di salvegera yekem ya [&hellip;]","og_url":"https:\/\/darkamazi.info\/archives\/1051899","og_site_name":"Darka Maz\u00ee","article_publisher":"https:\/\/www.facebook.com\/DarMaziKurmanci","article_published_time":"2026-02-26T09:53:30+00:00","og_image":[{"width":900,"height":500,"url":"https:\/\/darkamazi.info\/file\/2026\/02\/Ocalan-Peyam-Sancar-info.jpg","type":"image\/jpeg"}],"author":"darka mazi","twitter_card":"summary_large_image","twitter_creator":"@DarkaMaziLatini","twitter_site":"@DarkaMaziLatini","twitter_misc":{"Written by":"darka mazi","Est. reading time":"1 minute"},"schema":{"@context":"https:\/\/schema.org","@graph":[{"@type":"Article","@id":"https:\/\/darkamazi.info\/archives\/1051899#article","isPartOf":{"@id":"https:\/\/darkamazi.info\/archives\/1051899"},"author":{"name":"darka mazi","@id":"https:\/\/darkamazi.info\/#\/schema\/person\/5ad3e24553a0567993fa8ed4bd0a776c"},"headline":"Sibe peyama n\u00fb ya Ocalan t\u00ea ragihandin","datePublished":"2026-02-26T09:53:30+00:00","mainEntityOfPage":{"@id":"https:\/\/darkamazi.info\/archives\/1051899"},"wordCount":85,"publisher":{"@id":"https:\/\/darkamazi.info\/#organization"},"image":{"@id":"https:\/\/darkamazi.info\/archives\/1051899#primaryimage"},"thumbnailUrl":"https:\/\/darkamazi.info\/file\/2026\/02\/Ocalan-Peyam-Sancar-info.jpg","keywords":["sereke"],"articleSection":["Kurdistan"],"inLanguage":"en-US"},{"@type":"WebPage","@id":"https:\/\/darkamazi.info\/archives\/1051899","url":"https:\/\/darkamazi.info\/archives\/1051899","name":"Sibe peyama n\u00fb ya Ocalan t\u00ea ragihandin - Darka Maz\u00ee","isPartOf":{"@id":"https:\/\/darkamazi.info\/#website"},"primaryImageOfPage":{"@id":"https:\/\/darkamazi.info\/archives\/1051899#primaryimage"},"image":{"@id":"https:\/\/darkamazi.info\/archives\/1051899#primaryimage"},"thumbnailUrl":"https:\/\/darkamazi.info\/file\/2026\/02\/Ocalan-Peyam-Sancar-info.jpg","datePublished":"2026-02-26T09:53:30+00:00","breadcrumb":{"@id":"https:\/\/darkamazi.info\/archives\/1051899#breadcrumb"},"inLanguage":"en-US","potentialAction":[{"@type":"ReadAction","target":["https:\/\/darkamazi.info\/archives\/1051899"]}]},{"@type":"ImageObject","inLanguage":"en-US","@id":"https:\/\/darkamazi.info\/archives\/1051899#primaryimage","url":"https:\/\/darkamazi.info\/file\/2026\/02\/Ocalan-Peyam-Sancar-info.jpg","contentUrl":"https:\/\/darkamazi.info\/file\/2026\/02\/Ocalan-Peyam-Sancar-info.jpg","width":900,"height":500,"caption":"Ocalan-Peyam-Sancar-net"},{"@type":"BreadcrumbList","@id":"https:\/\/darkamazi.info\/archives\/1051899#breadcrumb","itemListElement":[{"@type":"ListItem","position":1,"name":"Home","item":"https:\/\/darkamazi.info\/"},{"@type":"ListItem","position":2,"name":"Sibe peyama n\u00fb ya Ocalan t\u00ea ragihandin"}]},{"@type":"WebSite","@id":"https:\/\/darkamazi.info\/#website","url":"https:\/\/darkamazi.info\/","name":"Darka Maz\u00ee","description":"P\u00eageha Zanyariy\u00ean Nebih\u00eest\u00ee","publisher":{"@id":"https:\/\/darkamazi.info\/#organization"},"potentialAction":[{"@type":"SearchAction","target":{"@type":"EntryPoint","urlTemplate":"https:\/\/darkamazi.info\/?s={search_term_string}"},"query-input":{"@type":"PropertyValueSpecification","valueRequired":true,"valueName":"search_term_string"}}],"inLanguage":"en-US"},{"@type":"Organization","@id":"https:\/\/darkamazi.info\/#organization","name":"Darka Maz\u00ee","url":"https:\/\/darkamazi.info\/","logo":{"@type":"ImageObject","inLanguage":"en-US","@id":"https:\/\/darkamazi.info\/#\/schema\/logo\/image\/","url":"https:\/\/darkamazi.info\/file\/2017\/12\/darka-mazi-logo.png","contentUrl":"https:\/\/darkamazi.info\/file\/2017\/12\/darka-mazi-logo.png","width":151,"height":75,"caption":"Darka Maz\u00ee"},"image":{"@id":"https:\/\/darkamazi.info\/#\/schema\/logo\/image\/"},"sameAs":["https:\/\/www.facebook.com\/DarMaziKurmanci","https:\/\/x.com\/DarkaMaziLatini","https:\/\/www.instagram.com\/darkamazi.kurmanci\/","https:\/\/www.youtube.com\/channel\/UCa5HkTdmI8U1qCUFuTw8B2g"]},{"@type":"Person","@id":"https:\/\/darkamazi.info\/#\/schema\/person\/5ad3e24553a0567993fa8ed4bd0a776c","name":"darka mazi","sameAs":["https:\/\/darkamazi.info\/"],"url":"https:\/\/darkamazi.info\/archives\/author\/kurdi"}]}},"_links":{"self":[{"href":"https:\/\/darkamazi.info\/funavuv\/wp\/v2\/posts\/1051899","targetHints":{"allow":["GET"]}}],"collection":[{"href":"https:\/\/darkamazi.info\/funavuv\/wp\/v2\/posts"}],"about":[{"href":"https:\/\/darkamazi.info\/funavuv\/wp\/v2\/types\/post"}],"author":[{"embeddable":true,"href":"https:\/\/darkamazi.info\/funavuv\/wp\/v2\/users\/2"}],"replies":[{"embeddable":true,"href":"https:\/\/darkamazi.info\/funavuv\/wp\/v2\/comments?post=1051899"}],"version-history":[{"count":0,"href":"https:\/\/darkamazi.info\/funavuv\/wp\/v2\/posts\/1051899\/revisions"}],"wp:featuredmedia":[{"embeddable":true,"href":"https:\/\/darkamazi.info\/funavuv\/wp\/v2\/media\/1051900"}],"wp:attachment":[{"href":"https:\/\/darkamazi.info\/funavuv\/wp\/v2\/media?parent=1051899"}],"wp:term":[{"taxonomy":"category","embeddable":true,"href":"https:\/\/darkamazi.info\/funavuv\/wp\/v2\/categories?post=1051899"},{"taxonomy":"post_tag","embeddable":true,"href":"https:\/\/darkamazi.info\/funavuv\/wp\/v2\/tags?post=1051899"}],"curies":[{"name":"wp","href":"https:\/\/api.w.org\/{rel}","templated":true}]}}