{"id":1051902,"date":"2026-02-26T15:16:17","date_gmt":"2026-02-26T12:16:17","guid":{"rendered":"https:\/\/darkamazi.info\/?p=1051902"},"modified":"2026-02-26T15:16:17","modified_gmt":"2026-02-26T12:16:17","slug":"wezire-dade-ye-tirkiyeye-di-rapore-de-mafe-heviye-nine-efuya-gisti-cenabe","status":"publish","type":"post","link":"https:\/\/darkamazi.info\/archives\/1051902","title":{"rendered":"Wez\u00eer\u00ea Dad\u00ea y\u00ea Tirkiyey\u00ea: Di rapor\u00ea de maf\u00ea h\u00eaviy\u00ea n\u00eene, ef\u00fbya gi\u015ft\u00ee \u00e7\u00eanabe"},"content":{"rendered":"<h3 style=\"text-align: justify\"><span style=\"font-family: 'arial black', sans-serif\">Wez\u00eer\u00ea Dad\u00ea y\u00ea Tirkiyey\u00ea Akin Gurlek, li ser rapora Kom\u00eesyona Hevgirtina Ni\u015ftiman\u00ee, Birat\u00ee \u00fb Demokrasiy\u00ea ragihand ku di rapor\u00ea de gotina &#8220;maf\u00ea h\u00eaviy\u00ea&#8221; n\u00eene.<\/span><\/h3>\n<h3 style=\"text-align: justify\"><span style=\"font-family: arial, helvetica, sans-serif\">Gurlek got, &#8220;Ef\u00fbya gi\u015ft\u00ee yan j\u00ee r\u00eakxistineke taybet a ji bo kesek\u00ee nabe l\u00ea dibe ku di yasaya \u00eenfaz\u00ea \u00fb t\u00eako\u015f\u00eena li dij\u00ee teror\u00ea de guher\u00een b\u00ean kirin.&#8221;<\/span><\/h3>\n<h3 style=\"text-align: justify\"><span style=\"font-family: arial, helvetica, sans-serif\">Gurlek derbar\u00ea p\u00eavajoya hey\u00ee \u00fb rapora Kom\u00eesyona Hevgirtina Ni\u015ftiman\u00ee, Birat\u00ee \u00fb Demokrasiy\u00ea ya ku p\u00ea\u015fk\u00ea\u015f\u00ee Parlamentoy\u00ea hatib\u00fb kirin de daxuyan\u00ee dan.<\/span><\/h3>\n<h3 style=\"text-align: justify\"><span style=\"font-family: arial, helvetica, sans-serif\">Wez\u00eer\u00ea Dad\u00ea y\u00ea Tirkiyey\u00ea li ser &#8220;maf\u00ea h\u00eaviy\u00ea&#8221; ku di \u00e7ar\u00e7oveya p\u00eavajoy\u00ea de ji bo Abdullah Ocalan t\u00ea xwestin got: &#8220;Di rapor\u00ea de gotina maf\u00ea h\u00eaviy\u00ea n\u00eene. Ef\u00fbya gi\u015ft\u00ee yan j\u00ee r\u00eakxistineke taybet a ji bo kesek\u00ee nabe l\u00ea dibe ku di yasaya \u00eenfaz\u00ea \u00fb t\u00eako\u015f\u00eena li dij\u00ee teror\u00ea de guher\u00een b\u00ean kirin.&#8221;<\/span><\/h3>\n<h3 style=\"text-align: justify\"><span style=\"font-family: arial, helvetica, sans-serif\">Wez\u00eer\u00ea Dad\u00ea y\u00ea Tirkiyey\u00ea got: Xeta sereke li vir peyitandina \u00e7ekdan\u00een\u00ea \u00fb bidaw\u00eean\u00eena \u00e7alakiy\u00ean r\u00eaxistin\u00ea ye. Pi\u015ft\u00ee v\u00ea yek\u00ea Parlamento d\u00ea gav\u00ean yasay\u00ee biav\u00eaje.&#8221;<\/span><\/h3>\n","protected":false},"excerpt":{"rendered":"<p>Wez\u00eer\u00ea Dad\u00ea y\u00ea Tirkiyey\u00ea Akin Gurlek, li ser rapora Kom\u00eesyona Hevgirtina Ni\u015ftiman\u00ee, Birat\u00ee \u00fb Demokrasiy\u00ea ragihand ku di rapor\u00ea de gotina &#8220;maf\u00ea h\u00eaviy\u00ea&#8221; n\u00eene. Gurlek got, &#8220;Ef\u00fbya gi\u015ft\u00ee yan j\u00ee r\u00eakxistineke taybet a ji bo kesek\u00ee nabe l\u00ea dibe ku di yasaya \u00eenfaz\u00ea \u00fb t\u00eako\u015f\u00eena li dij\u00ee teror\u00ea de guher\u00een b\u00ean kirin.&#8221; Gurlek derbar\u00ea p\u00eavajoya [&hellip;]<\/p>\n","protected":false},"author":2,"featured_media":1051903,"comment_status":"closed","ping_status":"closed","sticky":false,"template":"","format":"standard","meta":{"footnotes":""},"categories":[31],"tags":[37],"class_list":["post-1051902","post","type-post","status-publish","format-standard","has-post-thumbnail","hentry","category-rojhelata-navin","tag-sereke"],"blocksy_meta":[],"seo_head":"<!-- This site is optimized with the Yoast SEO plugin v27.5 - https:\/\/yoast.com\/product\/yoast-seo-wordpress\/ -->\n<title>Wez\u00eer\u00ea Dad\u00ea y\u00ea Tirkiyey\u00ea: Di rapor\u00ea de maf\u00ea h\u00eaviy\u00ea n\u00eene, ef\u00fbya gi\u015ft\u00ee \u00e7\u00eanabe - Darka Maz\u00ee<\/title>\n<meta name=\"robots\" content=\"index, follow, max-snippet:-1, max-image-preview:large, max-video-preview:-1\" \/>\n<link rel=\"canonical\" href=\"https:\/\/darkamazi.info\/archives\/1051902\" \/>\n<meta property=\"og:locale\" content=\"en_US\" \/>\n<meta property=\"og:type\" content=\"article\" \/>\n<meta property=\"og:title\" content=\"Wez\u00eer\u00ea Dad\u00ea y\u00ea Tirkiyey\u00ea: Di rapor\u00ea de maf\u00ea h\u00eaviy\u00ea n\u00eene, ef\u00fbya gi\u015ft\u00ee \u00e7\u00eanabe - Darka Maz\u00ee\" \/>\n<meta property=\"og:description\" content=\"Wez\u00eer\u00ea Dad\u00ea y\u00ea Tirkiyey\u00ea Akin Gurlek, li ser rapora Kom\u00eesyona Hevgirtina Ni\u015ftiman\u00ee, Birat\u00ee \u00fb Demokrasiy\u00ea ragihand ku di rapor\u00ea de gotina &#8220;maf\u00ea h\u00eaviy\u00ea&#8221; n\u00eene. Gurlek got, &#8220;Ef\u00fbya gi\u015ft\u00ee yan j\u00ee r\u00eakxistineke taybet a ji bo kesek\u00ee nabe l\u00ea dibe ku di yasaya \u00eenfaz\u00ea \u00fb t\u00eako\u015f\u00eena li dij\u00ee teror\u00ea de guher\u00een b\u00ean kirin.&#8221; Gurlek derbar\u00ea p\u00eavajoya [&hellip;]\" \/>\n<meta property=\"og:url\" content=\"https:\/\/darkamazi.info\/archives\/1051902\" \/>\n<meta property=\"og:site_name\" content=\"Darka Maz\u00ee\" \/>\n<meta property=\"article:publisher\" content=\"https:\/\/www.facebook.com\/DarMaziKurmanci\" \/>\n<meta property=\"article:published_time\" content=\"2026-02-26T12:16:17+00:00\" \/>\n<meta property=\"og:image\" content=\"https:\/\/darkamazi.info\/file\/2026\/02\/Wezire-Dade-ye-Tirkiyeye-info.jpg\" \/>\n\t<meta property=\"og:image:width\" content=\"900\" \/>\n\t<meta property=\"og:image:height\" content=\"500\" \/>\n\t<meta property=\"og:image:type\" content=\"image\/jpeg\" \/>\n<meta name=\"author\" content=\"darka mazi\" \/>\n<meta name=\"twitter:card\" content=\"summary_large_image\" \/>\n<meta name=\"twitter:creator\" content=\"@DarkaMaziLatini\" \/>\n<meta name=\"twitter:site\" content=\"@DarkaMaziLatini\" \/>\n<meta name=\"twitter:label1\" content=\"Written by\" \/>\n\t<meta name=\"twitter:data1\" content=\"darka mazi\" \/>\n\t<meta name=\"twitter:label2\" content=\"Est. reading time\" \/>\n\t<meta name=\"twitter:data2\" content=\"1 minute\" \/>\n<script type=\"application\/ld+json\" class=\"seo-schema-graph\">{\"@context\":\"https:\\\/\\\/schema.org\",\"@graph\":[{\"@type\":\"Article\",\"@id\":\"https:\\\/\\\/darkamazi.info\\\/archives\\\/1051902#article\",\"isPartOf\":{\"@id\":\"https:\\\/\\\/darkamazi.info\\\/archives\\\/1051902\"},\"author\":{\"name\":\"darka mazi\",\"@id\":\"https:\\\/\\\/darkamazi.info\\\/#\\\/schema\\\/person\\\/5ad3e24553a0567993fa8ed4bd0a776c\"},\"headline\":\"Wez\u00eer\u00ea Dad\u00ea y\u00ea Tirkiyey\u00ea: Di rapor\u00ea de maf\u00ea h\u00eaviy\u00ea n\u00eene, ef\u00fbya gi\u015ft\u00ee \u00e7\u00eanabe\",\"datePublished\":\"2026-02-26T12:16:17+00:00\",\"mainEntityOfPage\":{\"@id\":\"https:\\\/\\\/darkamazi.info\\\/archives\\\/1051902\"},\"wordCount\":200,\"publisher\":{\"@id\":\"https:\\\/\\\/darkamazi.info\\\/#organization\"},\"image\":{\"@id\":\"https:\\\/\\\/darkamazi.info\\\/archives\\\/1051902#primaryimage\"},\"thumbnailUrl\":\"https:\\\/\\\/darkamazi.info\\\/darka-content\\\/uploads\\\/2026\\\/02\\\/Wezire-Dade-ye-Tirkiyeye-info.jpg\",\"keywords\":[\"sereke\"],\"articleSection\":[\"Rojhelata nav\u00een\"],\"inLanguage\":\"en-US\"},{\"@type\":\"WebPage\",\"@id\":\"https:\\\/\\\/darkamazi.info\\\/archives\\\/1051902\",\"url\":\"https:\\\/\\\/darkamazi.info\\\/archives\\\/1051902\",\"name\":\"Wez\u00eer\u00ea Dad\u00ea y\u00ea Tirkiyey\u00ea: Di rapor\u00ea de maf\u00ea h\u00eaviy\u00ea n\u00eene, ef\u00fbya gi\u015ft\u00ee \u00e7\u00eanabe - Darka Maz\u00ee\",\"isPartOf\":{\"@id\":\"https:\\\/\\\/darkamazi.info\\\/#website\"},\"primaryImageOfPage\":{\"@id\":\"https:\\\/\\\/darkamazi.info\\\/archives\\\/1051902#primaryimage\"},\"image\":{\"@id\":\"https:\\\/\\\/darkamazi.info\\\/archives\\\/1051902#primaryimage\"},\"thumbnailUrl\":\"https:\\\/\\\/darkamazi.info\\\/darka-content\\\/uploads\\\/2026\\\/02\\\/Wezire-Dade-ye-Tirkiyeye-info.jpg\",\"datePublished\":\"2026-02-26T12:16:17+00:00\",\"breadcrumb\":{\"@id\":\"https:\\\/\\\/darkamazi.info\\\/archives\\\/1051902#breadcrumb\"},\"inLanguage\":\"en-US\",\"potentialAction\":[{\"@type\":\"ReadAction\",\"target\":[\"https:\\\/\\\/darkamazi.info\\\/archives\\\/1051902\"]}]},{\"@type\":\"ImageObject\",\"inLanguage\":\"en-US\",\"@id\":\"https:\\\/\\\/darkamazi.info\\\/archives\\\/1051902#primaryimage\",\"url\":\"https:\\\/\\\/darkamazi.info\\\/darka-content\\\/uploads\\\/2026\\\/02\\\/Wezire-Dade-ye-Tirkiyeye-info.jpg\",\"contentUrl\":\"https:\\\/\\\/darkamazi.info\\\/darka-content\\\/uploads\\\/2026\\\/02\\\/Wezire-Dade-ye-Tirkiyeye-info.jpg\",\"width\":900,\"height\":500,\"caption\":\"Wez\u00eer\u00ea-Dad\u00ea-y\u00ea-Tirkiyey\u00ea-net\"},{\"@type\":\"BreadcrumbList\",\"@id\":\"https:\\\/\\\/darkamazi.info\\\/archives\\\/1051902#breadcrumb\",\"itemListElement\":[{\"@type\":\"ListItem\",\"position\":1,\"name\":\"Home\",\"item\":\"https:\\\/\\\/darkamazi.info\\\/\"},{\"@type\":\"ListItem\",\"position\":2,\"name\":\"Wez\u00eer\u00ea Dad\u00ea y\u00ea Tirkiyey\u00ea: Di rapor\u00ea de maf\u00ea h\u00eaviy\u00ea n\u00eene, ef\u00fbya gi\u015ft\u00ee \u00e7\u00eanabe\"}]},{\"@type\":\"WebSite\",\"@id\":\"https:\\\/\\\/darkamazi.info\\\/#website\",\"url\":\"https:\\\/\\\/darkamazi.info\\\/\",\"name\":\"Darka Maz\u00ee\",\"description\":\"P\u00eageha Zanyariy\u00ean Nebih\u00eest\u00ee\",\"publisher\":{\"@id\":\"https:\\\/\\\/darkamazi.info\\\/#organization\"},\"potentialAction\":[{\"@type\":\"SearchAction\",\"target\":{\"@type\":\"EntryPoint\",\"urlTemplate\":\"https:\\\/\\\/darkamazi.info\\\/?s={search_term_string}\"},\"query-input\":{\"@type\":\"PropertyValueSpecification\",\"valueRequired\":true,\"valueName\":\"search_term_string\"}}],\"inLanguage\":\"en-US\"},{\"@type\":\"Organization\",\"@id\":\"https:\\\/\\\/darkamazi.info\\\/#organization\",\"name\":\"Darka Maz\u00ee\",\"url\":\"https:\\\/\\\/darkamazi.info\\\/\",\"logo\":{\"@type\":\"ImageObject\",\"inLanguage\":\"en-US\",\"@id\":\"https:\\\/\\\/darkamazi.info\\\/#\\\/schema\\\/logo\\\/image\\\/\",\"url\":\"https:\\\/\\\/darkamazi.info\\\/darka-content\\\/uploads\\\/2017\\\/12\\\/darka-mazi-logo.png\",\"contentUrl\":\"https:\\\/\\\/darkamazi.info\\\/darka-content\\\/uploads\\\/2017\\\/12\\\/darka-mazi-logo.png\",\"width\":151,\"height\":75,\"caption\":\"Darka Maz\u00ee\"},\"image\":{\"@id\":\"https:\\\/\\\/darkamazi.info\\\/#\\\/schema\\\/logo\\\/image\\\/\"},\"sameAs\":[\"https:\\\/\\\/www.facebook.com\\\/DarMaziKurmanci\",\"https:\\\/\\\/x.com\\\/DarkaMaziLatini\",\"https:\\\/\\\/www.instagram.com\\\/darkamazi.kurmanci\\\/\",\"https:\\\/\\\/www.youtube.com\\\/channel\\\/UCa5HkTdmI8U1qCUFuTw8B2g\"]},{\"@type\":\"Person\",\"@id\":\"https:\\\/\\\/darkamazi.info\\\/#\\\/schema\\\/person\\\/5ad3e24553a0567993fa8ed4bd0a776c\",\"name\":\"darka mazi\",\"sameAs\":[\"https:\\\/\\\/darkamazi.info\\\/\"],\"url\":\"https:\\\/\\\/darkamazi.info\\\/archives\\\/author\\\/kurdi\"}]}<\/script>\n<!-- \/ Yoast SEO plugin. -->","seo_head_json":{"title":"Wez\u00eer\u00ea Dad\u00ea y\u00ea Tirkiyey\u00ea: Di rapor\u00ea de maf\u00ea h\u00eaviy\u00ea n\u00eene, ef\u00fbya gi\u015ft\u00ee \u00e7\u00eanabe - Darka Maz\u00ee","robots":{"index":"index","follow":"follow","max-snippet":"max-snippet:-1","max-image-preview":"max-image-preview:large","max-video-preview":"max-video-preview:-1"},"canonical":"https:\/\/darkamazi.info\/archives\/1051902","og_locale":"en_US","og_type":"article","og_title":"Wez\u00eer\u00ea Dad\u00ea y\u00ea Tirkiyey\u00ea: Di rapor\u00ea de maf\u00ea h\u00eaviy\u00ea n\u00eene, ef\u00fbya gi\u015ft\u00ee \u00e7\u00eanabe - Darka Maz\u00ee","og_description":"Wez\u00eer\u00ea Dad\u00ea y\u00ea Tirkiyey\u00ea Akin Gurlek, li ser rapora Kom\u00eesyona Hevgirtina Ni\u015ftiman\u00ee, Birat\u00ee \u00fb Demokrasiy\u00ea ragihand ku di rapor\u00ea de gotina &#8220;maf\u00ea h\u00eaviy\u00ea&#8221; n\u00eene. Gurlek got, &#8220;Ef\u00fbya gi\u015ft\u00ee yan j\u00ee r\u00eakxistineke taybet a ji bo kesek\u00ee nabe l\u00ea dibe ku di yasaya \u00eenfaz\u00ea \u00fb t\u00eako\u015f\u00eena li dij\u00ee teror\u00ea de guher\u00een b\u00ean kirin.&#8221; Gurlek derbar\u00ea p\u00eavajoya [&hellip;]","og_url":"https:\/\/darkamazi.info\/archives\/1051902","og_site_name":"Darka Maz\u00ee","article_publisher":"https:\/\/www.facebook.com\/DarMaziKurmanci","article_published_time":"2026-02-26T12:16:17+00:00","og_image":[{"width":900,"height":500,"url":"https:\/\/darkamazi.info\/file\/2026\/02\/Wezire-Dade-ye-Tirkiyeye-info.jpg","type":"image\/jpeg"}],"author":"darka mazi","twitter_card":"summary_large_image","twitter_creator":"@DarkaMaziLatini","twitter_site":"@DarkaMaziLatini","twitter_misc":{"Written by":"darka mazi","Est. reading time":"1 minute"},"schema":{"@context":"https:\/\/schema.org","@graph":[{"@type":"Article","@id":"https:\/\/darkamazi.info\/archives\/1051902#article","isPartOf":{"@id":"https:\/\/darkamazi.info\/archives\/1051902"},"author":{"name":"darka mazi","@id":"https:\/\/darkamazi.info\/#\/schema\/person\/5ad3e24553a0567993fa8ed4bd0a776c"},"headline":"Wez\u00eer\u00ea Dad\u00ea y\u00ea Tirkiyey\u00ea: Di rapor\u00ea de maf\u00ea h\u00eaviy\u00ea n\u00eene, ef\u00fbya gi\u015ft\u00ee \u00e7\u00eanabe","datePublished":"2026-02-26T12:16:17+00:00","mainEntityOfPage":{"@id":"https:\/\/darkamazi.info\/archives\/1051902"},"wordCount":200,"publisher":{"@id":"https:\/\/darkamazi.info\/#organization"},"image":{"@id":"https:\/\/darkamazi.info\/archives\/1051902#primaryimage"},"thumbnailUrl":"https:\/\/darkamazi.info\/file\/2026\/02\/Wezire-Dade-ye-Tirkiyeye-info.jpg","keywords":["sereke"],"articleSection":["Rojhelata nav\u00een"],"inLanguage":"en-US"},{"@type":"WebPage","@id":"https:\/\/darkamazi.info\/archives\/1051902","url":"https:\/\/darkamazi.info\/archives\/1051902","name":"Wez\u00eer\u00ea Dad\u00ea y\u00ea Tirkiyey\u00ea: Di rapor\u00ea de maf\u00ea h\u00eaviy\u00ea n\u00eene, ef\u00fbya gi\u015ft\u00ee \u00e7\u00eanabe - Darka Maz\u00ee","isPartOf":{"@id":"https:\/\/darkamazi.info\/#website"},"primaryImageOfPage":{"@id":"https:\/\/darkamazi.info\/archives\/1051902#primaryimage"},"image":{"@id":"https:\/\/darkamazi.info\/archives\/1051902#primaryimage"},"thumbnailUrl":"https:\/\/darkamazi.info\/file\/2026\/02\/Wezire-Dade-ye-Tirkiyeye-info.jpg","datePublished":"2026-02-26T12:16:17+00:00","breadcrumb":{"@id":"https:\/\/darkamazi.info\/archives\/1051902#breadcrumb"},"inLanguage":"en-US","potentialAction":[{"@type":"ReadAction","target":["https:\/\/darkamazi.info\/archives\/1051902"]}]},{"@type":"ImageObject","inLanguage":"en-US","@id":"https:\/\/darkamazi.info\/archives\/1051902#primaryimage","url":"https:\/\/darkamazi.info\/file\/2026\/02\/Wezire-Dade-ye-Tirkiyeye-info.jpg","contentUrl":"https:\/\/darkamazi.info\/file\/2026\/02\/Wezire-Dade-ye-Tirkiyeye-info.jpg","width":900,"height":500,"caption":"Wez\u00eer\u00ea-Dad\u00ea-y\u00ea-Tirkiyey\u00ea-net"},{"@type":"BreadcrumbList","@id":"https:\/\/darkamazi.info\/archives\/1051902#breadcrumb","itemListElement":[{"@type":"ListItem","position":1,"name":"Home","item":"https:\/\/darkamazi.info\/"},{"@type":"ListItem","position":2,"name":"Wez\u00eer\u00ea Dad\u00ea y\u00ea Tirkiyey\u00ea: Di rapor\u00ea de maf\u00ea h\u00eaviy\u00ea n\u00eene, ef\u00fbya gi\u015ft\u00ee \u00e7\u00eanabe"}]},{"@type":"WebSite","@id":"https:\/\/darkamazi.info\/#website","url":"https:\/\/darkamazi.info\/","name":"Darka Maz\u00ee","description":"P\u00eageha Zanyariy\u00ean Nebih\u00eest\u00ee","publisher":{"@id":"https:\/\/darkamazi.info\/#organization"},"potentialAction":[{"@type":"SearchAction","target":{"@type":"EntryPoint","urlTemplate":"https:\/\/darkamazi.info\/?s={search_term_string}"},"query-input":{"@type":"PropertyValueSpecification","valueRequired":true,"valueName":"search_term_string"}}],"inLanguage":"en-US"},{"@type":"Organization","@id":"https:\/\/darkamazi.info\/#organization","name":"Darka Maz\u00ee","url":"https:\/\/darkamazi.info\/","logo":{"@type":"ImageObject","inLanguage":"en-US","@id":"https:\/\/darkamazi.info\/#\/schema\/logo\/image\/","url":"https:\/\/darkamazi.info\/file\/2017\/12\/darka-mazi-logo.png","contentUrl":"https:\/\/darkamazi.info\/file\/2017\/12\/darka-mazi-logo.png","width":151,"height":75,"caption":"Darka Maz\u00ee"},"image":{"@id":"https:\/\/darkamazi.info\/#\/schema\/logo\/image\/"},"sameAs":["https:\/\/www.facebook.com\/DarMaziKurmanci","https:\/\/x.com\/DarkaMaziLatini","https:\/\/www.instagram.com\/darkamazi.kurmanci\/","https:\/\/www.youtube.com\/channel\/UCa5HkTdmI8U1qCUFuTw8B2g"]},{"@type":"Person","@id":"https:\/\/darkamazi.info\/#\/schema\/person\/5ad3e24553a0567993fa8ed4bd0a776c","name":"darka mazi","sameAs":["https:\/\/darkamazi.info\/"],"url":"https:\/\/darkamazi.info\/archives\/author\/kurdi"}]}},"_links":{"self":[{"href":"https:\/\/darkamazi.info\/funavuv\/wp\/v2\/posts\/1051902","targetHints":{"allow":["GET"]}}],"collection":[{"href":"https:\/\/darkamazi.info\/funavuv\/wp\/v2\/posts"}],"about":[{"href":"https:\/\/darkamazi.info\/funavuv\/wp\/v2\/types\/post"}],"author":[{"embeddable":true,"href":"https:\/\/darkamazi.info\/funavuv\/wp\/v2\/users\/2"}],"replies":[{"embeddable":true,"href":"https:\/\/darkamazi.info\/funavuv\/wp\/v2\/comments?post=1051902"}],"version-history":[{"count":0,"href":"https:\/\/darkamazi.info\/funavuv\/wp\/v2\/posts\/1051902\/revisions"}],"wp:featuredmedia":[{"embeddable":true,"href":"https:\/\/darkamazi.info\/funavuv\/wp\/v2\/media\/1051903"}],"wp:attachment":[{"href":"https:\/\/darkamazi.info\/funavuv\/wp\/v2\/media?parent=1051902"}],"wp:term":[{"taxonomy":"category","embeddable":true,"href":"https:\/\/darkamazi.info\/funavuv\/wp\/v2\/categories?post=1051902"},{"taxonomy":"post_tag","embeddable":true,"href":"https:\/\/darkamazi.info\/funavuv\/wp\/v2\/tags?post=1051902"}],"curies":[{"name":"wp","href":"https:\/\/api.w.org\/{rel}","templated":true}]}}